{"id":5805,"date":"2021-12-13T22:11:00","date_gmt":"2021-12-14T01:11:00","guid":{"rendered":"https:\/\/fadeu.urantiacos.cl\/?p=5805"},"modified":"2023-09-06T22:14:06","modified_gmt":"2023-09-07T01:14:06","slug":"universidad-catolica-y-municipio-de-villarrica-establecen-lazos-y-vinculos-de-cooperacion-mutua","status":"publish","type":"post","link":"https:\/\/fadeu.urantiacos.cl\/en\/2021\/12\/13\/universidad-catolica-y-municipio-de-villarrica-establecen-lazos-y-vinculos-de-cooperacion-mutua\/","title":{"rendered":"Universidad Cat\u00f3lica y municipio de Villarrica establecen lazos y v\u00ednculos de cooperaci\u00f3n mutua"},"content":{"rendered":"\n<figure class=\"wp-block-image size-full\"><img decoding=\"async\" width=\"350\" height=\"250\" src=\"https:\/\/fadeu.urantiacos.cl\/wp-content\/uploads\/2023\/09\/WEB_241232237_2006848352816606_1035573460181851108_n.jpg\" alt=\"\" class=\"wp-image-5806\" srcset=\"https:\/\/fadeu.urantiacos.cl\/wp-content\/uploads\/2023\/09\/WEB_241232237_2006848352816606_1035573460181851108_n.jpg 350w, https:\/\/fadeu.urantiacos.cl\/wp-content\/uploads\/2023\/09\/WEB_241232237_2006848352816606_1035573460181851108_n-300x214.jpg 300w\" sizes=\"(max-width: 350px) 100vw, 350px\" \/><\/figure>\n\n\n\n<p>Ilustre Municipalidad de Villarrica<\/p>\n\n\n\n<p>Ambas autoridades visitaron distintos espacios de desarrollo proyectual, entre ellos un Parque Sustentable, en el sector de Put\u00fae &#8220;El Hoy\u00f3n&#8221;, con objeto de transformarlo en un lugar de conservaci\u00f3n ecol\u00f3gica, incorporando el paisaje, la cultura, el patrimonio y medio ambiente.<\/p>\n\n\n\n<p>Adem\u00e1s, seg\u00fan se indic\u00f3 desde el municipio, recorrieron el sector Copa de Agua en la Segunda Faja, donde se vislumbra tambi\u00e9n una intervenci\u00f3n que conecte con la ciudad. &#8220;Hacia donde mires ves paisaje, recorrimos en terreno junto al alcalde varios lugares donde se pueden construir parques integrados con la comunidad, lugares atractivos para sus habitantes, peque\u00f1os parques tambi\u00e9n, asociados a actividades deportivas, recreativas, conectadas con el entorno, el paisaje y cultura&#8221;, se\u00f1al\u00f3 el Decano Ubilla.<\/p>\n\n\n\n<p>El alcalde Vergara, quien valor\u00f3 esta instancia, afirm\u00f3 que Villarrica \u201ces una ciudad que crece mucho y ese crecimiento debe ser de manera ordenada, hay extensiones donde debemos hacer parques, tanto para el deporte, la recreaci\u00f3n y la tercera edad, con el apoyo p\u00fablico &#8211; privado, por lo que estamos muy contentos de generar esta alianza que incorpora la participaci\u00f3n de estudiantes de la carrera de Arquitectura para el desarrollo de estos proyectos&#8221;.<\/p>\n\n\n\n<p>\u201cSi bien hemos trabajado en la comuna y la conocemos desde hace tiempo, la idea fue conocer en el terreno las posibilidades de desarrollo proyectual, para un futuro parque urbano en la zona del camino hacia Loncoche, que se vincule con servicios y que sea tem\u00e1tico, con elementos atractivos para la comunidad, proyectos de vivienda para adultos mayores, centros de eventos y otros\u201d, agreg\u00f3 Ubilla.<\/p>\n\n\n\n<p>La instancia responde a la permanente preocupaci\u00f3n de la Facultad de Arquitectura, Dise\u00f1o y Estudios Urbanos de la Universidad Cat\u00f3lica por vincularse a los territorios del pa\u00eds, para aportar en materias propias de la arquitectura, el dise\u00f1o y la planificaci\u00f3n, y retroalimentarse de las distintas realidades locales para una colaboraci\u00f3n mutua. Esto con el objetivo de que tanto estudiantes como investigadores, se vinculen con las localidades desde la praxis, colaborando con nuevo conocimiento al desarrollo de iniciativas que permitan incidir positivamente en la calidad de vida de las personas.<\/p>\n\n\n\n<p>Se espera para el corto plazo la concreci\u00f3n de un Convenio de Colaboraci\u00f3n entre ambas partes para formalizar todo lo conversado y para la futura ejecuci\u00f3n de proyectos y planes que permitan realizar procesos efectivos de transferencia.<\/p>\n\n\n\n<p><strong><em>Fuente: Ilustre Municipalidad de Villarrica<\/em><\/strong><\/p>\n","protected":false},"excerpt":{"rendered":"<p>Una serie de actividades llevaron a cabo en Villarrica el Decano de la Facultad de Arquitectura, Dise\u00f1o y Estudios Urbanos de la Universidad Cat\u00f3lica, Mario Ubilla, y el alcalde de la misma ciudad, Germ\u00e1n Vergara, con miras a la concreci\u00f3n de un futuro convenio de colaboraci\u00f3n que abarque tem\u00e1ticas medioambientales, conservaci\u00f3n ecol\u00f3gico patrimonial, cultura e identidad arquitect\u00f3nica.<\/p>\n","protected":false},"author":1,"featured_media":5806,"comment_status":"open","ping_status":"open","sticky":false,"template":"","format":"standard","meta":{"_acf_changed":false,"footnotes":""},"categories":[1],"tags":[],"class_list":["post-5805","post","type-post","status-publish","format-standard","has-post-thumbnail","hentry","category-sin-categorizar"],"acf":[],"yoast_head":"<!-- This site is optimized with the Yoast SEO plugin v27.1.1 - https:\/\/yoast.com\/product\/yoast-seo-wordpress\/ -->\n<title>Universidad Cat\u00f3lica y municipio de Villarrica establecen lazos y v\u00ednculos de cooperaci\u00f3n mutua - Facultad de Arquitectura, Dise\u00f1o y Estudios Urbanos<\/title>\n<meta name=\"description\" content=\"Una serie de actividades llevaron a cabo en Villarrica el Decano de la Facultad de Arquitectura, Dise\u00f1o y Estudios Urbanos de la Universidad Cat\u00f3lica, Mario Ubilla, y el alcalde de la misma ciudad, Germ\u00e1n Vergara, con miras a la concreci\u00f3n de un futuro convenio de colaboraci\u00f3n que abarque tem\u00e1ticas medioambientales, conservaci\u00f3n ecol\u00f3gico patrimonial, cultura e identidad arquitect\u00f3nica.\" \/>\n<meta name=\"robots\" content=\"index, follow, max-snippet:-1, max-image-preview:large, max-video-preview:-1\" \/>\n<link rel=\"canonical\" href=\"https:\/\/fadeu.urantiacos.cl\/en\/2021\/12\/13\/universidad-catolica-y-municipio-de-villarrica-establecen-lazos-y-vinculos-de-cooperacion-mutua\/\" \/>\n<meta property=\"og:locale\" content=\"en_US\" \/>\n<meta property=\"og:type\" content=\"article\" \/>\n<meta property=\"og:title\" content=\"Universidad Cat\u00f3lica y municipio de Villarrica establecen lazos y v\u00ednculos de cooperaci\u00f3n mutua - Facultad de Arquitectura, Dise\u00f1o y Estudios Urbanos\" \/>\n<meta property=\"og:description\" content=\"Una serie de actividades llevaron a cabo en Villarrica el Decano de la Facultad de Arquitectura, Dise\u00f1o y Estudios Urbanos de la Universidad Cat\u00f3lica, Mario Ubilla, y el alcalde de la misma ciudad, Germ\u00e1n Vergara, con miras a la concreci\u00f3n de un futuro convenio de colaboraci\u00f3n que abarque tem\u00e1ticas medioambientales, conservaci\u00f3n ecol\u00f3gico patrimonial, cultura e identidad arquitect\u00f3nica.\" \/>\n<meta property=\"og:url\" content=\"https:\/\/fadeu.urantiacos.cl\/en\/2021\/12\/13\/universidad-catolica-y-municipio-de-villarrica-establecen-lazos-y-vinculos-de-cooperacion-mutua\/\" \/>\n<meta property=\"og:site_name\" content=\"Facultad de Arquitectura, Dise\u00f1o y Estudios Urbanos\" \/>\n<meta property=\"article:published_time\" content=\"2021-12-14T01:11:00+00:00\" \/>\n<meta property=\"article:modified_time\" content=\"2023-09-07T01:14:06+00:00\" \/>\n<meta property=\"og:image\" content=\"https:\/\/fadeu.urantiacos.cl\/wp-content\/uploads\/2023\/09\/WEB_241232237_2006848352816606_1035573460181851108_n.jpg\" \/>\n\t<meta property=\"og:image:width\" content=\"350\" \/>\n\t<meta property=\"og:image:height\" content=\"250\" \/>\n\t<meta property=\"og:image:type\" content=\"image\/jpeg\" \/>\n<meta name=\"author\" content=\"manadmin\" \/>\n<meta name=\"twitter:card\" content=\"summary_large_image\" \/>\n<meta name=\"twitter:label1\" content=\"Written by\" \/>\n\t<meta name=\"twitter:data1\" content=\"manadmin\" \/>\n\t<meta name=\"twitter:label2\" content=\"Est. reading time\" \/>\n\t<meta name=\"twitter:data2\" content=\"2 minutes\" \/>\n<script type=\"application\/ld+json\" class=\"yoast-schema-graph\">{\"@context\":\"https:\/\/schema.org\",\"@graph\":[{\"@type\":\"Article\",\"@id\":\"https:\/\/fadeu.urantiacos.cl\/en\/2021\/12\/13\/universidad-catolica-y-municipio-de-villarrica-establecen-lazos-y-vinculos-de-cooperacion-mutua\/#article\",\"isPartOf\":{\"@id\":\"https:\/\/fadeu.urantiacos.cl\/en\/2021\/12\/13\/universidad-catolica-y-municipio-de-villarrica-establecen-lazos-y-vinculos-de-cooperacion-mutua\/\"},\"author\":{\"name\":\"manadmin\",\"@id\":\"https:\/\/fadeu.urantiacos.cl\/en\/#\/schema\/person\/d203e2e84b1c40275eac77b3061a19a2\"},\"headline\":\"Universidad Cat\u00f3lica y municipio de Villarrica establecen lazos y v\u00ednculos de cooperaci\u00f3n mutua\",\"datePublished\":\"2021-12-14T01:11:00+00:00\",\"dateModified\":\"2023-09-07T01:14:06+00:00\",\"mainEntityOfPage\":{\"@id\":\"https:\/\/fadeu.urantiacos.cl\/en\/2021\/12\/13\/universidad-catolica-y-municipio-de-villarrica-establecen-lazos-y-vinculos-de-cooperacion-mutua\/\"},\"wordCount\":429,\"commentCount\":0,\"image\":{\"@id\":\"https:\/\/fadeu.urantiacos.cl\/en\/2021\/12\/13\/universidad-catolica-y-municipio-de-villarrica-establecen-lazos-y-vinculos-de-cooperacion-mutua\/#primaryimage\"},\"thumbnailUrl\":\"https:\/\/fadeu.urantiacos.cl\/wp-content\/uploads\/2023\/09\/WEB_241232237_2006848352816606_1035573460181851108_n.jpg\",\"articleSection\":[\"Sin categorizar\"],\"inLanguage\":\"en-US\",\"potentialAction\":[{\"@type\":\"CommentAction\",\"name\":\"Comment\",\"target\":[\"https:\/\/fadeu.urantiacos.cl\/en\/2021\/12\/13\/universidad-catolica-y-municipio-de-villarrica-establecen-lazos-y-vinculos-de-cooperacion-mutua\/#respond\"]}]},{\"@type\":\"WebPage\",\"@id\":\"https:\/\/fadeu.urantiacos.cl\/en\/2021\/12\/13\/universidad-catolica-y-municipio-de-villarrica-establecen-lazos-y-vinculos-de-cooperacion-mutua\/\",\"url\":\"https:\/\/fadeu.urantiacos.cl\/en\/2021\/12\/13\/universidad-catolica-y-municipio-de-villarrica-establecen-lazos-y-vinculos-de-cooperacion-mutua\/\",\"name\":\"Universidad Cat\u00f3lica y municipio de Villarrica establecen lazos y v\u00ednculos de cooperaci\u00f3n mutua - Facultad de Arquitectura, Dise\u00f1o y Estudios Urbanos\",\"isPartOf\":{\"@id\":\"https:\/\/fadeu.urantiacos.cl\/en\/#website\"},\"primaryImageOfPage\":{\"@id\":\"https:\/\/fadeu.urantiacos.cl\/en\/2021\/12\/13\/universidad-catolica-y-municipio-de-villarrica-establecen-lazos-y-vinculos-de-cooperacion-mutua\/#primaryimage\"},\"image\":{\"@id\":\"https:\/\/fadeu.urantiacos.cl\/en\/2021\/12\/13\/universidad-catolica-y-municipio-de-villarrica-establecen-lazos-y-vinculos-de-cooperacion-mutua\/#primaryimage\"},\"thumbnailUrl\":\"https:\/\/fadeu.urantiacos.cl\/wp-content\/uploads\/2023\/09\/WEB_241232237_2006848352816606_1035573460181851108_n.jpg\",\"datePublished\":\"2021-12-14T01:11:00+00:00\",\"dateModified\":\"2023-09-07T01:14:06+00:00\",\"author\":{\"@id\":\"https:\/\/fadeu.urantiacos.cl\/en\/#\/schema\/person\/d203e2e84b1c40275eac77b3061a19a2\"},\"description\":\"Una serie de actividades llevaron a cabo en Villarrica el Decano de la Facultad de Arquitectura, Dise\u00f1o y Estudios Urbanos de la Universidad Cat\u00f3lica, Mario Ubilla, y el alcalde de la misma ciudad, Germ\u00e1n Vergara, con miras a la concreci\u00f3n de un futuro convenio de colaboraci\u00f3n que abarque tem\u00e1ticas medioambientales, conservaci\u00f3n ecol\u00f3gico patrimonial, cultura e identidad arquitect\u00f3nica.\",\"breadcrumb\":{\"@id\":\"https:\/\/fadeu.urantiacos.cl\/en\/2021\/12\/13\/universidad-catolica-y-municipio-de-villarrica-establecen-lazos-y-vinculos-de-cooperacion-mutua\/#breadcrumb\"},\"inLanguage\":\"en-US\",\"potentialAction\":[{\"@type\":\"ReadAction\",\"target\":[\"https:\/\/fadeu.urantiacos.cl\/en\/2021\/12\/13\/universidad-catolica-y-municipio-de-villarrica-establecen-lazos-y-vinculos-de-cooperacion-mutua\/\"]}]},{\"@type\":\"ImageObject\",\"inLanguage\":\"en-US\",\"@id\":\"https:\/\/fadeu.urantiacos.cl\/en\/2021\/12\/13\/universidad-catolica-y-municipio-de-villarrica-establecen-lazos-y-vinculos-de-cooperacion-mutua\/#primaryimage\",\"url\":\"https:\/\/fadeu.urantiacos.cl\/wp-content\/uploads\/2023\/09\/WEB_241232237_2006848352816606_1035573460181851108_n.jpg\",\"contentUrl\":\"https:\/\/fadeu.urantiacos.cl\/wp-content\/uploads\/2023\/09\/WEB_241232237_2006848352816606_1035573460181851108_n.jpg\",\"width\":350,\"height\":250},{\"@type\":\"BreadcrumbList\",\"@id\":\"https:\/\/fadeu.urantiacos.cl\/en\/2021\/12\/13\/universidad-catolica-y-municipio-de-villarrica-establecen-lazos-y-vinculos-de-cooperacion-mutua\/#breadcrumb\",\"itemListElement\":[{\"@type\":\"ListItem\",\"position\":1,\"name\":\"Portada\",\"item\":\"https:\/\/fadeu.urantiacos.cl\/en\/\"},{\"@type\":\"ListItem\",\"position\":2,\"name\":\"Universidad Cat\u00f3lica y municipio de Villarrica establecen lazos y v\u00ednculos de cooperaci\u00f3n mutua\"}]},{\"@type\":\"WebSite\",\"@id\":\"https:\/\/fadeu.urantiacos.cl\/en\/#website\",\"url\":\"https:\/\/fadeu.urantiacos.cl\/en\/\",\"name\":\"Facultad de Arquitectura, Dise\u00f1o y Estudios Urbanos\",\"description\":\"Campus Lo Contador\",\"potentialAction\":[{\"@type\":\"SearchAction\",\"target\":{\"@type\":\"EntryPoint\",\"urlTemplate\":\"https:\/\/fadeu.urantiacos.cl\/en\/?s={search_term_string}\"},\"query-input\":{\"@type\":\"PropertyValueSpecification\",\"valueRequired\":true,\"valueName\":\"search_term_string\"}}],\"inLanguage\":\"en-US\"},{\"@type\":\"Person\",\"@id\":\"https:\/\/fadeu.urantiacos.cl\/en\/#\/schema\/person\/d203e2e84b1c40275eac77b3061a19a2\",\"name\":\"manadmin\",\"image\":{\"@type\":\"ImageObject\",\"inLanguage\":\"en-US\",\"@id\":\"https:\/\/fadeu.urantiacos.cl\/en\/#\/schema\/person\/image\/\",\"url\":\"https:\/\/secure.gravatar.com\/avatar\/4b1d8e3303b4a9d8968ac578947d8bc80d9aea359f388cdd4aac15cadc0e8447?s=96&d=mm&r=g\",\"contentUrl\":\"https:\/\/secure.gravatar.com\/avatar\/4b1d8e3303b4a9d8968ac578947d8bc80d9aea359f388cdd4aac15cadc0e8447?s=96&d=mm&r=g\",\"caption\":\"manadmin\"},\"sameAs\":[\"https:\/\/fadeu.urantiacos.cl\"]}]}<\/script>\n<!-- \/ Yoast SEO plugin. -->","yoast_head_json":{"title":"Universidad Cat\u00f3lica y municipio de Villarrica establecen lazos y v\u00ednculos de cooperaci\u00f3n mutua - Facultad de Arquitectura, Dise\u00f1o y Estudios Urbanos","description":"Una serie de actividades llevaron a cabo en Villarrica el Decano de la Facultad de Arquitectura, Dise\u00f1o y Estudios Urbanos de la Universidad Cat\u00f3lica, Mario Ubilla, y el alcalde de la misma ciudad, Germ\u00e1n Vergara, con miras a la concreci\u00f3n de un futuro convenio de colaboraci\u00f3n que abarque tem\u00e1ticas medioambientales, conservaci\u00f3n ecol\u00f3gico patrimonial, cultura e identidad arquitect\u00f3nica.","robots":{"index":"index","follow":"follow","max-snippet":"max-snippet:-1","max-image-preview":"max-image-preview:large","max-video-preview":"max-video-preview:-1"},"canonical":"https:\/\/fadeu.urantiacos.cl\/en\/2021\/12\/13\/universidad-catolica-y-municipio-de-villarrica-establecen-lazos-y-vinculos-de-cooperacion-mutua\/","og_locale":"en_US","og_type":"article","og_title":"Universidad Cat\u00f3lica y municipio de Villarrica establecen lazos y v\u00ednculos de cooperaci\u00f3n mutua - Facultad de Arquitectura, Dise\u00f1o y Estudios Urbanos","og_description":"Una serie de actividades llevaron a cabo en Villarrica el Decano de la Facultad de Arquitectura, Dise\u00f1o y Estudios Urbanos de la Universidad Cat\u00f3lica, Mario Ubilla, y el alcalde de la misma ciudad, Germ\u00e1n Vergara, con miras a la concreci\u00f3n de un futuro convenio de colaboraci\u00f3n que abarque tem\u00e1ticas medioambientales, conservaci\u00f3n ecol\u00f3gico patrimonial, cultura e identidad arquitect\u00f3nica.","og_url":"https:\/\/fadeu.urantiacos.cl\/en\/2021\/12\/13\/universidad-catolica-y-municipio-de-villarrica-establecen-lazos-y-vinculos-de-cooperacion-mutua\/","og_site_name":"Facultad de Arquitectura, Dise\u00f1o y Estudios Urbanos","article_published_time":"2021-12-14T01:11:00+00:00","article_modified_time":"2023-09-07T01:14:06+00:00","og_image":[{"width":350,"height":250,"url":"https:\/\/fadeu.urantiacos.cl\/wp-content\/uploads\/2023\/09\/WEB_241232237_2006848352816606_1035573460181851108_n.jpg","type":"image\/jpeg"}],"author":"manadmin","twitter_card":"summary_large_image","twitter_misc":{"Written by":"manadmin","Est. reading time":"2 minutes"},"schema":{"@context":"https:\/\/schema.org","@graph":[{"@type":"Article","@id":"https:\/\/fadeu.urantiacos.cl\/en\/2021\/12\/13\/universidad-catolica-y-municipio-de-villarrica-establecen-lazos-y-vinculos-de-cooperacion-mutua\/#article","isPartOf":{"@id":"https:\/\/fadeu.urantiacos.cl\/en\/2021\/12\/13\/universidad-catolica-y-municipio-de-villarrica-establecen-lazos-y-vinculos-de-cooperacion-mutua\/"},"author":{"name":"manadmin","@id":"https:\/\/fadeu.urantiacos.cl\/en\/#\/schema\/person\/d203e2e84b1c40275eac77b3061a19a2"},"headline":"Universidad Cat\u00f3lica y municipio de Villarrica establecen lazos y v\u00ednculos de cooperaci\u00f3n mutua","datePublished":"2021-12-14T01:11:00+00:00","dateModified":"2023-09-07T01:14:06+00:00","mainEntityOfPage":{"@id":"https:\/\/fadeu.urantiacos.cl\/en\/2021\/12\/13\/universidad-catolica-y-municipio-de-villarrica-establecen-lazos-y-vinculos-de-cooperacion-mutua\/"},"wordCount":429,"commentCount":0,"image":{"@id":"https:\/\/fadeu.urantiacos.cl\/en\/2021\/12\/13\/universidad-catolica-y-municipio-de-villarrica-establecen-lazos-y-vinculos-de-cooperacion-mutua\/#primaryimage"},"thumbnailUrl":"https:\/\/fadeu.urantiacos.cl\/wp-content\/uploads\/2023\/09\/WEB_241232237_2006848352816606_1035573460181851108_n.jpg","articleSection":["Sin categorizar"],"inLanguage":"en-US","potentialAction":[{"@type":"CommentAction","name":"Comment","target":["https:\/\/fadeu.urantiacos.cl\/en\/2021\/12\/13\/universidad-catolica-y-municipio-de-villarrica-establecen-lazos-y-vinculos-de-cooperacion-mutua\/#respond"]}]},{"@type":"WebPage","@id":"https:\/\/fadeu.urantiacos.cl\/en\/2021\/12\/13\/universidad-catolica-y-municipio-de-villarrica-establecen-lazos-y-vinculos-de-cooperacion-mutua\/","url":"https:\/\/fadeu.urantiacos.cl\/en\/2021\/12\/13\/universidad-catolica-y-municipio-de-villarrica-establecen-lazos-y-vinculos-de-cooperacion-mutua\/","name":"Universidad Cat\u00f3lica y municipio de Villarrica establecen lazos y v\u00ednculos de cooperaci\u00f3n mutua - Facultad de Arquitectura, Dise\u00f1o y Estudios Urbanos","isPartOf":{"@id":"https:\/\/fadeu.urantiacos.cl\/en\/#website"},"primaryImageOfPage":{"@id":"https:\/\/fadeu.urantiacos.cl\/en\/2021\/12\/13\/universidad-catolica-y-municipio-de-villarrica-establecen-lazos-y-vinculos-de-cooperacion-mutua\/#primaryimage"},"image":{"@id":"https:\/\/fadeu.urantiacos.cl\/en\/2021\/12\/13\/universidad-catolica-y-municipio-de-villarrica-establecen-lazos-y-vinculos-de-cooperacion-mutua\/#primaryimage"},"thumbnailUrl":"https:\/\/fadeu.urantiacos.cl\/wp-content\/uploads\/2023\/09\/WEB_241232237_2006848352816606_1035573460181851108_n.jpg","datePublished":"2021-12-14T01:11:00+00:00","dateModified":"2023-09-07T01:14:06+00:00","author":{"@id":"https:\/\/fadeu.urantiacos.cl\/en\/#\/schema\/person\/d203e2e84b1c40275eac77b3061a19a2"},"description":"Una serie de actividades llevaron a cabo en Villarrica el Decano de la Facultad de Arquitectura, Dise\u00f1o y Estudios Urbanos de la Universidad Cat\u00f3lica, Mario Ubilla, y el alcalde de la misma ciudad, Germ\u00e1n Vergara, con miras a la concreci\u00f3n de un futuro convenio de colaboraci\u00f3n que abarque tem\u00e1ticas medioambientales, conservaci\u00f3n ecol\u00f3gico patrimonial, cultura e identidad arquitect\u00f3nica.","breadcrumb":{"@id":"https:\/\/fadeu.urantiacos.cl\/en\/2021\/12\/13\/universidad-catolica-y-municipio-de-villarrica-establecen-lazos-y-vinculos-de-cooperacion-mutua\/#breadcrumb"},"inLanguage":"en-US","potentialAction":[{"@type":"ReadAction","target":["https:\/\/fadeu.urantiacos.cl\/en\/2021\/12\/13\/universidad-catolica-y-municipio-de-villarrica-establecen-lazos-y-vinculos-de-cooperacion-mutua\/"]}]},{"@type":"ImageObject","inLanguage":"en-US","@id":"https:\/\/fadeu.urantiacos.cl\/en\/2021\/12\/13\/universidad-catolica-y-municipio-de-villarrica-establecen-lazos-y-vinculos-de-cooperacion-mutua\/#primaryimage","url":"https:\/\/fadeu.urantiacos.cl\/wp-content\/uploads\/2023\/09\/WEB_241232237_2006848352816606_1035573460181851108_n.jpg","contentUrl":"https:\/\/fadeu.urantiacos.cl\/wp-content\/uploads\/2023\/09\/WEB_241232237_2006848352816606_1035573460181851108_n.jpg","width":350,"height":250},{"@type":"BreadcrumbList","@id":"https:\/\/fadeu.urantiacos.cl\/en\/2021\/12\/13\/universidad-catolica-y-municipio-de-villarrica-establecen-lazos-y-vinculos-de-cooperacion-mutua\/#breadcrumb","itemListElement":[{"@type":"ListItem","position":1,"name":"Portada","item":"https:\/\/fadeu.urantiacos.cl\/en\/"},{"@type":"ListItem","position":2,"name":"Universidad Cat\u00f3lica y municipio de Villarrica establecen lazos y v\u00ednculos de cooperaci\u00f3n mutua"}]},{"@type":"WebSite","@id":"https:\/\/fadeu.urantiacos.cl\/en\/#website","url":"https:\/\/fadeu.urantiacos.cl\/en\/","name":"Facultad de Arquitectura, Dise\u00f1o y Estudios Urbanos","description":"Campus Lo Contador","potentialAction":[{"@type":"SearchAction","target":{"@type":"EntryPoint","urlTemplate":"https:\/\/fadeu.urantiacos.cl\/en\/?s={search_term_string}"},"query-input":{"@type":"PropertyValueSpecification","valueRequired":true,"valueName":"search_term_string"}}],"inLanguage":"en-US"},{"@type":"Person","@id":"https:\/\/fadeu.urantiacos.cl\/en\/#\/schema\/person\/d203e2e84b1c40275eac77b3061a19a2","name":"manadmin","image":{"@type":"ImageObject","inLanguage":"en-US","@id":"https:\/\/fadeu.urantiacos.cl\/en\/#\/schema\/person\/image\/","url":"https:\/\/secure.gravatar.com\/avatar\/4b1d8e3303b4a9d8968ac578947d8bc80d9aea359f388cdd4aac15cadc0e8447?s=96&d=mm&r=g","contentUrl":"https:\/\/secure.gravatar.com\/avatar\/4b1d8e3303b4a9d8968ac578947d8bc80d9aea359f388cdd4aac15cadc0e8447?s=96&d=mm&r=g","caption":"manadmin"},"sameAs":["https:\/\/fadeu.urantiacos.cl"]}]}},"_links":{"self":[{"href":"https:\/\/fadeu.urantiacos.cl\/en\/wp-json\/wp\/v2\/posts\/5805","targetHints":{"allow":["GET"]}}],"collection":[{"href":"https:\/\/fadeu.urantiacos.cl\/en\/wp-json\/wp\/v2\/posts"}],"about":[{"href":"https:\/\/fadeu.urantiacos.cl\/en\/wp-json\/wp\/v2\/types\/post"}],"author":[{"embeddable":true,"href":"https:\/\/fadeu.urantiacos.cl\/en\/wp-json\/wp\/v2\/users\/1"}],"replies":[{"embeddable":true,"href":"https:\/\/fadeu.urantiacos.cl\/en\/wp-json\/wp\/v2\/comments?post=5805"}],"version-history":[{"count":1,"href":"https:\/\/fadeu.urantiacos.cl\/en\/wp-json\/wp\/v2\/posts\/5805\/revisions"}],"predecessor-version":[{"id":5807,"href":"https:\/\/fadeu.urantiacos.cl\/en\/wp-json\/wp\/v2\/posts\/5805\/revisions\/5807"}],"wp:featuredmedia":[{"embeddable":true,"href":"https:\/\/fadeu.urantiacos.cl\/en\/wp-json\/wp\/v2\/media\/5806"}],"wp:attachment":[{"href":"https:\/\/fadeu.urantiacos.cl\/en\/wp-json\/wp\/v2\/media?parent=5805"}],"wp:term":[{"taxonomy":"category","embeddable":true,"href":"https:\/\/fadeu.urantiacos.cl\/en\/wp-json\/wp\/v2\/categories?post=5805"},{"taxonomy":"post_tag","embeddable":true,"href":"https:\/\/fadeu.urantiacos.cl\/en\/wp-json\/wp\/v2\/tags?post=5805"}],"curies":[{"name":"wp","href":"https:\/\/api.w.org\/{rel}","templated":true}]}}