{"id":5792,"date":"2021-12-14T22:05:00","date_gmt":"2021-12-15T01:05:00","guid":{"rendered":"https:\/\/fadeu.urantiacos.cl\/?p=5792"},"modified":"2023-09-06T22:07:22","modified_gmt":"2023-09-07T01:07:22","slug":"profesores-macarena-cortes-y-horacio-torrent-expusieron-en-las-jornadas-ocio-y-negocio-historia-del-arte-y-la-arquitectura","status":"publish","type":"post","link":"https:\/\/fadeu.urantiacos.cl\/en\/2021\/12\/14\/profesores-macarena-cortes-y-horacio-torrent-expusieron-en-las-jornadas-ocio-y-negocio-historia-del-arte-y-la-arquitectura\/","title":{"rendered":"Profesores Macarena Cort\u00e9s y Horacio Torrent expusieron en las Jornadas \u201cOcio y Negocio, Historia del Arte y la Arquitectura\u201d"},"content":{"rendered":"\n<figure class=\"wp-block-image size-full\"><img decoding=\"async\" width=\"350\" height=\"250\" src=\"https:\/\/fadeu.urantiacos.cl\/wp-content\/uploads\/2023\/09\/Noticias_2_WEB.png\" alt=\"\" class=\"wp-image-5793\" srcset=\"https:\/\/fadeu.urantiacos.cl\/wp-content\/uploads\/2023\/09\/Noticias_2_WEB.png 350w, https:\/\/fadeu.urantiacos.cl\/wp-content\/uploads\/2023\/09\/Noticias_2_WEB-300x214.png 300w\" sizes=\"(max-width: 350px) 100vw, 350px\" \/><\/figure>\n\n\n\n<p>\u201cEquipamiento, Turismo y Paisaje: Modificaciones en la concepci\u00f3n arquitect\u00f3nica hotelera en Chile\u201d, fue el t\u00edtulo de la ponencia de la profesora Cort\u00e9s, mientras que el profesor Torrent present\u00f3 \u201cArquitecturas para el turismo como estrategia de desarrollo. Hoteles en Arica, Chile 1950 \u2013 1960\u201d.<\/p>\n\n\n\n<p><strong>Contexto<\/strong><\/p>\n\n\n\n<p>Tras la Segunda Guerra Mundial las naciones triunfantes pretendieron ejercer una hegemon\u00eda geopol\u00edtica y econ\u00f3mica sobre sus territorios de influencia. A fines de la d\u00e9cada de los cuarenta, en el contexto de la reactivaci\u00f3n de las deterioradas econom\u00edas tanto locales como globales, surge un turismo masivo de negocios y ocio, promovido desde los Estados Unidos. Para ello, las comunicaciones y los medios de transporte fueron cruciales, as\u00ed como la creaci\u00f3n de imaginarios a trav\u00e9s de la publicidad que cobijara al potencial usuario de seguridad y diversi\u00f3n \u201cex\u00f3tica\u201d. En respuesta a estas necesidades se crearon una serie de hoteles asentados en lugares hoy emblem\u00e1ticos, en desiertos, monta\u00f1as y playas. Muchos de estos provocaron la creaci\u00f3n de nuevos distritos y barrios.<\/p>\n\n\n\n<p>En las Am\u00e9ricas, la mayor\u00eda de estos hoteles modernos fueron dise\u00f1ados, construidos y equipados entre las d\u00e9cadas de los cuarenta y los ochenta del siglo XX. Encargados a firmas de arquitectos y dise\u00f1adores prestigiosos, su decoraci\u00f3n incluy\u00f3 la selecci\u00f3n de artefactos artesanales y del folklore, as\u00ed como un arte moderno de primer orden. Adem\u00e1s, fueron receptores de una tecnolog\u00eda de punta en t\u00e9rminos constructivos y de equipamiento, y acogieron una gran variedad de servicios: casinos, tintorer\u00edas, barber\u00edas, joyer\u00edas, tiendas de artesan\u00eda, cafeter\u00edas y restaurantes.<\/p>\n\n\n\n<p>Por ende, la convocatoria estuvo dirigida a acad\u00e9micos investigadores cuya trayectoria acad\u00e9mica acaba de empezar y a profesionales de m\u00e1s larga experiencia, en las disciplinas de historia y teor\u00eda del arte, artesan\u00edas y arte popular, historia y teor\u00eda de la arquitectura y el urbanismo, historia y teor\u00eda del paisaje, antropolog\u00eda, turismo, sociolog\u00eda e historia.<\/p>\n\n\n\n<p>Si quieres revivir las ponencias, puedes revisar el siguiente&nbsp;<a href=\"https:\/\/www.facebook.com\/search\/top?q=jornadas%20internacionales%20de%20historia%20del%20arte%20y%20de%20la\" target=\"_blank\" rel=\"noreferrer noopener\">LINK<\/a>.<\/p>\n\n\n\n<p>INFORMACI\u00d3N PERIOD\u00cdSTICA<br>JUAN ANDR\u00c9S INZUNZA<\/p>\n","protected":false},"excerpt":{"rendered":"<p>La \u00faltima semana de noviembre pasado se llev\u00f3 a cabo la IV Jornada Ocio y Negocio: Historia del Arte y la Arquitectura, organizado por la Facultad de Arquitectura, Dise\u00f1o y Artes de la Pontificia Universidad Cat\u00f3lica del Ecuador, instancia en la que participaron los profesores de la escuela de Arquitectura Macarena Cort\u00e9s (adem\u00e1s, Directora de Comunicaciones FADEU) y Horacio Torrent.<\/p>\n","protected":false},"author":1,"featured_media":5793,"comment_status":"open","ping_status":"open","sticky":false,"template":"","format":"standard","meta":{"_acf_changed":false,"footnotes":""},"categories":[1],"tags":[],"class_list":["post-5792","post","type-post","status-publish","format-standard","has-post-thumbnail","hentry","category-sin-categorizar"],"acf":[],"yoast_head":"<!-- This site is optimized with the Yoast SEO plugin v27.1.1 - https:\/\/yoast.com\/product\/yoast-seo-wordpress\/ -->\n<title>Profesores Macarena Cort\u00e9s y Horacio Torrent expusieron en las Jornadas \u201cOcio y Negocio, Historia del Arte y la Arquitectura\u201d - Facultad de Arquitectura, Dise\u00f1o y Estudios Urbanos<\/title>\n<meta name=\"description\" content=\"La \u00faltima semana de noviembre pasado se llev\u00f3 a cabo la IV Jornada Ocio y Negocio: Historia del Arte y la Arquitectura, organizado por la Facultad de Arquitectura, Dise\u00f1o y Artes de la Pontificia Universidad Cat\u00f3lica del Ecuador, instancia en la que participaron los profesores de la escuela de Arquitectura Macarena Cort\u00e9s (adem\u00e1s, Directora de Comunicaciones FADEU) y Horacio Torrent.\" \/>\n<meta name=\"robots\" content=\"index, follow, max-snippet:-1, max-image-preview:large, max-video-preview:-1\" \/>\n<link rel=\"canonical\" href=\"https:\/\/fadeu.urantiacos.cl\/en\/2021\/12\/14\/profesores-macarena-cortes-y-horacio-torrent-expusieron-en-las-jornadas-ocio-y-negocio-historia-del-arte-y-la-arquitectura\/\" \/>\n<meta property=\"og:locale\" content=\"en_US\" \/>\n<meta property=\"og:type\" content=\"article\" \/>\n<meta property=\"og:title\" content=\"Profesores Macarena Cort\u00e9s y Horacio Torrent expusieron en las Jornadas \u201cOcio y Negocio, Historia del Arte y la Arquitectura\u201d - Facultad de Arquitectura, Dise\u00f1o y Estudios Urbanos\" \/>\n<meta property=\"og:description\" content=\"La \u00faltima semana de noviembre pasado se llev\u00f3 a cabo la IV Jornada Ocio y Negocio: Historia del Arte y la Arquitectura, organizado por la Facultad de Arquitectura, Dise\u00f1o y Artes de la Pontificia Universidad Cat\u00f3lica del Ecuador, instancia en la que participaron los profesores de la escuela de Arquitectura Macarena Cort\u00e9s (adem\u00e1s, Directora de Comunicaciones FADEU) y Horacio Torrent.\" \/>\n<meta property=\"og:url\" content=\"https:\/\/fadeu.urantiacos.cl\/en\/2021\/12\/14\/profesores-macarena-cortes-y-horacio-torrent-expusieron-en-las-jornadas-ocio-y-negocio-historia-del-arte-y-la-arquitectura\/\" \/>\n<meta property=\"og:site_name\" content=\"Facultad de Arquitectura, Dise\u00f1o y Estudios Urbanos\" \/>\n<meta property=\"article:published_time\" content=\"2021-12-15T01:05:00+00:00\" \/>\n<meta property=\"article:modified_time\" content=\"2023-09-07T01:07:22+00:00\" \/>\n<meta property=\"og:image\" content=\"https:\/\/fadeu.urantiacos.cl\/wp-content\/uploads\/2023\/09\/Noticias_2_WEB.png\" \/>\n\t<meta property=\"og:image:width\" content=\"350\" \/>\n\t<meta property=\"og:image:height\" content=\"250\" \/>\n\t<meta property=\"og:image:type\" content=\"image\/png\" \/>\n<meta name=\"author\" content=\"manadmin\" \/>\n<meta name=\"twitter:card\" content=\"summary_large_image\" \/>\n<meta name=\"twitter:label1\" content=\"Written by\" \/>\n\t<meta name=\"twitter:data1\" content=\"manadmin\" \/>\n\t<meta name=\"twitter:label2\" content=\"Est. reading time\" \/>\n\t<meta name=\"twitter:data2\" content=\"2 minutes\" \/>\n<script type=\"application\/ld+json\" class=\"yoast-schema-graph\">{\"@context\":\"https:\/\/schema.org\",\"@graph\":[{\"@type\":\"Article\",\"@id\":\"https:\/\/fadeu.urantiacos.cl\/en\/2021\/12\/14\/profesores-macarena-cortes-y-horacio-torrent-expusieron-en-las-jornadas-ocio-y-negocio-historia-del-arte-y-la-arquitectura\/#article\",\"isPartOf\":{\"@id\":\"https:\/\/fadeu.urantiacos.cl\/en\/2021\/12\/14\/profesores-macarena-cortes-y-horacio-torrent-expusieron-en-las-jornadas-ocio-y-negocio-historia-del-arte-y-la-arquitectura\/\"},\"author\":{\"name\":\"manadmin\",\"@id\":\"https:\/\/fadeu.urantiacos.cl\/en\/#\/schema\/person\/d203e2e84b1c40275eac77b3061a19a2\"},\"headline\":\"Profesores Macarena Cort\u00e9s y Horacio Torrent expusieron en las Jornadas \u201cOcio y Negocio, Historia del Arte y la Arquitectura\u201d\",\"datePublished\":\"2021-12-15T01:05:00+00:00\",\"dateModified\":\"2023-09-07T01:07:22+00:00\",\"mainEntityOfPage\":{\"@id\":\"https:\/\/fadeu.urantiacos.cl\/en\/2021\/12\/14\/profesores-macarena-cortes-y-horacio-torrent-expusieron-en-las-jornadas-ocio-y-negocio-historia-del-arte-y-la-arquitectura\/\"},\"wordCount\":377,\"commentCount\":0,\"image\":{\"@id\":\"https:\/\/fadeu.urantiacos.cl\/en\/2021\/12\/14\/profesores-macarena-cortes-y-horacio-torrent-expusieron-en-las-jornadas-ocio-y-negocio-historia-del-arte-y-la-arquitectura\/#primaryimage\"},\"thumbnailUrl\":\"https:\/\/fadeu.urantiacos.cl\/wp-content\/uploads\/2023\/09\/Noticias_2_WEB.png\",\"articleSection\":[\"Sin categorizar\"],\"inLanguage\":\"en-US\",\"potentialAction\":[{\"@type\":\"CommentAction\",\"name\":\"Comment\",\"target\":[\"https:\/\/fadeu.urantiacos.cl\/en\/2021\/12\/14\/profesores-macarena-cortes-y-horacio-torrent-expusieron-en-las-jornadas-ocio-y-negocio-historia-del-arte-y-la-arquitectura\/#respond\"]}]},{\"@type\":\"WebPage\",\"@id\":\"https:\/\/fadeu.urantiacos.cl\/en\/2021\/12\/14\/profesores-macarena-cortes-y-horacio-torrent-expusieron-en-las-jornadas-ocio-y-negocio-historia-del-arte-y-la-arquitectura\/\",\"url\":\"https:\/\/fadeu.urantiacos.cl\/en\/2021\/12\/14\/profesores-macarena-cortes-y-horacio-torrent-expusieron-en-las-jornadas-ocio-y-negocio-historia-del-arte-y-la-arquitectura\/\",\"name\":\"Profesores Macarena Cort\u00e9s y Horacio Torrent expusieron en las Jornadas \u201cOcio y Negocio, Historia del Arte y la Arquitectura\u201d - Facultad de Arquitectura, Dise\u00f1o y Estudios Urbanos\",\"isPartOf\":{\"@id\":\"https:\/\/fadeu.urantiacos.cl\/en\/#website\"},\"primaryImageOfPage\":{\"@id\":\"https:\/\/fadeu.urantiacos.cl\/en\/2021\/12\/14\/profesores-macarena-cortes-y-horacio-torrent-expusieron-en-las-jornadas-ocio-y-negocio-historia-del-arte-y-la-arquitectura\/#primaryimage\"},\"image\":{\"@id\":\"https:\/\/fadeu.urantiacos.cl\/en\/2021\/12\/14\/profesores-macarena-cortes-y-horacio-torrent-expusieron-en-las-jornadas-ocio-y-negocio-historia-del-arte-y-la-arquitectura\/#primaryimage\"},\"thumbnailUrl\":\"https:\/\/fadeu.urantiacos.cl\/wp-content\/uploads\/2023\/09\/Noticias_2_WEB.png\",\"datePublished\":\"2021-12-15T01:05:00+00:00\",\"dateModified\":\"2023-09-07T01:07:22+00:00\",\"author\":{\"@id\":\"https:\/\/fadeu.urantiacos.cl\/en\/#\/schema\/person\/d203e2e84b1c40275eac77b3061a19a2\"},\"description\":\"La \u00faltima semana de noviembre pasado se llev\u00f3 a cabo la IV Jornada Ocio y Negocio: Historia del Arte y la Arquitectura, organizado por la Facultad de Arquitectura, Dise\u00f1o y Artes de la Pontificia Universidad Cat\u00f3lica del Ecuador, instancia en la que participaron los profesores de la escuela de Arquitectura Macarena Cort\u00e9s (adem\u00e1s, Directora de Comunicaciones FADEU) y Horacio Torrent.\",\"breadcrumb\":{\"@id\":\"https:\/\/fadeu.urantiacos.cl\/en\/2021\/12\/14\/profesores-macarena-cortes-y-horacio-torrent-expusieron-en-las-jornadas-ocio-y-negocio-historia-del-arte-y-la-arquitectura\/#breadcrumb\"},\"inLanguage\":\"en-US\",\"potentialAction\":[{\"@type\":\"ReadAction\",\"target\":[\"https:\/\/fadeu.urantiacos.cl\/en\/2021\/12\/14\/profesores-macarena-cortes-y-horacio-torrent-expusieron-en-las-jornadas-ocio-y-negocio-historia-del-arte-y-la-arquitectura\/\"]}]},{\"@type\":\"ImageObject\",\"inLanguage\":\"en-US\",\"@id\":\"https:\/\/fadeu.urantiacos.cl\/en\/2021\/12\/14\/profesores-macarena-cortes-y-horacio-torrent-expusieron-en-las-jornadas-ocio-y-negocio-historia-del-arte-y-la-arquitectura\/#primaryimage\",\"url\":\"https:\/\/fadeu.urantiacos.cl\/wp-content\/uploads\/2023\/09\/Noticias_2_WEB.png\",\"contentUrl\":\"https:\/\/fadeu.urantiacos.cl\/wp-content\/uploads\/2023\/09\/Noticias_2_WEB.png\",\"width\":350,\"height\":250},{\"@type\":\"BreadcrumbList\",\"@id\":\"https:\/\/fadeu.urantiacos.cl\/en\/2021\/12\/14\/profesores-macarena-cortes-y-horacio-torrent-expusieron-en-las-jornadas-ocio-y-negocio-historia-del-arte-y-la-arquitectura\/#breadcrumb\",\"itemListElement\":[{\"@type\":\"ListItem\",\"position\":1,\"name\":\"Portada\",\"item\":\"https:\/\/fadeu.urantiacos.cl\/en\/\"},{\"@type\":\"ListItem\",\"position\":2,\"name\":\"Profesores Macarena Cort\u00e9s y Horacio Torrent expusieron en las Jornadas \u201cOcio y Negocio, Historia del Arte y la Arquitectura\u201d\"}]},{\"@type\":\"WebSite\",\"@id\":\"https:\/\/fadeu.urantiacos.cl\/en\/#website\",\"url\":\"https:\/\/fadeu.urantiacos.cl\/en\/\",\"name\":\"Facultad de Arquitectura, Dise\u00f1o y Estudios Urbanos\",\"description\":\"Campus Lo Contador\",\"potentialAction\":[{\"@type\":\"SearchAction\",\"target\":{\"@type\":\"EntryPoint\",\"urlTemplate\":\"https:\/\/fadeu.urantiacos.cl\/en\/?s={search_term_string}\"},\"query-input\":{\"@type\":\"PropertyValueSpecification\",\"valueRequired\":true,\"valueName\":\"search_term_string\"}}],\"inLanguage\":\"en-US\"},{\"@type\":\"Person\",\"@id\":\"https:\/\/fadeu.urantiacos.cl\/en\/#\/schema\/person\/d203e2e84b1c40275eac77b3061a19a2\",\"name\":\"manadmin\",\"image\":{\"@type\":\"ImageObject\",\"inLanguage\":\"en-US\",\"@id\":\"https:\/\/fadeu.urantiacos.cl\/en\/#\/schema\/person\/image\/\",\"url\":\"https:\/\/secure.gravatar.com\/avatar\/4b1d8e3303b4a9d8968ac578947d8bc80d9aea359f388cdd4aac15cadc0e8447?s=96&d=mm&r=g\",\"contentUrl\":\"https:\/\/secure.gravatar.com\/avatar\/4b1d8e3303b4a9d8968ac578947d8bc80d9aea359f388cdd4aac15cadc0e8447?s=96&d=mm&r=g\",\"caption\":\"manadmin\"},\"sameAs\":[\"https:\/\/fadeu.urantiacos.cl\"]}]}<\/script>\n<!-- \/ Yoast SEO plugin. -->","yoast_head_json":{"title":"Profesores Macarena Cort\u00e9s y Horacio Torrent expusieron en las Jornadas \u201cOcio y Negocio, Historia del Arte y la Arquitectura\u201d - Facultad de Arquitectura, Dise\u00f1o y Estudios Urbanos","description":"La \u00faltima semana de noviembre pasado se llev\u00f3 a cabo la IV Jornada Ocio y Negocio: Historia del Arte y la Arquitectura, organizado por la Facultad de Arquitectura, Dise\u00f1o y Artes de la Pontificia Universidad Cat\u00f3lica del Ecuador, instancia en la que participaron los profesores de la escuela de Arquitectura Macarena Cort\u00e9s (adem\u00e1s, Directora de Comunicaciones FADEU) y Horacio Torrent.","robots":{"index":"index","follow":"follow","max-snippet":"max-snippet:-1","max-image-preview":"max-image-preview:large","max-video-preview":"max-video-preview:-1"},"canonical":"https:\/\/fadeu.urantiacos.cl\/en\/2021\/12\/14\/profesores-macarena-cortes-y-horacio-torrent-expusieron-en-las-jornadas-ocio-y-negocio-historia-del-arte-y-la-arquitectura\/","og_locale":"en_US","og_type":"article","og_title":"Profesores Macarena Cort\u00e9s y Horacio Torrent expusieron en las Jornadas \u201cOcio y Negocio, Historia del Arte y la Arquitectura\u201d - Facultad de Arquitectura, Dise\u00f1o y Estudios Urbanos","og_description":"La \u00faltima semana de noviembre pasado se llev\u00f3 a cabo la IV Jornada Ocio y Negocio: Historia del Arte y la Arquitectura, organizado por la Facultad de Arquitectura, Dise\u00f1o y Artes de la Pontificia Universidad Cat\u00f3lica del Ecuador, instancia en la que participaron los profesores de la escuela de Arquitectura Macarena Cort\u00e9s (adem\u00e1s, Directora de Comunicaciones FADEU) y Horacio Torrent.","og_url":"https:\/\/fadeu.urantiacos.cl\/en\/2021\/12\/14\/profesores-macarena-cortes-y-horacio-torrent-expusieron-en-las-jornadas-ocio-y-negocio-historia-del-arte-y-la-arquitectura\/","og_site_name":"Facultad de Arquitectura, Dise\u00f1o y Estudios Urbanos","article_published_time":"2021-12-15T01:05:00+00:00","article_modified_time":"2023-09-07T01:07:22+00:00","og_image":[{"width":350,"height":250,"url":"https:\/\/fadeu.urantiacos.cl\/wp-content\/uploads\/2023\/09\/Noticias_2_WEB.png","type":"image\/png"}],"author":"manadmin","twitter_card":"summary_large_image","twitter_misc":{"Written by":"manadmin","Est. reading time":"2 minutes"},"schema":{"@context":"https:\/\/schema.org","@graph":[{"@type":"Article","@id":"https:\/\/fadeu.urantiacos.cl\/en\/2021\/12\/14\/profesores-macarena-cortes-y-horacio-torrent-expusieron-en-las-jornadas-ocio-y-negocio-historia-del-arte-y-la-arquitectura\/#article","isPartOf":{"@id":"https:\/\/fadeu.urantiacos.cl\/en\/2021\/12\/14\/profesores-macarena-cortes-y-horacio-torrent-expusieron-en-las-jornadas-ocio-y-negocio-historia-del-arte-y-la-arquitectura\/"},"author":{"name":"manadmin","@id":"https:\/\/fadeu.urantiacos.cl\/en\/#\/schema\/person\/d203e2e84b1c40275eac77b3061a19a2"},"headline":"Profesores Macarena Cort\u00e9s y Horacio Torrent expusieron en las Jornadas \u201cOcio y Negocio, Historia del Arte y la Arquitectura\u201d","datePublished":"2021-12-15T01:05:00+00:00","dateModified":"2023-09-07T01:07:22+00:00","mainEntityOfPage":{"@id":"https:\/\/fadeu.urantiacos.cl\/en\/2021\/12\/14\/profesores-macarena-cortes-y-horacio-torrent-expusieron-en-las-jornadas-ocio-y-negocio-historia-del-arte-y-la-arquitectura\/"},"wordCount":377,"commentCount":0,"image":{"@id":"https:\/\/fadeu.urantiacos.cl\/en\/2021\/12\/14\/profesores-macarena-cortes-y-horacio-torrent-expusieron-en-las-jornadas-ocio-y-negocio-historia-del-arte-y-la-arquitectura\/#primaryimage"},"thumbnailUrl":"https:\/\/fadeu.urantiacos.cl\/wp-content\/uploads\/2023\/09\/Noticias_2_WEB.png","articleSection":["Sin categorizar"],"inLanguage":"en-US","potentialAction":[{"@type":"CommentAction","name":"Comment","target":["https:\/\/fadeu.urantiacos.cl\/en\/2021\/12\/14\/profesores-macarena-cortes-y-horacio-torrent-expusieron-en-las-jornadas-ocio-y-negocio-historia-del-arte-y-la-arquitectura\/#respond"]}]},{"@type":"WebPage","@id":"https:\/\/fadeu.urantiacos.cl\/en\/2021\/12\/14\/profesores-macarena-cortes-y-horacio-torrent-expusieron-en-las-jornadas-ocio-y-negocio-historia-del-arte-y-la-arquitectura\/","url":"https:\/\/fadeu.urantiacos.cl\/en\/2021\/12\/14\/profesores-macarena-cortes-y-horacio-torrent-expusieron-en-las-jornadas-ocio-y-negocio-historia-del-arte-y-la-arquitectura\/","name":"Profesores Macarena Cort\u00e9s y Horacio Torrent expusieron en las Jornadas \u201cOcio y Negocio, Historia del Arte y la Arquitectura\u201d - Facultad de Arquitectura, Dise\u00f1o y Estudios Urbanos","isPartOf":{"@id":"https:\/\/fadeu.urantiacos.cl\/en\/#website"},"primaryImageOfPage":{"@id":"https:\/\/fadeu.urantiacos.cl\/en\/2021\/12\/14\/profesores-macarena-cortes-y-horacio-torrent-expusieron-en-las-jornadas-ocio-y-negocio-historia-del-arte-y-la-arquitectura\/#primaryimage"},"image":{"@id":"https:\/\/fadeu.urantiacos.cl\/en\/2021\/12\/14\/profesores-macarena-cortes-y-horacio-torrent-expusieron-en-las-jornadas-ocio-y-negocio-historia-del-arte-y-la-arquitectura\/#primaryimage"},"thumbnailUrl":"https:\/\/fadeu.urantiacos.cl\/wp-content\/uploads\/2023\/09\/Noticias_2_WEB.png","datePublished":"2021-12-15T01:05:00+00:00","dateModified":"2023-09-07T01:07:22+00:00","author":{"@id":"https:\/\/fadeu.urantiacos.cl\/en\/#\/schema\/person\/d203e2e84b1c40275eac77b3061a19a2"},"description":"La \u00faltima semana de noviembre pasado se llev\u00f3 a cabo la IV Jornada Ocio y Negocio: Historia del Arte y la Arquitectura, organizado por la Facultad de Arquitectura, Dise\u00f1o y Artes de la Pontificia Universidad Cat\u00f3lica del Ecuador, instancia en la que participaron los profesores de la escuela de Arquitectura Macarena Cort\u00e9s (adem\u00e1s, Directora de Comunicaciones FADEU) y Horacio Torrent.","breadcrumb":{"@id":"https:\/\/fadeu.urantiacos.cl\/en\/2021\/12\/14\/profesores-macarena-cortes-y-horacio-torrent-expusieron-en-las-jornadas-ocio-y-negocio-historia-del-arte-y-la-arquitectura\/#breadcrumb"},"inLanguage":"en-US","potentialAction":[{"@type":"ReadAction","target":["https:\/\/fadeu.urantiacos.cl\/en\/2021\/12\/14\/profesores-macarena-cortes-y-horacio-torrent-expusieron-en-las-jornadas-ocio-y-negocio-historia-del-arte-y-la-arquitectura\/"]}]},{"@type":"ImageObject","inLanguage":"en-US","@id":"https:\/\/fadeu.urantiacos.cl\/en\/2021\/12\/14\/profesores-macarena-cortes-y-horacio-torrent-expusieron-en-las-jornadas-ocio-y-negocio-historia-del-arte-y-la-arquitectura\/#primaryimage","url":"https:\/\/fadeu.urantiacos.cl\/wp-content\/uploads\/2023\/09\/Noticias_2_WEB.png","contentUrl":"https:\/\/fadeu.urantiacos.cl\/wp-content\/uploads\/2023\/09\/Noticias_2_WEB.png","width":350,"height":250},{"@type":"BreadcrumbList","@id":"https:\/\/fadeu.urantiacos.cl\/en\/2021\/12\/14\/profesores-macarena-cortes-y-horacio-torrent-expusieron-en-las-jornadas-ocio-y-negocio-historia-del-arte-y-la-arquitectura\/#breadcrumb","itemListElement":[{"@type":"ListItem","position":1,"name":"Portada","item":"https:\/\/fadeu.urantiacos.cl\/en\/"},{"@type":"ListItem","position":2,"name":"Profesores Macarena Cort\u00e9s y Horacio Torrent expusieron en las Jornadas \u201cOcio y Negocio, Historia del Arte y la Arquitectura\u201d"}]},{"@type":"WebSite","@id":"https:\/\/fadeu.urantiacos.cl\/en\/#website","url":"https:\/\/fadeu.urantiacos.cl\/en\/","name":"Facultad de Arquitectura, Dise\u00f1o y Estudios Urbanos","description":"Campus Lo Contador","potentialAction":[{"@type":"SearchAction","target":{"@type":"EntryPoint","urlTemplate":"https:\/\/fadeu.urantiacos.cl\/en\/?s={search_term_string}"},"query-input":{"@type":"PropertyValueSpecification","valueRequired":true,"valueName":"search_term_string"}}],"inLanguage":"en-US"},{"@type":"Person","@id":"https:\/\/fadeu.urantiacos.cl\/en\/#\/schema\/person\/d203e2e84b1c40275eac77b3061a19a2","name":"manadmin","image":{"@type":"ImageObject","inLanguage":"en-US","@id":"https:\/\/fadeu.urantiacos.cl\/en\/#\/schema\/person\/image\/","url":"https:\/\/secure.gravatar.com\/avatar\/4b1d8e3303b4a9d8968ac578947d8bc80d9aea359f388cdd4aac15cadc0e8447?s=96&d=mm&r=g","contentUrl":"https:\/\/secure.gravatar.com\/avatar\/4b1d8e3303b4a9d8968ac578947d8bc80d9aea359f388cdd4aac15cadc0e8447?s=96&d=mm&r=g","caption":"manadmin"},"sameAs":["https:\/\/fadeu.urantiacos.cl"]}]}},"_links":{"self":[{"href":"https:\/\/fadeu.urantiacos.cl\/en\/wp-json\/wp\/v2\/posts\/5792","targetHints":{"allow":["GET"]}}],"collection":[{"href":"https:\/\/fadeu.urantiacos.cl\/en\/wp-json\/wp\/v2\/posts"}],"about":[{"href":"https:\/\/fadeu.urantiacos.cl\/en\/wp-json\/wp\/v2\/types\/post"}],"author":[{"embeddable":true,"href":"https:\/\/fadeu.urantiacos.cl\/en\/wp-json\/wp\/v2\/users\/1"}],"replies":[{"embeddable":true,"href":"https:\/\/fadeu.urantiacos.cl\/en\/wp-json\/wp\/v2\/comments?post=5792"}],"version-history":[{"count":1,"href":"https:\/\/fadeu.urantiacos.cl\/en\/wp-json\/wp\/v2\/posts\/5792\/revisions"}],"predecessor-version":[{"id":5794,"href":"https:\/\/fadeu.urantiacos.cl\/en\/wp-json\/wp\/v2\/posts\/5792\/revisions\/5794"}],"wp:featuredmedia":[{"embeddable":true,"href":"https:\/\/fadeu.urantiacos.cl\/en\/wp-json\/wp\/v2\/media\/5793"}],"wp:attachment":[{"href":"https:\/\/fadeu.urantiacos.cl\/en\/wp-json\/wp\/v2\/media?parent=5792"}],"wp:term":[{"taxonomy":"category","embeddable":true,"href":"https:\/\/fadeu.urantiacos.cl\/en\/wp-json\/wp\/v2\/categories?post=5792"},{"taxonomy":"post_tag","embeddable":true,"href":"https:\/\/fadeu.urantiacos.cl\/en\/wp-json\/wp\/v2\/tags?post=5792"}],"curies":[{"name":"wp","href":"https:\/\/api.w.org\/{rel}","templated":true}]}}