{"id":5783,"date":"2021-12-17T21:58:00","date_gmt":"2021-12-18T00:58:00","guid":{"rendered":"https:\/\/fadeu.urantiacos.cl\/?p=5783"},"modified":"2023-09-06T22:00:29","modified_gmt":"2023-09-07T01:00:29","slug":"punta-arenas-lanzan-oficialmente-el-libro-magallanes-2020-territorio-sin-fronteras-editado-por-ediciones-uc","status":"publish","type":"post","link":"https:\/\/fadeu.urantiacos.cl\/en\/2021\/12\/17\/punta-arenas-lanzan-oficialmente-el-libro-magallanes-2020-territorio-sin-fronteras-editado-por-ediciones-uc\/","title":{"rendered":"Punta Arenas: lanzan oficialmente el libro \u201cMagallanes 2020, Territorio sin Fronteras\u201d, editado por Ediciones UC"},"content":{"rendered":"\n<figure class=\"wp-block-image size-full\"><img decoding=\"async\" width=\"350\" height=\"250\" src=\"https:\/\/fadeu.urantiacos.cl\/wp-content\/uploads\/2023\/09\/IMG_8051_WEB.jpg\" alt=\"\" class=\"wp-image-5785\" srcset=\"https:\/\/fadeu.urantiacos.cl\/wp-content\/uploads\/2023\/09\/IMG_8051_WEB.jpg 350w, https:\/\/fadeu.urantiacos.cl\/wp-content\/uploads\/2023\/09\/IMG_8051_WEB-300x214.jpg 300w\" sizes=\"(max-width: 350px) 100vw, 350px\" \/><\/figure>\n\n\n\n<p>El lanzamiento, resultado del trabajo realizado por acad\u00e9micos del Centro del Patrimonio en los proyectos ANID PCI Redes &#8220;Borderless Territory&#8221; y Fondart 2020 &#8220;Libro: Magallanes territorio sin Fronteras&#8221;, fue encabezado por el Director del Centro del Patrimonio Cultural de la UC, profesor Umberto Bonomo; el Vicerrector de vinculaci\u00f3n con el medio de la Universidad de Punta Arenas, Manuel Manriquez; el Vicerrector de investigaci\u00f3n y postgrado de la misma casa de estudios, Andr\u00e9s Mansilla; el Director del Departamento de Arquitectura de la misma casa de estudios, Daniel Matus; la Directora del Instituto de la Patagonia de la Universidad de Magallanes, Flavia Morello; y el C\u00f3nsul honor\u00edfico de Chile en Vicenza, Aldo Rozzi.<\/p>\n\n\n\n<p>El lanzamiento fue conducido y moderado por la Directora de Comunicaciones de la Facultad de Arquitectura, Dise\u00f1o y Estudios Urbanos UC, Macarena Cort\u00e9s, y cont\u00f3 con la participaci\u00f3n de Daniel Matus en las palabras de bienvenida y Aldo Rossi, Mateo Martinic y Joaqu\u00edn Zuleta en la presentaci\u00f3n de diversas publicaciones entorno a las tem\u00e1ticas de Magallanes y su historia. Despu\u00e9s los editores del libro \u201cMagallanes: Territorio sin Fronters\u201d; Umberto Bonomo, Carlos Silva y Eugenio Garc\u00e9s presentaron la publicaci\u00f3n que re\u00fane los trabajos, investigaciones y proyectos de 42 docentes de diversas latitudes, como Italia, Portugal y Chile. Para terminar, Flavia Morello y Alberto Harambour, realizaron los comentarios finales.<\/p>\n\n\n\n<p>El editor Umberto Bonomo, explic\u00f3 que la compilaci\u00f3n de trabajos intenta reforzar el paisaje cultural diverso y complejo que se presenta en la zona: \u201cla idea de paisaje cultural debiera constituirse no solo como un instrumento de protecci\u00f3n efec- tiva de los valores patrimoniales aqu\u00ed presentes, sino como un eje fundamental para el manejo y la planificaci\u00f3n del te- rritorio, de los procesos sociales y culturales all\u00ed presentes, constituy\u00e9ndose en el eje estructurador del desarrollo futuro para el estrecho de Magallanes\u201d afirm\u00f3.<\/p>\n\n\n\n<p>El libro re\u00fane una serie de art\u00edculos que fueron presentados en el Seminario &#8220;Borderless Territory&#8221;, realizado en Punta Arenas en 2019, por el Centro del Patrimonio Cultural UC en colaboraci\u00f3n con la Universidad de Magallanes.&nbsp;<\/p>\n\n\n\n<p>En este proyecto tambi\u00e9n colaboraron la Municipalidad de Punta Arenas, el Museo Regional de Magallanes, la Universitat Polit\u00e8cnica de Catalunya, el Polit\u00e9cnico de Mil\u00e1n y la Universidad de Lisboa.<\/p>\n\n\n\n<p>Si quieres revivir el lanzamiento puedes ver el siguiente link:&nbsp;<a href=\"https:\/\/www.youtube.com\/watch?v=mQsF5UTli_w\">https:\/\/www.youtube.com\/watch?v=mQsF5UTli_w<\/a><a href=\"https:\/\/www.youtube.com\/watch?v=mQsF5UTli_w\"><\/a><\/p>\n\n\n\n<p>INFORMACI\u00d3N PERIOD\u00cdSTICA<br>JUAN ANDR\u00c9S INZUNZA<\/p>\n","protected":false},"excerpt":{"rendered":"<p>\u201cMagallanes: Territorio Sin Fronteras. Patrimonio, identidades, desarrollo sostenible\u201d, es el nombre del libro que fue lanzado la semana pasada desde el Auditorio Ernesto Livacic de la Universidad de Magallanes, en Punta Arenas.<\/p>\n","protected":false},"author":1,"featured_media":5785,"comment_status":"open","ping_status":"open","sticky":false,"template":"","format":"standard","meta":{"_acf_changed":false,"footnotes":""},"categories":[1],"tags":[],"class_list":["post-5783","post","type-post","status-publish","format-standard","has-post-thumbnail","hentry","category-sin-categorizar"],"acf":[],"yoast_head":"<!-- This site is optimized with the Yoast SEO plugin v27.1.1 - https:\/\/yoast.com\/product\/yoast-seo-wordpress\/ -->\n<title>Punta Arenas: lanzan oficialmente el libro \u201cMagallanes 2020, Territorio sin Fronteras\u201d, editado por Ediciones UC - Facultad de Arquitectura, Dise\u00f1o y Estudios Urbanos<\/title>\n<meta name=\"description\" content=\"\u201cMagallanes: Territorio Sin Fronteras. Patrimonio, identidades, desarrollo sostenible\u201d, es el nombre del libro que fue lanzado la semana pasada desde el Auditorio Ernesto Livacic de la Universidad de Magallanes, en Punta Arenas.\" \/>\n<meta name=\"robots\" content=\"index, follow, max-snippet:-1, max-image-preview:large, max-video-preview:-1\" \/>\n<link rel=\"canonical\" href=\"https:\/\/fadeu.urantiacos.cl\/en\/2021\/12\/17\/punta-arenas-lanzan-oficialmente-el-libro-magallanes-2020-territorio-sin-fronteras-editado-por-ediciones-uc\/\" \/>\n<meta property=\"og:locale\" content=\"en_US\" \/>\n<meta property=\"og:type\" content=\"article\" \/>\n<meta property=\"og:title\" content=\"Punta Arenas: lanzan oficialmente el libro \u201cMagallanes 2020, Territorio sin Fronteras\u201d, editado por Ediciones UC - Facultad de Arquitectura, Dise\u00f1o y Estudios Urbanos\" \/>\n<meta property=\"og:description\" content=\"\u201cMagallanes: Territorio Sin Fronteras. Patrimonio, identidades, desarrollo sostenible\u201d, es el nombre del libro que fue lanzado la semana pasada desde el Auditorio Ernesto Livacic de la Universidad de Magallanes, en Punta Arenas.\" \/>\n<meta property=\"og:url\" content=\"https:\/\/fadeu.urantiacos.cl\/en\/2021\/12\/17\/punta-arenas-lanzan-oficialmente-el-libro-magallanes-2020-territorio-sin-fronteras-editado-por-ediciones-uc\/\" \/>\n<meta property=\"og:site_name\" content=\"Facultad de Arquitectura, Dise\u00f1o y Estudios Urbanos\" \/>\n<meta property=\"article:published_time\" content=\"2021-12-18T00:58:00+00:00\" \/>\n<meta property=\"article:modified_time\" content=\"2023-09-07T01:00:29+00:00\" \/>\n<meta property=\"og:image\" content=\"https:\/\/fadeu.urantiacos.cl\/wp-content\/uploads\/2023\/09\/IMG_8051_WEB.jpg\" \/>\n\t<meta property=\"og:image:width\" content=\"350\" \/>\n\t<meta property=\"og:image:height\" content=\"250\" \/>\n\t<meta property=\"og:image:type\" content=\"image\/jpeg\" \/>\n<meta name=\"author\" content=\"manadmin\" \/>\n<meta name=\"twitter:card\" content=\"summary_large_image\" \/>\n<meta name=\"twitter:label1\" content=\"Written by\" \/>\n\t<meta name=\"twitter:data1\" content=\"manadmin\" \/>\n\t<meta name=\"twitter:label2\" content=\"Est. reading time\" \/>\n\t<meta name=\"twitter:data2\" content=\"2 minutes\" \/>\n<script type=\"application\/ld+json\" class=\"yoast-schema-graph\">{\"@context\":\"https:\/\/schema.org\",\"@graph\":[{\"@type\":\"Article\",\"@id\":\"https:\/\/fadeu.urantiacos.cl\/en\/2021\/12\/17\/punta-arenas-lanzan-oficialmente-el-libro-magallanes-2020-territorio-sin-fronteras-editado-por-ediciones-uc\/#article\",\"isPartOf\":{\"@id\":\"https:\/\/fadeu.urantiacos.cl\/en\/2021\/12\/17\/punta-arenas-lanzan-oficialmente-el-libro-magallanes-2020-territorio-sin-fronteras-editado-por-ediciones-uc\/\"},\"author\":{\"name\":\"manadmin\",\"@id\":\"https:\/\/fadeu.urantiacos.cl\/en\/#\/schema\/person\/d203e2e84b1c40275eac77b3061a19a2\"},\"headline\":\"Punta Arenas: lanzan oficialmente el libro \u201cMagallanes 2020, Territorio sin Fronteras\u201d, editado por Ediciones UC\",\"datePublished\":\"2021-12-18T00:58:00+00:00\",\"dateModified\":\"2023-09-07T01:00:29+00:00\",\"mainEntityOfPage\":{\"@id\":\"https:\/\/fadeu.urantiacos.cl\/en\/2021\/12\/17\/punta-arenas-lanzan-oficialmente-el-libro-magallanes-2020-territorio-sin-fronteras-editado-por-ediciones-uc\/\"},\"wordCount\":430,\"commentCount\":0,\"image\":{\"@id\":\"https:\/\/fadeu.urantiacos.cl\/en\/2021\/12\/17\/punta-arenas-lanzan-oficialmente-el-libro-magallanes-2020-territorio-sin-fronteras-editado-por-ediciones-uc\/#primaryimage\"},\"thumbnailUrl\":\"https:\/\/fadeu.urantiacos.cl\/wp-content\/uploads\/2023\/09\/IMG_8051_WEB.jpg\",\"articleSection\":[\"Sin categorizar\"],\"inLanguage\":\"en-US\",\"potentialAction\":[{\"@type\":\"CommentAction\",\"name\":\"Comment\",\"target\":[\"https:\/\/fadeu.urantiacos.cl\/en\/2021\/12\/17\/punta-arenas-lanzan-oficialmente-el-libro-magallanes-2020-territorio-sin-fronteras-editado-por-ediciones-uc\/#respond\"]}]},{\"@type\":\"WebPage\",\"@id\":\"https:\/\/fadeu.urantiacos.cl\/en\/2021\/12\/17\/punta-arenas-lanzan-oficialmente-el-libro-magallanes-2020-territorio-sin-fronteras-editado-por-ediciones-uc\/\",\"url\":\"https:\/\/fadeu.urantiacos.cl\/en\/2021\/12\/17\/punta-arenas-lanzan-oficialmente-el-libro-magallanes-2020-territorio-sin-fronteras-editado-por-ediciones-uc\/\",\"name\":\"Punta Arenas: lanzan oficialmente el libro \u201cMagallanes 2020, Territorio sin Fronteras\u201d, editado por Ediciones UC - Facultad de Arquitectura, Dise\u00f1o y Estudios Urbanos\",\"isPartOf\":{\"@id\":\"https:\/\/fadeu.urantiacos.cl\/en\/#website\"},\"primaryImageOfPage\":{\"@id\":\"https:\/\/fadeu.urantiacos.cl\/en\/2021\/12\/17\/punta-arenas-lanzan-oficialmente-el-libro-magallanes-2020-territorio-sin-fronteras-editado-por-ediciones-uc\/#primaryimage\"},\"image\":{\"@id\":\"https:\/\/fadeu.urantiacos.cl\/en\/2021\/12\/17\/punta-arenas-lanzan-oficialmente-el-libro-magallanes-2020-territorio-sin-fronteras-editado-por-ediciones-uc\/#primaryimage\"},\"thumbnailUrl\":\"https:\/\/fadeu.urantiacos.cl\/wp-content\/uploads\/2023\/09\/IMG_8051_WEB.jpg\",\"datePublished\":\"2021-12-18T00:58:00+00:00\",\"dateModified\":\"2023-09-07T01:00:29+00:00\",\"author\":{\"@id\":\"https:\/\/fadeu.urantiacos.cl\/en\/#\/schema\/person\/d203e2e84b1c40275eac77b3061a19a2\"},\"description\":\"\u201cMagallanes: Territorio Sin Fronteras. Patrimonio, identidades, desarrollo sostenible\u201d, es el nombre del libro que fue lanzado la semana pasada desde el Auditorio Ernesto Livacic de la Universidad de Magallanes, en Punta Arenas.\",\"breadcrumb\":{\"@id\":\"https:\/\/fadeu.urantiacos.cl\/en\/2021\/12\/17\/punta-arenas-lanzan-oficialmente-el-libro-magallanes-2020-territorio-sin-fronteras-editado-por-ediciones-uc\/#breadcrumb\"},\"inLanguage\":\"en-US\",\"potentialAction\":[{\"@type\":\"ReadAction\",\"target\":[\"https:\/\/fadeu.urantiacos.cl\/en\/2021\/12\/17\/punta-arenas-lanzan-oficialmente-el-libro-magallanes-2020-territorio-sin-fronteras-editado-por-ediciones-uc\/\"]}]},{\"@type\":\"ImageObject\",\"inLanguage\":\"en-US\",\"@id\":\"https:\/\/fadeu.urantiacos.cl\/en\/2021\/12\/17\/punta-arenas-lanzan-oficialmente-el-libro-magallanes-2020-territorio-sin-fronteras-editado-por-ediciones-uc\/#primaryimage\",\"url\":\"https:\/\/fadeu.urantiacos.cl\/wp-content\/uploads\/2023\/09\/IMG_8051_WEB.jpg\",\"contentUrl\":\"https:\/\/fadeu.urantiacos.cl\/wp-content\/uploads\/2023\/09\/IMG_8051_WEB.jpg\",\"width\":350,\"height\":250},{\"@type\":\"BreadcrumbList\",\"@id\":\"https:\/\/fadeu.urantiacos.cl\/en\/2021\/12\/17\/punta-arenas-lanzan-oficialmente-el-libro-magallanes-2020-territorio-sin-fronteras-editado-por-ediciones-uc\/#breadcrumb\",\"itemListElement\":[{\"@type\":\"ListItem\",\"position\":1,\"name\":\"Portada\",\"item\":\"https:\/\/fadeu.urantiacos.cl\/en\/\"},{\"@type\":\"ListItem\",\"position\":2,\"name\":\"Punta Arenas: lanzan oficialmente el libro \u201cMagallanes 2020, Territorio sin Fronteras\u201d, editado por Ediciones UC\"}]},{\"@type\":\"WebSite\",\"@id\":\"https:\/\/fadeu.urantiacos.cl\/en\/#website\",\"url\":\"https:\/\/fadeu.urantiacos.cl\/en\/\",\"name\":\"Facultad de Arquitectura, Dise\u00f1o y Estudios Urbanos\",\"description\":\"Campus Lo Contador\",\"potentialAction\":[{\"@type\":\"SearchAction\",\"target\":{\"@type\":\"EntryPoint\",\"urlTemplate\":\"https:\/\/fadeu.urantiacos.cl\/en\/?s={search_term_string}\"},\"query-input\":{\"@type\":\"PropertyValueSpecification\",\"valueRequired\":true,\"valueName\":\"search_term_string\"}}],\"inLanguage\":\"en-US\"},{\"@type\":\"Person\",\"@id\":\"https:\/\/fadeu.urantiacos.cl\/en\/#\/schema\/person\/d203e2e84b1c40275eac77b3061a19a2\",\"name\":\"manadmin\",\"image\":{\"@type\":\"ImageObject\",\"inLanguage\":\"en-US\",\"@id\":\"https:\/\/fadeu.urantiacos.cl\/en\/#\/schema\/person\/image\/\",\"url\":\"https:\/\/secure.gravatar.com\/avatar\/4b1d8e3303b4a9d8968ac578947d8bc80d9aea359f388cdd4aac15cadc0e8447?s=96&d=mm&r=g\",\"contentUrl\":\"https:\/\/secure.gravatar.com\/avatar\/4b1d8e3303b4a9d8968ac578947d8bc80d9aea359f388cdd4aac15cadc0e8447?s=96&d=mm&r=g\",\"caption\":\"manadmin\"},\"sameAs\":[\"https:\/\/fadeu.urantiacos.cl\"]}]}<\/script>\n<!-- \/ Yoast SEO plugin. -->","yoast_head_json":{"title":"Punta Arenas: lanzan oficialmente el libro \u201cMagallanes 2020, Territorio sin Fronteras\u201d, editado por Ediciones UC - Facultad de Arquitectura, Dise\u00f1o y Estudios Urbanos","description":"\u201cMagallanes: Territorio Sin Fronteras. Patrimonio, identidades, desarrollo sostenible\u201d, es el nombre del libro que fue lanzado la semana pasada desde el Auditorio Ernesto Livacic de la Universidad de Magallanes, en Punta Arenas.","robots":{"index":"index","follow":"follow","max-snippet":"max-snippet:-1","max-image-preview":"max-image-preview:large","max-video-preview":"max-video-preview:-1"},"canonical":"https:\/\/fadeu.urantiacos.cl\/en\/2021\/12\/17\/punta-arenas-lanzan-oficialmente-el-libro-magallanes-2020-territorio-sin-fronteras-editado-por-ediciones-uc\/","og_locale":"en_US","og_type":"article","og_title":"Punta Arenas: lanzan oficialmente el libro \u201cMagallanes 2020, Territorio sin Fronteras\u201d, editado por Ediciones UC - Facultad de Arquitectura, Dise\u00f1o y Estudios Urbanos","og_description":"\u201cMagallanes: Territorio Sin Fronteras. Patrimonio, identidades, desarrollo sostenible\u201d, es el nombre del libro que fue lanzado la semana pasada desde el Auditorio Ernesto Livacic de la Universidad de Magallanes, en Punta Arenas.","og_url":"https:\/\/fadeu.urantiacos.cl\/en\/2021\/12\/17\/punta-arenas-lanzan-oficialmente-el-libro-magallanes-2020-territorio-sin-fronteras-editado-por-ediciones-uc\/","og_site_name":"Facultad de Arquitectura, Dise\u00f1o y Estudios Urbanos","article_published_time":"2021-12-18T00:58:00+00:00","article_modified_time":"2023-09-07T01:00:29+00:00","og_image":[{"width":350,"height":250,"url":"https:\/\/fadeu.urantiacos.cl\/wp-content\/uploads\/2023\/09\/IMG_8051_WEB.jpg","type":"image\/jpeg"}],"author":"manadmin","twitter_card":"summary_large_image","twitter_misc":{"Written by":"manadmin","Est. reading time":"2 minutes"},"schema":{"@context":"https:\/\/schema.org","@graph":[{"@type":"Article","@id":"https:\/\/fadeu.urantiacos.cl\/en\/2021\/12\/17\/punta-arenas-lanzan-oficialmente-el-libro-magallanes-2020-territorio-sin-fronteras-editado-por-ediciones-uc\/#article","isPartOf":{"@id":"https:\/\/fadeu.urantiacos.cl\/en\/2021\/12\/17\/punta-arenas-lanzan-oficialmente-el-libro-magallanes-2020-territorio-sin-fronteras-editado-por-ediciones-uc\/"},"author":{"name":"manadmin","@id":"https:\/\/fadeu.urantiacos.cl\/en\/#\/schema\/person\/d203e2e84b1c40275eac77b3061a19a2"},"headline":"Punta Arenas: lanzan oficialmente el libro \u201cMagallanes 2020, Territorio sin Fronteras\u201d, editado por Ediciones UC","datePublished":"2021-12-18T00:58:00+00:00","dateModified":"2023-09-07T01:00:29+00:00","mainEntityOfPage":{"@id":"https:\/\/fadeu.urantiacos.cl\/en\/2021\/12\/17\/punta-arenas-lanzan-oficialmente-el-libro-magallanes-2020-territorio-sin-fronteras-editado-por-ediciones-uc\/"},"wordCount":430,"commentCount":0,"image":{"@id":"https:\/\/fadeu.urantiacos.cl\/en\/2021\/12\/17\/punta-arenas-lanzan-oficialmente-el-libro-magallanes-2020-territorio-sin-fronteras-editado-por-ediciones-uc\/#primaryimage"},"thumbnailUrl":"https:\/\/fadeu.urantiacos.cl\/wp-content\/uploads\/2023\/09\/IMG_8051_WEB.jpg","articleSection":["Sin categorizar"],"inLanguage":"en-US","potentialAction":[{"@type":"CommentAction","name":"Comment","target":["https:\/\/fadeu.urantiacos.cl\/en\/2021\/12\/17\/punta-arenas-lanzan-oficialmente-el-libro-magallanes-2020-territorio-sin-fronteras-editado-por-ediciones-uc\/#respond"]}]},{"@type":"WebPage","@id":"https:\/\/fadeu.urantiacos.cl\/en\/2021\/12\/17\/punta-arenas-lanzan-oficialmente-el-libro-magallanes-2020-territorio-sin-fronteras-editado-por-ediciones-uc\/","url":"https:\/\/fadeu.urantiacos.cl\/en\/2021\/12\/17\/punta-arenas-lanzan-oficialmente-el-libro-magallanes-2020-territorio-sin-fronteras-editado-por-ediciones-uc\/","name":"Punta Arenas: lanzan oficialmente el libro \u201cMagallanes 2020, Territorio sin Fronteras\u201d, editado por Ediciones UC - Facultad de Arquitectura, Dise\u00f1o y Estudios Urbanos","isPartOf":{"@id":"https:\/\/fadeu.urantiacos.cl\/en\/#website"},"primaryImageOfPage":{"@id":"https:\/\/fadeu.urantiacos.cl\/en\/2021\/12\/17\/punta-arenas-lanzan-oficialmente-el-libro-magallanes-2020-territorio-sin-fronteras-editado-por-ediciones-uc\/#primaryimage"},"image":{"@id":"https:\/\/fadeu.urantiacos.cl\/en\/2021\/12\/17\/punta-arenas-lanzan-oficialmente-el-libro-magallanes-2020-territorio-sin-fronteras-editado-por-ediciones-uc\/#primaryimage"},"thumbnailUrl":"https:\/\/fadeu.urantiacos.cl\/wp-content\/uploads\/2023\/09\/IMG_8051_WEB.jpg","datePublished":"2021-12-18T00:58:00+00:00","dateModified":"2023-09-07T01:00:29+00:00","author":{"@id":"https:\/\/fadeu.urantiacos.cl\/en\/#\/schema\/person\/d203e2e84b1c40275eac77b3061a19a2"},"description":"\u201cMagallanes: Territorio Sin Fronteras. Patrimonio, identidades, desarrollo sostenible\u201d, es el nombre del libro que fue lanzado la semana pasada desde el Auditorio Ernesto Livacic de la Universidad de Magallanes, en Punta Arenas.","breadcrumb":{"@id":"https:\/\/fadeu.urantiacos.cl\/en\/2021\/12\/17\/punta-arenas-lanzan-oficialmente-el-libro-magallanes-2020-territorio-sin-fronteras-editado-por-ediciones-uc\/#breadcrumb"},"inLanguage":"en-US","potentialAction":[{"@type":"ReadAction","target":["https:\/\/fadeu.urantiacos.cl\/en\/2021\/12\/17\/punta-arenas-lanzan-oficialmente-el-libro-magallanes-2020-territorio-sin-fronteras-editado-por-ediciones-uc\/"]}]},{"@type":"ImageObject","inLanguage":"en-US","@id":"https:\/\/fadeu.urantiacos.cl\/en\/2021\/12\/17\/punta-arenas-lanzan-oficialmente-el-libro-magallanes-2020-territorio-sin-fronteras-editado-por-ediciones-uc\/#primaryimage","url":"https:\/\/fadeu.urantiacos.cl\/wp-content\/uploads\/2023\/09\/IMG_8051_WEB.jpg","contentUrl":"https:\/\/fadeu.urantiacos.cl\/wp-content\/uploads\/2023\/09\/IMG_8051_WEB.jpg","width":350,"height":250},{"@type":"BreadcrumbList","@id":"https:\/\/fadeu.urantiacos.cl\/en\/2021\/12\/17\/punta-arenas-lanzan-oficialmente-el-libro-magallanes-2020-territorio-sin-fronteras-editado-por-ediciones-uc\/#breadcrumb","itemListElement":[{"@type":"ListItem","position":1,"name":"Portada","item":"https:\/\/fadeu.urantiacos.cl\/en\/"},{"@type":"ListItem","position":2,"name":"Punta Arenas: lanzan oficialmente el libro \u201cMagallanes 2020, Territorio sin Fronteras\u201d, editado por Ediciones UC"}]},{"@type":"WebSite","@id":"https:\/\/fadeu.urantiacos.cl\/en\/#website","url":"https:\/\/fadeu.urantiacos.cl\/en\/","name":"Facultad de Arquitectura, Dise\u00f1o y Estudios Urbanos","description":"Campus Lo Contador","potentialAction":[{"@type":"SearchAction","target":{"@type":"EntryPoint","urlTemplate":"https:\/\/fadeu.urantiacos.cl\/en\/?s={search_term_string}"},"query-input":{"@type":"PropertyValueSpecification","valueRequired":true,"valueName":"search_term_string"}}],"inLanguage":"en-US"},{"@type":"Person","@id":"https:\/\/fadeu.urantiacos.cl\/en\/#\/schema\/person\/d203e2e84b1c40275eac77b3061a19a2","name":"manadmin","image":{"@type":"ImageObject","inLanguage":"en-US","@id":"https:\/\/fadeu.urantiacos.cl\/en\/#\/schema\/person\/image\/","url":"https:\/\/secure.gravatar.com\/avatar\/4b1d8e3303b4a9d8968ac578947d8bc80d9aea359f388cdd4aac15cadc0e8447?s=96&d=mm&r=g","contentUrl":"https:\/\/secure.gravatar.com\/avatar\/4b1d8e3303b4a9d8968ac578947d8bc80d9aea359f388cdd4aac15cadc0e8447?s=96&d=mm&r=g","caption":"manadmin"},"sameAs":["https:\/\/fadeu.urantiacos.cl"]}]}},"_links":{"self":[{"href":"https:\/\/fadeu.urantiacos.cl\/en\/wp-json\/wp\/v2\/posts\/5783","targetHints":{"allow":["GET"]}}],"collection":[{"href":"https:\/\/fadeu.urantiacos.cl\/en\/wp-json\/wp\/v2\/posts"}],"about":[{"href":"https:\/\/fadeu.urantiacos.cl\/en\/wp-json\/wp\/v2\/types\/post"}],"author":[{"embeddable":true,"href":"https:\/\/fadeu.urantiacos.cl\/en\/wp-json\/wp\/v2\/users\/1"}],"replies":[{"embeddable":true,"href":"https:\/\/fadeu.urantiacos.cl\/en\/wp-json\/wp\/v2\/comments?post=5783"}],"version-history":[{"count":1,"href":"https:\/\/fadeu.urantiacos.cl\/en\/wp-json\/wp\/v2\/posts\/5783\/revisions"}],"predecessor-version":[{"id":5786,"href":"https:\/\/fadeu.urantiacos.cl\/en\/wp-json\/wp\/v2\/posts\/5783\/revisions\/5786"}],"wp:featuredmedia":[{"embeddable":true,"href":"https:\/\/fadeu.urantiacos.cl\/en\/wp-json\/wp\/v2\/media\/5785"}],"wp:attachment":[{"href":"https:\/\/fadeu.urantiacos.cl\/en\/wp-json\/wp\/v2\/media?parent=5783"}],"wp:term":[{"taxonomy":"category","embeddable":true,"href":"https:\/\/fadeu.urantiacos.cl\/en\/wp-json\/wp\/v2\/categories?post=5783"},{"taxonomy":"post_tag","embeddable":true,"href":"https:\/\/fadeu.urantiacos.cl\/en\/wp-json\/wp\/v2\/tags?post=5783"}],"curies":[{"name":"wp","href":"https:\/\/api.w.org\/{rel}","templated":true}]}}