{"id":5780,"date":"2021-12-17T21:56:00","date_gmt":"2021-12-18T00:56:00","guid":{"rendered":"https:\/\/fadeu.urantiacos.cl\/?p=5780"},"modified":"2023-09-06T21:58:26","modified_gmt":"2023-09-07T00:58:26","slug":"uc-reconoce-trayectoria-de-profesores-y-profesoras-que-se-jubilan-en-2021","status":"publish","type":"post","link":"https:\/\/fadeu.urantiacos.cl\/en\/2021\/12\/17\/uc-reconoce-trayectoria-de-profesores-y-profesoras-que-se-jubilan-en-2021\/","title":{"rendered":"UC reconoce trayectoria de profesores y profesoras que se jubilan en 2021"},"content":{"rendered":"\n<figure class=\"wp-block-image size-full\"><img decoding=\"async\" width=\"350\" height=\"250\" src=\"https:\/\/fadeu.urantiacos.cl\/wp-content\/uploads\/2023\/09\/Javier_del_Rio-WEB.jpg\" alt=\"\" class=\"wp-image-5781\" srcset=\"https:\/\/fadeu.urantiacos.cl\/wp-content\/uploads\/2023\/09\/Javier_del_Rio-WEB.jpg 350w, https:\/\/fadeu.urantiacos.cl\/wp-content\/uploads\/2023\/09\/Javier_del_Rio-WEB-300x214.jpg 300w\" sizes=\"(max-width: 350px) 100vw, 350px\" \/><\/figure>\n\n\n\n<p>En el caso de la Facultad de Arquitectura, Dise\u00f1o y Estudios Urbanos, se reconoci\u00f3 a los profesores Rossana Forray, Waldo Bustamante y Javier del R\u00edo, pertenecientes todos a la escuela de Arquitectura.<\/p>\n\n\n\n<p>En la actividad, desarrollada en la casa central de la Universidad, en la que se reconoci\u00f3 a 29 profesores y profesoras, el Rector Ignacio S\u00e1nchez sostuvo que \u201ctenemos que agradecerles por tantos a\u00f1os de aporte a la vida universitaria, de variadas Facultades, y reconocer expl\u00edcitamente su aporte, su entrega, pasi\u00f3n y generosidad para ense\u00f1ar, investigar y crear, algo que es reconocido por miles de estudiantes y las personas de esta instituci\u00f3n\u201d.<\/p>\n\n\n\n<p>\u201cLo que han entregado no es solo un compromiso superlativo con la formaci\u00f3n de futuros profesionales de la arquitectura, una dedicaci\u00f3n a la profunda investigaci\u00f3n e importantes v\u00ednculos con el medio, sino, adem\u00e1s, han aportado experiencia, vivencias, compa\u00f1erismo y han sabido construir su vida en torno a una carrera docente de inigualable valor para todos quienes hemos tenido el privilegio de conocerlos, compartir y aprender de ellos\u201d, sostuvo el Decano Mario Ubilla.<\/p>\n\n\n\n<p>A lo anterior, Ubilla agreg\u00f3 que \u201clos lazos con nuestra escuela y nuestra facultad no se pierden por el hecho de jubilarse, al contrario, se reivindica la relaci\u00f3n, los v\u00ednculos y el apego que cada uno de quienes trabajan y ejercen docencia en nuestras aulas forjan durante su vida acad\u00e9mica, y eso debe perdurar y quedar para siempre. Las puertas del campus siempre est\u00e1n abiertas para quienes son, han sido y ser\u00e1n parte importante de su historia\u201d.<\/p>\n\n\n\n<p><strong>Rossana Forray<\/strong><\/p>\n\n\n\n<p>Rossana Forray es Arquitecta, Mag\u00edster en Desarrollo Urbano y Doctora en Sciences Appliqu\u00e9es de la Universit\u00e9 Catholique de Louvain. Es profesora asociada del FADEU de la PUC, profesora invitada de la facultad LOCI de la Universit\u00e9 Catholique de Louvain y miembro del Institut pour la Ville en Mouvement y del CEDEUS.<\/p>\n\n\n\n<p>Cuanta con vasta experiencia internacional en regeneraci\u00f3n urbana en Francia y B\u00e9lgica y consultor\u00eda de cooperaci\u00f3n en desarrollo social urbano en Francia, B\u00e9lgica, Madagascar, Nicaragua y M\u00e9xico. En el \u00e1mbito nacional, tiene experiencia en dise\u00f1o de calles para transporte p\u00fablico y planificaci\u00f3n local orientada a la movilidad. Motivada por mejorar la experiencia cotidiana en el espacio y el tiempo, y la equidad en la ciudad como espacio social, cultural y econ\u00f3mico, su foco de investigaci\u00f3n es en espacio p\u00fablico y planificaci\u00f3n y dise\u00f1o urbano orientado a la movilidad en sectores vulnerables.<\/p>\n\n\n\n<p><strong>Javier del R\u00edo<\/strong><\/p>\n\n\n\n<p>Javier del R\u00edo es Arquitecto UC, con estudios de postgrado en el programa Conservaci\u00f3n de Energ\u00eda de la Architectural Association-School of Architecture en Londres, entre 1983 y 1985.<\/p>\n\n\n\n<p>Se desempe\u00f1a como docente desde 1985 en diversas escuelas de Arquitectura y Dise\u00f1o de Santiago, tanto en pregrado como en magister. En 2002 crea el Diplomado en Arquitectura Sustentable UC. Ha participado en diversos congresos y seminarios de sustentabilidad en el pa\u00eds y el extranjero.<\/p>\n\n\n\n<p>Su \u00e1rea de trabajo, como arquitecto y como asesor independiente en temas de energ\u00eda, se orienta b\u00e1sicamente a la Arquitectura Sustentable. A lo largo de su carrera ha realizado asesor\u00edas de ahorro y eficiencia energ\u00e9tica para m\u00e1s de 1.400.000 m2. Su labor profesional ha sido reconocido en diversas ocasiones. El a\u00f1o 2003 recibe el premio Ferm\u00edn Vivaceta, por su destacada labor en el campo de la tecnolog\u00eda, en 2011 es distinguido con el premio Arquitectura Sostenible Batimat 2011, otorgado por la C\u00e1mara Franco-Chilena y en 2013 es galardonado con el premio VELUX en la categor\u00eda Construcci\u00f3n con Mirada de Futuro.<\/p>\n\n\n\n<p><strong>Waldo Bustamante<\/strong><\/p>\n\n\n\n<p>Waldo Bustamante es Doctor of Philosophy en Ciencias Aplicadas, Universidad Cat\u00f3lica de Lovaina, B\u00e9lgica, 2001; Mag\u00edster en Desarrollo Urbano, Pontificia Universidad Cat\u00f3lica de Chile, 1994; e Ingeniero Civil Mec\u00e1nico, Universidad de Chile, 1985.<\/p>\n\n\n\n<p>Ha sido Profesor Titular, a jornada completa, Escuela de Arquitectura, Facultad de Arquitectura, Dise\u00f1o y Estudios Urbanos, Pontificia Universidad Cat\u00f3lica de Chile, e investigador del Centro de Desarrollo Urbano Sustentable (CEDEUS).<\/p>\n\n\n\n<p>Su investigaci\u00f3n se centra en estrategias de dise\u00f1o arquitect\u00f3nico para el confort t\u00e9rmico y visual de ocupantes de edificios con criterios de eficiencia energ\u00e9tica. \u00daltimamente ha estado trabajando en la evaluaci\u00f3n de estas estrategias para conseguir edificios de consumo neta cero en diferentes climas del pa\u00eds y para la rehabilitaci\u00f3n de edificios de vivienda social existentes.<\/p>\n","protected":false},"excerpt":{"rendered":"<p>Un reconocimiento a la trayectoria acad\u00e9mica, a la formaci\u00f3n de profesionales y a la labor de investigaci\u00f3n realiz\u00f3 la Pontificia Universidad Cat\u00f3lica de Chile para destacar a todos los profesores y profesoras que jubilan el presente 2021.<\/p>\n","protected":false},"author":1,"featured_media":5781,"comment_status":"open","ping_status":"open","sticky":false,"template":"","format":"standard","meta":{"_acf_changed":false,"footnotes":""},"categories":[1],"tags":[],"class_list":["post-5780","post","type-post","status-publish","format-standard","has-post-thumbnail","hentry","category-sin-categorizar"],"acf":[],"yoast_head":"<!-- This site is optimized with the Yoast SEO plugin v27.1.1 - https:\/\/yoast.com\/product\/yoast-seo-wordpress\/ -->\n<title>UC reconoce trayectoria de profesores y profesoras que se jubilan en 2021 - Facultad de Arquitectura, Dise\u00f1o y Estudios Urbanos<\/title>\n<meta name=\"description\" content=\"Un reconocimiento a la trayectoria acad\u00e9mica, a la formaci\u00f3n de profesionales y a la labor de investigaci\u00f3n realiz\u00f3 la Pontificia Universidad Cat\u00f3lica de Chile para destacar a todos los profesores y profesoras que jubilan el presente 2021.\" \/>\n<meta name=\"robots\" content=\"index, follow, max-snippet:-1, max-image-preview:large, max-video-preview:-1\" \/>\n<link rel=\"canonical\" href=\"https:\/\/fadeu.urantiacos.cl\/en\/2021\/12\/17\/uc-reconoce-trayectoria-de-profesores-y-profesoras-que-se-jubilan-en-2021\/\" \/>\n<meta property=\"og:locale\" content=\"en_US\" \/>\n<meta property=\"og:type\" content=\"article\" \/>\n<meta property=\"og:title\" content=\"UC reconoce trayectoria de profesores y profesoras que se jubilan en 2021 - Facultad de Arquitectura, Dise\u00f1o y Estudios Urbanos\" \/>\n<meta property=\"og:description\" content=\"Un reconocimiento a la trayectoria acad\u00e9mica, a la formaci\u00f3n de profesionales y a la labor de investigaci\u00f3n realiz\u00f3 la Pontificia Universidad Cat\u00f3lica de Chile para destacar a todos los profesores y profesoras que jubilan el presente 2021.\" \/>\n<meta property=\"og:url\" content=\"https:\/\/fadeu.urantiacos.cl\/en\/2021\/12\/17\/uc-reconoce-trayectoria-de-profesores-y-profesoras-que-se-jubilan-en-2021\/\" \/>\n<meta property=\"og:site_name\" content=\"Facultad de Arquitectura, Dise\u00f1o y Estudios Urbanos\" \/>\n<meta property=\"article:published_time\" content=\"2021-12-18T00:56:00+00:00\" \/>\n<meta property=\"article:modified_time\" content=\"2023-09-07T00:58:26+00:00\" \/>\n<meta property=\"og:image\" content=\"https:\/\/fadeu.urantiacos.cl\/wp-content\/uploads\/2023\/09\/Javier_del_Rio-WEB.jpg\" \/>\n\t<meta property=\"og:image:width\" content=\"350\" \/>\n\t<meta property=\"og:image:height\" content=\"250\" \/>\n\t<meta property=\"og:image:type\" content=\"image\/jpeg\" \/>\n<meta name=\"author\" content=\"manadmin\" \/>\n<meta name=\"twitter:card\" content=\"summary_large_image\" \/>\n<meta name=\"twitter:label1\" content=\"Written by\" \/>\n\t<meta name=\"twitter:data1\" content=\"manadmin\" \/>\n\t<meta name=\"twitter:label2\" content=\"Est. reading time\" \/>\n\t<meta name=\"twitter:data2\" content=\"4 minutes\" \/>\n<script type=\"application\/ld+json\" class=\"yoast-schema-graph\">{\"@context\":\"https:\/\/schema.org\",\"@graph\":[{\"@type\":\"Article\",\"@id\":\"https:\/\/fadeu.urantiacos.cl\/en\/2021\/12\/17\/uc-reconoce-trayectoria-de-profesores-y-profesoras-que-se-jubilan-en-2021\/#article\",\"isPartOf\":{\"@id\":\"https:\/\/fadeu.urantiacos.cl\/en\/2021\/12\/17\/uc-reconoce-trayectoria-de-profesores-y-profesoras-que-se-jubilan-en-2021\/\"},\"author\":{\"name\":\"manadmin\",\"@id\":\"https:\/\/fadeu.urantiacos.cl\/en\/#\/schema\/person\/d203e2e84b1c40275eac77b3061a19a2\"},\"headline\":\"UC reconoce trayectoria de profesores y profesoras que se jubilan en 2021\",\"datePublished\":\"2021-12-18T00:56:00+00:00\",\"dateModified\":\"2023-09-07T00:58:26+00:00\",\"mainEntityOfPage\":{\"@id\":\"https:\/\/fadeu.urantiacos.cl\/en\/2021\/12\/17\/uc-reconoce-trayectoria-de-profesores-y-profesoras-que-se-jubilan-en-2021\/\"},\"wordCount\":760,\"commentCount\":0,\"image\":{\"@id\":\"https:\/\/fadeu.urantiacos.cl\/en\/2021\/12\/17\/uc-reconoce-trayectoria-de-profesores-y-profesoras-que-se-jubilan-en-2021\/#primaryimage\"},\"thumbnailUrl\":\"https:\/\/fadeu.urantiacos.cl\/wp-content\/uploads\/2023\/09\/Javier_del_Rio-WEB.jpg\",\"articleSection\":[\"Sin categorizar\"],\"inLanguage\":\"en-US\",\"potentialAction\":[{\"@type\":\"CommentAction\",\"name\":\"Comment\",\"target\":[\"https:\/\/fadeu.urantiacos.cl\/en\/2021\/12\/17\/uc-reconoce-trayectoria-de-profesores-y-profesoras-que-se-jubilan-en-2021\/#respond\"]}]},{\"@type\":\"WebPage\",\"@id\":\"https:\/\/fadeu.urantiacos.cl\/en\/2021\/12\/17\/uc-reconoce-trayectoria-de-profesores-y-profesoras-que-se-jubilan-en-2021\/\",\"url\":\"https:\/\/fadeu.urantiacos.cl\/en\/2021\/12\/17\/uc-reconoce-trayectoria-de-profesores-y-profesoras-que-se-jubilan-en-2021\/\",\"name\":\"UC reconoce trayectoria de profesores y profesoras que se jubilan en 2021 - Facultad de Arquitectura, Dise\u00f1o y Estudios Urbanos\",\"isPartOf\":{\"@id\":\"https:\/\/fadeu.urantiacos.cl\/en\/#website\"},\"primaryImageOfPage\":{\"@id\":\"https:\/\/fadeu.urantiacos.cl\/en\/2021\/12\/17\/uc-reconoce-trayectoria-de-profesores-y-profesoras-que-se-jubilan-en-2021\/#primaryimage\"},\"image\":{\"@id\":\"https:\/\/fadeu.urantiacos.cl\/en\/2021\/12\/17\/uc-reconoce-trayectoria-de-profesores-y-profesoras-que-se-jubilan-en-2021\/#primaryimage\"},\"thumbnailUrl\":\"https:\/\/fadeu.urantiacos.cl\/wp-content\/uploads\/2023\/09\/Javier_del_Rio-WEB.jpg\",\"datePublished\":\"2021-12-18T00:56:00+00:00\",\"dateModified\":\"2023-09-07T00:58:26+00:00\",\"author\":{\"@id\":\"https:\/\/fadeu.urantiacos.cl\/en\/#\/schema\/person\/d203e2e84b1c40275eac77b3061a19a2\"},\"description\":\"Un reconocimiento a la trayectoria acad\u00e9mica, a la formaci\u00f3n de profesionales y a la labor de investigaci\u00f3n realiz\u00f3 la Pontificia Universidad Cat\u00f3lica de Chile para destacar a todos los profesores y profesoras que jubilan el presente 2021.\",\"breadcrumb\":{\"@id\":\"https:\/\/fadeu.urantiacos.cl\/en\/2021\/12\/17\/uc-reconoce-trayectoria-de-profesores-y-profesoras-que-se-jubilan-en-2021\/#breadcrumb\"},\"inLanguage\":\"en-US\",\"potentialAction\":[{\"@type\":\"ReadAction\",\"target\":[\"https:\/\/fadeu.urantiacos.cl\/en\/2021\/12\/17\/uc-reconoce-trayectoria-de-profesores-y-profesoras-que-se-jubilan-en-2021\/\"]}]},{\"@type\":\"ImageObject\",\"inLanguage\":\"en-US\",\"@id\":\"https:\/\/fadeu.urantiacos.cl\/en\/2021\/12\/17\/uc-reconoce-trayectoria-de-profesores-y-profesoras-que-se-jubilan-en-2021\/#primaryimage\",\"url\":\"https:\/\/fadeu.urantiacos.cl\/wp-content\/uploads\/2023\/09\/Javier_del_Rio-WEB.jpg\",\"contentUrl\":\"https:\/\/fadeu.urantiacos.cl\/wp-content\/uploads\/2023\/09\/Javier_del_Rio-WEB.jpg\",\"width\":350,\"height\":250},{\"@type\":\"BreadcrumbList\",\"@id\":\"https:\/\/fadeu.urantiacos.cl\/en\/2021\/12\/17\/uc-reconoce-trayectoria-de-profesores-y-profesoras-que-se-jubilan-en-2021\/#breadcrumb\",\"itemListElement\":[{\"@type\":\"ListItem\",\"position\":1,\"name\":\"Portada\",\"item\":\"https:\/\/fadeu.urantiacos.cl\/en\/\"},{\"@type\":\"ListItem\",\"position\":2,\"name\":\"UC reconoce trayectoria de profesores y profesoras que se jubilan en 2021\"}]},{\"@type\":\"WebSite\",\"@id\":\"https:\/\/fadeu.urantiacos.cl\/en\/#website\",\"url\":\"https:\/\/fadeu.urantiacos.cl\/en\/\",\"name\":\"Facultad de Arquitectura, Dise\u00f1o y Estudios Urbanos\",\"description\":\"Campus Lo Contador\",\"potentialAction\":[{\"@type\":\"SearchAction\",\"target\":{\"@type\":\"EntryPoint\",\"urlTemplate\":\"https:\/\/fadeu.urantiacos.cl\/en\/?s={search_term_string}\"},\"query-input\":{\"@type\":\"PropertyValueSpecification\",\"valueRequired\":true,\"valueName\":\"search_term_string\"}}],\"inLanguage\":\"en-US\"},{\"@type\":\"Person\",\"@id\":\"https:\/\/fadeu.urantiacos.cl\/en\/#\/schema\/person\/d203e2e84b1c40275eac77b3061a19a2\",\"name\":\"manadmin\",\"image\":{\"@type\":\"ImageObject\",\"inLanguage\":\"en-US\",\"@id\":\"https:\/\/fadeu.urantiacos.cl\/en\/#\/schema\/person\/image\/\",\"url\":\"https:\/\/secure.gravatar.com\/avatar\/4b1d8e3303b4a9d8968ac578947d8bc80d9aea359f388cdd4aac15cadc0e8447?s=96&d=mm&r=g\",\"contentUrl\":\"https:\/\/secure.gravatar.com\/avatar\/4b1d8e3303b4a9d8968ac578947d8bc80d9aea359f388cdd4aac15cadc0e8447?s=96&d=mm&r=g\",\"caption\":\"manadmin\"},\"sameAs\":[\"https:\/\/fadeu.urantiacos.cl\"]}]}<\/script>\n<!-- \/ Yoast SEO plugin. -->","yoast_head_json":{"title":"UC reconoce trayectoria de profesores y profesoras que se jubilan en 2021 - Facultad de Arquitectura, Dise\u00f1o y Estudios Urbanos","description":"Un reconocimiento a la trayectoria acad\u00e9mica, a la formaci\u00f3n de profesionales y a la labor de investigaci\u00f3n realiz\u00f3 la Pontificia Universidad Cat\u00f3lica de Chile para destacar a todos los profesores y profesoras que jubilan el presente 2021.","robots":{"index":"index","follow":"follow","max-snippet":"max-snippet:-1","max-image-preview":"max-image-preview:large","max-video-preview":"max-video-preview:-1"},"canonical":"https:\/\/fadeu.urantiacos.cl\/en\/2021\/12\/17\/uc-reconoce-trayectoria-de-profesores-y-profesoras-que-se-jubilan-en-2021\/","og_locale":"en_US","og_type":"article","og_title":"UC reconoce trayectoria de profesores y profesoras que se jubilan en 2021 - Facultad de Arquitectura, Dise\u00f1o y Estudios Urbanos","og_description":"Un reconocimiento a la trayectoria acad\u00e9mica, a la formaci\u00f3n de profesionales y a la labor de investigaci\u00f3n realiz\u00f3 la Pontificia Universidad Cat\u00f3lica de Chile para destacar a todos los profesores y profesoras que jubilan el presente 2021.","og_url":"https:\/\/fadeu.urantiacos.cl\/en\/2021\/12\/17\/uc-reconoce-trayectoria-de-profesores-y-profesoras-que-se-jubilan-en-2021\/","og_site_name":"Facultad de Arquitectura, Dise\u00f1o y Estudios Urbanos","article_published_time":"2021-12-18T00:56:00+00:00","article_modified_time":"2023-09-07T00:58:26+00:00","og_image":[{"width":350,"height":250,"url":"https:\/\/fadeu.urantiacos.cl\/wp-content\/uploads\/2023\/09\/Javier_del_Rio-WEB.jpg","type":"image\/jpeg"}],"author":"manadmin","twitter_card":"summary_large_image","twitter_misc":{"Written by":"manadmin","Est. reading time":"4 minutes"},"schema":{"@context":"https:\/\/schema.org","@graph":[{"@type":"Article","@id":"https:\/\/fadeu.urantiacos.cl\/en\/2021\/12\/17\/uc-reconoce-trayectoria-de-profesores-y-profesoras-que-se-jubilan-en-2021\/#article","isPartOf":{"@id":"https:\/\/fadeu.urantiacos.cl\/en\/2021\/12\/17\/uc-reconoce-trayectoria-de-profesores-y-profesoras-que-se-jubilan-en-2021\/"},"author":{"name":"manadmin","@id":"https:\/\/fadeu.urantiacos.cl\/en\/#\/schema\/person\/d203e2e84b1c40275eac77b3061a19a2"},"headline":"UC reconoce trayectoria de profesores y profesoras que se jubilan en 2021","datePublished":"2021-12-18T00:56:00+00:00","dateModified":"2023-09-07T00:58:26+00:00","mainEntityOfPage":{"@id":"https:\/\/fadeu.urantiacos.cl\/en\/2021\/12\/17\/uc-reconoce-trayectoria-de-profesores-y-profesoras-que-se-jubilan-en-2021\/"},"wordCount":760,"commentCount":0,"image":{"@id":"https:\/\/fadeu.urantiacos.cl\/en\/2021\/12\/17\/uc-reconoce-trayectoria-de-profesores-y-profesoras-que-se-jubilan-en-2021\/#primaryimage"},"thumbnailUrl":"https:\/\/fadeu.urantiacos.cl\/wp-content\/uploads\/2023\/09\/Javier_del_Rio-WEB.jpg","articleSection":["Sin categorizar"],"inLanguage":"en-US","potentialAction":[{"@type":"CommentAction","name":"Comment","target":["https:\/\/fadeu.urantiacos.cl\/en\/2021\/12\/17\/uc-reconoce-trayectoria-de-profesores-y-profesoras-que-se-jubilan-en-2021\/#respond"]}]},{"@type":"WebPage","@id":"https:\/\/fadeu.urantiacos.cl\/en\/2021\/12\/17\/uc-reconoce-trayectoria-de-profesores-y-profesoras-que-se-jubilan-en-2021\/","url":"https:\/\/fadeu.urantiacos.cl\/en\/2021\/12\/17\/uc-reconoce-trayectoria-de-profesores-y-profesoras-que-se-jubilan-en-2021\/","name":"UC reconoce trayectoria de profesores y profesoras que se jubilan en 2021 - Facultad de Arquitectura, Dise\u00f1o y Estudios Urbanos","isPartOf":{"@id":"https:\/\/fadeu.urantiacos.cl\/en\/#website"},"primaryImageOfPage":{"@id":"https:\/\/fadeu.urantiacos.cl\/en\/2021\/12\/17\/uc-reconoce-trayectoria-de-profesores-y-profesoras-que-se-jubilan-en-2021\/#primaryimage"},"image":{"@id":"https:\/\/fadeu.urantiacos.cl\/en\/2021\/12\/17\/uc-reconoce-trayectoria-de-profesores-y-profesoras-que-se-jubilan-en-2021\/#primaryimage"},"thumbnailUrl":"https:\/\/fadeu.urantiacos.cl\/wp-content\/uploads\/2023\/09\/Javier_del_Rio-WEB.jpg","datePublished":"2021-12-18T00:56:00+00:00","dateModified":"2023-09-07T00:58:26+00:00","author":{"@id":"https:\/\/fadeu.urantiacos.cl\/en\/#\/schema\/person\/d203e2e84b1c40275eac77b3061a19a2"},"description":"Un reconocimiento a la trayectoria acad\u00e9mica, a la formaci\u00f3n de profesionales y a la labor de investigaci\u00f3n realiz\u00f3 la Pontificia Universidad Cat\u00f3lica de Chile para destacar a todos los profesores y profesoras que jubilan el presente 2021.","breadcrumb":{"@id":"https:\/\/fadeu.urantiacos.cl\/en\/2021\/12\/17\/uc-reconoce-trayectoria-de-profesores-y-profesoras-que-se-jubilan-en-2021\/#breadcrumb"},"inLanguage":"en-US","potentialAction":[{"@type":"ReadAction","target":["https:\/\/fadeu.urantiacos.cl\/en\/2021\/12\/17\/uc-reconoce-trayectoria-de-profesores-y-profesoras-que-se-jubilan-en-2021\/"]}]},{"@type":"ImageObject","inLanguage":"en-US","@id":"https:\/\/fadeu.urantiacos.cl\/en\/2021\/12\/17\/uc-reconoce-trayectoria-de-profesores-y-profesoras-que-se-jubilan-en-2021\/#primaryimage","url":"https:\/\/fadeu.urantiacos.cl\/wp-content\/uploads\/2023\/09\/Javier_del_Rio-WEB.jpg","contentUrl":"https:\/\/fadeu.urantiacos.cl\/wp-content\/uploads\/2023\/09\/Javier_del_Rio-WEB.jpg","width":350,"height":250},{"@type":"BreadcrumbList","@id":"https:\/\/fadeu.urantiacos.cl\/en\/2021\/12\/17\/uc-reconoce-trayectoria-de-profesores-y-profesoras-que-se-jubilan-en-2021\/#breadcrumb","itemListElement":[{"@type":"ListItem","position":1,"name":"Portada","item":"https:\/\/fadeu.urantiacos.cl\/en\/"},{"@type":"ListItem","position":2,"name":"UC reconoce trayectoria de profesores y profesoras que se jubilan en 2021"}]},{"@type":"WebSite","@id":"https:\/\/fadeu.urantiacos.cl\/en\/#website","url":"https:\/\/fadeu.urantiacos.cl\/en\/","name":"Facultad de Arquitectura, Dise\u00f1o y Estudios Urbanos","description":"Campus Lo Contador","potentialAction":[{"@type":"SearchAction","target":{"@type":"EntryPoint","urlTemplate":"https:\/\/fadeu.urantiacos.cl\/en\/?s={search_term_string}"},"query-input":{"@type":"PropertyValueSpecification","valueRequired":true,"valueName":"search_term_string"}}],"inLanguage":"en-US"},{"@type":"Person","@id":"https:\/\/fadeu.urantiacos.cl\/en\/#\/schema\/person\/d203e2e84b1c40275eac77b3061a19a2","name":"manadmin","image":{"@type":"ImageObject","inLanguage":"en-US","@id":"https:\/\/fadeu.urantiacos.cl\/en\/#\/schema\/person\/image\/","url":"https:\/\/secure.gravatar.com\/avatar\/4b1d8e3303b4a9d8968ac578947d8bc80d9aea359f388cdd4aac15cadc0e8447?s=96&d=mm&r=g","contentUrl":"https:\/\/secure.gravatar.com\/avatar\/4b1d8e3303b4a9d8968ac578947d8bc80d9aea359f388cdd4aac15cadc0e8447?s=96&d=mm&r=g","caption":"manadmin"},"sameAs":["https:\/\/fadeu.urantiacos.cl"]}]}},"_links":{"self":[{"href":"https:\/\/fadeu.urantiacos.cl\/en\/wp-json\/wp\/v2\/posts\/5780","targetHints":{"allow":["GET"]}}],"collection":[{"href":"https:\/\/fadeu.urantiacos.cl\/en\/wp-json\/wp\/v2\/posts"}],"about":[{"href":"https:\/\/fadeu.urantiacos.cl\/en\/wp-json\/wp\/v2\/types\/post"}],"author":[{"embeddable":true,"href":"https:\/\/fadeu.urantiacos.cl\/en\/wp-json\/wp\/v2\/users\/1"}],"replies":[{"embeddable":true,"href":"https:\/\/fadeu.urantiacos.cl\/en\/wp-json\/wp\/v2\/comments?post=5780"}],"version-history":[{"count":1,"href":"https:\/\/fadeu.urantiacos.cl\/en\/wp-json\/wp\/v2\/posts\/5780\/revisions"}],"predecessor-version":[{"id":5782,"href":"https:\/\/fadeu.urantiacos.cl\/en\/wp-json\/wp\/v2\/posts\/5780\/revisions\/5782"}],"wp:featuredmedia":[{"embeddable":true,"href":"https:\/\/fadeu.urantiacos.cl\/en\/wp-json\/wp\/v2\/media\/5781"}],"wp:attachment":[{"href":"https:\/\/fadeu.urantiacos.cl\/en\/wp-json\/wp\/v2\/media?parent=5780"}],"wp:term":[{"taxonomy":"category","embeddable":true,"href":"https:\/\/fadeu.urantiacos.cl\/en\/wp-json\/wp\/v2\/categories?post=5780"},{"taxonomy":"post_tag","embeddable":true,"href":"https:\/\/fadeu.urantiacos.cl\/en\/wp-json\/wp\/v2\/tags?post=5780"}],"curies":[{"name":"wp","href":"https:\/\/api.w.org\/{rel}","templated":true}]}}