{"id":5769,"date":"2021-12-19T21:49:00","date_gmt":"2021-12-20T00:49:00","guid":{"rendered":"https:\/\/fadeu.urantiacos.cl\/?p=5769"},"modified":"2023-09-06T21:52:52","modified_gmt":"2023-09-07T00:52:52","slug":"asume-nueva-directiva-en-el-centro-de-estudiantes-de-planificacion-urbana-cepu","status":"publish","type":"post","link":"https:\/\/fadeu.urantiacos.cl\/en\/2021\/12\/19\/asume-nueva-directiva-en-el-centro-de-estudiantes-de-planificacion-urbana-cepu\/","title":{"rendered":"Asume nueva directiva en el Centro de Estudiantes de Planificaci\u00f3n Urbana (CEPU)"},"content":{"rendered":"\n<figure class=\"wp-block-image size-full\"><img decoding=\"async\" width=\"350\" height=\"250\" src=\"https:\/\/fadeu.urantiacos.cl\/wp-content\/uploads\/2023\/09\/1-2048x1536_WEB.jpg\" alt=\"\" class=\"wp-image-5770\" srcset=\"https:\/\/fadeu.urantiacos.cl\/wp-content\/uploads\/2023\/09\/1-2048x1536_WEB.jpg 350w, https:\/\/fadeu.urantiacos.cl\/wp-content\/uploads\/2023\/09\/1-2048x1536_WEB-300x214.jpg 300w\" sizes=\"(max-width: 350px) 100vw, 350px\" \/><\/figure>\n\n\n\n<p>\u201cNuestro eje principal es formar comunidad entre el estudiantado y el cuerpo docente del Instituto, y formar una identidad de la carrera, para abordar algunas problem\u00e1ticas como los temas de representatividad y pertenencia\u201d, afirm\u00f3 Isidora Valdajos.<\/p>\n\n\n\n<p>A lo anterior, Valdajos agreg\u00f3 que \u201cun eje importante tambi\u00e9n es trabajar para generar mayor arraigo al campus Lo Contador y vincularnos de manera m\u00e1s directa con los otros centros de estudiantes de Arquitectura y Dise\u00f1o, y tambi\u00e9n dise\u00f1ar un plan para conocernos y generar comunidad presencial entre todos y todas, ya que muchos y muchas de los y las estudiantes que ingresaron a Planificaci\u00f3n Urbana lo hicieron en plena pandemia y a\u00fan no nos conocemos f\u00edsicamente. Eso es un desaf\u00edo post pandemia importante que queremos potenciar en el corto plazo\u201d, dijo.<\/p>\n\n\n\n<p><strong>Planificaci\u00f3n Urbana en la UC<\/strong><\/p>\n\n\n\n<p>Como disciplina, la Planificaci\u00f3n Urbana se centra en la comprensi\u00f3n del fen\u00f3meno urbano, con la finalidad de optimizar su uso y lograr un desarrollo sustentable, a trav\u00e9s de la gesti\u00f3n p\u00fablica y privada. Por tanto, involucra la distribuci\u00f3n espacial de todas las actividades humanas y la toma de decisiones que inciden en el espacio urbano en sus distintas escalas.<\/p>\n\n\n\n<p>Mediante la elaboraci\u00f3n de diagn\u00f3sticos integrales y prospectivos sobre situaciones urbanas, el planificador urbano es capaz de articular capacidades, intereses y necesidades de los diversos actores sociales involucrados, ya sea comunidades y agentes privados y p\u00fablicos.<\/p>\n\n\n\n<p>El plan de estudios conducente al T\u00edtulo Profesional de Planificador Urbano est\u00e1 estructurado a partir de un modelo de articulaci\u00f3n de pregrado y posgrado, entre las Licenciaturas Generales de College* (8 semestres) y el Mag\u00edster en Desarrollo Urbano del IEUT (3 semestres).<\/p>\n\n\n\n<p><strong>Planificador Urbano UC<\/strong><\/p>\n\n\n\n<p>El Planificador Urbano UC se caracteriza por su compromiso social y por la excelencia de su servicio profesional. Cuenta con una s\u00f3lida formaci\u00f3n \u00e9tica, comprende y aplica los conceptos de transparencia, probidad y servicio p\u00fablico, considerando principios de equidad y eficiencia y respetando los recursos naturales y comunidades afectadas por las transformaciones urbanas.<\/p>\n\n\n\n<p>Tiene la capacidad de liderar equipos multidisciplinarios en funci\u00f3n del logro de objetivos t\u00e9cnicos y pol\u00edticos, actuando como negociador y mediador de una amplia variedad de actores que participan en los procesos de desarrollo urbano (agentes p\u00fablicos, privados y sociedad civil).<\/p>\n\n\n\n<p>Domina los contenidos, procesos de elaboraci\u00f3n y gesti\u00f3n de planes e instrumentos de planificaci\u00f3n territorial, as\u00ed como de la normativa urbana vigente en Chile. Distingue claramente la funci\u00f3n privada de la funci\u00f3n p\u00fablica y los procedimientos administrativos propios de las instituciones p\u00fablicas. Asimismo, es capaz de comunicarse estrat\u00e9gica y correctamente en forma oral y escrita, herramientas imprescindibles para transmitir ideas y conocimientos a diferentes p\u00fablicos objetivo.<\/p>\n\n\n\n<p>Puede representar y analizar informaci\u00f3n cuantitativa y cualitativa para identificar tendencias de desarrollo y oportunidades de inversi\u00f3n, especialmente a partir de sistemas de informaci\u00f3n geogr\u00e1fica (SIG), dise\u00f1o asistido por computador y software de an\u00e1lisis estad\u00edstico.<\/p>\n\n\n\n<p>El Planificador Urbano UC es capaz de comprender integralmente las interrelaciones espaciales, socio-culturales, econ\u00f3micas y ambientales de las ciudades, proponiendo soluciones a problemas urbanos complejos, a partir del dise\u00f1o estrat\u00e9gico de pol\u00edticas urbanas y programas territoriales, instrumentos de planificaci\u00f3n y proyectos de intervenci\u00f3n urbana.<\/p>\n\n\n\n<figure class=\"wp-block-image size-large\"><img decoding=\"async\" width=\"1024\" height=\"768\" src=\"https:\/\/fadeu.urantiacos.cl\/wp-content\/uploads\/2023\/09\/2-scaled-1-1024x768.jpg\" alt=\"\" class=\"wp-image-5771\" srcset=\"https:\/\/fadeu.urantiacos.cl\/wp-content\/uploads\/2023\/09\/2-scaled-1-1024x768.jpg 1024w, https:\/\/fadeu.urantiacos.cl\/wp-content\/uploads\/2023\/09\/2-scaled-1-300x225.jpg 300w, https:\/\/fadeu.urantiacos.cl\/wp-content\/uploads\/2023\/09\/2-scaled-1-768x576.jpg 768w, https:\/\/fadeu.urantiacos.cl\/wp-content\/uploads\/2023\/09\/2-scaled-1-1536x1152.jpg 1536w, https:\/\/fadeu.urantiacos.cl\/wp-content\/uploads\/2023\/09\/2-scaled-1-2048x1536.jpg 2048w, https:\/\/fadeu.urantiacos.cl\/wp-content\/uploads\/2023\/09\/2-scaled-1.jpg 1600w\" sizes=\"(max-width: 1024px) 100vw, 1024px\" \/><\/figure>\n\n\n\n<p>INFORMACI\u00d3N PERIOD\u00cdSTICA<br>JUAN ANDR\u00c9S INZUNZA<\/p>\n","protected":false},"excerpt":{"rendered":"<p>Isidora Valdajos (Presidenta), Mar\u00eda Jes\u00fas Pino (Secretaria General) y Catalina Pinto (Tesorera) son quienes encabezan a partir de diciembre de 2021 el Centro de Estudiantes de Planificaci\u00f3n Urbana (CEPU), que representa a la carrera y a quienes estudian el t\u00edtulo profesional de Planificador Urbano UC.<\/p>\n","protected":false},"author":1,"featured_media":5770,"comment_status":"open","ping_status":"open","sticky":false,"template":"","format":"standard","meta":{"_acf_changed":false,"footnotes":""},"categories":[1],"tags":[],"class_list":["post-5769","post","type-post","status-publish","format-standard","has-post-thumbnail","hentry","category-sin-categorizar"],"acf":[],"yoast_head":"<!-- This site is optimized with the Yoast SEO plugin v27.1.1 - https:\/\/yoast.com\/product\/yoast-seo-wordpress\/ -->\n<title>Asume nueva directiva en el Centro de Estudiantes de Planificaci\u00f3n Urbana (CEPU) - Facultad de Arquitectura, Dise\u00f1o y Estudios Urbanos<\/title>\n<meta name=\"description\" content=\"Isidora Valdajos (Presidenta), Mar\u00eda Jes\u00fas Pino (Secretaria General) y Catalina Pinto (Tesorera) son quienes encabezan a partir de diciembre de 2021 el Centro de Estudiantes de Planificaci\u00f3n Urbana (CEPU), que representa a la carrera y a quienes estudian el t\u00edtulo profesional de Planificador Urbano UC.\" \/>\n<meta name=\"robots\" content=\"index, follow, max-snippet:-1, max-image-preview:large, max-video-preview:-1\" \/>\n<link rel=\"canonical\" href=\"https:\/\/fadeu.urantiacos.cl\/en\/2021\/12\/19\/asume-nueva-directiva-en-el-centro-de-estudiantes-de-planificacion-urbana-cepu\/\" \/>\n<meta property=\"og:locale\" content=\"en_US\" \/>\n<meta property=\"og:type\" content=\"article\" \/>\n<meta property=\"og:title\" content=\"Asume nueva directiva en el Centro de Estudiantes de Planificaci\u00f3n Urbana (CEPU) - Facultad de Arquitectura, Dise\u00f1o y Estudios Urbanos\" \/>\n<meta property=\"og:description\" content=\"Isidora Valdajos (Presidenta), Mar\u00eda Jes\u00fas Pino (Secretaria General) y Catalina Pinto (Tesorera) son quienes encabezan a partir de diciembre de 2021 el Centro de Estudiantes de Planificaci\u00f3n Urbana (CEPU), que representa a la carrera y a quienes estudian el t\u00edtulo profesional de Planificador Urbano UC.\" \/>\n<meta property=\"og:url\" content=\"https:\/\/fadeu.urantiacos.cl\/en\/2021\/12\/19\/asume-nueva-directiva-en-el-centro-de-estudiantes-de-planificacion-urbana-cepu\/\" \/>\n<meta property=\"og:site_name\" content=\"Facultad de Arquitectura, Dise\u00f1o y Estudios Urbanos\" \/>\n<meta property=\"article:published_time\" content=\"2021-12-20T00:49:00+00:00\" \/>\n<meta property=\"article:modified_time\" content=\"2023-09-07T00:52:52+00:00\" \/>\n<meta property=\"og:image\" content=\"https:\/\/fadeu.urantiacos.cl\/wp-content\/uploads\/2023\/09\/1-2048x1536_WEB.jpg\" \/>\n\t<meta property=\"og:image:width\" content=\"350\" \/>\n\t<meta property=\"og:image:height\" content=\"250\" \/>\n\t<meta property=\"og:image:type\" content=\"image\/jpeg\" \/>\n<meta name=\"author\" content=\"manadmin\" \/>\n<meta name=\"twitter:card\" content=\"summary_large_image\" \/>\n<meta name=\"twitter:label1\" content=\"Written by\" \/>\n\t<meta name=\"twitter:data1\" content=\"manadmin\" \/>\n\t<meta name=\"twitter:label2\" content=\"Est. reading time\" \/>\n\t<meta name=\"twitter:data2\" content=\"3 minutes\" \/>\n<script type=\"application\/ld+json\" class=\"yoast-schema-graph\">{\"@context\":\"https:\/\/schema.org\",\"@graph\":[{\"@type\":\"Article\",\"@id\":\"https:\/\/fadeu.urantiacos.cl\/en\/2021\/12\/19\/asume-nueva-directiva-en-el-centro-de-estudiantes-de-planificacion-urbana-cepu\/#article\",\"isPartOf\":{\"@id\":\"https:\/\/fadeu.urantiacos.cl\/en\/2021\/12\/19\/asume-nueva-directiva-en-el-centro-de-estudiantes-de-planificacion-urbana-cepu\/\"},\"author\":{\"name\":\"manadmin\",\"@id\":\"https:\/\/fadeu.urantiacos.cl\/en\/#\/schema\/person\/d203e2e84b1c40275eac77b3061a19a2\"},\"headline\":\"Asume nueva directiva en el Centro de Estudiantes de Planificaci\u00f3n Urbana (CEPU)\",\"datePublished\":\"2021-12-20T00:49:00+00:00\",\"dateModified\":\"2023-09-07T00:52:52+00:00\",\"mainEntityOfPage\":{\"@id\":\"https:\/\/fadeu.urantiacos.cl\/en\/2021\/12\/19\/asume-nueva-directiva-en-el-centro-de-estudiantes-de-planificacion-urbana-cepu\/\"},\"wordCount\":583,\"commentCount\":0,\"image\":{\"@id\":\"https:\/\/fadeu.urantiacos.cl\/en\/2021\/12\/19\/asume-nueva-directiva-en-el-centro-de-estudiantes-de-planificacion-urbana-cepu\/#primaryimage\"},\"thumbnailUrl\":\"https:\/\/fadeu.urantiacos.cl\/wp-content\/uploads\/2023\/09\/1-2048x1536_WEB.jpg\",\"articleSection\":[\"Sin categorizar\"],\"inLanguage\":\"en-US\",\"potentialAction\":[{\"@type\":\"CommentAction\",\"name\":\"Comment\",\"target\":[\"https:\/\/fadeu.urantiacos.cl\/en\/2021\/12\/19\/asume-nueva-directiva-en-el-centro-de-estudiantes-de-planificacion-urbana-cepu\/#respond\"]}]},{\"@type\":\"WebPage\",\"@id\":\"https:\/\/fadeu.urantiacos.cl\/en\/2021\/12\/19\/asume-nueva-directiva-en-el-centro-de-estudiantes-de-planificacion-urbana-cepu\/\",\"url\":\"https:\/\/fadeu.urantiacos.cl\/en\/2021\/12\/19\/asume-nueva-directiva-en-el-centro-de-estudiantes-de-planificacion-urbana-cepu\/\",\"name\":\"Asume nueva directiva en el Centro de Estudiantes de Planificaci\u00f3n Urbana (CEPU) - Facultad de Arquitectura, Dise\u00f1o y Estudios Urbanos\",\"isPartOf\":{\"@id\":\"https:\/\/fadeu.urantiacos.cl\/en\/#website\"},\"primaryImageOfPage\":{\"@id\":\"https:\/\/fadeu.urantiacos.cl\/en\/2021\/12\/19\/asume-nueva-directiva-en-el-centro-de-estudiantes-de-planificacion-urbana-cepu\/#primaryimage\"},\"image\":{\"@id\":\"https:\/\/fadeu.urantiacos.cl\/en\/2021\/12\/19\/asume-nueva-directiva-en-el-centro-de-estudiantes-de-planificacion-urbana-cepu\/#primaryimage\"},\"thumbnailUrl\":\"https:\/\/fadeu.urantiacos.cl\/wp-content\/uploads\/2023\/09\/1-2048x1536_WEB.jpg\",\"datePublished\":\"2021-12-20T00:49:00+00:00\",\"dateModified\":\"2023-09-07T00:52:52+00:00\",\"author\":{\"@id\":\"https:\/\/fadeu.urantiacos.cl\/en\/#\/schema\/person\/d203e2e84b1c40275eac77b3061a19a2\"},\"description\":\"Isidora Valdajos (Presidenta), Mar\u00eda Jes\u00fas Pino (Secretaria General) y Catalina Pinto (Tesorera) son quienes encabezan a partir de diciembre de 2021 el Centro de Estudiantes de Planificaci\u00f3n Urbana (CEPU), que representa a la carrera y a quienes estudian el t\u00edtulo profesional de Planificador Urbano UC.\",\"breadcrumb\":{\"@id\":\"https:\/\/fadeu.urantiacos.cl\/en\/2021\/12\/19\/asume-nueva-directiva-en-el-centro-de-estudiantes-de-planificacion-urbana-cepu\/#breadcrumb\"},\"inLanguage\":\"en-US\",\"potentialAction\":[{\"@type\":\"ReadAction\",\"target\":[\"https:\/\/fadeu.urantiacos.cl\/en\/2021\/12\/19\/asume-nueva-directiva-en-el-centro-de-estudiantes-de-planificacion-urbana-cepu\/\"]}]},{\"@type\":\"ImageObject\",\"inLanguage\":\"en-US\",\"@id\":\"https:\/\/fadeu.urantiacos.cl\/en\/2021\/12\/19\/asume-nueva-directiva-en-el-centro-de-estudiantes-de-planificacion-urbana-cepu\/#primaryimage\",\"url\":\"https:\/\/fadeu.urantiacos.cl\/wp-content\/uploads\/2023\/09\/1-2048x1536_WEB.jpg\",\"contentUrl\":\"https:\/\/fadeu.urantiacos.cl\/wp-content\/uploads\/2023\/09\/1-2048x1536_WEB.jpg\",\"width\":350,\"height\":250},{\"@type\":\"BreadcrumbList\",\"@id\":\"https:\/\/fadeu.urantiacos.cl\/en\/2021\/12\/19\/asume-nueva-directiva-en-el-centro-de-estudiantes-de-planificacion-urbana-cepu\/#breadcrumb\",\"itemListElement\":[{\"@type\":\"ListItem\",\"position\":1,\"name\":\"Portada\",\"item\":\"https:\/\/fadeu.urantiacos.cl\/en\/\"},{\"@type\":\"ListItem\",\"position\":2,\"name\":\"Asume nueva directiva en el Centro de Estudiantes de Planificaci\u00f3n Urbana (CEPU)\"}]},{\"@type\":\"WebSite\",\"@id\":\"https:\/\/fadeu.urantiacos.cl\/en\/#website\",\"url\":\"https:\/\/fadeu.urantiacos.cl\/en\/\",\"name\":\"Facultad de Arquitectura, Dise\u00f1o y Estudios Urbanos\",\"description\":\"Campus Lo Contador\",\"potentialAction\":[{\"@type\":\"SearchAction\",\"target\":{\"@type\":\"EntryPoint\",\"urlTemplate\":\"https:\/\/fadeu.urantiacos.cl\/en\/?s={search_term_string}\"},\"query-input\":{\"@type\":\"PropertyValueSpecification\",\"valueRequired\":true,\"valueName\":\"search_term_string\"}}],\"inLanguage\":\"en-US\"},{\"@type\":\"Person\",\"@id\":\"https:\/\/fadeu.urantiacos.cl\/en\/#\/schema\/person\/d203e2e84b1c40275eac77b3061a19a2\",\"name\":\"manadmin\",\"image\":{\"@type\":\"ImageObject\",\"inLanguage\":\"en-US\",\"@id\":\"https:\/\/fadeu.urantiacos.cl\/en\/#\/schema\/person\/image\/\",\"url\":\"https:\/\/secure.gravatar.com\/avatar\/4b1d8e3303b4a9d8968ac578947d8bc80d9aea359f388cdd4aac15cadc0e8447?s=96&d=mm&r=g\",\"contentUrl\":\"https:\/\/secure.gravatar.com\/avatar\/4b1d8e3303b4a9d8968ac578947d8bc80d9aea359f388cdd4aac15cadc0e8447?s=96&d=mm&r=g\",\"caption\":\"manadmin\"},\"sameAs\":[\"https:\/\/fadeu.urantiacos.cl\"]}]}<\/script>\n<!-- \/ Yoast SEO plugin. -->","yoast_head_json":{"title":"Asume nueva directiva en el Centro de Estudiantes de Planificaci\u00f3n Urbana (CEPU) - Facultad de Arquitectura, Dise\u00f1o y Estudios Urbanos","description":"Isidora Valdajos (Presidenta), Mar\u00eda Jes\u00fas Pino (Secretaria General) y Catalina Pinto (Tesorera) son quienes encabezan a partir de diciembre de 2021 el Centro de Estudiantes de Planificaci\u00f3n Urbana (CEPU), que representa a la carrera y a quienes estudian el t\u00edtulo profesional de Planificador Urbano UC.","robots":{"index":"index","follow":"follow","max-snippet":"max-snippet:-1","max-image-preview":"max-image-preview:large","max-video-preview":"max-video-preview:-1"},"canonical":"https:\/\/fadeu.urantiacos.cl\/en\/2021\/12\/19\/asume-nueva-directiva-en-el-centro-de-estudiantes-de-planificacion-urbana-cepu\/","og_locale":"en_US","og_type":"article","og_title":"Asume nueva directiva en el Centro de Estudiantes de Planificaci\u00f3n Urbana (CEPU) - Facultad de Arquitectura, Dise\u00f1o y Estudios Urbanos","og_description":"Isidora Valdajos (Presidenta), Mar\u00eda Jes\u00fas Pino (Secretaria General) y Catalina Pinto (Tesorera) son quienes encabezan a partir de diciembre de 2021 el Centro de Estudiantes de Planificaci\u00f3n Urbana (CEPU), que representa a la carrera y a quienes estudian el t\u00edtulo profesional de Planificador Urbano UC.","og_url":"https:\/\/fadeu.urantiacos.cl\/en\/2021\/12\/19\/asume-nueva-directiva-en-el-centro-de-estudiantes-de-planificacion-urbana-cepu\/","og_site_name":"Facultad de Arquitectura, Dise\u00f1o y Estudios Urbanos","article_published_time":"2021-12-20T00:49:00+00:00","article_modified_time":"2023-09-07T00:52:52+00:00","og_image":[{"width":350,"height":250,"url":"https:\/\/fadeu.urantiacos.cl\/wp-content\/uploads\/2023\/09\/1-2048x1536_WEB.jpg","type":"image\/jpeg"}],"author":"manadmin","twitter_card":"summary_large_image","twitter_misc":{"Written by":"manadmin","Est. reading time":"3 minutes"},"schema":{"@context":"https:\/\/schema.org","@graph":[{"@type":"Article","@id":"https:\/\/fadeu.urantiacos.cl\/en\/2021\/12\/19\/asume-nueva-directiva-en-el-centro-de-estudiantes-de-planificacion-urbana-cepu\/#article","isPartOf":{"@id":"https:\/\/fadeu.urantiacos.cl\/en\/2021\/12\/19\/asume-nueva-directiva-en-el-centro-de-estudiantes-de-planificacion-urbana-cepu\/"},"author":{"name":"manadmin","@id":"https:\/\/fadeu.urantiacos.cl\/en\/#\/schema\/person\/d203e2e84b1c40275eac77b3061a19a2"},"headline":"Asume nueva directiva en el Centro de Estudiantes de Planificaci\u00f3n Urbana (CEPU)","datePublished":"2021-12-20T00:49:00+00:00","dateModified":"2023-09-07T00:52:52+00:00","mainEntityOfPage":{"@id":"https:\/\/fadeu.urantiacos.cl\/en\/2021\/12\/19\/asume-nueva-directiva-en-el-centro-de-estudiantes-de-planificacion-urbana-cepu\/"},"wordCount":583,"commentCount":0,"image":{"@id":"https:\/\/fadeu.urantiacos.cl\/en\/2021\/12\/19\/asume-nueva-directiva-en-el-centro-de-estudiantes-de-planificacion-urbana-cepu\/#primaryimage"},"thumbnailUrl":"https:\/\/fadeu.urantiacos.cl\/wp-content\/uploads\/2023\/09\/1-2048x1536_WEB.jpg","articleSection":["Sin categorizar"],"inLanguage":"en-US","potentialAction":[{"@type":"CommentAction","name":"Comment","target":["https:\/\/fadeu.urantiacos.cl\/en\/2021\/12\/19\/asume-nueva-directiva-en-el-centro-de-estudiantes-de-planificacion-urbana-cepu\/#respond"]}]},{"@type":"WebPage","@id":"https:\/\/fadeu.urantiacos.cl\/en\/2021\/12\/19\/asume-nueva-directiva-en-el-centro-de-estudiantes-de-planificacion-urbana-cepu\/","url":"https:\/\/fadeu.urantiacos.cl\/en\/2021\/12\/19\/asume-nueva-directiva-en-el-centro-de-estudiantes-de-planificacion-urbana-cepu\/","name":"Asume nueva directiva en el Centro de Estudiantes de Planificaci\u00f3n Urbana (CEPU) - Facultad de Arquitectura, Dise\u00f1o y Estudios Urbanos","isPartOf":{"@id":"https:\/\/fadeu.urantiacos.cl\/en\/#website"},"primaryImageOfPage":{"@id":"https:\/\/fadeu.urantiacos.cl\/en\/2021\/12\/19\/asume-nueva-directiva-en-el-centro-de-estudiantes-de-planificacion-urbana-cepu\/#primaryimage"},"image":{"@id":"https:\/\/fadeu.urantiacos.cl\/en\/2021\/12\/19\/asume-nueva-directiva-en-el-centro-de-estudiantes-de-planificacion-urbana-cepu\/#primaryimage"},"thumbnailUrl":"https:\/\/fadeu.urantiacos.cl\/wp-content\/uploads\/2023\/09\/1-2048x1536_WEB.jpg","datePublished":"2021-12-20T00:49:00+00:00","dateModified":"2023-09-07T00:52:52+00:00","author":{"@id":"https:\/\/fadeu.urantiacos.cl\/en\/#\/schema\/person\/d203e2e84b1c40275eac77b3061a19a2"},"description":"Isidora Valdajos (Presidenta), Mar\u00eda Jes\u00fas Pino (Secretaria General) y Catalina Pinto (Tesorera) son quienes encabezan a partir de diciembre de 2021 el Centro de Estudiantes de Planificaci\u00f3n Urbana (CEPU), que representa a la carrera y a quienes estudian el t\u00edtulo profesional de Planificador Urbano UC.","breadcrumb":{"@id":"https:\/\/fadeu.urantiacos.cl\/en\/2021\/12\/19\/asume-nueva-directiva-en-el-centro-de-estudiantes-de-planificacion-urbana-cepu\/#breadcrumb"},"inLanguage":"en-US","potentialAction":[{"@type":"ReadAction","target":["https:\/\/fadeu.urantiacos.cl\/en\/2021\/12\/19\/asume-nueva-directiva-en-el-centro-de-estudiantes-de-planificacion-urbana-cepu\/"]}]},{"@type":"ImageObject","inLanguage":"en-US","@id":"https:\/\/fadeu.urantiacos.cl\/en\/2021\/12\/19\/asume-nueva-directiva-en-el-centro-de-estudiantes-de-planificacion-urbana-cepu\/#primaryimage","url":"https:\/\/fadeu.urantiacos.cl\/wp-content\/uploads\/2023\/09\/1-2048x1536_WEB.jpg","contentUrl":"https:\/\/fadeu.urantiacos.cl\/wp-content\/uploads\/2023\/09\/1-2048x1536_WEB.jpg","width":350,"height":250},{"@type":"BreadcrumbList","@id":"https:\/\/fadeu.urantiacos.cl\/en\/2021\/12\/19\/asume-nueva-directiva-en-el-centro-de-estudiantes-de-planificacion-urbana-cepu\/#breadcrumb","itemListElement":[{"@type":"ListItem","position":1,"name":"Portada","item":"https:\/\/fadeu.urantiacos.cl\/en\/"},{"@type":"ListItem","position":2,"name":"Asume nueva directiva en el Centro de Estudiantes de Planificaci\u00f3n Urbana (CEPU)"}]},{"@type":"WebSite","@id":"https:\/\/fadeu.urantiacos.cl\/en\/#website","url":"https:\/\/fadeu.urantiacos.cl\/en\/","name":"Facultad de Arquitectura, Dise\u00f1o y Estudios Urbanos","description":"Campus Lo Contador","potentialAction":[{"@type":"SearchAction","target":{"@type":"EntryPoint","urlTemplate":"https:\/\/fadeu.urantiacos.cl\/en\/?s={search_term_string}"},"query-input":{"@type":"PropertyValueSpecification","valueRequired":true,"valueName":"search_term_string"}}],"inLanguage":"en-US"},{"@type":"Person","@id":"https:\/\/fadeu.urantiacos.cl\/en\/#\/schema\/person\/d203e2e84b1c40275eac77b3061a19a2","name":"manadmin","image":{"@type":"ImageObject","inLanguage":"en-US","@id":"https:\/\/fadeu.urantiacos.cl\/en\/#\/schema\/person\/image\/","url":"https:\/\/secure.gravatar.com\/avatar\/4b1d8e3303b4a9d8968ac578947d8bc80d9aea359f388cdd4aac15cadc0e8447?s=96&d=mm&r=g","contentUrl":"https:\/\/secure.gravatar.com\/avatar\/4b1d8e3303b4a9d8968ac578947d8bc80d9aea359f388cdd4aac15cadc0e8447?s=96&d=mm&r=g","caption":"manadmin"},"sameAs":["https:\/\/fadeu.urantiacos.cl"]}]}},"_links":{"self":[{"href":"https:\/\/fadeu.urantiacos.cl\/en\/wp-json\/wp\/v2\/posts\/5769","targetHints":{"allow":["GET"]}}],"collection":[{"href":"https:\/\/fadeu.urantiacos.cl\/en\/wp-json\/wp\/v2\/posts"}],"about":[{"href":"https:\/\/fadeu.urantiacos.cl\/en\/wp-json\/wp\/v2\/types\/post"}],"author":[{"embeddable":true,"href":"https:\/\/fadeu.urantiacos.cl\/en\/wp-json\/wp\/v2\/users\/1"}],"replies":[{"embeddable":true,"href":"https:\/\/fadeu.urantiacos.cl\/en\/wp-json\/wp\/v2\/comments?post=5769"}],"version-history":[{"count":1,"href":"https:\/\/fadeu.urantiacos.cl\/en\/wp-json\/wp\/v2\/posts\/5769\/revisions"}],"predecessor-version":[{"id":5772,"href":"https:\/\/fadeu.urantiacos.cl\/en\/wp-json\/wp\/v2\/posts\/5769\/revisions\/5772"}],"wp:featuredmedia":[{"embeddable":true,"href":"https:\/\/fadeu.urantiacos.cl\/en\/wp-json\/wp\/v2\/media\/5770"}],"wp:attachment":[{"href":"https:\/\/fadeu.urantiacos.cl\/en\/wp-json\/wp\/v2\/media?parent=5769"}],"wp:term":[{"taxonomy":"category","embeddable":true,"href":"https:\/\/fadeu.urantiacos.cl\/en\/wp-json\/wp\/v2\/categories?post=5769"},{"taxonomy":"post_tag","embeddable":true,"href":"https:\/\/fadeu.urantiacos.cl\/en\/wp-json\/wp\/v2\/tags?post=5769"}],"curies":[{"name":"wp","href":"https:\/\/api.w.org\/{rel}","templated":true}]}}