{"id":5765,"date":"2021-12-19T21:47:00","date_gmt":"2021-12-20T00:47:00","guid":{"rendered":"https:\/\/fadeu.urantiacos.cl\/?p=5765"},"modified":"2023-09-06T21:49:55","modified_gmt":"2023-09-07T00:49:55","slug":"taller-integrado-de-planificacion-cierra-con-presentacion-abierta-a-equipos-tecnicos-municipales","status":"publish","type":"post","link":"https:\/\/fadeu.urantiacos.cl\/en\/2021\/12\/19\/taller-integrado-de-planificacion-cierra-con-presentacion-abierta-a-equipos-tecnicos-municipales\/","title":{"rendered":"Taller Integrado de Planificaci\u00f3n cierra con presentaci\u00f3n abierta a equipos t\u00e9cnicos municipales"},"content":{"rendered":"\n<figure class=\"wp-block-image size-full\"><img decoding=\"async\" width=\"350\" height=\"250\" src=\"https:\/\/fadeu.urantiacos.cl\/wp-content\/uploads\/2023\/09\/WEB_WhatsApp-Image-2021-12-11-at-14.19.04.jpg\" alt=\"\" class=\"wp-image-5766\" srcset=\"https:\/\/fadeu.urantiacos.cl\/wp-content\/uploads\/2023\/09\/WEB_WhatsApp-Image-2021-12-11-at-14.19.04.jpg 350w, https:\/\/fadeu.urantiacos.cl\/wp-content\/uploads\/2023\/09\/WEB_WhatsApp-Image-2021-12-11-at-14.19.04-300x214.jpg 300w\" sizes=\"(max-width: 350px) 100vw, 350px\" \/><\/figure>\n\n\n\n<p>Este semestre el curso se dedic\u00f3 a explorar el desaf\u00edo de la planificaci\u00f3n integrada en contextos de las llamadas \u201czonas de sacrificio\u201d, analizando los casos de Quintero \u2013 Puchuncav\u00ed y de Tiltil. La presentaci\u00f3n final de los trabajos de los estudiantes cont\u00f3, de hecho, con la participaci\u00f3n de funcionarios de ambos municipios, adem\u00e1s del equipo docente del taller y otros profesores invitados.<\/p>\n\n\n\n<p>El taller sintetiza los aprendizajes de los cursos y los aplica a un ejercicio real de planificaci\u00f3n. Por esto, el taller de este a\u00f1o ha decidido enfocarse en las \u201czonas de sacrificio\u201d, \u00e1mbitos frente a los cuales la planificaci\u00f3n no est\u00e1 exenta de responsabilidades. Las \u201czonas de sacrificio\u201d son el resultado de d\u00e9cadas de pol\u00edticas desarrollistas y de normas que a\u00fan no reconocen la importancia de la justicia ambiental: sin embargo, los instrumentos de planificaci\u00f3n -o falta de ellos- han facilitado la constituci\u00f3n de estas zonas.<\/p>\n\n\n\n<p>Las propuestas de los estudiantes han abordado diferentes escenarios para las dos \u201czonas de sacrificio\u201d: desde la realizaci\u00f3n de cordones verdes para las localidades m\u00e1s expuestas a las externalidades negativas de las industrias, hasta la restauraci\u00f3n de esteros en funci\u00f3n ambiental y tur\u00edstica; la realizaci\u00f3n de nuevas viviendas para erradicar campamentos, y la reconversi\u00f3n de los polos industriales. Las propuestas, parte de un ejercicio acad\u00e9mico de planificaci\u00f3n, se mueven entre propuestas pragm\u00e1ticas y estrategias m\u00e1s ambiciosas que replantean el futuro de las dos zonas, demostrando que s\u00ed es posible pensar de otra manera las \u201czonas de sacrificio\u201d.<\/p>\n\n\n\n<p>Lo reconocen los mismos funcionarios municipales a la hora de comentar los trabajos. Seg\u00fan Juan Jos\u00e9 Rojas, de la Municipalidad de Tiltil, \u201cla definici\u00f3n de \u2018patio trasero\u2019 efectivamente es una situaci\u00f3n que a nosotros nos ha pegado duramente, por mucho tiempo. Pero la l\u00f3gica de hoy es reconvertir y un territorio como \u00e9ste nos ofrece la posibilidad de hacer cosas y de promover cambios reales\u201d.<\/p>\n\n\n\n<p>En la misma l\u00ednea, Melissa Pavez, de la Municipalidad de Quintero, afirm\u00f3 que \u201ces complejo trabajar con Quintero\u2026 lo que proponen va muy en la l\u00ednea con lo que se est\u00e1 trabajando, aunque con propuestas mejores que las que est\u00e1 haciendo la misma planificaci\u00f3n oficial\u201d.<\/p>\n\n\n\n<p>Las propuestas elaboradas en el taller quedar\u00e1n a disposici\u00f3n de las municipalidades y del p\u00fablico general, ofreciendo un diagn\u00f3stico de los territorios y algunas propuestas de proyecto. De esta manera, el taller se configura como un espacio de formaci\u00f3n y reflexi\u00f3n al servicio de los territorios y sus desaf\u00edos m\u00e1s urgentes.<\/p>\n\n\n\n<figure class=\"wp-block-image size-large\"><img decoding=\"async\" width=\"1024\" height=\"768\" src=\"https:\/\/fadeu.urantiacos.cl\/wp-content\/uploads\/2023\/09\/WhatsApp-Image-2021-12-11-at-14.19.08-1024x768.jpeg\" alt=\"\" class=\"wp-image-5767\" srcset=\"https:\/\/fadeu.urantiacos.cl\/wp-content\/uploads\/2023\/09\/WhatsApp-Image-2021-12-11-at-14.19.08-1024x768.jpeg 1024w, https:\/\/fadeu.urantiacos.cl\/wp-content\/uploads\/2023\/09\/WhatsApp-Image-2021-12-11-at-14.19.08-300x225.jpeg 300w, https:\/\/fadeu.urantiacos.cl\/wp-content\/uploads\/2023\/09\/WhatsApp-Image-2021-12-11-at-14.19.08-768x576.jpeg 768w, https:\/\/fadeu.urantiacos.cl\/wp-content\/uploads\/2023\/09\/WhatsApp-Image-2021-12-11-at-14.19.08-1536x1152.jpeg 1536w, https:\/\/fadeu.urantiacos.cl\/wp-content\/uploads\/2023\/09\/WhatsApp-Image-2021-12-11-at-14.19.08.jpeg 1600w\" sizes=\"(max-width: 1024px) 100vw, 1024px\" \/><\/figure>\n\n\n\n<p>\u00a0INFORMACI\u00d3N PERIOD\u00cdSTICA<br>JUAN ANDR\u00c9S INZUNZA<\/p>\n","protected":false},"excerpt":{"rendered":"<p>El pasado viernes 10 de diciembre concluy\u00f3 exitosamente el Taller Integrado de Planificaci\u00f3n, instancia de trabajo pr\u00e1ctico que se dicta de manera simult\u00e1nea entre estudiantes del pregrado en Planificaci\u00f3n Urbana, el Mag\u00edster en Desarrollo Urbano y el Mag\u00edster en Asentamientos Humanos y Medio Ambiente.<\/p>\n","protected":false},"author":1,"featured_media":5766,"comment_status":"open","ping_status":"open","sticky":false,"template":"","format":"standard","meta":{"_acf_changed":false,"footnotes":""},"categories":[1],"tags":[],"class_list":["post-5765","post","type-post","status-publish","format-standard","has-post-thumbnail","hentry","category-sin-categorizar"],"acf":[],"yoast_head":"<!-- This site is optimized with the Yoast SEO plugin v27.1.1 - https:\/\/yoast.com\/product\/yoast-seo-wordpress\/ -->\n<title>Taller Integrado de Planificaci\u00f3n cierra con presentaci\u00f3n abierta a equipos t\u00e9cnicos municipales - Facultad de Arquitectura, Dise\u00f1o y Estudios Urbanos<\/title>\n<meta name=\"description\" content=\"El pasado viernes 10 de diciembre concluy\u00f3 exitosamente el Taller Integrado de Planificaci\u00f3n, instancia de trabajo pr\u00e1ctico que se dicta de manera simult\u00e1nea entre estudiantes del pregrado en Planificaci\u00f3n Urbana, el Mag\u00edster en Desarrollo Urbano y el Mag\u00edster en Asentamientos Humanos y Medio Ambiente.\" \/>\n<meta name=\"robots\" content=\"index, follow, max-snippet:-1, max-image-preview:large, max-video-preview:-1\" \/>\n<link rel=\"canonical\" href=\"https:\/\/fadeu.urantiacos.cl\/en\/2021\/12\/19\/taller-integrado-de-planificacion-cierra-con-presentacion-abierta-a-equipos-tecnicos-municipales\/\" \/>\n<meta property=\"og:locale\" content=\"en_US\" \/>\n<meta property=\"og:type\" content=\"article\" \/>\n<meta property=\"og:title\" content=\"Taller Integrado de Planificaci\u00f3n cierra con presentaci\u00f3n abierta a equipos t\u00e9cnicos municipales - Facultad de Arquitectura, Dise\u00f1o y Estudios Urbanos\" \/>\n<meta property=\"og:description\" content=\"El pasado viernes 10 de diciembre concluy\u00f3 exitosamente el Taller Integrado de Planificaci\u00f3n, instancia de trabajo pr\u00e1ctico que se dicta de manera simult\u00e1nea entre estudiantes del pregrado en Planificaci\u00f3n Urbana, el Mag\u00edster en Desarrollo Urbano y el Mag\u00edster en Asentamientos Humanos y Medio Ambiente.\" \/>\n<meta property=\"og:url\" content=\"https:\/\/fadeu.urantiacos.cl\/en\/2021\/12\/19\/taller-integrado-de-planificacion-cierra-con-presentacion-abierta-a-equipos-tecnicos-municipales\/\" \/>\n<meta property=\"og:site_name\" content=\"Facultad de Arquitectura, Dise\u00f1o y Estudios Urbanos\" \/>\n<meta property=\"article:published_time\" content=\"2021-12-20T00:47:00+00:00\" \/>\n<meta property=\"article:modified_time\" content=\"2023-09-07T00:49:55+00:00\" \/>\n<meta property=\"og:image\" content=\"https:\/\/fadeu.urantiacos.cl\/wp-content\/uploads\/2023\/09\/WEB_WhatsApp-Image-2021-12-11-at-14.19.04.jpg\" \/>\n\t<meta property=\"og:image:width\" content=\"350\" \/>\n\t<meta property=\"og:image:height\" content=\"250\" \/>\n\t<meta property=\"og:image:type\" content=\"image\/jpeg\" \/>\n<meta name=\"author\" content=\"manadmin\" \/>\n<meta name=\"twitter:card\" content=\"summary_large_image\" \/>\n<meta name=\"twitter:label1\" content=\"Written by\" \/>\n\t<meta name=\"twitter:data1\" content=\"manadmin\" \/>\n\t<meta name=\"twitter:label2\" content=\"Est. reading time\" \/>\n\t<meta name=\"twitter:data2\" content=\"2 minutes\" \/>\n<script type=\"application\/ld+json\" class=\"yoast-schema-graph\">{\"@context\":\"https:\/\/schema.org\",\"@graph\":[{\"@type\":\"Article\",\"@id\":\"https:\/\/fadeu.urantiacos.cl\/en\/2021\/12\/19\/taller-integrado-de-planificacion-cierra-con-presentacion-abierta-a-equipos-tecnicos-municipales\/#article\",\"isPartOf\":{\"@id\":\"https:\/\/fadeu.urantiacos.cl\/en\/2021\/12\/19\/taller-integrado-de-planificacion-cierra-con-presentacion-abierta-a-equipos-tecnicos-municipales\/\"},\"author\":{\"name\":\"manadmin\",\"@id\":\"https:\/\/fadeu.urantiacos.cl\/en\/#\/schema\/person\/d203e2e84b1c40275eac77b3061a19a2\"},\"headline\":\"Taller Integrado de Planificaci\u00f3n cierra con presentaci\u00f3n abierta a equipos t\u00e9cnicos municipales\",\"datePublished\":\"2021-12-20T00:47:00+00:00\",\"dateModified\":\"2023-09-07T00:49:55+00:00\",\"mainEntityOfPage\":{\"@id\":\"https:\/\/fadeu.urantiacos.cl\/en\/2021\/12\/19\/taller-integrado-de-planificacion-cierra-con-presentacion-abierta-a-equipos-tecnicos-municipales\/\"},\"wordCount\":466,\"commentCount\":0,\"image\":{\"@id\":\"https:\/\/fadeu.urantiacos.cl\/en\/2021\/12\/19\/taller-integrado-de-planificacion-cierra-con-presentacion-abierta-a-equipos-tecnicos-municipales\/#primaryimage\"},\"thumbnailUrl\":\"https:\/\/fadeu.urantiacos.cl\/wp-content\/uploads\/2023\/09\/WEB_WhatsApp-Image-2021-12-11-at-14.19.04.jpg\",\"articleSection\":[\"Sin categorizar\"],\"inLanguage\":\"en-US\",\"potentialAction\":[{\"@type\":\"CommentAction\",\"name\":\"Comment\",\"target\":[\"https:\/\/fadeu.urantiacos.cl\/en\/2021\/12\/19\/taller-integrado-de-planificacion-cierra-con-presentacion-abierta-a-equipos-tecnicos-municipales\/#respond\"]}]},{\"@type\":\"WebPage\",\"@id\":\"https:\/\/fadeu.urantiacos.cl\/en\/2021\/12\/19\/taller-integrado-de-planificacion-cierra-con-presentacion-abierta-a-equipos-tecnicos-municipales\/\",\"url\":\"https:\/\/fadeu.urantiacos.cl\/en\/2021\/12\/19\/taller-integrado-de-planificacion-cierra-con-presentacion-abierta-a-equipos-tecnicos-municipales\/\",\"name\":\"Taller Integrado de Planificaci\u00f3n cierra con presentaci\u00f3n abierta a equipos t\u00e9cnicos municipales - Facultad de Arquitectura, Dise\u00f1o y Estudios Urbanos\",\"isPartOf\":{\"@id\":\"https:\/\/fadeu.urantiacos.cl\/en\/#website\"},\"primaryImageOfPage\":{\"@id\":\"https:\/\/fadeu.urantiacos.cl\/en\/2021\/12\/19\/taller-integrado-de-planificacion-cierra-con-presentacion-abierta-a-equipos-tecnicos-municipales\/#primaryimage\"},\"image\":{\"@id\":\"https:\/\/fadeu.urantiacos.cl\/en\/2021\/12\/19\/taller-integrado-de-planificacion-cierra-con-presentacion-abierta-a-equipos-tecnicos-municipales\/#primaryimage\"},\"thumbnailUrl\":\"https:\/\/fadeu.urantiacos.cl\/wp-content\/uploads\/2023\/09\/WEB_WhatsApp-Image-2021-12-11-at-14.19.04.jpg\",\"datePublished\":\"2021-12-20T00:47:00+00:00\",\"dateModified\":\"2023-09-07T00:49:55+00:00\",\"author\":{\"@id\":\"https:\/\/fadeu.urantiacos.cl\/en\/#\/schema\/person\/d203e2e84b1c40275eac77b3061a19a2\"},\"description\":\"El pasado viernes 10 de diciembre concluy\u00f3 exitosamente el Taller Integrado de Planificaci\u00f3n, instancia de trabajo pr\u00e1ctico que se dicta de manera simult\u00e1nea entre estudiantes del pregrado en Planificaci\u00f3n Urbana, el Mag\u00edster en Desarrollo Urbano y el Mag\u00edster en Asentamientos Humanos y Medio Ambiente.\",\"breadcrumb\":{\"@id\":\"https:\/\/fadeu.urantiacos.cl\/en\/2021\/12\/19\/taller-integrado-de-planificacion-cierra-con-presentacion-abierta-a-equipos-tecnicos-municipales\/#breadcrumb\"},\"inLanguage\":\"en-US\",\"potentialAction\":[{\"@type\":\"ReadAction\",\"target\":[\"https:\/\/fadeu.urantiacos.cl\/en\/2021\/12\/19\/taller-integrado-de-planificacion-cierra-con-presentacion-abierta-a-equipos-tecnicos-municipales\/\"]}]},{\"@type\":\"ImageObject\",\"inLanguage\":\"en-US\",\"@id\":\"https:\/\/fadeu.urantiacos.cl\/en\/2021\/12\/19\/taller-integrado-de-planificacion-cierra-con-presentacion-abierta-a-equipos-tecnicos-municipales\/#primaryimage\",\"url\":\"https:\/\/fadeu.urantiacos.cl\/wp-content\/uploads\/2023\/09\/WEB_WhatsApp-Image-2021-12-11-at-14.19.04.jpg\",\"contentUrl\":\"https:\/\/fadeu.urantiacos.cl\/wp-content\/uploads\/2023\/09\/WEB_WhatsApp-Image-2021-12-11-at-14.19.04.jpg\",\"width\":350,\"height\":250},{\"@type\":\"BreadcrumbList\",\"@id\":\"https:\/\/fadeu.urantiacos.cl\/en\/2021\/12\/19\/taller-integrado-de-planificacion-cierra-con-presentacion-abierta-a-equipos-tecnicos-municipales\/#breadcrumb\",\"itemListElement\":[{\"@type\":\"ListItem\",\"position\":1,\"name\":\"Portada\",\"item\":\"https:\/\/fadeu.urantiacos.cl\/en\/\"},{\"@type\":\"ListItem\",\"position\":2,\"name\":\"Taller Integrado de Planificaci\u00f3n cierra con presentaci\u00f3n abierta a equipos t\u00e9cnicos municipales\"}]},{\"@type\":\"WebSite\",\"@id\":\"https:\/\/fadeu.urantiacos.cl\/en\/#website\",\"url\":\"https:\/\/fadeu.urantiacos.cl\/en\/\",\"name\":\"Facultad de Arquitectura, Dise\u00f1o y Estudios Urbanos\",\"description\":\"Campus Lo Contador\",\"potentialAction\":[{\"@type\":\"SearchAction\",\"target\":{\"@type\":\"EntryPoint\",\"urlTemplate\":\"https:\/\/fadeu.urantiacos.cl\/en\/?s={search_term_string}\"},\"query-input\":{\"@type\":\"PropertyValueSpecification\",\"valueRequired\":true,\"valueName\":\"search_term_string\"}}],\"inLanguage\":\"en-US\"},{\"@type\":\"Person\",\"@id\":\"https:\/\/fadeu.urantiacos.cl\/en\/#\/schema\/person\/d203e2e84b1c40275eac77b3061a19a2\",\"name\":\"manadmin\",\"image\":{\"@type\":\"ImageObject\",\"inLanguage\":\"en-US\",\"@id\":\"https:\/\/fadeu.urantiacos.cl\/en\/#\/schema\/person\/image\/\",\"url\":\"https:\/\/secure.gravatar.com\/avatar\/4b1d8e3303b4a9d8968ac578947d8bc80d9aea359f388cdd4aac15cadc0e8447?s=96&d=mm&r=g\",\"contentUrl\":\"https:\/\/secure.gravatar.com\/avatar\/4b1d8e3303b4a9d8968ac578947d8bc80d9aea359f388cdd4aac15cadc0e8447?s=96&d=mm&r=g\",\"caption\":\"manadmin\"},\"sameAs\":[\"https:\/\/fadeu.urantiacos.cl\"]}]}<\/script>\n<!-- \/ Yoast SEO plugin. -->","yoast_head_json":{"title":"Taller Integrado de Planificaci\u00f3n cierra con presentaci\u00f3n abierta a equipos t\u00e9cnicos municipales - Facultad de Arquitectura, Dise\u00f1o y Estudios Urbanos","description":"El pasado viernes 10 de diciembre concluy\u00f3 exitosamente el Taller Integrado de Planificaci\u00f3n, instancia de trabajo pr\u00e1ctico que se dicta de manera simult\u00e1nea entre estudiantes del pregrado en Planificaci\u00f3n Urbana, el Mag\u00edster en Desarrollo Urbano y el Mag\u00edster en Asentamientos Humanos y Medio Ambiente.","robots":{"index":"index","follow":"follow","max-snippet":"max-snippet:-1","max-image-preview":"max-image-preview:large","max-video-preview":"max-video-preview:-1"},"canonical":"https:\/\/fadeu.urantiacos.cl\/en\/2021\/12\/19\/taller-integrado-de-planificacion-cierra-con-presentacion-abierta-a-equipos-tecnicos-municipales\/","og_locale":"en_US","og_type":"article","og_title":"Taller Integrado de Planificaci\u00f3n cierra con presentaci\u00f3n abierta a equipos t\u00e9cnicos municipales - Facultad de Arquitectura, Dise\u00f1o y Estudios Urbanos","og_description":"El pasado viernes 10 de diciembre concluy\u00f3 exitosamente el Taller Integrado de Planificaci\u00f3n, instancia de trabajo pr\u00e1ctico que se dicta de manera simult\u00e1nea entre estudiantes del pregrado en Planificaci\u00f3n Urbana, el Mag\u00edster en Desarrollo Urbano y el Mag\u00edster en Asentamientos Humanos y Medio Ambiente.","og_url":"https:\/\/fadeu.urantiacos.cl\/en\/2021\/12\/19\/taller-integrado-de-planificacion-cierra-con-presentacion-abierta-a-equipos-tecnicos-municipales\/","og_site_name":"Facultad de Arquitectura, Dise\u00f1o y Estudios Urbanos","article_published_time":"2021-12-20T00:47:00+00:00","article_modified_time":"2023-09-07T00:49:55+00:00","og_image":[{"width":350,"height":250,"url":"https:\/\/fadeu.urantiacos.cl\/wp-content\/uploads\/2023\/09\/WEB_WhatsApp-Image-2021-12-11-at-14.19.04.jpg","type":"image\/jpeg"}],"author":"manadmin","twitter_card":"summary_large_image","twitter_misc":{"Written by":"manadmin","Est. reading time":"2 minutes"},"schema":{"@context":"https:\/\/schema.org","@graph":[{"@type":"Article","@id":"https:\/\/fadeu.urantiacos.cl\/en\/2021\/12\/19\/taller-integrado-de-planificacion-cierra-con-presentacion-abierta-a-equipos-tecnicos-municipales\/#article","isPartOf":{"@id":"https:\/\/fadeu.urantiacos.cl\/en\/2021\/12\/19\/taller-integrado-de-planificacion-cierra-con-presentacion-abierta-a-equipos-tecnicos-municipales\/"},"author":{"name":"manadmin","@id":"https:\/\/fadeu.urantiacos.cl\/en\/#\/schema\/person\/d203e2e84b1c40275eac77b3061a19a2"},"headline":"Taller Integrado de Planificaci\u00f3n cierra con presentaci\u00f3n abierta a equipos t\u00e9cnicos municipales","datePublished":"2021-12-20T00:47:00+00:00","dateModified":"2023-09-07T00:49:55+00:00","mainEntityOfPage":{"@id":"https:\/\/fadeu.urantiacos.cl\/en\/2021\/12\/19\/taller-integrado-de-planificacion-cierra-con-presentacion-abierta-a-equipos-tecnicos-municipales\/"},"wordCount":466,"commentCount":0,"image":{"@id":"https:\/\/fadeu.urantiacos.cl\/en\/2021\/12\/19\/taller-integrado-de-planificacion-cierra-con-presentacion-abierta-a-equipos-tecnicos-municipales\/#primaryimage"},"thumbnailUrl":"https:\/\/fadeu.urantiacos.cl\/wp-content\/uploads\/2023\/09\/WEB_WhatsApp-Image-2021-12-11-at-14.19.04.jpg","articleSection":["Sin categorizar"],"inLanguage":"en-US","potentialAction":[{"@type":"CommentAction","name":"Comment","target":["https:\/\/fadeu.urantiacos.cl\/en\/2021\/12\/19\/taller-integrado-de-planificacion-cierra-con-presentacion-abierta-a-equipos-tecnicos-municipales\/#respond"]}]},{"@type":"WebPage","@id":"https:\/\/fadeu.urantiacos.cl\/en\/2021\/12\/19\/taller-integrado-de-planificacion-cierra-con-presentacion-abierta-a-equipos-tecnicos-municipales\/","url":"https:\/\/fadeu.urantiacos.cl\/en\/2021\/12\/19\/taller-integrado-de-planificacion-cierra-con-presentacion-abierta-a-equipos-tecnicos-municipales\/","name":"Taller Integrado de Planificaci\u00f3n cierra con presentaci\u00f3n abierta a equipos t\u00e9cnicos municipales - Facultad de Arquitectura, Dise\u00f1o y Estudios Urbanos","isPartOf":{"@id":"https:\/\/fadeu.urantiacos.cl\/en\/#website"},"primaryImageOfPage":{"@id":"https:\/\/fadeu.urantiacos.cl\/en\/2021\/12\/19\/taller-integrado-de-planificacion-cierra-con-presentacion-abierta-a-equipos-tecnicos-municipales\/#primaryimage"},"image":{"@id":"https:\/\/fadeu.urantiacos.cl\/en\/2021\/12\/19\/taller-integrado-de-planificacion-cierra-con-presentacion-abierta-a-equipos-tecnicos-municipales\/#primaryimage"},"thumbnailUrl":"https:\/\/fadeu.urantiacos.cl\/wp-content\/uploads\/2023\/09\/WEB_WhatsApp-Image-2021-12-11-at-14.19.04.jpg","datePublished":"2021-12-20T00:47:00+00:00","dateModified":"2023-09-07T00:49:55+00:00","author":{"@id":"https:\/\/fadeu.urantiacos.cl\/en\/#\/schema\/person\/d203e2e84b1c40275eac77b3061a19a2"},"description":"El pasado viernes 10 de diciembre concluy\u00f3 exitosamente el Taller Integrado de Planificaci\u00f3n, instancia de trabajo pr\u00e1ctico que se dicta de manera simult\u00e1nea entre estudiantes del pregrado en Planificaci\u00f3n Urbana, el Mag\u00edster en Desarrollo Urbano y el Mag\u00edster en Asentamientos Humanos y Medio Ambiente.","breadcrumb":{"@id":"https:\/\/fadeu.urantiacos.cl\/en\/2021\/12\/19\/taller-integrado-de-planificacion-cierra-con-presentacion-abierta-a-equipos-tecnicos-municipales\/#breadcrumb"},"inLanguage":"en-US","potentialAction":[{"@type":"ReadAction","target":["https:\/\/fadeu.urantiacos.cl\/en\/2021\/12\/19\/taller-integrado-de-planificacion-cierra-con-presentacion-abierta-a-equipos-tecnicos-municipales\/"]}]},{"@type":"ImageObject","inLanguage":"en-US","@id":"https:\/\/fadeu.urantiacos.cl\/en\/2021\/12\/19\/taller-integrado-de-planificacion-cierra-con-presentacion-abierta-a-equipos-tecnicos-municipales\/#primaryimage","url":"https:\/\/fadeu.urantiacos.cl\/wp-content\/uploads\/2023\/09\/WEB_WhatsApp-Image-2021-12-11-at-14.19.04.jpg","contentUrl":"https:\/\/fadeu.urantiacos.cl\/wp-content\/uploads\/2023\/09\/WEB_WhatsApp-Image-2021-12-11-at-14.19.04.jpg","width":350,"height":250},{"@type":"BreadcrumbList","@id":"https:\/\/fadeu.urantiacos.cl\/en\/2021\/12\/19\/taller-integrado-de-planificacion-cierra-con-presentacion-abierta-a-equipos-tecnicos-municipales\/#breadcrumb","itemListElement":[{"@type":"ListItem","position":1,"name":"Portada","item":"https:\/\/fadeu.urantiacos.cl\/en\/"},{"@type":"ListItem","position":2,"name":"Taller Integrado de Planificaci\u00f3n cierra con presentaci\u00f3n abierta a equipos t\u00e9cnicos municipales"}]},{"@type":"WebSite","@id":"https:\/\/fadeu.urantiacos.cl\/en\/#website","url":"https:\/\/fadeu.urantiacos.cl\/en\/","name":"Facultad de Arquitectura, Dise\u00f1o y Estudios Urbanos","description":"Campus Lo Contador","potentialAction":[{"@type":"SearchAction","target":{"@type":"EntryPoint","urlTemplate":"https:\/\/fadeu.urantiacos.cl\/en\/?s={search_term_string}"},"query-input":{"@type":"PropertyValueSpecification","valueRequired":true,"valueName":"search_term_string"}}],"inLanguage":"en-US"},{"@type":"Person","@id":"https:\/\/fadeu.urantiacos.cl\/en\/#\/schema\/person\/d203e2e84b1c40275eac77b3061a19a2","name":"manadmin","image":{"@type":"ImageObject","inLanguage":"en-US","@id":"https:\/\/fadeu.urantiacos.cl\/en\/#\/schema\/person\/image\/","url":"https:\/\/secure.gravatar.com\/avatar\/4b1d8e3303b4a9d8968ac578947d8bc80d9aea359f388cdd4aac15cadc0e8447?s=96&d=mm&r=g","contentUrl":"https:\/\/secure.gravatar.com\/avatar\/4b1d8e3303b4a9d8968ac578947d8bc80d9aea359f388cdd4aac15cadc0e8447?s=96&d=mm&r=g","caption":"manadmin"},"sameAs":["https:\/\/fadeu.urantiacos.cl"]}]}},"_links":{"self":[{"href":"https:\/\/fadeu.urantiacos.cl\/en\/wp-json\/wp\/v2\/posts\/5765","targetHints":{"allow":["GET"]}}],"collection":[{"href":"https:\/\/fadeu.urantiacos.cl\/en\/wp-json\/wp\/v2\/posts"}],"about":[{"href":"https:\/\/fadeu.urantiacos.cl\/en\/wp-json\/wp\/v2\/types\/post"}],"author":[{"embeddable":true,"href":"https:\/\/fadeu.urantiacos.cl\/en\/wp-json\/wp\/v2\/users\/1"}],"replies":[{"embeddable":true,"href":"https:\/\/fadeu.urantiacos.cl\/en\/wp-json\/wp\/v2\/comments?post=5765"}],"version-history":[{"count":1,"href":"https:\/\/fadeu.urantiacos.cl\/en\/wp-json\/wp\/v2\/posts\/5765\/revisions"}],"predecessor-version":[{"id":5768,"href":"https:\/\/fadeu.urantiacos.cl\/en\/wp-json\/wp\/v2\/posts\/5765\/revisions\/5768"}],"wp:featuredmedia":[{"embeddable":true,"href":"https:\/\/fadeu.urantiacos.cl\/en\/wp-json\/wp\/v2\/media\/5766"}],"wp:attachment":[{"href":"https:\/\/fadeu.urantiacos.cl\/en\/wp-json\/wp\/v2\/media?parent=5765"}],"wp:term":[{"taxonomy":"category","embeddable":true,"href":"https:\/\/fadeu.urantiacos.cl\/en\/wp-json\/wp\/v2\/categories?post=5765"},{"taxonomy":"post_tag","embeddable":true,"href":"https:\/\/fadeu.urantiacos.cl\/en\/wp-json\/wp\/v2\/tags?post=5765"}],"curies":[{"name":"wp","href":"https:\/\/api.w.org\/{rel}","templated":true}]}}