{"id":5752,"date":"2021-12-20T21:38:00","date_gmt":"2021-12-21T00:38:00","guid":{"rendered":"https:\/\/fadeu.urantiacos.cl\/?p=5752"},"modified":"2023-09-06T21:44:35","modified_gmt":"2023-09-07T00:44:35","slug":"diseno-uc-temporada-de-examenes","status":"publish","type":"post","link":"https:\/\/fadeu.urantiacos.cl\/en\/2021\/12\/20\/diseno-uc-temporada-de-examenes\/","title":{"rendered":"Dise\u00f1o UC: Temporada de ex\u00e1menes"},"content":{"rendered":"\n<figure class=\"wp-block-image size-full\"><img decoding=\"async\" width=\"350\" height=\"250\" src=\"https:\/\/fadeu.urantiacos.cl\/wp-content\/uploads\/2023\/09\/WEB_Captura-de-Pantalla-2021-12-20-a-las-13.55.51.png\" alt=\"\" class=\"wp-image-5754\" srcset=\"https:\/\/fadeu.urantiacos.cl\/wp-content\/uploads\/2023\/09\/WEB_Captura-de-Pantalla-2021-12-20-a-las-13.55.51.png 350w, https:\/\/fadeu.urantiacos.cl\/wp-content\/uploads\/2023\/09\/WEB_Captura-de-Pantalla-2021-12-20-a-las-13.55.51-300x214.png 300w\" sizes=\"(max-width: 350px) 100vw, 350px\" \/><\/figure>\n\n\n\n<p>Un cierre de semestre diferente, marcado por la transici\u00f3n a la presencialidad, con ex\u00e1menes h\u00edbridos y exhibiciones presenciales que dan cuenta de los resultados alcanzados por los estudiantes esta temporada. Tiempo en el que tambi\u00e9n la comunidad de Dise\u00f1o est\u00e1 atenta a las propuestas que concluyen el a\u00f1o acad\u00e9mico:<\/p>\n\n\n\n<p>El&nbsp;curso Estructuras y materiales, a cargo de los docentes Luis Andueza y H\u00e9ctor Novoa present\u00f3 el Dise\u00f1o y fabricaci\u00f3n de una banca, utilizando los principios estructurales revisados en el curso, las propuestas deb\u00edan contemplar un dise\u00f1o para dos personas con las restricciones de contar con 2 puntos de apoyo, utilizar como m\u00e1ximo 2 planchas de terciado de 3mm y considerar uniones en seco como ensambles y amarra-cables pl\u00e1sticos.<\/p>\n\n\n\n<figure class=\"wp-block-image size-large\"><img decoding=\"async\" width=\"1024\" height=\"768\" src=\"https:\/\/fadeu.urantiacos.cl\/wp-content\/uploads\/2023\/09\/WhatsApp-Image-2021-12-20-at-13.13.27-1024x768.jpeg\" alt=\"\" class=\"wp-image-5755\" srcset=\"https:\/\/fadeu.urantiacos.cl\/wp-content\/uploads\/2023\/09\/WhatsApp-Image-2021-12-20-at-13.13.27-1024x768.jpeg 1024w, https:\/\/fadeu.urantiacos.cl\/wp-content\/uploads\/2023\/09\/WhatsApp-Image-2021-12-20-at-13.13.27-300x225.jpeg 300w, https:\/\/fadeu.urantiacos.cl\/wp-content\/uploads\/2023\/09\/WhatsApp-Image-2021-12-20-at-13.13.27-768x576.jpeg 768w, https:\/\/fadeu.urantiacos.cl\/wp-content\/uploads\/2023\/09\/WhatsApp-Image-2021-12-20-at-13.13.27-1536x1152.jpeg 1536w, https:\/\/fadeu.urantiacos.cl\/wp-content\/uploads\/2023\/09\/WhatsApp-Image-2021-12-20-at-13.13.27.jpeg 1600w\" sizes=\"(max-width: 1024px) 100vw, 1024px\" \/><\/figure>\n\n\n\n<figure class=\"wp-block-image size-large\"><img decoding=\"async\" width=\"768\" height=\"1024\" src=\"https:\/\/fadeu.urantiacos.cl\/wp-content\/uploads\/2023\/09\/WhatsApp-Image-2021-12-20-at-13.13.27-1-768x1024.jpeg\" alt=\"\" class=\"wp-image-5756\" srcset=\"https:\/\/fadeu.urantiacos.cl\/wp-content\/uploads\/2023\/09\/WhatsApp-Image-2021-12-20-at-13.13.27-1-768x1024.jpeg 768w, https:\/\/fadeu.urantiacos.cl\/wp-content\/uploads\/2023\/09\/WhatsApp-Image-2021-12-20-at-13.13.27-1-225x300.jpeg 225w, https:\/\/fadeu.urantiacos.cl\/wp-content\/uploads\/2023\/09\/WhatsApp-Image-2021-12-20-at-13.13.27-1-1152x1536.jpeg 1152w, https:\/\/fadeu.urantiacos.cl\/wp-content\/uploads\/2023\/09\/WhatsApp-Image-2021-12-20-at-13.13.27-1.jpeg 900w\" sizes=\"(max-width: 768px) 100vw, 768px\" \/><\/figure>\n\n\n\n<figure class=\"wp-block-image size-large\"><img decoding=\"async\" width=\"1024\" height=\"768\" src=\"https:\/\/fadeu.urantiacos.cl\/wp-content\/uploads\/2023\/09\/WhatsApp-Image-2021-12-20-at-13.13.26-1024x768.jpeg\" alt=\"\" class=\"wp-image-5757\" srcset=\"https:\/\/fadeu.urantiacos.cl\/wp-content\/uploads\/2023\/09\/WhatsApp-Image-2021-12-20-at-13.13.26-1024x768.jpeg 1024w, https:\/\/fadeu.urantiacos.cl\/wp-content\/uploads\/2023\/09\/WhatsApp-Image-2021-12-20-at-13.13.26-300x225.jpeg 300w, https:\/\/fadeu.urantiacos.cl\/wp-content\/uploads\/2023\/09\/WhatsApp-Image-2021-12-20-at-13.13.26-768x576.jpeg 768w, https:\/\/fadeu.urantiacos.cl\/wp-content\/uploads\/2023\/09\/WhatsApp-Image-2021-12-20-at-13.13.26-1536x1152.jpeg 1536w, https:\/\/fadeu.urantiacos.cl\/wp-content\/uploads\/2023\/09\/WhatsApp-Image-2021-12-20-at-13.13.26.jpeg 1600w\" sizes=\"(max-width: 1024px) 100vw, 1024px\" \/><\/figure>\n\n\n\n<p>La secci\u00f3n&nbsp;TIDE&nbsp;de los profesores Andr\u00e9s Villela y Catalina Hepp trabaj\u00f3 con FOSIS y CONADI, desarrollando propuestas de dise\u00f1o e innovaci\u00f3n en el \u00e1rea de riego<\/p>\n\n\n\n<p>\u201cLa entregas contemplaron la investigaci\u00f3n cualitativa, definici\u00f3n de problemas u oportunidades y definici\u00f3n de la estrategia de innovaci\u00f3n. Las que debieron hacerse cargo de las oportunidades y necesidades, para hacer de esto una propuesta de dise\u00f1o estrat\u00e9gico que pueda llegar a ser una soluci\u00f3n escalable al programa a nivel nacional\u201d, explican los docentes.&nbsp;<\/p>\n\n\n\n<p>Por su parte la secci\u00f3n 3d de&nbsp;Introducci\u00f3n al proyecto&nbsp;present\u00f3 los resultados de su examen en el Patio de Madera, en \u00e9l, cada estudiante debi\u00f3 dise\u00f1ar un objeto tridimensional construido en base a alambre revirado y superficies laminares en papel blanco, que lograran generar movimientos gracias a activaciones por gravedad, viento, tacto, el\u00e1sticos, contrapesos, o alg\u00fan otro mecanismo; que potencie y exprese la s\u00edntesis del objeto de estudio, y representar el proceso creativo en l\u00e1minas.<\/p>\n\n\n\n<figure class=\"wp-block-image size-full\"><img decoding=\"async\" width=\"529\" height=\"349\" src=\"https:\/\/fadeu.urantiacos.cl\/wp-content\/uploads\/2023\/09\/Captura-de-Pantalla-2021-12-20-a-las-13.55.27.png\" alt=\"\" class=\"wp-image-5758\" srcset=\"https:\/\/fadeu.urantiacos.cl\/wp-content\/uploads\/2023\/09\/Captura-de-Pantalla-2021-12-20-a-las-13.55.27.png 529w, https:\/\/fadeu.urantiacos.cl\/wp-content\/uploads\/2023\/09\/Captura-de-Pantalla-2021-12-20-a-las-13.55.27-300x198.png 300w\" sizes=\"(max-width: 529px) 100vw, 529px\" \/><\/figure>\n\n\n\n<figure class=\"wp-block-image size-full\"><img decoding=\"async\" width=\"502\" height=\"311\" src=\"https:\/\/fadeu.urantiacos.cl\/wp-content\/uploads\/2023\/09\/Captura-de-Pantalla-2021-12-20-a-las-13.55.36.png\" alt=\"\" class=\"wp-image-5759\" srcset=\"https:\/\/fadeu.urantiacos.cl\/wp-content\/uploads\/2023\/09\/Captura-de-Pantalla-2021-12-20-a-las-13.55.36.png 502w, https:\/\/fadeu.urantiacos.cl\/wp-content\/uploads\/2023\/09\/Captura-de-Pantalla-2021-12-20-a-las-13.55.36-300x186.png 300w\" sizes=\"(max-width: 502px) 100vw, 502px\" \/><\/figure>\n\n\n\n<figure class=\"wp-block-image size-full\"><img decoding=\"async\" width=\"452\" height=\"384\" src=\"https:\/\/fadeu.urantiacos.cl\/wp-content\/uploads\/2023\/09\/Captura-de-Pantalla-2021-12-20-a-las-13.55.51.png\" alt=\"\" class=\"wp-image-5760\" srcset=\"https:\/\/fadeu.urantiacos.cl\/wp-content\/uploads\/2023\/09\/Captura-de-Pantalla-2021-12-20-a-las-13.55.51.png 452w, https:\/\/fadeu.urantiacos.cl\/wp-content\/uploads\/2023\/09\/Captura-de-Pantalla-2021-12-20-a-las-13.55.51-300x255.png 300w\" sizes=\"(max-width: 452px) 100vw, 452px\" \/><\/figure>\n\n\n\n<p>Los ex\u00e1menes se desarrollar\u00e1n hasta mediados de diciembre.<\/p>\n\n\n\n<p>INFORMACI\u00d3N PERIOD\u00cdSTICA<br>ESCUELA DE DISE\u00d1O UC<\/p>\n","protected":false},"excerpt":{"rendered":"<p>Montajes y exhibiciones en formato presencial y virtual se han llevado a cabo estas \u00faltimas semanas en Dise\u00f1o UC. Se trata de la temporada de ex\u00e1menes que cierra el 2\u00ba semestre 2021 con propuestas marcadas por tem\u00e1ticas como la sustentabilidad, el contexto actual y como siempre, una profunda mirada al usuario.<\/p>\n","protected":false},"author":1,"featured_media":5754,"comment_status":"open","ping_status":"open","sticky":false,"template":"","format":"standard","meta":{"_acf_changed":false,"footnotes":""},"categories":[1],"tags":[],"class_list":["post-5752","post","type-post","status-publish","format-standard","has-post-thumbnail","hentry","category-sin-categorizar"],"acf":[],"yoast_head":"<!-- This site is optimized with the Yoast SEO plugin v27.1.1 - https:\/\/yoast.com\/product\/yoast-seo-wordpress\/ -->\n<title>Dise\u00f1o UC: Temporada de ex\u00e1menes - Facultad de Arquitectura, Dise\u00f1o y Estudios Urbanos<\/title>\n<meta name=\"description\" content=\"Montajes y exhibiciones en formato presencial y virtual se han llevado a cabo estas \u00faltimas semanas en Dise\u00f1o UC. Se trata de la temporada de ex\u00e1menes que cierra el 2\u00ba semestre 2021 con propuestas marcadas por tem\u00e1ticas como la sustentabilidad, el contexto actual y como siempre, una profunda mirada al usuario.\" \/>\n<meta name=\"robots\" content=\"index, follow, max-snippet:-1, max-image-preview:large, max-video-preview:-1\" \/>\n<link rel=\"canonical\" href=\"https:\/\/fadeu.urantiacos.cl\/en\/2021\/12\/20\/diseno-uc-temporada-de-examenes\/\" \/>\n<meta property=\"og:locale\" content=\"en_US\" \/>\n<meta property=\"og:type\" content=\"article\" \/>\n<meta property=\"og:title\" content=\"Dise\u00f1o UC: Temporada de ex\u00e1menes - Facultad de Arquitectura, Dise\u00f1o y Estudios Urbanos\" \/>\n<meta property=\"og:description\" content=\"Montajes y exhibiciones en formato presencial y virtual se han llevado a cabo estas \u00faltimas semanas en Dise\u00f1o UC. Se trata de la temporada de ex\u00e1menes que cierra el 2\u00ba semestre 2021 con propuestas marcadas por tem\u00e1ticas como la sustentabilidad, el contexto actual y como siempre, una profunda mirada al usuario.\" \/>\n<meta property=\"og:url\" content=\"https:\/\/fadeu.urantiacos.cl\/en\/2021\/12\/20\/diseno-uc-temporada-de-examenes\/\" \/>\n<meta property=\"og:site_name\" content=\"Facultad de Arquitectura, Dise\u00f1o y Estudios Urbanos\" \/>\n<meta property=\"article:published_time\" content=\"2021-12-21T00:38:00+00:00\" \/>\n<meta property=\"article:modified_time\" content=\"2023-09-07T00:44:35+00:00\" \/>\n<meta property=\"og:image\" content=\"https:\/\/fadeu.urantiacos.cl\/wp-content\/uploads\/2023\/09\/WEB_Captura-de-Pantalla-2021-12-20-a-las-13.55.51.png\" \/>\n\t<meta property=\"og:image:width\" content=\"350\" \/>\n\t<meta property=\"og:image:height\" content=\"250\" \/>\n\t<meta property=\"og:image:type\" content=\"image\/png\" \/>\n<meta name=\"author\" content=\"manadmin\" \/>\n<meta name=\"twitter:card\" content=\"summary_large_image\" \/>\n<meta name=\"twitter:label1\" content=\"Written by\" \/>\n\t<meta name=\"twitter:data1\" content=\"manadmin\" \/>\n\t<meta name=\"twitter:label2\" content=\"Est. reading time\" \/>\n\t<meta name=\"twitter:data2\" content=\"2 minutes\" \/>\n<script type=\"application\/ld+json\" class=\"yoast-schema-graph\">{\"@context\":\"https:\/\/schema.org\",\"@graph\":[{\"@type\":\"Article\",\"@id\":\"https:\/\/fadeu.urantiacos.cl\/en\/2021\/12\/20\/diseno-uc-temporada-de-examenes\/#article\",\"isPartOf\":{\"@id\":\"https:\/\/fadeu.urantiacos.cl\/en\/2021\/12\/20\/diseno-uc-temporada-de-examenes\/\"},\"author\":{\"name\":\"manadmin\",\"@id\":\"https:\/\/fadeu.urantiacos.cl\/en\/#\/schema\/person\/d203e2e84b1c40275eac77b3061a19a2\"},\"headline\":\"Dise\u00f1o UC: Temporada de ex\u00e1menes\",\"datePublished\":\"2021-12-21T00:38:00+00:00\",\"dateModified\":\"2023-09-07T00:44:35+00:00\",\"mainEntityOfPage\":{\"@id\":\"https:\/\/fadeu.urantiacos.cl\/en\/2021\/12\/20\/diseno-uc-temporada-de-examenes\/\"},\"wordCount\":335,\"commentCount\":0,\"image\":{\"@id\":\"https:\/\/fadeu.urantiacos.cl\/en\/2021\/12\/20\/diseno-uc-temporada-de-examenes\/#primaryimage\"},\"thumbnailUrl\":\"https:\/\/fadeu.urantiacos.cl\/wp-content\/uploads\/2023\/09\/WEB_Captura-de-Pantalla-2021-12-20-a-las-13.55.51.png\",\"articleSection\":[\"Sin categorizar\"],\"inLanguage\":\"en-US\",\"potentialAction\":[{\"@type\":\"CommentAction\",\"name\":\"Comment\",\"target\":[\"https:\/\/fadeu.urantiacos.cl\/en\/2021\/12\/20\/diseno-uc-temporada-de-examenes\/#respond\"]}]},{\"@type\":\"WebPage\",\"@id\":\"https:\/\/fadeu.urantiacos.cl\/en\/2021\/12\/20\/diseno-uc-temporada-de-examenes\/\",\"url\":\"https:\/\/fadeu.urantiacos.cl\/en\/2021\/12\/20\/diseno-uc-temporada-de-examenes\/\",\"name\":\"Dise\u00f1o UC: Temporada de ex\u00e1menes - Facultad de Arquitectura, Dise\u00f1o y Estudios Urbanos\",\"isPartOf\":{\"@id\":\"https:\/\/fadeu.urantiacos.cl\/en\/#website\"},\"primaryImageOfPage\":{\"@id\":\"https:\/\/fadeu.urantiacos.cl\/en\/2021\/12\/20\/diseno-uc-temporada-de-examenes\/#primaryimage\"},\"image\":{\"@id\":\"https:\/\/fadeu.urantiacos.cl\/en\/2021\/12\/20\/diseno-uc-temporada-de-examenes\/#primaryimage\"},\"thumbnailUrl\":\"https:\/\/fadeu.urantiacos.cl\/wp-content\/uploads\/2023\/09\/WEB_Captura-de-Pantalla-2021-12-20-a-las-13.55.51.png\",\"datePublished\":\"2021-12-21T00:38:00+00:00\",\"dateModified\":\"2023-09-07T00:44:35+00:00\",\"author\":{\"@id\":\"https:\/\/fadeu.urantiacos.cl\/en\/#\/schema\/person\/d203e2e84b1c40275eac77b3061a19a2\"},\"description\":\"Montajes y exhibiciones en formato presencial y virtual se han llevado a cabo estas \u00faltimas semanas en Dise\u00f1o UC. Se trata de la temporada de ex\u00e1menes que cierra el 2\u00ba semestre 2021 con propuestas marcadas por tem\u00e1ticas como la sustentabilidad, el contexto actual y como siempre, una profunda mirada al usuario.\",\"breadcrumb\":{\"@id\":\"https:\/\/fadeu.urantiacos.cl\/en\/2021\/12\/20\/diseno-uc-temporada-de-examenes\/#breadcrumb\"},\"inLanguage\":\"en-US\",\"potentialAction\":[{\"@type\":\"ReadAction\",\"target\":[\"https:\/\/fadeu.urantiacos.cl\/en\/2021\/12\/20\/diseno-uc-temporada-de-examenes\/\"]}]},{\"@type\":\"ImageObject\",\"inLanguage\":\"en-US\",\"@id\":\"https:\/\/fadeu.urantiacos.cl\/en\/2021\/12\/20\/diseno-uc-temporada-de-examenes\/#primaryimage\",\"url\":\"https:\/\/fadeu.urantiacos.cl\/wp-content\/uploads\/2023\/09\/WEB_Captura-de-Pantalla-2021-12-20-a-las-13.55.51.png\",\"contentUrl\":\"https:\/\/fadeu.urantiacos.cl\/wp-content\/uploads\/2023\/09\/WEB_Captura-de-Pantalla-2021-12-20-a-las-13.55.51.png\",\"width\":350,\"height\":250},{\"@type\":\"BreadcrumbList\",\"@id\":\"https:\/\/fadeu.urantiacos.cl\/en\/2021\/12\/20\/diseno-uc-temporada-de-examenes\/#breadcrumb\",\"itemListElement\":[{\"@type\":\"ListItem\",\"position\":1,\"name\":\"Portada\",\"item\":\"https:\/\/fadeu.urantiacos.cl\/en\/\"},{\"@type\":\"ListItem\",\"position\":2,\"name\":\"Dise\u00f1o UC: Temporada de ex\u00e1menes\"}]},{\"@type\":\"WebSite\",\"@id\":\"https:\/\/fadeu.urantiacos.cl\/en\/#website\",\"url\":\"https:\/\/fadeu.urantiacos.cl\/en\/\",\"name\":\"Facultad de Arquitectura, Dise\u00f1o y Estudios Urbanos\",\"description\":\"Campus Lo Contador\",\"potentialAction\":[{\"@type\":\"SearchAction\",\"target\":{\"@type\":\"EntryPoint\",\"urlTemplate\":\"https:\/\/fadeu.urantiacos.cl\/en\/?s={search_term_string}\"},\"query-input\":{\"@type\":\"PropertyValueSpecification\",\"valueRequired\":true,\"valueName\":\"search_term_string\"}}],\"inLanguage\":\"en-US\"},{\"@type\":\"Person\",\"@id\":\"https:\/\/fadeu.urantiacos.cl\/en\/#\/schema\/person\/d203e2e84b1c40275eac77b3061a19a2\",\"name\":\"manadmin\",\"image\":{\"@type\":\"ImageObject\",\"inLanguage\":\"en-US\",\"@id\":\"https:\/\/fadeu.urantiacos.cl\/en\/#\/schema\/person\/image\/\",\"url\":\"https:\/\/secure.gravatar.com\/avatar\/4b1d8e3303b4a9d8968ac578947d8bc80d9aea359f388cdd4aac15cadc0e8447?s=96&d=mm&r=g\",\"contentUrl\":\"https:\/\/secure.gravatar.com\/avatar\/4b1d8e3303b4a9d8968ac578947d8bc80d9aea359f388cdd4aac15cadc0e8447?s=96&d=mm&r=g\",\"caption\":\"manadmin\"},\"sameAs\":[\"https:\/\/fadeu.urantiacos.cl\"]}]}<\/script>\n<!-- \/ Yoast SEO plugin. -->","yoast_head_json":{"title":"Dise\u00f1o UC: Temporada de ex\u00e1menes - Facultad de Arquitectura, Dise\u00f1o y Estudios Urbanos","description":"Montajes y exhibiciones en formato presencial y virtual se han llevado a cabo estas \u00faltimas semanas en Dise\u00f1o UC. Se trata de la temporada de ex\u00e1menes que cierra el 2\u00ba semestre 2021 con propuestas marcadas por tem\u00e1ticas como la sustentabilidad, el contexto actual y como siempre, una profunda mirada al usuario.","robots":{"index":"index","follow":"follow","max-snippet":"max-snippet:-1","max-image-preview":"max-image-preview:large","max-video-preview":"max-video-preview:-1"},"canonical":"https:\/\/fadeu.urantiacos.cl\/en\/2021\/12\/20\/diseno-uc-temporada-de-examenes\/","og_locale":"en_US","og_type":"article","og_title":"Dise\u00f1o UC: Temporada de ex\u00e1menes - Facultad de Arquitectura, Dise\u00f1o y Estudios Urbanos","og_description":"Montajes y exhibiciones en formato presencial y virtual se han llevado a cabo estas \u00faltimas semanas en Dise\u00f1o UC. Se trata de la temporada de ex\u00e1menes que cierra el 2\u00ba semestre 2021 con propuestas marcadas por tem\u00e1ticas como la sustentabilidad, el contexto actual y como siempre, una profunda mirada al usuario.","og_url":"https:\/\/fadeu.urantiacos.cl\/en\/2021\/12\/20\/diseno-uc-temporada-de-examenes\/","og_site_name":"Facultad de Arquitectura, Dise\u00f1o y Estudios Urbanos","article_published_time":"2021-12-21T00:38:00+00:00","article_modified_time":"2023-09-07T00:44:35+00:00","og_image":[{"width":350,"height":250,"url":"https:\/\/fadeu.urantiacos.cl\/wp-content\/uploads\/2023\/09\/WEB_Captura-de-Pantalla-2021-12-20-a-las-13.55.51.png","type":"image\/png"}],"author":"manadmin","twitter_card":"summary_large_image","twitter_misc":{"Written by":"manadmin","Est. reading time":"2 minutes"},"schema":{"@context":"https:\/\/schema.org","@graph":[{"@type":"Article","@id":"https:\/\/fadeu.urantiacos.cl\/en\/2021\/12\/20\/diseno-uc-temporada-de-examenes\/#article","isPartOf":{"@id":"https:\/\/fadeu.urantiacos.cl\/en\/2021\/12\/20\/diseno-uc-temporada-de-examenes\/"},"author":{"name":"manadmin","@id":"https:\/\/fadeu.urantiacos.cl\/en\/#\/schema\/person\/d203e2e84b1c40275eac77b3061a19a2"},"headline":"Dise\u00f1o UC: Temporada de ex\u00e1menes","datePublished":"2021-12-21T00:38:00+00:00","dateModified":"2023-09-07T00:44:35+00:00","mainEntityOfPage":{"@id":"https:\/\/fadeu.urantiacos.cl\/en\/2021\/12\/20\/diseno-uc-temporada-de-examenes\/"},"wordCount":335,"commentCount":0,"image":{"@id":"https:\/\/fadeu.urantiacos.cl\/en\/2021\/12\/20\/diseno-uc-temporada-de-examenes\/#primaryimage"},"thumbnailUrl":"https:\/\/fadeu.urantiacos.cl\/wp-content\/uploads\/2023\/09\/WEB_Captura-de-Pantalla-2021-12-20-a-las-13.55.51.png","articleSection":["Sin categorizar"],"inLanguage":"en-US","potentialAction":[{"@type":"CommentAction","name":"Comment","target":["https:\/\/fadeu.urantiacos.cl\/en\/2021\/12\/20\/diseno-uc-temporada-de-examenes\/#respond"]}]},{"@type":"WebPage","@id":"https:\/\/fadeu.urantiacos.cl\/en\/2021\/12\/20\/diseno-uc-temporada-de-examenes\/","url":"https:\/\/fadeu.urantiacos.cl\/en\/2021\/12\/20\/diseno-uc-temporada-de-examenes\/","name":"Dise\u00f1o UC: Temporada de ex\u00e1menes - Facultad de Arquitectura, Dise\u00f1o y Estudios Urbanos","isPartOf":{"@id":"https:\/\/fadeu.urantiacos.cl\/en\/#website"},"primaryImageOfPage":{"@id":"https:\/\/fadeu.urantiacos.cl\/en\/2021\/12\/20\/diseno-uc-temporada-de-examenes\/#primaryimage"},"image":{"@id":"https:\/\/fadeu.urantiacos.cl\/en\/2021\/12\/20\/diseno-uc-temporada-de-examenes\/#primaryimage"},"thumbnailUrl":"https:\/\/fadeu.urantiacos.cl\/wp-content\/uploads\/2023\/09\/WEB_Captura-de-Pantalla-2021-12-20-a-las-13.55.51.png","datePublished":"2021-12-21T00:38:00+00:00","dateModified":"2023-09-07T00:44:35+00:00","author":{"@id":"https:\/\/fadeu.urantiacos.cl\/en\/#\/schema\/person\/d203e2e84b1c40275eac77b3061a19a2"},"description":"Montajes y exhibiciones en formato presencial y virtual se han llevado a cabo estas \u00faltimas semanas en Dise\u00f1o UC. Se trata de la temporada de ex\u00e1menes que cierra el 2\u00ba semestre 2021 con propuestas marcadas por tem\u00e1ticas como la sustentabilidad, el contexto actual y como siempre, una profunda mirada al usuario.","breadcrumb":{"@id":"https:\/\/fadeu.urantiacos.cl\/en\/2021\/12\/20\/diseno-uc-temporada-de-examenes\/#breadcrumb"},"inLanguage":"en-US","potentialAction":[{"@type":"ReadAction","target":["https:\/\/fadeu.urantiacos.cl\/en\/2021\/12\/20\/diseno-uc-temporada-de-examenes\/"]}]},{"@type":"ImageObject","inLanguage":"en-US","@id":"https:\/\/fadeu.urantiacos.cl\/en\/2021\/12\/20\/diseno-uc-temporada-de-examenes\/#primaryimage","url":"https:\/\/fadeu.urantiacos.cl\/wp-content\/uploads\/2023\/09\/WEB_Captura-de-Pantalla-2021-12-20-a-las-13.55.51.png","contentUrl":"https:\/\/fadeu.urantiacos.cl\/wp-content\/uploads\/2023\/09\/WEB_Captura-de-Pantalla-2021-12-20-a-las-13.55.51.png","width":350,"height":250},{"@type":"BreadcrumbList","@id":"https:\/\/fadeu.urantiacos.cl\/en\/2021\/12\/20\/diseno-uc-temporada-de-examenes\/#breadcrumb","itemListElement":[{"@type":"ListItem","position":1,"name":"Portada","item":"https:\/\/fadeu.urantiacos.cl\/en\/"},{"@type":"ListItem","position":2,"name":"Dise\u00f1o UC: Temporada de ex\u00e1menes"}]},{"@type":"WebSite","@id":"https:\/\/fadeu.urantiacos.cl\/en\/#website","url":"https:\/\/fadeu.urantiacos.cl\/en\/","name":"Facultad de Arquitectura, Dise\u00f1o y Estudios Urbanos","description":"Campus Lo Contador","potentialAction":[{"@type":"SearchAction","target":{"@type":"EntryPoint","urlTemplate":"https:\/\/fadeu.urantiacos.cl\/en\/?s={search_term_string}"},"query-input":{"@type":"PropertyValueSpecification","valueRequired":true,"valueName":"search_term_string"}}],"inLanguage":"en-US"},{"@type":"Person","@id":"https:\/\/fadeu.urantiacos.cl\/en\/#\/schema\/person\/d203e2e84b1c40275eac77b3061a19a2","name":"manadmin","image":{"@type":"ImageObject","inLanguage":"en-US","@id":"https:\/\/fadeu.urantiacos.cl\/en\/#\/schema\/person\/image\/","url":"https:\/\/secure.gravatar.com\/avatar\/4b1d8e3303b4a9d8968ac578947d8bc80d9aea359f388cdd4aac15cadc0e8447?s=96&d=mm&r=g","contentUrl":"https:\/\/secure.gravatar.com\/avatar\/4b1d8e3303b4a9d8968ac578947d8bc80d9aea359f388cdd4aac15cadc0e8447?s=96&d=mm&r=g","caption":"manadmin"},"sameAs":["https:\/\/fadeu.urantiacos.cl"]}]}},"_links":{"self":[{"href":"https:\/\/fadeu.urantiacos.cl\/en\/wp-json\/wp\/v2\/posts\/5752","targetHints":{"allow":["GET"]}}],"collection":[{"href":"https:\/\/fadeu.urantiacos.cl\/en\/wp-json\/wp\/v2\/posts"}],"about":[{"href":"https:\/\/fadeu.urantiacos.cl\/en\/wp-json\/wp\/v2\/types\/post"}],"author":[{"embeddable":true,"href":"https:\/\/fadeu.urantiacos.cl\/en\/wp-json\/wp\/v2\/users\/1"}],"replies":[{"embeddable":true,"href":"https:\/\/fadeu.urantiacos.cl\/en\/wp-json\/wp\/v2\/comments?post=5752"}],"version-history":[{"count":1,"href":"https:\/\/fadeu.urantiacos.cl\/en\/wp-json\/wp\/v2\/posts\/5752\/revisions"}],"predecessor-version":[{"id":5761,"href":"https:\/\/fadeu.urantiacos.cl\/en\/wp-json\/wp\/v2\/posts\/5752\/revisions\/5761"}],"wp:featuredmedia":[{"embeddable":true,"href":"https:\/\/fadeu.urantiacos.cl\/en\/wp-json\/wp\/v2\/media\/5754"}],"wp:attachment":[{"href":"https:\/\/fadeu.urantiacos.cl\/en\/wp-json\/wp\/v2\/media?parent=5752"}],"wp:term":[{"taxonomy":"category","embeddable":true,"href":"https:\/\/fadeu.urantiacos.cl\/en\/wp-json\/wp\/v2\/categories?post=5752"},{"taxonomy":"post_tag","embeddable":true,"href":"https:\/\/fadeu.urantiacos.cl\/en\/wp-json\/wp\/v2\/tags?post=5752"}],"curies":[{"name":"wp","href":"https:\/\/api.w.org\/{rel}","templated":true}]}}