{"id":5744,"date":"2021-12-20T21:33:00","date_gmt":"2021-12-21T00:33:00","guid":{"rendered":"https:\/\/fadeu.urantiacos.cl\/?p=5744"},"modified":"2023-09-06T21:36:32","modified_gmt":"2023-09-07T00:36:32","slug":"sebastian-negrete-destacado-en-visiones-uc-por-su-aporte-al-desarrollo-de-un-dispositivo-de-cruce-peatonal","status":"publish","type":"post","link":"https:\/\/fadeu.urantiacos.cl\/en\/2021\/12\/20\/sebastian-negrete-destacado-en-visiones-uc-por-su-aporte-al-desarrollo-de-un-dispositivo-de-cruce-peatonal\/","title":{"rendered":"Sebasti\u00e1n Negrete destacado en Visiones UC por su aporte al desarrollo de un dispositivo de cruce peatonal"},"content":{"rendered":"\n<figure class=\"wp-block-image size-full\"><img decoding=\"async\" width=\"350\" height=\"250\" src=\"https:\/\/fadeu.urantiacos.cl\/wp-content\/uploads\/2023\/09\/WEB_boton3.jpg\" alt=\"\" class=\"wp-image-5745\" srcset=\"https:\/\/fadeu.urantiacos.cl\/wp-content\/uploads\/2023\/09\/WEB_boton3.jpg 350w, https:\/\/fadeu.urantiacos.cl\/wp-content\/uploads\/2023\/09\/WEB_boton3-300x214.jpg 300w\" sizes=\"(max-width: 350px) 100vw, 350px\" \/><\/figure>\n\n\n\n<p>\u201cLa botonera se enfoca en ser m\u00e1s inclusiva que la versi\u00f3n actual, facilitando el desplazamiento de las personas por la ciudad. El bot\u00f3n para accionar el dispositivo es m\u00e1s grande y sale por sobre la superficie, permitiendo que sea accionado sin necesitar introducir un dedo. Se puede accionar con el codo, un bast\u00f3n, o empujarlo con cualquier parte del cuerpo. Cuenta adem\u00e1s con indicaciones en relieve para se\u00f1alar la direcci\u00f3n del cruce\u201d,&nbsp;destac\u00f3 Sebasti\u00e1n Negrete, l\u00edder del proyecto.<\/p>\n\n\n\n<p>La innovaci\u00f3n estar\u00e1 disponible en distintas v\u00edas de tr\u00e1nsito del pa\u00eds de la mano de AUTER, empresa del \u00e1rea de transportes y tr\u00e1nsito.<\/p>\n\n\n\n<p>Fuente:&nbsp;<a href=\"https:\/\/www.uc.cl\/noticias\/botonera-de-semaforos-inclusiva-desarrollada-en-la-uc-llegara-a-las-calles-de-chile\/\">Visiones UC<\/a><\/p>\n","protected":false},"excerpt":{"rendered":"<p>El \u201cDispositivo de cruce peatonal para sem\u00e1foros\u201c, desarrollado en el marco del proyecto Redactiva, por un equipo de investigaci\u00f3n liderado por el docente de la Escuela Sebasti\u00e1n Negrete y Crist\u00f3bal Tello, Director del Laboratorio de Innovaci\u00f3n P\u00fablica UC, y que permite extender el tiempo de cruce del sem\u00e1foro para personas mayores y con movilidad reducida, fue licenciado por la empresa AUTER S.A<\/p>\n","protected":false},"author":1,"featured_media":5745,"comment_status":"open","ping_status":"open","sticky":false,"template":"","format":"standard","meta":{"_acf_changed":false,"footnotes":""},"categories":[1],"tags":[],"class_list":["post-5744","post","type-post","status-publish","format-standard","has-post-thumbnail","hentry","category-sin-categorizar"],"acf":[],"yoast_head":"<!-- This site is optimized with the Yoast SEO plugin v27.1.1 - https:\/\/yoast.com\/product\/yoast-seo-wordpress\/ -->\n<title>Sebasti\u00e1n Negrete destacado en Visiones UC por su aporte al desarrollo de un dispositivo de cruce peatonal - Facultad de Arquitectura, Dise\u00f1o y Estudios Urbanos<\/title>\n<meta name=\"description\" content=\"El \u201cDispositivo de cruce peatonal para sem\u00e1foros\u201c, desarrollado en el marco del proyecto Redactiva, por un equipo de investigaci\u00f3n liderado por el docente de la Escuela Sebasti\u00e1n Negrete y Crist\u00f3bal Tello, Director del Laboratorio de Innovaci\u00f3n P\u00fablica UC, y que permite extender el tiempo de cruce del sem\u00e1foro para personas mayores y con movilidad reducida, fue licenciado por la empresa AUTER S.A\" \/>\n<meta name=\"robots\" content=\"index, follow, max-snippet:-1, max-image-preview:large, max-video-preview:-1\" \/>\n<link rel=\"canonical\" href=\"https:\/\/fadeu.urantiacos.cl\/en\/2021\/12\/20\/sebastian-negrete-destacado-en-visiones-uc-por-su-aporte-al-desarrollo-de-un-dispositivo-de-cruce-peatonal\/\" \/>\n<meta property=\"og:locale\" content=\"en_US\" \/>\n<meta property=\"og:type\" content=\"article\" \/>\n<meta property=\"og:title\" content=\"Sebasti\u00e1n Negrete destacado en Visiones UC por su aporte al desarrollo de un dispositivo de cruce peatonal - Facultad de Arquitectura, Dise\u00f1o y Estudios Urbanos\" \/>\n<meta property=\"og:description\" content=\"El \u201cDispositivo de cruce peatonal para sem\u00e1foros\u201c, desarrollado en el marco del proyecto Redactiva, por un equipo de investigaci\u00f3n liderado por el docente de la Escuela Sebasti\u00e1n Negrete y Crist\u00f3bal Tello, Director del Laboratorio de Innovaci\u00f3n P\u00fablica UC, y que permite extender el tiempo de cruce del sem\u00e1foro para personas mayores y con movilidad reducida, fue licenciado por la empresa AUTER S.A\" \/>\n<meta property=\"og:url\" content=\"https:\/\/fadeu.urantiacos.cl\/en\/2021\/12\/20\/sebastian-negrete-destacado-en-visiones-uc-por-su-aporte-al-desarrollo-de-un-dispositivo-de-cruce-peatonal\/\" \/>\n<meta property=\"og:site_name\" content=\"Facultad de Arquitectura, Dise\u00f1o y Estudios Urbanos\" \/>\n<meta property=\"article:published_time\" content=\"2021-12-21T00:33:00+00:00\" \/>\n<meta property=\"article:modified_time\" content=\"2023-09-07T00:36:32+00:00\" \/>\n<meta property=\"og:image\" content=\"https:\/\/fadeu.urantiacos.cl\/wp-content\/uploads\/2023\/09\/WEB_boton3.jpg\" \/>\n\t<meta property=\"og:image:width\" content=\"350\" \/>\n\t<meta property=\"og:image:height\" content=\"250\" \/>\n\t<meta property=\"og:image:type\" content=\"image\/jpeg\" \/>\n<meta name=\"author\" content=\"manadmin\" \/>\n<meta name=\"twitter:card\" content=\"summary_large_image\" \/>\n<meta name=\"twitter:label1\" content=\"Written by\" \/>\n\t<meta name=\"twitter:data1\" content=\"manadmin\" \/>\n\t<meta name=\"twitter:label2\" content=\"Est. reading time\" \/>\n\t<meta name=\"twitter:data2\" content=\"1 minute\" \/>\n<script type=\"application\/ld+json\" class=\"yoast-schema-graph\">{\"@context\":\"https:\/\/schema.org\",\"@graph\":[{\"@type\":\"Article\",\"@id\":\"https:\/\/fadeu.urantiacos.cl\/en\/2021\/12\/20\/sebastian-negrete-destacado-en-visiones-uc-por-su-aporte-al-desarrollo-de-un-dispositivo-de-cruce-peatonal\/#article\",\"isPartOf\":{\"@id\":\"https:\/\/fadeu.urantiacos.cl\/en\/2021\/12\/20\/sebastian-negrete-destacado-en-visiones-uc-por-su-aporte-al-desarrollo-de-un-dispositivo-de-cruce-peatonal\/\"},\"author\":{\"name\":\"manadmin\",\"@id\":\"https:\/\/fadeu.urantiacos.cl\/en\/#\/schema\/person\/d203e2e84b1c40275eac77b3061a19a2\"},\"headline\":\"Sebasti\u00e1n Negrete destacado en Visiones UC por su aporte al desarrollo de un dispositivo de cruce peatonal\",\"datePublished\":\"2021-12-21T00:33:00+00:00\",\"dateModified\":\"2023-09-07T00:36:32+00:00\",\"mainEntityOfPage\":{\"@id\":\"https:\/\/fadeu.urantiacos.cl\/en\/2021\/12\/20\/sebastian-negrete-destacado-en-visiones-uc-por-su-aporte-al-desarrollo-de-un-dispositivo-de-cruce-peatonal\/\"},\"wordCount\":139,\"commentCount\":0,\"image\":{\"@id\":\"https:\/\/fadeu.urantiacos.cl\/en\/2021\/12\/20\/sebastian-negrete-destacado-en-visiones-uc-por-su-aporte-al-desarrollo-de-un-dispositivo-de-cruce-peatonal\/#primaryimage\"},\"thumbnailUrl\":\"https:\/\/fadeu.urantiacos.cl\/wp-content\/uploads\/2023\/09\/WEB_boton3.jpg\",\"articleSection\":[\"Sin categorizar\"],\"inLanguage\":\"en-US\",\"potentialAction\":[{\"@type\":\"CommentAction\",\"name\":\"Comment\",\"target\":[\"https:\/\/fadeu.urantiacos.cl\/en\/2021\/12\/20\/sebastian-negrete-destacado-en-visiones-uc-por-su-aporte-al-desarrollo-de-un-dispositivo-de-cruce-peatonal\/#respond\"]}]},{\"@type\":\"WebPage\",\"@id\":\"https:\/\/fadeu.urantiacos.cl\/en\/2021\/12\/20\/sebastian-negrete-destacado-en-visiones-uc-por-su-aporte-al-desarrollo-de-un-dispositivo-de-cruce-peatonal\/\",\"url\":\"https:\/\/fadeu.urantiacos.cl\/en\/2021\/12\/20\/sebastian-negrete-destacado-en-visiones-uc-por-su-aporte-al-desarrollo-de-un-dispositivo-de-cruce-peatonal\/\",\"name\":\"Sebasti\u00e1n Negrete destacado en Visiones UC por su aporte al desarrollo de un dispositivo de cruce peatonal - Facultad de Arquitectura, Dise\u00f1o y Estudios Urbanos\",\"isPartOf\":{\"@id\":\"https:\/\/fadeu.urantiacos.cl\/en\/#website\"},\"primaryImageOfPage\":{\"@id\":\"https:\/\/fadeu.urantiacos.cl\/en\/2021\/12\/20\/sebastian-negrete-destacado-en-visiones-uc-por-su-aporte-al-desarrollo-de-un-dispositivo-de-cruce-peatonal\/#primaryimage\"},\"image\":{\"@id\":\"https:\/\/fadeu.urantiacos.cl\/en\/2021\/12\/20\/sebastian-negrete-destacado-en-visiones-uc-por-su-aporte-al-desarrollo-de-un-dispositivo-de-cruce-peatonal\/#primaryimage\"},\"thumbnailUrl\":\"https:\/\/fadeu.urantiacos.cl\/wp-content\/uploads\/2023\/09\/WEB_boton3.jpg\",\"datePublished\":\"2021-12-21T00:33:00+00:00\",\"dateModified\":\"2023-09-07T00:36:32+00:00\",\"author\":{\"@id\":\"https:\/\/fadeu.urantiacos.cl\/en\/#\/schema\/person\/d203e2e84b1c40275eac77b3061a19a2\"},\"description\":\"El \u201cDispositivo de cruce peatonal para sem\u00e1foros\u201c, desarrollado en el marco del proyecto Redactiva, por un equipo de investigaci\u00f3n liderado por el docente de la Escuela Sebasti\u00e1n Negrete y Crist\u00f3bal Tello, Director del Laboratorio de Innovaci\u00f3n P\u00fablica UC, y que permite extender el tiempo de cruce del sem\u00e1foro para personas mayores y con movilidad reducida, fue licenciado por la empresa AUTER S.A\",\"breadcrumb\":{\"@id\":\"https:\/\/fadeu.urantiacos.cl\/en\/2021\/12\/20\/sebastian-negrete-destacado-en-visiones-uc-por-su-aporte-al-desarrollo-de-un-dispositivo-de-cruce-peatonal\/#breadcrumb\"},\"inLanguage\":\"en-US\",\"potentialAction\":[{\"@type\":\"ReadAction\",\"target\":[\"https:\/\/fadeu.urantiacos.cl\/en\/2021\/12\/20\/sebastian-negrete-destacado-en-visiones-uc-por-su-aporte-al-desarrollo-de-un-dispositivo-de-cruce-peatonal\/\"]}]},{\"@type\":\"ImageObject\",\"inLanguage\":\"en-US\",\"@id\":\"https:\/\/fadeu.urantiacos.cl\/en\/2021\/12\/20\/sebastian-negrete-destacado-en-visiones-uc-por-su-aporte-al-desarrollo-de-un-dispositivo-de-cruce-peatonal\/#primaryimage\",\"url\":\"https:\/\/fadeu.urantiacos.cl\/wp-content\/uploads\/2023\/09\/WEB_boton3.jpg\",\"contentUrl\":\"https:\/\/fadeu.urantiacos.cl\/wp-content\/uploads\/2023\/09\/WEB_boton3.jpg\",\"width\":350,\"height\":250},{\"@type\":\"BreadcrumbList\",\"@id\":\"https:\/\/fadeu.urantiacos.cl\/en\/2021\/12\/20\/sebastian-negrete-destacado-en-visiones-uc-por-su-aporte-al-desarrollo-de-un-dispositivo-de-cruce-peatonal\/#breadcrumb\",\"itemListElement\":[{\"@type\":\"ListItem\",\"position\":1,\"name\":\"Portada\",\"item\":\"https:\/\/fadeu.urantiacos.cl\/en\/\"},{\"@type\":\"ListItem\",\"position\":2,\"name\":\"Sebasti\u00e1n Negrete destacado en Visiones UC por su aporte al desarrollo de un dispositivo de cruce peatonal\"}]},{\"@type\":\"WebSite\",\"@id\":\"https:\/\/fadeu.urantiacos.cl\/en\/#website\",\"url\":\"https:\/\/fadeu.urantiacos.cl\/en\/\",\"name\":\"Facultad de Arquitectura, Dise\u00f1o y Estudios Urbanos\",\"description\":\"Campus Lo Contador\",\"potentialAction\":[{\"@type\":\"SearchAction\",\"target\":{\"@type\":\"EntryPoint\",\"urlTemplate\":\"https:\/\/fadeu.urantiacos.cl\/en\/?s={search_term_string}\"},\"query-input\":{\"@type\":\"PropertyValueSpecification\",\"valueRequired\":true,\"valueName\":\"search_term_string\"}}],\"inLanguage\":\"en-US\"},{\"@type\":\"Person\",\"@id\":\"https:\/\/fadeu.urantiacos.cl\/en\/#\/schema\/person\/d203e2e84b1c40275eac77b3061a19a2\",\"name\":\"manadmin\",\"image\":{\"@type\":\"ImageObject\",\"inLanguage\":\"en-US\",\"@id\":\"https:\/\/fadeu.urantiacos.cl\/en\/#\/schema\/person\/image\/\",\"url\":\"https:\/\/secure.gravatar.com\/avatar\/4b1d8e3303b4a9d8968ac578947d8bc80d9aea359f388cdd4aac15cadc0e8447?s=96&d=mm&r=g\",\"contentUrl\":\"https:\/\/secure.gravatar.com\/avatar\/4b1d8e3303b4a9d8968ac578947d8bc80d9aea359f388cdd4aac15cadc0e8447?s=96&d=mm&r=g\",\"caption\":\"manadmin\"},\"sameAs\":[\"https:\/\/fadeu.urantiacos.cl\"]}]}<\/script>\n<!-- \/ Yoast SEO plugin. -->","yoast_head_json":{"title":"Sebasti\u00e1n Negrete destacado en Visiones UC por su aporte al desarrollo de un dispositivo de cruce peatonal - Facultad de Arquitectura, Dise\u00f1o y Estudios Urbanos","description":"El \u201cDispositivo de cruce peatonal para sem\u00e1foros\u201c, desarrollado en el marco del proyecto Redactiva, por un equipo de investigaci\u00f3n liderado por el docente de la Escuela Sebasti\u00e1n Negrete y Crist\u00f3bal Tello, Director del Laboratorio de Innovaci\u00f3n P\u00fablica UC, y que permite extender el tiempo de cruce del sem\u00e1foro para personas mayores y con movilidad reducida, fue licenciado por la empresa AUTER S.A","robots":{"index":"index","follow":"follow","max-snippet":"max-snippet:-1","max-image-preview":"max-image-preview:large","max-video-preview":"max-video-preview:-1"},"canonical":"https:\/\/fadeu.urantiacos.cl\/en\/2021\/12\/20\/sebastian-negrete-destacado-en-visiones-uc-por-su-aporte-al-desarrollo-de-un-dispositivo-de-cruce-peatonal\/","og_locale":"en_US","og_type":"article","og_title":"Sebasti\u00e1n Negrete destacado en Visiones UC por su aporte al desarrollo de un dispositivo de cruce peatonal - Facultad de Arquitectura, Dise\u00f1o y Estudios Urbanos","og_description":"El \u201cDispositivo de cruce peatonal para sem\u00e1foros\u201c, desarrollado en el marco del proyecto Redactiva, por un equipo de investigaci\u00f3n liderado por el docente de la Escuela Sebasti\u00e1n Negrete y Crist\u00f3bal Tello, Director del Laboratorio de Innovaci\u00f3n P\u00fablica UC, y que permite extender el tiempo de cruce del sem\u00e1foro para personas mayores y con movilidad reducida, fue licenciado por la empresa AUTER S.A","og_url":"https:\/\/fadeu.urantiacos.cl\/en\/2021\/12\/20\/sebastian-negrete-destacado-en-visiones-uc-por-su-aporte-al-desarrollo-de-un-dispositivo-de-cruce-peatonal\/","og_site_name":"Facultad de Arquitectura, Dise\u00f1o y Estudios Urbanos","article_published_time":"2021-12-21T00:33:00+00:00","article_modified_time":"2023-09-07T00:36:32+00:00","og_image":[{"width":350,"height":250,"url":"https:\/\/fadeu.urantiacos.cl\/wp-content\/uploads\/2023\/09\/WEB_boton3.jpg","type":"image\/jpeg"}],"author":"manadmin","twitter_card":"summary_large_image","twitter_misc":{"Written by":"manadmin","Est. reading time":"1 minute"},"schema":{"@context":"https:\/\/schema.org","@graph":[{"@type":"Article","@id":"https:\/\/fadeu.urantiacos.cl\/en\/2021\/12\/20\/sebastian-negrete-destacado-en-visiones-uc-por-su-aporte-al-desarrollo-de-un-dispositivo-de-cruce-peatonal\/#article","isPartOf":{"@id":"https:\/\/fadeu.urantiacos.cl\/en\/2021\/12\/20\/sebastian-negrete-destacado-en-visiones-uc-por-su-aporte-al-desarrollo-de-un-dispositivo-de-cruce-peatonal\/"},"author":{"name":"manadmin","@id":"https:\/\/fadeu.urantiacos.cl\/en\/#\/schema\/person\/d203e2e84b1c40275eac77b3061a19a2"},"headline":"Sebasti\u00e1n Negrete destacado en Visiones UC por su aporte al desarrollo de un dispositivo de cruce peatonal","datePublished":"2021-12-21T00:33:00+00:00","dateModified":"2023-09-07T00:36:32+00:00","mainEntityOfPage":{"@id":"https:\/\/fadeu.urantiacos.cl\/en\/2021\/12\/20\/sebastian-negrete-destacado-en-visiones-uc-por-su-aporte-al-desarrollo-de-un-dispositivo-de-cruce-peatonal\/"},"wordCount":139,"commentCount":0,"image":{"@id":"https:\/\/fadeu.urantiacos.cl\/en\/2021\/12\/20\/sebastian-negrete-destacado-en-visiones-uc-por-su-aporte-al-desarrollo-de-un-dispositivo-de-cruce-peatonal\/#primaryimage"},"thumbnailUrl":"https:\/\/fadeu.urantiacos.cl\/wp-content\/uploads\/2023\/09\/WEB_boton3.jpg","articleSection":["Sin categorizar"],"inLanguage":"en-US","potentialAction":[{"@type":"CommentAction","name":"Comment","target":["https:\/\/fadeu.urantiacos.cl\/en\/2021\/12\/20\/sebastian-negrete-destacado-en-visiones-uc-por-su-aporte-al-desarrollo-de-un-dispositivo-de-cruce-peatonal\/#respond"]}]},{"@type":"WebPage","@id":"https:\/\/fadeu.urantiacos.cl\/en\/2021\/12\/20\/sebastian-negrete-destacado-en-visiones-uc-por-su-aporte-al-desarrollo-de-un-dispositivo-de-cruce-peatonal\/","url":"https:\/\/fadeu.urantiacos.cl\/en\/2021\/12\/20\/sebastian-negrete-destacado-en-visiones-uc-por-su-aporte-al-desarrollo-de-un-dispositivo-de-cruce-peatonal\/","name":"Sebasti\u00e1n Negrete destacado en Visiones UC por su aporte al desarrollo de un dispositivo de cruce peatonal - Facultad de Arquitectura, Dise\u00f1o y Estudios Urbanos","isPartOf":{"@id":"https:\/\/fadeu.urantiacos.cl\/en\/#website"},"primaryImageOfPage":{"@id":"https:\/\/fadeu.urantiacos.cl\/en\/2021\/12\/20\/sebastian-negrete-destacado-en-visiones-uc-por-su-aporte-al-desarrollo-de-un-dispositivo-de-cruce-peatonal\/#primaryimage"},"image":{"@id":"https:\/\/fadeu.urantiacos.cl\/en\/2021\/12\/20\/sebastian-negrete-destacado-en-visiones-uc-por-su-aporte-al-desarrollo-de-un-dispositivo-de-cruce-peatonal\/#primaryimage"},"thumbnailUrl":"https:\/\/fadeu.urantiacos.cl\/wp-content\/uploads\/2023\/09\/WEB_boton3.jpg","datePublished":"2021-12-21T00:33:00+00:00","dateModified":"2023-09-07T00:36:32+00:00","author":{"@id":"https:\/\/fadeu.urantiacos.cl\/en\/#\/schema\/person\/d203e2e84b1c40275eac77b3061a19a2"},"description":"El \u201cDispositivo de cruce peatonal para sem\u00e1foros\u201c, desarrollado en el marco del proyecto Redactiva, por un equipo de investigaci\u00f3n liderado por el docente de la Escuela Sebasti\u00e1n Negrete y Crist\u00f3bal Tello, Director del Laboratorio de Innovaci\u00f3n P\u00fablica UC, y que permite extender el tiempo de cruce del sem\u00e1foro para personas mayores y con movilidad reducida, fue licenciado por la empresa AUTER S.A","breadcrumb":{"@id":"https:\/\/fadeu.urantiacos.cl\/en\/2021\/12\/20\/sebastian-negrete-destacado-en-visiones-uc-por-su-aporte-al-desarrollo-de-un-dispositivo-de-cruce-peatonal\/#breadcrumb"},"inLanguage":"en-US","potentialAction":[{"@type":"ReadAction","target":["https:\/\/fadeu.urantiacos.cl\/en\/2021\/12\/20\/sebastian-negrete-destacado-en-visiones-uc-por-su-aporte-al-desarrollo-de-un-dispositivo-de-cruce-peatonal\/"]}]},{"@type":"ImageObject","inLanguage":"en-US","@id":"https:\/\/fadeu.urantiacos.cl\/en\/2021\/12\/20\/sebastian-negrete-destacado-en-visiones-uc-por-su-aporte-al-desarrollo-de-un-dispositivo-de-cruce-peatonal\/#primaryimage","url":"https:\/\/fadeu.urantiacos.cl\/wp-content\/uploads\/2023\/09\/WEB_boton3.jpg","contentUrl":"https:\/\/fadeu.urantiacos.cl\/wp-content\/uploads\/2023\/09\/WEB_boton3.jpg","width":350,"height":250},{"@type":"BreadcrumbList","@id":"https:\/\/fadeu.urantiacos.cl\/en\/2021\/12\/20\/sebastian-negrete-destacado-en-visiones-uc-por-su-aporte-al-desarrollo-de-un-dispositivo-de-cruce-peatonal\/#breadcrumb","itemListElement":[{"@type":"ListItem","position":1,"name":"Portada","item":"https:\/\/fadeu.urantiacos.cl\/en\/"},{"@type":"ListItem","position":2,"name":"Sebasti\u00e1n Negrete destacado en Visiones UC por su aporte al desarrollo de un dispositivo de cruce peatonal"}]},{"@type":"WebSite","@id":"https:\/\/fadeu.urantiacos.cl\/en\/#website","url":"https:\/\/fadeu.urantiacos.cl\/en\/","name":"Facultad de Arquitectura, Dise\u00f1o y Estudios Urbanos","description":"Campus Lo Contador","potentialAction":[{"@type":"SearchAction","target":{"@type":"EntryPoint","urlTemplate":"https:\/\/fadeu.urantiacos.cl\/en\/?s={search_term_string}"},"query-input":{"@type":"PropertyValueSpecification","valueRequired":true,"valueName":"search_term_string"}}],"inLanguage":"en-US"},{"@type":"Person","@id":"https:\/\/fadeu.urantiacos.cl\/en\/#\/schema\/person\/d203e2e84b1c40275eac77b3061a19a2","name":"manadmin","image":{"@type":"ImageObject","inLanguage":"en-US","@id":"https:\/\/fadeu.urantiacos.cl\/en\/#\/schema\/person\/image\/","url":"https:\/\/secure.gravatar.com\/avatar\/4b1d8e3303b4a9d8968ac578947d8bc80d9aea359f388cdd4aac15cadc0e8447?s=96&d=mm&r=g","contentUrl":"https:\/\/secure.gravatar.com\/avatar\/4b1d8e3303b4a9d8968ac578947d8bc80d9aea359f388cdd4aac15cadc0e8447?s=96&d=mm&r=g","caption":"manadmin"},"sameAs":["https:\/\/fadeu.urantiacos.cl"]}]}},"_links":{"self":[{"href":"https:\/\/fadeu.urantiacos.cl\/en\/wp-json\/wp\/v2\/posts\/5744","targetHints":{"allow":["GET"]}}],"collection":[{"href":"https:\/\/fadeu.urantiacos.cl\/en\/wp-json\/wp\/v2\/posts"}],"about":[{"href":"https:\/\/fadeu.urantiacos.cl\/en\/wp-json\/wp\/v2\/types\/post"}],"author":[{"embeddable":true,"href":"https:\/\/fadeu.urantiacos.cl\/en\/wp-json\/wp\/v2\/users\/1"}],"replies":[{"embeddable":true,"href":"https:\/\/fadeu.urantiacos.cl\/en\/wp-json\/wp\/v2\/comments?post=5744"}],"version-history":[{"count":1,"href":"https:\/\/fadeu.urantiacos.cl\/en\/wp-json\/wp\/v2\/posts\/5744\/revisions"}],"predecessor-version":[{"id":5746,"href":"https:\/\/fadeu.urantiacos.cl\/en\/wp-json\/wp\/v2\/posts\/5744\/revisions\/5746"}],"wp:featuredmedia":[{"embeddable":true,"href":"https:\/\/fadeu.urantiacos.cl\/en\/wp-json\/wp\/v2\/media\/5745"}],"wp:attachment":[{"href":"https:\/\/fadeu.urantiacos.cl\/en\/wp-json\/wp\/v2\/media?parent=5744"}],"wp:term":[{"taxonomy":"category","embeddable":true,"href":"https:\/\/fadeu.urantiacos.cl\/en\/wp-json\/wp\/v2\/categories?post=5744"},{"taxonomy":"post_tag","embeddable":true,"href":"https:\/\/fadeu.urantiacos.cl\/en\/wp-json\/wp\/v2\/tags?post=5744"}],"curies":[{"name":"wp","href":"https:\/\/api.w.org\/{rel}","templated":true}]}}