{"id":5738,"date":"2021-12-26T21:26:00","date_gmt":"2021-12-27T00:26:00","guid":{"rendered":"https:\/\/fadeu.urantiacos.cl\/?p=5738"},"modified":"2023-09-06T21:33:07","modified_gmt":"2023-09-07T00:33:07","slug":"el-magister-en-arquitectura-uc-celebra-30-anos-de-historia","status":"publish","type":"post","link":"https:\/\/fadeu.urantiacos.cl\/en\/2021\/12\/26\/el-magister-en-arquitectura-uc-celebra-30-anos-de-historia\/","title":{"rendered":"El Mag\u00edster en Arquitectura UC celebra 30 a\u00f1os de historia"},"content":{"rendered":"\n<figure class=\"wp-block-image size-full\"><img decoding=\"async\" width=\"350\" height=\"250\" src=\"https:\/\/fadeu.urantiacos.cl\/wp-content\/uploads\/2023\/09\/WEB_Eexpomarq30anos.jpg\" alt=\"\" class=\"wp-image-5739\" srcset=\"https:\/\/fadeu.urantiacos.cl\/wp-content\/uploads\/2023\/09\/WEB_Eexpomarq30anos.jpg 350w, https:\/\/fadeu.urantiacos.cl\/wp-content\/uploads\/2023\/09\/WEB_Eexpomarq30anos-300x214.jpg 300w\" sizes=\"(max-width: 350px) 100vw, 350px\" \/><\/figure>\n\n\n\n<p>Inaugurada en un acto con aforo limitado el viernes 17 de diciembre de 2021, la muestra ocupa el hall del edificio de Arquitectura UC y registra en sus cierres laterales m\u00e1s de 500 nombres de egresados, profesores e invitados al programa, recordando que las instituciones las construyen las personas. Se suman en el frente, cientos de afiches de distintos tiempos, lugares, est\u00e9ticas y contenidos promovidos por el programa durante de estas tres d\u00e9cadas.<\/p>\n\n\n\n<p>Por otro lado, el suelo &#8220;raya la cancha&#8221; de las actuales preocupaciones del MARQ, \u00e1mbitos de desarrollo impulsados desde el a\u00f1o 2020 bajo la jefatura de la profesora ARQ UC Alejandra Celed\u00f3n. Asimismo, un set de pantallas exhibe otra mirada retrospectiva al programa a trav\u00e9s de una amplia selecci\u00f3n de tesis proyectuales de los distintos periodos, adem\u00e1s de un loop de navegaci\u00f3n presentando el nuevo sitio web.<\/p>\n\n\n\n<p>El redise\u00f1o de la&nbsp;<a href=\"http:\/\/marquc.cl\/\" target=\"_blank\" rel=\"noreferrer noopener\">p\u00e1gina web del MARQ<\/a>&nbsp;ya no aborda el programa exclusivamente por medio de su malla curricular, cursos, acad\u00e9micos y ciclo de eventos, sino que tambi\u00e9n a trav\u00e9s de las agendas, contenidos y exploraciones, entremezclando trabajos, proyectos, cursos, charlas, seminarios, exhibiciones y talleres, entre otros, en un espacio digital fluido.<\/p>\n\n\n\n<p>Tanto el sitio web como la exhibici\u00f3n buscan poner en valor la historia del programa para as\u00ed poder pensar el futuro del Mag\u00edster en Arquitectura UC, un futuro en el que, en las palabras de Alejandra Celed\u00f3n \u201clos v\u00ednculos internacionales sigan estando al centro \u2014como lo ha hecho desde sus or\u00edgenes\u2014, pero en un mundo post-pand\u00e9mico de fronteras cada vez m\u00e1s estrictas. Un programa en el que la teor\u00eda y la pr\u00e1ctica convergen en las distintas l\u00edneas y agendas, en vez de entenderlas de forma separada. Un programa que entiende que esas l\u00edneas deben estar en constante revisi\u00f3n y actualizaci\u00f3n\u201d.<\/p>\n\n\n\n<p>El acto de inauguraci\u00f3n inici\u00f3 con un saludo del decano FADEU UC Mario Ubilla y las palabras del director ARQ UC Luis Eduardo Bresciani, quien destac\u00f3 la trayectoria, singularidad y potencia del MARQ, hoy considerado uno de los 15 mejores mag\u00edsteres de arquitectura del mundo por el ranking BAM (<a href=\"http:\/\/arquitectura.uc.cl\/proyectos\/noticias\/6453-marq-uc-sube-al-puesto-n-15-a-nivel-mundial-en-el-ranking-bam-2021.html\" target=\"_blank\" rel=\"noreferrer noopener\">ver nota<\/a>). Luego, Alejandra Celed\u00f3n sintetiz\u00f3 la historia del programa en un discurso que revis\u00f3 diferentes momentos e hitos a lo largo de los a\u00f1os. Dadas las restricciones por la crisis sanitaria, asistieron al evento inaugural los ex jefes del MARQ, acad\u00e9micos y exalumnos destacados del programa.<\/p>\n\n\n\n<p>La exhibici\u00f3n de aniversario de los 30 a\u00f1os \u2014que estar\u00e1 abierta al p\u00fablico hasta abril de 2022\u2014 fue concebida y dise\u00f1ada por Alejandra Celed\u00f3n, Kathryn Gillmore y Nicol\u00e1s Navarrete, y cont\u00f3 con la asistencia de Felipe Pizarro y Diego Hamilton, y el apoyo de la Escuela de Arquitectura UC a trav\u00e9s de su \u00e1rea de Extensi\u00f3n. El dise\u00f1o del nuevo sitio web estuvo a cargo de Felipe Alvarado.<\/p>\n\n\n\n<p>El Mag\u00edster en Arquitectura UC agradece a todos los profesores y egresados que compartieron materiales y testimonios para esta celebraci\u00f3n.<\/p>\n\n\n\n<p>Jefaturas del MARQ_<br>Eugenio Garc\u00e9s 1991 &#8211; 1997<br>Rodrigo P\u00e9rez de Arce 1997 &#8211; 2000<br>Romy Hecht 2000 &#8211; 2001<br>Horacio Torrent 2001 &#8211; 2006<br>Hugo Mondrag\u00f3n 2007 &#8211; 2011<br>Pedro Alonso 2011 &#8211; 2014<br>Margarita Greene 2015 &#8211; 2016<br>Max N\u00fa\u00f1ez 2016 &#8211; 2019<br>Alejandra Celed\u00f3n 2019 &#8211; presente<\/p>\n\n\n\n<figure class=\"wp-block-image size-large\"><img decoding=\"async\" width=\"1024\" height=\"605\" src=\"https:\/\/fadeu.urantiacos.cl\/wp-content\/uploads\/2023\/09\/Eexpomarq30anos-1024x605.jpg\" alt=\"\" class=\"wp-image-5740\" srcset=\"https:\/\/fadeu.urantiacos.cl\/wp-content\/uploads\/2023\/09\/Eexpomarq30anos-1024x605.jpg 1024w, https:\/\/fadeu.urantiacos.cl\/wp-content\/uploads\/2023\/09\/Eexpomarq30anos-300x177.jpg 300w, https:\/\/fadeu.urantiacos.cl\/wp-content\/uploads\/2023\/09\/Eexpomarq30anos-768x454.jpg 768w, https:\/\/fadeu.urantiacos.cl\/wp-content\/uploads\/2023\/09\/Eexpomarq30anos-1536x907.jpg 1536w, https:\/\/fadeu.urantiacos.cl\/wp-content\/uploads\/2023\/09\/Eexpomarq30anos-2048x1209.jpg 2048w, https:\/\/fadeu.urantiacos.cl\/wp-content\/uploads\/2023\/09\/Eexpomarq30anos.jpg 1600w\" sizes=\"(max-width: 1024px) 100vw, 1024px\" \/><\/figure>\n\n\n\n<figure class=\"wp-block-image size-large\"><img decoding=\"async\" width=\"1024\" height=\"605\" src=\"https:\/\/fadeu.urantiacos.cl\/wp-content\/uploads\/2023\/09\/Eexpomarq30anos1-1024x605.jpg\" alt=\"\" class=\"wp-image-5741\" srcset=\"https:\/\/fadeu.urantiacos.cl\/wp-content\/uploads\/2023\/09\/Eexpomarq30anos1-1024x605.jpg 1024w, https:\/\/fadeu.urantiacos.cl\/wp-content\/uploads\/2023\/09\/Eexpomarq30anos1-300x177.jpg 300w, https:\/\/fadeu.urantiacos.cl\/wp-content\/uploads\/2023\/09\/Eexpomarq30anos1-768x454.jpg 768w, https:\/\/fadeu.urantiacos.cl\/wp-content\/uploads\/2023\/09\/Eexpomarq30anos1-1536x907.jpg 1536w, https:\/\/fadeu.urantiacos.cl\/wp-content\/uploads\/2023\/09\/Eexpomarq30anos1-2048x1209.jpg 2048w, https:\/\/fadeu.urantiacos.cl\/wp-content\/uploads\/2023\/09\/Eexpomarq30anos1.jpg 1600w\" sizes=\"(max-width: 1024px) 100vw, 1024px\" \/><\/figure>\n\n\n\n<figure class=\"wp-block-image size-large\"><img decoding=\"async\" width=\"1024\" height=\"605\" src=\"https:\/\/fadeu.urantiacos.cl\/wp-content\/uploads\/2023\/09\/Eexpomarq30anos2-1024x605.jpg\" alt=\"\" class=\"wp-image-5742\" srcset=\"https:\/\/fadeu.urantiacos.cl\/wp-content\/uploads\/2023\/09\/Eexpomarq30anos2-1024x605.jpg 1024w, https:\/\/fadeu.urantiacos.cl\/wp-content\/uploads\/2023\/09\/Eexpomarq30anos2-300x177.jpg 300w, https:\/\/fadeu.urantiacos.cl\/wp-content\/uploads\/2023\/09\/Eexpomarq30anos2-768x454.jpg 768w, https:\/\/fadeu.urantiacos.cl\/wp-content\/uploads\/2023\/09\/Eexpomarq30anos2-1536x907.jpg 1536w, https:\/\/fadeu.urantiacos.cl\/wp-content\/uploads\/2023\/09\/Eexpomarq30anos2-2048x1209.jpg 2048w, https:\/\/fadeu.urantiacos.cl\/wp-content\/uploads\/2023\/09\/Eexpomarq30anos2.jpg 1600w\" sizes=\"(max-width: 1024px) 100vw, 1024px\" \/><\/figure>\n\n\n\n<p>Exposici\u00f3n MARQ,&nbsp;fotograf\u00edas de Nicol\u00e1s Navarrete<\/p>\n\n\n\n<p>Noticias<br>Contacto:&nbsp;<a href=\"mailto:redesarq@uc.cl\">redesarq@uc.cl<\/a>&nbsp;| +56 2 2354 7747<br>www.arquitectura.uc.cl<\/p>\n","protected":false},"excerpt":{"rendered":"<p>Este a\u00f1o, el Mag\u00edster de Arquitectura UC (MARQ) cumpli\u00f3 tres d\u00e9cadas desde su creaci\u00f3n, hito celebrado con el lanzamiento de una nueva p\u00e1gina web junto a una exposici\u00f3n retrospectiva que estar\u00e1 abierta hasta abril de 2022.<\/p>\n","protected":false},"author":1,"featured_media":5739,"comment_status":"open","ping_status":"open","sticky":false,"template":"","format":"standard","meta":{"_acf_changed":false,"footnotes":""},"categories":[1],"tags":[],"class_list":["post-5738","post","type-post","status-publish","format-standard","has-post-thumbnail","hentry","category-sin-categorizar"],"acf":[],"yoast_head":"<!-- This site is optimized with the Yoast SEO plugin v27.1.1 - https:\/\/yoast.com\/product\/yoast-seo-wordpress\/ -->\n<title>El Mag\u00edster en Arquitectura UC celebra 30 a\u00f1os de historia - Facultad de Arquitectura, Dise\u00f1o y Estudios Urbanos<\/title>\n<meta name=\"description\" content=\"Este a\u00f1o, el Mag\u00edster de Arquitectura UC (MARQ) cumpli\u00f3 tres d\u00e9cadas desde su creaci\u00f3n, hito celebrado con el lanzamiento de una nueva p\u00e1gina web junto a una exposici\u00f3n retrospectiva que estar\u00e1 abierta hasta abril de 2022.\" \/>\n<meta name=\"robots\" content=\"index, follow, max-snippet:-1, max-image-preview:large, max-video-preview:-1\" \/>\n<link rel=\"canonical\" href=\"https:\/\/fadeu.urantiacos.cl\/en\/2021\/12\/26\/el-magister-en-arquitectura-uc-celebra-30-anos-de-historia\/\" \/>\n<meta property=\"og:locale\" content=\"en_US\" \/>\n<meta property=\"og:type\" content=\"article\" \/>\n<meta property=\"og:title\" content=\"El Mag\u00edster en Arquitectura UC celebra 30 a\u00f1os de historia - Facultad de Arquitectura, Dise\u00f1o y Estudios Urbanos\" \/>\n<meta property=\"og:description\" content=\"Este a\u00f1o, el Mag\u00edster de Arquitectura UC (MARQ) cumpli\u00f3 tres d\u00e9cadas desde su creaci\u00f3n, hito celebrado con el lanzamiento de una nueva p\u00e1gina web junto a una exposici\u00f3n retrospectiva que estar\u00e1 abierta hasta abril de 2022.\" \/>\n<meta property=\"og:url\" content=\"https:\/\/fadeu.urantiacos.cl\/en\/2021\/12\/26\/el-magister-en-arquitectura-uc-celebra-30-anos-de-historia\/\" \/>\n<meta property=\"og:site_name\" content=\"Facultad de Arquitectura, Dise\u00f1o y Estudios Urbanos\" \/>\n<meta property=\"article:published_time\" content=\"2021-12-27T00:26:00+00:00\" \/>\n<meta property=\"article:modified_time\" content=\"2023-09-07T00:33:07+00:00\" \/>\n<meta property=\"og:image\" content=\"https:\/\/fadeu.urantiacos.cl\/wp-content\/uploads\/2023\/09\/WEB_Eexpomarq30anos.jpg\" \/>\n\t<meta property=\"og:image:width\" content=\"350\" \/>\n\t<meta property=\"og:image:height\" content=\"250\" \/>\n\t<meta property=\"og:image:type\" content=\"image\/jpeg\" \/>\n<meta name=\"author\" content=\"manadmin\" \/>\n<meta name=\"twitter:card\" content=\"summary_large_image\" \/>\n<meta name=\"twitter:label1\" content=\"Written by\" \/>\n\t<meta name=\"twitter:data1\" content=\"manadmin\" \/>\n\t<meta name=\"twitter:label2\" content=\"Est. reading time\" \/>\n\t<meta name=\"twitter:data2\" content=\"3 minutes\" \/>\n<script type=\"application\/ld+json\" class=\"yoast-schema-graph\">{\"@context\":\"https:\/\/schema.org\",\"@graph\":[{\"@type\":\"Article\",\"@id\":\"https:\/\/fadeu.urantiacos.cl\/en\/2021\/12\/26\/el-magister-en-arquitectura-uc-celebra-30-anos-de-historia\/#article\",\"isPartOf\":{\"@id\":\"https:\/\/fadeu.urantiacos.cl\/en\/2021\/12\/26\/el-magister-en-arquitectura-uc-celebra-30-anos-de-historia\/\"},\"author\":{\"name\":\"manadmin\",\"@id\":\"https:\/\/fadeu.urantiacos.cl\/en\/#\/schema\/person\/d203e2e84b1c40275eac77b3061a19a2\"},\"headline\":\"El Mag\u00edster en Arquitectura UC celebra 30 a\u00f1os de historia\",\"datePublished\":\"2021-12-27T00:26:00+00:00\",\"dateModified\":\"2023-09-07T00:33:07+00:00\",\"mainEntityOfPage\":{\"@id\":\"https:\/\/fadeu.urantiacos.cl\/en\/2021\/12\/26\/el-magister-en-arquitectura-uc-celebra-30-anos-de-historia\/\"},\"wordCount\":584,\"commentCount\":0,\"image\":{\"@id\":\"https:\/\/fadeu.urantiacos.cl\/en\/2021\/12\/26\/el-magister-en-arquitectura-uc-celebra-30-anos-de-historia\/#primaryimage\"},\"thumbnailUrl\":\"https:\/\/fadeu.urantiacos.cl\/wp-content\/uploads\/2023\/09\/WEB_Eexpomarq30anos.jpg\",\"articleSection\":[\"Sin categorizar\"],\"inLanguage\":\"en-US\",\"potentialAction\":[{\"@type\":\"CommentAction\",\"name\":\"Comment\",\"target\":[\"https:\/\/fadeu.urantiacos.cl\/en\/2021\/12\/26\/el-magister-en-arquitectura-uc-celebra-30-anos-de-historia\/#respond\"]}]},{\"@type\":\"WebPage\",\"@id\":\"https:\/\/fadeu.urantiacos.cl\/en\/2021\/12\/26\/el-magister-en-arquitectura-uc-celebra-30-anos-de-historia\/\",\"url\":\"https:\/\/fadeu.urantiacos.cl\/en\/2021\/12\/26\/el-magister-en-arquitectura-uc-celebra-30-anos-de-historia\/\",\"name\":\"El Mag\u00edster en Arquitectura UC celebra 30 a\u00f1os de historia - Facultad de Arquitectura, Dise\u00f1o y Estudios Urbanos\",\"isPartOf\":{\"@id\":\"https:\/\/fadeu.urantiacos.cl\/en\/#website\"},\"primaryImageOfPage\":{\"@id\":\"https:\/\/fadeu.urantiacos.cl\/en\/2021\/12\/26\/el-magister-en-arquitectura-uc-celebra-30-anos-de-historia\/#primaryimage\"},\"image\":{\"@id\":\"https:\/\/fadeu.urantiacos.cl\/en\/2021\/12\/26\/el-magister-en-arquitectura-uc-celebra-30-anos-de-historia\/#primaryimage\"},\"thumbnailUrl\":\"https:\/\/fadeu.urantiacos.cl\/wp-content\/uploads\/2023\/09\/WEB_Eexpomarq30anos.jpg\",\"datePublished\":\"2021-12-27T00:26:00+00:00\",\"dateModified\":\"2023-09-07T00:33:07+00:00\",\"author\":{\"@id\":\"https:\/\/fadeu.urantiacos.cl\/en\/#\/schema\/person\/d203e2e84b1c40275eac77b3061a19a2\"},\"description\":\"Este a\u00f1o, el Mag\u00edster de Arquitectura UC (MARQ) cumpli\u00f3 tres d\u00e9cadas desde su creaci\u00f3n, hito celebrado con el lanzamiento de una nueva p\u00e1gina web junto a una exposici\u00f3n retrospectiva que estar\u00e1 abierta hasta abril de 2022.\",\"breadcrumb\":{\"@id\":\"https:\/\/fadeu.urantiacos.cl\/en\/2021\/12\/26\/el-magister-en-arquitectura-uc-celebra-30-anos-de-historia\/#breadcrumb\"},\"inLanguage\":\"en-US\",\"potentialAction\":[{\"@type\":\"ReadAction\",\"target\":[\"https:\/\/fadeu.urantiacos.cl\/en\/2021\/12\/26\/el-magister-en-arquitectura-uc-celebra-30-anos-de-historia\/\"]}]},{\"@type\":\"ImageObject\",\"inLanguage\":\"en-US\",\"@id\":\"https:\/\/fadeu.urantiacos.cl\/en\/2021\/12\/26\/el-magister-en-arquitectura-uc-celebra-30-anos-de-historia\/#primaryimage\",\"url\":\"https:\/\/fadeu.urantiacos.cl\/wp-content\/uploads\/2023\/09\/WEB_Eexpomarq30anos.jpg\",\"contentUrl\":\"https:\/\/fadeu.urantiacos.cl\/wp-content\/uploads\/2023\/09\/WEB_Eexpomarq30anos.jpg\",\"width\":350,\"height\":250},{\"@type\":\"BreadcrumbList\",\"@id\":\"https:\/\/fadeu.urantiacos.cl\/en\/2021\/12\/26\/el-magister-en-arquitectura-uc-celebra-30-anos-de-historia\/#breadcrumb\",\"itemListElement\":[{\"@type\":\"ListItem\",\"position\":1,\"name\":\"Portada\",\"item\":\"https:\/\/fadeu.urantiacos.cl\/en\/\"},{\"@type\":\"ListItem\",\"position\":2,\"name\":\"El Mag\u00edster en Arquitectura UC celebra 30 a\u00f1os de historia\"}]},{\"@type\":\"WebSite\",\"@id\":\"https:\/\/fadeu.urantiacos.cl\/en\/#website\",\"url\":\"https:\/\/fadeu.urantiacos.cl\/en\/\",\"name\":\"Facultad de Arquitectura, Dise\u00f1o y Estudios Urbanos\",\"description\":\"Campus Lo Contador\",\"potentialAction\":[{\"@type\":\"SearchAction\",\"target\":{\"@type\":\"EntryPoint\",\"urlTemplate\":\"https:\/\/fadeu.urantiacos.cl\/en\/?s={search_term_string}\"},\"query-input\":{\"@type\":\"PropertyValueSpecification\",\"valueRequired\":true,\"valueName\":\"search_term_string\"}}],\"inLanguage\":\"en-US\"},{\"@type\":\"Person\",\"@id\":\"https:\/\/fadeu.urantiacos.cl\/en\/#\/schema\/person\/d203e2e84b1c40275eac77b3061a19a2\",\"name\":\"manadmin\",\"image\":{\"@type\":\"ImageObject\",\"inLanguage\":\"en-US\",\"@id\":\"https:\/\/fadeu.urantiacos.cl\/en\/#\/schema\/person\/image\/\",\"url\":\"https:\/\/secure.gravatar.com\/avatar\/4b1d8e3303b4a9d8968ac578947d8bc80d9aea359f388cdd4aac15cadc0e8447?s=96&d=mm&r=g\",\"contentUrl\":\"https:\/\/secure.gravatar.com\/avatar\/4b1d8e3303b4a9d8968ac578947d8bc80d9aea359f388cdd4aac15cadc0e8447?s=96&d=mm&r=g\",\"caption\":\"manadmin\"},\"sameAs\":[\"https:\/\/fadeu.urantiacos.cl\"]}]}<\/script>\n<!-- \/ Yoast SEO plugin. -->","yoast_head_json":{"title":"El Mag\u00edster en Arquitectura UC celebra 30 a\u00f1os de historia - Facultad de Arquitectura, Dise\u00f1o y Estudios Urbanos","description":"Este a\u00f1o, el Mag\u00edster de Arquitectura UC (MARQ) cumpli\u00f3 tres d\u00e9cadas desde su creaci\u00f3n, hito celebrado con el lanzamiento de una nueva p\u00e1gina web junto a una exposici\u00f3n retrospectiva que estar\u00e1 abierta hasta abril de 2022.","robots":{"index":"index","follow":"follow","max-snippet":"max-snippet:-1","max-image-preview":"max-image-preview:large","max-video-preview":"max-video-preview:-1"},"canonical":"https:\/\/fadeu.urantiacos.cl\/en\/2021\/12\/26\/el-magister-en-arquitectura-uc-celebra-30-anos-de-historia\/","og_locale":"en_US","og_type":"article","og_title":"El Mag\u00edster en Arquitectura UC celebra 30 a\u00f1os de historia - Facultad de Arquitectura, Dise\u00f1o y Estudios Urbanos","og_description":"Este a\u00f1o, el Mag\u00edster de Arquitectura UC (MARQ) cumpli\u00f3 tres d\u00e9cadas desde su creaci\u00f3n, hito celebrado con el lanzamiento de una nueva p\u00e1gina web junto a una exposici\u00f3n retrospectiva que estar\u00e1 abierta hasta abril de 2022.","og_url":"https:\/\/fadeu.urantiacos.cl\/en\/2021\/12\/26\/el-magister-en-arquitectura-uc-celebra-30-anos-de-historia\/","og_site_name":"Facultad de Arquitectura, Dise\u00f1o y Estudios Urbanos","article_published_time":"2021-12-27T00:26:00+00:00","article_modified_time":"2023-09-07T00:33:07+00:00","og_image":[{"width":350,"height":250,"url":"https:\/\/fadeu.urantiacos.cl\/wp-content\/uploads\/2023\/09\/WEB_Eexpomarq30anos.jpg","type":"image\/jpeg"}],"author":"manadmin","twitter_card":"summary_large_image","twitter_misc":{"Written by":"manadmin","Est. reading time":"3 minutes"},"schema":{"@context":"https:\/\/schema.org","@graph":[{"@type":"Article","@id":"https:\/\/fadeu.urantiacos.cl\/en\/2021\/12\/26\/el-magister-en-arquitectura-uc-celebra-30-anos-de-historia\/#article","isPartOf":{"@id":"https:\/\/fadeu.urantiacos.cl\/en\/2021\/12\/26\/el-magister-en-arquitectura-uc-celebra-30-anos-de-historia\/"},"author":{"name":"manadmin","@id":"https:\/\/fadeu.urantiacos.cl\/en\/#\/schema\/person\/d203e2e84b1c40275eac77b3061a19a2"},"headline":"El Mag\u00edster en Arquitectura UC celebra 30 a\u00f1os de historia","datePublished":"2021-12-27T00:26:00+00:00","dateModified":"2023-09-07T00:33:07+00:00","mainEntityOfPage":{"@id":"https:\/\/fadeu.urantiacos.cl\/en\/2021\/12\/26\/el-magister-en-arquitectura-uc-celebra-30-anos-de-historia\/"},"wordCount":584,"commentCount":0,"image":{"@id":"https:\/\/fadeu.urantiacos.cl\/en\/2021\/12\/26\/el-magister-en-arquitectura-uc-celebra-30-anos-de-historia\/#primaryimage"},"thumbnailUrl":"https:\/\/fadeu.urantiacos.cl\/wp-content\/uploads\/2023\/09\/WEB_Eexpomarq30anos.jpg","articleSection":["Sin categorizar"],"inLanguage":"en-US","potentialAction":[{"@type":"CommentAction","name":"Comment","target":["https:\/\/fadeu.urantiacos.cl\/en\/2021\/12\/26\/el-magister-en-arquitectura-uc-celebra-30-anos-de-historia\/#respond"]}]},{"@type":"WebPage","@id":"https:\/\/fadeu.urantiacos.cl\/en\/2021\/12\/26\/el-magister-en-arquitectura-uc-celebra-30-anos-de-historia\/","url":"https:\/\/fadeu.urantiacos.cl\/en\/2021\/12\/26\/el-magister-en-arquitectura-uc-celebra-30-anos-de-historia\/","name":"El Mag\u00edster en Arquitectura UC celebra 30 a\u00f1os de historia - Facultad de Arquitectura, Dise\u00f1o y Estudios Urbanos","isPartOf":{"@id":"https:\/\/fadeu.urantiacos.cl\/en\/#website"},"primaryImageOfPage":{"@id":"https:\/\/fadeu.urantiacos.cl\/en\/2021\/12\/26\/el-magister-en-arquitectura-uc-celebra-30-anos-de-historia\/#primaryimage"},"image":{"@id":"https:\/\/fadeu.urantiacos.cl\/en\/2021\/12\/26\/el-magister-en-arquitectura-uc-celebra-30-anos-de-historia\/#primaryimage"},"thumbnailUrl":"https:\/\/fadeu.urantiacos.cl\/wp-content\/uploads\/2023\/09\/WEB_Eexpomarq30anos.jpg","datePublished":"2021-12-27T00:26:00+00:00","dateModified":"2023-09-07T00:33:07+00:00","author":{"@id":"https:\/\/fadeu.urantiacos.cl\/en\/#\/schema\/person\/d203e2e84b1c40275eac77b3061a19a2"},"description":"Este a\u00f1o, el Mag\u00edster de Arquitectura UC (MARQ) cumpli\u00f3 tres d\u00e9cadas desde su creaci\u00f3n, hito celebrado con el lanzamiento de una nueva p\u00e1gina web junto a una exposici\u00f3n retrospectiva que estar\u00e1 abierta hasta abril de 2022.","breadcrumb":{"@id":"https:\/\/fadeu.urantiacos.cl\/en\/2021\/12\/26\/el-magister-en-arquitectura-uc-celebra-30-anos-de-historia\/#breadcrumb"},"inLanguage":"en-US","potentialAction":[{"@type":"ReadAction","target":["https:\/\/fadeu.urantiacos.cl\/en\/2021\/12\/26\/el-magister-en-arquitectura-uc-celebra-30-anos-de-historia\/"]}]},{"@type":"ImageObject","inLanguage":"en-US","@id":"https:\/\/fadeu.urantiacos.cl\/en\/2021\/12\/26\/el-magister-en-arquitectura-uc-celebra-30-anos-de-historia\/#primaryimage","url":"https:\/\/fadeu.urantiacos.cl\/wp-content\/uploads\/2023\/09\/WEB_Eexpomarq30anos.jpg","contentUrl":"https:\/\/fadeu.urantiacos.cl\/wp-content\/uploads\/2023\/09\/WEB_Eexpomarq30anos.jpg","width":350,"height":250},{"@type":"BreadcrumbList","@id":"https:\/\/fadeu.urantiacos.cl\/en\/2021\/12\/26\/el-magister-en-arquitectura-uc-celebra-30-anos-de-historia\/#breadcrumb","itemListElement":[{"@type":"ListItem","position":1,"name":"Portada","item":"https:\/\/fadeu.urantiacos.cl\/en\/"},{"@type":"ListItem","position":2,"name":"El Mag\u00edster en Arquitectura UC celebra 30 a\u00f1os de historia"}]},{"@type":"WebSite","@id":"https:\/\/fadeu.urantiacos.cl\/en\/#website","url":"https:\/\/fadeu.urantiacos.cl\/en\/","name":"Facultad de Arquitectura, Dise\u00f1o y Estudios Urbanos","description":"Campus Lo Contador","potentialAction":[{"@type":"SearchAction","target":{"@type":"EntryPoint","urlTemplate":"https:\/\/fadeu.urantiacos.cl\/en\/?s={search_term_string}"},"query-input":{"@type":"PropertyValueSpecification","valueRequired":true,"valueName":"search_term_string"}}],"inLanguage":"en-US"},{"@type":"Person","@id":"https:\/\/fadeu.urantiacos.cl\/en\/#\/schema\/person\/d203e2e84b1c40275eac77b3061a19a2","name":"manadmin","image":{"@type":"ImageObject","inLanguage":"en-US","@id":"https:\/\/fadeu.urantiacos.cl\/en\/#\/schema\/person\/image\/","url":"https:\/\/secure.gravatar.com\/avatar\/4b1d8e3303b4a9d8968ac578947d8bc80d9aea359f388cdd4aac15cadc0e8447?s=96&d=mm&r=g","contentUrl":"https:\/\/secure.gravatar.com\/avatar\/4b1d8e3303b4a9d8968ac578947d8bc80d9aea359f388cdd4aac15cadc0e8447?s=96&d=mm&r=g","caption":"manadmin"},"sameAs":["https:\/\/fadeu.urantiacos.cl"]}]}},"_links":{"self":[{"href":"https:\/\/fadeu.urantiacos.cl\/en\/wp-json\/wp\/v2\/posts\/5738","targetHints":{"allow":["GET"]}}],"collection":[{"href":"https:\/\/fadeu.urantiacos.cl\/en\/wp-json\/wp\/v2\/posts"}],"about":[{"href":"https:\/\/fadeu.urantiacos.cl\/en\/wp-json\/wp\/v2\/types\/post"}],"author":[{"embeddable":true,"href":"https:\/\/fadeu.urantiacos.cl\/en\/wp-json\/wp\/v2\/users\/1"}],"replies":[{"embeddable":true,"href":"https:\/\/fadeu.urantiacos.cl\/en\/wp-json\/wp\/v2\/comments?post=5738"}],"version-history":[{"count":1,"href":"https:\/\/fadeu.urantiacos.cl\/en\/wp-json\/wp\/v2\/posts\/5738\/revisions"}],"predecessor-version":[{"id":5743,"href":"https:\/\/fadeu.urantiacos.cl\/en\/wp-json\/wp\/v2\/posts\/5738\/revisions\/5743"}],"wp:featuredmedia":[{"embeddable":true,"href":"https:\/\/fadeu.urantiacos.cl\/en\/wp-json\/wp\/v2\/media\/5739"}],"wp:attachment":[{"href":"https:\/\/fadeu.urantiacos.cl\/en\/wp-json\/wp\/v2\/media?parent=5738"}],"wp:term":[{"taxonomy":"category","embeddable":true,"href":"https:\/\/fadeu.urantiacos.cl\/en\/wp-json\/wp\/v2\/categories?post=5738"},{"taxonomy":"post_tag","embeddable":true,"href":"https:\/\/fadeu.urantiacos.cl\/en\/wp-json\/wp\/v2\/tags?post=5738"}],"curies":[{"name":"wp","href":"https:\/\/api.w.org\/{rel}","templated":true}]}}