{"id":5734,"date":"2021-12-27T21:23:00","date_gmt":"2021-12-28T00:23:00","guid":{"rendered":"https:\/\/fadeu.urantiacos.cl\/?p=5734"},"modified":"2023-09-06T21:26:12","modified_gmt":"2023-09-07T00:26:12","slug":"convocatoria-i-concurso-posdoctorado-2022","status":"publish","type":"post","link":"https:\/\/fadeu.urantiacos.cl\/en\/2021\/12\/27\/convocatoria-i-concurso-posdoctorado-2022\/","title":{"rendered":"Convocatoria I Concurso Posdoctorado 2022"},"content":{"rendered":"\n<figure class=\"wp-block-image size-full\"><img decoding=\"async\" width=\"350\" height=\"250\" src=\"https:\/\/fadeu.urantiacos.cl\/wp-content\/uploads\/2023\/09\/WEB_convocatoria_posdoctorado_coes-ieut.jpg\" alt=\"\" class=\"wp-image-5735\" srcset=\"https:\/\/fadeu.urantiacos.cl\/wp-content\/uploads\/2023\/09\/WEB_convocatoria_posdoctorado_coes-ieut.jpg 350w, https:\/\/fadeu.urantiacos.cl\/wp-content\/uploads\/2023\/09\/WEB_convocatoria_posdoctorado_coes-ieut-300x214.jpg 300w\" sizes=\"(max-width: 350px) 100vw, 350px\" \/><\/figure>\n\n\n\n<p>La presente convocatoria es compartida entre ambas instituciones, por lo que se espera que la persona que se adjudique el concurso se inserte en cada uno de los equipos de investigaci\u00f3n y contribuya a reforzar el trabajo conjunto. El concurso busca candidatos y candidatas con un perfil acad\u00e9mico que permita un di\u00e1logo interdisciplinario tanto en la docencia como en la investigaci\u00f3n. La posici\u00f3n posdoctoral estar\u00e1 alojada en el IEUT, sin perjuicio de que el o la investigadora posdoctoral se integre plenamente a las actividades de COES, en especial en la l\u00ednea Geograf\u00edas del Conflicto y la Cohesi\u00f3n.<br><br>Se espera una dedicaci\u00f3n de 33 horas de investigaci\u00f3n y 11 horas de docencia a coordinar en los diferentes programas en el IEUT.<br><br>Espec\u00edficamente, las l\u00edneas de investigaci\u00f3n para la presente convocatoria se detallan a continuaci\u00f3n. Transversalmente a todas ellas, se espera la incorporaci\u00f3n de una dimensi\u00f3n espacial expl\u00edcita del conflicto social y cohesi\u00f3n social como objeto de investigaci\u00f3n en:<\/p>\n\n\n\n<ul class=\"wp-block-list\">\n<li>Migraci\u00f3n y acceso a la vivienda.<\/li>\n\n\n\n<li>Migraci\u00f3n, segregaci\u00f3n y planificaci\u00f3n urbana.<\/li>\n\n\n\n<li>Migraci\u00f3n, barrios, comunidades y conflictos.<\/li>\n<\/ul>\n\n\n\n<p><br>El concurso se encuentra abierto hasta el d\u00eda&nbsp;lunes 10 de enero de 2022 hasta las 12:00 h.<br><br><a href=\"https:\/\/cloud.correomasivo.uc.cl\/Prod\/link-tracker?redirectUrl=aHR0cHMlM0ElMkYlMkZlc3R1ZGlvc3VyYmFub3MudWMuY2wlMkZpbnN0aXR1dG8tZGUtZXN0dWRpb3MtdXJiYW5vcy15LWNvZXMtbGFuemFuLWNvbmN1cnNvLTIwMjItcGFyYS1wb3Nkb2N0b3JhZG8lMkY=&amp;sig=GLCMh2XRBCXTgjbnJqkMmtEf2Bybte2rxDJi6H3FHRQh&amp;iat=1640629665&amp;a=%7C%7C223913283%7C%7C&amp;account=uc122%2Eactivehosted%2Ecom&amp;email=2axXe30SPAcYXZubEFwTOWrKHpdtv%2FHZS5sBPh5vVQI%3D&amp;s=127c0b1e13af680b8d1aabfa1b9180dc&amp;i=13408A24938A2256A105887\" target=\"_blank\" rel=\"noreferrer noopener\">DESCARGA AQU\u00cd LAS BASES DE POSTULACI\u00d3N<\/a><\/p>\n\n\n\n<figure class=\"wp-block-image size-large\"><img decoding=\"async\" width=\"1024\" height=\"768\" src=\"https:\/\/fadeu.urantiacos.cl\/wp-content\/uploads\/2023\/09\/convocatoria_posdoctorado_coes-ieut-1024x768.jpg\" alt=\"\" class=\"wp-image-5736\" srcset=\"https:\/\/fadeu.urantiacos.cl\/wp-content\/uploads\/2023\/09\/convocatoria_posdoctorado_coes-ieut-1024x768.jpg 1024w, https:\/\/fadeu.urantiacos.cl\/wp-content\/uploads\/2023\/09\/convocatoria_posdoctorado_coes-ieut-300x225.jpg 300w, https:\/\/fadeu.urantiacos.cl\/wp-content\/uploads\/2023\/09\/convocatoria_posdoctorado_coes-ieut-768x576.jpg 768w, https:\/\/fadeu.urantiacos.cl\/wp-content\/uploads\/2023\/09\/convocatoria_posdoctorado_coes-ieut-1536x1152.jpg 1536w, https:\/\/fadeu.urantiacos.cl\/wp-content\/uploads\/2023\/09\/convocatoria_posdoctorado_coes-ieut-2048x1536.jpg 2048w, https:\/\/fadeu.urantiacos.cl\/wp-content\/uploads\/2023\/09\/convocatoria_posdoctorado_coes-ieut-scaled.jpg 1600w\" sizes=\"(max-width: 1024px) 100vw, 1024px\" \/><\/figure>\n","protected":false},"excerpt":{"rendered":"<p>El Instituto de Estudios Urbanos y Territoriales de la Pontificia Universidad Cat\u00f3lica de Chile, en conjunto con el Centro Fondap de Estudios de Conflicto y Cohesi\u00f3n Social COES, de la Universidad de Chile, Pontificia Universidad Cat\u00f3lica de Chile, Universidad Adolfo Ib\u00e1\u00f1ez y Universidad Diego Portales, invitan a postular a una posici\u00f3n posdoctoral en Santiago de Chile con fecha de inicio marzo de 2022.<\/p>\n","protected":false},"author":1,"featured_media":5735,"comment_status":"open","ping_status":"open","sticky":false,"template":"","format":"standard","meta":{"_acf_changed":false,"footnotes":""},"categories":[1],"tags":[],"class_list":["post-5734","post","type-post","status-publish","format-standard","has-post-thumbnail","hentry","category-sin-categorizar"],"acf":[],"yoast_head":"<!-- This site is optimized with the Yoast SEO plugin v27.1.1 - https:\/\/yoast.com\/product\/yoast-seo-wordpress\/ -->\n<title>Convocatoria I Concurso Posdoctorado 2022 - Facultad de Arquitectura, Dise\u00f1o y Estudios Urbanos<\/title>\n<meta name=\"description\" content=\"El Instituto de Estudios Urbanos y Territoriales de la Pontificia Universidad Cat\u00f3lica de Chile, en conjunto con el Centro Fondap de Estudios de Conflicto y Cohesi\u00f3n Social COES, de la Universidad de Chile, Pontificia Universidad Cat\u00f3lica de Chile, Universidad Adolfo Ib\u00e1\u00f1ez y Universidad Diego Portales, invitan a postular a una posici\u00f3n posdoctoral en Santiago de Chile con fecha de inicio marzo de 2022.\" \/>\n<meta name=\"robots\" content=\"index, follow, max-snippet:-1, max-image-preview:large, max-video-preview:-1\" \/>\n<link rel=\"canonical\" href=\"https:\/\/fadeu.urantiacos.cl\/en\/2021\/12\/27\/convocatoria-i-concurso-posdoctorado-2022\/\" \/>\n<meta property=\"og:locale\" content=\"en_US\" \/>\n<meta property=\"og:type\" content=\"article\" \/>\n<meta property=\"og:title\" content=\"Convocatoria I Concurso Posdoctorado 2022 - Facultad de Arquitectura, Dise\u00f1o y Estudios Urbanos\" \/>\n<meta property=\"og:description\" content=\"El Instituto de Estudios Urbanos y Territoriales de la Pontificia Universidad Cat\u00f3lica de Chile, en conjunto con el Centro Fondap de Estudios de Conflicto y Cohesi\u00f3n Social COES, de la Universidad de Chile, Pontificia Universidad Cat\u00f3lica de Chile, Universidad Adolfo Ib\u00e1\u00f1ez y Universidad Diego Portales, invitan a postular a una posici\u00f3n posdoctoral en Santiago de Chile con fecha de inicio marzo de 2022.\" \/>\n<meta property=\"og:url\" content=\"https:\/\/fadeu.urantiacos.cl\/en\/2021\/12\/27\/convocatoria-i-concurso-posdoctorado-2022\/\" \/>\n<meta property=\"og:site_name\" content=\"Facultad de Arquitectura, Dise\u00f1o y Estudios Urbanos\" \/>\n<meta property=\"article:published_time\" content=\"2021-12-28T00:23:00+00:00\" \/>\n<meta property=\"article:modified_time\" content=\"2023-09-07T00:26:12+00:00\" \/>\n<meta property=\"og:image\" content=\"https:\/\/fadeu.urantiacos.cl\/wp-content\/uploads\/2023\/09\/WEB_convocatoria_posdoctorado_coes-ieut.jpg\" \/>\n\t<meta property=\"og:image:width\" content=\"350\" \/>\n\t<meta property=\"og:image:height\" content=\"250\" \/>\n\t<meta property=\"og:image:type\" content=\"image\/jpeg\" \/>\n<meta name=\"author\" content=\"manadmin\" \/>\n<meta name=\"twitter:card\" content=\"summary_large_image\" \/>\n<meta name=\"twitter:label1\" content=\"Written by\" \/>\n\t<meta name=\"twitter:data1\" content=\"manadmin\" \/>\n\t<meta name=\"twitter:label2\" content=\"Est. reading time\" \/>\n\t<meta name=\"twitter:data2\" content=\"1 minute\" \/>\n<script type=\"application\/ld+json\" class=\"yoast-schema-graph\">{\"@context\":\"https:\/\/schema.org\",\"@graph\":[{\"@type\":\"Article\",\"@id\":\"https:\/\/fadeu.urantiacos.cl\/en\/2021\/12\/27\/convocatoria-i-concurso-posdoctorado-2022\/#article\",\"isPartOf\":{\"@id\":\"https:\/\/fadeu.urantiacos.cl\/en\/2021\/12\/27\/convocatoria-i-concurso-posdoctorado-2022\/\"},\"author\":{\"name\":\"manadmin\",\"@id\":\"https:\/\/fadeu.urantiacos.cl\/en\/#\/schema\/person\/d203e2e84b1c40275eac77b3061a19a2\"},\"headline\":\"Convocatoria I Concurso Posdoctorado 2022\",\"datePublished\":\"2021-12-28T00:23:00+00:00\",\"dateModified\":\"2023-09-07T00:26:12+00:00\",\"mainEntityOfPage\":{\"@id\":\"https:\/\/fadeu.urantiacos.cl\/en\/2021\/12\/27\/convocatoria-i-concurso-posdoctorado-2022\/\"},\"wordCount\":223,\"commentCount\":0,\"image\":{\"@id\":\"https:\/\/fadeu.urantiacos.cl\/en\/2021\/12\/27\/convocatoria-i-concurso-posdoctorado-2022\/#primaryimage\"},\"thumbnailUrl\":\"https:\/\/fadeu.urantiacos.cl\/wp-content\/uploads\/2023\/09\/WEB_convocatoria_posdoctorado_coes-ieut.jpg\",\"articleSection\":[\"Sin categorizar\"],\"inLanguage\":\"en-US\",\"potentialAction\":[{\"@type\":\"CommentAction\",\"name\":\"Comment\",\"target\":[\"https:\/\/fadeu.urantiacos.cl\/en\/2021\/12\/27\/convocatoria-i-concurso-posdoctorado-2022\/#respond\"]}]},{\"@type\":\"WebPage\",\"@id\":\"https:\/\/fadeu.urantiacos.cl\/en\/2021\/12\/27\/convocatoria-i-concurso-posdoctorado-2022\/\",\"url\":\"https:\/\/fadeu.urantiacos.cl\/en\/2021\/12\/27\/convocatoria-i-concurso-posdoctorado-2022\/\",\"name\":\"Convocatoria I Concurso Posdoctorado 2022 - Facultad de Arquitectura, Dise\u00f1o y Estudios Urbanos\",\"isPartOf\":{\"@id\":\"https:\/\/fadeu.urantiacos.cl\/en\/#website\"},\"primaryImageOfPage\":{\"@id\":\"https:\/\/fadeu.urantiacos.cl\/en\/2021\/12\/27\/convocatoria-i-concurso-posdoctorado-2022\/#primaryimage\"},\"image\":{\"@id\":\"https:\/\/fadeu.urantiacos.cl\/en\/2021\/12\/27\/convocatoria-i-concurso-posdoctorado-2022\/#primaryimage\"},\"thumbnailUrl\":\"https:\/\/fadeu.urantiacos.cl\/wp-content\/uploads\/2023\/09\/WEB_convocatoria_posdoctorado_coes-ieut.jpg\",\"datePublished\":\"2021-12-28T00:23:00+00:00\",\"dateModified\":\"2023-09-07T00:26:12+00:00\",\"author\":{\"@id\":\"https:\/\/fadeu.urantiacos.cl\/en\/#\/schema\/person\/d203e2e84b1c40275eac77b3061a19a2\"},\"description\":\"El Instituto de Estudios Urbanos y Territoriales de la Pontificia Universidad Cat\u00f3lica de Chile, en conjunto con el Centro Fondap de Estudios de Conflicto y Cohesi\u00f3n Social COES, de la Universidad de Chile, Pontificia Universidad Cat\u00f3lica de Chile, Universidad Adolfo Ib\u00e1\u00f1ez y Universidad Diego Portales, invitan a postular a una posici\u00f3n posdoctoral en Santiago de Chile con fecha de inicio marzo de 2022.\",\"breadcrumb\":{\"@id\":\"https:\/\/fadeu.urantiacos.cl\/en\/2021\/12\/27\/convocatoria-i-concurso-posdoctorado-2022\/#breadcrumb\"},\"inLanguage\":\"en-US\",\"potentialAction\":[{\"@type\":\"ReadAction\",\"target\":[\"https:\/\/fadeu.urantiacos.cl\/en\/2021\/12\/27\/convocatoria-i-concurso-posdoctorado-2022\/\"]}]},{\"@type\":\"ImageObject\",\"inLanguage\":\"en-US\",\"@id\":\"https:\/\/fadeu.urantiacos.cl\/en\/2021\/12\/27\/convocatoria-i-concurso-posdoctorado-2022\/#primaryimage\",\"url\":\"https:\/\/fadeu.urantiacos.cl\/wp-content\/uploads\/2023\/09\/WEB_convocatoria_posdoctorado_coes-ieut.jpg\",\"contentUrl\":\"https:\/\/fadeu.urantiacos.cl\/wp-content\/uploads\/2023\/09\/WEB_convocatoria_posdoctorado_coes-ieut.jpg\",\"width\":350,\"height\":250},{\"@type\":\"BreadcrumbList\",\"@id\":\"https:\/\/fadeu.urantiacos.cl\/en\/2021\/12\/27\/convocatoria-i-concurso-posdoctorado-2022\/#breadcrumb\",\"itemListElement\":[{\"@type\":\"ListItem\",\"position\":1,\"name\":\"Portada\",\"item\":\"https:\/\/fadeu.urantiacos.cl\/en\/\"},{\"@type\":\"ListItem\",\"position\":2,\"name\":\"Convocatoria I Concurso Posdoctorado 2022\"}]},{\"@type\":\"WebSite\",\"@id\":\"https:\/\/fadeu.urantiacos.cl\/en\/#website\",\"url\":\"https:\/\/fadeu.urantiacos.cl\/en\/\",\"name\":\"Facultad de Arquitectura, Dise\u00f1o y Estudios Urbanos\",\"description\":\"Campus Lo Contador\",\"potentialAction\":[{\"@type\":\"SearchAction\",\"target\":{\"@type\":\"EntryPoint\",\"urlTemplate\":\"https:\/\/fadeu.urantiacos.cl\/en\/?s={search_term_string}\"},\"query-input\":{\"@type\":\"PropertyValueSpecification\",\"valueRequired\":true,\"valueName\":\"search_term_string\"}}],\"inLanguage\":\"en-US\"},{\"@type\":\"Person\",\"@id\":\"https:\/\/fadeu.urantiacos.cl\/en\/#\/schema\/person\/d203e2e84b1c40275eac77b3061a19a2\",\"name\":\"manadmin\",\"image\":{\"@type\":\"ImageObject\",\"inLanguage\":\"en-US\",\"@id\":\"https:\/\/fadeu.urantiacos.cl\/en\/#\/schema\/person\/image\/\",\"url\":\"https:\/\/secure.gravatar.com\/avatar\/4b1d8e3303b4a9d8968ac578947d8bc80d9aea359f388cdd4aac15cadc0e8447?s=96&d=mm&r=g\",\"contentUrl\":\"https:\/\/secure.gravatar.com\/avatar\/4b1d8e3303b4a9d8968ac578947d8bc80d9aea359f388cdd4aac15cadc0e8447?s=96&d=mm&r=g\",\"caption\":\"manadmin\"},\"sameAs\":[\"https:\/\/fadeu.urantiacos.cl\"]}]}<\/script>\n<!-- \/ Yoast SEO plugin. -->","yoast_head_json":{"title":"Convocatoria I Concurso Posdoctorado 2022 - Facultad de Arquitectura, Dise\u00f1o y Estudios Urbanos","description":"El Instituto de Estudios Urbanos y Territoriales de la Pontificia Universidad Cat\u00f3lica de Chile, en conjunto con el Centro Fondap de Estudios de Conflicto y Cohesi\u00f3n Social COES, de la Universidad de Chile, Pontificia Universidad Cat\u00f3lica de Chile, Universidad Adolfo Ib\u00e1\u00f1ez y Universidad Diego Portales, invitan a postular a una posici\u00f3n posdoctoral en Santiago de Chile con fecha de inicio marzo de 2022.","robots":{"index":"index","follow":"follow","max-snippet":"max-snippet:-1","max-image-preview":"max-image-preview:large","max-video-preview":"max-video-preview:-1"},"canonical":"https:\/\/fadeu.urantiacos.cl\/en\/2021\/12\/27\/convocatoria-i-concurso-posdoctorado-2022\/","og_locale":"en_US","og_type":"article","og_title":"Convocatoria I Concurso Posdoctorado 2022 - Facultad de Arquitectura, Dise\u00f1o y Estudios Urbanos","og_description":"El Instituto de Estudios Urbanos y Territoriales de la Pontificia Universidad Cat\u00f3lica de Chile, en conjunto con el Centro Fondap de Estudios de Conflicto y Cohesi\u00f3n Social COES, de la Universidad de Chile, Pontificia Universidad Cat\u00f3lica de Chile, Universidad Adolfo Ib\u00e1\u00f1ez y Universidad Diego Portales, invitan a postular a una posici\u00f3n posdoctoral en Santiago de Chile con fecha de inicio marzo de 2022.","og_url":"https:\/\/fadeu.urantiacos.cl\/en\/2021\/12\/27\/convocatoria-i-concurso-posdoctorado-2022\/","og_site_name":"Facultad de Arquitectura, Dise\u00f1o y Estudios Urbanos","article_published_time":"2021-12-28T00:23:00+00:00","article_modified_time":"2023-09-07T00:26:12+00:00","og_image":[{"width":350,"height":250,"url":"https:\/\/fadeu.urantiacos.cl\/wp-content\/uploads\/2023\/09\/WEB_convocatoria_posdoctorado_coes-ieut.jpg","type":"image\/jpeg"}],"author":"manadmin","twitter_card":"summary_large_image","twitter_misc":{"Written by":"manadmin","Est. reading time":"1 minute"},"schema":{"@context":"https:\/\/schema.org","@graph":[{"@type":"Article","@id":"https:\/\/fadeu.urantiacos.cl\/en\/2021\/12\/27\/convocatoria-i-concurso-posdoctorado-2022\/#article","isPartOf":{"@id":"https:\/\/fadeu.urantiacos.cl\/en\/2021\/12\/27\/convocatoria-i-concurso-posdoctorado-2022\/"},"author":{"name":"manadmin","@id":"https:\/\/fadeu.urantiacos.cl\/en\/#\/schema\/person\/d203e2e84b1c40275eac77b3061a19a2"},"headline":"Convocatoria I Concurso Posdoctorado 2022","datePublished":"2021-12-28T00:23:00+00:00","dateModified":"2023-09-07T00:26:12+00:00","mainEntityOfPage":{"@id":"https:\/\/fadeu.urantiacos.cl\/en\/2021\/12\/27\/convocatoria-i-concurso-posdoctorado-2022\/"},"wordCount":223,"commentCount":0,"image":{"@id":"https:\/\/fadeu.urantiacos.cl\/en\/2021\/12\/27\/convocatoria-i-concurso-posdoctorado-2022\/#primaryimage"},"thumbnailUrl":"https:\/\/fadeu.urantiacos.cl\/wp-content\/uploads\/2023\/09\/WEB_convocatoria_posdoctorado_coes-ieut.jpg","articleSection":["Sin categorizar"],"inLanguage":"en-US","potentialAction":[{"@type":"CommentAction","name":"Comment","target":["https:\/\/fadeu.urantiacos.cl\/en\/2021\/12\/27\/convocatoria-i-concurso-posdoctorado-2022\/#respond"]}]},{"@type":"WebPage","@id":"https:\/\/fadeu.urantiacos.cl\/en\/2021\/12\/27\/convocatoria-i-concurso-posdoctorado-2022\/","url":"https:\/\/fadeu.urantiacos.cl\/en\/2021\/12\/27\/convocatoria-i-concurso-posdoctorado-2022\/","name":"Convocatoria I Concurso Posdoctorado 2022 - Facultad de Arquitectura, Dise\u00f1o y Estudios Urbanos","isPartOf":{"@id":"https:\/\/fadeu.urantiacos.cl\/en\/#website"},"primaryImageOfPage":{"@id":"https:\/\/fadeu.urantiacos.cl\/en\/2021\/12\/27\/convocatoria-i-concurso-posdoctorado-2022\/#primaryimage"},"image":{"@id":"https:\/\/fadeu.urantiacos.cl\/en\/2021\/12\/27\/convocatoria-i-concurso-posdoctorado-2022\/#primaryimage"},"thumbnailUrl":"https:\/\/fadeu.urantiacos.cl\/wp-content\/uploads\/2023\/09\/WEB_convocatoria_posdoctorado_coes-ieut.jpg","datePublished":"2021-12-28T00:23:00+00:00","dateModified":"2023-09-07T00:26:12+00:00","author":{"@id":"https:\/\/fadeu.urantiacos.cl\/en\/#\/schema\/person\/d203e2e84b1c40275eac77b3061a19a2"},"description":"El Instituto de Estudios Urbanos y Territoriales de la Pontificia Universidad Cat\u00f3lica de Chile, en conjunto con el Centro Fondap de Estudios de Conflicto y Cohesi\u00f3n Social COES, de la Universidad de Chile, Pontificia Universidad Cat\u00f3lica de Chile, Universidad Adolfo Ib\u00e1\u00f1ez y Universidad Diego Portales, invitan a postular a una posici\u00f3n posdoctoral en Santiago de Chile con fecha de inicio marzo de 2022.","breadcrumb":{"@id":"https:\/\/fadeu.urantiacos.cl\/en\/2021\/12\/27\/convocatoria-i-concurso-posdoctorado-2022\/#breadcrumb"},"inLanguage":"en-US","potentialAction":[{"@type":"ReadAction","target":["https:\/\/fadeu.urantiacos.cl\/en\/2021\/12\/27\/convocatoria-i-concurso-posdoctorado-2022\/"]}]},{"@type":"ImageObject","inLanguage":"en-US","@id":"https:\/\/fadeu.urantiacos.cl\/en\/2021\/12\/27\/convocatoria-i-concurso-posdoctorado-2022\/#primaryimage","url":"https:\/\/fadeu.urantiacos.cl\/wp-content\/uploads\/2023\/09\/WEB_convocatoria_posdoctorado_coes-ieut.jpg","contentUrl":"https:\/\/fadeu.urantiacos.cl\/wp-content\/uploads\/2023\/09\/WEB_convocatoria_posdoctorado_coes-ieut.jpg","width":350,"height":250},{"@type":"BreadcrumbList","@id":"https:\/\/fadeu.urantiacos.cl\/en\/2021\/12\/27\/convocatoria-i-concurso-posdoctorado-2022\/#breadcrumb","itemListElement":[{"@type":"ListItem","position":1,"name":"Portada","item":"https:\/\/fadeu.urantiacos.cl\/en\/"},{"@type":"ListItem","position":2,"name":"Convocatoria I Concurso Posdoctorado 2022"}]},{"@type":"WebSite","@id":"https:\/\/fadeu.urantiacos.cl\/en\/#website","url":"https:\/\/fadeu.urantiacos.cl\/en\/","name":"Facultad de Arquitectura, Dise\u00f1o y Estudios Urbanos","description":"Campus Lo Contador","potentialAction":[{"@type":"SearchAction","target":{"@type":"EntryPoint","urlTemplate":"https:\/\/fadeu.urantiacos.cl\/en\/?s={search_term_string}"},"query-input":{"@type":"PropertyValueSpecification","valueRequired":true,"valueName":"search_term_string"}}],"inLanguage":"en-US"},{"@type":"Person","@id":"https:\/\/fadeu.urantiacos.cl\/en\/#\/schema\/person\/d203e2e84b1c40275eac77b3061a19a2","name":"manadmin","image":{"@type":"ImageObject","inLanguage":"en-US","@id":"https:\/\/fadeu.urantiacos.cl\/en\/#\/schema\/person\/image\/","url":"https:\/\/secure.gravatar.com\/avatar\/4b1d8e3303b4a9d8968ac578947d8bc80d9aea359f388cdd4aac15cadc0e8447?s=96&d=mm&r=g","contentUrl":"https:\/\/secure.gravatar.com\/avatar\/4b1d8e3303b4a9d8968ac578947d8bc80d9aea359f388cdd4aac15cadc0e8447?s=96&d=mm&r=g","caption":"manadmin"},"sameAs":["https:\/\/fadeu.urantiacos.cl"]}]}},"_links":{"self":[{"href":"https:\/\/fadeu.urantiacos.cl\/en\/wp-json\/wp\/v2\/posts\/5734","targetHints":{"allow":["GET"]}}],"collection":[{"href":"https:\/\/fadeu.urantiacos.cl\/en\/wp-json\/wp\/v2\/posts"}],"about":[{"href":"https:\/\/fadeu.urantiacos.cl\/en\/wp-json\/wp\/v2\/types\/post"}],"author":[{"embeddable":true,"href":"https:\/\/fadeu.urantiacos.cl\/en\/wp-json\/wp\/v2\/users\/1"}],"replies":[{"embeddable":true,"href":"https:\/\/fadeu.urantiacos.cl\/en\/wp-json\/wp\/v2\/comments?post=5734"}],"version-history":[{"count":1,"href":"https:\/\/fadeu.urantiacos.cl\/en\/wp-json\/wp\/v2\/posts\/5734\/revisions"}],"predecessor-version":[{"id":5737,"href":"https:\/\/fadeu.urantiacos.cl\/en\/wp-json\/wp\/v2\/posts\/5734\/revisions\/5737"}],"wp:featuredmedia":[{"embeddable":true,"href":"https:\/\/fadeu.urantiacos.cl\/en\/wp-json\/wp\/v2\/media\/5735"}],"wp:attachment":[{"href":"https:\/\/fadeu.urantiacos.cl\/en\/wp-json\/wp\/v2\/media?parent=5734"}],"wp:term":[{"taxonomy":"category","embeddable":true,"href":"https:\/\/fadeu.urantiacos.cl\/en\/wp-json\/wp\/v2\/categories?post=5734"},{"taxonomy":"post_tag","embeddable":true,"href":"https:\/\/fadeu.urantiacos.cl\/en\/wp-json\/wp\/v2\/tags?post=5734"}],"curies":[{"name":"wp","href":"https:\/\/api.w.org\/{rel}","templated":true}]}}