{"id":5725,"date":"2021-12-27T21:18:00","date_gmt":"2021-12-28T00:18:00","guid":{"rendered":"https:\/\/fadeu.urantiacos.cl\/?p=5725"},"modified":"2023-09-06T21:21:03","modified_gmt":"2023-09-07T00:21:03","slug":"diseno-uc-participa-de-proyecto-ganador-de-innova-fosis","status":"publish","type":"post","link":"https:\/\/fadeu.urantiacos.cl\/en\/2021\/12\/27\/diseno-uc-participa-de-proyecto-ganador-de-innova-fosis\/","title":{"rendered":"Dise\u00f1o UC participa de proyecto ganador de Innova FOSIS"},"content":{"rendered":"\n<figure class=\"wp-block-image size-full\"><img decoding=\"async\" width=\"350\" height=\"250\" src=\"https:\/\/fadeu.urantiacos.cl\/wp-content\/uploads\/2023\/09\/WEB_IMG_2126-scaled-1.jpg\" alt=\"\" class=\"wp-image-5727\" srcset=\"https:\/\/fadeu.urantiacos.cl\/wp-content\/uploads\/2023\/09\/WEB_IMG_2126-scaled-1.jpg 350w, https:\/\/fadeu.urantiacos.cl\/wp-content\/uploads\/2023\/09\/WEB_IMG_2126-scaled-1-300x214.jpg 300w\" sizes=\"(max-width: 350px) 100vw, 350px\" \/><\/figure>\n\n\n\n<p>El proyecto busc\u00f3 aplicar una metodolog\u00eda de trabajo comunitario que promueva la innovaci\u00f3n desde la propia comunidad que vive en campamentos. La idea fue desarrollar participativamente soluciones para acceso de servicios b\u00e1sicos en el campamento Ribera del R\u00edo de Talagante.&nbsp;\u201cDesde Dise\u00f1o UC participamos en el dise\u00f1o y facilitaci\u00f3n de las sesiones de cocreaci\u00f3n, y la construcci\u00f3n de los prototipos funcionales\u201d, explica Catalina Hepp, docente a cargo de la iniciativa desde la Escuela.&nbsp;<\/p>\n\n\n\n<p>Se desarrollaron dos prototipos: el primero, enfocado en la iluminaci\u00f3n y seguridad: un poste de luz que cuenta con una alarma comunitaria en caso de incendios o desastres. El segundo es un centro de carga para celulares en caso de cortes el\u00e9ctricos. Ambos funcionan con energ\u00eda solar.<\/p>\n\n\n\n<p>La entrega de los prototipos de la comunidad, cont\u00f3 con la presencia de vecinos, FOSIS y la Municipalidad de Talagante.<\/p>\n\n\n\n<figure class=\"wp-block-image size-large\"><img decoding=\"async\" width=\"1024\" height=\"683\" src=\"https:\/\/fadeu.urantiacos.cl\/wp-content\/uploads\/2023\/09\/269801765_2446355262163656_8351682850383898268_n-1024x683.jpeg\" alt=\"\" class=\"wp-image-5728\" srcset=\"https:\/\/fadeu.urantiacos.cl\/wp-content\/uploads\/2023\/09\/269801765_2446355262163656_8351682850383898268_n-1024x683.jpeg 1024w, https:\/\/fadeu.urantiacos.cl\/wp-content\/uploads\/2023\/09\/269801765_2446355262163656_8351682850383898268_n-300x200.jpeg 300w, https:\/\/fadeu.urantiacos.cl\/wp-content\/uploads\/2023\/09\/269801765_2446355262163656_8351682850383898268_n-768x512.jpeg 768w, https:\/\/fadeu.urantiacos.cl\/wp-content\/uploads\/2023\/09\/269801765_2446355262163656_8351682850383898268_n-1536x1024.jpeg 1536w, https:\/\/fadeu.urantiacos.cl\/wp-content\/uploads\/2023\/09\/269801765_2446355262163656_8351682850383898268_n.jpeg 1600w\" sizes=\"(max-width: 1024px) 100vw, 1024px\" \/><\/figure>\n\n\n\n<p>INFORMACI\u00d3N PERIOD\u00cdSTICA<br>ESCUELA DE DISE\u00d1O UC<\/p>\n","protected":false},"excerpt":{"rendered":"<p>\u201cEcolog\u00eda Informal: Codise\u00f1o desde las bases\u201d se llama uno de los 18 proyectos ganadores de #InnovaFOSIS 2021 que fue desarrollado por Robertson Arquitectos y Asociados y en el que Dise\u00f1o UC particip\u00f3 a trav\u00e9s de propuestas de los estudiantes Trinidad Martinez, Mar\u00eda Jes\u00fas Vidal, Dominga Arteaga, Cristi\u00e1n Mu\u00f1oz, Gabriela Vallejos y Javiera Rodriguez, a cargo de los docentes Catalina Hepp y Sebasti\u00e1n Negrete.<\/p>\n","protected":false},"author":1,"featured_media":5727,"comment_status":"open","ping_status":"open","sticky":false,"template":"","format":"standard","meta":{"_acf_changed":false,"footnotes":""},"categories":[1],"tags":[],"class_list":["post-5725","post","type-post","status-publish","format-standard","has-post-thumbnail","hentry","category-sin-categorizar"],"acf":[],"yoast_head":"<!-- This site is optimized with the Yoast SEO plugin v27.1.1 - https:\/\/yoast.com\/product\/yoast-seo-wordpress\/ -->\n<title>Dise\u00f1o UC participa de proyecto ganador de Innova FOSIS - Facultad de Arquitectura, Dise\u00f1o y Estudios Urbanos<\/title>\n<meta name=\"description\" content=\"\u201cEcolog\u00eda Informal: Codise\u00f1o desde las bases\u201d se llama uno de los 18 proyectos ganadores de #InnovaFOSIS 2021 que fue desarrollado por Robertson Arquitectos y Asociados y en el que Dise\u00f1o UC particip\u00f3 a trav\u00e9s de propuestas de los estudiantes Trinidad Martinez, Mar\u00eda Jes\u00fas Vidal, Dominga Arteaga, Cristi\u00e1n Mu\u00f1oz, Gabriela Vallejos y Javiera Rodriguez, a cargo de los docentes Catalina Hepp y Sebasti\u00e1n Negrete.\" \/>\n<meta name=\"robots\" content=\"index, follow, max-snippet:-1, max-image-preview:large, max-video-preview:-1\" \/>\n<link rel=\"canonical\" href=\"https:\/\/fadeu.urantiacos.cl\/en\/2021\/12\/27\/diseno-uc-participa-de-proyecto-ganador-de-innova-fosis\/\" \/>\n<meta property=\"og:locale\" content=\"en_US\" \/>\n<meta property=\"og:type\" content=\"article\" \/>\n<meta property=\"og:title\" content=\"Dise\u00f1o UC participa de proyecto ganador de Innova FOSIS - Facultad de Arquitectura, Dise\u00f1o y Estudios Urbanos\" \/>\n<meta property=\"og:description\" content=\"\u201cEcolog\u00eda Informal: Codise\u00f1o desde las bases\u201d se llama uno de los 18 proyectos ganadores de #InnovaFOSIS 2021 que fue desarrollado por Robertson Arquitectos y Asociados y en el que Dise\u00f1o UC particip\u00f3 a trav\u00e9s de propuestas de los estudiantes Trinidad Martinez, Mar\u00eda Jes\u00fas Vidal, Dominga Arteaga, Cristi\u00e1n Mu\u00f1oz, Gabriela Vallejos y Javiera Rodriguez, a cargo de los docentes Catalina Hepp y Sebasti\u00e1n Negrete.\" \/>\n<meta property=\"og:url\" content=\"https:\/\/fadeu.urantiacos.cl\/en\/2021\/12\/27\/diseno-uc-participa-de-proyecto-ganador-de-innova-fosis\/\" \/>\n<meta property=\"og:site_name\" content=\"Facultad de Arquitectura, Dise\u00f1o y Estudios Urbanos\" \/>\n<meta property=\"article:published_time\" content=\"2021-12-28T00:18:00+00:00\" \/>\n<meta property=\"article:modified_time\" content=\"2023-09-07T00:21:03+00:00\" \/>\n<meta property=\"og:image\" content=\"https:\/\/fadeu.urantiacos.cl\/wp-content\/uploads\/2023\/09\/WEB_IMG_2126-scaled-1.jpg\" \/>\n\t<meta property=\"og:image:width\" content=\"350\" \/>\n\t<meta property=\"og:image:height\" content=\"250\" \/>\n\t<meta property=\"og:image:type\" content=\"image\/jpeg\" \/>\n<meta name=\"author\" content=\"manadmin\" \/>\n<meta name=\"twitter:card\" content=\"summary_large_image\" \/>\n<meta name=\"twitter:label1\" content=\"Written by\" \/>\n\t<meta name=\"twitter:data1\" content=\"manadmin\" \/>\n\t<meta name=\"twitter:label2\" content=\"Est. reading time\" \/>\n\t<meta name=\"twitter:data2\" content=\"1 minute\" \/>\n<script type=\"application\/ld+json\" class=\"yoast-schema-graph\">{\"@context\":\"https:\/\/schema.org\",\"@graph\":[{\"@type\":\"Article\",\"@id\":\"https:\/\/fadeu.urantiacos.cl\/en\/2021\/12\/27\/diseno-uc-participa-de-proyecto-ganador-de-innova-fosis\/#article\",\"isPartOf\":{\"@id\":\"https:\/\/fadeu.urantiacos.cl\/en\/2021\/12\/27\/diseno-uc-participa-de-proyecto-ganador-de-innova-fosis\/\"},\"author\":{\"name\":\"manadmin\",\"@id\":\"https:\/\/fadeu.urantiacos.cl\/en\/#\/schema\/person\/d203e2e84b1c40275eac77b3061a19a2\"},\"headline\":\"Dise\u00f1o UC participa de proyecto ganador de Innova FOSIS\",\"datePublished\":\"2021-12-28T00:18:00+00:00\",\"dateModified\":\"2023-09-07T00:21:03+00:00\",\"mainEntityOfPage\":{\"@id\":\"https:\/\/fadeu.urantiacos.cl\/en\/2021\/12\/27\/diseno-uc-participa-de-proyecto-ganador-de-innova-fosis\/\"},\"wordCount\":172,\"commentCount\":0,\"image\":{\"@id\":\"https:\/\/fadeu.urantiacos.cl\/en\/2021\/12\/27\/diseno-uc-participa-de-proyecto-ganador-de-innova-fosis\/#primaryimage\"},\"thumbnailUrl\":\"https:\/\/fadeu.urantiacos.cl\/wp-content\/uploads\/2023\/09\/WEB_IMG_2126-scaled-1.jpg\",\"articleSection\":[\"Sin categorizar\"],\"inLanguage\":\"en-US\",\"potentialAction\":[{\"@type\":\"CommentAction\",\"name\":\"Comment\",\"target\":[\"https:\/\/fadeu.urantiacos.cl\/en\/2021\/12\/27\/diseno-uc-participa-de-proyecto-ganador-de-innova-fosis\/#respond\"]}]},{\"@type\":\"WebPage\",\"@id\":\"https:\/\/fadeu.urantiacos.cl\/en\/2021\/12\/27\/diseno-uc-participa-de-proyecto-ganador-de-innova-fosis\/\",\"url\":\"https:\/\/fadeu.urantiacos.cl\/en\/2021\/12\/27\/diseno-uc-participa-de-proyecto-ganador-de-innova-fosis\/\",\"name\":\"Dise\u00f1o UC participa de proyecto ganador de Innova FOSIS - Facultad de Arquitectura, Dise\u00f1o y Estudios Urbanos\",\"isPartOf\":{\"@id\":\"https:\/\/fadeu.urantiacos.cl\/en\/#website\"},\"primaryImageOfPage\":{\"@id\":\"https:\/\/fadeu.urantiacos.cl\/en\/2021\/12\/27\/diseno-uc-participa-de-proyecto-ganador-de-innova-fosis\/#primaryimage\"},\"image\":{\"@id\":\"https:\/\/fadeu.urantiacos.cl\/en\/2021\/12\/27\/diseno-uc-participa-de-proyecto-ganador-de-innova-fosis\/#primaryimage\"},\"thumbnailUrl\":\"https:\/\/fadeu.urantiacos.cl\/wp-content\/uploads\/2023\/09\/WEB_IMG_2126-scaled-1.jpg\",\"datePublished\":\"2021-12-28T00:18:00+00:00\",\"dateModified\":\"2023-09-07T00:21:03+00:00\",\"author\":{\"@id\":\"https:\/\/fadeu.urantiacos.cl\/en\/#\/schema\/person\/d203e2e84b1c40275eac77b3061a19a2\"},\"description\":\"\u201cEcolog\u00eda Informal: Codise\u00f1o desde las bases\u201d se llama uno de los 18 proyectos ganadores de #InnovaFOSIS 2021 que fue desarrollado por Robertson Arquitectos y Asociados y en el que Dise\u00f1o UC particip\u00f3 a trav\u00e9s de propuestas de los estudiantes Trinidad Martinez, Mar\u00eda Jes\u00fas Vidal, Dominga Arteaga, Cristi\u00e1n Mu\u00f1oz, Gabriela Vallejos y Javiera Rodriguez, a cargo de los docentes Catalina Hepp y Sebasti\u00e1n Negrete.\",\"breadcrumb\":{\"@id\":\"https:\/\/fadeu.urantiacos.cl\/en\/2021\/12\/27\/diseno-uc-participa-de-proyecto-ganador-de-innova-fosis\/#breadcrumb\"},\"inLanguage\":\"en-US\",\"potentialAction\":[{\"@type\":\"ReadAction\",\"target\":[\"https:\/\/fadeu.urantiacos.cl\/en\/2021\/12\/27\/diseno-uc-participa-de-proyecto-ganador-de-innova-fosis\/\"]}]},{\"@type\":\"ImageObject\",\"inLanguage\":\"en-US\",\"@id\":\"https:\/\/fadeu.urantiacos.cl\/en\/2021\/12\/27\/diseno-uc-participa-de-proyecto-ganador-de-innova-fosis\/#primaryimage\",\"url\":\"https:\/\/fadeu.urantiacos.cl\/wp-content\/uploads\/2023\/09\/WEB_IMG_2126-scaled-1.jpg\",\"contentUrl\":\"https:\/\/fadeu.urantiacos.cl\/wp-content\/uploads\/2023\/09\/WEB_IMG_2126-scaled-1.jpg\",\"width\":350,\"height\":250},{\"@type\":\"BreadcrumbList\",\"@id\":\"https:\/\/fadeu.urantiacos.cl\/en\/2021\/12\/27\/diseno-uc-participa-de-proyecto-ganador-de-innova-fosis\/#breadcrumb\",\"itemListElement\":[{\"@type\":\"ListItem\",\"position\":1,\"name\":\"Portada\",\"item\":\"https:\/\/fadeu.urantiacos.cl\/en\/\"},{\"@type\":\"ListItem\",\"position\":2,\"name\":\"Dise\u00f1o UC participa de proyecto ganador de Innova FOSIS\"}]},{\"@type\":\"WebSite\",\"@id\":\"https:\/\/fadeu.urantiacos.cl\/en\/#website\",\"url\":\"https:\/\/fadeu.urantiacos.cl\/en\/\",\"name\":\"Facultad de Arquitectura, Dise\u00f1o y Estudios Urbanos\",\"description\":\"Campus Lo Contador\",\"potentialAction\":[{\"@type\":\"SearchAction\",\"target\":{\"@type\":\"EntryPoint\",\"urlTemplate\":\"https:\/\/fadeu.urantiacos.cl\/en\/?s={search_term_string}\"},\"query-input\":{\"@type\":\"PropertyValueSpecification\",\"valueRequired\":true,\"valueName\":\"search_term_string\"}}],\"inLanguage\":\"en-US\"},{\"@type\":\"Person\",\"@id\":\"https:\/\/fadeu.urantiacos.cl\/en\/#\/schema\/person\/d203e2e84b1c40275eac77b3061a19a2\",\"name\":\"manadmin\",\"image\":{\"@type\":\"ImageObject\",\"inLanguage\":\"en-US\",\"@id\":\"https:\/\/fadeu.urantiacos.cl\/en\/#\/schema\/person\/image\/\",\"url\":\"https:\/\/secure.gravatar.com\/avatar\/4b1d8e3303b4a9d8968ac578947d8bc80d9aea359f388cdd4aac15cadc0e8447?s=96&d=mm&r=g\",\"contentUrl\":\"https:\/\/secure.gravatar.com\/avatar\/4b1d8e3303b4a9d8968ac578947d8bc80d9aea359f388cdd4aac15cadc0e8447?s=96&d=mm&r=g\",\"caption\":\"manadmin\"},\"sameAs\":[\"https:\/\/fadeu.urantiacos.cl\"]}]}<\/script>\n<!-- \/ Yoast SEO plugin. -->","yoast_head_json":{"title":"Dise\u00f1o UC participa de proyecto ganador de Innova FOSIS - Facultad de Arquitectura, Dise\u00f1o y Estudios Urbanos","description":"\u201cEcolog\u00eda Informal: Codise\u00f1o desde las bases\u201d se llama uno de los 18 proyectos ganadores de #InnovaFOSIS 2021 que fue desarrollado por Robertson Arquitectos y Asociados y en el que Dise\u00f1o UC particip\u00f3 a trav\u00e9s de propuestas de los estudiantes Trinidad Martinez, Mar\u00eda Jes\u00fas Vidal, Dominga Arteaga, Cristi\u00e1n Mu\u00f1oz, Gabriela Vallejos y Javiera Rodriguez, a cargo de los docentes Catalina Hepp y Sebasti\u00e1n Negrete.","robots":{"index":"index","follow":"follow","max-snippet":"max-snippet:-1","max-image-preview":"max-image-preview:large","max-video-preview":"max-video-preview:-1"},"canonical":"https:\/\/fadeu.urantiacos.cl\/en\/2021\/12\/27\/diseno-uc-participa-de-proyecto-ganador-de-innova-fosis\/","og_locale":"en_US","og_type":"article","og_title":"Dise\u00f1o UC participa de proyecto ganador de Innova FOSIS - Facultad de Arquitectura, Dise\u00f1o y Estudios Urbanos","og_description":"\u201cEcolog\u00eda Informal: Codise\u00f1o desde las bases\u201d se llama uno de los 18 proyectos ganadores de #InnovaFOSIS 2021 que fue desarrollado por Robertson Arquitectos y Asociados y en el que Dise\u00f1o UC particip\u00f3 a trav\u00e9s de propuestas de los estudiantes Trinidad Martinez, Mar\u00eda Jes\u00fas Vidal, Dominga Arteaga, Cristi\u00e1n Mu\u00f1oz, Gabriela Vallejos y Javiera Rodriguez, a cargo de los docentes Catalina Hepp y Sebasti\u00e1n Negrete.","og_url":"https:\/\/fadeu.urantiacos.cl\/en\/2021\/12\/27\/diseno-uc-participa-de-proyecto-ganador-de-innova-fosis\/","og_site_name":"Facultad de Arquitectura, Dise\u00f1o y Estudios Urbanos","article_published_time":"2021-12-28T00:18:00+00:00","article_modified_time":"2023-09-07T00:21:03+00:00","og_image":[{"width":350,"height":250,"url":"https:\/\/fadeu.urantiacos.cl\/wp-content\/uploads\/2023\/09\/WEB_IMG_2126-scaled-1.jpg","type":"image\/jpeg"}],"author":"manadmin","twitter_card":"summary_large_image","twitter_misc":{"Written by":"manadmin","Est. reading time":"1 minute"},"schema":{"@context":"https:\/\/schema.org","@graph":[{"@type":"Article","@id":"https:\/\/fadeu.urantiacos.cl\/en\/2021\/12\/27\/diseno-uc-participa-de-proyecto-ganador-de-innova-fosis\/#article","isPartOf":{"@id":"https:\/\/fadeu.urantiacos.cl\/en\/2021\/12\/27\/diseno-uc-participa-de-proyecto-ganador-de-innova-fosis\/"},"author":{"name":"manadmin","@id":"https:\/\/fadeu.urantiacos.cl\/en\/#\/schema\/person\/d203e2e84b1c40275eac77b3061a19a2"},"headline":"Dise\u00f1o UC participa de proyecto ganador de Innova FOSIS","datePublished":"2021-12-28T00:18:00+00:00","dateModified":"2023-09-07T00:21:03+00:00","mainEntityOfPage":{"@id":"https:\/\/fadeu.urantiacos.cl\/en\/2021\/12\/27\/diseno-uc-participa-de-proyecto-ganador-de-innova-fosis\/"},"wordCount":172,"commentCount":0,"image":{"@id":"https:\/\/fadeu.urantiacos.cl\/en\/2021\/12\/27\/diseno-uc-participa-de-proyecto-ganador-de-innova-fosis\/#primaryimage"},"thumbnailUrl":"https:\/\/fadeu.urantiacos.cl\/wp-content\/uploads\/2023\/09\/WEB_IMG_2126-scaled-1.jpg","articleSection":["Sin categorizar"],"inLanguage":"en-US","potentialAction":[{"@type":"CommentAction","name":"Comment","target":["https:\/\/fadeu.urantiacos.cl\/en\/2021\/12\/27\/diseno-uc-participa-de-proyecto-ganador-de-innova-fosis\/#respond"]}]},{"@type":"WebPage","@id":"https:\/\/fadeu.urantiacos.cl\/en\/2021\/12\/27\/diseno-uc-participa-de-proyecto-ganador-de-innova-fosis\/","url":"https:\/\/fadeu.urantiacos.cl\/en\/2021\/12\/27\/diseno-uc-participa-de-proyecto-ganador-de-innova-fosis\/","name":"Dise\u00f1o UC participa de proyecto ganador de Innova FOSIS - Facultad de Arquitectura, Dise\u00f1o y Estudios Urbanos","isPartOf":{"@id":"https:\/\/fadeu.urantiacos.cl\/en\/#website"},"primaryImageOfPage":{"@id":"https:\/\/fadeu.urantiacos.cl\/en\/2021\/12\/27\/diseno-uc-participa-de-proyecto-ganador-de-innova-fosis\/#primaryimage"},"image":{"@id":"https:\/\/fadeu.urantiacos.cl\/en\/2021\/12\/27\/diseno-uc-participa-de-proyecto-ganador-de-innova-fosis\/#primaryimage"},"thumbnailUrl":"https:\/\/fadeu.urantiacos.cl\/wp-content\/uploads\/2023\/09\/WEB_IMG_2126-scaled-1.jpg","datePublished":"2021-12-28T00:18:00+00:00","dateModified":"2023-09-07T00:21:03+00:00","author":{"@id":"https:\/\/fadeu.urantiacos.cl\/en\/#\/schema\/person\/d203e2e84b1c40275eac77b3061a19a2"},"description":"\u201cEcolog\u00eda Informal: Codise\u00f1o desde las bases\u201d se llama uno de los 18 proyectos ganadores de #InnovaFOSIS 2021 que fue desarrollado por Robertson Arquitectos y Asociados y en el que Dise\u00f1o UC particip\u00f3 a trav\u00e9s de propuestas de los estudiantes Trinidad Martinez, Mar\u00eda Jes\u00fas Vidal, Dominga Arteaga, Cristi\u00e1n Mu\u00f1oz, Gabriela Vallejos y Javiera Rodriguez, a cargo de los docentes Catalina Hepp y Sebasti\u00e1n Negrete.","breadcrumb":{"@id":"https:\/\/fadeu.urantiacos.cl\/en\/2021\/12\/27\/diseno-uc-participa-de-proyecto-ganador-de-innova-fosis\/#breadcrumb"},"inLanguage":"en-US","potentialAction":[{"@type":"ReadAction","target":["https:\/\/fadeu.urantiacos.cl\/en\/2021\/12\/27\/diseno-uc-participa-de-proyecto-ganador-de-innova-fosis\/"]}]},{"@type":"ImageObject","inLanguage":"en-US","@id":"https:\/\/fadeu.urantiacos.cl\/en\/2021\/12\/27\/diseno-uc-participa-de-proyecto-ganador-de-innova-fosis\/#primaryimage","url":"https:\/\/fadeu.urantiacos.cl\/wp-content\/uploads\/2023\/09\/WEB_IMG_2126-scaled-1.jpg","contentUrl":"https:\/\/fadeu.urantiacos.cl\/wp-content\/uploads\/2023\/09\/WEB_IMG_2126-scaled-1.jpg","width":350,"height":250},{"@type":"BreadcrumbList","@id":"https:\/\/fadeu.urantiacos.cl\/en\/2021\/12\/27\/diseno-uc-participa-de-proyecto-ganador-de-innova-fosis\/#breadcrumb","itemListElement":[{"@type":"ListItem","position":1,"name":"Portada","item":"https:\/\/fadeu.urantiacos.cl\/en\/"},{"@type":"ListItem","position":2,"name":"Dise\u00f1o UC participa de proyecto ganador de Innova FOSIS"}]},{"@type":"WebSite","@id":"https:\/\/fadeu.urantiacos.cl\/en\/#website","url":"https:\/\/fadeu.urantiacos.cl\/en\/","name":"Facultad de Arquitectura, Dise\u00f1o y Estudios Urbanos","description":"Campus Lo Contador","potentialAction":[{"@type":"SearchAction","target":{"@type":"EntryPoint","urlTemplate":"https:\/\/fadeu.urantiacos.cl\/en\/?s={search_term_string}"},"query-input":{"@type":"PropertyValueSpecification","valueRequired":true,"valueName":"search_term_string"}}],"inLanguage":"en-US"},{"@type":"Person","@id":"https:\/\/fadeu.urantiacos.cl\/en\/#\/schema\/person\/d203e2e84b1c40275eac77b3061a19a2","name":"manadmin","image":{"@type":"ImageObject","inLanguage":"en-US","@id":"https:\/\/fadeu.urantiacos.cl\/en\/#\/schema\/person\/image\/","url":"https:\/\/secure.gravatar.com\/avatar\/4b1d8e3303b4a9d8968ac578947d8bc80d9aea359f388cdd4aac15cadc0e8447?s=96&d=mm&r=g","contentUrl":"https:\/\/secure.gravatar.com\/avatar\/4b1d8e3303b4a9d8968ac578947d8bc80d9aea359f388cdd4aac15cadc0e8447?s=96&d=mm&r=g","caption":"manadmin"},"sameAs":["https:\/\/fadeu.urantiacos.cl"]}]}},"_links":{"self":[{"href":"https:\/\/fadeu.urantiacos.cl\/en\/wp-json\/wp\/v2\/posts\/5725","targetHints":{"allow":["GET"]}}],"collection":[{"href":"https:\/\/fadeu.urantiacos.cl\/en\/wp-json\/wp\/v2\/posts"}],"about":[{"href":"https:\/\/fadeu.urantiacos.cl\/en\/wp-json\/wp\/v2\/types\/post"}],"author":[{"embeddable":true,"href":"https:\/\/fadeu.urantiacos.cl\/en\/wp-json\/wp\/v2\/users\/1"}],"replies":[{"embeddable":true,"href":"https:\/\/fadeu.urantiacos.cl\/en\/wp-json\/wp\/v2\/comments?post=5725"}],"version-history":[{"count":1,"href":"https:\/\/fadeu.urantiacos.cl\/en\/wp-json\/wp\/v2\/posts\/5725\/revisions"}],"predecessor-version":[{"id":5729,"href":"https:\/\/fadeu.urantiacos.cl\/en\/wp-json\/wp\/v2\/posts\/5725\/revisions\/5729"}],"wp:featuredmedia":[{"embeddable":true,"href":"https:\/\/fadeu.urantiacos.cl\/en\/wp-json\/wp\/v2\/media\/5727"}],"wp:attachment":[{"href":"https:\/\/fadeu.urantiacos.cl\/en\/wp-json\/wp\/v2\/media?parent=5725"}],"wp:term":[{"taxonomy":"category","embeddable":true,"href":"https:\/\/fadeu.urantiacos.cl\/en\/wp-json\/wp\/v2\/categories?post=5725"},{"taxonomy":"post_tag","embeddable":true,"href":"https:\/\/fadeu.urantiacos.cl\/en\/wp-json\/wp\/v2\/tags?post=5725"}],"curies":[{"name":"wp","href":"https:\/\/api.w.org\/{rel}","templated":true}]}}