{"id":5716,"date":"2021-12-28T21:11:00","date_gmt":"2021-12-29T00:11:00","guid":{"rendered":"https:\/\/fadeu.urantiacos.cl\/?p=5716"},"modified":"2023-09-06T21:15:02","modified_gmt":"2023-09-07T00:15:02","slug":"alza-de-tasas-de-los-hipotecarios-subio-el-precio-de-los-arriendos-en-el-sector-oriente","status":"publish","type":"post","link":"https:\/\/fadeu.urantiacos.cl\/en\/2021\/12\/28\/alza-de-tasas-de-los-hipotecarios-subio-el-precio-de-los-arriendos-en-el-sector-oriente\/","title":{"rendered":"Alza de tasas de los hipotecarios subi\u00f3 el precio de los arriendos en el sector oriente"},"content":{"rendered":"\n<figure class=\"wp-block-image size-full\"><img decoding=\"async\" width=\"350\" height=\"250\" src=\"https:\/\/fadeu.urantiacos.cl\/wp-content\/uploads\/2023\/09\/web_2990820_2290912.jpg\" alt=\"\" class=\"wp-image-5717\" srcset=\"https:\/\/fadeu.urantiacos.cl\/wp-content\/uploads\/2023\/09\/web_2990820_2290912.jpg 350w, https:\/\/fadeu.urantiacos.cl\/wp-content\/uploads\/2023\/09\/web_2990820_2290912-300x214.jpg 300w\" sizes=\"(max-width: 350px) 100vw, 350px\" \/><\/figure>\n\n\n\n<p>Las \u00daltimas Noticias destaca que el alza de tasas de los cr\u00e9ditos hipotecarios subi\u00f3 el precio de los arriendos en el sector oriente. Habla Luis Fuentes, director del Instituto de Estudios Urbanos.<\/p>\n\n\n\n<h6 class=\"wp-block-heading\">+ Revisa nota completa aqu\u00ed.<\/h6>\n\n\n\n<figure class=\"wp-block-image size-large\"><img decoding=\"async\" width=\"831\" height=\"1024\" src=\"https:\/\/fadeu.urantiacos.cl\/wp-content\/uploads\/2023\/09\/2990820_2290912-831x1024.jpg\" alt=\"\" class=\"wp-image-5718\" srcset=\"https:\/\/fadeu.urantiacos.cl\/wp-content\/uploads\/2023\/09\/2990820_2290912-831x1024.jpg 831w, https:\/\/fadeu.urantiacos.cl\/wp-content\/uploads\/2023\/09\/2990820_2290912-244x300.jpg 244w, https:\/\/fadeu.urantiacos.cl\/wp-content\/uploads\/2023\/09\/2990820_2290912-768x946.jpg 768w, https:\/\/fadeu.urantiacos.cl\/wp-content\/uploads\/2023\/09\/2990820_2290912-1247x1536.jpg 1247w, https:\/\/fadeu.urantiacos.cl\/wp-content\/uploads\/2023\/09\/2990820_2290912-1662x2048.jpg 1662w, https:\/\/fadeu.urantiacos.cl\/wp-content\/uploads\/2023\/09\/2990820_2290912-scaled.jpg 974w\" sizes=\"(max-width: 831px) 100vw, 831px\" \/><\/figure>\n","protected":false},"excerpt":{"rendered":"<p>Las \u00daltimas Noticias destaca que el alza de tasas de los cr\u00e9ditos hipotecarios subi\u00f3 el precio de los arriendos en el sector oriente. Habla Luis Fuentes, director del Instituto de Estudios Urbanos. + Revisa nota completa aqu\u00ed.<\/p>\n","protected":false},"author":1,"featured_media":5717,"comment_status":"open","ping_status":"open","sticky":false,"template":"","format":"standard","meta":{"_acf_changed":false,"footnotes":""},"categories":[1],"tags":[],"class_list":["post-5716","post","type-post","status-publish","format-standard","has-post-thumbnail","hentry","category-sin-categorizar"],"acf":[],"yoast_head":"<!-- This site is optimized with the Yoast SEO plugin v27.1.1 - https:\/\/yoast.com\/product\/yoast-seo-wordpress\/ -->\n<title>Alza de tasas de los hipotecarios subi\u00f3 el precio de los arriendos en el sector oriente - Facultad de Arquitectura, Dise\u00f1o y Estudios Urbanos<\/title>\n<meta name=\"description\" content=\"Las \u00daltimas Noticias destaca que el alza de tasas de los cr\u00e9ditos hipotecarios subi\u00f3 el precio de los arriendos en el sector oriente. Habla Luis Fuentes,\" \/>\n<meta name=\"robots\" content=\"index, follow, max-snippet:-1, max-image-preview:large, max-video-preview:-1\" \/>\n<link rel=\"canonical\" href=\"https:\/\/fadeu.urantiacos.cl\/en\/2021\/12\/28\/alza-de-tasas-de-los-hipotecarios-subio-el-precio-de-los-arriendos-en-el-sector-oriente\/\" \/>\n<meta property=\"og:locale\" content=\"en_US\" \/>\n<meta property=\"og:type\" content=\"article\" \/>\n<meta property=\"og:title\" content=\"Alza de tasas de los hipotecarios subi\u00f3 el precio de los arriendos en el sector oriente - Facultad de Arquitectura, Dise\u00f1o y Estudios Urbanos\" \/>\n<meta property=\"og:description\" content=\"Las \u00daltimas Noticias destaca que el alza de tasas de los cr\u00e9ditos hipotecarios subi\u00f3 el precio de los arriendos en el sector oriente. Habla Luis Fuentes,\" \/>\n<meta property=\"og:url\" content=\"https:\/\/fadeu.urantiacos.cl\/en\/2021\/12\/28\/alza-de-tasas-de-los-hipotecarios-subio-el-precio-de-los-arriendos-en-el-sector-oriente\/\" \/>\n<meta property=\"og:site_name\" content=\"Facultad de Arquitectura, Dise\u00f1o y Estudios Urbanos\" \/>\n<meta property=\"article:published_time\" content=\"2021-12-29T00:11:00+00:00\" \/>\n<meta property=\"article:modified_time\" content=\"2023-09-07T00:15:02+00:00\" \/>\n<meta property=\"og:image\" content=\"https:\/\/fadeu.urantiacos.cl\/wp-content\/uploads\/2023\/09\/web_2990820_2290912.jpg\" \/>\n\t<meta property=\"og:image:width\" content=\"350\" \/>\n\t<meta property=\"og:image:height\" content=\"250\" \/>\n\t<meta property=\"og:image:type\" content=\"image\/jpeg\" \/>\n<meta name=\"author\" content=\"manadmin\" \/>\n<meta name=\"twitter:card\" content=\"summary_large_image\" \/>\n<meta name=\"twitter:label1\" content=\"Written by\" \/>\n\t<meta name=\"twitter:data1\" content=\"manadmin\" \/>\n<script type=\"application\/ld+json\" class=\"yoast-schema-graph\">{\"@context\":\"https:\/\/schema.org\",\"@graph\":[{\"@type\":\"Article\",\"@id\":\"https:\/\/fadeu.urantiacos.cl\/en\/2021\/12\/28\/alza-de-tasas-de-los-hipotecarios-subio-el-precio-de-los-arriendos-en-el-sector-oriente\/#article\",\"isPartOf\":{\"@id\":\"https:\/\/fadeu.urantiacos.cl\/en\/2021\/12\/28\/alza-de-tasas-de-los-hipotecarios-subio-el-precio-de-los-arriendos-en-el-sector-oriente\/\"},\"author\":{\"name\":\"manadmin\",\"@id\":\"https:\/\/fadeu.urantiacos.cl\/en\/#\/schema\/person\/d203e2e84b1c40275eac77b3061a19a2\"},\"headline\":\"Alza de tasas de los hipotecarios subi\u00f3 el precio de los arriendos en el sector oriente\",\"datePublished\":\"2021-12-29T00:11:00+00:00\",\"dateModified\":\"2023-09-07T00:15:02+00:00\",\"mainEntityOfPage\":{\"@id\":\"https:\/\/fadeu.urantiacos.cl\/en\/2021\/12\/28\/alza-de-tasas-de-los-hipotecarios-subio-el-precio-de-los-arriendos-en-el-sector-oriente\/\"},\"wordCount\":53,\"commentCount\":0,\"image\":{\"@id\":\"https:\/\/fadeu.urantiacos.cl\/en\/2021\/12\/28\/alza-de-tasas-de-los-hipotecarios-subio-el-precio-de-los-arriendos-en-el-sector-oriente\/#primaryimage\"},\"thumbnailUrl\":\"https:\/\/fadeu.urantiacos.cl\/wp-content\/uploads\/2023\/09\/web_2990820_2290912.jpg\",\"articleSection\":[\"Sin categorizar\"],\"inLanguage\":\"en-US\",\"potentialAction\":[{\"@type\":\"CommentAction\",\"name\":\"Comment\",\"target\":[\"https:\/\/fadeu.urantiacos.cl\/en\/2021\/12\/28\/alza-de-tasas-de-los-hipotecarios-subio-el-precio-de-los-arriendos-en-el-sector-oriente\/#respond\"]}]},{\"@type\":\"WebPage\",\"@id\":\"https:\/\/fadeu.urantiacos.cl\/en\/2021\/12\/28\/alza-de-tasas-de-los-hipotecarios-subio-el-precio-de-los-arriendos-en-el-sector-oriente\/\",\"url\":\"https:\/\/fadeu.urantiacos.cl\/en\/2021\/12\/28\/alza-de-tasas-de-los-hipotecarios-subio-el-precio-de-los-arriendos-en-el-sector-oriente\/\",\"name\":\"Alza de tasas de los hipotecarios subi\u00f3 el precio de los arriendos en el sector oriente - Facultad de Arquitectura, Dise\u00f1o y Estudios Urbanos\",\"isPartOf\":{\"@id\":\"https:\/\/fadeu.urantiacos.cl\/en\/#website\"},\"primaryImageOfPage\":{\"@id\":\"https:\/\/fadeu.urantiacos.cl\/en\/2021\/12\/28\/alza-de-tasas-de-los-hipotecarios-subio-el-precio-de-los-arriendos-en-el-sector-oriente\/#primaryimage\"},\"image\":{\"@id\":\"https:\/\/fadeu.urantiacos.cl\/en\/2021\/12\/28\/alza-de-tasas-de-los-hipotecarios-subio-el-precio-de-los-arriendos-en-el-sector-oriente\/#primaryimage\"},\"thumbnailUrl\":\"https:\/\/fadeu.urantiacos.cl\/wp-content\/uploads\/2023\/09\/web_2990820_2290912.jpg\",\"datePublished\":\"2021-12-29T00:11:00+00:00\",\"dateModified\":\"2023-09-07T00:15:02+00:00\",\"author\":{\"@id\":\"https:\/\/fadeu.urantiacos.cl\/en\/#\/schema\/person\/d203e2e84b1c40275eac77b3061a19a2\"},\"description\":\"Las \u00daltimas Noticias destaca que el alza de tasas de los cr\u00e9ditos hipotecarios subi\u00f3 el precio de los arriendos en el sector oriente. Habla Luis Fuentes,\",\"breadcrumb\":{\"@id\":\"https:\/\/fadeu.urantiacos.cl\/en\/2021\/12\/28\/alza-de-tasas-de-los-hipotecarios-subio-el-precio-de-los-arriendos-en-el-sector-oriente\/#breadcrumb\"},\"inLanguage\":\"en-US\",\"potentialAction\":[{\"@type\":\"ReadAction\",\"target\":[\"https:\/\/fadeu.urantiacos.cl\/en\/2021\/12\/28\/alza-de-tasas-de-los-hipotecarios-subio-el-precio-de-los-arriendos-en-el-sector-oriente\/\"]}]},{\"@type\":\"ImageObject\",\"inLanguage\":\"en-US\",\"@id\":\"https:\/\/fadeu.urantiacos.cl\/en\/2021\/12\/28\/alza-de-tasas-de-los-hipotecarios-subio-el-precio-de-los-arriendos-en-el-sector-oriente\/#primaryimage\",\"url\":\"https:\/\/fadeu.urantiacos.cl\/wp-content\/uploads\/2023\/09\/web_2990820_2290912.jpg\",\"contentUrl\":\"https:\/\/fadeu.urantiacos.cl\/wp-content\/uploads\/2023\/09\/web_2990820_2290912.jpg\",\"width\":350,\"height\":250},{\"@type\":\"BreadcrumbList\",\"@id\":\"https:\/\/fadeu.urantiacos.cl\/en\/2021\/12\/28\/alza-de-tasas-de-los-hipotecarios-subio-el-precio-de-los-arriendos-en-el-sector-oriente\/#breadcrumb\",\"itemListElement\":[{\"@type\":\"ListItem\",\"position\":1,\"name\":\"Portada\",\"item\":\"https:\/\/fadeu.urantiacos.cl\/en\/\"},{\"@type\":\"ListItem\",\"position\":2,\"name\":\"Alza de tasas de los hipotecarios subi\u00f3 el precio de los arriendos en el sector oriente\"}]},{\"@type\":\"WebSite\",\"@id\":\"https:\/\/fadeu.urantiacos.cl\/en\/#website\",\"url\":\"https:\/\/fadeu.urantiacos.cl\/en\/\",\"name\":\"Facultad de Arquitectura, Dise\u00f1o y Estudios Urbanos\",\"description\":\"Campus Lo Contador\",\"potentialAction\":[{\"@type\":\"SearchAction\",\"target\":{\"@type\":\"EntryPoint\",\"urlTemplate\":\"https:\/\/fadeu.urantiacos.cl\/en\/?s={search_term_string}\"},\"query-input\":{\"@type\":\"PropertyValueSpecification\",\"valueRequired\":true,\"valueName\":\"search_term_string\"}}],\"inLanguage\":\"en-US\"},{\"@type\":\"Person\",\"@id\":\"https:\/\/fadeu.urantiacos.cl\/en\/#\/schema\/person\/d203e2e84b1c40275eac77b3061a19a2\",\"name\":\"manadmin\",\"image\":{\"@type\":\"ImageObject\",\"inLanguage\":\"en-US\",\"@id\":\"https:\/\/fadeu.urantiacos.cl\/en\/#\/schema\/person\/image\/\",\"url\":\"https:\/\/secure.gravatar.com\/avatar\/4b1d8e3303b4a9d8968ac578947d8bc80d9aea359f388cdd4aac15cadc0e8447?s=96&d=mm&r=g\",\"contentUrl\":\"https:\/\/secure.gravatar.com\/avatar\/4b1d8e3303b4a9d8968ac578947d8bc80d9aea359f388cdd4aac15cadc0e8447?s=96&d=mm&r=g\",\"caption\":\"manadmin\"},\"sameAs\":[\"https:\/\/fadeu.urantiacos.cl\"]}]}<\/script>\n<!-- \/ Yoast SEO plugin. -->","yoast_head_json":{"title":"Alza de tasas de los hipotecarios subi\u00f3 el precio de los arriendos en el sector oriente - Facultad de Arquitectura, Dise\u00f1o y Estudios Urbanos","description":"Las \u00daltimas Noticias destaca que el alza de tasas de los cr\u00e9ditos hipotecarios subi\u00f3 el precio de los arriendos en el sector oriente. Habla Luis Fuentes,","robots":{"index":"index","follow":"follow","max-snippet":"max-snippet:-1","max-image-preview":"max-image-preview:large","max-video-preview":"max-video-preview:-1"},"canonical":"https:\/\/fadeu.urantiacos.cl\/en\/2021\/12\/28\/alza-de-tasas-de-los-hipotecarios-subio-el-precio-de-los-arriendos-en-el-sector-oriente\/","og_locale":"en_US","og_type":"article","og_title":"Alza de tasas de los hipotecarios subi\u00f3 el precio de los arriendos en el sector oriente - Facultad de Arquitectura, Dise\u00f1o y Estudios Urbanos","og_description":"Las \u00daltimas Noticias destaca que el alza de tasas de los cr\u00e9ditos hipotecarios subi\u00f3 el precio de los arriendos en el sector oriente. Habla Luis Fuentes,","og_url":"https:\/\/fadeu.urantiacos.cl\/en\/2021\/12\/28\/alza-de-tasas-de-los-hipotecarios-subio-el-precio-de-los-arriendos-en-el-sector-oriente\/","og_site_name":"Facultad de Arquitectura, Dise\u00f1o y Estudios Urbanos","article_published_time":"2021-12-29T00:11:00+00:00","article_modified_time":"2023-09-07T00:15:02+00:00","og_image":[{"width":350,"height":250,"url":"https:\/\/fadeu.urantiacos.cl\/wp-content\/uploads\/2023\/09\/web_2990820_2290912.jpg","type":"image\/jpeg"}],"author":"manadmin","twitter_card":"summary_large_image","twitter_misc":{"Written by":"manadmin"},"schema":{"@context":"https:\/\/schema.org","@graph":[{"@type":"Article","@id":"https:\/\/fadeu.urantiacos.cl\/en\/2021\/12\/28\/alza-de-tasas-de-los-hipotecarios-subio-el-precio-de-los-arriendos-en-el-sector-oriente\/#article","isPartOf":{"@id":"https:\/\/fadeu.urantiacos.cl\/en\/2021\/12\/28\/alza-de-tasas-de-los-hipotecarios-subio-el-precio-de-los-arriendos-en-el-sector-oriente\/"},"author":{"name":"manadmin","@id":"https:\/\/fadeu.urantiacos.cl\/en\/#\/schema\/person\/d203e2e84b1c40275eac77b3061a19a2"},"headline":"Alza de tasas de los hipotecarios subi\u00f3 el precio de los arriendos en el sector oriente","datePublished":"2021-12-29T00:11:00+00:00","dateModified":"2023-09-07T00:15:02+00:00","mainEntityOfPage":{"@id":"https:\/\/fadeu.urantiacos.cl\/en\/2021\/12\/28\/alza-de-tasas-de-los-hipotecarios-subio-el-precio-de-los-arriendos-en-el-sector-oriente\/"},"wordCount":53,"commentCount":0,"image":{"@id":"https:\/\/fadeu.urantiacos.cl\/en\/2021\/12\/28\/alza-de-tasas-de-los-hipotecarios-subio-el-precio-de-los-arriendos-en-el-sector-oriente\/#primaryimage"},"thumbnailUrl":"https:\/\/fadeu.urantiacos.cl\/wp-content\/uploads\/2023\/09\/web_2990820_2290912.jpg","articleSection":["Sin categorizar"],"inLanguage":"en-US","potentialAction":[{"@type":"CommentAction","name":"Comment","target":["https:\/\/fadeu.urantiacos.cl\/en\/2021\/12\/28\/alza-de-tasas-de-los-hipotecarios-subio-el-precio-de-los-arriendos-en-el-sector-oriente\/#respond"]}]},{"@type":"WebPage","@id":"https:\/\/fadeu.urantiacos.cl\/en\/2021\/12\/28\/alza-de-tasas-de-los-hipotecarios-subio-el-precio-de-los-arriendos-en-el-sector-oriente\/","url":"https:\/\/fadeu.urantiacos.cl\/en\/2021\/12\/28\/alza-de-tasas-de-los-hipotecarios-subio-el-precio-de-los-arriendos-en-el-sector-oriente\/","name":"Alza de tasas de los hipotecarios subi\u00f3 el precio de los arriendos en el sector oriente - Facultad de Arquitectura, Dise\u00f1o y Estudios Urbanos","isPartOf":{"@id":"https:\/\/fadeu.urantiacos.cl\/en\/#website"},"primaryImageOfPage":{"@id":"https:\/\/fadeu.urantiacos.cl\/en\/2021\/12\/28\/alza-de-tasas-de-los-hipotecarios-subio-el-precio-de-los-arriendos-en-el-sector-oriente\/#primaryimage"},"image":{"@id":"https:\/\/fadeu.urantiacos.cl\/en\/2021\/12\/28\/alza-de-tasas-de-los-hipotecarios-subio-el-precio-de-los-arriendos-en-el-sector-oriente\/#primaryimage"},"thumbnailUrl":"https:\/\/fadeu.urantiacos.cl\/wp-content\/uploads\/2023\/09\/web_2990820_2290912.jpg","datePublished":"2021-12-29T00:11:00+00:00","dateModified":"2023-09-07T00:15:02+00:00","author":{"@id":"https:\/\/fadeu.urantiacos.cl\/en\/#\/schema\/person\/d203e2e84b1c40275eac77b3061a19a2"},"description":"Las \u00daltimas Noticias destaca que el alza de tasas de los cr\u00e9ditos hipotecarios subi\u00f3 el precio de los arriendos en el sector oriente. Habla Luis Fuentes,","breadcrumb":{"@id":"https:\/\/fadeu.urantiacos.cl\/en\/2021\/12\/28\/alza-de-tasas-de-los-hipotecarios-subio-el-precio-de-los-arriendos-en-el-sector-oriente\/#breadcrumb"},"inLanguage":"en-US","potentialAction":[{"@type":"ReadAction","target":["https:\/\/fadeu.urantiacos.cl\/en\/2021\/12\/28\/alza-de-tasas-de-los-hipotecarios-subio-el-precio-de-los-arriendos-en-el-sector-oriente\/"]}]},{"@type":"ImageObject","inLanguage":"en-US","@id":"https:\/\/fadeu.urantiacos.cl\/en\/2021\/12\/28\/alza-de-tasas-de-los-hipotecarios-subio-el-precio-de-los-arriendos-en-el-sector-oriente\/#primaryimage","url":"https:\/\/fadeu.urantiacos.cl\/wp-content\/uploads\/2023\/09\/web_2990820_2290912.jpg","contentUrl":"https:\/\/fadeu.urantiacos.cl\/wp-content\/uploads\/2023\/09\/web_2990820_2290912.jpg","width":350,"height":250},{"@type":"BreadcrumbList","@id":"https:\/\/fadeu.urantiacos.cl\/en\/2021\/12\/28\/alza-de-tasas-de-los-hipotecarios-subio-el-precio-de-los-arriendos-en-el-sector-oriente\/#breadcrumb","itemListElement":[{"@type":"ListItem","position":1,"name":"Portada","item":"https:\/\/fadeu.urantiacos.cl\/en\/"},{"@type":"ListItem","position":2,"name":"Alza de tasas de los hipotecarios subi\u00f3 el precio de los arriendos en el sector oriente"}]},{"@type":"WebSite","@id":"https:\/\/fadeu.urantiacos.cl\/en\/#website","url":"https:\/\/fadeu.urantiacos.cl\/en\/","name":"Facultad de Arquitectura, Dise\u00f1o y Estudios Urbanos","description":"Campus Lo Contador","potentialAction":[{"@type":"SearchAction","target":{"@type":"EntryPoint","urlTemplate":"https:\/\/fadeu.urantiacos.cl\/en\/?s={search_term_string}"},"query-input":{"@type":"PropertyValueSpecification","valueRequired":true,"valueName":"search_term_string"}}],"inLanguage":"en-US"},{"@type":"Person","@id":"https:\/\/fadeu.urantiacos.cl\/en\/#\/schema\/person\/d203e2e84b1c40275eac77b3061a19a2","name":"manadmin","image":{"@type":"ImageObject","inLanguage":"en-US","@id":"https:\/\/fadeu.urantiacos.cl\/en\/#\/schema\/person\/image\/","url":"https:\/\/secure.gravatar.com\/avatar\/4b1d8e3303b4a9d8968ac578947d8bc80d9aea359f388cdd4aac15cadc0e8447?s=96&d=mm&r=g","contentUrl":"https:\/\/secure.gravatar.com\/avatar\/4b1d8e3303b4a9d8968ac578947d8bc80d9aea359f388cdd4aac15cadc0e8447?s=96&d=mm&r=g","caption":"manadmin"},"sameAs":["https:\/\/fadeu.urantiacos.cl"]}]}},"_links":{"self":[{"href":"https:\/\/fadeu.urantiacos.cl\/en\/wp-json\/wp\/v2\/posts\/5716","targetHints":{"allow":["GET"]}}],"collection":[{"href":"https:\/\/fadeu.urantiacos.cl\/en\/wp-json\/wp\/v2\/posts"}],"about":[{"href":"https:\/\/fadeu.urantiacos.cl\/en\/wp-json\/wp\/v2\/types\/post"}],"author":[{"embeddable":true,"href":"https:\/\/fadeu.urantiacos.cl\/en\/wp-json\/wp\/v2\/users\/1"}],"replies":[{"embeddable":true,"href":"https:\/\/fadeu.urantiacos.cl\/en\/wp-json\/wp\/v2\/comments?post=5716"}],"version-history":[{"count":1,"href":"https:\/\/fadeu.urantiacos.cl\/en\/wp-json\/wp\/v2\/posts\/5716\/revisions"}],"predecessor-version":[{"id":5719,"href":"https:\/\/fadeu.urantiacos.cl\/en\/wp-json\/wp\/v2\/posts\/5716\/revisions\/5719"}],"wp:featuredmedia":[{"embeddable":true,"href":"https:\/\/fadeu.urantiacos.cl\/en\/wp-json\/wp\/v2\/media\/5717"}],"wp:attachment":[{"href":"https:\/\/fadeu.urantiacos.cl\/en\/wp-json\/wp\/v2\/media?parent=5716"}],"wp:term":[{"taxonomy":"category","embeddable":true,"href":"https:\/\/fadeu.urantiacos.cl\/en\/wp-json\/wp\/v2\/categories?post=5716"},{"taxonomy":"post_tag","embeddable":true,"href":"https:\/\/fadeu.urantiacos.cl\/en\/wp-json\/wp\/v2\/tags?post=5716"}],"curies":[{"name":"wp","href":"https:\/\/api.w.org\/{rel}","templated":true}]}}