{"id":5712,"date":"2021-12-28T21:08:00","date_gmt":"2021-12-29T00:08:00","guid":{"rendered":"https:\/\/fadeu.urantiacos.cl\/?p=5712"},"modified":"2023-09-06T21:11:22","modified_gmt":"2023-09-07T00:11:22","slug":"magisteres-de-la-escuela-de-arquitectura-dictaron-charlas-en-el-ciclo-organizado-por-las-condes-design-y-la-fadeu-reflexiones-de-futuro","status":"publish","type":"post","link":"https:\/\/fadeu.urantiacos.cl\/en\/2021\/12\/28\/magisteres-de-la-escuela-de-arquitectura-dictaron-charlas-en-el-ciclo-organizado-por-las-condes-design-y-la-fadeu-reflexiones-de-futuro\/","title":{"rendered":"Mag\u00edsteres de la escuela de Arquitectura dictaron charlas en el ciclo organizado por Las Condes Design y la FADEU: \u201cReflexiones de Futuro\u201d"},"content":{"rendered":"\n<figure class=\"wp-block-image size-full\"><img decoding=\"async\" width=\"350\" height=\"250\" src=\"https:\/\/fadeu.urantiacos.cl\/wp-content\/uploads\/2023\/09\/Las_Condes_Design_1.png\" alt=\"\" class=\"wp-image-5713\" srcset=\"https:\/\/fadeu.urantiacos.cl\/wp-content\/uploads\/2023\/09\/Las_Condes_Design_1.png 350w, https:\/\/fadeu.urantiacos.cl\/wp-content\/uploads\/2023\/09\/Las_Condes_Design_1-300x214.png 300w\" sizes=\"(max-width: 350px) 100vw, 350px\" \/><\/figure>\n\n\n\n<p>Las dos `primeras fueron realizadas por el programa Mag\u00edster en Arquitectura, que present\u00f3 la charla \u201cPuntos de Contacto\u201d a cargo del profesor Christi\u00e1n Izquierdo y luego, la exposici\u00f3n \u201cMonumentos\u201d, a cargo de la profesora Paula Velasco. Posteriormente, se realiz\u00f3 la charla titulada \u201cPatrimonio, Proyecto y Ciudad: Casos de Transformaci\u00f3n Sostenible en el Centro de Santiago, Chile\u201d, del Mag\u00edster en Patrimonio Cultural, a cargo de su jefa de programa y profesora Elvira P\u00e9rez.<\/p>\n\n\n\n<p>Luego fue el turno del Mag\u00edster en Arquitectura del Paisaje, con la charla \u201cDel Jard\u00edn a la Infraestructura Verde. Arquitecturas y ecolog\u00edas del paisaje para la resiliencia urbana\u201d, a cargo del jefe de programa y profesor Osvaldo Moreno. Finalmente, el Magister en Proyecto Urbano, cerr\u00f3 el ciclo con la charla titulada &#8220;Civitas: El Rol Urbano de la Vivienda Colectiva&#8221;, a cargo del profesor Jos\u00e9 Di Gir\u00f3lamo.<\/p>\n\n\n\n<p>Est\u00e1 considerada en la programaci\u00f3n venidera una charla del Mag\u00edster en Arquitectura Sustentable y Energ\u00eda (MASE) para marzo de 2022.<\/p>\n\n\n\n<p>La coordinaci\u00f3n del espacio esta a cargo de la Direcci\u00f3n de Comunicaciones FADEU y el espacio fue moderado por el arquitecto Marcial del R\u00edo. Si quieres revivir cada una de las charlas, puedes verlas en la p\u00e1gina oficial de Facebook de la Facultad de Arquitectura, Dise\u00f1o y Estudios Urbanos UC:&nbsp;<a href=\"https:\/\/www.facebook.com\/fadeuuc\/videos\/?ref=page_internal\">https:\/\/www.facebook.com\/fadeuuc\/videos\/?ref=page_internal<\/a><a href=\"https:\/\/www.facebook.com\/fadeuuc\/videos\/?ref=page_internal\"><\/a><\/p>\n\n\n\n<p>INFORMACI\u00d3N PERIOD\u00cdSTICA<br>JUAN ANDR\u00c9S INSUNZA<\/p>\n\n\n\n<figure class=\"wp-block-image size-large\"><img decoding=\"async\" width=\"1024\" height=\"678\" src=\"https:\/\/fadeu.urantiacos.cl\/wp-content\/uploads\/2023\/09\/Captura_de_pantalla_2021-12-28_a_las_16.24.26_1-1024x678.png\" alt=\"\" class=\"wp-image-5714\" srcset=\"https:\/\/fadeu.urantiacos.cl\/wp-content\/uploads\/2023\/09\/Captura_de_pantalla_2021-12-28_a_las_16.24.26_1-1024x678.png 1024w, https:\/\/fadeu.urantiacos.cl\/wp-content\/uploads\/2023\/09\/Captura_de_pantalla_2021-12-28_a_las_16.24.26_1-300x199.png 300w, https:\/\/fadeu.urantiacos.cl\/wp-content\/uploads\/2023\/09\/Captura_de_pantalla_2021-12-28_a_las_16.24.26_1-768x509.png 768w, https:\/\/fadeu.urantiacos.cl\/wp-content\/uploads\/2023\/09\/Captura_de_pantalla_2021-12-28_a_las_16.24.26_1-1536x1017.png 1536w, https:\/\/fadeu.urantiacos.cl\/wp-content\/uploads\/2023\/09\/Captura_de_pantalla_2021-12-28_a_las_16.24.26_1.png 1600w\" sizes=\"(max-width: 1024px) 100vw, 1024px\" \/><\/figure>\n","protected":false},"excerpt":{"rendered":"<p>Cinco importantes charlas realizaron los programas de Mag\u00edster de la escuela de Arquitectura en el ciclo organizado por Las Condes Design y la FADEU: \u201cReflexiones de Futuro\u201d, en su versi\u00f3n del segundo semestre del 2021. Este ciclo fomenta la discusi\u00f3n y la reflexi\u00f3n acad\u00e9mica y profesional en materia de arquitectura y dise\u00f1o.<\/p>\n","protected":false},"author":1,"featured_media":5713,"comment_status":"open","ping_status":"open","sticky":false,"template":"","format":"standard","meta":{"_acf_changed":false,"footnotes":""},"categories":[1],"tags":[],"class_list":["post-5712","post","type-post","status-publish","format-standard","has-post-thumbnail","hentry","category-sin-categorizar"],"acf":[],"yoast_head":"<!-- This site is optimized with the Yoast SEO plugin v27.1.1 - https:\/\/yoast.com\/product\/yoast-seo-wordpress\/ -->\n<title>Mag\u00edsteres de la escuela de Arquitectura dictaron charlas en el ciclo organizado por Las Condes Design y la FADEU: \u201cReflexiones de Futuro\u201d - Facultad de Arquitectura, Dise\u00f1o y Estudios Urbanos<\/title>\n<meta name=\"description\" content=\"Cinco importantes charlas realizaron los programas de Mag\u00edster de la escuela de Arquitectura en el ciclo organizado por Las Condes Design y la FADEU: \u201cReflexiones de Futuro\u201d, en su versi\u00f3n del segundo semestre del 2021. Este ciclo fomenta la discusi\u00f3n y la reflexi\u00f3n acad\u00e9mica y profesional en materia de arquitectura y dise\u00f1o.\" \/>\n<meta name=\"robots\" content=\"index, follow, max-snippet:-1, max-image-preview:large, max-video-preview:-1\" \/>\n<link rel=\"canonical\" href=\"https:\/\/fadeu.urantiacos.cl\/en\/2021\/12\/28\/magisteres-de-la-escuela-de-arquitectura-dictaron-charlas-en-el-ciclo-organizado-por-las-condes-design-y-la-fadeu-reflexiones-de-futuro\/\" \/>\n<meta property=\"og:locale\" content=\"en_US\" \/>\n<meta property=\"og:type\" content=\"article\" \/>\n<meta property=\"og:title\" content=\"Mag\u00edsteres de la escuela de Arquitectura dictaron charlas en el ciclo organizado por Las Condes Design y la FADEU: \u201cReflexiones de Futuro\u201d - Facultad de Arquitectura, Dise\u00f1o y Estudios Urbanos\" \/>\n<meta property=\"og:description\" content=\"Cinco importantes charlas realizaron los programas de Mag\u00edster de la escuela de Arquitectura en el ciclo organizado por Las Condes Design y la FADEU: \u201cReflexiones de Futuro\u201d, en su versi\u00f3n del segundo semestre del 2021. Este ciclo fomenta la discusi\u00f3n y la reflexi\u00f3n acad\u00e9mica y profesional en materia de arquitectura y dise\u00f1o.\" \/>\n<meta property=\"og:url\" content=\"https:\/\/fadeu.urantiacos.cl\/en\/2021\/12\/28\/magisteres-de-la-escuela-de-arquitectura-dictaron-charlas-en-el-ciclo-organizado-por-las-condes-design-y-la-fadeu-reflexiones-de-futuro\/\" \/>\n<meta property=\"og:site_name\" content=\"Facultad de Arquitectura, Dise\u00f1o y Estudios Urbanos\" \/>\n<meta property=\"article:published_time\" content=\"2021-12-29T00:08:00+00:00\" \/>\n<meta property=\"article:modified_time\" content=\"2023-09-07T00:11:22+00:00\" \/>\n<meta property=\"og:image\" content=\"https:\/\/fadeu.urantiacos.cl\/wp-content\/uploads\/2023\/09\/Las_Condes_Design_1.png\" \/>\n\t<meta property=\"og:image:width\" content=\"350\" \/>\n\t<meta property=\"og:image:height\" content=\"250\" \/>\n\t<meta property=\"og:image:type\" content=\"image\/png\" \/>\n<meta name=\"author\" content=\"manadmin\" \/>\n<meta name=\"twitter:card\" content=\"summary_large_image\" \/>\n<meta name=\"twitter:label1\" content=\"Written by\" \/>\n\t<meta name=\"twitter:data1\" content=\"manadmin\" \/>\n\t<meta name=\"twitter:label2\" content=\"Est. reading time\" \/>\n\t<meta name=\"twitter:data2\" content=\"1 minute\" \/>\n<script type=\"application\/ld+json\" class=\"yoast-schema-graph\">{\"@context\":\"https:\/\/schema.org\",\"@graph\":[{\"@type\":\"Article\",\"@id\":\"https:\/\/fadeu.urantiacos.cl\/en\/2021\/12\/28\/magisteres-de-la-escuela-de-arquitectura-dictaron-charlas-en-el-ciclo-organizado-por-las-condes-design-y-la-fadeu-reflexiones-de-futuro\/#article\",\"isPartOf\":{\"@id\":\"https:\/\/fadeu.urantiacos.cl\/en\/2021\/12\/28\/magisteres-de-la-escuela-de-arquitectura-dictaron-charlas-en-el-ciclo-organizado-por-las-condes-design-y-la-fadeu-reflexiones-de-futuro\/\"},\"author\":{\"name\":\"manadmin\",\"@id\":\"https:\/\/fadeu.urantiacos.cl\/en\/#\/schema\/person\/d203e2e84b1c40275eac77b3061a19a2\"},\"headline\":\"Mag\u00edsteres de la escuela de Arquitectura dictaron charlas en el ciclo organizado por Las Condes Design y la FADEU: \u201cReflexiones de Futuro\u201d\",\"datePublished\":\"2021-12-29T00:08:00+00:00\",\"dateModified\":\"2023-09-07T00:11:22+00:00\",\"mainEntityOfPage\":{\"@id\":\"https:\/\/fadeu.urantiacos.cl\/en\/2021\/12\/28\/magisteres-de-la-escuela-de-arquitectura-dictaron-charlas-en-el-ciclo-organizado-por-las-condes-design-y-la-fadeu-reflexiones-de-futuro\/\"},\"wordCount\":265,\"commentCount\":0,\"image\":{\"@id\":\"https:\/\/fadeu.urantiacos.cl\/en\/2021\/12\/28\/magisteres-de-la-escuela-de-arquitectura-dictaron-charlas-en-el-ciclo-organizado-por-las-condes-design-y-la-fadeu-reflexiones-de-futuro\/#primaryimage\"},\"thumbnailUrl\":\"https:\/\/fadeu.urantiacos.cl\/wp-content\/uploads\/2023\/09\/Las_Condes_Design_1.png\",\"articleSection\":[\"Sin categorizar\"],\"inLanguage\":\"en-US\",\"potentialAction\":[{\"@type\":\"CommentAction\",\"name\":\"Comment\",\"target\":[\"https:\/\/fadeu.urantiacos.cl\/en\/2021\/12\/28\/magisteres-de-la-escuela-de-arquitectura-dictaron-charlas-en-el-ciclo-organizado-por-las-condes-design-y-la-fadeu-reflexiones-de-futuro\/#respond\"]}]},{\"@type\":\"WebPage\",\"@id\":\"https:\/\/fadeu.urantiacos.cl\/en\/2021\/12\/28\/magisteres-de-la-escuela-de-arquitectura-dictaron-charlas-en-el-ciclo-organizado-por-las-condes-design-y-la-fadeu-reflexiones-de-futuro\/\",\"url\":\"https:\/\/fadeu.urantiacos.cl\/en\/2021\/12\/28\/magisteres-de-la-escuela-de-arquitectura-dictaron-charlas-en-el-ciclo-organizado-por-las-condes-design-y-la-fadeu-reflexiones-de-futuro\/\",\"name\":\"Mag\u00edsteres de la escuela de Arquitectura dictaron charlas en el ciclo organizado por Las Condes Design y la FADEU: \u201cReflexiones de Futuro\u201d - Facultad de Arquitectura, Dise\u00f1o y Estudios Urbanos\",\"isPartOf\":{\"@id\":\"https:\/\/fadeu.urantiacos.cl\/en\/#website\"},\"primaryImageOfPage\":{\"@id\":\"https:\/\/fadeu.urantiacos.cl\/en\/2021\/12\/28\/magisteres-de-la-escuela-de-arquitectura-dictaron-charlas-en-el-ciclo-organizado-por-las-condes-design-y-la-fadeu-reflexiones-de-futuro\/#primaryimage\"},\"image\":{\"@id\":\"https:\/\/fadeu.urantiacos.cl\/en\/2021\/12\/28\/magisteres-de-la-escuela-de-arquitectura-dictaron-charlas-en-el-ciclo-organizado-por-las-condes-design-y-la-fadeu-reflexiones-de-futuro\/#primaryimage\"},\"thumbnailUrl\":\"https:\/\/fadeu.urantiacos.cl\/wp-content\/uploads\/2023\/09\/Las_Condes_Design_1.png\",\"datePublished\":\"2021-12-29T00:08:00+00:00\",\"dateModified\":\"2023-09-07T00:11:22+00:00\",\"author\":{\"@id\":\"https:\/\/fadeu.urantiacos.cl\/en\/#\/schema\/person\/d203e2e84b1c40275eac77b3061a19a2\"},\"description\":\"Cinco importantes charlas realizaron los programas de Mag\u00edster de la escuela de Arquitectura en el ciclo organizado por Las Condes Design y la FADEU: \u201cReflexiones de Futuro\u201d, en su versi\u00f3n del segundo semestre del 2021. Este ciclo fomenta la discusi\u00f3n y la reflexi\u00f3n acad\u00e9mica y profesional en materia de arquitectura y dise\u00f1o.\",\"breadcrumb\":{\"@id\":\"https:\/\/fadeu.urantiacos.cl\/en\/2021\/12\/28\/magisteres-de-la-escuela-de-arquitectura-dictaron-charlas-en-el-ciclo-organizado-por-las-condes-design-y-la-fadeu-reflexiones-de-futuro\/#breadcrumb\"},\"inLanguage\":\"en-US\",\"potentialAction\":[{\"@type\":\"ReadAction\",\"target\":[\"https:\/\/fadeu.urantiacos.cl\/en\/2021\/12\/28\/magisteres-de-la-escuela-de-arquitectura-dictaron-charlas-en-el-ciclo-organizado-por-las-condes-design-y-la-fadeu-reflexiones-de-futuro\/\"]}]},{\"@type\":\"ImageObject\",\"inLanguage\":\"en-US\",\"@id\":\"https:\/\/fadeu.urantiacos.cl\/en\/2021\/12\/28\/magisteres-de-la-escuela-de-arquitectura-dictaron-charlas-en-el-ciclo-organizado-por-las-condes-design-y-la-fadeu-reflexiones-de-futuro\/#primaryimage\",\"url\":\"https:\/\/fadeu.urantiacos.cl\/wp-content\/uploads\/2023\/09\/Las_Condes_Design_1.png\",\"contentUrl\":\"https:\/\/fadeu.urantiacos.cl\/wp-content\/uploads\/2023\/09\/Las_Condes_Design_1.png\",\"width\":350,\"height\":250},{\"@type\":\"BreadcrumbList\",\"@id\":\"https:\/\/fadeu.urantiacos.cl\/en\/2021\/12\/28\/magisteres-de-la-escuela-de-arquitectura-dictaron-charlas-en-el-ciclo-organizado-por-las-condes-design-y-la-fadeu-reflexiones-de-futuro\/#breadcrumb\",\"itemListElement\":[{\"@type\":\"ListItem\",\"position\":1,\"name\":\"Portada\",\"item\":\"https:\/\/fadeu.urantiacos.cl\/en\/\"},{\"@type\":\"ListItem\",\"position\":2,\"name\":\"Mag\u00edsteres de la escuela de Arquitectura dictaron charlas en el ciclo organizado por Las Condes Design y la FADEU: \u201cReflexiones de Futuro\u201d\"}]},{\"@type\":\"WebSite\",\"@id\":\"https:\/\/fadeu.urantiacos.cl\/en\/#website\",\"url\":\"https:\/\/fadeu.urantiacos.cl\/en\/\",\"name\":\"Facultad de Arquitectura, Dise\u00f1o y Estudios Urbanos\",\"description\":\"Campus Lo Contador\",\"potentialAction\":[{\"@type\":\"SearchAction\",\"target\":{\"@type\":\"EntryPoint\",\"urlTemplate\":\"https:\/\/fadeu.urantiacos.cl\/en\/?s={search_term_string}\"},\"query-input\":{\"@type\":\"PropertyValueSpecification\",\"valueRequired\":true,\"valueName\":\"search_term_string\"}}],\"inLanguage\":\"en-US\"},{\"@type\":\"Person\",\"@id\":\"https:\/\/fadeu.urantiacos.cl\/en\/#\/schema\/person\/d203e2e84b1c40275eac77b3061a19a2\",\"name\":\"manadmin\",\"image\":{\"@type\":\"ImageObject\",\"inLanguage\":\"en-US\",\"@id\":\"https:\/\/fadeu.urantiacos.cl\/en\/#\/schema\/person\/image\/\",\"url\":\"https:\/\/secure.gravatar.com\/avatar\/4b1d8e3303b4a9d8968ac578947d8bc80d9aea359f388cdd4aac15cadc0e8447?s=96&d=mm&r=g\",\"contentUrl\":\"https:\/\/secure.gravatar.com\/avatar\/4b1d8e3303b4a9d8968ac578947d8bc80d9aea359f388cdd4aac15cadc0e8447?s=96&d=mm&r=g\",\"caption\":\"manadmin\"},\"sameAs\":[\"https:\/\/fadeu.urantiacos.cl\"]}]}<\/script>\n<!-- \/ Yoast SEO plugin. -->","yoast_head_json":{"title":"Mag\u00edsteres de la escuela de Arquitectura dictaron charlas en el ciclo organizado por Las Condes Design y la FADEU: \u201cReflexiones de Futuro\u201d - Facultad de Arquitectura, Dise\u00f1o y Estudios Urbanos","description":"Cinco importantes charlas realizaron los programas de Mag\u00edster de la escuela de Arquitectura en el ciclo organizado por Las Condes Design y la FADEU: \u201cReflexiones de Futuro\u201d, en su versi\u00f3n del segundo semestre del 2021. Este ciclo fomenta la discusi\u00f3n y la reflexi\u00f3n acad\u00e9mica y profesional en materia de arquitectura y dise\u00f1o.","robots":{"index":"index","follow":"follow","max-snippet":"max-snippet:-1","max-image-preview":"max-image-preview:large","max-video-preview":"max-video-preview:-1"},"canonical":"https:\/\/fadeu.urantiacos.cl\/en\/2021\/12\/28\/magisteres-de-la-escuela-de-arquitectura-dictaron-charlas-en-el-ciclo-organizado-por-las-condes-design-y-la-fadeu-reflexiones-de-futuro\/","og_locale":"en_US","og_type":"article","og_title":"Mag\u00edsteres de la escuela de Arquitectura dictaron charlas en el ciclo organizado por Las Condes Design y la FADEU: \u201cReflexiones de Futuro\u201d - Facultad de Arquitectura, Dise\u00f1o y Estudios Urbanos","og_description":"Cinco importantes charlas realizaron los programas de Mag\u00edster de la escuela de Arquitectura en el ciclo organizado por Las Condes Design y la FADEU: \u201cReflexiones de Futuro\u201d, en su versi\u00f3n del segundo semestre del 2021. Este ciclo fomenta la discusi\u00f3n y la reflexi\u00f3n acad\u00e9mica y profesional en materia de arquitectura y dise\u00f1o.","og_url":"https:\/\/fadeu.urantiacos.cl\/en\/2021\/12\/28\/magisteres-de-la-escuela-de-arquitectura-dictaron-charlas-en-el-ciclo-organizado-por-las-condes-design-y-la-fadeu-reflexiones-de-futuro\/","og_site_name":"Facultad de Arquitectura, Dise\u00f1o y Estudios Urbanos","article_published_time":"2021-12-29T00:08:00+00:00","article_modified_time":"2023-09-07T00:11:22+00:00","og_image":[{"width":350,"height":250,"url":"https:\/\/fadeu.urantiacos.cl\/wp-content\/uploads\/2023\/09\/Las_Condes_Design_1.png","type":"image\/png"}],"author":"manadmin","twitter_card":"summary_large_image","twitter_misc":{"Written by":"manadmin","Est. reading time":"1 minute"},"schema":{"@context":"https:\/\/schema.org","@graph":[{"@type":"Article","@id":"https:\/\/fadeu.urantiacos.cl\/en\/2021\/12\/28\/magisteres-de-la-escuela-de-arquitectura-dictaron-charlas-en-el-ciclo-organizado-por-las-condes-design-y-la-fadeu-reflexiones-de-futuro\/#article","isPartOf":{"@id":"https:\/\/fadeu.urantiacos.cl\/en\/2021\/12\/28\/magisteres-de-la-escuela-de-arquitectura-dictaron-charlas-en-el-ciclo-organizado-por-las-condes-design-y-la-fadeu-reflexiones-de-futuro\/"},"author":{"name":"manadmin","@id":"https:\/\/fadeu.urantiacos.cl\/en\/#\/schema\/person\/d203e2e84b1c40275eac77b3061a19a2"},"headline":"Mag\u00edsteres de la escuela de Arquitectura dictaron charlas en el ciclo organizado por Las Condes Design y la FADEU: \u201cReflexiones de Futuro\u201d","datePublished":"2021-12-29T00:08:00+00:00","dateModified":"2023-09-07T00:11:22+00:00","mainEntityOfPage":{"@id":"https:\/\/fadeu.urantiacos.cl\/en\/2021\/12\/28\/magisteres-de-la-escuela-de-arquitectura-dictaron-charlas-en-el-ciclo-organizado-por-las-condes-design-y-la-fadeu-reflexiones-de-futuro\/"},"wordCount":265,"commentCount":0,"image":{"@id":"https:\/\/fadeu.urantiacos.cl\/en\/2021\/12\/28\/magisteres-de-la-escuela-de-arquitectura-dictaron-charlas-en-el-ciclo-organizado-por-las-condes-design-y-la-fadeu-reflexiones-de-futuro\/#primaryimage"},"thumbnailUrl":"https:\/\/fadeu.urantiacos.cl\/wp-content\/uploads\/2023\/09\/Las_Condes_Design_1.png","articleSection":["Sin categorizar"],"inLanguage":"en-US","potentialAction":[{"@type":"CommentAction","name":"Comment","target":["https:\/\/fadeu.urantiacos.cl\/en\/2021\/12\/28\/magisteres-de-la-escuela-de-arquitectura-dictaron-charlas-en-el-ciclo-organizado-por-las-condes-design-y-la-fadeu-reflexiones-de-futuro\/#respond"]}]},{"@type":"WebPage","@id":"https:\/\/fadeu.urantiacos.cl\/en\/2021\/12\/28\/magisteres-de-la-escuela-de-arquitectura-dictaron-charlas-en-el-ciclo-organizado-por-las-condes-design-y-la-fadeu-reflexiones-de-futuro\/","url":"https:\/\/fadeu.urantiacos.cl\/en\/2021\/12\/28\/magisteres-de-la-escuela-de-arquitectura-dictaron-charlas-en-el-ciclo-organizado-por-las-condes-design-y-la-fadeu-reflexiones-de-futuro\/","name":"Mag\u00edsteres de la escuela de Arquitectura dictaron charlas en el ciclo organizado por Las Condes Design y la FADEU: \u201cReflexiones de Futuro\u201d - Facultad de Arquitectura, Dise\u00f1o y Estudios Urbanos","isPartOf":{"@id":"https:\/\/fadeu.urantiacos.cl\/en\/#website"},"primaryImageOfPage":{"@id":"https:\/\/fadeu.urantiacos.cl\/en\/2021\/12\/28\/magisteres-de-la-escuela-de-arquitectura-dictaron-charlas-en-el-ciclo-organizado-por-las-condes-design-y-la-fadeu-reflexiones-de-futuro\/#primaryimage"},"image":{"@id":"https:\/\/fadeu.urantiacos.cl\/en\/2021\/12\/28\/magisteres-de-la-escuela-de-arquitectura-dictaron-charlas-en-el-ciclo-organizado-por-las-condes-design-y-la-fadeu-reflexiones-de-futuro\/#primaryimage"},"thumbnailUrl":"https:\/\/fadeu.urantiacos.cl\/wp-content\/uploads\/2023\/09\/Las_Condes_Design_1.png","datePublished":"2021-12-29T00:08:00+00:00","dateModified":"2023-09-07T00:11:22+00:00","author":{"@id":"https:\/\/fadeu.urantiacos.cl\/en\/#\/schema\/person\/d203e2e84b1c40275eac77b3061a19a2"},"description":"Cinco importantes charlas realizaron los programas de Mag\u00edster de la escuela de Arquitectura en el ciclo organizado por Las Condes Design y la FADEU: \u201cReflexiones de Futuro\u201d, en su versi\u00f3n del segundo semestre del 2021. Este ciclo fomenta la discusi\u00f3n y la reflexi\u00f3n acad\u00e9mica y profesional en materia de arquitectura y dise\u00f1o.","breadcrumb":{"@id":"https:\/\/fadeu.urantiacos.cl\/en\/2021\/12\/28\/magisteres-de-la-escuela-de-arquitectura-dictaron-charlas-en-el-ciclo-organizado-por-las-condes-design-y-la-fadeu-reflexiones-de-futuro\/#breadcrumb"},"inLanguage":"en-US","potentialAction":[{"@type":"ReadAction","target":["https:\/\/fadeu.urantiacos.cl\/en\/2021\/12\/28\/magisteres-de-la-escuela-de-arquitectura-dictaron-charlas-en-el-ciclo-organizado-por-las-condes-design-y-la-fadeu-reflexiones-de-futuro\/"]}]},{"@type":"ImageObject","inLanguage":"en-US","@id":"https:\/\/fadeu.urantiacos.cl\/en\/2021\/12\/28\/magisteres-de-la-escuela-de-arquitectura-dictaron-charlas-en-el-ciclo-organizado-por-las-condes-design-y-la-fadeu-reflexiones-de-futuro\/#primaryimage","url":"https:\/\/fadeu.urantiacos.cl\/wp-content\/uploads\/2023\/09\/Las_Condes_Design_1.png","contentUrl":"https:\/\/fadeu.urantiacos.cl\/wp-content\/uploads\/2023\/09\/Las_Condes_Design_1.png","width":350,"height":250},{"@type":"BreadcrumbList","@id":"https:\/\/fadeu.urantiacos.cl\/en\/2021\/12\/28\/magisteres-de-la-escuela-de-arquitectura-dictaron-charlas-en-el-ciclo-organizado-por-las-condes-design-y-la-fadeu-reflexiones-de-futuro\/#breadcrumb","itemListElement":[{"@type":"ListItem","position":1,"name":"Portada","item":"https:\/\/fadeu.urantiacos.cl\/en\/"},{"@type":"ListItem","position":2,"name":"Mag\u00edsteres de la escuela de Arquitectura dictaron charlas en el ciclo organizado por Las Condes Design y la FADEU: \u201cReflexiones de Futuro\u201d"}]},{"@type":"WebSite","@id":"https:\/\/fadeu.urantiacos.cl\/en\/#website","url":"https:\/\/fadeu.urantiacos.cl\/en\/","name":"Facultad de Arquitectura, Dise\u00f1o y Estudios Urbanos","description":"Campus Lo Contador","potentialAction":[{"@type":"SearchAction","target":{"@type":"EntryPoint","urlTemplate":"https:\/\/fadeu.urantiacos.cl\/en\/?s={search_term_string}"},"query-input":{"@type":"PropertyValueSpecification","valueRequired":true,"valueName":"search_term_string"}}],"inLanguage":"en-US"},{"@type":"Person","@id":"https:\/\/fadeu.urantiacos.cl\/en\/#\/schema\/person\/d203e2e84b1c40275eac77b3061a19a2","name":"manadmin","image":{"@type":"ImageObject","inLanguage":"en-US","@id":"https:\/\/fadeu.urantiacos.cl\/en\/#\/schema\/person\/image\/","url":"https:\/\/secure.gravatar.com\/avatar\/4b1d8e3303b4a9d8968ac578947d8bc80d9aea359f388cdd4aac15cadc0e8447?s=96&d=mm&r=g","contentUrl":"https:\/\/secure.gravatar.com\/avatar\/4b1d8e3303b4a9d8968ac578947d8bc80d9aea359f388cdd4aac15cadc0e8447?s=96&d=mm&r=g","caption":"manadmin"},"sameAs":["https:\/\/fadeu.urantiacos.cl"]}]}},"_links":{"self":[{"href":"https:\/\/fadeu.urantiacos.cl\/en\/wp-json\/wp\/v2\/posts\/5712","targetHints":{"allow":["GET"]}}],"collection":[{"href":"https:\/\/fadeu.urantiacos.cl\/en\/wp-json\/wp\/v2\/posts"}],"about":[{"href":"https:\/\/fadeu.urantiacos.cl\/en\/wp-json\/wp\/v2\/types\/post"}],"author":[{"embeddable":true,"href":"https:\/\/fadeu.urantiacos.cl\/en\/wp-json\/wp\/v2\/users\/1"}],"replies":[{"embeddable":true,"href":"https:\/\/fadeu.urantiacos.cl\/en\/wp-json\/wp\/v2\/comments?post=5712"}],"version-history":[{"count":1,"href":"https:\/\/fadeu.urantiacos.cl\/en\/wp-json\/wp\/v2\/posts\/5712\/revisions"}],"predecessor-version":[{"id":5715,"href":"https:\/\/fadeu.urantiacos.cl\/en\/wp-json\/wp\/v2\/posts\/5712\/revisions\/5715"}],"wp:featuredmedia":[{"embeddable":true,"href":"https:\/\/fadeu.urantiacos.cl\/en\/wp-json\/wp\/v2\/media\/5713"}],"wp:attachment":[{"href":"https:\/\/fadeu.urantiacos.cl\/en\/wp-json\/wp\/v2\/media?parent=5712"}],"wp:term":[{"taxonomy":"category","embeddable":true,"href":"https:\/\/fadeu.urantiacos.cl\/en\/wp-json\/wp\/v2\/categories?post=5712"},{"taxonomy":"post_tag","embeddable":true,"href":"https:\/\/fadeu.urantiacos.cl\/en\/wp-json\/wp\/v2\/tags?post=5712"}],"curies":[{"name":"wp","href":"https:\/\/api.w.org\/{rel}","templated":true}]}}