{"id":5704,"date":"2021-12-28T21:04:00","date_gmt":"2021-12-29T00:04:00","guid":{"rendered":"https:\/\/fadeu.urantiacos.cl\/?p=5704"},"modified":"2023-09-06T21:08:18","modified_gmt":"2023-09-07T00:08:18","slug":"escuela-de-graduados-uc-reconocio-al-profesor-filipe-temtem-con-el-premio-de-excelencia-en-tesis-doctoral-2021","status":"publish","type":"post","link":"https:\/\/fadeu.urantiacos.cl\/en\/2021\/12\/28\/escuela-de-graduados-uc-reconocio-al-profesor-filipe-temtem-con-el-premio-de-excelencia-en-tesis-doctoral-2021\/","title":{"rendered":"Escuela de Graduados UC reconoci\u00f3 al profesor Filipe Temtem con el premio de Excelencia en Tesis Doctoral 2021"},"content":{"rendered":"\n<figure class=\"wp-block-image size-full\"><img decoding=\"async\" width=\"350\" height=\"250\" src=\"https:\/\/fadeu.urantiacos.cl\/wp-content\/uploads\/2023\/09\/Diapositiva4_WEB.jpg\" alt=\"\" class=\"wp-image-5706\" srcset=\"https:\/\/fadeu.urantiacos.cl\/wp-content\/uploads\/2023\/09\/Diapositiva4_WEB.jpg 350w, https:\/\/fadeu.urantiacos.cl\/wp-content\/uploads\/2023\/09\/Diapositiva4_WEB-300x214.jpg 300w\" sizes=\"(max-width: 350px) 100vw, 350px\" \/><\/figure>\n\n\n\n<p>En esta ocasi\u00f3n fueron recibidas 30 postulaciones en las cinco \u00e1reas definidas para el premio, y tras una exhaustiva evaluaci\u00f3n de los antecedentes, la Comisi\u00f3n de Fallo, presidida por el Prorrector, Guillermo Marshall, e integrada adem\u00e1s por el Vicerrector de Investigaci\u00f3n, Pedro Bouch\u00f3n, y el director de la Escuela de Graduados, Diego Cosmelli, decidi\u00f3 adjudicar el premio al arquitecto Filipe Temtem en base a su curr\u00edculum (incluyendo productividad asociada a su tesis, becas y otros reconocimientos), as\u00ed como tambi\u00e9n por su progresi\u00f3n acad\u00e9mica a lo largo de su trayectoria profesional.<\/p>\n\n\n\n<p>La investigaci\u00f3n ha sido desarrollada en la l\u00ednea \u201cInfraestructura y Espacio P\u00fablico\u201d de la C\u00e1tedra Elemental UC, codirigida por Fernando P\u00e9rez y Alejandro Aravena, traduci\u00e9ndose en un trabajo de car\u00e1cter exploratorio y propositivo que se enmarca en el campo de la investigaci\u00f3n-acci\u00f3n (I-A). Bajo este enfoque metodol\u00f3gico, la tesis explora formas de articulaci\u00f3n entre infraestructuras de transporte segregado \u2013destinadas exclusivamente al tr\u00e1fico autom\u00f3vil (autopistas) y a la circulaci\u00f3n sobre rieles (ferrocarriles)- con los restantes elementos del tejido urbano (v\u00edas, espacio p\u00fablico y edificaciones adyacentes), indag\u00e1ndose sobre la posibilidad de proyectarlas, desde el inicio, como Infraestructuras Multiprop\u00f3sito.&nbsp;Es decir, proponer alternativas de dise\u00f1o que modifiquen las habituales y costosas operaciones de mitigaci\u00f3n, convirtiendo el t\u00edpico efecto barrera\/frontera en oportunidades de crecimiento y desarrollo urbano.&nbsp;<\/p>\n\n\n\n<figure class=\"wp-block-image size-large\"><img decoding=\"async\" width=\"1024\" height=\"576\" src=\"https:\/\/fadeu.urantiacos.cl\/wp-content\/uploads\/2023\/09\/Diapositiva1-1024x576.jpg\" alt=\"\" class=\"wp-image-5707\" srcset=\"https:\/\/fadeu.urantiacos.cl\/wp-content\/uploads\/2023\/09\/Diapositiva1-1024x576.jpg 1024w, https:\/\/fadeu.urantiacos.cl\/wp-content\/uploads\/2023\/09\/Diapositiva1-300x169.jpg 300w, https:\/\/fadeu.urantiacos.cl\/wp-content\/uploads\/2023\/09\/Diapositiva1-768x432.jpg 768w, https:\/\/fadeu.urantiacos.cl\/wp-content\/uploads\/2023\/09\/Diapositiva1.jpg 1280w\" sizes=\"(max-width: 1024px) 100vw, 1024px\" \/><\/figure>\n\n\n\n<figure class=\"wp-block-image size-large\"><img decoding=\"async\" width=\"1024\" height=\"576\" src=\"https:\/\/fadeu.urantiacos.cl\/wp-content\/uploads\/2023\/09\/Diapositiva2-1024x576.jpg\" alt=\"\" class=\"wp-image-5708\" srcset=\"https:\/\/fadeu.urantiacos.cl\/wp-content\/uploads\/2023\/09\/Diapositiva2-1024x576.jpg 1024w, https:\/\/fadeu.urantiacos.cl\/wp-content\/uploads\/2023\/09\/Diapositiva2-300x169.jpg 300w, https:\/\/fadeu.urantiacos.cl\/wp-content\/uploads\/2023\/09\/Diapositiva2-768x432.jpg 768w, https:\/\/fadeu.urantiacos.cl\/wp-content\/uploads\/2023\/09\/Diapositiva2.jpg 1280w\" sizes=\"(max-width: 1024px) 100vw, 1024px\" \/><\/figure>\n\n\n\n<figure class=\"wp-block-image size-large\"><img decoding=\"async\" width=\"1024\" height=\"576\" src=\"https:\/\/fadeu.urantiacos.cl\/wp-content\/uploads\/2023\/09\/Diapositiva3-1024x576.jpg\" alt=\"\" class=\"wp-image-5710\" srcset=\"https:\/\/fadeu.urantiacos.cl\/wp-content\/uploads\/2023\/09\/Diapositiva3-1024x576.jpg 1024w, https:\/\/fadeu.urantiacos.cl\/wp-content\/uploads\/2023\/09\/Diapositiva3-300x169.jpg 300w, https:\/\/fadeu.urantiacos.cl\/wp-content\/uploads\/2023\/09\/Diapositiva3-768x432.jpg 768w, https:\/\/fadeu.urantiacos.cl\/wp-content\/uploads\/2023\/09\/Diapositiva3.jpg 1280w\" sizes=\"(max-width: 1024px) 100vw, 1024px\" \/><\/figure>\n\n\n\n<figure class=\"wp-block-image size-large\"><img decoding=\"async\" width=\"1024\" height=\"576\" src=\"https:\/\/fadeu.urantiacos.cl\/wp-content\/uploads\/2023\/09\/Diapositiva4-1024x576.jpg\" alt=\"\" class=\"wp-image-5709\" srcset=\"https:\/\/fadeu.urantiacos.cl\/wp-content\/uploads\/2023\/09\/Diapositiva4-1024x576.jpg 1024w, https:\/\/fadeu.urantiacos.cl\/wp-content\/uploads\/2023\/09\/Diapositiva4-300x169.jpg 300w, https:\/\/fadeu.urantiacos.cl\/wp-content\/uploads\/2023\/09\/Diapositiva4-768x432.jpg 768w, https:\/\/fadeu.urantiacos.cl\/wp-content\/uploads\/2023\/09\/Diapositiva4.jpg 1280w\" sizes=\"(max-width: 1024px) 100vw, 1024px\" \/><\/figure>\n\n\n\n<p>INFORMACI\u00d3N PERIOD\u00cdSTICA<br>JUAN ANDR\u00c9S INZUNZA<\/p>\n","protected":false},"excerpt":{"rendered":"<p>El profesor de la escuela de Arquitectura, Filipe Temtem ha sido elegido como el ganador del Premio de Excelencia en Tesis Doctoral 2021, en el \u00e1rea \u201cArtes y Humanidades\u201d, con su tesis \u201cInfraestructuras habitadas: Proyectando nuevas relaciones entre v\u00edas de transporte segregado y trama urbana\u201d, realizada en el Programa de Doctorado en Arquitectura y Estudios Urbanos de la FADEU.<\/p>\n","protected":false},"author":1,"featured_media":5706,"comment_status":"open","ping_status":"open","sticky":false,"template":"","format":"standard","meta":{"_acf_changed":false,"footnotes":""},"categories":[1],"tags":[],"class_list":["post-5704","post","type-post","status-publish","format-standard","has-post-thumbnail","hentry","category-sin-categorizar"],"acf":[],"yoast_head":"<!-- This site is optimized with the Yoast SEO plugin v27.1.1 - https:\/\/yoast.com\/product\/yoast-seo-wordpress\/ -->\n<title>Escuela de Graduados UC reconoci\u00f3 al profesor Filipe Temtem con el premio de Excelencia en Tesis Doctoral 2021 - Facultad de Arquitectura, Dise\u00f1o y Estudios Urbanos<\/title>\n<meta name=\"description\" content=\"El profesor de la escuela de Arquitectura, Filipe Temtem ha sido elegido como el ganador del Premio de Excelencia en Tesis Doctoral 2021, en el \u00e1rea \u201cArtes y Humanidades\u201d, con su tesis \u201cInfraestructuras habitadas: Proyectando nuevas relaciones entre v\u00edas de transporte segregado y trama urbana\u201d, realizada en el Programa de Doctorado en Arquitectura y Estudios Urbanos de la FADEU.\" \/>\n<meta name=\"robots\" content=\"index, follow, max-snippet:-1, max-image-preview:large, max-video-preview:-1\" \/>\n<link rel=\"canonical\" href=\"https:\/\/fadeu.urantiacos.cl\/en\/2021\/12\/28\/escuela-de-graduados-uc-reconocio-al-profesor-filipe-temtem-con-el-premio-de-excelencia-en-tesis-doctoral-2021\/\" \/>\n<meta property=\"og:locale\" content=\"en_US\" \/>\n<meta property=\"og:type\" content=\"article\" \/>\n<meta property=\"og:title\" content=\"Escuela de Graduados UC reconoci\u00f3 al profesor Filipe Temtem con el premio de Excelencia en Tesis Doctoral 2021 - Facultad de Arquitectura, Dise\u00f1o y Estudios Urbanos\" \/>\n<meta property=\"og:description\" content=\"El profesor de la escuela de Arquitectura, Filipe Temtem ha sido elegido como el ganador del Premio de Excelencia en Tesis Doctoral 2021, en el \u00e1rea \u201cArtes y Humanidades\u201d, con su tesis \u201cInfraestructuras habitadas: Proyectando nuevas relaciones entre v\u00edas de transporte segregado y trama urbana\u201d, realizada en el Programa de Doctorado en Arquitectura y Estudios Urbanos de la FADEU.\" \/>\n<meta property=\"og:url\" content=\"https:\/\/fadeu.urantiacos.cl\/en\/2021\/12\/28\/escuela-de-graduados-uc-reconocio-al-profesor-filipe-temtem-con-el-premio-de-excelencia-en-tesis-doctoral-2021\/\" \/>\n<meta property=\"og:site_name\" content=\"Facultad de Arquitectura, Dise\u00f1o y Estudios Urbanos\" \/>\n<meta property=\"article:published_time\" content=\"2021-12-29T00:04:00+00:00\" \/>\n<meta property=\"article:modified_time\" content=\"2023-09-07T00:08:18+00:00\" \/>\n<meta property=\"og:image\" content=\"https:\/\/fadeu.urantiacos.cl\/wp-content\/uploads\/2023\/09\/Diapositiva4_WEB.jpg\" \/>\n\t<meta property=\"og:image:width\" content=\"350\" \/>\n\t<meta property=\"og:image:height\" content=\"250\" \/>\n\t<meta property=\"og:image:type\" content=\"image\/jpeg\" \/>\n<meta name=\"author\" content=\"manadmin\" \/>\n<meta name=\"twitter:card\" content=\"summary_large_image\" \/>\n<meta name=\"twitter:label1\" content=\"Written by\" \/>\n\t<meta name=\"twitter:data1\" content=\"manadmin\" \/>\n\t<meta name=\"twitter:label2\" content=\"Est. reading time\" \/>\n\t<meta name=\"twitter:data2\" content=\"1 minute\" \/>\n<script type=\"application\/ld+json\" class=\"yoast-schema-graph\">{\"@context\":\"https:\/\/schema.org\",\"@graph\":[{\"@type\":\"Article\",\"@id\":\"https:\/\/fadeu.urantiacos.cl\/en\/2021\/12\/28\/escuela-de-graduados-uc-reconocio-al-profesor-filipe-temtem-con-el-premio-de-excelencia-en-tesis-doctoral-2021\/#article\",\"isPartOf\":{\"@id\":\"https:\/\/fadeu.urantiacos.cl\/en\/2021\/12\/28\/escuela-de-graduados-uc-reconocio-al-profesor-filipe-temtem-con-el-premio-de-excelencia-en-tesis-doctoral-2021\/\"},\"author\":{\"name\":\"manadmin\",\"@id\":\"https:\/\/fadeu.urantiacos.cl\/en\/#\/schema\/person\/d203e2e84b1c40275eac77b3061a19a2\"},\"headline\":\"Escuela de Graduados UC reconoci\u00f3 al profesor Filipe Temtem con el premio de Excelencia en Tesis Doctoral 2021\",\"datePublished\":\"2021-12-29T00:04:00+00:00\",\"dateModified\":\"2023-09-07T00:08:18+00:00\",\"mainEntityOfPage\":{\"@id\":\"https:\/\/fadeu.urantiacos.cl\/en\/2021\/12\/28\/escuela-de-graduados-uc-reconocio-al-profesor-filipe-temtem-con-el-premio-de-excelencia-en-tesis-doctoral-2021\/\"},\"wordCount\":271,\"commentCount\":0,\"image\":{\"@id\":\"https:\/\/fadeu.urantiacos.cl\/en\/2021\/12\/28\/escuela-de-graduados-uc-reconocio-al-profesor-filipe-temtem-con-el-premio-de-excelencia-en-tesis-doctoral-2021\/#primaryimage\"},\"thumbnailUrl\":\"https:\/\/fadeu.urantiacos.cl\/wp-content\/uploads\/2023\/09\/Diapositiva4_WEB.jpg\",\"articleSection\":[\"Sin categorizar\"],\"inLanguage\":\"en-US\",\"potentialAction\":[{\"@type\":\"CommentAction\",\"name\":\"Comment\",\"target\":[\"https:\/\/fadeu.urantiacos.cl\/en\/2021\/12\/28\/escuela-de-graduados-uc-reconocio-al-profesor-filipe-temtem-con-el-premio-de-excelencia-en-tesis-doctoral-2021\/#respond\"]}]},{\"@type\":\"WebPage\",\"@id\":\"https:\/\/fadeu.urantiacos.cl\/en\/2021\/12\/28\/escuela-de-graduados-uc-reconocio-al-profesor-filipe-temtem-con-el-premio-de-excelencia-en-tesis-doctoral-2021\/\",\"url\":\"https:\/\/fadeu.urantiacos.cl\/en\/2021\/12\/28\/escuela-de-graduados-uc-reconocio-al-profesor-filipe-temtem-con-el-premio-de-excelencia-en-tesis-doctoral-2021\/\",\"name\":\"Escuela de Graduados UC reconoci\u00f3 al profesor Filipe Temtem con el premio de Excelencia en Tesis Doctoral 2021 - Facultad de Arquitectura, Dise\u00f1o y Estudios Urbanos\",\"isPartOf\":{\"@id\":\"https:\/\/fadeu.urantiacos.cl\/en\/#website\"},\"primaryImageOfPage\":{\"@id\":\"https:\/\/fadeu.urantiacos.cl\/en\/2021\/12\/28\/escuela-de-graduados-uc-reconocio-al-profesor-filipe-temtem-con-el-premio-de-excelencia-en-tesis-doctoral-2021\/#primaryimage\"},\"image\":{\"@id\":\"https:\/\/fadeu.urantiacos.cl\/en\/2021\/12\/28\/escuela-de-graduados-uc-reconocio-al-profesor-filipe-temtem-con-el-premio-de-excelencia-en-tesis-doctoral-2021\/#primaryimage\"},\"thumbnailUrl\":\"https:\/\/fadeu.urantiacos.cl\/wp-content\/uploads\/2023\/09\/Diapositiva4_WEB.jpg\",\"datePublished\":\"2021-12-29T00:04:00+00:00\",\"dateModified\":\"2023-09-07T00:08:18+00:00\",\"author\":{\"@id\":\"https:\/\/fadeu.urantiacos.cl\/en\/#\/schema\/person\/d203e2e84b1c40275eac77b3061a19a2\"},\"description\":\"El profesor de la escuela de Arquitectura, Filipe Temtem ha sido elegido como el ganador del Premio de Excelencia en Tesis Doctoral 2021, en el \u00e1rea \u201cArtes y Humanidades\u201d, con su tesis \u201cInfraestructuras habitadas: Proyectando nuevas relaciones entre v\u00edas de transporte segregado y trama urbana\u201d, realizada en el Programa de Doctorado en Arquitectura y Estudios Urbanos de la FADEU.\",\"breadcrumb\":{\"@id\":\"https:\/\/fadeu.urantiacos.cl\/en\/2021\/12\/28\/escuela-de-graduados-uc-reconocio-al-profesor-filipe-temtem-con-el-premio-de-excelencia-en-tesis-doctoral-2021\/#breadcrumb\"},\"inLanguage\":\"en-US\",\"potentialAction\":[{\"@type\":\"ReadAction\",\"target\":[\"https:\/\/fadeu.urantiacos.cl\/en\/2021\/12\/28\/escuela-de-graduados-uc-reconocio-al-profesor-filipe-temtem-con-el-premio-de-excelencia-en-tesis-doctoral-2021\/\"]}]},{\"@type\":\"ImageObject\",\"inLanguage\":\"en-US\",\"@id\":\"https:\/\/fadeu.urantiacos.cl\/en\/2021\/12\/28\/escuela-de-graduados-uc-reconocio-al-profesor-filipe-temtem-con-el-premio-de-excelencia-en-tesis-doctoral-2021\/#primaryimage\",\"url\":\"https:\/\/fadeu.urantiacos.cl\/wp-content\/uploads\/2023\/09\/Diapositiva4_WEB.jpg\",\"contentUrl\":\"https:\/\/fadeu.urantiacos.cl\/wp-content\/uploads\/2023\/09\/Diapositiva4_WEB.jpg\",\"width\":350,\"height\":250},{\"@type\":\"BreadcrumbList\",\"@id\":\"https:\/\/fadeu.urantiacos.cl\/en\/2021\/12\/28\/escuela-de-graduados-uc-reconocio-al-profesor-filipe-temtem-con-el-premio-de-excelencia-en-tesis-doctoral-2021\/#breadcrumb\",\"itemListElement\":[{\"@type\":\"ListItem\",\"position\":1,\"name\":\"Portada\",\"item\":\"https:\/\/fadeu.urantiacos.cl\/en\/\"},{\"@type\":\"ListItem\",\"position\":2,\"name\":\"Escuela de Graduados UC reconoci\u00f3 al profesor Filipe Temtem con el premio de Excelencia en Tesis Doctoral 2021\"}]},{\"@type\":\"WebSite\",\"@id\":\"https:\/\/fadeu.urantiacos.cl\/en\/#website\",\"url\":\"https:\/\/fadeu.urantiacos.cl\/en\/\",\"name\":\"Facultad de Arquitectura, Dise\u00f1o y Estudios Urbanos\",\"description\":\"Campus Lo Contador\",\"potentialAction\":[{\"@type\":\"SearchAction\",\"target\":{\"@type\":\"EntryPoint\",\"urlTemplate\":\"https:\/\/fadeu.urantiacos.cl\/en\/?s={search_term_string}\"},\"query-input\":{\"@type\":\"PropertyValueSpecification\",\"valueRequired\":true,\"valueName\":\"search_term_string\"}}],\"inLanguage\":\"en-US\"},{\"@type\":\"Person\",\"@id\":\"https:\/\/fadeu.urantiacos.cl\/en\/#\/schema\/person\/d203e2e84b1c40275eac77b3061a19a2\",\"name\":\"manadmin\",\"image\":{\"@type\":\"ImageObject\",\"inLanguage\":\"en-US\",\"@id\":\"https:\/\/fadeu.urantiacos.cl\/en\/#\/schema\/person\/image\/\",\"url\":\"https:\/\/secure.gravatar.com\/avatar\/4b1d8e3303b4a9d8968ac578947d8bc80d9aea359f388cdd4aac15cadc0e8447?s=96&d=mm&r=g\",\"contentUrl\":\"https:\/\/secure.gravatar.com\/avatar\/4b1d8e3303b4a9d8968ac578947d8bc80d9aea359f388cdd4aac15cadc0e8447?s=96&d=mm&r=g\",\"caption\":\"manadmin\"},\"sameAs\":[\"https:\/\/fadeu.urantiacos.cl\"]}]}<\/script>\n<!-- \/ Yoast SEO plugin. -->","yoast_head_json":{"title":"Escuela de Graduados UC reconoci\u00f3 al profesor Filipe Temtem con el premio de Excelencia en Tesis Doctoral 2021 - Facultad de Arquitectura, Dise\u00f1o y Estudios Urbanos","description":"El profesor de la escuela de Arquitectura, Filipe Temtem ha sido elegido como el ganador del Premio de Excelencia en Tesis Doctoral 2021, en el \u00e1rea \u201cArtes y Humanidades\u201d, con su tesis \u201cInfraestructuras habitadas: Proyectando nuevas relaciones entre v\u00edas de transporte segregado y trama urbana\u201d, realizada en el Programa de Doctorado en Arquitectura y Estudios Urbanos de la FADEU.","robots":{"index":"index","follow":"follow","max-snippet":"max-snippet:-1","max-image-preview":"max-image-preview:large","max-video-preview":"max-video-preview:-1"},"canonical":"https:\/\/fadeu.urantiacos.cl\/en\/2021\/12\/28\/escuela-de-graduados-uc-reconocio-al-profesor-filipe-temtem-con-el-premio-de-excelencia-en-tesis-doctoral-2021\/","og_locale":"en_US","og_type":"article","og_title":"Escuela de Graduados UC reconoci\u00f3 al profesor Filipe Temtem con el premio de Excelencia en Tesis Doctoral 2021 - Facultad de Arquitectura, Dise\u00f1o y Estudios Urbanos","og_description":"El profesor de la escuela de Arquitectura, Filipe Temtem ha sido elegido como el ganador del Premio de Excelencia en Tesis Doctoral 2021, en el \u00e1rea \u201cArtes y Humanidades\u201d, con su tesis \u201cInfraestructuras habitadas: Proyectando nuevas relaciones entre v\u00edas de transporte segregado y trama urbana\u201d, realizada en el Programa de Doctorado en Arquitectura y Estudios Urbanos de la FADEU.","og_url":"https:\/\/fadeu.urantiacos.cl\/en\/2021\/12\/28\/escuela-de-graduados-uc-reconocio-al-profesor-filipe-temtem-con-el-premio-de-excelencia-en-tesis-doctoral-2021\/","og_site_name":"Facultad de Arquitectura, Dise\u00f1o y Estudios Urbanos","article_published_time":"2021-12-29T00:04:00+00:00","article_modified_time":"2023-09-07T00:08:18+00:00","og_image":[{"width":350,"height":250,"url":"https:\/\/fadeu.urantiacos.cl\/wp-content\/uploads\/2023\/09\/Diapositiva4_WEB.jpg","type":"image\/jpeg"}],"author":"manadmin","twitter_card":"summary_large_image","twitter_misc":{"Written by":"manadmin","Est. reading time":"1 minute"},"schema":{"@context":"https:\/\/schema.org","@graph":[{"@type":"Article","@id":"https:\/\/fadeu.urantiacos.cl\/en\/2021\/12\/28\/escuela-de-graduados-uc-reconocio-al-profesor-filipe-temtem-con-el-premio-de-excelencia-en-tesis-doctoral-2021\/#article","isPartOf":{"@id":"https:\/\/fadeu.urantiacos.cl\/en\/2021\/12\/28\/escuela-de-graduados-uc-reconocio-al-profesor-filipe-temtem-con-el-premio-de-excelencia-en-tesis-doctoral-2021\/"},"author":{"name":"manadmin","@id":"https:\/\/fadeu.urantiacos.cl\/en\/#\/schema\/person\/d203e2e84b1c40275eac77b3061a19a2"},"headline":"Escuela de Graduados UC reconoci\u00f3 al profesor Filipe Temtem con el premio de Excelencia en Tesis Doctoral 2021","datePublished":"2021-12-29T00:04:00+00:00","dateModified":"2023-09-07T00:08:18+00:00","mainEntityOfPage":{"@id":"https:\/\/fadeu.urantiacos.cl\/en\/2021\/12\/28\/escuela-de-graduados-uc-reconocio-al-profesor-filipe-temtem-con-el-premio-de-excelencia-en-tesis-doctoral-2021\/"},"wordCount":271,"commentCount":0,"image":{"@id":"https:\/\/fadeu.urantiacos.cl\/en\/2021\/12\/28\/escuela-de-graduados-uc-reconocio-al-profesor-filipe-temtem-con-el-premio-de-excelencia-en-tesis-doctoral-2021\/#primaryimage"},"thumbnailUrl":"https:\/\/fadeu.urantiacos.cl\/wp-content\/uploads\/2023\/09\/Diapositiva4_WEB.jpg","articleSection":["Sin categorizar"],"inLanguage":"en-US","potentialAction":[{"@type":"CommentAction","name":"Comment","target":["https:\/\/fadeu.urantiacos.cl\/en\/2021\/12\/28\/escuela-de-graduados-uc-reconocio-al-profesor-filipe-temtem-con-el-premio-de-excelencia-en-tesis-doctoral-2021\/#respond"]}]},{"@type":"WebPage","@id":"https:\/\/fadeu.urantiacos.cl\/en\/2021\/12\/28\/escuela-de-graduados-uc-reconocio-al-profesor-filipe-temtem-con-el-premio-de-excelencia-en-tesis-doctoral-2021\/","url":"https:\/\/fadeu.urantiacos.cl\/en\/2021\/12\/28\/escuela-de-graduados-uc-reconocio-al-profesor-filipe-temtem-con-el-premio-de-excelencia-en-tesis-doctoral-2021\/","name":"Escuela de Graduados UC reconoci\u00f3 al profesor Filipe Temtem con el premio de Excelencia en Tesis Doctoral 2021 - Facultad de Arquitectura, Dise\u00f1o y Estudios Urbanos","isPartOf":{"@id":"https:\/\/fadeu.urantiacos.cl\/en\/#website"},"primaryImageOfPage":{"@id":"https:\/\/fadeu.urantiacos.cl\/en\/2021\/12\/28\/escuela-de-graduados-uc-reconocio-al-profesor-filipe-temtem-con-el-premio-de-excelencia-en-tesis-doctoral-2021\/#primaryimage"},"image":{"@id":"https:\/\/fadeu.urantiacos.cl\/en\/2021\/12\/28\/escuela-de-graduados-uc-reconocio-al-profesor-filipe-temtem-con-el-premio-de-excelencia-en-tesis-doctoral-2021\/#primaryimage"},"thumbnailUrl":"https:\/\/fadeu.urantiacos.cl\/wp-content\/uploads\/2023\/09\/Diapositiva4_WEB.jpg","datePublished":"2021-12-29T00:04:00+00:00","dateModified":"2023-09-07T00:08:18+00:00","author":{"@id":"https:\/\/fadeu.urantiacos.cl\/en\/#\/schema\/person\/d203e2e84b1c40275eac77b3061a19a2"},"description":"El profesor de la escuela de Arquitectura, Filipe Temtem ha sido elegido como el ganador del Premio de Excelencia en Tesis Doctoral 2021, en el \u00e1rea \u201cArtes y Humanidades\u201d, con su tesis \u201cInfraestructuras habitadas: Proyectando nuevas relaciones entre v\u00edas de transporte segregado y trama urbana\u201d, realizada en el Programa de Doctorado en Arquitectura y Estudios Urbanos de la FADEU.","breadcrumb":{"@id":"https:\/\/fadeu.urantiacos.cl\/en\/2021\/12\/28\/escuela-de-graduados-uc-reconocio-al-profesor-filipe-temtem-con-el-premio-de-excelencia-en-tesis-doctoral-2021\/#breadcrumb"},"inLanguage":"en-US","potentialAction":[{"@type":"ReadAction","target":["https:\/\/fadeu.urantiacos.cl\/en\/2021\/12\/28\/escuela-de-graduados-uc-reconocio-al-profesor-filipe-temtem-con-el-premio-de-excelencia-en-tesis-doctoral-2021\/"]}]},{"@type":"ImageObject","inLanguage":"en-US","@id":"https:\/\/fadeu.urantiacos.cl\/en\/2021\/12\/28\/escuela-de-graduados-uc-reconocio-al-profesor-filipe-temtem-con-el-premio-de-excelencia-en-tesis-doctoral-2021\/#primaryimage","url":"https:\/\/fadeu.urantiacos.cl\/wp-content\/uploads\/2023\/09\/Diapositiva4_WEB.jpg","contentUrl":"https:\/\/fadeu.urantiacos.cl\/wp-content\/uploads\/2023\/09\/Diapositiva4_WEB.jpg","width":350,"height":250},{"@type":"BreadcrumbList","@id":"https:\/\/fadeu.urantiacos.cl\/en\/2021\/12\/28\/escuela-de-graduados-uc-reconocio-al-profesor-filipe-temtem-con-el-premio-de-excelencia-en-tesis-doctoral-2021\/#breadcrumb","itemListElement":[{"@type":"ListItem","position":1,"name":"Portada","item":"https:\/\/fadeu.urantiacos.cl\/en\/"},{"@type":"ListItem","position":2,"name":"Escuela de Graduados UC reconoci\u00f3 al profesor Filipe Temtem con el premio de Excelencia en Tesis Doctoral 2021"}]},{"@type":"WebSite","@id":"https:\/\/fadeu.urantiacos.cl\/en\/#website","url":"https:\/\/fadeu.urantiacos.cl\/en\/","name":"Facultad de Arquitectura, Dise\u00f1o y Estudios Urbanos","description":"Campus Lo Contador","potentialAction":[{"@type":"SearchAction","target":{"@type":"EntryPoint","urlTemplate":"https:\/\/fadeu.urantiacos.cl\/en\/?s={search_term_string}"},"query-input":{"@type":"PropertyValueSpecification","valueRequired":true,"valueName":"search_term_string"}}],"inLanguage":"en-US"},{"@type":"Person","@id":"https:\/\/fadeu.urantiacos.cl\/en\/#\/schema\/person\/d203e2e84b1c40275eac77b3061a19a2","name":"manadmin","image":{"@type":"ImageObject","inLanguage":"en-US","@id":"https:\/\/fadeu.urantiacos.cl\/en\/#\/schema\/person\/image\/","url":"https:\/\/secure.gravatar.com\/avatar\/4b1d8e3303b4a9d8968ac578947d8bc80d9aea359f388cdd4aac15cadc0e8447?s=96&d=mm&r=g","contentUrl":"https:\/\/secure.gravatar.com\/avatar\/4b1d8e3303b4a9d8968ac578947d8bc80d9aea359f388cdd4aac15cadc0e8447?s=96&d=mm&r=g","caption":"manadmin"},"sameAs":["https:\/\/fadeu.urantiacos.cl"]}]}},"_links":{"self":[{"href":"https:\/\/fadeu.urantiacos.cl\/en\/wp-json\/wp\/v2\/posts\/5704","targetHints":{"allow":["GET"]}}],"collection":[{"href":"https:\/\/fadeu.urantiacos.cl\/en\/wp-json\/wp\/v2\/posts"}],"about":[{"href":"https:\/\/fadeu.urantiacos.cl\/en\/wp-json\/wp\/v2\/types\/post"}],"author":[{"embeddable":true,"href":"https:\/\/fadeu.urantiacos.cl\/en\/wp-json\/wp\/v2\/users\/1"}],"replies":[{"embeddable":true,"href":"https:\/\/fadeu.urantiacos.cl\/en\/wp-json\/wp\/v2\/comments?post=5704"}],"version-history":[{"count":1,"href":"https:\/\/fadeu.urantiacos.cl\/en\/wp-json\/wp\/v2\/posts\/5704\/revisions"}],"predecessor-version":[{"id":5711,"href":"https:\/\/fadeu.urantiacos.cl\/en\/wp-json\/wp\/v2\/posts\/5704\/revisions\/5711"}],"wp:featuredmedia":[{"embeddable":true,"href":"https:\/\/fadeu.urantiacos.cl\/en\/wp-json\/wp\/v2\/media\/5706"}],"wp:attachment":[{"href":"https:\/\/fadeu.urantiacos.cl\/en\/wp-json\/wp\/v2\/media?parent=5704"}],"wp:term":[{"taxonomy":"category","embeddable":true,"href":"https:\/\/fadeu.urantiacos.cl\/en\/wp-json\/wp\/v2\/categories?post=5704"},{"taxonomy":"post_tag","embeddable":true,"href":"https:\/\/fadeu.urantiacos.cl\/en\/wp-json\/wp\/v2\/tags?post=5704"}],"curies":[{"name":"wp","href":"https:\/\/api.w.org\/{rel}","templated":true}]}}