{"id":5681,"date":"2021-12-30T20:49:00","date_gmt":"2021-12-30T23:49:00","guid":{"rendered":"https:\/\/fadeu.urantiacos.cl\/?p=5681"},"modified":"2023-09-06T20:55:46","modified_gmt":"2023-09-06T23:55:46","slug":"rodrigo-ramirez-elegido-presidente-del-jurado-academico-de-los-premios-chile-diseno","status":"publish","type":"post","link":"https:\/\/fadeu.urantiacos.cl\/en\/2021\/12\/30\/rodrigo-ramirez-elegido-presidente-del-jurado-academico-de-los-premios-chile-diseno\/","title":{"rendered":"Rodrigo Ram\u00edrez elegido Presidente del jurado acad\u00e9mico de los Premios Chile Dise\u00f1o"},"content":{"rendered":"\n<figure class=\"wp-block-image size-full\"><img decoding=\"async\" width=\"350\" height=\"250\" src=\"https:\/\/fadeu.urantiacos.cl\/wp-content\/uploads\/2023\/09\/PChD-Celular-3_web.png\" alt=\"\" class=\"wp-image-5683\" srcset=\"https:\/\/fadeu.urantiacos.cl\/wp-content\/uploads\/2023\/09\/PChD-Celular-3_web.png 350w, https:\/\/fadeu.urantiacos.cl\/wp-content\/uploads\/2023\/09\/PChD-Celular-3_web-300x214.png 300w\" sizes=\"(max-width: 350px) 100vw, 350px\" \/><\/figure>\n\n\n\n<p>Los&nbsp;Premios Chile Dise\u00f1o, uno de los principales reconocimientos de la industria en Chile, releva los mejores proyectos de dise\u00f1o nacional realizados durante los \u00faltimos dos a\u00f1os, cuyo prop\u00f3sito es promover la importancia y el valor del dise\u00f1o mediante el reconocimiento de proyectos que visibilicen el impacto de la disciplina.<\/p>\n\n\n\n<p>Este a\u00f1o, los&nbsp;Premios Chile Dise\u00f1o&nbsp;ponen el acento en el contexto actual, y los cambios de paradigma profundos que se han vivido, destacando las \u00e1reas donde el dise\u00f1o ha sido motor de cambio y adaptaci\u00f3n.<\/p>\n\n\n\n<h4 class=\"wp-block-heading\">Categor\u00eda Acad\u00e9mica | Estudiantes&nbsp;e Investigaci\u00f3n<\/h4>\n\n\n\n<p>En esta categor\u00eda se destacan proyectos de talleres y cursos de pregrado (inclu\u00eddos los proyectos de t\u00edtulo), que hayan tenido impacto o componentes de innovaci\u00f3n que los hagan destacar entre sus pares. Adem\u00e1s, dentro de la categor\u00eda acad\u00e9mica, est\u00e1 tambi\u00e9n la subcategor\u00eda de&nbsp;Investigaci\u00f3n&nbsp;que incluye proyectos de investigaci\u00f3n acad\u00e9mica (inclu\u00eddas tesis de mag\u00edster y doctorado y proyectos que hayan sido financiados con fondos p\u00fablicos o propios de la universidad.<\/p>\n\n\n\n<p><a href=\"https:\/\/diseno.uc.cl\/persona\/galvez-francisco\/\">Francisco G\u00e1lvez<\/a>&nbsp;y Sergio Ram\u00edrez, docentes de Dise\u00f1o UC con una destacada trayectoria en el \u00e1rea gr\u00e1fica, comunicaci\u00f3n visual y tipograf\u00eda, tambi\u00e9n presidir\u00e1n los Jurados de las categor\u00edas Dise\u00f1o de Tipograf\u00edas y Dise\u00f1o de Informaci\u00f3n respectivamente.<\/p>\n\n\n\n<figure class=\"wp-block-image size-full\"><img decoding=\"async\" width=\"711\" height=\"716\" src=\"https:\/\/fadeu.urantiacos.cl\/wp-content\/uploads\/2023\/09\/Captura-de-Pantalla-2021-12-31-a-las-11.28.47.png\" alt=\"\" class=\"wp-image-5684\" srcset=\"https:\/\/fadeu.urantiacos.cl\/wp-content\/uploads\/2023\/09\/Captura-de-Pantalla-2021-12-31-a-las-11.28.47.png 711w, https:\/\/fadeu.urantiacos.cl\/wp-content\/uploads\/2023\/09\/Captura-de-Pantalla-2021-12-31-a-las-11.28.47-298x300.png 298w, https:\/\/fadeu.urantiacos.cl\/wp-content\/uploads\/2023\/09\/Captura-de-Pantalla-2021-12-31-a-las-11.28.47-150x150.png 150w\" sizes=\"(max-width: 711px) 100vw, 711px\" \/><\/figure>\n\n\n\n<figure class=\"wp-block-gallery has-nested-images columns-default is-cropped wp-block-gallery-1 is-layout-flex wp-block-gallery-is-layout-flex\">\n<figure class=\"wp-block-image size-large\"><img decoding=\"async\" width=\"443\" height=\"446\" data-id=\"5686\" src=\"https:\/\/fadeu.urantiacos.cl\/wp-content\/uploads\/2023\/09\/Captura-de-Pantalla-2021-12-31-a-las-11.04.36.png\" alt=\"\" class=\"wp-image-5686\" srcset=\"https:\/\/fadeu.urantiacos.cl\/wp-content\/uploads\/2023\/09\/Captura-de-Pantalla-2021-12-31-a-las-11.04.36.png 443w, https:\/\/fadeu.urantiacos.cl\/wp-content\/uploads\/2023\/09\/Captura-de-Pantalla-2021-12-31-a-las-11.04.36-298x300.png 298w, https:\/\/fadeu.urantiacos.cl\/wp-content\/uploads\/2023\/09\/Captura-de-Pantalla-2021-12-31-a-las-11.04.36-150x150.png 150w\" sizes=\"(max-width: 443px) 100vw, 443px\" \/><\/figure>\n\n\n\n<figure class=\"wp-block-image size-large\"><img decoding=\"async\" width=\"445\" height=\"429\" data-id=\"5687\" src=\"https:\/\/fadeu.urantiacos.cl\/wp-content\/uploads\/2023\/09\/Captura-de-Pantalla-2021-12-31-a-las-11.04.45-1.png\" alt=\"\" class=\"wp-image-5687\" srcset=\"https:\/\/fadeu.urantiacos.cl\/wp-content\/uploads\/2023\/09\/Captura-de-Pantalla-2021-12-31-a-las-11.04.45-1.png 445w, https:\/\/fadeu.urantiacos.cl\/wp-content\/uploads\/2023\/09\/Captura-de-Pantalla-2021-12-31-a-las-11.04.45-1-300x289.png 300w\" sizes=\"(max-width: 445px) 100vw, 445px\" \/><\/figure>\n<\/figure>\n\n\n\n<p>INFORMACI\u00d3N PERIOD\u00cdSTICA<br>ESCUELA DE DISE\u00d1O UC<\/p>\n","protected":false},"excerpt":{"rendered":"<p>El director de Dise\u00f1o UC, Rodrigo Ram\u00edrez, ha sido elegido como Presidente del Jurado de la Categor\u00eda Acad\u00e9mica Estudiantes de los premios Chile Dise\u00f1o en su versi\u00f3n 8.<\/p>\n","protected":false},"author":1,"featured_media":5683,"comment_status":"open","ping_status":"open","sticky":false,"template":"","format":"standard","meta":{"_acf_changed":false,"footnotes":""},"categories":[1],"tags":[],"class_list":["post-5681","post","type-post","status-publish","format-standard","has-post-thumbnail","hentry","category-sin-categorizar"],"acf":[],"yoast_head":"<!-- This site is optimized with the Yoast SEO plugin v27.1.1 - https:\/\/yoast.com\/product\/yoast-seo-wordpress\/ -->\n<title>Rodrigo Ram\u00edrez elegido Presidente del jurado acad\u00e9mico de los Premios Chile Dise\u00f1o - Facultad de Arquitectura, Dise\u00f1o y Estudios Urbanos<\/title>\n<meta name=\"description\" content=\"El director de Dise\u00f1o UC, Rodrigo Ram\u00edrez, ha sido elegido como Presidente del Jurado de la Categor\u00eda Acad\u00e9mica Estudiantes de los premios Chile Dise\u00f1o en su versi\u00f3n 8.\" \/>\n<meta name=\"robots\" content=\"index, follow, max-snippet:-1, max-image-preview:large, max-video-preview:-1\" \/>\n<link rel=\"canonical\" href=\"https:\/\/fadeu.urantiacos.cl\/en\/2021\/12\/30\/rodrigo-ramirez-elegido-presidente-del-jurado-academico-de-los-premios-chile-diseno\/\" \/>\n<meta property=\"og:locale\" content=\"en_US\" \/>\n<meta property=\"og:type\" content=\"article\" \/>\n<meta property=\"og:title\" content=\"Rodrigo Ram\u00edrez elegido Presidente del jurado acad\u00e9mico de los Premios Chile Dise\u00f1o - Facultad de Arquitectura, Dise\u00f1o y Estudios Urbanos\" \/>\n<meta property=\"og:description\" content=\"El director de Dise\u00f1o UC, Rodrigo Ram\u00edrez, ha sido elegido como Presidente del Jurado de la Categor\u00eda Acad\u00e9mica Estudiantes de los premios Chile Dise\u00f1o en su versi\u00f3n 8.\" \/>\n<meta property=\"og:url\" content=\"https:\/\/fadeu.urantiacos.cl\/en\/2021\/12\/30\/rodrigo-ramirez-elegido-presidente-del-jurado-academico-de-los-premios-chile-diseno\/\" \/>\n<meta property=\"og:site_name\" content=\"Facultad de Arquitectura, Dise\u00f1o y Estudios Urbanos\" \/>\n<meta property=\"article:published_time\" content=\"2021-12-30T23:49:00+00:00\" \/>\n<meta property=\"article:modified_time\" content=\"2023-09-06T23:55:46+00:00\" \/>\n<meta property=\"og:image\" content=\"https:\/\/fadeu.urantiacos.cl\/wp-content\/uploads\/2023\/09\/PChD-Celular-3_web.png\" \/>\n\t<meta property=\"og:image:width\" content=\"350\" \/>\n\t<meta property=\"og:image:height\" content=\"250\" \/>\n\t<meta property=\"og:image:type\" content=\"image\/png\" \/>\n<meta name=\"author\" content=\"manadmin\" \/>\n<meta name=\"twitter:card\" content=\"summary_large_image\" \/>\n<meta name=\"twitter:label1\" content=\"Written by\" \/>\n\t<meta name=\"twitter:data1\" content=\"manadmin\" \/>\n\t<meta name=\"twitter:label2\" content=\"Est. reading time\" \/>\n\t<meta name=\"twitter:data2\" content=\"1 minute\" \/>\n<script type=\"application\/ld+json\" class=\"yoast-schema-graph\">{\"@context\":\"https:\/\/schema.org\",\"@graph\":[{\"@type\":\"Article\",\"@id\":\"https:\/\/fadeu.urantiacos.cl\/en\/2021\/12\/30\/rodrigo-ramirez-elegido-presidente-del-jurado-academico-de-los-premios-chile-diseno\/#article\",\"isPartOf\":{\"@id\":\"https:\/\/fadeu.urantiacos.cl\/en\/2021\/12\/30\/rodrigo-ramirez-elegido-presidente-del-jurado-academico-de-los-premios-chile-diseno\/\"},\"author\":{\"name\":\"manadmin\",\"@id\":\"https:\/\/fadeu.urantiacos.cl\/en\/#\/schema\/person\/d203e2e84b1c40275eac77b3061a19a2\"},\"headline\":\"Rodrigo Ram\u00edrez elegido Presidente del jurado acad\u00e9mico de los Premios Chile Dise\u00f1o\",\"datePublished\":\"2021-12-30T23:49:00+00:00\",\"dateModified\":\"2023-09-06T23:55:46+00:00\",\"mainEntityOfPage\":{\"@id\":\"https:\/\/fadeu.urantiacos.cl\/en\/2021\/12\/30\/rodrigo-ramirez-elegido-presidente-del-jurado-academico-de-los-premios-chile-diseno\/\"},\"wordCount\":267,\"commentCount\":0,\"image\":{\"@id\":\"https:\/\/fadeu.urantiacos.cl\/en\/2021\/12\/30\/rodrigo-ramirez-elegido-presidente-del-jurado-academico-de-los-premios-chile-diseno\/#primaryimage\"},\"thumbnailUrl\":\"https:\/\/fadeu.urantiacos.cl\/wp-content\/uploads\/2023\/09\/PChD-Celular-3_web.png\",\"articleSection\":[\"Sin categorizar\"],\"inLanguage\":\"en-US\",\"potentialAction\":[{\"@type\":\"CommentAction\",\"name\":\"Comment\",\"target\":[\"https:\/\/fadeu.urantiacos.cl\/en\/2021\/12\/30\/rodrigo-ramirez-elegido-presidente-del-jurado-academico-de-los-premios-chile-diseno\/#respond\"]}]},{\"@type\":\"WebPage\",\"@id\":\"https:\/\/fadeu.urantiacos.cl\/en\/2021\/12\/30\/rodrigo-ramirez-elegido-presidente-del-jurado-academico-de-los-premios-chile-diseno\/\",\"url\":\"https:\/\/fadeu.urantiacos.cl\/en\/2021\/12\/30\/rodrigo-ramirez-elegido-presidente-del-jurado-academico-de-los-premios-chile-diseno\/\",\"name\":\"Rodrigo Ram\u00edrez elegido Presidente del jurado acad\u00e9mico de los Premios Chile Dise\u00f1o - Facultad de Arquitectura, Dise\u00f1o y Estudios Urbanos\",\"isPartOf\":{\"@id\":\"https:\/\/fadeu.urantiacos.cl\/en\/#website\"},\"primaryImageOfPage\":{\"@id\":\"https:\/\/fadeu.urantiacos.cl\/en\/2021\/12\/30\/rodrigo-ramirez-elegido-presidente-del-jurado-academico-de-los-premios-chile-diseno\/#primaryimage\"},\"image\":{\"@id\":\"https:\/\/fadeu.urantiacos.cl\/en\/2021\/12\/30\/rodrigo-ramirez-elegido-presidente-del-jurado-academico-de-los-premios-chile-diseno\/#primaryimage\"},\"thumbnailUrl\":\"https:\/\/fadeu.urantiacos.cl\/wp-content\/uploads\/2023\/09\/PChD-Celular-3_web.png\",\"datePublished\":\"2021-12-30T23:49:00+00:00\",\"dateModified\":\"2023-09-06T23:55:46+00:00\",\"author\":{\"@id\":\"https:\/\/fadeu.urantiacos.cl\/en\/#\/schema\/person\/d203e2e84b1c40275eac77b3061a19a2\"},\"description\":\"El director de Dise\u00f1o UC, Rodrigo Ram\u00edrez, ha sido elegido como Presidente del Jurado de la Categor\u00eda Acad\u00e9mica Estudiantes de los premios Chile Dise\u00f1o en su versi\u00f3n 8.\",\"breadcrumb\":{\"@id\":\"https:\/\/fadeu.urantiacos.cl\/en\/2021\/12\/30\/rodrigo-ramirez-elegido-presidente-del-jurado-academico-de-los-premios-chile-diseno\/#breadcrumb\"},\"inLanguage\":\"en-US\",\"potentialAction\":[{\"@type\":\"ReadAction\",\"target\":[\"https:\/\/fadeu.urantiacos.cl\/en\/2021\/12\/30\/rodrigo-ramirez-elegido-presidente-del-jurado-academico-de-los-premios-chile-diseno\/\"]}]},{\"@type\":\"ImageObject\",\"inLanguage\":\"en-US\",\"@id\":\"https:\/\/fadeu.urantiacos.cl\/en\/2021\/12\/30\/rodrigo-ramirez-elegido-presidente-del-jurado-academico-de-los-premios-chile-diseno\/#primaryimage\",\"url\":\"https:\/\/fadeu.urantiacos.cl\/wp-content\/uploads\/2023\/09\/PChD-Celular-3_web.png\",\"contentUrl\":\"https:\/\/fadeu.urantiacos.cl\/wp-content\/uploads\/2023\/09\/PChD-Celular-3_web.png\",\"width\":350,\"height\":250},{\"@type\":\"BreadcrumbList\",\"@id\":\"https:\/\/fadeu.urantiacos.cl\/en\/2021\/12\/30\/rodrigo-ramirez-elegido-presidente-del-jurado-academico-de-los-premios-chile-diseno\/#breadcrumb\",\"itemListElement\":[{\"@type\":\"ListItem\",\"position\":1,\"name\":\"Portada\",\"item\":\"https:\/\/fadeu.urantiacos.cl\/en\/\"},{\"@type\":\"ListItem\",\"position\":2,\"name\":\"Rodrigo Ram\u00edrez elegido Presidente del jurado acad\u00e9mico de los Premios Chile Dise\u00f1o\"}]},{\"@type\":\"WebSite\",\"@id\":\"https:\/\/fadeu.urantiacos.cl\/en\/#website\",\"url\":\"https:\/\/fadeu.urantiacos.cl\/en\/\",\"name\":\"Facultad de Arquitectura, Dise\u00f1o y Estudios Urbanos\",\"description\":\"Campus Lo Contador\",\"potentialAction\":[{\"@type\":\"SearchAction\",\"target\":{\"@type\":\"EntryPoint\",\"urlTemplate\":\"https:\/\/fadeu.urantiacos.cl\/en\/?s={search_term_string}\"},\"query-input\":{\"@type\":\"PropertyValueSpecification\",\"valueRequired\":true,\"valueName\":\"search_term_string\"}}],\"inLanguage\":\"en-US\"},{\"@type\":\"Person\",\"@id\":\"https:\/\/fadeu.urantiacos.cl\/en\/#\/schema\/person\/d203e2e84b1c40275eac77b3061a19a2\",\"name\":\"manadmin\",\"image\":{\"@type\":\"ImageObject\",\"inLanguage\":\"en-US\",\"@id\":\"https:\/\/fadeu.urantiacos.cl\/en\/#\/schema\/person\/image\/\",\"url\":\"https:\/\/secure.gravatar.com\/avatar\/4b1d8e3303b4a9d8968ac578947d8bc80d9aea359f388cdd4aac15cadc0e8447?s=96&d=mm&r=g\",\"contentUrl\":\"https:\/\/secure.gravatar.com\/avatar\/4b1d8e3303b4a9d8968ac578947d8bc80d9aea359f388cdd4aac15cadc0e8447?s=96&d=mm&r=g\",\"caption\":\"manadmin\"},\"sameAs\":[\"https:\/\/fadeu.urantiacos.cl\"]}]}<\/script>\n<!-- \/ Yoast SEO plugin. -->","yoast_head_json":{"title":"Rodrigo Ram\u00edrez elegido Presidente del jurado acad\u00e9mico de los Premios Chile Dise\u00f1o - Facultad de Arquitectura, Dise\u00f1o y Estudios Urbanos","description":"El director de Dise\u00f1o UC, Rodrigo Ram\u00edrez, ha sido elegido como Presidente del Jurado de la Categor\u00eda Acad\u00e9mica Estudiantes de los premios Chile Dise\u00f1o en su versi\u00f3n 8.","robots":{"index":"index","follow":"follow","max-snippet":"max-snippet:-1","max-image-preview":"max-image-preview:large","max-video-preview":"max-video-preview:-1"},"canonical":"https:\/\/fadeu.urantiacos.cl\/en\/2021\/12\/30\/rodrigo-ramirez-elegido-presidente-del-jurado-academico-de-los-premios-chile-diseno\/","og_locale":"en_US","og_type":"article","og_title":"Rodrigo Ram\u00edrez elegido Presidente del jurado acad\u00e9mico de los Premios Chile Dise\u00f1o - Facultad de Arquitectura, Dise\u00f1o y Estudios Urbanos","og_description":"El director de Dise\u00f1o UC, Rodrigo Ram\u00edrez, ha sido elegido como Presidente del Jurado de la Categor\u00eda Acad\u00e9mica Estudiantes de los premios Chile Dise\u00f1o en su versi\u00f3n 8.","og_url":"https:\/\/fadeu.urantiacos.cl\/en\/2021\/12\/30\/rodrigo-ramirez-elegido-presidente-del-jurado-academico-de-los-premios-chile-diseno\/","og_site_name":"Facultad de Arquitectura, Dise\u00f1o y Estudios Urbanos","article_published_time":"2021-12-30T23:49:00+00:00","article_modified_time":"2023-09-06T23:55:46+00:00","og_image":[{"width":350,"height":250,"url":"https:\/\/fadeu.urantiacos.cl\/wp-content\/uploads\/2023\/09\/PChD-Celular-3_web.png","type":"image\/png"}],"author":"manadmin","twitter_card":"summary_large_image","twitter_misc":{"Written by":"manadmin","Est. reading time":"1 minute"},"schema":{"@context":"https:\/\/schema.org","@graph":[{"@type":"Article","@id":"https:\/\/fadeu.urantiacos.cl\/en\/2021\/12\/30\/rodrigo-ramirez-elegido-presidente-del-jurado-academico-de-los-premios-chile-diseno\/#article","isPartOf":{"@id":"https:\/\/fadeu.urantiacos.cl\/en\/2021\/12\/30\/rodrigo-ramirez-elegido-presidente-del-jurado-academico-de-los-premios-chile-diseno\/"},"author":{"name":"manadmin","@id":"https:\/\/fadeu.urantiacos.cl\/en\/#\/schema\/person\/d203e2e84b1c40275eac77b3061a19a2"},"headline":"Rodrigo Ram\u00edrez elegido Presidente del jurado acad\u00e9mico de los Premios Chile Dise\u00f1o","datePublished":"2021-12-30T23:49:00+00:00","dateModified":"2023-09-06T23:55:46+00:00","mainEntityOfPage":{"@id":"https:\/\/fadeu.urantiacos.cl\/en\/2021\/12\/30\/rodrigo-ramirez-elegido-presidente-del-jurado-academico-de-los-premios-chile-diseno\/"},"wordCount":267,"commentCount":0,"image":{"@id":"https:\/\/fadeu.urantiacos.cl\/en\/2021\/12\/30\/rodrigo-ramirez-elegido-presidente-del-jurado-academico-de-los-premios-chile-diseno\/#primaryimage"},"thumbnailUrl":"https:\/\/fadeu.urantiacos.cl\/wp-content\/uploads\/2023\/09\/PChD-Celular-3_web.png","articleSection":["Sin categorizar"],"inLanguage":"en-US","potentialAction":[{"@type":"CommentAction","name":"Comment","target":["https:\/\/fadeu.urantiacos.cl\/en\/2021\/12\/30\/rodrigo-ramirez-elegido-presidente-del-jurado-academico-de-los-premios-chile-diseno\/#respond"]}]},{"@type":"WebPage","@id":"https:\/\/fadeu.urantiacos.cl\/en\/2021\/12\/30\/rodrigo-ramirez-elegido-presidente-del-jurado-academico-de-los-premios-chile-diseno\/","url":"https:\/\/fadeu.urantiacos.cl\/en\/2021\/12\/30\/rodrigo-ramirez-elegido-presidente-del-jurado-academico-de-los-premios-chile-diseno\/","name":"Rodrigo Ram\u00edrez elegido Presidente del jurado acad\u00e9mico de los Premios Chile Dise\u00f1o - Facultad de Arquitectura, Dise\u00f1o y Estudios Urbanos","isPartOf":{"@id":"https:\/\/fadeu.urantiacos.cl\/en\/#website"},"primaryImageOfPage":{"@id":"https:\/\/fadeu.urantiacos.cl\/en\/2021\/12\/30\/rodrigo-ramirez-elegido-presidente-del-jurado-academico-de-los-premios-chile-diseno\/#primaryimage"},"image":{"@id":"https:\/\/fadeu.urantiacos.cl\/en\/2021\/12\/30\/rodrigo-ramirez-elegido-presidente-del-jurado-academico-de-los-premios-chile-diseno\/#primaryimage"},"thumbnailUrl":"https:\/\/fadeu.urantiacos.cl\/wp-content\/uploads\/2023\/09\/PChD-Celular-3_web.png","datePublished":"2021-12-30T23:49:00+00:00","dateModified":"2023-09-06T23:55:46+00:00","author":{"@id":"https:\/\/fadeu.urantiacos.cl\/en\/#\/schema\/person\/d203e2e84b1c40275eac77b3061a19a2"},"description":"El director de Dise\u00f1o UC, Rodrigo Ram\u00edrez, ha sido elegido como Presidente del Jurado de la Categor\u00eda Acad\u00e9mica Estudiantes de los premios Chile Dise\u00f1o en su versi\u00f3n 8.","breadcrumb":{"@id":"https:\/\/fadeu.urantiacos.cl\/en\/2021\/12\/30\/rodrigo-ramirez-elegido-presidente-del-jurado-academico-de-los-premios-chile-diseno\/#breadcrumb"},"inLanguage":"en-US","potentialAction":[{"@type":"ReadAction","target":["https:\/\/fadeu.urantiacos.cl\/en\/2021\/12\/30\/rodrigo-ramirez-elegido-presidente-del-jurado-academico-de-los-premios-chile-diseno\/"]}]},{"@type":"ImageObject","inLanguage":"en-US","@id":"https:\/\/fadeu.urantiacos.cl\/en\/2021\/12\/30\/rodrigo-ramirez-elegido-presidente-del-jurado-academico-de-los-premios-chile-diseno\/#primaryimage","url":"https:\/\/fadeu.urantiacos.cl\/wp-content\/uploads\/2023\/09\/PChD-Celular-3_web.png","contentUrl":"https:\/\/fadeu.urantiacos.cl\/wp-content\/uploads\/2023\/09\/PChD-Celular-3_web.png","width":350,"height":250},{"@type":"BreadcrumbList","@id":"https:\/\/fadeu.urantiacos.cl\/en\/2021\/12\/30\/rodrigo-ramirez-elegido-presidente-del-jurado-academico-de-los-premios-chile-diseno\/#breadcrumb","itemListElement":[{"@type":"ListItem","position":1,"name":"Portada","item":"https:\/\/fadeu.urantiacos.cl\/en\/"},{"@type":"ListItem","position":2,"name":"Rodrigo Ram\u00edrez elegido Presidente del jurado acad\u00e9mico de los Premios Chile Dise\u00f1o"}]},{"@type":"WebSite","@id":"https:\/\/fadeu.urantiacos.cl\/en\/#website","url":"https:\/\/fadeu.urantiacos.cl\/en\/","name":"Facultad de Arquitectura, Dise\u00f1o y Estudios Urbanos","description":"Campus Lo Contador","potentialAction":[{"@type":"SearchAction","target":{"@type":"EntryPoint","urlTemplate":"https:\/\/fadeu.urantiacos.cl\/en\/?s={search_term_string}"},"query-input":{"@type":"PropertyValueSpecification","valueRequired":true,"valueName":"search_term_string"}}],"inLanguage":"en-US"},{"@type":"Person","@id":"https:\/\/fadeu.urantiacos.cl\/en\/#\/schema\/person\/d203e2e84b1c40275eac77b3061a19a2","name":"manadmin","image":{"@type":"ImageObject","inLanguage":"en-US","@id":"https:\/\/fadeu.urantiacos.cl\/en\/#\/schema\/person\/image\/","url":"https:\/\/secure.gravatar.com\/avatar\/4b1d8e3303b4a9d8968ac578947d8bc80d9aea359f388cdd4aac15cadc0e8447?s=96&d=mm&r=g","contentUrl":"https:\/\/secure.gravatar.com\/avatar\/4b1d8e3303b4a9d8968ac578947d8bc80d9aea359f388cdd4aac15cadc0e8447?s=96&d=mm&r=g","caption":"manadmin"},"sameAs":["https:\/\/fadeu.urantiacos.cl"]}]}},"_links":{"self":[{"href":"https:\/\/fadeu.urantiacos.cl\/en\/wp-json\/wp\/v2\/posts\/5681","targetHints":{"allow":["GET"]}}],"collection":[{"href":"https:\/\/fadeu.urantiacos.cl\/en\/wp-json\/wp\/v2\/posts"}],"about":[{"href":"https:\/\/fadeu.urantiacos.cl\/en\/wp-json\/wp\/v2\/types\/post"}],"author":[{"embeddable":true,"href":"https:\/\/fadeu.urantiacos.cl\/en\/wp-json\/wp\/v2\/users\/1"}],"replies":[{"embeddable":true,"href":"https:\/\/fadeu.urantiacos.cl\/en\/wp-json\/wp\/v2\/comments?post=5681"}],"version-history":[{"count":1,"href":"https:\/\/fadeu.urantiacos.cl\/en\/wp-json\/wp\/v2\/posts\/5681\/revisions"}],"predecessor-version":[{"id":5688,"href":"https:\/\/fadeu.urantiacos.cl\/en\/wp-json\/wp\/v2\/posts\/5681\/revisions\/5688"}],"wp:featuredmedia":[{"embeddable":true,"href":"https:\/\/fadeu.urantiacos.cl\/en\/wp-json\/wp\/v2\/media\/5683"}],"wp:attachment":[{"href":"https:\/\/fadeu.urantiacos.cl\/en\/wp-json\/wp\/v2\/media?parent=5681"}],"wp:term":[{"taxonomy":"category","embeddable":true,"href":"https:\/\/fadeu.urantiacos.cl\/en\/wp-json\/wp\/v2\/categories?post=5681"},{"taxonomy":"post_tag","embeddable":true,"href":"https:\/\/fadeu.urantiacos.cl\/en\/wp-json\/wp\/v2\/tags?post=5681"}],"curies":[{"name":"wp","href":"https:\/\/api.w.org\/{rel}","templated":true}]}}