{"id":5674,"date":"2021-12-31T20:43:00","date_gmt":"2021-12-31T23:43:00","guid":{"rendered":"https:\/\/fadeu.urantiacos.cl\/?p=5674"},"modified":"2023-09-06T20:46:37","modified_gmt":"2023-09-06T23:46:37","slug":"estudiante-ignacia-gonzalez-destacada-en-especial-jovenes-lideres-2020-2021-uc","status":"publish","type":"post","link":"https:\/\/fadeu.urantiacos.cl\/en\/2021\/12\/31\/estudiante-ignacia-gonzalez-destacada-en-especial-jovenes-lideres-2020-2021-uc\/","title":{"rendered":"Estudiante Ignacia Gonz\u00e1lez destacada en especial J\u00f3venes L\u00edderes 2020-2021 UC"},"content":{"rendered":"\n<figure class=\"wp-block-image size-full\"><img decoding=\"async\" width=\"350\" height=\"250\" src=\"https:\/\/fadeu.urantiacos.cl\/wp-content\/uploads\/2023\/09\/Lugun-1-1WEB.jpg\" alt=\"\" class=\"wp-image-5675\" srcset=\"https:\/\/fadeu.urantiacos.cl\/wp-content\/uploads\/2023\/09\/Lugun-1-1WEB.jpg 350w, https:\/\/fadeu.urantiacos.cl\/wp-content\/uploads\/2023\/09\/Lugun-1-1WEB-300x214.jpg 300w\" sizes=\"(max-width: 350px) 100vw, 350px\" \/><\/figure>\n\n\n\n<p>La pandemia sacudi\u00f3 al mundo. Y con ello, la muerte. Para abordar esta dif\u00edcil tem\u00e1tica, Ignacia Gonz\u00e1lez cre\u00f3 Lug\u00fcn, Bosques Memoriales, un proyecto que busc\u00f3 dar una muerte m\u00e1s digna a quienes fallecieron por COVID-19, ayudando a sus seres queridos en el proceso de duelo. Una ceremonia que combina elementos de la cultura mapuche, la sustentabilidad, la m\u00fasica y la est\u00e9tica. La iniciativa, que naci\u00f3 del curso Taller Crisis de la Escuela de Dise\u00f1o, a cargo del docente Jos\u00e9 Allard. \u201cMe interes\u00f3 mucho el tema de los entierros, y c\u00f3mo hacerlos m\u00e1s amigable. Que el proceso de la muerte fuera algo menos tab\u00fa. Recordar a las personas de manera positiva\u201d, explican en la publicaci\u00f3n, sobre la cual Ignacia comenta \u201cMe tom\u00f3 por sorpresa. Nunca pens\u00e9 que otros me considerar\u00edan l\u00edder. Fue un honor. No lo esperaba\u201d.<\/p>\n\n\n\n<figure class=\"wp-block-image size-large\"><img decoding=\"async\" width=\"1024\" height=\"504\" src=\"https:\/\/fadeu.urantiacos.cl\/wp-content\/uploads\/2023\/09\/Lugun-1-1-1024x504.jpg\" alt=\"\" class=\"wp-image-5676\" srcset=\"https:\/\/fadeu.urantiacos.cl\/wp-content\/uploads\/2023\/09\/Lugun-1-1-1024x504.jpg 1024w, https:\/\/fadeu.urantiacos.cl\/wp-content\/uploads\/2023\/09\/Lugun-1-1-300x148.jpg 300w, https:\/\/fadeu.urantiacos.cl\/wp-content\/uploads\/2023\/09\/Lugun-1-1-768x378.jpg 768w, https:\/\/fadeu.urantiacos.cl\/wp-content\/uploads\/2023\/09\/Lugun-1-1-1536x756.jpg 1536w, https:\/\/fadeu.urantiacos.cl\/wp-content\/uploads\/2023\/09\/Lugun-1-1.jpg 1600w\" sizes=\"(max-width: 1024px) 100vw, 1024px\" \/><\/figure>\n\n\n\n<p>INFORMACI\u00d3N PERIOD\u00cdSTICA<br>ESCUELA DE DISE\u00d1O UC<\/p>\n","protected":false},"excerpt":{"rendered":"<p>La estudiante Ignacia Gonz\u00e1lez fue destacada en la Edici\u00f3n Especial de J\u00f3venes L\u00edderes desarrollada por la Direcci\u00f3n de Asuntos Estudiantiles UC -DAE-. La publicaci\u00f3n destaca la trayectoria universitaria de Ignacia, su compromiso p\u00fablico, acci\u00f3n social, vinculaci\u00f3n con el movimiento Pastoral. Adem\u00e1s, relevan la visibilidad alcanzada con su proyecto Lug\u00fcn, que fue uno de los ganadores del concurso \u201cDise\u00f1o responde\u201d, organizado por la U. del Desarrollo y por la empresa The Index Project<\/p>\n","protected":false},"author":1,"featured_media":5675,"comment_status":"open","ping_status":"open","sticky":false,"template":"","format":"standard","meta":{"_acf_changed":false,"footnotes":""},"categories":[1],"tags":[],"class_list":["post-5674","post","type-post","status-publish","format-standard","has-post-thumbnail","hentry","category-sin-categorizar"],"acf":[],"yoast_head":"<!-- This site is optimized with the Yoast SEO plugin v27.1.1 - https:\/\/yoast.com\/product\/yoast-seo-wordpress\/ -->\n<title>Estudiante Ignacia Gonz\u00e1lez destacada en especial J\u00f3venes L\u00edderes 2020-2021 UC - Facultad de Arquitectura, Dise\u00f1o y Estudios Urbanos<\/title>\n<meta name=\"description\" content=\"La estudiante Ignacia Gonz\u00e1lez fue destacada en la Edici\u00f3n Especial de J\u00f3venes L\u00edderes desarrollada por la Direcci\u00f3n de Asuntos Estudiantiles UC -DAE-. La publicaci\u00f3n destaca la trayectoria universitaria de Ignacia, su compromiso p\u00fablico, acci\u00f3n social, vinculaci\u00f3n con el movimiento Pastoral. Adem\u00e1s, relevan la visibilidad alcanzada con su proyecto Lug\u00fcn, que fue uno de los ganadores del concurso \u201cDise\u00f1o responde\u201d, organizado por la U. del Desarrollo y por la empresa The Index Project\" \/>\n<meta name=\"robots\" content=\"index, follow, max-snippet:-1, max-image-preview:large, max-video-preview:-1\" \/>\n<link rel=\"canonical\" href=\"https:\/\/fadeu.urantiacos.cl\/en\/2021\/12\/31\/estudiante-ignacia-gonzalez-destacada-en-especial-jovenes-lideres-2020-2021-uc\/\" \/>\n<meta property=\"og:locale\" content=\"en_US\" \/>\n<meta property=\"og:type\" content=\"article\" \/>\n<meta property=\"og:title\" content=\"Estudiante Ignacia Gonz\u00e1lez destacada en especial J\u00f3venes L\u00edderes 2020-2021 UC - Facultad de Arquitectura, Dise\u00f1o y Estudios Urbanos\" \/>\n<meta property=\"og:description\" content=\"La estudiante Ignacia Gonz\u00e1lez fue destacada en la Edici\u00f3n Especial de J\u00f3venes L\u00edderes desarrollada por la Direcci\u00f3n de Asuntos Estudiantiles UC -DAE-. La publicaci\u00f3n destaca la trayectoria universitaria de Ignacia, su compromiso p\u00fablico, acci\u00f3n social, vinculaci\u00f3n con el movimiento Pastoral. Adem\u00e1s, relevan la visibilidad alcanzada con su proyecto Lug\u00fcn, que fue uno de los ganadores del concurso \u201cDise\u00f1o responde\u201d, organizado por la U. del Desarrollo y por la empresa The Index Project\" \/>\n<meta property=\"og:url\" content=\"https:\/\/fadeu.urantiacos.cl\/en\/2021\/12\/31\/estudiante-ignacia-gonzalez-destacada-en-especial-jovenes-lideres-2020-2021-uc\/\" \/>\n<meta property=\"og:site_name\" content=\"Facultad de Arquitectura, Dise\u00f1o y Estudios Urbanos\" \/>\n<meta property=\"article:published_time\" content=\"2021-12-31T23:43:00+00:00\" \/>\n<meta property=\"article:modified_time\" content=\"2023-09-06T23:46:37+00:00\" \/>\n<meta property=\"og:image\" content=\"https:\/\/fadeu.urantiacos.cl\/wp-content\/uploads\/2023\/09\/Lugun-1-1WEB.jpg\" \/>\n\t<meta property=\"og:image:width\" content=\"350\" \/>\n\t<meta property=\"og:image:height\" content=\"250\" \/>\n\t<meta property=\"og:image:type\" content=\"image\/jpeg\" \/>\n<meta name=\"author\" content=\"manadmin\" \/>\n<meta name=\"twitter:card\" content=\"summary_large_image\" \/>\n<meta name=\"twitter:label1\" content=\"Written by\" \/>\n\t<meta name=\"twitter:data1\" content=\"manadmin\" \/>\n\t<meta name=\"twitter:label2\" content=\"Est. reading time\" \/>\n\t<meta name=\"twitter:data2\" content=\"1 minute\" \/>\n<script type=\"application\/ld+json\" class=\"yoast-schema-graph\">{\"@context\":\"https:\/\/schema.org\",\"@graph\":[{\"@type\":\"Article\",\"@id\":\"https:\/\/fadeu.urantiacos.cl\/en\/2021\/12\/31\/estudiante-ignacia-gonzalez-destacada-en-especial-jovenes-lideres-2020-2021-uc\/#article\",\"isPartOf\":{\"@id\":\"https:\/\/fadeu.urantiacos.cl\/en\/2021\/12\/31\/estudiante-ignacia-gonzalez-destacada-en-especial-jovenes-lideres-2020-2021-uc\/\"},\"author\":{\"name\":\"manadmin\",\"@id\":\"https:\/\/fadeu.urantiacos.cl\/en\/#\/schema\/person\/d203e2e84b1c40275eac77b3061a19a2\"},\"headline\":\"Estudiante Ignacia Gonz\u00e1lez destacada en especial J\u00f3venes L\u00edderes 2020-2021 UC\",\"datePublished\":\"2021-12-31T23:43:00+00:00\",\"dateModified\":\"2023-09-06T23:46:37+00:00\",\"mainEntityOfPage\":{\"@id\":\"https:\/\/fadeu.urantiacos.cl\/en\/2021\/12\/31\/estudiante-ignacia-gonzalez-destacada-en-especial-jovenes-lideres-2020-2021-uc\/\"},\"wordCount\":170,\"commentCount\":0,\"image\":{\"@id\":\"https:\/\/fadeu.urantiacos.cl\/en\/2021\/12\/31\/estudiante-ignacia-gonzalez-destacada-en-especial-jovenes-lideres-2020-2021-uc\/#primaryimage\"},\"thumbnailUrl\":\"https:\/\/fadeu.urantiacos.cl\/wp-content\/uploads\/2023\/09\/Lugun-1-1WEB.jpg\",\"articleSection\":[\"Sin categorizar\"],\"inLanguage\":\"en-US\",\"potentialAction\":[{\"@type\":\"CommentAction\",\"name\":\"Comment\",\"target\":[\"https:\/\/fadeu.urantiacos.cl\/en\/2021\/12\/31\/estudiante-ignacia-gonzalez-destacada-en-especial-jovenes-lideres-2020-2021-uc\/#respond\"]}]},{\"@type\":\"WebPage\",\"@id\":\"https:\/\/fadeu.urantiacos.cl\/en\/2021\/12\/31\/estudiante-ignacia-gonzalez-destacada-en-especial-jovenes-lideres-2020-2021-uc\/\",\"url\":\"https:\/\/fadeu.urantiacos.cl\/en\/2021\/12\/31\/estudiante-ignacia-gonzalez-destacada-en-especial-jovenes-lideres-2020-2021-uc\/\",\"name\":\"Estudiante Ignacia Gonz\u00e1lez destacada en especial J\u00f3venes L\u00edderes 2020-2021 UC - Facultad de Arquitectura, Dise\u00f1o y Estudios Urbanos\",\"isPartOf\":{\"@id\":\"https:\/\/fadeu.urantiacos.cl\/en\/#website\"},\"primaryImageOfPage\":{\"@id\":\"https:\/\/fadeu.urantiacos.cl\/en\/2021\/12\/31\/estudiante-ignacia-gonzalez-destacada-en-especial-jovenes-lideres-2020-2021-uc\/#primaryimage\"},\"image\":{\"@id\":\"https:\/\/fadeu.urantiacos.cl\/en\/2021\/12\/31\/estudiante-ignacia-gonzalez-destacada-en-especial-jovenes-lideres-2020-2021-uc\/#primaryimage\"},\"thumbnailUrl\":\"https:\/\/fadeu.urantiacos.cl\/wp-content\/uploads\/2023\/09\/Lugun-1-1WEB.jpg\",\"datePublished\":\"2021-12-31T23:43:00+00:00\",\"dateModified\":\"2023-09-06T23:46:37+00:00\",\"author\":{\"@id\":\"https:\/\/fadeu.urantiacos.cl\/en\/#\/schema\/person\/d203e2e84b1c40275eac77b3061a19a2\"},\"description\":\"La estudiante Ignacia Gonz\u00e1lez fue destacada en la Edici\u00f3n Especial de J\u00f3venes L\u00edderes desarrollada por la Direcci\u00f3n de Asuntos Estudiantiles UC -DAE-. La publicaci\u00f3n destaca la trayectoria universitaria de Ignacia, su compromiso p\u00fablico, acci\u00f3n social, vinculaci\u00f3n con el movimiento Pastoral. Adem\u00e1s, relevan la visibilidad alcanzada con su proyecto Lug\u00fcn, que fue uno de los ganadores del concurso \u201cDise\u00f1o responde\u201d, organizado por la U. del Desarrollo y por la empresa The Index Project\",\"breadcrumb\":{\"@id\":\"https:\/\/fadeu.urantiacos.cl\/en\/2021\/12\/31\/estudiante-ignacia-gonzalez-destacada-en-especial-jovenes-lideres-2020-2021-uc\/#breadcrumb\"},\"inLanguage\":\"en-US\",\"potentialAction\":[{\"@type\":\"ReadAction\",\"target\":[\"https:\/\/fadeu.urantiacos.cl\/en\/2021\/12\/31\/estudiante-ignacia-gonzalez-destacada-en-especial-jovenes-lideres-2020-2021-uc\/\"]}]},{\"@type\":\"ImageObject\",\"inLanguage\":\"en-US\",\"@id\":\"https:\/\/fadeu.urantiacos.cl\/en\/2021\/12\/31\/estudiante-ignacia-gonzalez-destacada-en-especial-jovenes-lideres-2020-2021-uc\/#primaryimage\",\"url\":\"https:\/\/fadeu.urantiacos.cl\/wp-content\/uploads\/2023\/09\/Lugun-1-1WEB.jpg\",\"contentUrl\":\"https:\/\/fadeu.urantiacos.cl\/wp-content\/uploads\/2023\/09\/Lugun-1-1WEB.jpg\",\"width\":350,\"height\":250},{\"@type\":\"BreadcrumbList\",\"@id\":\"https:\/\/fadeu.urantiacos.cl\/en\/2021\/12\/31\/estudiante-ignacia-gonzalez-destacada-en-especial-jovenes-lideres-2020-2021-uc\/#breadcrumb\",\"itemListElement\":[{\"@type\":\"ListItem\",\"position\":1,\"name\":\"Portada\",\"item\":\"https:\/\/fadeu.urantiacos.cl\/en\/\"},{\"@type\":\"ListItem\",\"position\":2,\"name\":\"Estudiante Ignacia Gonz\u00e1lez destacada en especial J\u00f3venes L\u00edderes 2020-2021 UC\"}]},{\"@type\":\"WebSite\",\"@id\":\"https:\/\/fadeu.urantiacos.cl\/en\/#website\",\"url\":\"https:\/\/fadeu.urantiacos.cl\/en\/\",\"name\":\"Facultad de Arquitectura, Dise\u00f1o y Estudios Urbanos\",\"description\":\"Campus Lo Contador\",\"potentialAction\":[{\"@type\":\"SearchAction\",\"target\":{\"@type\":\"EntryPoint\",\"urlTemplate\":\"https:\/\/fadeu.urantiacos.cl\/en\/?s={search_term_string}\"},\"query-input\":{\"@type\":\"PropertyValueSpecification\",\"valueRequired\":true,\"valueName\":\"search_term_string\"}}],\"inLanguage\":\"en-US\"},{\"@type\":\"Person\",\"@id\":\"https:\/\/fadeu.urantiacos.cl\/en\/#\/schema\/person\/d203e2e84b1c40275eac77b3061a19a2\",\"name\":\"manadmin\",\"image\":{\"@type\":\"ImageObject\",\"inLanguage\":\"en-US\",\"@id\":\"https:\/\/fadeu.urantiacos.cl\/en\/#\/schema\/person\/image\/\",\"url\":\"https:\/\/secure.gravatar.com\/avatar\/4b1d8e3303b4a9d8968ac578947d8bc80d9aea359f388cdd4aac15cadc0e8447?s=96&d=mm&r=g\",\"contentUrl\":\"https:\/\/secure.gravatar.com\/avatar\/4b1d8e3303b4a9d8968ac578947d8bc80d9aea359f388cdd4aac15cadc0e8447?s=96&d=mm&r=g\",\"caption\":\"manadmin\"},\"sameAs\":[\"https:\/\/fadeu.urantiacos.cl\"]}]}<\/script>\n<!-- \/ Yoast SEO plugin. -->","yoast_head_json":{"title":"Estudiante Ignacia Gonz\u00e1lez destacada en especial J\u00f3venes L\u00edderes 2020-2021 UC - Facultad de Arquitectura, Dise\u00f1o y Estudios Urbanos","description":"La estudiante Ignacia Gonz\u00e1lez fue destacada en la Edici\u00f3n Especial de J\u00f3venes L\u00edderes desarrollada por la Direcci\u00f3n de Asuntos Estudiantiles UC -DAE-. La publicaci\u00f3n destaca la trayectoria universitaria de Ignacia, su compromiso p\u00fablico, acci\u00f3n social, vinculaci\u00f3n con el movimiento Pastoral. Adem\u00e1s, relevan la visibilidad alcanzada con su proyecto Lug\u00fcn, que fue uno de los ganadores del concurso \u201cDise\u00f1o responde\u201d, organizado por la U. del Desarrollo y por la empresa The Index Project","robots":{"index":"index","follow":"follow","max-snippet":"max-snippet:-1","max-image-preview":"max-image-preview:large","max-video-preview":"max-video-preview:-1"},"canonical":"https:\/\/fadeu.urantiacos.cl\/en\/2021\/12\/31\/estudiante-ignacia-gonzalez-destacada-en-especial-jovenes-lideres-2020-2021-uc\/","og_locale":"en_US","og_type":"article","og_title":"Estudiante Ignacia Gonz\u00e1lez destacada en especial J\u00f3venes L\u00edderes 2020-2021 UC - Facultad de Arquitectura, Dise\u00f1o y Estudios Urbanos","og_description":"La estudiante Ignacia Gonz\u00e1lez fue destacada en la Edici\u00f3n Especial de J\u00f3venes L\u00edderes desarrollada por la Direcci\u00f3n de Asuntos Estudiantiles UC -DAE-. La publicaci\u00f3n destaca la trayectoria universitaria de Ignacia, su compromiso p\u00fablico, acci\u00f3n social, vinculaci\u00f3n con el movimiento Pastoral. Adem\u00e1s, relevan la visibilidad alcanzada con su proyecto Lug\u00fcn, que fue uno de los ganadores del concurso \u201cDise\u00f1o responde\u201d, organizado por la U. del Desarrollo y por la empresa The Index Project","og_url":"https:\/\/fadeu.urantiacos.cl\/en\/2021\/12\/31\/estudiante-ignacia-gonzalez-destacada-en-especial-jovenes-lideres-2020-2021-uc\/","og_site_name":"Facultad de Arquitectura, Dise\u00f1o y Estudios Urbanos","article_published_time":"2021-12-31T23:43:00+00:00","article_modified_time":"2023-09-06T23:46:37+00:00","og_image":[{"width":350,"height":250,"url":"https:\/\/fadeu.urantiacos.cl\/wp-content\/uploads\/2023\/09\/Lugun-1-1WEB.jpg","type":"image\/jpeg"}],"author":"manadmin","twitter_card":"summary_large_image","twitter_misc":{"Written by":"manadmin","Est. reading time":"1 minute"},"schema":{"@context":"https:\/\/schema.org","@graph":[{"@type":"Article","@id":"https:\/\/fadeu.urantiacos.cl\/en\/2021\/12\/31\/estudiante-ignacia-gonzalez-destacada-en-especial-jovenes-lideres-2020-2021-uc\/#article","isPartOf":{"@id":"https:\/\/fadeu.urantiacos.cl\/en\/2021\/12\/31\/estudiante-ignacia-gonzalez-destacada-en-especial-jovenes-lideres-2020-2021-uc\/"},"author":{"name":"manadmin","@id":"https:\/\/fadeu.urantiacos.cl\/en\/#\/schema\/person\/d203e2e84b1c40275eac77b3061a19a2"},"headline":"Estudiante Ignacia Gonz\u00e1lez destacada en especial J\u00f3venes L\u00edderes 2020-2021 UC","datePublished":"2021-12-31T23:43:00+00:00","dateModified":"2023-09-06T23:46:37+00:00","mainEntityOfPage":{"@id":"https:\/\/fadeu.urantiacos.cl\/en\/2021\/12\/31\/estudiante-ignacia-gonzalez-destacada-en-especial-jovenes-lideres-2020-2021-uc\/"},"wordCount":170,"commentCount":0,"image":{"@id":"https:\/\/fadeu.urantiacos.cl\/en\/2021\/12\/31\/estudiante-ignacia-gonzalez-destacada-en-especial-jovenes-lideres-2020-2021-uc\/#primaryimage"},"thumbnailUrl":"https:\/\/fadeu.urantiacos.cl\/wp-content\/uploads\/2023\/09\/Lugun-1-1WEB.jpg","articleSection":["Sin categorizar"],"inLanguage":"en-US","potentialAction":[{"@type":"CommentAction","name":"Comment","target":["https:\/\/fadeu.urantiacos.cl\/en\/2021\/12\/31\/estudiante-ignacia-gonzalez-destacada-en-especial-jovenes-lideres-2020-2021-uc\/#respond"]}]},{"@type":"WebPage","@id":"https:\/\/fadeu.urantiacos.cl\/en\/2021\/12\/31\/estudiante-ignacia-gonzalez-destacada-en-especial-jovenes-lideres-2020-2021-uc\/","url":"https:\/\/fadeu.urantiacos.cl\/en\/2021\/12\/31\/estudiante-ignacia-gonzalez-destacada-en-especial-jovenes-lideres-2020-2021-uc\/","name":"Estudiante Ignacia Gonz\u00e1lez destacada en especial J\u00f3venes L\u00edderes 2020-2021 UC - Facultad de Arquitectura, Dise\u00f1o y Estudios Urbanos","isPartOf":{"@id":"https:\/\/fadeu.urantiacos.cl\/en\/#website"},"primaryImageOfPage":{"@id":"https:\/\/fadeu.urantiacos.cl\/en\/2021\/12\/31\/estudiante-ignacia-gonzalez-destacada-en-especial-jovenes-lideres-2020-2021-uc\/#primaryimage"},"image":{"@id":"https:\/\/fadeu.urantiacos.cl\/en\/2021\/12\/31\/estudiante-ignacia-gonzalez-destacada-en-especial-jovenes-lideres-2020-2021-uc\/#primaryimage"},"thumbnailUrl":"https:\/\/fadeu.urantiacos.cl\/wp-content\/uploads\/2023\/09\/Lugun-1-1WEB.jpg","datePublished":"2021-12-31T23:43:00+00:00","dateModified":"2023-09-06T23:46:37+00:00","author":{"@id":"https:\/\/fadeu.urantiacos.cl\/en\/#\/schema\/person\/d203e2e84b1c40275eac77b3061a19a2"},"description":"La estudiante Ignacia Gonz\u00e1lez fue destacada en la Edici\u00f3n Especial de J\u00f3venes L\u00edderes desarrollada por la Direcci\u00f3n de Asuntos Estudiantiles UC -DAE-. La publicaci\u00f3n destaca la trayectoria universitaria de Ignacia, su compromiso p\u00fablico, acci\u00f3n social, vinculaci\u00f3n con el movimiento Pastoral. Adem\u00e1s, relevan la visibilidad alcanzada con su proyecto Lug\u00fcn, que fue uno de los ganadores del concurso \u201cDise\u00f1o responde\u201d, organizado por la U. del Desarrollo y por la empresa The Index Project","breadcrumb":{"@id":"https:\/\/fadeu.urantiacos.cl\/en\/2021\/12\/31\/estudiante-ignacia-gonzalez-destacada-en-especial-jovenes-lideres-2020-2021-uc\/#breadcrumb"},"inLanguage":"en-US","potentialAction":[{"@type":"ReadAction","target":["https:\/\/fadeu.urantiacos.cl\/en\/2021\/12\/31\/estudiante-ignacia-gonzalez-destacada-en-especial-jovenes-lideres-2020-2021-uc\/"]}]},{"@type":"ImageObject","inLanguage":"en-US","@id":"https:\/\/fadeu.urantiacos.cl\/en\/2021\/12\/31\/estudiante-ignacia-gonzalez-destacada-en-especial-jovenes-lideres-2020-2021-uc\/#primaryimage","url":"https:\/\/fadeu.urantiacos.cl\/wp-content\/uploads\/2023\/09\/Lugun-1-1WEB.jpg","contentUrl":"https:\/\/fadeu.urantiacos.cl\/wp-content\/uploads\/2023\/09\/Lugun-1-1WEB.jpg","width":350,"height":250},{"@type":"BreadcrumbList","@id":"https:\/\/fadeu.urantiacos.cl\/en\/2021\/12\/31\/estudiante-ignacia-gonzalez-destacada-en-especial-jovenes-lideres-2020-2021-uc\/#breadcrumb","itemListElement":[{"@type":"ListItem","position":1,"name":"Portada","item":"https:\/\/fadeu.urantiacos.cl\/en\/"},{"@type":"ListItem","position":2,"name":"Estudiante Ignacia Gonz\u00e1lez destacada en especial J\u00f3venes L\u00edderes 2020-2021 UC"}]},{"@type":"WebSite","@id":"https:\/\/fadeu.urantiacos.cl\/en\/#website","url":"https:\/\/fadeu.urantiacos.cl\/en\/","name":"Facultad de Arquitectura, Dise\u00f1o y Estudios Urbanos","description":"Campus Lo Contador","potentialAction":[{"@type":"SearchAction","target":{"@type":"EntryPoint","urlTemplate":"https:\/\/fadeu.urantiacos.cl\/en\/?s={search_term_string}"},"query-input":{"@type":"PropertyValueSpecification","valueRequired":true,"valueName":"search_term_string"}}],"inLanguage":"en-US"},{"@type":"Person","@id":"https:\/\/fadeu.urantiacos.cl\/en\/#\/schema\/person\/d203e2e84b1c40275eac77b3061a19a2","name":"manadmin","image":{"@type":"ImageObject","inLanguage":"en-US","@id":"https:\/\/fadeu.urantiacos.cl\/en\/#\/schema\/person\/image\/","url":"https:\/\/secure.gravatar.com\/avatar\/4b1d8e3303b4a9d8968ac578947d8bc80d9aea359f388cdd4aac15cadc0e8447?s=96&d=mm&r=g","contentUrl":"https:\/\/secure.gravatar.com\/avatar\/4b1d8e3303b4a9d8968ac578947d8bc80d9aea359f388cdd4aac15cadc0e8447?s=96&d=mm&r=g","caption":"manadmin"},"sameAs":["https:\/\/fadeu.urantiacos.cl"]}]}},"_links":{"self":[{"href":"https:\/\/fadeu.urantiacos.cl\/en\/wp-json\/wp\/v2\/posts\/5674","targetHints":{"allow":["GET"]}}],"collection":[{"href":"https:\/\/fadeu.urantiacos.cl\/en\/wp-json\/wp\/v2\/posts"}],"about":[{"href":"https:\/\/fadeu.urantiacos.cl\/en\/wp-json\/wp\/v2\/types\/post"}],"author":[{"embeddable":true,"href":"https:\/\/fadeu.urantiacos.cl\/en\/wp-json\/wp\/v2\/users\/1"}],"replies":[{"embeddable":true,"href":"https:\/\/fadeu.urantiacos.cl\/en\/wp-json\/wp\/v2\/comments?post=5674"}],"version-history":[{"count":1,"href":"https:\/\/fadeu.urantiacos.cl\/en\/wp-json\/wp\/v2\/posts\/5674\/revisions"}],"predecessor-version":[{"id":5677,"href":"https:\/\/fadeu.urantiacos.cl\/en\/wp-json\/wp\/v2\/posts\/5674\/revisions\/5677"}],"wp:featuredmedia":[{"embeddable":true,"href":"https:\/\/fadeu.urantiacos.cl\/en\/wp-json\/wp\/v2\/media\/5675"}],"wp:attachment":[{"href":"https:\/\/fadeu.urantiacos.cl\/en\/wp-json\/wp\/v2\/media?parent=5674"}],"wp:term":[{"taxonomy":"category","embeddable":true,"href":"https:\/\/fadeu.urantiacos.cl\/en\/wp-json\/wp\/v2\/categories?post=5674"},{"taxonomy":"post_tag","embeddable":true,"href":"https:\/\/fadeu.urantiacos.cl\/en\/wp-json\/wp\/v2\/tags?post=5674"}],"curies":[{"name":"wp","href":"https:\/\/api.w.org\/{rel}","templated":true}]}}