{"id":5667,"date":"2021-12-31T20:38:00","date_gmt":"2021-12-31T23:38:00","guid":{"rendered":"https:\/\/fadeu.urantiacos.cl\/?p=5667"},"modified":"2023-09-06T20:42:58","modified_gmt":"2023-09-06T23:42:58","slug":"artesania-uc-se-adjudica-fondart-nacional-2022","status":"publish","type":"post","link":"https:\/\/fadeu.urantiacos.cl\/en\/2021\/12\/31\/artesania-uc-se-adjudica-fondart-nacional-2022\/","title":{"rendered":"Artesan\u00eda UC se adjudica FONDART Nacional 2022"},"content":{"rendered":"\n<figure class=\"wp-block-image size-full\"><img decoding=\"async\" width=\"350\" height=\"250\" src=\"https:\/\/fadeu.urantiacos.cl\/wp-content\/uploads\/2023\/09\/web_28-Muestra-Artesania-UC-vista1CO.jpg\" alt=\"\" class=\"wp-image-5669\" srcset=\"https:\/\/fadeu.urantiacos.cl\/wp-content\/uploads\/2023\/09\/web_28-Muestra-Artesania-UC-vista1CO.jpg 350w, https:\/\/fadeu.urantiacos.cl\/wp-content\/uploads\/2023\/09\/web_28-Muestra-Artesania-UC-vista1CO-300x214.jpg 300w\" sizes=\"(max-width: 350px) 100vw, 350px\" \/><\/figure>\n\n\n\n<p>En la l\u00ednea&nbsp;<a href=\"https:\/\/www.fondosdecultura.cl\/wp-content\/uploads\/2021\/12\/NOMINA_SELECCIONADOS-FN22_FESTIVALES.pdf\">Organizaci\u00f3n de Festivales, Ferias y Encuentros&nbsp;<\/a><a href=\"https:\/\/www.fondosdecultura.cl\/wp-content\/uploads\/2021\/12\/NOMINA_SELECCIONADOS-FN22_FESTIVALES.pdf\">de Fondart<\/a>, la 49 Muestra fue escogida con el segundo mejor puntaje de la selecci\u00f3n y tendr\u00e1 como tema central a los pueblos ind\u00edgenas y sus creaciones artesanales tanto tradicionales como contempor\u00e1neas.&nbsp;\u201cEsta versi\u00f3n, con la que esperamos volver definitivamente al formato presencial ha sido definida, desde su concepci\u00f3n, en modalidad h\u00edbrida. De esta forma, esperamos capitalizar todos los aprendizajes que nos han dejado las continuas transformaciones que ha experimentado el evento durante los \u00faltimos a\u00f1os afianzando su sostenibilidad y aumentando su impacto\u201d, explica Elena Alfaro, directora del Programa de Artesan\u00eda UC y acad\u00e9mica de la Escuela.<\/p>\n\n\n\n<p>En 2021 la Muestra de Artesan\u00eda UC organiz\u00f3 en su versi\u00f3n 48, una actividad en tres tiempos, con una venta online, una Muestra presencial en el Campus Oriente, con actividades y talleres y una exhibici\u00f3n de ornamentos corporales que se llevar\u00e1 a cabo durante enero en la comuna de Huechuraba.<\/p>\n\n\n\n<figure class=\"wp-block-image size-full\"><img decoding=\"async\" width=\"750\" height=\"538\" src=\"https:\/\/fadeu.urantiacos.cl\/wp-content\/uploads\/2023\/09\/28-Muestra-Artesania-UC-vista1CO.jpeg\" alt=\"\" class=\"wp-image-5670\" srcset=\"https:\/\/fadeu.urantiacos.cl\/wp-content\/uploads\/2023\/09\/28-Muestra-Artesania-UC-vista1CO.jpeg 750w, https:\/\/fadeu.urantiacos.cl\/wp-content\/uploads\/2023\/09\/28-Muestra-Artesania-UC-vista1CO-300x215.jpeg 300w\" sizes=\"(max-width: 750px) 100vw, 750px\" \/><\/figure>\n\n\n\n<figure class=\"wp-block-image size-full\"><img decoding=\"async\" width=\"750\" height=\"548\" src=\"https:\/\/fadeu.urantiacos.cl\/wp-content\/uploads\/2023\/09\/28-Muestra-ArtesaniaUC-vista-CO2.jpeg\" alt=\"\" class=\"wp-image-5671\" srcset=\"https:\/\/fadeu.urantiacos.cl\/wp-content\/uploads\/2023\/09\/28-Muestra-ArtesaniaUC-vista-CO2.jpeg 750w, https:\/\/fadeu.urantiacos.cl\/wp-content\/uploads\/2023\/09\/28-Muestra-ArtesaniaUC-vista-CO2-300x219.jpeg 300w\" sizes=\"(max-width: 750px) 100vw, 750px\" \/><\/figure>\n\n\n\n<figure class=\"wp-block-image size-large\"><img decoding=\"async\" width=\"1024\" height=\"770\" src=\"https:\/\/fadeu.urantiacos.cl\/wp-content\/uploads\/2023\/09\/48-MA-vista-CO-4-1024x770.jpeg\" alt=\"\" class=\"wp-image-5672\" srcset=\"https:\/\/fadeu.urantiacos.cl\/wp-content\/uploads\/2023\/09\/48-MA-vista-CO-4-1024x770.jpeg 1024w, https:\/\/fadeu.urantiacos.cl\/wp-content\/uploads\/2023\/09\/48-MA-vista-CO-4-300x226.jpeg 300w, https:\/\/fadeu.urantiacos.cl\/wp-content\/uploads\/2023\/09\/48-MA-vista-CO-4-768x578.jpeg 768w, https:\/\/fadeu.urantiacos.cl\/wp-content\/uploads\/2023\/09\/48-MA-vista-CO-4.jpeg 1440w\" sizes=\"(max-width: 1024px) 100vw, 1024px\" \/><\/figure>\n\n\n\n<ul class=\"wp-block-list\">\n<li>INFORMACI\u00d3N PERIOD\u00cdSTICA&nbsp;<br>ESCUELA DE DISE\u00d1O UC&nbsp;<\/li>\n<\/ul>\n","protected":false},"excerpt":{"rendered":"<p>El Ministerio de las Culturas, las Artes y el Patrimonio dio a conocer los primeros resultados del proceso de selecci\u00f3n de los Fondos Cultura 2022 y un a\u00f1o m\u00e1s, el Programa de Artesan\u00eda UC, encabezado por la docente Elena Alfaro, se adjudic\u00f3 fondos para la realizaci\u00f3n de la 49 Muestra de Artesan\u00eda UC.<\/p>\n","protected":false},"author":1,"featured_media":5669,"comment_status":"open","ping_status":"open","sticky":false,"template":"","format":"standard","meta":{"_acf_changed":false,"footnotes":""},"categories":[1],"tags":[],"class_list":["post-5667","post","type-post","status-publish","format-standard","has-post-thumbnail","hentry","category-sin-categorizar"],"acf":[],"yoast_head":"<!-- This site is optimized with the Yoast SEO plugin v27.1.1 - https:\/\/yoast.com\/product\/yoast-seo-wordpress\/ -->\n<title>Artesan\u00eda UC se adjudica FONDART Nacional 2022 - Facultad de Arquitectura, Dise\u00f1o y Estudios Urbanos<\/title>\n<meta name=\"description\" content=\"El Ministerio de las Culturas, las Artes y el Patrimonio dio a conocer los primeros resultados del proceso de selecci\u00f3n de los Fondos Cultura 2022 y un a\u00f1o m\u00e1s, el Programa de Artesan\u00eda UC, encabezado por la docente Elena Alfaro, se adjudic\u00f3 fondos para la realizaci\u00f3n de la 49 Muestra de Artesan\u00eda UC.\" \/>\n<meta name=\"robots\" content=\"index, follow, max-snippet:-1, max-image-preview:large, max-video-preview:-1\" \/>\n<link rel=\"canonical\" href=\"https:\/\/fadeu.urantiacos.cl\/en\/2021\/12\/31\/artesania-uc-se-adjudica-fondart-nacional-2022\/\" \/>\n<meta property=\"og:locale\" content=\"en_US\" \/>\n<meta property=\"og:type\" content=\"article\" \/>\n<meta property=\"og:title\" content=\"Artesan\u00eda UC se adjudica FONDART Nacional 2022 - Facultad de Arquitectura, Dise\u00f1o y Estudios Urbanos\" \/>\n<meta property=\"og:description\" content=\"El Ministerio de las Culturas, las Artes y el Patrimonio dio a conocer los primeros resultados del proceso de selecci\u00f3n de los Fondos Cultura 2022 y un a\u00f1o m\u00e1s, el Programa de Artesan\u00eda UC, encabezado por la docente Elena Alfaro, se adjudic\u00f3 fondos para la realizaci\u00f3n de la 49 Muestra de Artesan\u00eda UC.\" \/>\n<meta property=\"og:url\" content=\"https:\/\/fadeu.urantiacos.cl\/en\/2021\/12\/31\/artesania-uc-se-adjudica-fondart-nacional-2022\/\" \/>\n<meta property=\"og:site_name\" content=\"Facultad de Arquitectura, Dise\u00f1o y Estudios Urbanos\" \/>\n<meta property=\"article:published_time\" content=\"2021-12-31T23:38:00+00:00\" \/>\n<meta property=\"article:modified_time\" content=\"2023-09-06T23:42:58+00:00\" \/>\n<meta property=\"og:image\" content=\"https:\/\/fadeu.urantiacos.cl\/wp-content\/uploads\/2023\/09\/web_28-Muestra-Artesania-UC-vista1CO.jpg\" \/>\n\t<meta property=\"og:image:width\" content=\"350\" \/>\n\t<meta property=\"og:image:height\" content=\"250\" \/>\n\t<meta property=\"og:image:type\" content=\"image\/jpeg\" \/>\n<meta name=\"author\" content=\"manadmin\" \/>\n<meta name=\"twitter:card\" content=\"summary_large_image\" \/>\n<meta name=\"twitter:label1\" content=\"Written by\" \/>\n\t<meta name=\"twitter:data1\" content=\"manadmin\" \/>\n\t<meta name=\"twitter:label2\" content=\"Est. reading time\" \/>\n\t<meta name=\"twitter:data2\" content=\"1 minute\" \/>\n<script type=\"application\/ld+json\" class=\"yoast-schema-graph\">{\"@context\":\"https:\/\/schema.org\",\"@graph\":[{\"@type\":\"Article\",\"@id\":\"https:\/\/fadeu.urantiacos.cl\/en\/2021\/12\/31\/artesania-uc-se-adjudica-fondart-nacional-2022\/#article\",\"isPartOf\":{\"@id\":\"https:\/\/fadeu.urantiacos.cl\/en\/2021\/12\/31\/artesania-uc-se-adjudica-fondart-nacional-2022\/\"},\"author\":{\"name\":\"manadmin\",\"@id\":\"https:\/\/fadeu.urantiacos.cl\/en\/#\/schema\/person\/d203e2e84b1c40275eac77b3061a19a2\"},\"headline\":\"Artesan\u00eda UC se adjudica FONDART Nacional 2022\",\"datePublished\":\"2021-12-31T23:38:00+00:00\",\"dateModified\":\"2023-09-06T23:42:58+00:00\",\"mainEntityOfPage\":{\"@id\":\"https:\/\/fadeu.urantiacos.cl\/en\/2021\/12\/31\/artesania-uc-se-adjudica-fondart-nacional-2022\/\"},\"wordCount\":188,\"commentCount\":0,\"image\":{\"@id\":\"https:\/\/fadeu.urantiacos.cl\/en\/2021\/12\/31\/artesania-uc-se-adjudica-fondart-nacional-2022\/#primaryimage\"},\"thumbnailUrl\":\"https:\/\/fadeu.urantiacos.cl\/wp-content\/uploads\/2023\/09\/web_28-Muestra-Artesania-UC-vista1CO.jpg\",\"articleSection\":[\"Sin categorizar\"],\"inLanguage\":\"en-US\",\"potentialAction\":[{\"@type\":\"CommentAction\",\"name\":\"Comment\",\"target\":[\"https:\/\/fadeu.urantiacos.cl\/en\/2021\/12\/31\/artesania-uc-se-adjudica-fondart-nacional-2022\/#respond\"]}]},{\"@type\":\"WebPage\",\"@id\":\"https:\/\/fadeu.urantiacos.cl\/en\/2021\/12\/31\/artesania-uc-se-adjudica-fondart-nacional-2022\/\",\"url\":\"https:\/\/fadeu.urantiacos.cl\/en\/2021\/12\/31\/artesania-uc-se-adjudica-fondart-nacional-2022\/\",\"name\":\"Artesan\u00eda UC se adjudica FONDART Nacional 2022 - Facultad de Arquitectura, Dise\u00f1o y Estudios Urbanos\",\"isPartOf\":{\"@id\":\"https:\/\/fadeu.urantiacos.cl\/en\/#website\"},\"primaryImageOfPage\":{\"@id\":\"https:\/\/fadeu.urantiacos.cl\/en\/2021\/12\/31\/artesania-uc-se-adjudica-fondart-nacional-2022\/#primaryimage\"},\"image\":{\"@id\":\"https:\/\/fadeu.urantiacos.cl\/en\/2021\/12\/31\/artesania-uc-se-adjudica-fondart-nacional-2022\/#primaryimage\"},\"thumbnailUrl\":\"https:\/\/fadeu.urantiacos.cl\/wp-content\/uploads\/2023\/09\/web_28-Muestra-Artesania-UC-vista1CO.jpg\",\"datePublished\":\"2021-12-31T23:38:00+00:00\",\"dateModified\":\"2023-09-06T23:42:58+00:00\",\"author\":{\"@id\":\"https:\/\/fadeu.urantiacos.cl\/en\/#\/schema\/person\/d203e2e84b1c40275eac77b3061a19a2\"},\"description\":\"El Ministerio de las Culturas, las Artes y el Patrimonio dio a conocer los primeros resultados del proceso de selecci\u00f3n de los Fondos Cultura 2022 y un a\u00f1o m\u00e1s, el Programa de Artesan\u00eda UC, encabezado por la docente Elena Alfaro, se adjudic\u00f3 fondos para la realizaci\u00f3n de la 49 Muestra de Artesan\u00eda UC.\",\"breadcrumb\":{\"@id\":\"https:\/\/fadeu.urantiacos.cl\/en\/2021\/12\/31\/artesania-uc-se-adjudica-fondart-nacional-2022\/#breadcrumb\"},\"inLanguage\":\"en-US\",\"potentialAction\":[{\"@type\":\"ReadAction\",\"target\":[\"https:\/\/fadeu.urantiacos.cl\/en\/2021\/12\/31\/artesania-uc-se-adjudica-fondart-nacional-2022\/\"]}]},{\"@type\":\"ImageObject\",\"inLanguage\":\"en-US\",\"@id\":\"https:\/\/fadeu.urantiacos.cl\/en\/2021\/12\/31\/artesania-uc-se-adjudica-fondart-nacional-2022\/#primaryimage\",\"url\":\"https:\/\/fadeu.urantiacos.cl\/wp-content\/uploads\/2023\/09\/web_28-Muestra-Artesania-UC-vista1CO.jpg\",\"contentUrl\":\"https:\/\/fadeu.urantiacos.cl\/wp-content\/uploads\/2023\/09\/web_28-Muestra-Artesania-UC-vista1CO.jpg\",\"width\":350,\"height\":250},{\"@type\":\"BreadcrumbList\",\"@id\":\"https:\/\/fadeu.urantiacos.cl\/en\/2021\/12\/31\/artesania-uc-se-adjudica-fondart-nacional-2022\/#breadcrumb\",\"itemListElement\":[{\"@type\":\"ListItem\",\"position\":1,\"name\":\"Portada\",\"item\":\"https:\/\/fadeu.urantiacos.cl\/en\/\"},{\"@type\":\"ListItem\",\"position\":2,\"name\":\"Artesan\u00eda UC se adjudica FONDART Nacional 2022\"}]},{\"@type\":\"WebSite\",\"@id\":\"https:\/\/fadeu.urantiacos.cl\/en\/#website\",\"url\":\"https:\/\/fadeu.urantiacos.cl\/en\/\",\"name\":\"Facultad de Arquitectura, Dise\u00f1o y Estudios Urbanos\",\"description\":\"Campus Lo Contador\",\"potentialAction\":[{\"@type\":\"SearchAction\",\"target\":{\"@type\":\"EntryPoint\",\"urlTemplate\":\"https:\/\/fadeu.urantiacos.cl\/en\/?s={search_term_string}\"},\"query-input\":{\"@type\":\"PropertyValueSpecification\",\"valueRequired\":true,\"valueName\":\"search_term_string\"}}],\"inLanguage\":\"en-US\"},{\"@type\":\"Person\",\"@id\":\"https:\/\/fadeu.urantiacos.cl\/en\/#\/schema\/person\/d203e2e84b1c40275eac77b3061a19a2\",\"name\":\"manadmin\",\"image\":{\"@type\":\"ImageObject\",\"inLanguage\":\"en-US\",\"@id\":\"https:\/\/fadeu.urantiacos.cl\/en\/#\/schema\/person\/image\/\",\"url\":\"https:\/\/secure.gravatar.com\/avatar\/4b1d8e3303b4a9d8968ac578947d8bc80d9aea359f388cdd4aac15cadc0e8447?s=96&d=mm&r=g\",\"contentUrl\":\"https:\/\/secure.gravatar.com\/avatar\/4b1d8e3303b4a9d8968ac578947d8bc80d9aea359f388cdd4aac15cadc0e8447?s=96&d=mm&r=g\",\"caption\":\"manadmin\"},\"sameAs\":[\"https:\/\/fadeu.urantiacos.cl\"]}]}<\/script>\n<!-- \/ Yoast SEO plugin. -->","yoast_head_json":{"title":"Artesan\u00eda UC se adjudica FONDART Nacional 2022 - Facultad de Arquitectura, Dise\u00f1o y Estudios Urbanos","description":"El Ministerio de las Culturas, las Artes y el Patrimonio dio a conocer los primeros resultados del proceso de selecci\u00f3n de los Fondos Cultura 2022 y un a\u00f1o m\u00e1s, el Programa de Artesan\u00eda UC, encabezado por la docente Elena Alfaro, se adjudic\u00f3 fondos para la realizaci\u00f3n de la 49 Muestra de Artesan\u00eda UC.","robots":{"index":"index","follow":"follow","max-snippet":"max-snippet:-1","max-image-preview":"max-image-preview:large","max-video-preview":"max-video-preview:-1"},"canonical":"https:\/\/fadeu.urantiacos.cl\/en\/2021\/12\/31\/artesania-uc-se-adjudica-fondart-nacional-2022\/","og_locale":"en_US","og_type":"article","og_title":"Artesan\u00eda UC se adjudica FONDART Nacional 2022 - Facultad de Arquitectura, Dise\u00f1o y Estudios Urbanos","og_description":"El Ministerio de las Culturas, las Artes y el Patrimonio dio a conocer los primeros resultados del proceso de selecci\u00f3n de los Fondos Cultura 2022 y un a\u00f1o m\u00e1s, el Programa de Artesan\u00eda UC, encabezado por la docente Elena Alfaro, se adjudic\u00f3 fondos para la realizaci\u00f3n de la 49 Muestra de Artesan\u00eda UC.","og_url":"https:\/\/fadeu.urantiacos.cl\/en\/2021\/12\/31\/artesania-uc-se-adjudica-fondart-nacional-2022\/","og_site_name":"Facultad de Arquitectura, Dise\u00f1o y Estudios Urbanos","article_published_time":"2021-12-31T23:38:00+00:00","article_modified_time":"2023-09-06T23:42:58+00:00","og_image":[{"width":350,"height":250,"url":"https:\/\/fadeu.urantiacos.cl\/wp-content\/uploads\/2023\/09\/web_28-Muestra-Artesania-UC-vista1CO.jpg","type":"image\/jpeg"}],"author":"manadmin","twitter_card":"summary_large_image","twitter_misc":{"Written by":"manadmin","Est. reading time":"1 minute"},"schema":{"@context":"https:\/\/schema.org","@graph":[{"@type":"Article","@id":"https:\/\/fadeu.urantiacos.cl\/en\/2021\/12\/31\/artesania-uc-se-adjudica-fondart-nacional-2022\/#article","isPartOf":{"@id":"https:\/\/fadeu.urantiacos.cl\/en\/2021\/12\/31\/artesania-uc-se-adjudica-fondart-nacional-2022\/"},"author":{"name":"manadmin","@id":"https:\/\/fadeu.urantiacos.cl\/en\/#\/schema\/person\/d203e2e84b1c40275eac77b3061a19a2"},"headline":"Artesan\u00eda UC se adjudica FONDART Nacional 2022","datePublished":"2021-12-31T23:38:00+00:00","dateModified":"2023-09-06T23:42:58+00:00","mainEntityOfPage":{"@id":"https:\/\/fadeu.urantiacos.cl\/en\/2021\/12\/31\/artesania-uc-se-adjudica-fondart-nacional-2022\/"},"wordCount":188,"commentCount":0,"image":{"@id":"https:\/\/fadeu.urantiacos.cl\/en\/2021\/12\/31\/artesania-uc-se-adjudica-fondart-nacional-2022\/#primaryimage"},"thumbnailUrl":"https:\/\/fadeu.urantiacos.cl\/wp-content\/uploads\/2023\/09\/web_28-Muestra-Artesania-UC-vista1CO.jpg","articleSection":["Sin categorizar"],"inLanguage":"en-US","potentialAction":[{"@type":"CommentAction","name":"Comment","target":["https:\/\/fadeu.urantiacos.cl\/en\/2021\/12\/31\/artesania-uc-se-adjudica-fondart-nacional-2022\/#respond"]}]},{"@type":"WebPage","@id":"https:\/\/fadeu.urantiacos.cl\/en\/2021\/12\/31\/artesania-uc-se-adjudica-fondart-nacional-2022\/","url":"https:\/\/fadeu.urantiacos.cl\/en\/2021\/12\/31\/artesania-uc-se-adjudica-fondart-nacional-2022\/","name":"Artesan\u00eda UC se adjudica FONDART Nacional 2022 - Facultad de Arquitectura, Dise\u00f1o y Estudios Urbanos","isPartOf":{"@id":"https:\/\/fadeu.urantiacos.cl\/en\/#website"},"primaryImageOfPage":{"@id":"https:\/\/fadeu.urantiacos.cl\/en\/2021\/12\/31\/artesania-uc-se-adjudica-fondart-nacional-2022\/#primaryimage"},"image":{"@id":"https:\/\/fadeu.urantiacos.cl\/en\/2021\/12\/31\/artesania-uc-se-adjudica-fondart-nacional-2022\/#primaryimage"},"thumbnailUrl":"https:\/\/fadeu.urantiacos.cl\/wp-content\/uploads\/2023\/09\/web_28-Muestra-Artesania-UC-vista1CO.jpg","datePublished":"2021-12-31T23:38:00+00:00","dateModified":"2023-09-06T23:42:58+00:00","author":{"@id":"https:\/\/fadeu.urantiacos.cl\/en\/#\/schema\/person\/d203e2e84b1c40275eac77b3061a19a2"},"description":"El Ministerio de las Culturas, las Artes y el Patrimonio dio a conocer los primeros resultados del proceso de selecci\u00f3n de los Fondos Cultura 2022 y un a\u00f1o m\u00e1s, el Programa de Artesan\u00eda UC, encabezado por la docente Elena Alfaro, se adjudic\u00f3 fondos para la realizaci\u00f3n de la 49 Muestra de Artesan\u00eda UC.","breadcrumb":{"@id":"https:\/\/fadeu.urantiacos.cl\/en\/2021\/12\/31\/artesania-uc-se-adjudica-fondart-nacional-2022\/#breadcrumb"},"inLanguage":"en-US","potentialAction":[{"@type":"ReadAction","target":["https:\/\/fadeu.urantiacos.cl\/en\/2021\/12\/31\/artesania-uc-se-adjudica-fondart-nacional-2022\/"]}]},{"@type":"ImageObject","inLanguage":"en-US","@id":"https:\/\/fadeu.urantiacos.cl\/en\/2021\/12\/31\/artesania-uc-se-adjudica-fondart-nacional-2022\/#primaryimage","url":"https:\/\/fadeu.urantiacos.cl\/wp-content\/uploads\/2023\/09\/web_28-Muestra-Artesania-UC-vista1CO.jpg","contentUrl":"https:\/\/fadeu.urantiacos.cl\/wp-content\/uploads\/2023\/09\/web_28-Muestra-Artesania-UC-vista1CO.jpg","width":350,"height":250},{"@type":"BreadcrumbList","@id":"https:\/\/fadeu.urantiacos.cl\/en\/2021\/12\/31\/artesania-uc-se-adjudica-fondart-nacional-2022\/#breadcrumb","itemListElement":[{"@type":"ListItem","position":1,"name":"Portada","item":"https:\/\/fadeu.urantiacos.cl\/en\/"},{"@type":"ListItem","position":2,"name":"Artesan\u00eda UC se adjudica FONDART Nacional 2022"}]},{"@type":"WebSite","@id":"https:\/\/fadeu.urantiacos.cl\/en\/#website","url":"https:\/\/fadeu.urantiacos.cl\/en\/","name":"Facultad de Arquitectura, Dise\u00f1o y Estudios Urbanos","description":"Campus Lo Contador","potentialAction":[{"@type":"SearchAction","target":{"@type":"EntryPoint","urlTemplate":"https:\/\/fadeu.urantiacos.cl\/en\/?s={search_term_string}"},"query-input":{"@type":"PropertyValueSpecification","valueRequired":true,"valueName":"search_term_string"}}],"inLanguage":"en-US"},{"@type":"Person","@id":"https:\/\/fadeu.urantiacos.cl\/en\/#\/schema\/person\/d203e2e84b1c40275eac77b3061a19a2","name":"manadmin","image":{"@type":"ImageObject","inLanguage":"en-US","@id":"https:\/\/fadeu.urantiacos.cl\/en\/#\/schema\/person\/image\/","url":"https:\/\/secure.gravatar.com\/avatar\/4b1d8e3303b4a9d8968ac578947d8bc80d9aea359f388cdd4aac15cadc0e8447?s=96&d=mm&r=g","contentUrl":"https:\/\/secure.gravatar.com\/avatar\/4b1d8e3303b4a9d8968ac578947d8bc80d9aea359f388cdd4aac15cadc0e8447?s=96&d=mm&r=g","caption":"manadmin"},"sameAs":["https:\/\/fadeu.urantiacos.cl"]}]}},"_links":{"self":[{"href":"https:\/\/fadeu.urantiacos.cl\/en\/wp-json\/wp\/v2\/posts\/5667","targetHints":{"allow":["GET"]}}],"collection":[{"href":"https:\/\/fadeu.urantiacos.cl\/en\/wp-json\/wp\/v2\/posts"}],"about":[{"href":"https:\/\/fadeu.urantiacos.cl\/en\/wp-json\/wp\/v2\/types\/post"}],"author":[{"embeddable":true,"href":"https:\/\/fadeu.urantiacos.cl\/en\/wp-json\/wp\/v2\/users\/1"}],"replies":[{"embeddable":true,"href":"https:\/\/fadeu.urantiacos.cl\/en\/wp-json\/wp\/v2\/comments?post=5667"}],"version-history":[{"count":1,"href":"https:\/\/fadeu.urantiacos.cl\/en\/wp-json\/wp\/v2\/posts\/5667\/revisions"}],"predecessor-version":[{"id":5673,"href":"https:\/\/fadeu.urantiacos.cl\/en\/wp-json\/wp\/v2\/posts\/5667\/revisions\/5673"}],"wp:featuredmedia":[{"embeddable":true,"href":"https:\/\/fadeu.urantiacos.cl\/en\/wp-json\/wp\/v2\/media\/5669"}],"wp:attachment":[{"href":"https:\/\/fadeu.urantiacos.cl\/en\/wp-json\/wp\/v2\/media?parent=5667"}],"wp:term":[{"taxonomy":"category","embeddable":true,"href":"https:\/\/fadeu.urantiacos.cl\/en\/wp-json\/wp\/v2\/categories?post=5667"},{"taxonomy":"post_tag","embeddable":true,"href":"https:\/\/fadeu.urantiacos.cl\/en\/wp-json\/wp\/v2\/tags?post=5667"}],"curies":[{"name":"wp","href":"https:\/\/api.w.org\/{rel}","templated":true}]}}