{"id":5659,"date":"2022-01-03T20:33:00","date_gmt":"2022-01-03T23:33:00","guid":{"rendered":"https:\/\/fadeu.urantiacos.cl\/?p=5659"},"modified":"2023-09-06T20:35:32","modified_gmt":"2023-09-06T23:35:32","slug":"fondecyt-de-iniciacion-y-posdoc-son-adjudicados-por-profesores-fadeu","status":"publish","type":"post","link":"https:\/\/fadeu.urantiacos.cl\/en\/2022\/01\/03\/fondecyt-de-iniciacion-y-posdoc-son-adjudicados-por-profesores-fadeu\/","title":{"rendered":"Fondecyt de Iniciaci\u00f3n y Posdoc son adjudicados por profesores FADEU"},"content":{"rendered":"\n<figure class=\"wp-block-image size-full\"><img decoding=\"async\" width=\"350\" height=\"250\" src=\"https:\/\/fadeu.urantiacos.cl\/wp-content\/uploads\/2023\/09\/Boletin_Noticias_FONDECYT.png\" alt=\"\" class=\"wp-image-5660\" srcset=\"https:\/\/fadeu.urantiacos.cl\/wp-content\/uploads\/2023\/09\/Boletin_Noticias_FONDECYT.png 350w, https:\/\/fadeu.urantiacos.cl\/wp-content\/uploads\/2023\/09\/Boletin_Noticias_FONDECYT-300x214.png 300w\" sizes=\"(max-width: 350px) 100vw, 350px\" \/><\/figure>\n\n\n\n<p>Los profesores son:<\/p>\n\n\n\n<ol class=\"wp-block-list\">\n<li>(Fondecyt Iniciaci\u00f3n) Alejandra Celed\u00f3n (escuela de Arquitectura) con el proyecto titulado \u201cSantiago microcosmos: los interiores hist\u00f3ricos de la ciudad como archivo de su esfera p\u00fablica&#8221;.<br><\/li>\n\n\n\n<li>(Fondecyt Iniciaci\u00f3n) Giovanni Vecchio (Instituto de Estudios Urbanos y Territoriales), con el proyecto titulado &#8220;The place of urban ageing: a multiscale approach on the activity space of older people in Santiago, Chile\u201d.<br><\/li>\n\n\n\n<li>(Fondecyt Iniciaci\u00f3n) Ricardo Truffello (Instituto de Estudios Urbanos y Territoriales \u2013 Observatorio de Ciudades UC), con el proyecto titulado &#8220;Inclusi\u00f3n del espacio geogr\u00e1fico en dise\u00f1os muestrales: aplicaci\u00f3n de un muestreo espacializado para la reducci\u00f3n de incertidumbre en la encuesta CASEN\u201d.<br><\/li>\n\n\n\n<li>POSDOC) Felipe Irarr\u00e1zaval (investigador del Instituto de Estudios Urbanos y Territoriales) con el proyecto patrocinado por la profesora Caroline Stamm: \u201cUrbanizaci\u00f3n carbono-neutral: La ecolog\u00eda pol\u00edtica urbana de las ciudades bajas en carbono\u201d<\/li>\n<\/ol>\n\n\n\n<p>La Facultad de Arquitectura, Dise\u00f1o y Estudios Urbanos, a trav\u00e9s del Decanato, reconoce y valora el valioso aporte que el nuevo conocimiento generar\u00e1 en la comunidad cient\u00edfica nacional e internacional, y conf\u00eda en que su impacto traspase las fronteras acad\u00e9micas y pueda ser utilizado como insumo para decisiones de pol\u00edtica p\u00fablica.<\/p>\n\n\n\n<p>Si quieres conocer m\u00e1s detalles de este y otros proyectos, adem\u00e1s de las modalidades de postulaci\u00f3n, puedes visitar el sitio web de la Agencia Nacional de Investigaci\u00f3n y Desarrollo (ANID) en el siguiente link:&nbsp;<a href=\"https:\/\/www.anid.cl\/\">https:\/\/www.anid.cl\/<\/a><\/p>\n","protected":false},"excerpt":{"rendered":"<p>Profesores e investigadores del Instituto de Estudios Urbanos y Territoriales y de la escuela de Arquitectura se adjudicaron proyectos Fondecyt de Iniciaci\u00f3n y tambi\u00e9n un proyecto para Posdoc, iniciativas destinadas a acad\u00e9micos\/as que hayan terminado recientemente sus estudios de Doctorado.<\/p>\n","protected":false},"author":1,"featured_media":5660,"comment_status":"open","ping_status":"open","sticky":false,"template":"","format":"standard","meta":{"_acf_changed":false,"footnotes":""},"categories":[1],"tags":[],"class_list":["post-5659","post","type-post","status-publish","format-standard","has-post-thumbnail","hentry","category-sin-categorizar"],"acf":[],"yoast_head":"<!-- This site is optimized with the Yoast SEO plugin v27.1.1 - https:\/\/yoast.com\/product\/yoast-seo-wordpress\/ -->\n<title>Fondecyt de Iniciaci\u00f3n y Posdoc son adjudicados por profesores FADEU - Facultad de Arquitectura, Dise\u00f1o y Estudios Urbanos<\/title>\n<meta name=\"description\" content=\"Profesores e investigadores del Instituto de Estudios Urbanos y Territoriales y de la escuela de Arquitectura se adjudicaron proyectos Fondecyt de Iniciaci\u00f3n y tambi\u00e9n un proyecto para Posdoc, iniciativas destinadas a acad\u00e9micos\/as que hayan terminado recientemente sus estudios de Doctorado.\" \/>\n<meta name=\"robots\" content=\"index, follow, max-snippet:-1, max-image-preview:large, max-video-preview:-1\" \/>\n<link rel=\"canonical\" href=\"https:\/\/fadeu.urantiacos.cl\/en\/2022\/01\/03\/fondecyt-de-iniciacion-y-posdoc-son-adjudicados-por-profesores-fadeu\/\" \/>\n<meta property=\"og:locale\" content=\"en_US\" \/>\n<meta property=\"og:type\" content=\"article\" \/>\n<meta property=\"og:title\" content=\"Fondecyt de Iniciaci\u00f3n y Posdoc son adjudicados por profesores FADEU - Facultad de Arquitectura, Dise\u00f1o y Estudios Urbanos\" \/>\n<meta property=\"og:description\" content=\"Profesores e investigadores del Instituto de Estudios Urbanos y Territoriales y de la escuela de Arquitectura se adjudicaron proyectos Fondecyt de Iniciaci\u00f3n y tambi\u00e9n un proyecto para Posdoc, iniciativas destinadas a acad\u00e9micos\/as que hayan terminado recientemente sus estudios de Doctorado.\" \/>\n<meta property=\"og:url\" content=\"https:\/\/fadeu.urantiacos.cl\/en\/2022\/01\/03\/fondecyt-de-iniciacion-y-posdoc-son-adjudicados-por-profesores-fadeu\/\" \/>\n<meta property=\"og:site_name\" content=\"Facultad de Arquitectura, Dise\u00f1o y Estudios Urbanos\" \/>\n<meta property=\"article:published_time\" content=\"2022-01-03T23:33:00+00:00\" \/>\n<meta property=\"article:modified_time\" content=\"2023-09-06T23:35:32+00:00\" \/>\n<meta property=\"og:image\" content=\"https:\/\/fadeu.urantiacos.cl\/wp-content\/uploads\/2023\/09\/Boletin_Noticias_FONDECYT.png\" \/>\n\t<meta property=\"og:image:width\" content=\"350\" \/>\n\t<meta property=\"og:image:height\" content=\"250\" \/>\n\t<meta property=\"og:image:type\" content=\"image\/png\" \/>\n<meta name=\"author\" content=\"manadmin\" \/>\n<meta name=\"twitter:card\" content=\"summary_large_image\" \/>\n<meta name=\"twitter:label1\" content=\"Written by\" \/>\n\t<meta name=\"twitter:data1\" content=\"manadmin\" \/>\n\t<meta name=\"twitter:label2\" content=\"Est. reading time\" \/>\n\t<meta name=\"twitter:data2\" content=\"1 minute\" \/>\n<script type=\"application\/ld+json\" class=\"yoast-schema-graph\">{\"@context\":\"https:\/\/schema.org\",\"@graph\":[{\"@type\":\"Article\",\"@id\":\"https:\/\/fadeu.urantiacos.cl\/en\/2022\/01\/03\/fondecyt-de-iniciacion-y-posdoc-son-adjudicados-por-profesores-fadeu\/#article\",\"isPartOf\":{\"@id\":\"https:\/\/fadeu.urantiacos.cl\/en\/2022\/01\/03\/fondecyt-de-iniciacion-y-posdoc-son-adjudicados-por-profesores-fadeu\/\"},\"author\":{\"name\":\"manadmin\",\"@id\":\"https:\/\/fadeu.urantiacos.cl\/en\/#\/schema\/person\/d203e2e84b1c40275eac77b3061a19a2\"},\"headline\":\"Fondecyt de Iniciaci\u00f3n y Posdoc son adjudicados por profesores FADEU\",\"datePublished\":\"2022-01-03T23:33:00+00:00\",\"dateModified\":\"2023-09-06T23:35:32+00:00\",\"mainEntityOfPage\":{\"@id\":\"https:\/\/fadeu.urantiacos.cl\/en\/2022\/01\/03\/fondecyt-de-iniciacion-y-posdoc-son-adjudicados-por-profesores-fadeu\/\"},\"wordCount\":258,\"commentCount\":0,\"image\":{\"@id\":\"https:\/\/fadeu.urantiacos.cl\/en\/2022\/01\/03\/fondecyt-de-iniciacion-y-posdoc-son-adjudicados-por-profesores-fadeu\/#primaryimage\"},\"thumbnailUrl\":\"https:\/\/fadeu.urantiacos.cl\/wp-content\/uploads\/2023\/09\/Boletin_Noticias_FONDECYT.png\",\"articleSection\":[\"Sin categorizar\"],\"inLanguage\":\"en-US\",\"potentialAction\":[{\"@type\":\"CommentAction\",\"name\":\"Comment\",\"target\":[\"https:\/\/fadeu.urantiacos.cl\/en\/2022\/01\/03\/fondecyt-de-iniciacion-y-posdoc-son-adjudicados-por-profesores-fadeu\/#respond\"]}]},{\"@type\":\"WebPage\",\"@id\":\"https:\/\/fadeu.urantiacos.cl\/en\/2022\/01\/03\/fondecyt-de-iniciacion-y-posdoc-son-adjudicados-por-profesores-fadeu\/\",\"url\":\"https:\/\/fadeu.urantiacos.cl\/en\/2022\/01\/03\/fondecyt-de-iniciacion-y-posdoc-son-adjudicados-por-profesores-fadeu\/\",\"name\":\"Fondecyt de Iniciaci\u00f3n y Posdoc son adjudicados por profesores FADEU - Facultad de Arquitectura, Dise\u00f1o y Estudios Urbanos\",\"isPartOf\":{\"@id\":\"https:\/\/fadeu.urantiacos.cl\/en\/#website\"},\"primaryImageOfPage\":{\"@id\":\"https:\/\/fadeu.urantiacos.cl\/en\/2022\/01\/03\/fondecyt-de-iniciacion-y-posdoc-son-adjudicados-por-profesores-fadeu\/#primaryimage\"},\"image\":{\"@id\":\"https:\/\/fadeu.urantiacos.cl\/en\/2022\/01\/03\/fondecyt-de-iniciacion-y-posdoc-son-adjudicados-por-profesores-fadeu\/#primaryimage\"},\"thumbnailUrl\":\"https:\/\/fadeu.urantiacos.cl\/wp-content\/uploads\/2023\/09\/Boletin_Noticias_FONDECYT.png\",\"datePublished\":\"2022-01-03T23:33:00+00:00\",\"dateModified\":\"2023-09-06T23:35:32+00:00\",\"author\":{\"@id\":\"https:\/\/fadeu.urantiacos.cl\/en\/#\/schema\/person\/d203e2e84b1c40275eac77b3061a19a2\"},\"description\":\"Profesores e investigadores del Instituto de Estudios Urbanos y Territoriales y de la escuela de Arquitectura se adjudicaron proyectos Fondecyt de Iniciaci\u00f3n y tambi\u00e9n un proyecto para Posdoc, iniciativas destinadas a acad\u00e9micos\/as que hayan terminado recientemente sus estudios de Doctorado.\",\"breadcrumb\":{\"@id\":\"https:\/\/fadeu.urantiacos.cl\/en\/2022\/01\/03\/fondecyt-de-iniciacion-y-posdoc-son-adjudicados-por-profesores-fadeu\/#breadcrumb\"},\"inLanguage\":\"en-US\",\"potentialAction\":[{\"@type\":\"ReadAction\",\"target\":[\"https:\/\/fadeu.urantiacos.cl\/en\/2022\/01\/03\/fondecyt-de-iniciacion-y-posdoc-son-adjudicados-por-profesores-fadeu\/\"]}]},{\"@type\":\"ImageObject\",\"inLanguage\":\"en-US\",\"@id\":\"https:\/\/fadeu.urantiacos.cl\/en\/2022\/01\/03\/fondecyt-de-iniciacion-y-posdoc-son-adjudicados-por-profesores-fadeu\/#primaryimage\",\"url\":\"https:\/\/fadeu.urantiacos.cl\/wp-content\/uploads\/2023\/09\/Boletin_Noticias_FONDECYT.png\",\"contentUrl\":\"https:\/\/fadeu.urantiacos.cl\/wp-content\/uploads\/2023\/09\/Boletin_Noticias_FONDECYT.png\",\"width\":350,\"height\":250},{\"@type\":\"BreadcrumbList\",\"@id\":\"https:\/\/fadeu.urantiacos.cl\/en\/2022\/01\/03\/fondecyt-de-iniciacion-y-posdoc-son-adjudicados-por-profesores-fadeu\/#breadcrumb\",\"itemListElement\":[{\"@type\":\"ListItem\",\"position\":1,\"name\":\"Portada\",\"item\":\"https:\/\/fadeu.urantiacos.cl\/en\/\"},{\"@type\":\"ListItem\",\"position\":2,\"name\":\"Fondecyt de Iniciaci\u00f3n y Posdoc son adjudicados por profesores FADEU\"}]},{\"@type\":\"WebSite\",\"@id\":\"https:\/\/fadeu.urantiacos.cl\/en\/#website\",\"url\":\"https:\/\/fadeu.urantiacos.cl\/en\/\",\"name\":\"Facultad de Arquitectura, Dise\u00f1o y Estudios Urbanos\",\"description\":\"Campus Lo Contador\",\"potentialAction\":[{\"@type\":\"SearchAction\",\"target\":{\"@type\":\"EntryPoint\",\"urlTemplate\":\"https:\/\/fadeu.urantiacos.cl\/en\/?s={search_term_string}\"},\"query-input\":{\"@type\":\"PropertyValueSpecification\",\"valueRequired\":true,\"valueName\":\"search_term_string\"}}],\"inLanguage\":\"en-US\"},{\"@type\":\"Person\",\"@id\":\"https:\/\/fadeu.urantiacos.cl\/en\/#\/schema\/person\/d203e2e84b1c40275eac77b3061a19a2\",\"name\":\"manadmin\",\"image\":{\"@type\":\"ImageObject\",\"inLanguage\":\"en-US\",\"@id\":\"https:\/\/fadeu.urantiacos.cl\/en\/#\/schema\/person\/image\/\",\"url\":\"https:\/\/secure.gravatar.com\/avatar\/4b1d8e3303b4a9d8968ac578947d8bc80d9aea359f388cdd4aac15cadc0e8447?s=96&d=mm&r=g\",\"contentUrl\":\"https:\/\/secure.gravatar.com\/avatar\/4b1d8e3303b4a9d8968ac578947d8bc80d9aea359f388cdd4aac15cadc0e8447?s=96&d=mm&r=g\",\"caption\":\"manadmin\"},\"sameAs\":[\"https:\/\/fadeu.urantiacos.cl\"]}]}<\/script>\n<!-- \/ Yoast SEO plugin. -->","yoast_head_json":{"title":"Fondecyt de Iniciaci\u00f3n y Posdoc son adjudicados por profesores FADEU - Facultad de Arquitectura, Dise\u00f1o y Estudios Urbanos","description":"Profesores e investigadores del Instituto de Estudios Urbanos y Territoriales y de la escuela de Arquitectura se adjudicaron proyectos Fondecyt de Iniciaci\u00f3n y tambi\u00e9n un proyecto para Posdoc, iniciativas destinadas a acad\u00e9micos\/as que hayan terminado recientemente sus estudios de Doctorado.","robots":{"index":"index","follow":"follow","max-snippet":"max-snippet:-1","max-image-preview":"max-image-preview:large","max-video-preview":"max-video-preview:-1"},"canonical":"https:\/\/fadeu.urantiacos.cl\/en\/2022\/01\/03\/fondecyt-de-iniciacion-y-posdoc-son-adjudicados-por-profesores-fadeu\/","og_locale":"en_US","og_type":"article","og_title":"Fondecyt de Iniciaci\u00f3n y Posdoc son adjudicados por profesores FADEU - Facultad de Arquitectura, Dise\u00f1o y Estudios Urbanos","og_description":"Profesores e investigadores del Instituto de Estudios Urbanos y Territoriales y de la escuela de Arquitectura se adjudicaron proyectos Fondecyt de Iniciaci\u00f3n y tambi\u00e9n un proyecto para Posdoc, iniciativas destinadas a acad\u00e9micos\/as que hayan terminado recientemente sus estudios de Doctorado.","og_url":"https:\/\/fadeu.urantiacos.cl\/en\/2022\/01\/03\/fondecyt-de-iniciacion-y-posdoc-son-adjudicados-por-profesores-fadeu\/","og_site_name":"Facultad de Arquitectura, Dise\u00f1o y Estudios Urbanos","article_published_time":"2022-01-03T23:33:00+00:00","article_modified_time":"2023-09-06T23:35:32+00:00","og_image":[{"width":350,"height":250,"url":"https:\/\/fadeu.urantiacos.cl\/wp-content\/uploads\/2023\/09\/Boletin_Noticias_FONDECYT.png","type":"image\/png"}],"author":"manadmin","twitter_card":"summary_large_image","twitter_misc":{"Written by":"manadmin","Est. reading time":"1 minute"},"schema":{"@context":"https:\/\/schema.org","@graph":[{"@type":"Article","@id":"https:\/\/fadeu.urantiacos.cl\/en\/2022\/01\/03\/fondecyt-de-iniciacion-y-posdoc-son-adjudicados-por-profesores-fadeu\/#article","isPartOf":{"@id":"https:\/\/fadeu.urantiacos.cl\/en\/2022\/01\/03\/fondecyt-de-iniciacion-y-posdoc-son-adjudicados-por-profesores-fadeu\/"},"author":{"name":"manadmin","@id":"https:\/\/fadeu.urantiacos.cl\/en\/#\/schema\/person\/d203e2e84b1c40275eac77b3061a19a2"},"headline":"Fondecyt de Iniciaci\u00f3n y Posdoc son adjudicados por profesores FADEU","datePublished":"2022-01-03T23:33:00+00:00","dateModified":"2023-09-06T23:35:32+00:00","mainEntityOfPage":{"@id":"https:\/\/fadeu.urantiacos.cl\/en\/2022\/01\/03\/fondecyt-de-iniciacion-y-posdoc-son-adjudicados-por-profesores-fadeu\/"},"wordCount":258,"commentCount":0,"image":{"@id":"https:\/\/fadeu.urantiacos.cl\/en\/2022\/01\/03\/fondecyt-de-iniciacion-y-posdoc-son-adjudicados-por-profesores-fadeu\/#primaryimage"},"thumbnailUrl":"https:\/\/fadeu.urantiacos.cl\/wp-content\/uploads\/2023\/09\/Boletin_Noticias_FONDECYT.png","articleSection":["Sin categorizar"],"inLanguage":"en-US","potentialAction":[{"@type":"CommentAction","name":"Comment","target":["https:\/\/fadeu.urantiacos.cl\/en\/2022\/01\/03\/fondecyt-de-iniciacion-y-posdoc-son-adjudicados-por-profesores-fadeu\/#respond"]}]},{"@type":"WebPage","@id":"https:\/\/fadeu.urantiacos.cl\/en\/2022\/01\/03\/fondecyt-de-iniciacion-y-posdoc-son-adjudicados-por-profesores-fadeu\/","url":"https:\/\/fadeu.urantiacos.cl\/en\/2022\/01\/03\/fondecyt-de-iniciacion-y-posdoc-son-adjudicados-por-profesores-fadeu\/","name":"Fondecyt de Iniciaci\u00f3n y Posdoc son adjudicados por profesores FADEU - Facultad de Arquitectura, Dise\u00f1o y Estudios Urbanos","isPartOf":{"@id":"https:\/\/fadeu.urantiacos.cl\/en\/#website"},"primaryImageOfPage":{"@id":"https:\/\/fadeu.urantiacos.cl\/en\/2022\/01\/03\/fondecyt-de-iniciacion-y-posdoc-son-adjudicados-por-profesores-fadeu\/#primaryimage"},"image":{"@id":"https:\/\/fadeu.urantiacos.cl\/en\/2022\/01\/03\/fondecyt-de-iniciacion-y-posdoc-son-adjudicados-por-profesores-fadeu\/#primaryimage"},"thumbnailUrl":"https:\/\/fadeu.urantiacos.cl\/wp-content\/uploads\/2023\/09\/Boletin_Noticias_FONDECYT.png","datePublished":"2022-01-03T23:33:00+00:00","dateModified":"2023-09-06T23:35:32+00:00","author":{"@id":"https:\/\/fadeu.urantiacos.cl\/en\/#\/schema\/person\/d203e2e84b1c40275eac77b3061a19a2"},"description":"Profesores e investigadores del Instituto de Estudios Urbanos y Territoriales y de la escuela de Arquitectura se adjudicaron proyectos Fondecyt de Iniciaci\u00f3n y tambi\u00e9n un proyecto para Posdoc, iniciativas destinadas a acad\u00e9micos\/as que hayan terminado recientemente sus estudios de Doctorado.","breadcrumb":{"@id":"https:\/\/fadeu.urantiacos.cl\/en\/2022\/01\/03\/fondecyt-de-iniciacion-y-posdoc-son-adjudicados-por-profesores-fadeu\/#breadcrumb"},"inLanguage":"en-US","potentialAction":[{"@type":"ReadAction","target":["https:\/\/fadeu.urantiacos.cl\/en\/2022\/01\/03\/fondecyt-de-iniciacion-y-posdoc-son-adjudicados-por-profesores-fadeu\/"]}]},{"@type":"ImageObject","inLanguage":"en-US","@id":"https:\/\/fadeu.urantiacos.cl\/en\/2022\/01\/03\/fondecyt-de-iniciacion-y-posdoc-son-adjudicados-por-profesores-fadeu\/#primaryimage","url":"https:\/\/fadeu.urantiacos.cl\/wp-content\/uploads\/2023\/09\/Boletin_Noticias_FONDECYT.png","contentUrl":"https:\/\/fadeu.urantiacos.cl\/wp-content\/uploads\/2023\/09\/Boletin_Noticias_FONDECYT.png","width":350,"height":250},{"@type":"BreadcrumbList","@id":"https:\/\/fadeu.urantiacos.cl\/en\/2022\/01\/03\/fondecyt-de-iniciacion-y-posdoc-son-adjudicados-por-profesores-fadeu\/#breadcrumb","itemListElement":[{"@type":"ListItem","position":1,"name":"Portada","item":"https:\/\/fadeu.urantiacos.cl\/en\/"},{"@type":"ListItem","position":2,"name":"Fondecyt de Iniciaci\u00f3n y Posdoc son adjudicados por profesores FADEU"}]},{"@type":"WebSite","@id":"https:\/\/fadeu.urantiacos.cl\/en\/#website","url":"https:\/\/fadeu.urantiacos.cl\/en\/","name":"Facultad de Arquitectura, Dise\u00f1o y Estudios Urbanos","description":"Campus Lo Contador","potentialAction":[{"@type":"SearchAction","target":{"@type":"EntryPoint","urlTemplate":"https:\/\/fadeu.urantiacos.cl\/en\/?s={search_term_string}"},"query-input":{"@type":"PropertyValueSpecification","valueRequired":true,"valueName":"search_term_string"}}],"inLanguage":"en-US"},{"@type":"Person","@id":"https:\/\/fadeu.urantiacos.cl\/en\/#\/schema\/person\/d203e2e84b1c40275eac77b3061a19a2","name":"manadmin","image":{"@type":"ImageObject","inLanguage":"en-US","@id":"https:\/\/fadeu.urantiacos.cl\/en\/#\/schema\/person\/image\/","url":"https:\/\/secure.gravatar.com\/avatar\/4b1d8e3303b4a9d8968ac578947d8bc80d9aea359f388cdd4aac15cadc0e8447?s=96&d=mm&r=g","contentUrl":"https:\/\/secure.gravatar.com\/avatar\/4b1d8e3303b4a9d8968ac578947d8bc80d9aea359f388cdd4aac15cadc0e8447?s=96&d=mm&r=g","caption":"manadmin"},"sameAs":["https:\/\/fadeu.urantiacos.cl"]}]}},"_links":{"self":[{"href":"https:\/\/fadeu.urantiacos.cl\/en\/wp-json\/wp\/v2\/posts\/5659","targetHints":{"allow":["GET"]}}],"collection":[{"href":"https:\/\/fadeu.urantiacos.cl\/en\/wp-json\/wp\/v2\/posts"}],"about":[{"href":"https:\/\/fadeu.urantiacos.cl\/en\/wp-json\/wp\/v2\/types\/post"}],"author":[{"embeddable":true,"href":"https:\/\/fadeu.urantiacos.cl\/en\/wp-json\/wp\/v2\/users\/1"}],"replies":[{"embeddable":true,"href":"https:\/\/fadeu.urantiacos.cl\/en\/wp-json\/wp\/v2\/comments?post=5659"}],"version-history":[{"count":1,"href":"https:\/\/fadeu.urantiacos.cl\/en\/wp-json\/wp\/v2\/posts\/5659\/revisions"}],"predecessor-version":[{"id":5661,"href":"https:\/\/fadeu.urantiacos.cl\/en\/wp-json\/wp\/v2\/posts\/5659\/revisions\/5661"}],"wp:featuredmedia":[{"embeddable":true,"href":"https:\/\/fadeu.urantiacos.cl\/en\/wp-json\/wp\/v2\/media\/5660"}],"wp:attachment":[{"href":"https:\/\/fadeu.urantiacos.cl\/en\/wp-json\/wp\/v2\/media?parent=5659"}],"wp:term":[{"taxonomy":"category","embeddable":true,"href":"https:\/\/fadeu.urantiacos.cl\/en\/wp-json\/wp\/v2\/categories?post=5659"},{"taxonomy":"post_tag","embeddable":true,"href":"https:\/\/fadeu.urantiacos.cl\/en\/wp-json\/wp\/v2\/tags?post=5659"}],"curies":[{"name":"wp","href":"https:\/\/api.w.org\/{rel}","templated":true}]}}