{"id":5646,"date":"2022-01-06T20:26:00","date_gmt":"2022-01-06T23:26:00","guid":{"rendered":"https:\/\/fadeu.urantiacos.cl\/?p=5646"},"modified":"2023-09-06T20:28:44","modified_gmt":"2023-09-06T23:28:44","slug":"construccion-de-23-torres-elevaria-en-18-la-poblacion-de-san-miguel","status":"publish","type":"post","link":"https:\/\/fadeu.urantiacos.cl\/en\/2022\/01\/06\/construccion-de-23-torres-elevaria-en-18-la-poblacion-de-san-miguel\/","title":{"rendered":"Construcci\u00f3n de 23 torres elevar\u00eda en 18% la poblaci\u00f3n de San Miguel"},"content":{"rendered":"\n<figure class=\"wp-block-image size-full\"><img decoding=\"async\" width=\"350\" height=\"250\" src=\"https:\/\/fadeu.urantiacos.cl\/wp-content\/uploads\/2023\/09\/WEB_KOFLP6BZ5ZF3HKP52RYKMF4WWY.jpg\" alt=\"\" class=\"wp-image-5647\" srcset=\"https:\/\/fadeu.urantiacos.cl\/wp-content\/uploads\/2023\/09\/WEB_KOFLP6BZ5ZF3HKP52RYKMF4WWY.jpg 350w, https:\/\/fadeu.urantiacos.cl\/wp-content\/uploads\/2023\/09\/WEB_KOFLP6BZ5ZF3HKP52RYKMF4WWY-300x214.jpg 300w\" sizes=\"(max-width: 350px) 100vw, 350px\" \/><\/figure>\n\n\n\n<p>La Tercera destaca que un megaproyecto inmobiliario de 23 edificios ha generado fuerte oposici\u00f3n entre los vecinos de San Miguel. De acuerdo al municipio, se estima que la poblaci\u00f3n crecer\u00eda en 20.000 personas, lo que implica un alza del 18,5 % de los habitantes. Habla la acad\u00e9mica del IEUT, Magdalena Vicu\u00f1a.<\/p>\n\n\n\n<h6 class=\"wp-block-heading\">+ Revisa nota completa\u00a0<a rel=\"noreferrer noopener\" href=\"https:\/\/www.latercera.com\/nacional\/noticia\/el-megaproyecto-que-san-miguel-busca-frenar-construccion-de-23-torres-elevaria-en-18-la-poblacion-de-la-comuna\/CTUY7NRWDFAGJKSVUFN43KXK7E\/\" target=\"_blank\">aqu\u00ed.<\/a><\/h6>\n\n\n\n<figure class=\"wp-block-image size-large\"><img decoding=\"async\" width=\"874\" height=\"1024\" src=\"https:\/\/fadeu.urantiacos.cl\/wp-content\/uploads\/2023\/09\/3008879_2305883-874x1024.jpg\" alt=\"\" class=\"wp-image-5648\" srcset=\"https:\/\/fadeu.urantiacos.cl\/wp-content\/uploads\/2023\/09\/3008879_2305883-874x1024.jpg 874w, https:\/\/fadeu.urantiacos.cl\/wp-content\/uploads\/2023\/09\/3008879_2305883-256x300.jpg 256w, https:\/\/fadeu.urantiacos.cl\/wp-content\/uploads\/2023\/09\/3008879_2305883-768x900.jpg 768w, https:\/\/fadeu.urantiacos.cl\/wp-content\/uploads\/2023\/09\/3008879_2305883-1311x1536.jpg 1311w, https:\/\/fadeu.urantiacos.cl\/wp-content\/uploads\/2023\/09\/3008879_2305883.jpg 1024w\" sizes=\"(max-width: 874px) 100vw, 874px\" \/><\/figure>\n","protected":false},"excerpt":{"rendered":"<p>La Tercera destaca que un megaproyecto inmobiliario de 23 edificios ha generado fuerte oposici\u00f3n entre los vecinos de San Miguel. De acuerdo al municipio, se estima que la poblaci\u00f3n crecer\u00eda en 20.000 personas, lo que implica un alza del 18,5 % de los habitantes. Habla la acad\u00e9mica del IEUT, Magdalena Vicu\u00f1a. + Revisa nota completa\u00a0aqu\u00ed.<\/p>\n","protected":false},"author":1,"featured_media":5647,"comment_status":"open","ping_status":"open","sticky":false,"template":"","format":"standard","meta":{"_acf_changed":false,"footnotes":""},"categories":[1],"tags":[],"class_list":["post-5646","post","type-post","status-publish","format-standard","has-post-thumbnail","hentry","category-sin-categorizar"],"acf":[],"yoast_head":"<!-- This site is optimized with the Yoast SEO plugin v27.1.1 - https:\/\/yoast.com\/product\/yoast-seo-wordpress\/ -->\n<title>Construcci\u00f3n de 23 torres elevar\u00eda en 18% la poblaci\u00f3n de San Miguel - Facultad de Arquitectura, Dise\u00f1o y Estudios Urbanos<\/title>\n<meta name=\"description\" content=\"La Tercera destaca que un megaproyecto inmobiliario de 23 edificios ha generado fuerte oposici\u00f3n entre los vecinos de San Miguel. De acuerdo al municipio,\" \/>\n<meta name=\"robots\" content=\"index, follow, max-snippet:-1, max-image-preview:large, max-video-preview:-1\" \/>\n<link rel=\"canonical\" href=\"https:\/\/fadeu.urantiacos.cl\/en\/2022\/01\/06\/construccion-de-23-torres-elevaria-en-18-la-poblacion-de-san-miguel\/\" \/>\n<meta property=\"og:locale\" content=\"en_US\" \/>\n<meta property=\"og:type\" content=\"article\" \/>\n<meta property=\"og:title\" content=\"Construcci\u00f3n de 23 torres elevar\u00eda en 18% la poblaci\u00f3n de San Miguel - Facultad de Arquitectura, Dise\u00f1o y Estudios Urbanos\" \/>\n<meta property=\"og:description\" content=\"La Tercera destaca que un megaproyecto inmobiliario de 23 edificios ha generado fuerte oposici\u00f3n entre los vecinos de San Miguel. De acuerdo al municipio,\" \/>\n<meta property=\"og:url\" content=\"https:\/\/fadeu.urantiacos.cl\/en\/2022\/01\/06\/construccion-de-23-torres-elevaria-en-18-la-poblacion-de-san-miguel\/\" \/>\n<meta property=\"og:site_name\" content=\"Facultad de Arquitectura, Dise\u00f1o y Estudios Urbanos\" \/>\n<meta property=\"article:published_time\" content=\"2022-01-06T23:26:00+00:00\" \/>\n<meta property=\"article:modified_time\" content=\"2023-09-06T23:28:44+00:00\" \/>\n<meta property=\"og:image\" content=\"https:\/\/fadeu.urantiacos.cl\/wp-content\/uploads\/2023\/09\/WEB_KOFLP6BZ5ZF3HKP52RYKMF4WWY.jpg\" \/>\n\t<meta property=\"og:image:width\" content=\"350\" \/>\n\t<meta property=\"og:image:height\" content=\"250\" \/>\n\t<meta property=\"og:image:type\" content=\"image\/jpeg\" \/>\n<meta name=\"author\" content=\"manadmin\" \/>\n<meta name=\"twitter:card\" content=\"summary_large_image\" \/>\n<meta name=\"twitter:label1\" content=\"Written by\" \/>\n\t<meta name=\"twitter:data1\" content=\"manadmin\" \/>\n<script type=\"application\/ld+json\" class=\"yoast-schema-graph\">{\"@context\":\"https:\/\/schema.org\",\"@graph\":[{\"@type\":\"Article\",\"@id\":\"https:\/\/fadeu.urantiacos.cl\/en\/2022\/01\/06\/construccion-de-23-torres-elevaria-en-18-la-poblacion-de-san-miguel\/#article\",\"isPartOf\":{\"@id\":\"https:\/\/fadeu.urantiacos.cl\/en\/2022\/01\/06\/construccion-de-23-torres-elevaria-en-18-la-poblacion-de-san-miguel\/\"},\"author\":{\"name\":\"manadmin\",\"@id\":\"https:\/\/fadeu.urantiacos.cl\/en\/#\/schema\/person\/d203e2e84b1c40275eac77b3061a19a2\"},\"headline\":\"Construcci\u00f3n de 23 torres elevar\u00eda en 18% la poblaci\u00f3n de San Miguel\",\"datePublished\":\"2022-01-06T23:26:00+00:00\",\"dateModified\":\"2023-09-06T23:28:44+00:00\",\"mainEntityOfPage\":{\"@id\":\"https:\/\/fadeu.urantiacos.cl\/en\/2022\/01\/06\/construccion-de-23-torres-elevaria-en-18-la-poblacion-de-san-miguel\/\"},\"wordCount\":69,\"commentCount\":0,\"image\":{\"@id\":\"https:\/\/fadeu.urantiacos.cl\/en\/2022\/01\/06\/construccion-de-23-torres-elevaria-en-18-la-poblacion-de-san-miguel\/#primaryimage\"},\"thumbnailUrl\":\"https:\/\/fadeu.urantiacos.cl\/wp-content\/uploads\/2023\/09\/WEB_KOFLP6BZ5ZF3HKP52RYKMF4WWY.jpg\",\"articleSection\":[\"Sin categorizar\"],\"inLanguage\":\"en-US\",\"potentialAction\":[{\"@type\":\"CommentAction\",\"name\":\"Comment\",\"target\":[\"https:\/\/fadeu.urantiacos.cl\/en\/2022\/01\/06\/construccion-de-23-torres-elevaria-en-18-la-poblacion-de-san-miguel\/#respond\"]}]},{\"@type\":\"WebPage\",\"@id\":\"https:\/\/fadeu.urantiacos.cl\/en\/2022\/01\/06\/construccion-de-23-torres-elevaria-en-18-la-poblacion-de-san-miguel\/\",\"url\":\"https:\/\/fadeu.urantiacos.cl\/en\/2022\/01\/06\/construccion-de-23-torres-elevaria-en-18-la-poblacion-de-san-miguel\/\",\"name\":\"Construcci\u00f3n de 23 torres elevar\u00eda en 18% la poblaci\u00f3n de San Miguel - Facultad de Arquitectura, Dise\u00f1o y Estudios Urbanos\",\"isPartOf\":{\"@id\":\"https:\/\/fadeu.urantiacos.cl\/en\/#website\"},\"primaryImageOfPage\":{\"@id\":\"https:\/\/fadeu.urantiacos.cl\/en\/2022\/01\/06\/construccion-de-23-torres-elevaria-en-18-la-poblacion-de-san-miguel\/#primaryimage\"},\"image\":{\"@id\":\"https:\/\/fadeu.urantiacos.cl\/en\/2022\/01\/06\/construccion-de-23-torres-elevaria-en-18-la-poblacion-de-san-miguel\/#primaryimage\"},\"thumbnailUrl\":\"https:\/\/fadeu.urantiacos.cl\/wp-content\/uploads\/2023\/09\/WEB_KOFLP6BZ5ZF3HKP52RYKMF4WWY.jpg\",\"datePublished\":\"2022-01-06T23:26:00+00:00\",\"dateModified\":\"2023-09-06T23:28:44+00:00\",\"author\":{\"@id\":\"https:\/\/fadeu.urantiacos.cl\/en\/#\/schema\/person\/d203e2e84b1c40275eac77b3061a19a2\"},\"description\":\"La Tercera destaca que un megaproyecto inmobiliario de 23 edificios ha generado fuerte oposici\u00f3n entre los vecinos de San Miguel. De acuerdo al municipio,\",\"breadcrumb\":{\"@id\":\"https:\/\/fadeu.urantiacos.cl\/en\/2022\/01\/06\/construccion-de-23-torres-elevaria-en-18-la-poblacion-de-san-miguel\/#breadcrumb\"},\"inLanguage\":\"en-US\",\"potentialAction\":[{\"@type\":\"ReadAction\",\"target\":[\"https:\/\/fadeu.urantiacos.cl\/en\/2022\/01\/06\/construccion-de-23-torres-elevaria-en-18-la-poblacion-de-san-miguel\/\"]}]},{\"@type\":\"ImageObject\",\"inLanguage\":\"en-US\",\"@id\":\"https:\/\/fadeu.urantiacos.cl\/en\/2022\/01\/06\/construccion-de-23-torres-elevaria-en-18-la-poblacion-de-san-miguel\/#primaryimage\",\"url\":\"https:\/\/fadeu.urantiacos.cl\/wp-content\/uploads\/2023\/09\/WEB_KOFLP6BZ5ZF3HKP52RYKMF4WWY.jpg\",\"contentUrl\":\"https:\/\/fadeu.urantiacos.cl\/wp-content\/uploads\/2023\/09\/WEB_KOFLP6BZ5ZF3HKP52RYKMF4WWY.jpg\",\"width\":350,\"height\":250},{\"@type\":\"BreadcrumbList\",\"@id\":\"https:\/\/fadeu.urantiacos.cl\/en\/2022\/01\/06\/construccion-de-23-torres-elevaria-en-18-la-poblacion-de-san-miguel\/#breadcrumb\",\"itemListElement\":[{\"@type\":\"ListItem\",\"position\":1,\"name\":\"Portada\",\"item\":\"https:\/\/fadeu.urantiacos.cl\/en\/\"},{\"@type\":\"ListItem\",\"position\":2,\"name\":\"Construcci\u00f3n de 23 torres elevar\u00eda en 18% la poblaci\u00f3n de San Miguel\"}]},{\"@type\":\"WebSite\",\"@id\":\"https:\/\/fadeu.urantiacos.cl\/en\/#website\",\"url\":\"https:\/\/fadeu.urantiacos.cl\/en\/\",\"name\":\"Facultad de Arquitectura, Dise\u00f1o y Estudios Urbanos\",\"description\":\"Campus Lo Contador\",\"potentialAction\":[{\"@type\":\"SearchAction\",\"target\":{\"@type\":\"EntryPoint\",\"urlTemplate\":\"https:\/\/fadeu.urantiacos.cl\/en\/?s={search_term_string}\"},\"query-input\":{\"@type\":\"PropertyValueSpecification\",\"valueRequired\":true,\"valueName\":\"search_term_string\"}}],\"inLanguage\":\"en-US\"},{\"@type\":\"Person\",\"@id\":\"https:\/\/fadeu.urantiacos.cl\/en\/#\/schema\/person\/d203e2e84b1c40275eac77b3061a19a2\",\"name\":\"manadmin\",\"image\":{\"@type\":\"ImageObject\",\"inLanguage\":\"en-US\",\"@id\":\"https:\/\/fadeu.urantiacos.cl\/en\/#\/schema\/person\/image\/\",\"url\":\"https:\/\/secure.gravatar.com\/avatar\/4b1d8e3303b4a9d8968ac578947d8bc80d9aea359f388cdd4aac15cadc0e8447?s=96&d=mm&r=g\",\"contentUrl\":\"https:\/\/secure.gravatar.com\/avatar\/4b1d8e3303b4a9d8968ac578947d8bc80d9aea359f388cdd4aac15cadc0e8447?s=96&d=mm&r=g\",\"caption\":\"manadmin\"},\"sameAs\":[\"https:\/\/fadeu.urantiacos.cl\"]}]}<\/script>\n<!-- \/ Yoast SEO plugin. -->","yoast_head_json":{"title":"Construcci\u00f3n de 23 torres elevar\u00eda en 18% la poblaci\u00f3n de San Miguel - Facultad de Arquitectura, Dise\u00f1o y Estudios Urbanos","description":"La Tercera destaca que un megaproyecto inmobiliario de 23 edificios ha generado fuerte oposici\u00f3n entre los vecinos de San Miguel. De acuerdo al municipio,","robots":{"index":"index","follow":"follow","max-snippet":"max-snippet:-1","max-image-preview":"max-image-preview:large","max-video-preview":"max-video-preview:-1"},"canonical":"https:\/\/fadeu.urantiacos.cl\/en\/2022\/01\/06\/construccion-de-23-torres-elevaria-en-18-la-poblacion-de-san-miguel\/","og_locale":"en_US","og_type":"article","og_title":"Construcci\u00f3n de 23 torres elevar\u00eda en 18% la poblaci\u00f3n de San Miguel - Facultad de Arquitectura, Dise\u00f1o y Estudios Urbanos","og_description":"La Tercera destaca que un megaproyecto inmobiliario de 23 edificios ha generado fuerte oposici\u00f3n entre los vecinos de San Miguel. De acuerdo al municipio,","og_url":"https:\/\/fadeu.urantiacos.cl\/en\/2022\/01\/06\/construccion-de-23-torres-elevaria-en-18-la-poblacion-de-san-miguel\/","og_site_name":"Facultad de Arquitectura, Dise\u00f1o y Estudios Urbanos","article_published_time":"2022-01-06T23:26:00+00:00","article_modified_time":"2023-09-06T23:28:44+00:00","og_image":[{"width":350,"height":250,"url":"https:\/\/fadeu.urantiacos.cl\/wp-content\/uploads\/2023\/09\/WEB_KOFLP6BZ5ZF3HKP52RYKMF4WWY.jpg","type":"image\/jpeg"}],"author":"manadmin","twitter_card":"summary_large_image","twitter_misc":{"Written by":"manadmin"},"schema":{"@context":"https:\/\/schema.org","@graph":[{"@type":"Article","@id":"https:\/\/fadeu.urantiacos.cl\/en\/2022\/01\/06\/construccion-de-23-torres-elevaria-en-18-la-poblacion-de-san-miguel\/#article","isPartOf":{"@id":"https:\/\/fadeu.urantiacos.cl\/en\/2022\/01\/06\/construccion-de-23-torres-elevaria-en-18-la-poblacion-de-san-miguel\/"},"author":{"name":"manadmin","@id":"https:\/\/fadeu.urantiacos.cl\/en\/#\/schema\/person\/d203e2e84b1c40275eac77b3061a19a2"},"headline":"Construcci\u00f3n de 23 torres elevar\u00eda en 18% la poblaci\u00f3n de San Miguel","datePublished":"2022-01-06T23:26:00+00:00","dateModified":"2023-09-06T23:28:44+00:00","mainEntityOfPage":{"@id":"https:\/\/fadeu.urantiacos.cl\/en\/2022\/01\/06\/construccion-de-23-torres-elevaria-en-18-la-poblacion-de-san-miguel\/"},"wordCount":69,"commentCount":0,"image":{"@id":"https:\/\/fadeu.urantiacos.cl\/en\/2022\/01\/06\/construccion-de-23-torres-elevaria-en-18-la-poblacion-de-san-miguel\/#primaryimage"},"thumbnailUrl":"https:\/\/fadeu.urantiacos.cl\/wp-content\/uploads\/2023\/09\/WEB_KOFLP6BZ5ZF3HKP52RYKMF4WWY.jpg","articleSection":["Sin categorizar"],"inLanguage":"en-US","potentialAction":[{"@type":"CommentAction","name":"Comment","target":["https:\/\/fadeu.urantiacos.cl\/en\/2022\/01\/06\/construccion-de-23-torres-elevaria-en-18-la-poblacion-de-san-miguel\/#respond"]}]},{"@type":"WebPage","@id":"https:\/\/fadeu.urantiacos.cl\/en\/2022\/01\/06\/construccion-de-23-torres-elevaria-en-18-la-poblacion-de-san-miguel\/","url":"https:\/\/fadeu.urantiacos.cl\/en\/2022\/01\/06\/construccion-de-23-torres-elevaria-en-18-la-poblacion-de-san-miguel\/","name":"Construcci\u00f3n de 23 torres elevar\u00eda en 18% la poblaci\u00f3n de San Miguel - Facultad de Arquitectura, Dise\u00f1o y Estudios Urbanos","isPartOf":{"@id":"https:\/\/fadeu.urantiacos.cl\/en\/#website"},"primaryImageOfPage":{"@id":"https:\/\/fadeu.urantiacos.cl\/en\/2022\/01\/06\/construccion-de-23-torres-elevaria-en-18-la-poblacion-de-san-miguel\/#primaryimage"},"image":{"@id":"https:\/\/fadeu.urantiacos.cl\/en\/2022\/01\/06\/construccion-de-23-torres-elevaria-en-18-la-poblacion-de-san-miguel\/#primaryimage"},"thumbnailUrl":"https:\/\/fadeu.urantiacos.cl\/wp-content\/uploads\/2023\/09\/WEB_KOFLP6BZ5ZF3HKP52RYKMF4WWY.jpg","datePublished":"2022-01-06T23:26:00+00:00","dateModified":"2023-09-06T23:28:44+00:00","author":{"@id":"https:\/\/fadeu.urantiacos.cl\/en\/#\/schema\/person\/d203e2e84b1c40275eac77b3061a19a2"},"description":"La Tercera destaca que un megaproyecto inmobiliario de 23 edificios ha generado fuerte oposici\u00f3n entre los vecinos de San Miguel. De acuerdo al municipio,","breadcrumb":{"@id":"https:\/\/fadeu.urantiacos.cl\/en\/2022\/01\/06\/construccion-de-23-torres-elevaria-en-18-la-poblacion-de-san-miguel\/#breadcrumb"},"inLanguage":"en-US","potentialAction":[{"@type":"ReadAction","target":["https:\/\/fadeu.urantiacos.cl\/en\/2022\/01\/06\/construccion-de-23-torres-elevaria-en-18-la-poblacion-de-san-miguel\/"]}]},{"@type":"ImageObject","inLanguage":"en-US","@id":"https:\/\/fadeu.urantiacos.cl\/en\/2022\/01\/06\/construccion-de-23-torres-elevaria-en-18-la-poblacion-de-san-miguel\/#primaryimage","url":"https:\/\/fadeu.urantiacos.cl\/wp-content\/uploads\/2023\/09\/WEB_KOFLP6BZ5ZF3HKP52RYKMF4WWY.jpg","contentUrl":"https:\/\/fadeu.urantiacos.cl\/wp-content\/uploads\/2023\/09\/WEB_KOFLP6BZ5ZF3HKP52RYKMF4WWY.jpg","width":350,"height":250},{"@type":"BreadcrumbList","@id":"https:\/\/fadeu.urantiacos.cl\/en\/2022\/01\/06\/construccion-de-23-torres-elevaria-en-18-la-poblacion-de-san-miguel\/#breadcrumb","itemListElement":[{"@type":"ListItem","position":1,"name":"Portada","item":"https:\/\/fadeu.urantiacos.cl\/en\/"},{"@type":"ListItem","position":2,"name":"Construcci\u00f3n de 23 torres elevar\u00eda en 18% la poblaci\u00f3n de San Miguel"}]},{"@type":"WebSite","@id":"https:\/\/fadeu.urantiacos.cl\/en\/#website","url":"https:\/\/fadeu.urantiacos.cl\/en\/","name":"Facultad de Arquitectura, Dise\u00f1o y Estudios Urbanos","description":"Campus Lo Contador","potentialAction":[{"@type":"SearchAction","target":{"@type":"EntryPoint","urlTemplate":"https:\/\/fadeu.urantiacos.cl\/en\/?s={search_term_string}"},"query-input":{"@type":"PropertyValueSpecification","valueRequired":true,"valueName":"search_term_string"}}],"inLanguage":"en-US"},{"@type":"Person","@id":"https:\/\/fadeu.urantiacos.cl\/en\/#\/schema\/person\/d203e2e84b1c40275eac77b3061a19a2","name":"manadmin","image":{"@type":"ImageObject","inLanguage":"en-US","@id":"https:\/\/fadeu.urantiacos.cl\/en\/#\/schema\/person\/image\/","url":"https:\/\/secure.gravatar.com\/avatar\/4b1d8e3303b4a9d8968ac578947d8bc80d9aea359f388cdd4aac15cadc0e8447?s=96&d=mm&r=g","contentUrl":"https:\/\/secure.gravatar.com\/avatar\/4b1d8e3303b4a9d8968ac578947d8bc80d9aea359f388cdd4aac15cadc0e8447?s=96&d=mm&r=g","caption":"manadmin"},"sameAs":["https:\/\/fadeu.urantiacos.cl"]}]}},"_links":{"self":[{"href":"https:\/\/fadeu.urantiacos.cl\/en\/wp-json\/wp\/v2\/posts\/5646","targetHints":{"allow":["GET"]}}],"collection":[{"href":"https:\/\/fadeu.urantiacos.cl\/en\/wp-json\/wp\/v2\/posts"}],"about":[{"href":"https:\/\/fadeu.urantiacos.cl\/en\/wp-json\/wp\/v2\/types\/post"}],"author":[{"embeddable":true,"href":"https:\/\/fadeu.urantiacos.cl\/en\/wp-json\/wp\/v2\/users\/1"}],"replies":[{"embeddable":true,"href":"https:\/\/fadeu.urantiacos.cl\/en\/wp-json\/wp\/v2\/comments?post=5646"}],"version-history":[{"count":1,"href":"https:\/\/fadeu.urantiacos.cl\/en\/wp-json\/wp\/v2\/posts\/5646\/revisions"}],"predecessor-version":[{"id":5649,"href":"https:\/\/fadeu.urantiacos.cl\/en\/wp-json\/wp\/v2\/posts\/5646\/revisions\/5649"}],"wp:featuredmedia":[{"embeddable":true,"href":"https:\/\/fadeu.urantiacos.cl\/en\/wp-json\/wp\/v2\/media\/5647"}],"wp:attachment":[{"href":"https:\/\/fadeu.urantiacos.cl\/en\/wp-json\/wp\/v2\/media?parent=5646"}],"wp:term":[{"taxonomy":"category","embeddable":true,"href":"https:\/\/fadeu.urantiacos.cl\/en\/wp-json\/wp\/v2\/categories?post=5646"},{"taxonomy":"post_tag","embeddable":true,"href":"https:\/\/fadeu.urantiacos.cl\/en\/wp-json\/wp\/v2\/tags?post=5646"}],"curies":[{"name":"wp","href":"https:\/\/api.w.org\/{rel}","templated":true}]}}