{"id":5639,"date":"2022-01-06T20:11:00","date_gmt":"2022-01-06T23:11:00","guid":{"rendered":"https:\/\/fadeu.urantiacos.cl\/?p=5639"},"modified":"2023-09-06T20:25:54","modified_gmt":"2023-09-06T23:25:54","slug":"seismo-app-para-analisis-de-dano-en-viviendas-fue-presentado-por-equipo-dirigido-por-el-profesor-orlando-vigouroux","status":"publish","type":"post","link":"https:\/\/fadeu.urantiacos.cl\/en\/2022\/01\/06\/seismo-app-para-analisis-de-dano-en-viviendas-fue-presentado-por-equipo-dirigido-por-el-profesor-orlando-vigouroux\/","title":{"rendered":"SEISMO: App para an\u00e1lisis de da\u00f1o en viviendas fue presentado por equipo dirigido por el profesor Orlando Vigouroux"},"content":{"rendered":"\n<figure class=\"wp-block-image size-full\"><img decoding=\"async\" width=\"350\" height=\"250\" src=\"https:\/\/fadeu.urantiacos.cl\/wp-content\/uploads\/2023\/09\/WEB_IMG_8610.jpg\" alt=\"\" class=\"wp-image-5640\" srcset=\"https:\/\/fadeu.urantiacos.cl\/wp-content\/uploads\/2023\/09\/WEB_IMG_8610.jpg 350w, https:\/\/fadeu.urantiacos.cl\/wp-content\/uploads\/2023\/09\/WEB_IMG_8610-300x214.jpg 300w\" sizes=\"(max-width: 350px) 100vw, 350px\" \/><\/figure>\n\n\n\n<p>La actividad fue presidida por el Decano Mario Ubilla; el director de la escuela de Arquitectura, Luis Eduardo Bresciani; el presidente nacional del Colegio de Constructores Civiles e Ingenieros Constructores de Chile, Jos\u00e9 Miguel Correa; representantes de la Divisi\u00f3n T\u00e9cnica del Ministerio de Vivienda y Urbanismo; profesionales de la Oficina Nacional de Emergencia del Ministerio del Interior (ONEMI); directores FADEU, profesores y estudiantes.<\/p>\n\n\n\n<p>SEISMO es un Instrumento de diagn\u00f3stico digital asistido, basado en el reconocimiento visual guiado por parte de los voluntarios (no expertos), para la valoraci\u00f3n, registro e interpretaci\u00f3n de la situaci\u00f3n de la edificaci\u00f3n durante el catastro de da\u00f1o estructural r\u00e1pido post-sismo.<\/p>\n\n\n\n<p>Busca levantar informaci\u00f3n de manera eficiente, r\u00e1pida y precisa, con el fin de establecer la habitabilidad de una vivienda durante el periodo de alerta temprana, permitiendo a los estamentos pertinentes planificar en base a datos estrat\u00e9gicos post sismo y entrenar a voluntarios para futuros siniestros.<\/p>\n\n\n\n<p>El Decano Ubilla elogi\u00f3 el proyecto y sostuvo que \u201cel trabajo interdisciplinario que supone este proyecto es notable, porque alegra saber que han participado las tres unidades de nuestra Facultad, la escuela de Arquitectura, la escuela de Dise\u00f1o y del Instituto de Estudios Urbanos, que han participado de la creaci\u00f3n y la transferencia al medio de un proyecto de gran envergadura\u201d.<\/p>\n\n\n\n<p>\u201cLa aplicaci\u00f3n act\u00faa post tragedia, tiene tambi\u00e9n un car\u00e1cter anticipatorio tambi\u00e9n, porque si somos capaces de detectar falencias en la edificaci\u00f3n de una vivienda podemos salvar la estructura a tiempo, y esa inmediatez forma tambi\u00e9n parte de la virtud y el ingenio de esta aplicaci\u00f3n\u201d, agreg\u00f3 Ubilla.<\/p>\n\n\n\n<p>El profesor Vigouroux, director del proyecto, sostuvo que \u201cuno de los objetivos es que esta aplicaci\u00f3n sea amigable y did\u00e1ctica para evaluar una vivienda, para que pueda ser f\u00e1cilmente utilizada, y ofrece ventajas que permiten incorporar una serie de datos que pueden ser georreferenciados para, y en esto tenemos que elogiar y agradecer el aporte de la escuela de Dise\u00f1o, a trav\u00e9s del profesor Alejandro Dur\u00e1n, y del Instituto de Estudios Urbanos y el Observatorio de Ciudades, a trav\u00e9s del aporte del profesor Ricardo Truffello\u201d.<\/p>\n\n\n\n<p>\u201cEsta App no reemplaza a los expertos, sino complementa su trabajo en la emergencia temprana, para evaluar seg\u00fan normas de ONEMI, para declarar viviendas como habitables o no habitables, seg\u00fan la tabla de puntajes que arroje la App, y son datos de uso privado en el marco de una post emergencia\u201d, advirti\u00f3 Vigouroux.<\/p>\n\n\n\n<p>El proyecto cuenta, adem\u00e1s, con un desarrollo inicial financiado por el fondo Acelerador UC del Centro de Innovaci\u00f3n de la Pontificia Universidad Cat\u00f3lica, donde se revisaron dos sistemas constructivos (alba\u00f1iler\u00eda simple y confinada), adem\u00e1s de la interfaz remota por medio de la App para Android y IOS.<\/p>\n\n\n\n<p>El actual proyecto FONDEF busca ampliar el rango de acci\u00f3n del sistema, agregando nuevos sistemas constructivos, como son el caso del hormig\u00f3n armado, quincha, adobe y alba\u00f1iler\u00eda confinada + tabiquer\u00eda; adem\u00e1s de planificar el uso adecuado de la informaci\u00f3n levantada, tanto para la preparaci\u00f3n de un eventual sismo, como la acci\u00f3n concreta ante una cat\u00e1strofe.<\/p>\n\n\n\n<p>En el proyecto participan, adem\u00e1s, los profesores e investigadores Alejandro Dur\u00e1n, Felipe Encinas, Camilo Meneses, Beatriz Mella, Daniel Ruddoff, Carlos Aguirre y Rodrigo Olivares.<\/p>\n\n\n\n<figure class=\"wp-block-image size-large\"><img decoding=\"async\" width=\"1024\" height=\"768\" src=\"https:\/\/fadeu.urantiacos.cl\/wp-content\/uploads\/2023\/09\/IMG_8606-1024x768.jpg\" alt=\"\" class=\"wp-image-5641\" srcset=\"https:\/\/fadeu.urantiacos.cl\/wp-content\/uploads\/2023\/09\/IMG_8606-1024x768.jpg 1024w, https:\/\/fadeu.urantiacos.cl\/wp-content\/uploads\/2023\/09\/IMG_8606-300x225.jpg 300w, https:\/\/fadeu.urantiacos.cl\/wp-content\/uploads\/2023\/09\/IMG_8606-768x576.jpg 768w, https:\/\/fadeu.urantiacos.cl\/wp-content\/uploads\/2023\/09\/IMG_8606-1536x1152.jpg 1536w, https:\/\/fadeu.urantiacos.cl\/wp-content\/uploads\/2023\/09\/IMG_8606-2048x1536.jpg 2048w, https:\/\/fadeu.urantiacos.cl\/wp-content\/uploads\/2023\/09\/IMG_8606-scaled.jpg 1600w\" sizes=\"(max-width: 1024px) 100vw, 1024px\" \/><\/figure>\n\n\n\n<figure class=\"wp-block-image size-large\"><img decoding=\"async\" width=\"1024\" height=\"768\" src=\"https:\/\/fadeu.urantiacos.cl\/wp-content\/uploads\/2023\/09\/IMG_8610-1024x768.jpg\" alt=\"\" class=\"wp-image-5642\" srcset=\"https:\/\/fadeu.urantiacos.cl\/wp-content\/uploads\/2023\/09\/IMG_8610-1024x768.jpg 1024w, https:\/\/fadeu.urantiacos.cl\/wp-content\/uploads\/2023\/09\/IMG_8610-300x225.jpg 300w, https:\/\/fadeu.urantiacos.cl\/wp-content\/uploads\/2023\/09\/IMG_8610-768x576.jpg 768w, https:\/\/fadeu.urantiacos.cl\/wp-content\/uploads\/2023\/09\/IMG_8610-1536x1152.jpg 1536w, https:\/\/fadeu.urantiacos.cl\/wp-content\/uploads\/2023\/09\/IMG_8610-2048x1536.jpg 2048w, https:\/\/fadeu.urantiacos.cl\/wp-content\/uploads\/2023\/09\/IMG_8610-scaled.jpg 1600w\" sizes=\"(max-width: 1024px) 100vw, 1024px\" \/><\/figure>\n\n\n\n<p>INFORMACI\u00d3N PERIOD\u00cdSTICA<br>JUAN ANDR\u00c9S INZUNZA<\/p>\n","protected":false},"excerpt":{"rendered":"<p>\u201cSEISMO: Instrumento de diagn\u00f3stico digital para el catastro asistido de da\u00f1os estructurales durante la post emergencia s\u00edsmica\u201d. Este es el nombre de una novedosa App dise\u00f1ada por un equipo de investigadores liderado por el profesor de la escuela de Arquitectura, Orlando Vigouroux, en el marco de un proyecto FONDEF IDeA I+D.<\/p>\n","protected":false},"author":1,"featured_media":5640,"comment_status":"open","ping_status":"open","sticky":false,"template":"","format":"standard","meta":{"_acf_changed":false,"footnotes":""},"categories":[1],"tags":[],"class_list":["post-5639","post","type-post","status-publish","format-standard","has-post-thumbnail","hentry","category-sin-categorizar"],"acf":[],"yoast_head":"<!-- This site is optimized with the Yoast SEO plugin v27.1.1 - https:\/\/yoast.com\/product\/yoast-seo-wordpress\/ -->\n<title>SEISMO: App para an\u00e1lisis de da\u00f1o en viviendas fue presentado por equipo dirigido por el profesor Orlando Vigouroux - Facultad de Arquitectura, Dise\u00f1o y Estudios Urbanos<\/title>\n<meta name=\"description\" content=\"\u201cSEISMO: Instrumento de diagn\u00f3stico digital para el catastro asistido de da\u00f1os estructurales durante la post emergencia s\u00edsmica\u201d. Este es el nombre de una novedosa App dise\u00f1ada por un equipo de investigadores liderado por el profesor de la escuela de Arquitectura, Orlando Vigouroux, en el marco de un proyecto FONDEF IDeA I+D.\" \/>\n<meta name=\"robots\" content=\"index, follow, max-snippet:-1, max-image-preview:large, max-video-preview:-1\" \/>\n<link rel=\"canonical\" href=\"https:\/\/fadeu.urantiacos.cl\/en\/2022\/01\/06\/seismo-app-para-analisis-de-dano-en-viviendas-fue-presentado-por-equipo-dirigido-por-el-profesor-orlando-vigouroux\/\" \/>\n<meta property=\"og:locale\" content=\"en_US\" \/>\n<meta property=\"og:type\" content=\"article\" \/>\n<meta property=\"og:title\" content=\"SEISMO: App para an\u00e1lisis de da\u00f1o en viviendas fue presentado por equipo dirigido por el profesor Orlando Vigouroux - Facultad de Arquitectura, Dise\u00f1o y Estudios Urbanos\" \/>\n<meta property=\"og:description\" content=\"\u201cSEISMO: Instrumento de diagn\u00f3stico digital para el catastro asistido de da\u00f1os estructurales durante la post emergencia s\u00edsmica\u201d. Este es el nombre de una novedosa App dise\u00f1ada por un equipo de investigadores liderado por el profesor de la escuela de Arquitectura, Orlando Vigouroux, en el marco de un proyecto FONDEF IDeA I+D.\" \/>\n<meta property=\"og:url\" content=\"https:\/\/fadeu.urantiacos.cl\/en\/2022\/01\/06\/seismo-app-para-analisis-de-dano-en-viviendas-fue-presentado-por-equipo-dirigido-por-el-profesor-orlando-vigouroux\/\" \/>\n<meta property=\"og:site_name\" content=\"Facultad de Arquitectura, Dise\u00f1o y Estudios Urbanos\" \/>\n<meta property=\"article:published_time\" content=\"2022-01-06T23:11:00+00:00\" \/>\n<meta property=\"article:modified_time\" content=\"2023-09-06T23:25:54+00:00\" \/>\n<meta property=\"og:image\" content=\"https:\/\/fadeu.urantiacos.cl\/wp-content\/uploads\/2023\/09\/WEB_IMG_8610.jpg\" \/>\n\t<meta property=\"og:image:width\" content=\"350\" \/>\n\t<meta property=\"og:image:height\" content=\"250\" \/>\n\t<meta property=\"og:image:type\" content=\"image\/jpeg\" \/>\n<meta name=\"author\" content=\"manadmin\" \/>\n<meta name=\"twitter:card\" content=\"summary_large_image\" \/>\n<meta name=\"twitter:label1\" content=\"Written by\" \/>\n\t<meta name=\"twitter:data1\" content=\"manadmin\" \/>\n\t<meta name=\"twitter:label2\" content=\"Est. reading time\" \/>\n\t<meta name=\"twitter:data2\" content=\"3 minutes\" \/>\n<script type=\"application\/ld+json\" class=\"yoast-schema-graph\">{\"@context\":\"https:\/\/schema.org\",\"@graph\":[{\"@type\":\"Article\",\"@id\":\"https:\/\/fadeu.urantiacos.cl\/en\/2022\/01\/06\/seismo-app-para-analisis-de-dano-en-viviendas-fue-presentado-por-equipo-dirigido-por-el-profesor-orlando-vigouroux\/#article\",\"isPartOf\":{\"@id\":\"https:\/\/fadeu.urantiacos.cl\/en\/2022\/01\/06\/seismo-app-para-analisis-de-dano-en-viviendas-fue-presentado-por-equipo-dirigido-por-el-profesor-orlando-vigouroux\/\"},\"author\":{\"name\":\"manadmin\",\"@id\":\"https:\/\/fadeu.urantiacos.cl\/en\/#\/schema\/person\/d203e2e84b1c40275eac77b3061a19a2\"},\"headline\":\"SEISMO: App para an\u00e1lisis de da\u00f1o en viviendas fue presentado por equipo dirigido por el profesor Orlando Vigouroux\",\"datePublished\":\"2022-01-06T23:11:00+00:00\",\"dateModified\":\"2023-09-06T23:25:54+00:00\",\"mainEntityOfPage\":{\"@id\":\"https:\/\/fadeu.urantiacos.cl\/en\/2022\/01\/06\/seismo-app-para-analisis-de-dano-en-viviendas-fue-presentado-por-equipo-dirigido-por-el-profesor-orlando-vigouroux\/\"},\"wordCount\":596,\"commentCount\":0,\"image\":{\"@id\":\"https:\/\/fadeu.urantiacos.cl\/en\/2022\/01\/06\/seismo-app-para-analisis-de-dano-en-viviendas-fue-presentado-por-equipo-dirigido-por-el-profesor-orlando-vigouroux\/#primaryimage\"},\"thumbnailUrl\":\"https:\/\/fadeu.urantiacos.cl\/wp-content\/uploads\/2023\/09\/WEB_IMG_8610.jpg\",\"articleSection\":[\"Sin categorizar\"],\"inLanguage\":\"en-US\",\"potentialAction\":[{\"@type\":\"CommentAction\",\"name\":\"Comment\",\"target\":[\"https:\/\/fadeu.urantiacos.cl\/en\/2022\/01\/06\/seismo-app-para-analisis-de-dano-en-viviendas-fue-presentado-por-equipo-dirigido-por-el-profesor-orlando-vigouroux\/#respond\"]}]},{\"@type\":\"WebPage\",\"@id\":\"https:\/\/fadeu.urantiacos.cl\/en\/2022\/01\/06\/seismo-app-para-analisis-de-dano-en-viviendas-fue-presentado-por-equipo-dirigido-por-el-profesor-orlando-vigouroux\/\",\"url\":\"https:\/\/fadeu.urantiacos.cl\/en\/2022\/01\/06\/seismo-app-para-analisis-de-dano-en-viviendas-fue-presentado-por-equipo-dirigido-por-el-profesor-orlando-vigouroux\/\",\"name\":\"SEISMO: App para an\u00e1lisis de da\u00f1o en viviendas fue presentado por equipo dirigido por el profesor Orlando Vigouroux - Facultad de Arquitectura, Dise\u00f1o y Estudios Urbanos\",\"isPartOf\":{\"@id\":\"https:\/\/fadeu.urantiacos.cl\/en\/#website\"},\"primaryImageOfPage\":{\"@id\":\"https:\/\/fadeu.urantiacos.cl\/en\/2022\/01\/06\/seismo-app-para-analisis-de-dano-en-viviendas-fue-presentado-por-equipo-dirigido-por-el-profesor-orlando-vigouroux\/#primaryimage\"},\"image\":{\"@id\":\"https:\/\/fadeu.urantiacos.cl\/en\/2022\/01\/06\/seismo-app-para-analisis-de-dano-en-viviendas-fue-presentado-por-equipo-dirigido-por-el-profesor-orlando-vigouroux\/#primaryimage\"},\"thumbnailUrl\":\"https:\/\/fadeu.urantiacos.cl\/wp-content\/uploads\/2023\/09\/WEB_IMG_8610.jpg\",\"datePublished\":\"2022-01-06T23:11:00+00:00\",\"dateModified\":\"2023-09-06T23:25:54+00:00\",\"author\":{\"@id\":\"https:\/\/fadeu.urantiacos.cl\/en\/#\/schema\/person\/d203e2e84b1c40275eac77b3061a19a2\"},\"description\":\"\u201cSEISMO: Instrumento de diagn\u00f3stico digital para el catastro asistido de da\u00f1os estructurales durante la post emergencia s\u00edsmica\u201d. Este es el nombre de una novedosa App dise\u00f1ada por un equipo de investigadores liderado por el profesor de la escuela de Arquitectura, Orlando Vigouroux, en el marco de un proyecto FONDEF IDeA I+D.\",\"breadcrumb\":{\"@id\":\"https:\/\/fadeu.urantiacos.cl\/en\/2022\/01\/06\/seismo-app-para-analisis-de-dano-en-viviendas-fue-presentado-por-equipo-dirigido-por-el-profesor-orlando-vigouroux\/#breadcrumb\"},\"inLanguage\":\"en-US\",\"potentialAction\":[{\"@type\":\"ReadAction\",\"target\":[\"https:\/\/fadeu.urantiacos.cl\/en\/2022\/01\/06\/seismo-app-para-analisis-de-dano-en-viviendas-fue-presentado-por-equipo-dirigido-por-el-profesor-orlando-vigouroux\/\"]}]},{\"@type\":\"ImageObject\",\"inLanguage\":\"en-US\",\"@id\":\"https:\/\/fadeu.urantiacos.cl\/en\/2022\/01\/06\/seismo-app-para-analisis-de-dano-en-viviendas-fue-presentado-por-equipo-dirigido-por-el-profesor-orlando-vigouroux\/#primaryimage\",\"url\":\"https:\/\/fadeu.urantiacos.cl\/wp-content\/uploads\/2023\/09\/WEB_IMG_8610.jpg\",\"contentUrl\":\"https:\/\/fadeu.urantiacos.cl\/wp-content\/uploads\/2023\/09\/WEB_IMG_8610.jpg\",\"width\":350,\"height\":250},{\"@type\":\"BreadcrumbList\",\"@id\":\"https:\/\/fadeu.urantiacos.cl\/en\/2022\/01\/06\/seismo-app-para-analisis-de-dano-en-viviendas-fue-presentado-por-equipo-dirigido-por-el-profesor-orlando-vigouroux\/#breadcrumb\",\"itemListElement\":[{\"@type\":\"ListItem\",\"position\":1,\"name\":\"Portada\",\"item\":\"https:\/\/fadeu.urantiacos.cl\/en\/\"},{\"@type\":\"ListItem\",\"position\":2,\"name\":\"SEISMO: App para an\u00e1lisis de da\u00f1o en viviendas fue presentado por equipo dirigido por el profesor Orlando Vigouroux\"}]},{\"@type\":\"WebSite\",\"@id\":\"https:\/\/fadeu.urantiacos.cl\/en\/#website\",\"url\":\"https:\/\/fadeu.urantiacos.cl\/en\/\",\"name\":\"Facultad de Arquitectura, Dise\u00f1o y Estudios Urbanos\",\"description\":\"Campus Lo Contador\",\"potentialAction\":[{\"@type\":\"SearchAction\",\"target\":{\"@type\":\"EntryPoint\",\"urlTemplate\":\"https:\/\/fadeu.urantiacos.cl\/en\/?s={search_term_string}\"},\"query-input\":{\"@type\":\"PropertyValueSpecification\",\"valueRequired\":true,\"valueName\":\"search_term_string\"}}],\"inLanguage\":\"en-US\"},{\"@type\":\"Person\",\"@id\":\"https:\/\/fadeu.urantiacos.cl\/en\/#\/schema\/person\/d203e2e84b1c40275eac77b3061a19a2\",\"name\":\"manadmin\",\"image\":{\"@type\":\"ImageObject\",\"inLanguage\":\"en-US\",\"@id\":\"https:\/\/fadeu.urantiacos.cl\/en\/#\/schema\/person\/image\/\",\"url\":\"https:\/\/secure.gravatar.com\/avatar\/4b1d8e3303b4a9d8968ac578947d8bc80d9aea359f388cdd4aac15cadc0e8447?s=96&d=mm&r=g\",\"contentUrl\":\"https:\/\/secure.gravatar.com\/avatar\/4b1d8e3303b4a9d8968ac578947d8bc80d9aea359f388cdd4aac15cadc0e8447?s=96&d=mm&r=g\",\"caption\":\"manadmin\"},\"sameAs\":[\"https:\/\/fadeu.urantiacos.cl\"]}]}<\/script>\n<!-- \/ Yoast SEO plugin. -->","yoast_head_json":{"title":"SEISMO: App para an\u00e1lisis de da\u00f1o en viviendas fue presentado por equipo dirigido por el profesor Orlando Vigouroux - Facultad de Arquitectura, Dise\u00f1o y Estudios Urbanos","description":"\u201cSEISMO: Instrumento de diagn\u00f3stico digital para el catastro asistido de da\u00f1os estructurales durante la post emergencia s\u00edsmica\u201d. Este es el nombre de una novedosa App dise\u00f1ada por un equipo de investigadores liderado por el profesor de la escuela de Arquitectura, Orlando Vigouroux, en el marco de un proyecto FONDEF IDeA I+D.","robots":{"index":"index","follow":"follow","max-snippet":"max-snippet:-1","max-image-preview":"max-image-preview:large","max-video-preview":"max-video-preview:-1"},"canonical":"https:\/\/fadeu.urantiacos.cl\/en\/2022\/01\/06\/seismo-app-para-analisis-de-dano-en-viviendas-fue-presentado-por-equipo-dirigido-por-el-profesor-orlando-vigouroux\/","og_locale":"en_US","og_type":"article","og_title":"SEISMO: App para an\u00e1lisis de da\u00f1o en viviendas fue presentado por equipo dirigido por el profesor Orlando Vigouroux - Facultad de Arquitectura, Dise\u00f1o y Estudios Urbanos","og_description":"\u201cSEISMO: Instrumento de diagn\u00f3stico digital para el catastro asistido de da\u00f1os estructurales durante la post emergencia s\u00edsmica\u201d. Este es el nombre de una novedosa App dise\u00f1ada por un equipo de investigadores liderado por el profesor de la escuela de Arquitectura, Orlando Vigouroux, en el marco de un proyecto FONDEF IDeA I+D.","og_url":"https:\/\/fadeu.urantiacos.cl\/en\/2022\/01\/06\/seismo-app-para-analisis-de-dano-en-viviendas-fue-presentado-por-equipo-dirigido-por-el-profesor-orlando-vigouroux\/","og_site_name":"Facultad de Arquitectura, Dise\u00f1o y Estudios Urbanos","article_published_time":"2022-01-06T23:11:00+00:00","article_modified_time":"2023-09-06T23:25:54+00:00","og_image":[{"width":350,"height":250,"url":"https:\/\/fadeu.urantiacos.cl\/wp-content\/uploads\/2023\/09\/WEB_IMG_8610.jpg","type":"image\/jpeg"}],"author":"manadmin","twitter_card":"summary_large_image","twitter_misc":{"Written by":"manadmin","Est. reading time":"3 minutes"},"schema":{"@context":"https:\/\/schema.org","@graph":[{"@type":"Article","@id":"https:\/\/fadeu.urantiacos.cl\/en\/2022\/01\/06\/seismo-app-para-analisis-de-dano-en-viviendas-fue-presentado-por-equipo-dirigido-por-el-profesor-orlando-vigouroux\/#article","isPartOf":{"@id":"https:\/\/fadeu.urantiacos.cl\/en\/2022\/01\/06\/seismo-app-para-analisis-de-dano-en-viviendas-fue-presentado-por-equipo-dirigido-por-el-profesor-orlando-vigouroux\/"},"author":{"name":"manadmin","@id":"https:\/\/fadeu.urantiacos.cl\/en\/#\/schema\/person\/d203e2e84b1c40275eac77b3061a19a2"},"headline":"SEISMO: App para an\u00e1lisis de da\u00f1o en viviendas fue presentado por equipo dirigido por el profesor Orlando Vigouroux","datePublished":"2022-01-06T23:11:00+00:00","dateModified":"2023-09-06T23:25:54+00:00","mainEntityOfPage":{"@id":"https:\/\/fadeu.urantiacos.cl\/en\/2022\/01\/06\/seismo-app-para-analisis-de-dano-en-viviendas-fue-presentado-por-equipo-dirigido-por-el-profesor-orlando-vigouroux\/"},"wordCount":596,"commentCount":0,"image":{"@id":"https:\/\/fadeu.urantiacos.cl\/en\/2022\/01\/06\/seismo-app-para-analisis-de-dano-en-viviendas-fue-presentado-por-equipo-dirigido-por-el-profesor-orlando-vigouroux\/#primaryimage"},"thumbnailUrl":"https:\/\/fadeu.urantiacos.cl\/wp-content\/uploads\/2023\/09\/WEB_IMG_8610.jpg","articleSection":["Sin categorizar"],"inLanguage":"en-US","potentialAction":[{"@type":"CommentAction","name":"Comment","target":["https:\/\/fadeu.urantiacos.cl\/en\/2022\/01\/06\/seismo-app-para-analisis-de-dano-en-viviendas-fue-presentado-por-equipo-dirigido-por-el-profesor-orlando-vigouroux\/#respond"]}]},{"@type":"WebPage","@id":"https:\/\/fadeu.urantiacos.cl\/en\/2022\/01\/06\/seismo-app-para-analisis-de-dano-en-viviendas-fue-presentado-por-equipo-dirigido-por-el-profesor-orlando-vigouroux\/","url":"https:\/\/fadeu.urantiacos.cl\/en\/2022\/01\/06\/seismo-app-para-analisis-de-dano-en-viviendas-fue-presentado-por-equipo-dirigido-por-el-profesor-orlando-vigouroux\/","name":"SEISMO: App para an\u00e1lisis de da\u00f1o en viviendas fue presentado por equipo dirigido por el profesor Orlando Vigouroux - Facultad de Arquitectura, Dise\u00f1o y Estudios Urbanos","isPartOf":{"@id":"https:\/\/fadeu.urantiacos.cl\/en\/#website"},"primaryImageOfPage":{"@id":"https:\/\/fadeu.urantiacos.cl\/en\/2022\/01\/06\/seismo-app-para-analisis-de-dano-en-viviendas-fue-presentado-por-equipo-dirigido-por-el-profesor-orlando-vigouroux\/#primaryimage"},"image":{"@id":"https:\/\/fadeu.urantiacos.cl\/en\/2022\/01\/06\/seismo-app-para-analisis-de-dano-en-viviendas-fue-presentado-por-equipo-dirigido-por-el-profesor-orlando-vigouroux\/#primaryimage"},"thumbnailUrl":"https:\/\/fadeu.urantiacos.cl\/wp-content\/uploads\/2023\/09\/WEB_IMG_8610.jpg","datePublished":"2022-01-06T23:11:00+00:00","dateModified":"2023-09-06T23:25:54+00:00","author":{"@id":"https:\/\/fadeu.urantiacos.cl\/en\/#\/schema\/person\/d203e2e84b1c40275eac77b3061a19a2"},"description":"\u201cSEISMO: Instrumento de diagn\u00f3stico digital para el catastro asistido de da\u00f1os estructurales durante la post emergencia s\u00edsmica\u201d. Este es el nombre de una novedosa App dise\u00f1ada por un equipo de investigadores liderado por el profesor de la escuela de Arquitectura, Orlando Vigouroux, en el marco de un proyecto FONDEF IDeA I+D.","breadcrumb":{"@id":"https:\/\/fadeu.urantiacos.cl\/en\/2022\/01\/06\/seismo-app-para-analisis-de-dano-en-viviendas-fue-presentado-por-equipo-dirigido-por-el-profesor-orlando-vigouroux\/#breadcrumb"},"inLanguage":"en-US","potentialAction":[{"@type":"ReadAction","target":["https:\/\/fadeu.urantiacos.cl\/en\/2022\/01\/06\/seismo-app-para-analisis-de-dano-en-viviendas-fue-presentado-por-equipo-dirigido-por-el-profesor-orlando-vigouroux\/"]}]},{"@type":"ImageObject","inLanguage":"en-US","@id":"https:\/\/fadeu.urantiacos.cl\/en\/2022\/01\/06\/seismo-app-para-analisis-de-dano-en-viviendas-fue-presentado-por-equipo-dirigido-por-el-profesor-orlando-vigouroux\/#primaryimage","url":"https:\/\/fadeu.urantiacos.cl\/wp-content\/uploads\/2023\/09\/WEB_IMG_8610.jpg","contentUrl":"https:\/\/fadeu.urantiacos.cl\/wp-content\/uploads\/2023\/09\/WEB_IMG_8610.jpg","width":350,"height":250},{"@type":"BreadcrumbList","@id":"https:\/\/fadeu.urantiacos.cl\/en\/2022\/01\/06\/seismo-app-para-analisis-de-dano-en-viviendas-fue-presentado-por-equipo-dirigido-por-el-profesor-orlando-vigouroux\/#breadcrumb","itemListElement":[{"@type":"ListItem","position":1,"name":"Portada","item":"https:\/\/fadeu.urantiacos.cl\/en\/"},{"@type":"ListItem","position":2,"name":"SEISMO: App para an\u00e1lisis de da\u00f1o en viviendas fue presentado por equipo dirigido por el profesor Orlando Vigouroux"}]},{"@type":"WebSite","@id":"https:\/\/fadeu.urantiacos.cl\/en\/#website","url":"https:\/\/fadeu.urantiacos.cl\/en\/","name":"Facultad de Arquitectura, Dise\u00f1o y Estudios Urbanos","description":"Campus Lo Contador","potentialAction":[{"@type":"SearchAction","target":{"@type":"EntryPoint","urlTemplate":"https:\/\/fadeu.urantiacos.cl\/en\/?s={search_term_string}"},"query-input":{"@type":"PropertyValueSpecification","valueRequired":true,"valueName":"search_term_string"}}],"inLanguage":"en-US"},{"@type":"Person","@id":"https:\/\/fadeu.urantiacos.cl\/en\/#\/schema\/person\/d203e2e84b1c40275eac77b3061a19a2","name":"manadmin","image":{"@type":"ImageObject","inLanguage":"en-US","@id":"https:\/\/fadeu.urantiacos.cl\/en\/#\/schema\/person\/image\/","url":"https:\/\/secure.gravatar.com\/avatar\/4b1d8e3303b4a9d8968ac578947d8bc80d9aea359f388cdd4aac15cadc0e8447?s=96&d=mm&r=g","contentUrl":"https:\/\/secure.gravatar.com\/avatar\/4b1d8e3303b4a9d8968ac578947d8bc80d9aea359f388cdd4aac15cadc0e8447?s=96&d=mm&r=g","caption":"manadmin"},"sameAs":["https:\/\/fadeu.urantiacos.cl"]}]}},"_links":{"self":[{"href":"https:\/\/fadeu.urantiacos.cl\/en\/wp-json\/wp\/v2\/posts\/5639","targetHints":{"allow":["GET"]}}],"collection":[{"href":"https:\/\/fadeu.urantiacos.cl\/en\/wp-json\/wp\/v2\/posts"}],"about":[{"href":"https:\/\/fadeu.urantiacos.cl\/en\/wp-json\/wp\/v2\/types\/post"}],"author":[{"embeddable":true,"href":"https:\/\/fadeu.urantiacos.cl\/en\/wp-json\/wp\/v2\/users\/1"}],"replies":[{"embeddable":true,"href":"https:\/\/fadeu.urantiacos.cl\/en\/wp-json\/wp\/v2\/comments?post=5639"}],"version-history":[{"count":1,"href":"https:\/\/fadeu.urantiacos.cl\/en\/wp-json\/wp\/v2\/posts\/5639\/revisions"}],"predecessor-version":[{"id":5644,"href":"https:\/\/fadeu.urantiacos.cl\/en\/wp-json\/wp\/v2\/posts\/5639\/revisions\/5644"}],"wp:featuredmedia":[{"embeddable":true,"href":"https:\/\/fadeu.urantiacos.cl\/en\/wp-json\/wp\/v2\/media\/5640"}],"wp:attachment":[{"href":"https:\/\/fadeu.urantiacos.cl\/en\/wp-json\/wp\/v2\/media?parent=5639"}],"wp:term":[{"taxonomy":"category","embeddable":true,"href":"https:\/\/fadeu.urantiacos.cl\/en\/wp-json\/wp\/v2\/categories?post=5639"},{"taxonomy":"post_tag","embeddable":true,"href":"https:\/\/fadeu.urantiacos.cl\/en\/wp-json\/wp\/v2\/tags?post=5639"}],"curies":[{"name":"wp","href":"https:\/\/api.w.org\/{rel}","templated":true}]}}