{"id":5632,"date":"2022-01-07T19:51:00","date_gmt":"2022-01-07T22:51:00","guid":{"rendered":"https:\/\/fadeu.urantiacos.cl\/?p=5632"},"modified":"2023-09-06T20:06:55","modified_gmt":"2023-09-06T23:06:55","slug":"consejo-superior-uc-aprobo-por-unanimidad-el-magister-en-planificacion-urbana","status":"publish","type":"post","link":"https:\/\/fadeu.urantiacos.cl\/en\/2022\/01\/07\/consejo-superior-uc-aprobo-por-unanimidad-el-magister-en-planificacion-urbana\/","title":{"rendered":"Consejo Superior UC aprob\u00f3 por unanimidad el Mag\u00edster en Planificaci\u00f3n Urbana"},"content":{"rendered":"\n<figure class=\"wp-block-image size-full\"><img decoding=\"async\" width=\"350\" height=\"250\" src=\"https:\/\/fadeu.urantiacos.cl\/wp-content\/uploads\/2023\/09\/WEB_Consejo_Superior_UC_aprobo_por_unanimidad_el_Magister_en_Planificacion_Urbana_.jpg\" alt=\"\" class=\"wp-image-5633\" srcset=\"https:\/\/fadeu.urantiacos.cl\/wp-content\/uploads\/2023\/09\/WEB_Consejo_Superior_UC_aprobo_por_unanimidad_el_Magister_en_Planificacion_Urbana_.jpg 350w, https:\/\/fadeu.urantiacos.cl\/wp-content\/uploads\/2023\/09\/WEB_Consejo_Superior_UC_aprobo_por_unanimidad_el_Magister_en_Planificacion_Urbana_-300x214.jpg 300w\" sizes=\"(max-width: 350px) 100vw, 350px\" \/><\/figure>\n\n\n\n<p>En la votaci\u00f3n estuvieron presentes el Decano de la Facultad de Arquitectura, Dise\u00f1o y Estudios Urbanos, Mario Ubilla; la directora de Investigaci\u00f3n y Postgrado, Magdalena Vicu\u00f1a; quienes introdujeron la presentaci\u00f3n del Magister y que realiz\u00f3 en detalle el director del Instituto de Estudios Urbanos y Territoriales (IEUT), Luis Fuentes. Adem\u00e1s estuvo presente la encargada del \u00e1rea de Educaci\u00f3n Continua de la misma unidad acad\u00e9mica, Adonay Perrozzi.<\/p>\n\n\n\n<p>El programa consolida la investigaci\u00f3n y el aporte permanente que viene realizando desde hace d\u00e9cadas el IEUT UC a las pol\u00edticas p\u00fablicas en materia urbana y territorial, y se articula con el pregrado en Planificaci\u00f3n Urbana.<\/p>\n\n\n\n<p>As\u00ed, los estudiantes del pregrado en Planificaci\u00f3n Urbana articular\u00e1n su salida profesional con este programa, y podr\u00e1n obtener su t\u00edtulo profesional de Planificador Urbano (\u00fanico en Chile) y el grado de Mag\u00edster en Planificaci\u00f3n Urbana.<\/p>\n\n\n\n<p><strong>Impresiones<\/strong><\/p>\n\n\n\n<p>El Director del IEUT, profesor Luis Fuentes, sostuvo que \u201cfue un proceso largo y extenso en el tiempo, muy participativo, en el que la comunidad del Instituto fue definiendo y dando forma y fondo al programa, y marca un hecho hist\u00f3rico, porque retomamos las ra\u00edces de nuestro quehacer, ya que en 1967 ten\u00edamos un postgrado en planificaci\u00f3n urbano-regional, por lo tanto, es un \u00e1rea que est\u00e1 en nuestro ADN como unidad acad\u00e9mica, al igual que los estudios urbanos y territoriales\u201d.<\/p>\n\n\n\n<p>\u201cEl Mag\u00edster en Planificaci\u00f3n Urbana viene a completar nuestra oferta en un eje profesional importante que se vincula directamente con la oferta formativa de Educaci\u00f3n Continua y el pregrado en Planificaci\u00f3n Urbana. Adem\u00e1s, se convierte en el \u00fanico postgrado en Chile en Planificaci\u00f3n Urbana, por lo que la UC se transforma en la \u00fanica universidad en Chile en impartir y abordar la disciplina tanto en pregrado y en postgrado\u201d, agreg\u00f3 Fuentes.<\/p>\n\n\n\n<p>El Decano Ubilla asever\u00f3 que con este programa \u201cconsolidamos la integraci\u00f3n internacional, robusteciendo nuestra oferta acad\u00e9mica en comparaci\u00f3n con otras universidades importantes del contexto regional, como la Universidad de Buenos Aires en Argentina, o la Universidad Nacional de M\u00e9xico (UNAM), y nos permite consolidar nuestra relaci\u00f3n con la Triada Urbana, con la Universidad de los Andes en Colombia que tiene un programa en Planificaci\u00f3n Urbana y con el TEC de Monterrey que est\u00e1 en proceso de creaci\u00f3n, lo que nos permite dialogar con mayor propiedad y vincularnos tambi\u00e9n en mejor pie con la Asociaci\u00f3n Latinoamericana de Escuelas de Urbanismo y Planificaci\u00f3n (ALEUP)\u201d.<\/p>\n\n\n\n<p><strong>Pasos futuros<\/strong><\/p>\n\n\n\n<p>El 2022 ser\u00e1 un a\u00f1o de consolidaci\u00f3n administrativa de diversos aspectos del Mag\u00edster en Planificaci\u00f3n Urbana y se espera que en el corto-mediano plazo la Universidad, la Facultad y el propio Instituto anuncien fechas para el proceso de admisi\u00f3n, toda vez que el programa ya se encuentre en plena vigencia.<\/p>\n\n\n\n<figure class=\"wp-block-image size-full\"><img decoding=\"async\" width=\"768\" height=\"973\" src=\"https:\/\/fadeu.urantiacos.cl\/wp-content\/uploads\/2023\/09\/Consejo_Superior_UC_aprobo_por_unanimidad_el_Magister_en_Planificacion_Urbana1.jpeg\" alt=\"\" class=\"wp-image-5634\" srcset=\"https:\/\/fadeu.urantiacos.cl\/wp-content\/uploads\/2023\/09\/Consejo_Superior_UC_aprobo_por_unanimidad_el_Magister_en_Planificacion_Urbana1.jpeg 768w, https:\/\/fadeu.urantiacos.cl\/wp-content\/uploads\/2023\/09\/Consejo_Superior_UC_aprobo_por_unanimidad_el_Magister_en_Planificacion_Urbana1-237x300.jpeg 237w\" sizes=\"(max-width: 768px) 100vw, 768px\" \/><\/figure>\n\n\n\n<p>\u00a0INFORMACI\u00d3N PERIOD\u00cdSTICA<br>JUAN ANDR\u00c9S INZUNZA<\/p>\n","protected":false},"excerpt":{"rendered":"<p>Por votaci\u00f3n un\u00e1nime, el Honorable Consejo Superior de la Pontificia Universidad Cat\u00f3lica de Chile, presidido por su Rector, Doctor Ignacio S\u00e1nchez, aprob\u00f3 el Mag\u00edster en Planificaci\u00f3n Urbana, un programa de postgrado de car\u00e1cter profesional que ser\u00e1 impartido por el Instituto de Estudios Urbanos y Territoriales.<\/p>\n","protected":false},"author":1,"featured_media":5633,"comment_status":"open","ping_status":"open","sticky":false,"template":"","format":"standard","meta":{"_acf_changed":false,"footnotes":""},"categories":[1],"tags":[],"class_list":["post-5632","post","type-post","status-publish","format-standard","has-post-thumbnail","hentry","category-sin-categorizar"],"acf":[],"yoast_head":"<!-- This site is optimized with the Yoast SEO plugin v27.1.1 - https:\/\/yoast.com\/product\/yoast-seo-wordpress\/ -->\n<title>Consejo Superior UC aprob\u00f3 por unanimidad el Mag\u00edster en Planificaci\u00f3n Urbana - Facultad de Arquitectura, Dise\u00f1o y Estudios Urbanos<\/title>\n<meta name=\"description\" content=\"Por votaci\u00f3n un\u00e1nime, el Honorable Consejo Superior de la Pontificia Universidad Cat\u00f3lica de Chile, presidido por su Rector, Doctor Ignacio S\u00e1nchez, aprob\u00f3 el Mag\u00edster en Planificaci\u00f3n Urbana, un programa de postgrado de car\u00e1cter profesional que ser\u00e1 impartido por el Instituto de Estudios Urbanos y Territoriales.\" \/>\n<meta name=\"robots\" content=\"index, follow, max-snippet:-1, max-image-preview:large, max-video-preview:-1\" \/>\n<link rel=\"canonical\" href=\"https:\/\/fadeu.urantiacos.cl\/en\/2022\/01\/07\/consejo-superior-uc-aprobo-por-unanimidad-el-magister-en-planificacion-urbana\/\" \/>\n<meta property=\"og:locale\" content=\"en_US\" \/>\n<meta property=\"og:type\" content=\"article\" \/>\n<meta property=\"og:title\" content=\"Consejo Superior UC aprob\u00f3 por unanimidad el Mag\u00edster en Planificaci\u00f3n Urbana - Facultad de Arquitectura, Dise\u00f1o y Estudios Urbanos\" \/>\n<meta property=\"og:description\" content=\"Por votaci\u00f3n un\u00e1nime, el Honorable Consejo Superior de la Pontificia Universidad Cat\u00f3lica de Chile, presidido por su Rector, Doctor Ignacio S\u00e1nchez, aprob\u00f3 el Mag\u00edster en Planificaci\u00f3n Urbana, un programa de postgrado de car\u00e1cter profesional que ser\u00e1 impartido por el Instituto de Estudios Urbanos y Territoriales.\" \/>\n<meta property=\"og:url\" content=\"https:\/\/fadeu.urantiacos.cl\/en\/2022\/01\/07\/consejo-superior-uc-aprobo-por-unanimidad-el-magister-en-planificacion-urbana\/\" \/>\n<meta property=\"og:site_name\" content=\"Facultad de Arquitectura, Dise\u00f1o y Estudios Urbanos\" \/>\n<meta property=\"article:published_time\" content=\"2022-01-07T22:51:00+00:00\" \/>\n<meta property=\"article:modified_time\" content=\"2023-09-06T23:06:55+00:00\" \/>\n<meta property=\"og:image\" content=\"https:\/\/fadeu.urantiacos.cl\/wp-content\/uploads\/2023\/09\/WEB_Consejo_Superior_UC_aprobo_por_unanimidad_el_Magister_en_Planificacion_Urbana_.jpg\" \/>\n\t<meta property=\"og:image:width\" content=\"350\" \/>\n\t<meta property=\"og:image:height\" content=\"250\" \/>\n\t<meta property=\"og:image:type\" content=\"image\/jpeg\" \/>\n<meta name=\"author\" content=\"manadmin\" \/>\n<meta name=\"twitter:card\" content=\"summary_large_image\" \/>\n<meta name=\"twitter:label1\" content=\"Written by\" \/>\n\t<meta name=\"twitter:data1\" content=\"manadmin\" \/>\n\t<meta name=\"twitter:label2\" content=\"Est. reading time\" \/>\n\t<meta name=\"twitter:data2\" content=\"2 minutes\" \/>\n<script type=\"application\/ld+json\" class=\"yoast-schema-graph\">{\"@context\":\"https:\/\/schema.org\",\"@graph\":[{\"@type\":\"Article\",\"@id\":\"https:\/\/fadeu.urantiacos.cl\/en\/2022\/01\/07\/consejo-superior-uc-aprobo-por-unanimidad-el-magister-en-planificacion-urbana\/#article\",\"isPartOf\":{\"@id\":\"https:\/\/fadeu.urantiacos.cl\/en\/2022\/01\/07\/consejo-superior-uc-aprobo-por-unanimidad-el-magister-en-planificacion-urbana\/\"},\"author\":{\"name\":\"manadmin\",\"@id\":\"https:\/\/fadeu.urantiacos.cl\/en\/#\/schema\/person\/d203e2e84b1c40275eac77b3061a19a2\"},\"headline\":\"Consejo Superior UC aprob\u00f3 por unanimidad el Mag\u00edster en Planificaci\u00f3n Urbana\",\"datePublished\":\"2022-01-07T22:51:00+00:00\",\"dateModified\":\"2023-09-06T23:06:55+00:00\",\"mainEntityOfPage\":{\"@id\":\"https:\/\/fadeu.urantiacos.cl\/en\/2022\/01\/07\/consejo-superior-uc-aprobo-por-unanimidad-el-magister-en-planificacion-urbana\/\"},\"wordCount\":506,\"commentCount\":0,\"image\":{\"@id\":\"https:\/\/fadeu.urantiacos.cl\/en\/2022\/01\/07\/consejo-superior-uc-aprobo-por-unanimidad-el-magister-en-planificacion-urbana\/#primaryimage\"},\"thumbnailUrl\":\"https:\/\/fadeu.urantiacos.cl\/wp-content\/uploads\/2023\/09\/WEB_Consejo_Superior_UC_aprobo_por_unanimidad_el_Magister_en_Planificacion_Urbana_.jpg\",\"articleSection\":[\"Sin categorizar\"],\"inLanguage\":\"en-US\",\"potentialAction\":[{\"@type\":\"CommentAction\",\"name\":\"Comment\",\"target\":[\"https:\/\/fadeu.urantiacos.cl\/en\/2022\/01\/07\/consejo-superior-uc-aprobo-por-unanimidad-el-magister-en-planificacion-urbana\/#respond\"]}]},{\"@type\":\"WebPage\",\"@id\":\"https:\/\/fadeu.urantiacos.cl\/en\/2022\/01\/07\/consejo-superior-uc-aprobo-por-unanimidad-el-magister-en-planificacion-urbana\/\",\"url\":\"https:\/\/fadeu.urantiacos.cl\/en\/2022\/01\/07\/consejo-superior-uc-aprobo-por-unanimidad-el-magister-en-planificacion-urbana\/\",\"name\":\"Consejo Superior UC aprob\u00f3 por unanimidad el Mag\u00edster en Planificaci\u00f3n Urbana - Facultad de Arquitectura, Dise\u00f1o y Estudios Urbanos\",\"isPartOf\":{\"@id\":\"https:\/\/fadeu.urantiacos.cl\/en\/#website\"},\"primaryImageOfPage\":{\"@id\":\"https:\/\/fadeu.urantiacos.cl\/en\/2022\/01\/07\/consejo-superior-uc-aprobo-por-unanimidad-el-magister-en-planificacion-urbana\/#primaryimage\"},\"image\":{\"@id\":\"https:\/\/fadeu.urantiacos.cl\/en\/2022\/01\/07\/consejo-superior-uc-aprobo-por-unanimidad-el-magister-en-planificacion-urbana\/#primaryimage\"},\"thumbnailUrl\":\"https:\/\/fadeu.urantiacos.cl\/wp-content\/uploads\/2023\/09\/WEB_Consejo_Superior_UC_aprobo_por_unanimidad_el_Magister_en_Planificacion_Urbana_.jpg\",\"datePublished\":\"2022-01-07T22:51:00+00:00\",\"dateModified\":\"2023-09-06T23:06:55+00:00\",\"author\":{\"@id\":\"https:\/\/fadeu.urantiacos.cl\/en\/#\/schema\/person\/d203e2e84b1c40275eac77b3061a19a2\"},\"description\":\"Por votaci\u00f3n un\u00e1nime, el Honorable Consejo Superior de la Pontificia Universidad Cat\u00f3lica de Chile, presidido por su Rector, Doctor Ignacio S\u00e1nchez, aprob\u00f3 el Mag\u00edster en Planificaci\u00f3n Urbana, un programa de postgrado de car\u00e1cter profesional que ser\u00e1 impartido por el Instituto de Estudios Urbanos y Territoriales.\",\"breadcrumb\":{\"@id\":\"https:\/\/fadeu.urantiacos.cl\/en\/2022\/01\/07\/consejo-superior-uc-aprobo-por-unanimidad-el-magister-en-planificacion-urbana\/#breadcrumb\"},\"inLanguage\":\"en-US\",\"potentialAction\":[{\"@type\":\"ReadAction\",\"target\":[\"https:\/\/fadeu.urantiacos.cl\/en\/2022\/01\/07\/consejo-superior-uc-aprobo-por-unanimidad-el-magister-en-planificacion-urbana\/\"]}]},{\"@type\":\"ImageObject\",\"inLanguage\":\"en-US\",\"@id\":\"https:\/\/fadeu.urantiacos.cl\/en\/2022\/01\/07\/consejo-superior-uc-aprobo-por-unanimidad-el-magister-en-planificacion-urbana\/#primaryimage\",\"url\":\"https:\/\/fadeu.urantiacos.cl\/wp-content\/uploads\/2023\/09\/WEB_Consejo_Superior_UC_aprobo_por_unanimidad_el_Magister_en_Planificacion_Urbana_.jpg\",\"contentUrl\":\"https:\/\/fadeu.urantiacos.cl\/wp-content\/uploads\/2023\/09\/WEB_Consejo_Superior_UC_aprobo_por_unanimidad_el_Magister_en_Planificacion_Urbana_.jpg\",\"width\":350,\"height\":250},{\"@type\":\"BreadcrumbList\",\"@id\":\"https:\/\/fadeu.urantiacos.cl\/en\/2022\/01\/07\/consejo-superior-uc-aprobo-por-unanimidad-el-magister-en-planificacion-urbana\/#breadcrumb\",\"itemListElement\":[{\"@type\":\"ListItem\",\"position\":1,\"name\":\"Portada\",\"item\":\"https:\/\/fadeu.urantiacos.cl\/en\/\"},{\"@type\":\"ListItem\",\"position\":2,\"name\":\"Consejo Superior UC aprob\u00f3 por unanimidad el Mag\u00edster en Planificaci\u00f3n Urbana\"}]},{\"@type\":\"WebSite\",\"@id\":\"https:\/\/fadeu.urantiacos.cl\/en\/#website\",\"url\":\"https:\/\/fadeu.urantiacos.cl\/en\/\",\"name\":\"Facultad de Arquitectura, Dise\u00f1o y Estudios Urbanos\",\"description\":\"Campus Lo Contador\",\"potentialAction\":[{\"@type\":\"SearchAction\",\"target\":{\"@type\":\"EntryPoint\",\"urlTemplate\":\"https:\/\/fadeu.urantiacos.cl\/en\/?s={search_term_string}\"},\"query-input\":{\"@type\":\"PropertyValueSpecification\",\"valueRequired\":true,\"valueName\":\"search_term_string\"}}],\"inLanguage\":\"en-US\"},{\"@type\":\"Person\",\"@id\":\"https:\/\/fadeu.urantiacos.cl\/en\/#\/schema\/person\/d203e2e84b1c40275eac77b3061a19a2\",\"name\":\"manadmin\",\"image\":{\"@type\":\"ImageObject\",\"inLanguage\":\"en-US\",\"@id\":\"https:\/\/fadeu.urantiacos.cl\/en\/#\/schema\/person\/image\/\",\"url\":\"https:\/\/secure.gravatar.com\/avatar\/4b1d8e3303b4a9d8968ac578947d8bc80d9aea359f388cdd4aac15cadc0e8447?s=96&d=mm&r=g\",\"contentUrl\":\"https:\/\/secure.gravatar.com\/avatar\/4b1d8e3303b4a9d8968ac578947d8bc80d9aea359f388cdd4aac15cadc0e8447?s=96&d=mm&r=g\",\"caption\":\"manadmin\"},\"sameAs\":[\"https:\/\/fadeu.urantiacos.cl\"]}]}<\/script>\n<!-- \/ Yoast SEO plugin. -->","yoast_head_json":{"title":"Consejo Superior UC aprob\u00f3 por unanimidad el Mag\u00edster en Planificaci\u00f3n Urbana - Facultad de Arquitectura, Dise\u00f1o y Estudios Urbanos","description":"Por votaci\u00f3n un\u00e1nime, el Honorable Consejo Superior de la Pontificia Universidad Cat\u00f3lica de Chile, presidido por su Rector, Doctor Ignacio S\u00e1nchez, aprob\u00f3 el Mag\u00edster en Planificaci\u00f3n Urbana, un programa de postgrado de car\u00e1cter profesional que ser\u00e1 impartido por el Instituto de Estudios Urbanos y Territoriales.","robots":{"index":"index","follow":"follow","max-snippet":"max-snippet:-1","max-image-preview":"max-image-preview:large","max-video-preview":"max-video-preview:-1"},"canonical":"https:\/\/fadeu.urantiacos.cl\/en\/2022\/01\/07\/consejo-superior-uc-aprobo-por-unanimidad-el-magister-en-planificacion-urbana\/","og_locale":"en_US","og_type":"article","og_title":"Consejo Superior UC aprob\u00f3 por unanimidad el Mag\u00edster en Planificaci\u00f3n Urbana - Facultad de Arquitectura, Dise\u00f1o y Estudios Urbanos","og_description":"Por votaci\u00f3n un\u00e1nime, el Honorable Consejo Superior de la Pontificia Universidad Cat\u00f3lica de Chile, presidido por su Rector, Doctor Ignacio S\u00e1nchez, aprob\u00f3 el Mag\u00edster en Planificaci\u00f3n Urbana, un programa de postgrado de car\u00e1cter profesional que ser\u00e1 impartido por el Instituto de Estudios Urbanos y Territoriales.","og_url":"https:\/\/fadeu.urantiacos.cl\/en\/2022\/01\/07\/consejo-superior-uc-aprobo-por-unanimidad-el-magister-en-planificacion-urbana\/","og_site_name":"Facultad de Arquitectura, Dise\u00f1o y Estudios Urbanos","article_published_time":"2022-01-07T22:51:00+00:00","article_modified_time":"2023-09-06T23:06:55+00:00","og_image":[{"width":350,"height":250,"url":"https:\/\/fadeu.urantiacos.cl\/wp-content\/uploads\/2023\/09\/WEB_Consejo_Superior_UC_aprobo_por_unanimidad_el_Magister_en_Planificacion_Urbana_.jpg","type":"image\/jpeg"}],"author":"manadmin","twitter_card":"summary_large_image","twitter_misc":{"Written by":"manadmin","Est. reading time":"2 minutes"},"schema":{"@context":"https:\/\/schema.org","@graph":[{"@type":"Article","@id":"https:\/\/fadeu.urantiacos.cl\/en\/2022\/01\/07\/consejo-superior-uc-aprobo-por-unanimidad-el-magister-en-planificacion-urbana\/#article","isPartOf":{"@id":"https:\/\/fadeu.urantiacos.cl\/en\/2022\/01\/07\/consejo-superior-uc-aprobo-por-unanimidad-el-magister-en-planificacion-urbana\/"},"author":{"name":"manadmin","@id":"https:\/\/fadeu.urantiacos.cl\/en\/#\/schema\/person\/d203e2e84b1c40275eac77b3061a19a2"},"headline":"Consejo Superior UC aprob\u00f3 por unanimidad el Mag\u00edster en Planificaci\u00f3n Urbana","datePublished":"2022-01-07T22:51:00+00:00","dateModified":"2023-09-06T23:06:55+00:00","mainEntityOfPage":{"@id":"https:\/\/fadeu.urantiacos.cl\/en\/2022\/01\/07\/consejo-superior-uc-aprobo-por-unanimidad-el-magister-en-planificacion-urbana\/"},"wordCount":506,"commentCount":0,"image":{"@id":"https:\/\/fadeu.urantiacos.cl\/en\/2022\/01\/07\/consejo-superior-uc-aprobo-por-unanimidad-el-magister-en-planificacion-urbana\/#primaryimage"},"thumbnailUrl":"https:\/\/fadeu.urantiacos.cl\/wp-content\/uploads\/2023\/09\/WEB_Consejo_Superior_UC_aprobo_por_unanimidad_el_Magister_en_Planificacion_Urbana_.jpg","articleSection":["Sin categorizar"],"inLanguage":"en-US","potentialAction":[{"@type":"CommentAction","name":"Comment","target":["https:\/\/fadeu.urantiacos.cl\/en\/2022\/01\/07\/consejo-superior-uc-aprobo-por-unanimidad-el-magister-en-planificacion-urbana\/#respond"]}]},{"@type":"WebPage","@id":"https:\/\/fadeu.urantiacos.cl\/en\/2022\/01\/07\/consejo-superior-uc-aprobo-por-unanimidad-el-magister-en-planificacion-urbana\/","url":"https:\/\/fadeu.urantiacos.cl\/en\/2022\/01\/07\/consejo-superior-uc-aprobo-por-unanimidad-el-magister-en-planificacion-urbana\/","name":"Consejo Superior UC aprob\u00f3 por unanimidad el Mag\u00edster en Planificaci\u00f3n Urbana - Facultad de Arquitectura, Dise\u00f1o y Estudios Urbanos","isPartOf":{"@id":"https:\/\/fadeu.urantiacos.cl\/en\/#website"},"primaryImageOfPage":{"@id":"https:\/\/fadeu.urantiacos.cl\/en\/2022\/01\/07\/consejo-superior-uc-aprobo-por-unanimidad-el-magister-en-planificacion-urbana\/#primaryimage"},"image":{"@id":"https:\/\/fadeu.urantiacos.cl\/en\/2022\/01\/07\/consejo-superior-uc-aprobo-por-unanimidad-el-magister-en-planificacion-urbana\/#primaryimage"},"thumbnailUrl":"https:\/\/fadeu.urantiacos.cl\/wp-content\/uploads\/2023\/09\/WEB_Consejo_Superior_UC_aprobo_por_unanimidad_el_Magister_en_Planificacion_Urbana_.jpg","datePublished":"2022-01-07T22:51:00+00:00","dateModified":"2023-09-06T23:06:55+00:00","author":{"@id":"https:\/\/fadeu.urantiacos.cl\/en\/#\/schema\/person\/d203e2e84b1c40275eac77b3061a19a2"},"description":"Por votaci\u00f3n un\u00e1nime, el Honorable Consejo Superior de la Pontificia Universidad Cat\u00f3lica de Chile, presidido por su Rector, Doctor Ignacio S\u00e1nchez, aprob\u00f3 el Mag\u00edster en Planificaci\u00f3n Urbana, un programa de postgrado de car\u00e1cter profesional que ser\u00e1 impartido por el Instituto de Estudios Urbanos y Territoriales.","breadcrumb":{"@id":"https:\/\/fadeu.urantiacos.cl\/en\/2022\/01\/07\/consejo-superior-uc-aprobo-por-unanimidad-el-magister-en-planificacion-urbana\/#breadcrumb"},"inLanguage":"en-US","potentialAction":[{"@type":"ReadAction","target":["https:\/\/fadeu.urantiacos.cl\/en\/2022\/01\/07\/consejo-superior-uc-aprobo-por-unanimidad-el-magister-en-planificacion-urbana\/"]}]},{"@type":"ImageObject","inLanguage":"en-US","@id":"https:\/\/fadeu.urantiacos.cl\/en\/2022\/01\/07\/consejo-superior-uc-aprobo-por-unanimidad-el-magister-en-planificacion-urbana\/#primaryimage","url":"https:\/\/fadeu.urantiacos.cl\/wp-content\/uploads\/2023\/09\/WEB_Consejo_Superior_UC_aprobo_por_unanimidad_el_Magister_en_Planificacion_Urbana_.jpg","contentUrl":"https:\/\/fadeu.urantiacos.cl\/wp-content\/uploads\/2023\/09\/WEB_Consejo_Superior_UC_aprobo_por_unanimidad_el_Magister_en_Planificacion_Urbana_.jpg","width":350,"height":250},{"@type":"BreadcrumbList","@id":"https:\/\/fadeu.urantiacos.cl\/en\/2022\/01\/07\/consejo-superior-uc-aprobo-por-unanimidad-el-magister-en-planificacion-urbana\/#breadcrumb","itemListElement":[{"@type":"ListItem","position":1,"name":"Portada","item":"https:\/\/fadeu.urantiacos.cl\/en\/"},{"@type":"ListItem","position":2,"name":"Consejo Superior UC aprob\u00f3 por unanimidad el Mag\u00edster en Planificaci\u00f3n Urbana"}]},{"@type":"WebSite","@id":"https:\/\/fadeu.urantiacos.cl\/en\/#website","url":"https:\/\/fadeu.urantiacos.cl\/en\/","name":"Facultad de Arquitectura, Dise\u00f1o y Estudios Urbanos","description":"Campus Lo Contador","potentialAction":[{"@type":"SearchAction","target":{"@type":"EntryPoint","urlTemplate":"https:\/\/fadeu.urantiacos.cl\/en\/?s={search_term_string}"},"query-input":{"@type":"PropertyValueSpecification","valueRequired":true,"valueName":"search_term_string"}}],"inLanguage":"en-US"},{"@type":"Person","@id":"https:\/\/fadeu.urantiacos.cl\/en\/#\/schema\/person\/d203e2e84b1c40275eac77b3061a19a2","name":"manadmin","image":{"@type":"ImageObject","inLanguage":"en-US","@id":"https:\/\/fadeu.urantiacos.cl\/en\/#\/schema\/person\/image\/","url":"https:\/\/secure.gravatar.com\/avatar\/4b1d8e3303b4a9d8968ac578947d8bc80d9aea359f388cdd4aac15cadc0e8447?s=96&d=mm&r=g","contentUrl":"https:\/\/secure.gravatar.com\/avatar\/4b1d8e3303b4a9d8968ac578947d8bc80d9aea359f388cdd4aac15cadc0e8447?s=96&d=mm&r=g","caption":"manadmin"},"sameAs":["https:\/\/fadeu.urantiacos.cl"]}]}},"_links":{"self":[{"href":"https:\/\/fadeu.urantiacos.cl\/en\/wp-json\/wp\/v2\/posts\/5632","targetHints":{"allow":["GET"]}}],"collection":[{"href":"https:\/\/fadeu.urantiacos.cl\/en\/wp-json\/wp\/v2\/posts"}],"about":[{"href":"https:\/\/fadeu.urantiacos.cl\/en\/wp-json\/wp\/v2\/types\/post"}],"author":[{"embeddable":true,"href":"https:\/\/fadeu.urantiacos.cl\/en\/wp-json\/wp\/v2\/users\/1"}],"replies":[{"embeddable":true,"href":"https:\/\/fadeu.urantiacos.cl\/en\/wp-json\/wp\/v2\/comments?post=5632"}],"version-history":[{"count":1,"href":"https:\/\/fadeu.urantiacos.cl\/en\/wp-json\/wp\/v2\/posts\/5632\/revisions"}],"predecessor-version":[{"id":5635,"href":"https:\/\/fadeu.urantiacos.cl\/en\/wp-json\/wp\/v2\/posts\/5632\/revisions\/5635"}],"wp:featuredmedia":[{"embeddable":true,"href":"https:\/\/fadeu.urantiacos.cl\/en\/wp-json\/wp\/v2\/media\/5633"}],"wp:attachment":[{"href":"https:\/\/fadeu.urantiacos.cl\/en\/wp-json\/wp\/v2\/media?parent=5632"}],"wp:term":[{"taxonomy":"category","embeddable":true,"href":"https:\/\/fadeu.urantiacos.cl\/en\/wp-json\/wp\/v2\/categories?post=5632"},{"taxonomy":"post_tag","embeddable":true,"href":"https:\/\/fadeu.urantiacos.cl\/en\/wp-json\/wp\/v2\/tags?post=5632"}],"curies":[{"name":"wp","href":"https:\/\/api.w.org\/{rel}","templated":true}]}}