{"id":5629,"date":"2022-09-07T19:49:00","date_gmt":"2022-09-07T22:49:00","guid":{"rendered":"https:\/\/fadeu.urantiacos.cl\/?p=5629"},"modified":"2023-09-06T19:51:35","modified_gmt":"2023-09-06T22:51:35","slug":"dino-bozzi-fue-uno-de-los-primeros-invitados-del-podcast-causa-comun-en-2022","status":"publish","type":"post","link":"https:\/\/fadeu.urantiacos.cl\/en\/2022\/09\/07\/dino-bozzi-fue-uno-de-los-primeros-invitados-del-podcast-causa-comun-en-2022\/","title":{"rendered":"Dino Bozzi fue uno de los primeros invitados del podcast Causa Com\u00fan en 2022"},"content":{"rendered":"\n<figure class=\"wp-block-image size-full\"><img decoding=\"async\" width=\"350\" height=\"250\" src=\"https:\/\/fadeu.urantiacos.cl\/wp-content\/uploads\/2023\/09\/web_Podcast-2-1080x675-1.jpg\" alt=\"\" class=\"wp-image-5630\" srcset=\"https:\/\/fadeu.urantiacos.cl\/wp-content\/uploads\/2023\/09\/web_Podcast-2-1080x675-1.jpg 350w, https:\/\/fadeu.urantiacos.cl\/wp-content\/uploads\/2023\/09\/web_Podcast-2-1080x675-1-300x214.jpg 300w\" sizes=\"(max-width: 350px) 100vw, 350px\" \/><\/figure>\n\n\n\n<p>Esta temporada del podcast \u2014de la Fundaci\u00f3n Lepe en conjunto con la Fundaci\u00f3n Aldea en conjunto y lanzado en alianza con OH! Santiago\u2014 tendr\u00e1 un total de 6 cap\u00edtulos. El primero, con Bozzi como invitado, hizo un recorrido hist\u00f3rico, social y urbano, evidenciando la importancia de Plaza Baquedano, que congrega a la ciudadan\u00eda santiaguina y es el term\u00f3metro social de los hitos capitalinos. As\u00ed, se gener\u00f3 una reflexi\u00f3n compartida sobre c\u00f3mo se ha constru\u00eddo la identidad del lugar y c\u00f3mo se proyecta p\u00fablicamente tras el estallido social.<\/p>\n\n\n\n<p>Sobre la plaza, Bozzi sostuvo que \u201ces esencialmente un lugar, es un gran cruce urbano, es un lugar donde confluye el centro de la ciudad\u201d, agregando que \u201csi le sumas esa situaci\u00f3n de cruce, de convergencia urbana, a una condici\u00f3n simb\u00f3lica, que es que separa la ciudad de todos de la ciudad de algunos, probablemente la presencia del general Baquedano, de Manuel Rodr\u00edguez y de Balmaceda, le dan un tono militarista, republicano, y al mismo tiempo bastante masculino\u201d.<\/p>\n\n\n\n<p>Tanto la apertura de OH! Santiago como el lanzamiento del podcast y la participaci\u00f3n de Bozzi fueron destacados en medios como&nbsp;<a href=\"https:\/\/www.t13.cl\/noticia\/nacional\/festival-oh-stgo-70-recorridos-gratuitos-23-comunas-rm-05-01-2022\" target=\"_blank\" rel=\"noreferrer noopener\">Tele13<\/a>&nbsp;y&nbsp;<a href=\"https:\/\/www.elmostrador.cl\/generacion-m\/generacion-destacados\/2022\/01\/05\/mas-de-70-lugares-abriran-sus-puertas-gratis-y-con-visitas-guiadas-en-la-nueva-version-del-festival-oh-stgo\/\" target=\"_blank\" rel=\"noreferrer noopener\">El Mostrador<\/a>.<\/p>\n\n\n\n<p>Escuchar el cap\u00edtulo del podcast en el siguiente&nbsp;<a href=\"https:\/\/fundacionlepe.cl\/podcast\/las-multiples-identidades-de-una-plaza\/\" target=\"_blank\" rel=\"noreferrer noopener\">link<\/a>&nbsp;<br>Ver m\u00e1s sobre el OH! Santiago en el siguiente&nbsp;<a href=\"https:\/\/ohstgo.cl\/\" target=\"_blank\" rel=\"noreferrer noopener\">link<\/a>&nbsp;<a href=\"https:\/\/ohstgo.cl\/\"><\/a><\/p>\n\n\n\n<p>Noticias<br>Contacto:&nbsp;<a href=\"mailto:redesarq@uc.cl\">redesarq@uc.cl<\/a>&nbsp;| +56 2 2354 7747<br>www.arquitectura.uc.cl<\/p>\n","protected":false},"excerpt":{"rendered":"<p>El d\u00eda jueves 06 de enero de 2022 \u2014en el contexto de la apertura del festival OH! Santiago\u2014 se present\u00f3 el primer cap\u00edtulo de la cuarta temporada del podcast Causa Com\u00fan, bajo el t\u00edtulo &#8220;Las m\u00faltiples identidades de una plaza&#8221;, episodio que consisti\u00f3 en un recorrido por la Plaza Baquedano guiado por Ivette Quezada y el profesor ARQ UC Dino Bozzi.<\/p>\n","protected":false},"author":1,"featured_media":5630,"comment_status":"open","ping_status":"open","sticky":false,"template":"","format":"standard","meta":{"_acf_changed":false,"footnotes":""},"categories":[1],"tags":[],"class_list":["post-5629","post","type-post","status-publish","format-standard","has-post-thumbnail","hentry","category-sin-categorizar"],"acf":[],"yoast_head":"<!-- This site is optimized with the Yoast SEO plugin v27.1.1 - https:\/\/yoast.com\/product\/yoast-seo-wordpress\/ -->\n<title>Dino Bozzi fue uno de los primeros invitados del podcast Causa Com\u00fan en 2022 - Facultad de Arquitectura, Dise\u00f1o y Estudios Urbanos<\/title>\n<meta name=\"description\" content=\"El d\u00eda jueves 06 de enero de 2022 \u2014en el contexto de la apertura del festival OH! Santiago\u2014 se present\u00f3 el primer cap\u00edtulo de la cuarta temporada del podcast Causa Com\u00fan, bajo el t\u00edtulo &quot;Las m\u00faltiples identidades de una plaza&quot;, episodio que consisti\u00f3 en un recorrido por la Plaza Baquedano guiado por Ivette Quezada y el profesor ARQ UC Dino Bozzi.\" \/>\n<meta name=\"robots\" content=\"index, follow, max-snippet:-1, max-image-preview:large, max-video-preview:-1\" \/>\n<link rel=\"canonical\" href=\"https:\/\/fadeu.urantiacos.cl\/en\/2022\/09\/07\/dino-bozzi-fue-uno-de-los-primeros-invitados-del-podcast-causa-comun-en-2022\/\" \/>\n<meta property=\"og:locale\" content=\"en_US\" \/>\n<meta property=\"og:type\" content=\"article\" \/>\n<meta property=\"og:title\" content=\"Dino Bozzi fue uno de los primeros invitados del podcast Causa Com\u00fan en 2022 - Facultad de Arquitectura, Dise\u00f1o y Estudios Urbanos\" \/>\n<meta property=\"og:description\" content=\"El d\u00eda jueves 06 de enero de 2022 \u2014en el contexto de la apertura del festival OH! Santiago\u2014 se present\u00f3 el primer cap\u00edtulo de la cuarta temporada del podcast Causa Com\u00fan, bajo el t\u00edtulo &quot;Las m\u00faltiples identidades de una plaza&quot;, episodio que consisti\u00f3 en un recorrido por la Plaza Baquedano guiado por Ivette Quezada y el profesor ARQ UC Dino Bozzi.\" \/>\n<meta property=\"og:url\" content=\"https:\/\/fadeu.urantiacos.cl\/en\/2022\/09\/07\/dino-bozzi-fue-uno-de-los-primeros-invitados-del-podcast-causa-comun-en-2022\/\" \/>\n<meta property=\"og:site_name\" content=\"Facultad de Arquitectura, Dise\u00f1o y Estudios Urbanos\" \/>\n<meta property=\"article:published_time\" content=\"2022-09-07T22:49:00+00:00\" \/>\n<meta property=\"article:modified_time\" content=\"2023-09-06T22:51:35+00:00\" \/>\n<meta property=\"og:image\" content=\"https:\/\/fadeu.urantiacos.cl\/wp-content\/uploads\/2023\/09\/web_Podcast-2-1080x675-1.jpg\" \/>\n\t<meta property=\"og:image:width\" content=\"350\" \/>\n\t<meta property=\"og:image:height\" content=\"250\" \/>\n\t<meta property=\"og:image:type\" content=\"image\/jpeg\" \/>\n<meta name=\"author\" content=\"manadmin\" \/>\n<meta name=\"twitter:card\" content=\"summary_large_image\" \/>\n<meta name=\"twitter:label1\" content=\"Written by\" \/>\n\t<meta name=\"twitter:data1\" content=\"manadmin\" \/>\n\t<meta name=\"twitter:label2\" content=\"Est. reading time\" \/>\n\t<meta name=\"twitter:data2\" content=\"1 minute\" \/>\n<script type=\"application\/ld+json\" class=\"yoast-schema-graph\">{\"@context\":\"https:\/\/schema.org\",\"@graph\":[{\"@type\":\"Article\",\"@id\":\"https:\/\/fadeu.urantiacos.cl\/en\/2022\/09\/07\/dino-bozzi-fue-uno-de-los-primeros-invitados-del-podcast-causa-comun-en-2022\/#article\",\"isPartOf\":{\"@id\":\"https:\/\/fadeu.urantiacos.cl\/en\/2022\/09\/07\/dino-bozzi-fue-uno-de-los-primeros-invitados-del-podcast-causa-comun-en-2022\/\"},\"author\":{\"name\":\"manadmin\",\"@id\":\"https:\/\/fadeu.urantiacos.cl\/en\/#\/schema\/person\/d203e2e84b1c40275eac77b3061a19a2\"},\"headline\":\"Dino Bozzi fue uno de los primeros invitados del podcast Causa Com\u00fan en 2022\",\"datePublished\":\"2022-09-07T22:49:00+00:00\",\"dateModified\":\"2023-09-06T22:51:35+00:00\",\"mainEntityOfPage\":{\"@id\":\"https:\/\/fadeu.urantiacos.cl\/en\/2022\/09\/07\/dino-bozzi-fue-uno-de-los-primeros-invitados-del-podcast-causa-comun-en-2022\/\"},\"wordCount\":257,\"commentCount\":0,\"image\":{\"@id\":\"https:\/\/fadeu.urantiacos.cl\/en\/2022\/09\/07\/dino-bozzi-fue-uno-de-los-primeros-invitados-del-podcast-causa-comun-en-2022\/#primaryimage\"},\"thumbnailUrl\":\"https:\/\/fadeu.urantiacos.cl\/wp-content\/uploads\/2023\/09\/web_Podcast-2-1080x675-1.jpg\",\"articleSection\":[\"Sin categorizar\"],\"inLanguage\":\"en-US\",\"potentialAction\":[{\"@type\":\"CommentAction\",\"name\":\"Comment\",\"target\":[\"https:\/\/fadeu.urantiacos.cl\/en\/2022\/09\/07\/dino-bozzi-fue-uno-de-los-primeros-invitados-del-podcast-causa-comun-en-2022\/#respond\"]}]},{\"@type\":\"WebPage\",\"@id\":\"https:\/\/fadeu.urantiacos.cl\/en\/2022\/09\/07\/dino-bozzi-fue-uno-de-los-primeros-invitados-del-podcast-causa-comun-en-2022\/\",\"url\":\"https:\/\/fadeu.urantiacos.cl\/en\/2022\/09\/07\/dino-bozzi-fue-uno-de-los-primeros-invitados-del-podcast-causa-comun-en-2022\/\",\"name\":\"Dino Bozzi fue uno de los primeros invitados del podcast Causa Com\u00fan en 2022 - Facultad de Arquitectura, Dise\u00f1o y Estudios Urbanos\",\"isPartOf\":{\"@id\":\"https:\/\/fadeu.urantiacos.cl\/en\/#website\"},\"primaryImageOfPage\":{\"@id\":\"https:\/\/fadeu.urantiacos.cl\/en\/2022\/09\/07\/dino-bozzi-fue-uno-de-los-primeros-invitados-del-podcast-causa-comun-en-2022\/#primaryimage\"},\"image\":{\"@id\":\"https:\/\/fadeu.urantiacos.cl\/en\/2022\/09\/07\/dino-bozzi-fue-uno-de-los-primeros-invitados-del-podcast-causa-comun-en-2022\/#primaryimage\"},\"thumbnailUrl\":\"https:\/\/fadeu.urantiacos.cl\/wp-content\/uploads\/2023\/09\/web_Podcast-2-1080x675-1.jpg\",\"datePublished\":\"2022-09-07T22:49:00+00:00\",\"dateModified\":\"2023-09-06T22:51:35+00:00\",\"author\":{\"@id\":\"https:\/\/fadeu.urantiacos.cl\/en\/#\/schema\/person\/d203e2e84b1c40275eac77b3061a19a2\"},\"description\":\"El d\u00eda jueves 06 de enero de 2022 \u2014en el contexto de la apertura del festival OH! Santiago\u2014 se present\u00f3 el primer cap\u00edtulo de la cuarta temporada del podcast Causa Com\u00fan, bajo el t\u00edtulo \\\"Las m\u00faltiples identidades de una plaza\\\", episodio que consisti\u00f3 en un recorrido por la Plaza Baquedano guiado por Ivette Quezada y el profesor ARQ UC Dino Bozzi.\",\"breadcrumb\":{\"@id\":\"https:\/\/fadeu.urantiacos.cl\/en\/2022\/09\/07\/dino-bozzi-fue-uno-de-los-primeros-invitados-del-podcast-causa-comun-en-2022\/#breadcrumb\"},\"inLanguage\":\"en-US\",\"potentialAction\":[{\"@type\":\"ReadAction\",\"target\":[\"https:\/\/fadeu.urantiacos.cl\/en\/2022\/09\/07\/dino-bozzi-fue-uno-de-los-primeros-invitados-del-podcast-causa-comun-en-2022\/\"]}]},{\"@type\":\"ImageObject\",\"inLanguage\":\"en-US\",\"@id\":\"https:\/\/fadeu.urantiacos.cl\/en\/2022\/09\/07\/dino-bozzi-fue-uno-de-los-primeros-invitados-del-podcast-causa-comun-en-2022\/#primaryimage\",\"url\":\"https:\/\/fadeu.urantiacos.cl\/wp-content\/uploads\/2023\/09\/web_Podcast-2-1080x675-1.jpg\",\"contentUrl\":\"https:\/\/fadeu.urantiacos.cl\/wp-content\/uploads\/2023\/09\/web_Podcast-2-1080x675-1.jpg\",\"width\":350,\"height\":250},{\"@type\":\"BreadcrumbList\",\"@id\":\"https:\/\/fadeu.urantiacos.cl\/en\/2022\/09\/07\/dino-bozzi-fue-uno-de-los-primeros-invitados-del-podcast-causa-comun-en-2022\/#breadcrumb\",\"itemListElement\":[{\"@type\":\"ListItem\",\"position\":1,\"name\":\"Portada\",\"item\":\"https:\/\/fadeu.urantiacos.cl\/en\/\"},{\"@type\":\"ListItem\",\"position\":2,\"name\":\"Dino Bozzi fue uno de los primeros invitados del podcast Causa Com\u00fan en 2022\"}]},{\"@type\":\"WebSite\",\"@id\":\"https:\/\/fadeu.urantiacos.cl\/en\/#website\",\"url\":\"https:\/\/fadeu.urantiacos.cl\/en\/\",\"name\":\"Facultad de Arquitectura, Dise\u00f1o y Estudios Urbanos\",\"description\":\"Campus Lo Contador\",\"potentialAction\":[{\"@type\":\"SearchAction\",\"target\":{\"@type\":\"EntryPoint\",\"urlTemplate\":\"https:\/\/fadeu.urantiacos.cl\/en\/?s={search_term_string}\"},\"query-input\":{\"@type\":\"PropertyValueSpecification\",\"valueRequired\":true,\"valueName\":\"search_term_string\"}}],\"inLanguage\":\"en-US\"},{\"@type\":\"Person\",\"@id\":\"https:\/\/fadeu.urantiacos.cl\/en\/#\/schema\/person\/d203e2e84b1c40275eac77b3061a19a2\",\"name\":\"manadmin\",\"image\":{\"@type\":\"ImageObject\",\"inLanguage\":\"en-US\",\"@id\":\"https:\/\/fadeu.urantiacos.cl\/en\/#\/schema\/person\/image\/\",\"url\":\"https:\/\/secure.gravatar.com\/avatar\/4b1d8e3303b4a9d8968ac578947d8bc80d9aea359f388cdd4aac15cadc0e8447?s=96&d=mm&r=g\",\"contentUrl\":\"https:\/\/secure.gravatar.com\/avatar\/4b1d8e3303b4a9d8968ac578947d8bc80d9aea359f388cdd4aac15cadc0e8447?s=96&d=mm&r=g\",\"caption\":\"manadmin\"},\"sameAs\":[\"https:\/\/fadeu.urantiacos.cl\"]}]}<\/script>\n<!-- \/ Yoast SEO plugin. -->","yoast_head_json":{"title":"Dino Bozzi fue uno de los primeros invitados del podcast Causa Com\u00fan en 2022 - Facultad de Arquitectura, Dise\u00f1o y Estudios Urbanos","description":"El d\u00eda jueves 06 de enero de 2022 \u2014en el contexto de la apertura del festival OH! Santiago\u2014 se present\u00f3 el primer cap\u00edtulo de la cuarta temporada del podcast Causa Com\u00fan, bajo el t\u00edtulo \"Las m\u00faltiples identidades de una plaza\", episodio que consisti\u00f3 en un recorrido por la Plaza Baquedano guiado por Ivette Quezada y el profesor ARQ UC Dino Bozzi.","robots":{"index":"index","follow":"follow","max-snippet":"max-snippet:-1","max-image-preview":"max-image-preview:large","max-video-preview":"max-video-preview:-1"},"canonical":"https:\/\/fadeu.urantiacos.cl\/en\/2022\/09\/07\/dino-bozzi-fue-uno-de-los-primeros-invitados-del-podcast-causa-comun-en-2022\/","og_locale":"en_US","og_type":"article","og_title":"Dino Bozzi fue uno de los primeros invitados del podcast Causa Com\u00fan en 2022 - Facultad de Arquitectura, Dise\u00f1o y Estudios Urbanos","og_description":"El d\u00eda jueves 06 de enero de 2022 \u2014en el contexto de la apertura del festival OH! Santiago\u2014 se present\u00f3 el primer cap\u00edtulo de la cuarta temporada del podcast Causa Com\u00fan, bajo el t\u00edtulo \"Las m\u00faltiples identidades de una plaza\", episodio que consisti\u00f3 en un recorrido por la Plaza Baquedano guiado por Ivette Quezada y el profesor ARQ UC Dino Bozzi.","og_url":"https:\/\/fadeu.urantiacos.cl\/en\/2022\/09\/07\/dino-bozzi-fue-uno-de-los-primeros-invitados-del-podcast-causa-comun-en-2022\/","og_site_name":"Facultad de Arquitectura, Dise\u00f1o y Estudios Urbanos","article_published_time":"2022-09-07T22:49:00+00:00","article_modified_time":"2023-09-06T22:51:35+00:00","og_image":[{"width":350,"height":250,"url":"https:\/\/fadeu.urantiacos.cl\/wp-content\/uploads\/2023\/09\/web_Podcast-2-1080x675-1.jpg","type":"image\/jpeg"}],"author":"manadmin","twitter_card":"summary_large_image","twitter_misc":{"Written by":"manadmin","Est. reading time":"1 minute"},"schema":{"@context":"https:\/\/schema.org","@graph":[{"@type":"Article","@id":"https:\/\/fadeu.urantiacos.cl\/en\/2022\/09\/07\/dino-bozzi-fue-uno-de-los-primeros-invitados-del-podcast-causa-comun-en-2022\/#article","isPartOf":{"@id":"https:\/\/fadeu.urantiacos.cl\/en\/2022\/09\/07\/dino-bozzi-fue-uno-de-los-primeros-invitados-del-podcast-causa-comun-en-2022\/"},"author":{"name":"manadmin","@id":"https:\/\/fadeu.urantiacos.cl\/en\/#\/schema\/person\/d203e2e84b1c40275eac77b3061a19a2"},"headline":"Dino Bozzi fue uno de los primeros invitados del podcast Causa Com\u00fan en 2022","datePublished":"2022-09-07T22:49:00+00:00","dateModified":"2023-09-06T22:51:35+00:00","mainEntityOfPage":{"@id":"https:\/\/fadeu.urantiacos.cl\/en\/2022\/09\/07\/dino-bozzi-fue-uno-de-los-primeros-invitados-del-podcast-causa-comun-en-2022\/"},"wordCount":257,"commentCount":0,"image":{"@id":"https:\/\/fadeu.urantiacos.cl\/en\/2022\/09\/07\/dino-bozzi-fue-uno-de-los-primeros-invitados-del-podcast-causa-comun-en-2022\/#primaryimage"},"thumbnailUrl":"https:\/\/fadeu.urantiacos.cl\/wp-content\/uploads\/2023\/09\/web_Podcast-2-1080x675-1.jpg","articleSection":["Sin categorizar"],"inLanguage":"en-US","potentialAction":[{"@type":"CommentAction","name":"Comment","target":["https:\/\/fadeu.urantiacos.cl\/en\/2022\/09\/07\/dino-bozzi-fue-uno-de-los-primeros-invitados-del-podcast-causa-comun-en-2022\/#respond"]}]},{"@type":"WebPage","@id":"https:\/\/fadeu.urantiacos.cl\/en\/2022\/09\/07\/dino-bozzi-fue-uno-de-los-primeros-invitados-del-podcast-causa-comun-en-2022\/","url":"https:\/\/fadeu.urantiacos.cl\/en\/2022\/09\/07\/dino-bozzi-fue-uno-de-los-primeros-invitados-del-podcast-causa-comun-en-2022\/","name":"Dino Bozzi fue uno de los primeros invitados del podcast Causa Com\u00fan en 2022 - Facultad de Arquitectura, Dise\u00f1o y Estudios Urbanos","isPartOf":{"@id":"https:\/\/fadeu.urantiacos.cl\/en\/#website"},"primaryImageOfPage":{"@id":"https:\/\/fadeu.urantiacos.cl\/en\/2022\/09\/07\/dino-bozzi-fue-uno-de-los-primeros-invitados-del-podcast-causa-comun-en-2022\/#primaryimage"},"image":{"@id":"https:\/\/fadeu.urantiacos.cl\/en\/2022\/09\/07\/dino-bozzi-fue-uno-de-los-primeros-invitados-del-podcast-causa-comun-en-2022\/#primaryimage"},"thumbnailUrl":"https:\/\/fadeu.urantiacos.cl\/wp-content\/uploads\/2023\/09\/web_Podcast-2-1080x675-1.jpg","datePublished":"2022-09-07T22:49:00+00:00","dateModified":"2023-09-06T22:51:35+00:00","author":{"@id":"https:\/\/fadeu.urantiacos.cl\/en\/#\/schema\/person\/d203e2e84b1c40275eac77b3061a19a2"},"description":"El d\u00eda jueves 06 de enero de 2022 \u2014en el contexto de la apertura del festival OH! Santiago\u2014 se present\u00f3 el primer cap\u00edtulo de la cuarta temporada del podcast Causa Com\u00fan, bajo el t\u00edtulo \"Las m\u00faltiples identidades de una plaza\", episodio que consisti\u00f3 en un recorrido por la Plaza Baquedano guiado por Ivette Quezada y el profesor ARQ UC Dino Bozzi.","breadcrumb":{"@id":"https:\/\/fadeu.urantiacos.cl\/en\/2022\/09\/07\/dino-bozzi-fue-uno-de-los-primeros-invitados-del-podcast-causa-comun-en-2022\/#breadcrumb"},"inLanguage":"en-US","potentialAction":[{"@type":"ReadAction","target":["https:\/\/fadeu.urantiacos.cl\/en\/2022\/09\/07\/dino-bozzi-fue-uno-de-los-primeros-invitados-del-podcast-causa-comun-en-2022\/"]}]},{"@type":"ImageObject","inLanguage":"en-US","@id":"https:\/\/fadeu.urantiacos.cl\/en\/2022\/09\/07\/dino-bozzi-fue-uno-de-los-primeros-invitados-del-podcast-causa-comun-en-2022\/#primaryimage","url":"https:\/\/fadeu.urantiacos.cl\/wp-content\/uploads\/2023\/09\/web_Podcast-2-1080x675-1.jpg","contentUrl":"https:\/\/fadeu.urantiacos.cl\/wp-content\/uploads\/2023\/09\/web_Podcast-2-1080x675-1.jpg","width":350,"height":250},{"@type":"BreadcrumbList","@id":"https:\/\/fadeu.urantiacos.cl\/en\/2022\/09\/07\/dino-bozzi-fue-uno-de-los-primeros-invitados-del-podcast-causa-comun-en-2022\/#breadcrumb","itemListElement":[{"@type":"ListItem","position":1,"name":"Portada","item":"https:\/\/fadeu.urantiacos.cl\/en\/"},{"@type":"ListItem","position":2,"name":"Dino Bozzi fue uno de los primeros invitados del podcast Causa Com\u00fan en 2022"}]},{"@type":"WebSite","@id":"https:\/\/fadeu.urantiacos.cl\/en\/#website","url":"https:\/\/fadeu.urantiacos.cl\/en\/","name":"Facultad de Arquitectura, Dise\u00f1o y Estudios Urbanos","description":"Campus Lo Contador","potentialAction":[{"@type":"SearchAction","target":{"@type":"EntryPoint","urlTemplate":"https:\/\/fadeu.urantiacos.cl\/en\/?s={search_term_string}"},"query-input":{"@type":"PropertyValueSpecification","valueRequired":true,"valueName":"search_term_string"}}],"inLanguage":"en-US"},{"@type":"Person","@id":"https:\/\/fadeu.urantiacos.cl\/en\/#\/schema\/person\/d203e2e84b1c40275eac77b3061a19a2","name":"manadmin","image":{"@type":"ImageObject","inLanguage":"en-US","@id":"https:\/\/fadeu.urantiacos.cl\/en\/#\/schema\/person\/image\/","url":"https:\/\/secure.gravatar.com\/avatar\/4b1d8e3303b4a9d8968ac578947d8bc80d9aea359f388cdd4aac15cadc0e8447?s=96&d=mm&r=g","contentUrl":"https:\/\/secure.gravatar.com\/avatar\/4b1d8e3303b4a9d8968ac578947d8bc80d9aea359f388cdd4aac15cadc0e8447?s=96&d=mm&r=g","caption":"manadmin"},"sameAs":["https:\/\/fadeu.urantiacos.cl"]}]}},"_links":{"self":[{"href":"https:\/\/fadeu.urantiacos.cl\/en\/wp-json\/wp\/v2\/posts\/5629","targetHints":{"allow":["GET"]}}],"collection":[{"href":"https:\/\/fadeu.urantiacos.cl\/en\/wp-json\/wp\/v2\/posts"}],"about":[{"href":"https:\/\/fadeu.urantiacos.cl\/en\/wp-json\/wp\/v2\/types\/post"}],"author":[{"embeddable":true,"href":"https:\/\/fadeu.urantiacos.cl\/en\/wp-json\/wp\/v2\/users\/1"}],"replies":[{"embeddable":true,"href":"https:\/\/fadeu.urantiacos.cl\/en\/wp-json\/wp\/v2\/comments?post=5629"}],"version-history":[{"count":1,"href":"https:\/\/fadeu.urantiacos.cl\/en\/wp-json\/wp\/v2\/posts\/5629\/revisions"}],"predecessor-version":[{"id":5631,"href":"https:\/\/fadeu.urantiacos.cl\/en\/wp-json\/wp\/v2\/posts\/5629\/revisions\/5631"}],"wp:featuredmedia":[{"embeddable":true,"href":"https:\/\/fadeu.urantiacos.cl\/en\/wp-json\/wp\/v2\/media\/5630"}],"wp:attachment":[{"href":"https:\/\/fadeu.urantiacos.cl\/en\/wp-json\/wp\/v2\/media?parent=5629"}],"wp:term":[{"taxonomy":"category","embeddable":true,"href":"https:\/\/fadeu.urantiacos.cl\/en\/wp-json\/wp\/v2\/categories?post=5629"},{"taxonomy":"post_tag","embeddable":true,"href":"https:\/\/fadeu.urantiacos.cl\/en\/wp-json\/wp\/v2\/tags?post=5629"}],"curies":[{"name":"wp","href":"https:\/\/api.w.org\/{rel}","templated":true}]}}