{"id":5622,"date":"2022-01-09T19:45:00","date_gmt":"2022-01-09T22:45:00","guid":{"rendered":"https:\/\/fadeu.urantiacos.cl\/?p=5622"},"modified":"2023-10-23T16:57:12","modified_gmt":"2023-10-23T19:57:12","slug":"osvaldo-moreno-sera-uno-de-los-representantes-de-la-uc-en-planetary-health-de-u21","status":"publish","type":"post","link":"https:\/\/fadeu.urantiacos.cl\/en\/2022\/01\/09\/osvaldo-moreno-sera-uno-de-los-representantes-de-la-uc-en-planetary-health-de-u21\/","title":{"rendered":"Osvaldo Moreno ser\u00e1 uno de los representantes de la UC en \u201cPlanetary Health\u201d de U21"},"content":{"rendered":"\n<figure class=\"wp-block-image size-full\"><img decoding=\"async\" width=\"350\" height=\"250\" src=\"https:\/\/fadeu.urantiacos.cl\/wp-content\/uploads\/2023\/09\/WEB_ecr_workshop_2022_banner_1-1.png\" alt=\"\" class=\"wp-image-5623\" srcset=\"https:\/\/fadeu.urantiacos.cl\/wp-content\/uploads\/2023\/09\/WEB_ecr_workshop_2022_banner_1-1.png 350w, https:\/\/fadeu.urantiacos.cl\/wp-content\/uploads\/2023\/09\/WEB_ecr_workshop_2022_banner_1-1-300x214.png 300w\" sizes=\"(max-width: 350px) 100vw, 350px\" \/><\/figure>\n\n\n\n<p>El objetivo del workshop \u2014que se realizar\u00e1 de forma remota entre el 21 y el 25 de febrero de 2022\u2014 es fortalecer la colaboraci\u00f3n entre las universidades en el \u00e1mbito de la investigaci\u00f3n para as\u00ed desarrollar estrategias transformadoras que cumplan con los objetivos de desarrollo sostenible. En ese sentido, el profesor ARQ UC Osvaldo Moreno profundizar\u00e1 en 4 l\u00edneas de investigaci\u00f3n: en primer lugar, la planificaci\u00f3n del paisaje, infraestructura verde y soluciones basadas en la naturaleza para la resiliencia urbana ante desastres y efectos del cambio clim\u00e1tico; en segundo, la rehabilitaci\u00f3n del paisaje y la integraci\u00f3n de infraestructuras postindustriales y ambientales pasivas; en tercero, el dise\u00f1o urbano centrado en el agua para ciudades resilientes; y por \u00faltimo, los paisajes culturales, su planificaci\u00f3n y gesti\u00f3n.<\/p>\n\n\n\n<p>Para el acad\u00e9mico y jefe del MAPA, estos son temas muy relevantes para la agenda p\u00fablica de Chile en vista de los Objetivos de Desarrollo Sostenible (ODS) de la ONU. Asimismo, enfatiza que, para fortalecer el desarrollo de los programas, planes y proyectos en las ciudades, es fundamental mejorar su enfoque conceptual y marco metodol\u00f3gico con el fin de tener un impacto m\u00e1s eficaz en la soluci\u00f3n de los problemas.<\/p>\n\n\n\n<p>Noticias<br>Contacto:&nbsp;<a href=\"mailto:redesarq@uc.cl\">redesarq@uc.cl<\/a>&nbsp;| +56 2 2354 7747<br>www.arquitectura.uc.cl<\/p>\n","protected":false},"excerpt":{"rendered":"<p>El profesor ARQ UC y jefe del Mag\u00edster en Arquitectura del Paisaje UC (MAPA) fue seleccionado \u2014tras un proceso que convoc\u00f3 a todas las facultades de la universidad\u2014 como uno de los cinco investigadores que representar\u00e1n a la UC en el workshop internacional U21 Early Career Researcher Workshop \u201cPlanetary Health\u201d.<\/p>\n","protected":false},"author":1,"featured_media":5623,"comment_status":"open","ping_status":"open","sticky":false,"template":"","format":"standard","meta":{"_acf_changed":false,"footnotes":""},"categories":[1],"tags":[],"class_list":["post-5622","post","type-post","status-publish","format-standard","has-post-thumbnail","hentry","category-sin-categorizar"],"acf":[],"yoast_head":"<!-- This site is optimized with the Yoast SEO plugin v27.1.1 - https:\/\/yoast.com\/product\/yoast-seo-wordpress\/ -->\n<title>Osvaldo Moreno ser\u00e1 uno de los representantes de la UC en \u201cPlanetary Health\u201d de U21 - Facultad de Arquitectura, Dise\u00f1o y Estudios Urbanos<\/title>\n<meta name=\"description\" content=\"El profesor ARQ UC y jefe del Mag\u00edster en Arquitectura del Paisaje UC (MAPA) fue seleccionado \u2014tras un proceso que convoc\u00f3 a todas las facultades de la universidad\u2014 como uno de los cinco investigadores que representar\u00e1n a la UC en el workshop internacional U21 Early Career Researcher Workshop \u201cPlanetary Health\u201d.\" \/>\n<meta name=\"robots\" content=\"index, follow, max-snippet:-1, max-image-preview:large, max-video-preview:-1\" \/>\n<link rel=\"canonical\" href=\"https:\/\/fadeu.urantiacos.cl\/en\/2022\/01\/09\/osvaldo-moreno-sera-uno-de-los-representantes-de-la-uc-en-planetary-health-de-u21\/\" \/>\n<meta property=\"og:locale\" content=\"en_US\" \/>\n<meta property=\"og:type\" content=\"article\" \/>\n<meta property=\"og:title\" content=\"Osvaldo Moreno ser\u00e1 uno de los representantes de la UC en \u201cPlanetary Health\u201d de U21 - Facultad de Arquitectura, Dise\u00f1o y Estudios Urbanos\" \/>\n<meta property=\"og:description\" content=\"El profesor ARQ UC y jefe del Mag\u00edster en Arquitectura del Paisaje UC (MAPA) fue seleccionado \u2014tras un proceso que convoc\u00f3 a todas las facultades de la universidad\u2014 como uno de los cinco investigadores que representar\u00e1n a la UC en el workshop internacional U21 Early Career Researcher Workshop \u201cPlanetary Health\u201d.\" \/>\n<meta property=\"og:url\" content=\"https:\/\/fadeu.urantiacos.cl\/en\/2022\/01\/09\/osvaldo-moreno-sera-uno-de-los-representantes-de-la-uc-en-planetary-health-de-u21\/\" \/>\n<meta property=\"og:site_name\" content=\"Facultad de Arquitectura, Dise\u00f1o y Estudios Urbanos\" \/>\n<meta property=\"article:published_time\" content=\"2022-01-09T22:45:00+00:00\" \/>\n<meta property=\"article:modified_time\" content=\"2023-10-23T19:57:12+00:00\" \/>\n<meta property=\"og:image\" content=\"https:\/\/fadeu.urantiacos.cl\/wp-content\/uploads\/2023\/09\/WEB_ecr_workshop_2022_banner_1-1.png\" \/>\n\t<meta property=\"og:image:width\" content=\"350\" \/>\n\t<meta property=\"og:image:height\" content=\"250\" \/>\n\t<meta property=\"og:image:type\" content=\"image\/png\" \/>\n<meta name=\"author\" content=\"manadmin\" \/>\n<meta name=\"twitter:card\" content=\"summary_large_image\" \/>\n<meta name=\"twitter:label1\" content=\"Written by\" \/>\n\t<meta name=\"twitter:data1\" content=\"manadmin\" \/>\n\t<meta name=\"twitter:label2\" content=\"Est. reading time\" \/>\n\t<meta name=\"twitter:data2\" content=\"2 minutes\" \/>\n<script type=\"application\/ld+json\" class=\"yoast-schema-graph\">{\"@context\":\"https:\/\/schema.org\",\"@graph\":[{\"@type\":\"Article\",\"@id\":\"https:\/\/fadeu.urantiacos.cl\/en\/2022\/01\/09\/osvaldo-moreno-sera-uno-de-los-representantes-de-la-uc-en-planetary-health-de-u21\/#article\",\"isPartOf\":{\"@id\":\"https:\/\/fadeu.urantiacos.cl\/en\/2022\/01\/09\/osvaldo-moreno-sera-uno-de-los-representantes-de-la-uc-en-planetary-health-de-u21\/\"},\"author\":{\"name\":\"manadmin\",\"@id\":\"https:\/\/fadeu.urantiacos.cl\/en\/#\/schema\/person\/d203e2e84b1c40275eac77b3061a19a2\"},\"headline\":\"Osvaldo Moreno ser\u00e1 uno de los representantes de la UC en \u201cPlanetary Health\u201d de U21\",\"datePublished\":\"2022-01-09T22:45:00+00:00\",\"dateModified\":\"2023-10-23T19:57:12+00:00\",\"mainEntityOfPage\":{\"@id\":\"https:\/\/fadeu.urantiacos.cl\/en\/2022\/01\/09\/osvaldo-moreno-sera-uno-de-los-representantes-de-la-uc-en-planetary-health-de-u21\/\"},\"wordCount\":231,\"commentCount\":0,\"image\":{\"@id\":\"https:\/\/fadeu.urantiacos.cl\/en\/2022\/01\/09\/osvaldo-moreno-sera-uno-de-los-representantes-de-la-uc-en-planetary-health-de-u21\/#primaryimage\"},\"thumbnailUrl\":\"https:\/\/fadeu.urantiacos.cl\/wp-content\/uploads\/2023\/09\/WEB_ecr_workshop_2022_banner_1-1.png\",\"articleSection\":[\"Sin categorizar\"],\"inLanguage\":\"en-US\",\"potentialAction\":[{\"@type\":\"CommentAction\",\"name\":\"Comment\",\"target\":[\"https:\/\/fadeu.urantiacos.cl\/en\/2022\/01\/09\/osvaldo-moreno-sera-uno-de-los-representantes-de-la-uc-en-planetary-health-de-u21\/#respond\"]}]},{\"@type\":\"WebPage\",\"@id\":\"https:\/\/fadeu.urantiacos.cl\/en\/2022\/01\/09\/osvaldo-moreno-sera-uno-de-los-representantes-de-la-uc-en-planetary-health-de-u21\/\",\"url\":\"https:\/\/fadeu.urantiacos.cl\/en\/2022\/01\/09\/osvaldo-moreno-sera-uno-de-los-representantes-de-la-uc-en-planetary-health-de-u21\/\",\"name\":\"Osvaldo Moreno ser\u00e1 uno de los representantes de la UC en \u201cPlanetary Health\u201d de U21 - Facultad de Arquitectura, Dise\u00f1o y Estudios Urbanos\",\"isPartOf\":{\"@id\":\"https:\/\/fadeu.urantiacos.cl\/en\/#website\"},\"primaryImageOfPage\":{\"@id\":\"https:\/\/fadeu.urantiacos.cl\/en\/2022\/01\/09\/osvaldo-moreno-sera-uno-de-los-representantes-de-la-uc-en-planetary-health-de-u21\/#primaryimage\"},\"image\":{\"@id\":\"https:\/\/fadeu.urantiacos.cl\/en\/2022\/01\/09\/osvaldo-moreno-sera-uno-de-los-representantes-de-la-uc-en-planetary-health-de-u21\/#primaryimage\"},\"thumbnailUrl\":\"https:\/\/fadeu.urantiacos.cl\/wp-content\/uploads\/2023\/09\/WEB_ecr_workshop_2022_banner_1-1.png\",\"datePublished\":\"2022-01-09T22:45:00+00:00\",\"dateModified\":\"2023-10-23T19:57:12+00:00\",\"author\":{\"@id\":\"https:\/\/fadeu.urantiacos.cl\/en\/#\/schema\/person\/d203e2e84b1c40275eac77b3061a19a2\"},\"description\":\"El profesor ARQ UC y jefe del Mag\u00edster en Arquitectura del Paisaje UC (MAPA) fue seleccionado \u2014tras un proceso que convoc\u00f3 a todas las facultades de la universidad\u2014 como uno de los cinco investigadores que representar\u00e1n a la UC en el workshop internacional U21 Early Career Researcher Workshop \u201cPlanetary Health\u201d.\",\"breadcrumb\":{\"@id\":\"https:\/\/fadeu.urantiacos.cl\/en\/2022\/01\/09\/osvaldo-moreno-sera-uno-de-los-representantes-de-la-uc-en-planetary-health-de-u21\/#breadcrumb\"},\"inLanguage\":\"en-US\",\"potentialAction\":[{\"@type\":\"ReadAction\",\"target\":[\"https:\/\/fadeu.urantiacos.cl\/en\/2022\/01\/09\/osvaldo-moreno-sera-uno-de-los-representantes-de-la-uc-en-planetary-health-de-u21\/\"]}]},{\"@type\":\"ImageObject\",\"inLanguage\":\"en-US\",\"@id\":\"https:\/\/fadeu.urantiacos.cl\/en\/2022\/01\/09\/osvaldo-moreno-sera-uno-de-los-representantes-de-la-uc-en-planetary-health-de-u21\/#primaryimage\",\"url\":\"https:\/\/fadeu.urantiacos.cl\/wp-content\/uploads\/2023\/09\/WEB_ecr_workshop_2022_banner_1-1.png\",\"contentUrl\":\"https:\/\/fadeu.urantiacos.cl\/wp-content\/uploads\/2023\/09\/WEB_ecr_workshop_2022_banner_1-1.png\",\"width\":350,\"height\":250},{\"@type\":\"BreadcrumbList\",\"@id\":\"https:\/\/fadeu.urantiacos.cl\/en\/2022\/01\/09\/osvaldo-moreno-sera-uno-de-los-representantes-de-la-uc-en-planetary-health-de-u21\/#breadcrumb\",\"itemListElement\":[{\"@type\":\"ListItem\",\"position\":1,\"name\":\"Portada\",\"item\":\"https:\/\/fadeu.urantiacos.cl\/en\/\"},{\"@type\":\"ListItem\",\"position\":2,\"name\":\"Osvaldo Moreno ser\u00e1 uno de los representantes de la UC en \u201cPlanetary Health\u201d de U21\"}]},{\"@type\":\"WebSite\",\"@id\":\"https:\/\/fadeu.urantiacos.cl\/en\/#website\",\"url\":\"https:\/\/fadeu.urantiacos.cl\/en\/\",\"name\":\"Facultad de Arquitectura, Dise\u00f1o y Estudios Urbanos\",\"description\":\"Campus Lo Contador\",\"potentialAction\":[{\"@type\":\"SearchAction\",\"target\":{\"@type\":\"EntryPoint\",\"urlTemplate\":\"https:\/\/fadeu.urantiacos.cl\/en\/?s={search_term_string}\"},\"query-input\":{\"@type\":\"PropertyValueSpecification\",\"valueRequired\":true,\"valueName\":\"search_term_string\"}}],\"inLanguage\":\"en-US\"},{\"@type\":\"Person\",\"@id\":\"https:\/\/fadeu.urantiacos.cl\/en\/#\/schema\/person\/d203e2e84b1c40275eac77b3061a19a2\",\"name\":\"manadmin\",\"image\":{\"@type\":\"ImageObject\",\"inLanguage\":\"en-US\",\"@id\":\"https:\/\/fadeu.urantiacos.cl\/en\/#\/schema\/person\/image\/\",\"url\":\"https:\/\/secure.gravatar.com\/avatar\/4b1d8e3303b4a9d8968ac578947d8bc80d9aea359f388cdd4aac15cadc0e8447?s=96&d=mm&r=g\",\"contentUrl\":\"https:\/\/secure.gravatar.com\/avatar\/4b1d8e3303b4a9d8968ac578947d8bc80d9aea359f388cdd4aac15cadc0e8447?s=96&d=mm&r=g\",\"caption\":\"manadmin\"},\"sameAs\":[\"https:\/\/fadeu.urantiacos.cl\"]}]}<\/script>\n<!-- \/ Yoast SEO plugin. -->","yoast_head_json":{"title":"Osvaldo Moreno ser\u00e1 uno de los representantes de la UC en \u201cPlanetary Health\u201d de U21 - Facultad de Arquitectura, Dise\u00f1o y Estudios Urbanos","description":"El profesor ARQ UC y jefe del Mag\u00edster en Arquitectura del Paisaje UC (MAPA) fue seleccionado \u2014tras un proceso que convoc\u00f3 a todas las facultades de la universidad\u2014 como uno de los cinco investigadores que representar\u00e1n a la UC en el workshop internacional U21 Early Career Researcher Workshop \u201cPlanetary Health\u201d.","robots":{"index":"index","follow":"follow","max-snippet":"max-snippet:-1","max-image-preview":"max-image-preview:large","max-video-preview":"max-video-preview:-1"},"canonical":"https:\/\/fadeu.urantiacos.cl\/en\/2022\/01\/09\/osvaldo-moreno-sera-uno-de-los-representantes-de-la-uc-en-planetary-health-de-u21\/","og_locale":"en_US","og_type":"article","og_title":"Osvaldo Moreno ser\u00e1 uno de los representantes de la UC en \u201cPlanetary Health\u201d de U21 - Facultad de Arquitectura, Dise\u00f1o y Estudios Urbanos","og_description":"El profesor ARQ UC y jefe del Mag\u00edster en Arquitectura del Paisaje UC (MAPA) fue seleccionado \u2014tras un proceso que convoc\u00f3 a todas las facultades de la universidad\u2014 como uno de los cinco investigadores que representar\u00e1n a la UC en el workshop internacional U21 Early Career Researcher Workshop \u201cPlanetary Health\u201d.","og_url":"https:\/\/fadeu.urantiacos.cl\/en\/2022\/01\/09\/osvaldo-moreno-sera-uno-de-los-representantes-de-la-uc-en-planetary-health-de-u21\/","og_site_name":"Facultad de Arquitectura, Dise\u00f1o y Estudios Urbanos","article_published_time":"2022-01-09T22:45:00+00:00","article_modified_time":"2023-10-23T19:57:12+00:00","og_image":[{"width":350,"height":250,"url":"https:\/\/fadeu.urantiacos.cl\/wp-content\/uploads\/2023\/09\/WEB_ecr_workshop_2022_banner_1-1.png","type":"image\/png"}],"author":"manadmin","twitter_card":"summary_large_image","twitter_misc":{"Written by":"manadmin","Est. reading time":"2 minutes"},"schema":{"@context":"https:\/\/schema.org","@graph":[{"@type":"Article","@id":"https:\/\/fadeu.urantiacos.cl\/en\/2022\/01\/09\/osvaldo-moreno-sera-uno-de-los-representantes-de-la-uc-en-planetary-health-de-u21\/#article","isPartOf":{"@id":"https:\/\/fadeu.urantiacos.cl\/en\/2022\/01\/09\/osvaldo-moreno-sera-uno-de-los-representantes-de-la-uc-en-planetary-health-de-u21\/"},"author":{"name":"manadmin","@id":"https:\/\/fadeu.urantiacos.cl\/en\/#\/schema\/person\/d203e2e84b1c40275eac77b3061a19a2"},"headline":"Osvaldo Moreno ser\u00e1 uno de los representantes de la UC en \u201cPlanetary Health\u201d de U21","datePublished":"2022-01-09T22:45:00+00:00","dateModified":"2023-10-23T19:57:12+00:00","mainEntityOfPage":{"@id":"https:\/\/fadeu.urantiacos.cl\/en\/2022\/01\/09\/osvaldo-moreno-sera-uno-de-los-representantes-de-la-uc-en-planetary-health-de-u21\/"},"wordCount":231,"commentCount":0,"image":{"@id":"https:\/\/fadeu.urantiacos.cl\/en\/2022\/01\/09\/osvaldo-moreno-sera-uno-de-los-representantes-de-la-uc-en-planetary-health-de-u21\/#primaryimage"},"thumbnailUrl":"https:\/\/fadeu.urantiacos.cl\/wp-content\/uploads\/2023\/09\/WEB_ecr_workshop_2022_banner_1-1.png","articleSection":["Sin categorizar"],"inLanguage":"en-US","potentialAction":[{"@type":"CommentAction","name":"Comment","target":["https:\/\/fadeu.urantiacos.cl\/en\/2022\/01\/09\/osvaldo-moreno-sera-uno-de-los-representantes-de-la-uc-en-planetary-health-de-u21\/#respond"]}]},{"@type":"WebPage","@id":"https:\/\/fadeu.urantiacos.cl\/en\/2022\/01\/09\/osvaldo-moreno-sera-uno-de-los-representantes-de-la-uc-en-planetary-health-de-u21\/","url":"https:\/\/fadeu.urantiacos.cl\/en\/2022\/01\/09\/osvaldo-moreno-sera-uno-de-los-representantes-de-la-uc-en-planetary-health-de-u21\/","name":"Osvaldo Moreno ser\u00e1 uno de los representantes de la UC en \u201cPlanetary Health\u201d de U21 - Facultad de Arquitectura, Dise\u00f1o y Estudios Urbanos","isPartOf":{"@id":"https:\/\/fadeu.urantiacos.cl\/en\/#website"},"primaryImageOfPage":{"@id":"https:\/\/fadeu.urantiacos.cl\/en\/2022\/01\/09\/osvaldo-moreno-sera-uno-de-los-representantes-de-la-uc-en-planetary-health-de-u21\/#primaryimage"},"image":{"@id":"https:\/\/fadeu.urantiacos.cl\/en\/2022\/01\/09\/osvaldo-moreno-sera-uno-de-los-representantes-de-la-uc-en-planetary-health-de-u21\/#primaryimage"},"thumbnailUrl":"https:\/\/fadeu.urantiacos.cl\/wp-content\/uploads\/2023\/09\/WEB_ecr_workshop_2022_banner_1-1.png","datePublished":"2022-01-09T22:45:00+00:00","dateModified":"2023-10-23T19:57:12+00:00","author":{"@id":"https:\/\/fadeu.urantiacos.cl\/en\/#\/schema\/person\/d203e2e84b1c40275eac77b3061a19a2"},"description":"El profesor ARQ UC y jefe del Mag\u00edster en Arquitectura del Paisaje UC (MAPA) fue seleccionado \u2014tras un proceso que convoc\u00f3 a todas las facultades de la universidad\u2014 como uno de los cinco investigadores que representar\u00e1n a la UC en el workshop internacional U21 Early Career Researcher Workshop \u201cPlanetary Health\u201d.","breadcrumb":{"@id":"https:\/\/fadeu.urantiacos.cl\/en\/2022\/01\/09\/osvaldo-moreno-sera-uno-de-los-representantes-de-la-uc-en-planetary-health-de-u21\/#breadcrumb"},"inLanguage":"en-US","potentialAction":[{"@type":"ReadAction","target":["https:\/\/fadeu.urantiacos.cl\/en\/2022\/01\/09\/osvaldo-moreno-sera-uno-de-los-representantes-de-la-uc-en-planetary-health-de-u21\/"]}]},{"@type":"ImageObject","inLanguage":"en-US","@id":"https:\/\/fadeu.urantiacos.cl\/en\/2022\/01\/09\/osvaldo-moreno-sera-uno-de-los-representantes-de-la-uc-en-planetary-health-de-u21\/#primaryimage","url":"https:\/\/fadeu.urantiacos.cl\/wp-content\/uploads\/2023\/09\/WEB_ecr_workshop_2022_banner_1-1.png","contentUrl":"https:\/\/fadeu.urantiacos.cl\/wp-content\/uploads\/2023\/09\/WEB_ecr_workshop_2022_banner_1-1.png","width":350,"height":250},{"@type":"BreadcrumbList","@id":"https:\/\/fadeu.urantiacos.cl\/en\/2022\/01\/09\/osvaldo-moreno-sera-uno-de-los-representantes-de-la-uc-en-planetary-health-de-u21\/#breadcrumb","itemListElement":[{"@type":"ListItem","position":1,"name":"Portada","item":"https:\/\/fadeu.urantiacos.cl\/en\/"},{"@type":"ListItem","position":2,"name":"Osvaldo Moreno ser\u00e1 uno de los representantes de la UC en \u201cPlanetary Health\u201d de U21"}]},{"@type":"WebSite","@id":"https:\/\/fadeu.urantiacos.cl\/en\/#website","url":"https:\/\/fadeu.urantiacos.cl\/en\/","name":"Facultad de Arquitectura, Dise\u00f1o y Estudios Urbanos","description":"Campus Lo Contador","potentialAction":[{"@type":"SearchAction","target":{"@type":"EntryPoint","urlTemplate":"https:\/\/fadeu.urantiacos.cl\/en\/?s={search_term_string}"},"query-input":{"@type":"PropertyValueSpecification","valueRequired":true,"valueName":"search_term_string"}}],"inLanguage":"en-US"},{"@type":"Person","@id":"https:\/\/fadeu.urantiacos.cl\/en\/#\/schema\/person\/d203e2e84b1c40275eac77b3061a19a2","name":"manadmin","image":{"@type":"ImageObject","inLanguage":"en-US","@id":"https:\/\/fadeu.urantiacos.cl\/en\/#\/schema\/person\/image\/","url":"https:\/\/secure.gravatar.com\/avatar\/4b1d8e3303b4a9d8968ac578947d8bc80d9aea359f388cdd4aac15cadc0e8447?s=96&d=mm&r=g","contentUrl":"https:\/\/secure.gravatar.com\/avatar\/4b1d8e3303b4a9d8968ac578947d8bc80d9aea359f388cdd4aac15cadc0e8447?s=96&d=mm&r=g","caption":"manadmin"},"sameAs":["https:\/\/fadeu.urantiacos.cl"]}]}},"_links":{"self":[{"href":"https:\/\/fadeu.urantiacos.cl\/en\/wp-json\/wp\/v2\/posts\/5622","targetHints":{"allow":["GET"]}}],"collection":[{"href":"https:\/\/fadeu.urantiacos.cl\/en\/wp-json\/wp\/v2\/posts"}],"about":[{"href":"https:\/\/fadeu.urantiacos.cl\/en\/wp-json\/wp\/v2\/types\/post"}],"author":[{"embeddable":true,"href":"https:\/\/fadeu.urantiacos.cl\/en\/wp-json\/wp\/v2\/users\/1"}],"replies":[{"embeddable":true,"href":"https:\/\/fadeu.urantiacos.cl\/en\/wp-json\/wp\/v2\/comments?post=5622"}],"version-history":[{"count":2,"href":"https:\/\/fadeu.urantiacos.cl\/en\/wp-json\/wp\/v2\/posts\/5622\/revisions"}],"predecessor-version":[{"id":17639,"href":"https:\/\/fadeu.urantiacos.cl\/en\/wp-json\/wp\/v2\/posts\/5622\/revisions\/17639"}],"wp:featuredmedia":[{"embeddable":true,"href":"https:\/\/fadeu.urantiacos.cl\/en\/wp-json\/wp\/v2\/media\/5623"}],"wp:attachment":[{"href":"https:\/\/fadeu.urantiacos.cl\/en\/wp-json\/wp\/v2\/media?parent=5622"}],"wp:term":[{"taxonomy":"category","embeddable":true,"href":"https:\/\/fadeu.urantiacos.cl\/en\/wp-json\/wp\/v2\/categories?post=5622"},{"taxonomy":"post_tag","embeddable":true,"href":"https:\/\/fadeu.urantiacos.cl\/en\/wp-json\/wp\/v2\/tags?post=5622"}],"curies":[{"name":"wp","href":"https:\/\/api.w.org\/{rel}","templated":true}]}}