{"id":5619,"date":"2022-01-09T19:39:00","date_gmt":"2022-01-09T22:39:00","guid":{"rendered":"https:\/\/fadeu.urantiacos.cl\/?p=5619"},"modified":"2023-09-06T19:45:21","modified_gmt":"2023-09-06T22:45:21","slug":"alejandra-celedon-se-adjudica-un-fondecyt-de-iniciacion-2022","status":"publish","type":"post","link":"https:\/\/fadeu.urantiacos.cl\/en\/2022\/01\/09\/alejandra-celedon-se-adjudica-un-fondecyt-de-iniciacion-2022\/","title":{"rendered":"Alejandra Celed\u00f3n se adjudica un Fondecyt de Iniciaci\u00f3n 2022"},"content":{"rendered":"\n<figure class=\"wp-block-image size-full\"><img decoding=\"async\" width=\"350\" height=\"250\" src=\"https:\/\/fadeu.urantiacos.cl\/wp-content\/uploads\/2023\/09\/fondecyt_de_iniciacion_aceledon.png\" alt=\"\" class=\"wp-image-5620\" srcset=\"https:\/\/fadeu.urantiacos.cl\/wp-content\/uploads\/2023\/09\/fondecyt_de_iniciacion_aceledon.png 350w, https:\/\/fadeu.urantiacos.cl\/wp-content\/uploads\/2023\/09\/fondecyt_de_iniciacion_aceledon-300x214.png 300w\" sizes=\"(max-width: 350px) 100vw, 350px\" \/><\/figure>\n\n\n\n<p>Con el t\u00edtulo \u201cSantiago Microcosmos: Los interiores hist\u00f3ricos de la ciudad como archivo de su esfera p\u00fablica\u201d, el equipo del proyecto que lidera Alejandra Celed\u00f3n como investigadora responsable se compone adem\u00e1s por los arquitectos y mag\u00edsteres UC Nicol\u00e1s Navarrete y Felipe Pizarro.<\/p>\n\n\n\n<p>Proponiendo que es posible develar la construcci\u00f3n de la esfera p\u00fablica de una ciudad a partir del escrutinio de sus interiores, la investigaci\u00f3n se centra en los espacios interiores p\u00fablicos en Santiago de inicio del siglo XX. De esta forma, la revisi\u00f3n del estado actual de los casos permitir\u00eda dar cuenta de lo que significaron en su origen, as\u00ed como tambi\u00e9n activar su estatus cultural como piezas de la ciudad, como interiores p\u00fablicos.<\/p>\n\n\n\n<p>Sobre el Fondecyt Iniciaci\u00f3n_<br>El Fondecyt de Iniciaci\u00f3n es un fondo concursable que busca fomentar y fortalecer el desarrollo de la investigaci\u00f3n cient\u00edfica y tecnol\u00f3gica de excelencia a trav\u00e9s de la promoci\u00f3n de nuevos investigadores, mediante el financiamiento de proyectos de 2 a 3 a\u00f1os de duraci\u00f3n en todas las \u00e1reas del conocimiento.<\/p>\n\n\n\n<p>Ver m\u00e1s sobre el fondo en el siguiente&nbsp;<a href=\"https:\/\/www.anid.cl\/proyectos-de-investigacion\/fondecyt-iniciacion\/\" target=\"_blank\" rel=\"noreferrer noopener\">link<\/a>&nbsp;<\/p>\n\n\n\n<p>Noticias<br>Contacto:&nbsp;<a href=\"mailto:redesarq@uc.cl\">redesarq@uc.cl<\/a>&nbsp;| +56 2 2354 7747<br>www.arquitectura.uc.cl<\/p>\n","protected":false},"excerpt":{"rendered":"<p>La profesora ARQ UC, jefa del Mag\u00edster en Arquitectura UC (MARQ), se adjudic\u00f3 un Fondecyt de Iniciaci\u00f3n con un proyecto en torno a los interiores hist\u00f3ricos de la ciudad.<\/p>\n","protected":false},"author":1,"featured_media":5620,"comment_status":"open","ping_status":"open","sticky":false,"template":"","format":"standard","meta":{"_acf_changed":false,"footnotes":""},"categories":[1],"tags":[],"class_list":["post-5619","post","type-post","status-publish","format-standard","has-post-thumbnail","hentry","category-sin-categorizar"],"acf":[],"yoast_head":"<!-- This site is optimized with the Yoast SEO plugin v27.1.1 - https:\/\/yoast.com\/product\/yoast-seo-wordpress\/ -->\n<title>Alejandra Celed\u00f3n se adjudica un Fondecyt de Iniciaci\u00f3n 2022 - Facultad de Arquitectura, Dise\u00f1o y Estudios Urbanos<\/title>\n<meta name=\"description\" content=\"La profesora ARQ UC, jefa del Mag\u00edster en Arquitectura UC (MARQ), se adjudic\u00f3 un Fondecyt de Iniciaci\u00f3n con un proyecto en torno a los interiores hist\u00f3ricos de la ciudad.\" \/>\n<meta name=\"robots\" content=\"index, follow, max-snippet:-1, max-image-preview:large, max-video-preview:-1\" \/>\n<link rel=\"canonical\" href=\"https:\/\/fadeu.urantiacos.cl\/en\/2022\/01\/09\/alejandra-celedon-se-adjudica-un-fondecyt-de-iniciacion-2022\/\" \/>\n<meta property=\"og:locale\" content=\"en_US\" \/>\n<meta property=\"og:type\" content=\"article\" \/>\n<meta property=\"og:title\" content=\"Alejandra Celed\u00f3n se adjudica un Fondecyt de Iniciaci\u00f3n 2022 - Facultad de Arquitectura, Dise\u00f1o y Estudios Urbanos\" \/>\n<meta property=\"og:description\" content=\"La profesora ARQ UC, jefa del Mag\u00edster en Arquitectura UC (MARQ), se adjudic\u00f3 un Fondecyt de Iniciaci\u00f3n con un proyecto en torno a los interiores hist\u00f3ricos de la ciudad.\" \/>\n<meta property=\"og:url\" content=\"https:\/\/fadeu.urantiacos.cl\/en\/2022\/01\/09\/alejandra-celedon-se-adjudica-un-fondecyt-de-iniciacion-2022\/\" \/>\n<meta property=\"og:site_name\" content=\"Facultad de Arquitectura, Dise\u00f1o y Estudios Urbanos\" \/>\n<meta property=\"article:published_time\" content=\"2022-01-09T22:39:00+00:00\" \/>\n<meta property=\"article:modified_time\" content=\"2023-09-06T22:45:21+00:00\" \/>\n<meta property=\"og:image\" content=\"https:\/\/fadeu.urantiacos.cl\/wp-content\/uploads\/2023\/09\/fondecyt_de_iniciacion_aceledon.png\" \/>\n\t<meta property=\"og:image:width\" content=\"350\" \/>\n\t<meta property=\"og:image:height\" content=\"250\" \/>\n\t<meta property=\"og:image:type\" content=\"image\/png\" \/>\n<meta name=\"author\" content=\"manadmin\" \/>\n<meta name=\"twitter:card\" content=\"summary_large_image\" \/>\n<meta name=\"twitter:label1\" content=\"Written by\" \/>\n\t<meta name=\"twitter:data1\" content=\"manadmin\" \/>\n\t<meta name=\"twitter:label2\" content=\"Est. reading time\" \/>\n\t<meta name=\"twitter:data2\" content=\"1 minute\" \/>\n<script type=\"application\/ld+json\" class=\"yoast-schema-graph\">{\"@context\":\"https:\/\/schema.org\",\"@graph\":[{\"@type\":\"Article\",\"@id\":\"https:\/\/fadeu.urantiacos.cl\/en\/2022\/01\/09\/alejandra-celedon-se-adjudica-un-fondecyt-de-iniciacion-2022\/#article\",\"isPartOf\":{\"@id\":\"https:\/\/fadeu.urantiacos.cl\/en\/2022\/01\/09\/alejandra-celedon-se-adjudica-un-fondecyt-de-iniciacion-2022\/\"},\"author\":{\"name\":\"manadmin\",\"@id\":\"https:\/\/fadeu.urantiacos.cl\/en\/#\/schema\/person\/d203e2e84b1c40275eac77b3061a19a2\"},\"headline\":\"Alejandra Celed\u00f3n se adjudica un Fondecyt de Iniciaci\u00f3n 2022\",\"datePublished\":\"2022-01-09T22:39:00+00:00\",\"dateModified\":\"2023-09-06T22:45:21+00:00\",\"mainEntityOfPage\":{\"@id\":\"https:\/\/fadeu.urantiacos.cl\/en\/2022\/01\/09\/alejandra-celedon-se-adjudica-un-fondecyt-de-iniciacion-2022\/\"},\"wordCount\":222,\"commentCount\":0,\"image\":{\"@id\":\"https:\/\/fadeu.urantiacos.cl\/en\/2022\/01\/09\/alejandra-celedon-se-adjudica-un-fondecyt-de-iniciacion-2022\/#primaryimage\"},\"thumbnailUrl\":\"https:\/\/fadeu.urantiacos.cl\/wp-content\/uploads\/2023\/09\/fondecyt_de_iniciacion_aceledon.png\",\"articleSection\":[\"Sin categorizar\"],\"inLanguage\":\"en-US\",\"potentialAction\":[{\"@type\":\"CommentAction\",\"name\":\"Comment\",\"target\":[\"https:\/\/fadeu.urantiacos.cl\/en\/2022\/01\/09\/alejandra-celedon-se-adjudica-un-fondecyt-de-iniciacion-2022\/#respond\"]}]},{\"@type\":\"WebPage\",\"@id\":\"https:\/\/fadeu.urantiacos.cl\/en\/2022\/01\/09\/alejandra-celedon-se-adjudica-un-fondecyt-de-iniciacion-2022\/\",\"url\":\"https:\/\/fadeu.urantiacos.cl\/en\/2022\/01\/09\/alejandra-celedon-se-adjudica-un-fondecyt-de-iniciacion-2022\/\",\"name\":\"Alejandra Celed\u00f3n se adjudica un Fondecyt de Iniciaci\u00f3n 2022 - Facultad de Arquitectura, Dise\u00f1o y Estudios Urbanos\",\"isPartOf\":{\"@id\":\"https:\/\/fadeu.urantiacos.cl\/en\/#website\"},\"primaryImageOfPage\":{\"@id\":\"https:\/\/fadeu.urantiacos.cl\/en\/2022\/01\/09\/alejandra-celedon-se-adjudica-un-fondecyt-de-iniciacion-2022\/#primaryimage\"},\"image\":{\"@id\":\"https:\/\/fadeu.urantiacos.cl\/en\/2022\/01\/09\/alejandra-celedon-se-adjudica-un-fondecyt-de-iniciacion-2022\/#primaryimage\"},\"thumbnailUrl\":\"https:\/\/fadeu.urantiacos.cl\/wp-content\/uploads\/2023\/09\/fondecyt_de_iniciacion_aceledon.png\",\"datePublished\":\"2022-01-09T22:39:00+00:00\",\"dateModified\":\"2023-09-06T22:45:21+00:00\",\"author\":{\"@id\":\"https:\/\/fadeu.urantiacos.cl\/en\/#\/schema\/person\/d203e2e84b1c40275eac77b3061a19a2\"},\"description\":\"La profesora ARQ UC, jefa del Mag\u00edster en Arquitectura UC (MARQ), se adjudic\u00f3 un Fondecyt de Iniciaci\u00f3n con un proyecto en torno a los interiores hist\u00f3ricos de la ciudad.\",\"breadcrumb\":{\"@id\":\"https:\/\/fadeu.urantiacos.cl\/en\/2022\/01\/09\/alejandra-celedon-se-adjudica-un-fondecyt-de-iniciacion-2022\/#breadcrumb\"},\"inLanguage\":\"en-US\",\"potentialAction\":[{\"@type\":\"ReadAction\",\"target\":[\"https:\/\/fadeu.urantiacos.cl\/en\/2022\/01\/09\/alejandra-celedon-se-adjudica-un-fondecyt-de-iniciacion-2022\/\"]}]},{\"@type\":\"ImageObject\",\"inLanguage\":\"en-US\",\"@id\":\"https:\/\/fadeu.urantiacos.cl\/en\/2022\/01\/09\/alejandra-celedon-se-adjudica-un-fondecyt-de-iniciacion-2022\/#primaryimage\",\"url\":\"https:\/\/fadeu.urantiacos.cl\/wp-content\/uploads\/2023\/09\/fondecyt_de_iniciacion_aceledon.png\",\"contentUrl\":\"https:\/\/fadeu.urantiacos.cl\/wp-content\/uploads\/2023\/09\/fondecyt_de_iniciacion_aceledon.png\",\"width\":350,\"height\":250},{\"@type\":\"BreadcrumbList\",\"@id\":\"https:\/\/fadeu.urantiacos.cl\/en\/2022\/01\/09\/alejandra-celedon-se-adjudica-un-fondecyt-de-iniciacion-2022\/#breadcrumb\",\"itemListElement\":[{\"@type\":\"ListItem\",\"position\":1,\"name\":\"Portada\",\"item\":\"https:\/\/fadeu.urantiacos.cl\/en\/\"},{\"@type\":\"ListItem\",\"position\":2,\"name\":\"Alejandra Celed\u00f3n se adjudica un Fondecyt de Iniciaci\u00f3n 2022\"}]},{\"@type\":\"WebSite\",\"@id\":\"https:\/\/fadeu.urantiacos.cl\/en\/#website\",\"url\":\"https:\/\/fadeu.urantiacos.cl\/en\/\",\"name\":\"Facultad de Arquitectura, Dise\u00f1o y Estudios Urbanos\",\"description\":\"Campus Lo Contador\",\"potentialAction\":[{\"@type\":\"SearchAction\",\"target\":{\"@type\":\"EntryPoint\",\"urlTemplate\":\"https:\/\/fadeu.urantiacos.cl\/en\/?s={search_term_string}\"},\"query-input\":{\"@type\":\"PropertyValueSpecification\",\"valueRequired\":true,\"valueName\":\"search_term_string\"}}],\"inLanguage\":\"en-US\"},{\"@type\":\"Person\",\"@id\":\"https:\/\/fadeu.urantiacos.cl\/en\/#\/schema\/person\/d203e2e84b1c40275eac77b3061a19a2\",\"name\":\"manadmin\",\"image\":{\"@type\":\"ImageObject\",\"inLanguage\":\"en-US\",\"@id\":\"https:\/\/fadeu.urantiacos.cl\/en\/#\/schema\/person\/image\/\",\"url\":\"https:\/\/secure.gravatar.com\/avatar\/4b1d8e3303b4a9d8968ac578947d8bc80d9aea359f388cdd4aac15cadc0e8447?s=96&d=mm&r=g\",\"contentUrl\":\"https:\/\/secure.gravatar.com\/avatar\/4b1d8e3303b4a9d8968ac578947d8bc80d9aea359f388cdd4aac15cadc0e8447?s=96&d=mm&r=g\",\"caption\":\"manadmin\"},\"sameAs\":[\"https:\/\/fadeu.urantiacos.cl\"]}]}<\/script>\n<!-- \/ Yoast SEO plugin. -->","yoast_head_json":{"title":"Alejandra Celed\u00f3n se adjudica un Fondecyt de Iniciaci\u00f3n 2022 - Facultad de Arquitectura, Dise\u00f1o y Estudios Urbanos","description":"La profesora ARQ UC, jefa del Mag\u00edster en Arquitectura UC (MARQ), se adjudic\u00f3 un Fondecyt de Iniciaci\u00f3n con un proyecto en torno a los interiores hist\u00f3ricos de la ciudad.","robots":{"index":"index","follow":"follow","max-snippet":"max-snippet:-1","max-image-preview":"max-image-preview:large","max-video-preview":"max-video-preview:-1"},"canonical":"https:\/\/fadeu.urantiacos.cl\/en\/2022\/01\/09\/alejandra-celedon-se-adjudica-un-fondecyt-de-iniciacion-2022\/","og_locale":"en_US","og_type":"article","og_title":"Alejandra Celed\u00f3n se adjudica un Fondecyt de Iniciaci\u00f3n 2022 - Facultad de Arquitectura, Dise\u00f1o y Estudios Urbanos","og_description":"La profesora ARQ UC, jefa del Mag\u00edster en Arquitectura UC (MARQ), se adjudic\u00f3 un Fondecyt de Iniciaci\u00f3n con un proyecto en torno a los interiores hist\u00f3ricos de la ciudad.","og_url":"https:\/\/fadeu.urantiacos.cl\/en\/2022\/01\/09\/alejandra-celedon-se-adjudica-un-fondecyt-de-iniciacion-2022\/","og_site_name":"Facultad de Arquitectura, Dise\u00f1o y Estudios Urbanos","article_published_time":"2022-01-09T22:39:00+00:00","article_modified_time":"2023-09-06T22:45:21+00:00","og_image":[{"width":350,"height":250,"url":"https:\/\/fadeu.urantiacos.cl\/wp-content\/uploads\/2023\/09\/fondecyt_de_iniciacion_aceledon.png","type":"image\/png"}],"author":"manadmin","twitter_card":"summary_large_image","twitter_misc":{"Written by":"manadmin","Est. reading time":"1 minute"},"schema":{"@context":"https:\/\/schema.org","@graph":[{"@type":"Article","@id":"https:\/\/fadeu.urantiacos.cl\/en\/2022\/01\/09\/alejandra-celedon-se-adjudica-un-fondecyt-de-iniciacion-2022\/#article","isPartOf":{"@id":"https:\/\/fadeu.urantiacos.cl\/en\/2022\/01\/09\/alejandra-celedon-se-adjudica-un-fondecyt-de-iniciacion-2022\/"},"author":{"name":"manadmin","@id":"https:\/\/fadeu.urantiacos.cl\/en\/#\/schema\/person\/d203e2e84b1c40275eac77b3061a19a2"},"headline":"Alejandra Celed\u00f3n se adjudica un Fondecyt de Iniciaci\u00f3n 2022","datePublished":"2022-01-09T22:39:00+00:00","dateModified":"2023-09-06T22:45:21+00:00","mainEntityOfPage":{"@id":"https:\/\/fadeu.urantiacos.cl\/en\/2022\/01\/09\/alejandra-celedon-se-adjudica-un-fondecyt-de-iniciacion-2022\/"},"wordCount":222,"commentCount":0,"image":{"@id":"https:\/\/fadeu.urantiacos.cl\/en\/2022\/01\/09\/alejandra-celedon-se-adjudica-un-fondecyt-de-iniciacion-2022\/#primaryimage"},"thumbnailUrl":"https:\/\/fadeu.urantiacos.cl\/wp-content\/uploads\/2023\/09\/fondecyt_de_iniciacion_aceledon.png","articleSection":["Sin categorizar"],"inLanguage":"en-US","potentialAction":[{"@type":"CommentAction","name":"Comment","target":["https:\/\/fadeu.urantiacos.cl\/en\/2022\/01\/09\/alejandra-celedon-se-adjudica-un-fondecyt-de-iniciacion-2022\/#respond"]}]},{"@type":"WebPage","@id":"https:\/\/fadeu.urantiacos.cl\/en\/2022\/01\/09\/alejandra-celedon-se-adjudica-un-fondecyt-de-iniciacion-2022\/","url":"https:\/\/fadeu.urantiacos.cl\/en\/2022\/01\/09\/alejandra-celedon-se-adjudica-un-fondecyt-de-iniciacion-2022\/","name":"Alejandra Celed\u00f3n se adjudica un Fondecyt de Iniciaci\u00f3n 2022 - Facultad de Arquitectura, Dise\u00f1o y Estudios Urbanos","isPartOf":{"@id":"https:\/\/fadeu.urantiacos.cl\/en\/#website"},"primaryImageOfPage":{"@id":"https:\/\/fadeu.urantiacos.cl\/en\/2022\/01\/09\/alejandra-celedon-se-adjudica-un-fondecyt-de-iniciacion-2022\/#primaryimage"},"image":{"@id":"https:\/\/fadeu.urantiacos.cl\/en\/2022\/01\/09\/alejandra-celedon-se-adjudica-un-fondecyt-de-iniciacion-2022\/#primaryimage"},"thumbnailUrl":"https:\/\/fadeu.urantiacos.cl\/wp-content\/uploads\/2023\/09\/fondecyt_de_iniciacion_aceledon.png","datePublished":"2022-01-09T22:39:00+00:00","dateModified":"2023-09-06T22:45:21+00:00","author":{"@id":"https:\/\/fadeu.urantiacos.cl\/en\/#\/schema\/person\/d203e2e84b1c40275eac77b3061a19a2"},"description":"La profesora ARQ UC, jefa del Mag\u00edster en Arquitectura UC (MARQ), se adjudic\u00f3 un Fondecyt de Iniciaci\u00f3n con un proyecto en torno a los interiores hist\u00f3ricos de la ciudad.","breadcrumb":{"@id":"https:\/\/fadeu.urantiacos.cl\/en\/2022\/01\/09\/alejandra-celedon-se-adjudica-un-fondecyt-de-iniciacion-2022\/#breadcrumb"},"inLanguage":"en-US","potentialAction":[{"@type":"ReadAction","target":["https:\/\/fadeu.urantiacos.cl\/en\/2022\/01\/09\/alejandra-celedon-se-adjudica-un-fondecyt-de-iniciacion-2022\/"]}]},{"@type":"ImageObject","inLanguage":"en-US","@id":"https:\/\/fadeu.urantiacos.cl\/en\/2022\/01\/09\/alejandra-celedon-se-adjudica-un-fondecyt-de-iniciacion-2022\/#primaryimage","url":"https:\/\/fadeu.urantiacos.cl\/wp-content\/uploads\/2023\/09\/fondecyt_de_iniciacion_aceledon.png","contentUrl":"https:\/\/fadeu.urantiacos.cl\/wp-content\/uploads\/2023\/09\/fondecyt_de_iniciacion_aceledon.png","width":350,"height":250},{"@type":"BreadcrumbList","@id":"https:\/\/fadeu.urantiacos.cl\/en\/2022\/01\/09\/alejandra-celedon-se-adjudica-un-fondecyt-de-iniciacion-2022\/#breadcrumb","itemListElement":[{"@type":"ListItem","position":1,"name":"Portada","item":"https:\/\/fadeu.urantiacos.cl\/en\/"},{"@type":"ListItem","position":2,"name":"Alejandra Celed\u00f3n se adjudica un Fondecyt de Iniciaci\u00f3n 2022"}]},{"@type":"WebSite","@id":"https:\/\/fadeu.urantiacos.cl\/en\/#website","url":"https:\/\/fadeu.urantiacos.cl\/en\/","name":"Facultad de Arquitectura, Dise\u00f1o y Estudios Urbanos","description":"Campus Lo Contador","potentialAction":[{"@type":"SearchAction","target":{"@type":"EntryPoint","urlTemplate":"https:\/\/fadeu.urantiacos.cl\/en\/?s={search_term_string}"},"query-input":{"@type":"PropertyValueSpecification","valueRequired":true,"valueName":"search_term_string"}}],"inLanguage":"en-US"},{"@type":"Person","@id":"https:\/\/fadeu.urantiacos.cl\/en\/#\/schema\/person\/d203e2e84b1c40275eac77b3061a19a2","name":"manadmin","image":{"@type":"ImageObject","inLanguage":"en-US","@id":"https:\/\/fadeu.urantiacos.cl\/en\/#\/schema\/person\/image\/","url":"https:\/\/secure.gravatar.com\/avatar\/4b1d8e3303b4a9d8968ac578947d8bc80d9aea359f388cdd4aac15cadc0e8447?s=96&d=mm&r=g","contentUrl":"https:\/\/secure.gravatar.com\/avatar\/4b1d8e3303b4a9d8968ac578947d8bc80d9aea359f388cdd4aac15cadc0e8447?s=96&d=mm&r=g","caption":"manadmin"},"sameAs":["https:\/\/fadeu.urantiacos.cl"]}]}},"_links":{"self":[{"href":"https:\/\/fadeu.urantiacos.cl\/en\/wp-json\/wp\/v2\/posts\/5619","targetHints":{"allow":["GET"]}}],"collection":[{"href":"https:\/\/fadeu.urantiacos.cl\/en\/wp-json\/wp\/v2\/posts"}],"about":[{"href":"https:\/\/fadeu.urantiacos.cl\/en\/wp-json\/wp\/v2\/types\/post"}],"author":[{"embeddable":true,"href":"https:\/\/fadeu.urantiacos.cl\/en\/wp-json\/wp\/v2\/users\/1"}],"replies":[{"embeddable":true,"href":"https:\/\/fadeu.urantiacos.cl\/en\/wp-json\/wp\/v2\/comments?post=5619"}],"version-history":[{"count":1,"href":"https:\/\/fadeu.urantiacos.cl\/en\/wp-json\/wp\/v2\/posts\/5619\/revisions"}],"predecessor-version":[{"id":5621,"href":"https:\/\/fadeu.urantiacos.cl\/en\/wp-json\/wp\/v2\/posts\/5619\/revisions\/5621"}],"wp:featuredmedia":[{"embeddable":true,"href":"https:\/\/fadeu.urantiacos.cl\/en\/wp-json\/wp\/v2\/media\/5620"}],"wp:attachment":[{"href":"https:\/\/fadeu.urantiacos.cl\/en\/wp-json\/wp\/v2\/media?parent=5619"}],"wp:term":[{"taxonomy":"category","embeddable":true,"href":"https:\/\/fadeu.urantiacos.cl\/en\/wp-json\/wp\/v2\/categories?post=5619"},{"taxonomy":"post_tag","embeddable":true,"href":"https:\/\/fadeu.urantiacos.cl\/en\/wp-json\/wp\/v2\/tags?post=5619"}],"curies":[{"name":"wp","href":"https:\/\/api.w.org\/{rel}","templated":true}]}}