{"id":5605,"date":"2022-01-11T15:57:00","date_gmt":"2022-01-11T18:57:00","guid":{"rendered":"https:\/\/fadeu.urantiacos.cl\/?p=5605"},"modified":"2023-11-14T11:51:50","modified_gmt":"2023-11-14T14:51:50","slug":"seis-academicos-as-fadeu-se-adjudicaron-proyectos-fondecyt-regular-2022","status":"publish","type":"post","link":"https:\/\/fadeu.urantiacos.cl\/en\/2022\/01\/11\/seis-academicos-as-fadeu-se-adjudicaron-proyectos-fondecyt-regular-2022\/","title":{"rendered":"Seis acad\u00e9micos\/as FADEU se adjudicaron proyectos Fondecyt Regular 2022"},"content":{"rendered":"\n<p>Seg\u00fan lo indicado por ANID, los proyectos que se financian son de investigaci\u00f3n cient\u00edfica o tecnol\u00f3gica, esto es, que conduzcan a nuevos conocimientos o aplicaciones previstas a trav\u00e9s de preguntas de investigaci\u00f3n o hip\u00f3tesis de trabajo explicitadas en el proyecto.<\/p>\n\n\n\n<p>Los proyectos se seleccionan teniendo en cuenta su calidad intr\u00ednseca y el m\u00e9rito de los y las postulantes, sin distinci\u00f3n de \u00e1reas o procedencia institucional.<\/p>\n\n\n\n<p>En este contexto, los resultados 2022 permitieron que seis profesores\/as de la Facultad de Arquitectura, Dise\u00f1o y Estudios Urbanos se adjudicaran proyectos durante el presente a\u00f1o. Estos nuevos proyectos de investigaci\u00f3n refuerzan el liderazgo nacional e internacional de la FADEU en la producci\u00f3n de conocimiento de punta. Este es un concurso cada vez m\u00e1s competitivo, por lo que celebramos este importante logro que se suma a las recientes adjudicaciones del concurso Fondecyt Iniciaci\u00f3n.<\/p>\n\n\n\n<p>Se trata de los profesores:<\/p>\n\n\n\n<p>1. Horacio Torrent, acad\u00e9mico de la Escuela de Arquitectura, con el proyecto &#8220;Arquitectura moderna y ciudad: el proyecto urbano ante el desaf\u00edo del desarrollo. chile 1930-1980&#8221;, en la l\u00ednea de Artes y Arquitectura.<\/p>\n\n\n\n<p>&nbsp;2.&nbsp;Hugo Mondrag\u00f3n, acad\u00e9mico de la Escuela de Arquitectura, con el proyecto &#8220;Arqueolog\u00eda de la escuela. arquitectura, pol\u00edtica y est\u00e9tica de lo cotidiano en el edificio escolar chileno desde 1900&#8221;, en la l\u00ednea de Artes y Arquitectura.<\/p>\n\n\n\n<p>3. Waldo Bustamante, acad\u00e9mico de la Escuela de Arquitectura, con el proyecto &#8220;Multi-criteria evaluation to recommend ventilation solutions in the context of the energy renovation of social housing for different climates in chile&#8221;, en la l\u00ednea de Artes y Arquitectura.<\/p>\n\n\n\n<p>4.&nbsp;Magdalena Vicu\u00f1a, acad\u00e9mica del Instituto de Estudios Urbanos y Territoriales y Directora de Investigaci\u00f3n y Postgrado FADEU, con el proyecto &#8220;Anatom\u00edas de la verticalizaci\u00f3n y pol\u00edticas de densificaci\u00f3n residencial en Santiago, Valpara\u00edso y Concepci\u00f3n \u00bfhacia \u00e1reas metropolitanas m\u00e1s integradas y sustentables?\u201d, en la l\u00ednea de Geograf\u00eda y Urbanismo.<\/p>\n\n\n\n<p>&nbsp;5.&nbsp;Felipe Link, acad\u00e9mico del Instituto de Estudios Urbanos y Territoriales, con el proyecto &#8220;Geograf\u00edas de la transitoriedad residencial: mercados, formas y pr\u00e1cticas del arriendo en Chile&#8221;, en la l\u00ednea de Geograf\u00eda y Urbanismo.<\/p>\n\n\n\n<p>&nbsp;6.&nbsp;Gonzalo Salazar, acad\u00e9mico del Instituto de Estudios Urbanos y Territoriales, con el proyecto &#8220;Indigenizaci\u00f3n de ciudades intermedias: pr\u00e1cticas emergentes en movilidad y transiciones para la sustentabilidad desde territorialidades heterog\u00e9neas. Casos mapuche en ciudades del Wallmapu&#8221;, en la l\u00ednea de Geograf\u00eda y Urbanismo.<\/p>\n\n\n\n<p>INFORMACI\u00d3N PERIOD\u00cdSTICA<br>JUAN ANDR\u00c9S INZUNZA<\/p>\n","protected":false},"excerpt":{"rendered":"<p>\u201cPromover la investigaci\u00f3n de base cient\u00edfico-tecnol\u00f3gica en las diversas \u00e1reas del conocimiento, mediante el financiamiento de proyectos de investigaci\u00f3n individual de excelencia orientados a la producci\u00f3n de conocimiento\u201d. Ese es el objetivo del FONDECYT Regular de la Agencia Nacional de Investigaci\u00f3n y Desarrollo (ANID).<\/p>\n","protected":false},"author":1,"featured_media":5606,"comment_status":"open","ping_status":"open","sticky":false,"template":"","format":"standard","meta":{"_acf_changed":false,"footnotes":""},"categories":[1],"tags":[],"class_list":["post-5605","post","type-post","status-publish","format-standard","has-post-thumbnail","hentry","category-sin-categorizar"],"acf":[],"yoast_head":"<!-- This site is optimized with the Yoast SEO plugin v27.1.1 - https:\/\/yoast.com\/product\/yoast-seo-wordpress\/ -->\n<title>Seis acad\u00e9micos\/as FADEU se adjudicaron proyectos Fondecyt Regular 2022 - Facultad de Arquitectura, Dise\u00f1o y Estudios Urbanos<\/title>\n<meta name=\"description\" content=\"\u201cPromover la investigaci\u00f3n de base cient\u00edfico-tecnol\u00f3gica en las diversas \u00e1reas del conocimiento, mediante el financiamiento de proyectos de investigaci\u00f3n individual de excelencia orientados a la producci\u00f3n de conocimiento\u201d. Ese es el objetivo del FONDECYT Regular de la Agencia Nacional de Investigaci\u00f3n y Desarrollo (ANID).\" \/>\n<meta name=\"robots\" content=\"index, follow, max-snippet:-1, max-image-preview:large, max-video-preview:-1\" \/>\n<link rel=\"canonical\" href=\"https:\/\/fadeu.urantiacos.cl\/en\/2022\/01\/11\/seis-academicos-as-fadeu-se-adjudicaron-proyectos-fondecyt-regular-2022\/\" \/>\n<meta property=\"og:locale\" content=\"en_US\" \/>\n<meta property=\"og:type\" content=\"article\" \/>\n<meta property=\"og:title\" content=\"Seis acad\u00e9micos\/as FADEU se adjudicaron proyectos Fondecyt Regular 2022 - Facultad de Arquitectura, Dise\u00f1o y Estudios Urbanos\" \/>\n<meta property=\"og:description\" content=\"\u201cPromover la investigaci\u00f3n de base cient\u00edfico-tecnol\u00f3gica en las diversas \u00e1reas del conocimiento, mediante el financiamiento de proyectos de investigaci\u00f3n individual de excelencia orientados a la producci\u00f3n de conocimiento\u201d. Ese es el objetivo del FONDECYT Regular de la Agencia Nacional de Investigaci\u00f3n y Desarrollo (ANID).\" \/>\n<meta property=\"og:url\" content=\"https:\/\/fadeu.urantiacos.cl\/en\/2022\/01\/11\/seis-academicos-as-fadeu-se-adjudicaron-proyectos-fondecyt-regular-2022\/\" \/>\n<meta property=\"og:site_name\" content=\"Facultad de Arquitectura, Dise\u00f1o y Estudios Urbanos\" \/>\n<meta property=\"article:published_time\" content=\"2022-01-11T18:57:00+00:00\" \/>\n<meta property=\"article:modified_time\" content=\"2023-11-14T14:51:50+00:00\" \/>\n<meta property=\"og:image\" content=\"https:\/\/fadeu.urantiacos.cl\/wp-content\/uploads\/2023\/09\/WEB_Fondecyt_ANID-1380x917_1.png\" \/>\n\t<meta property=\"og:image:width\" content=\"350\" \/>\n\t<meta property=\"og:image:height\" content=\"250\" \/>\n\t<meta property=\"og:image:type\" content=\"image\/png\" \/>\n<meta name=\"author\" content=\"manadmin\" \/>\n<meta name=\"twitter:card\" content=\"summary_large_image\" \/>\n<meta name=\"twitter:label1\" content=\"Written by\" \/>\n\t<meta name=\"twitter:data1\" content=\"manadmin\" \/>\n<script type=\"application\/ld+json\" class=\"yoast-schema-graph\">{\"@context\":\"https:\/\/schema.org\",\"@graph\":[{\"@type\":\"Article\",\"@id\":\"https:\/\/fadeu.urantiacos.cl\/en\/2022\/01\/11\/seis-academicos-as-fadeu-se-adjudicaron-proyectos-fondecyt-regular-2022\/#article\",\"isPartOf\":{\"@id\":\"https:\/\/fadeu.urantiacos.cl\/en\/2022\/01\/11\/seis-academicos-as-fadeu-se-adjudicaron-proyectos-fondecyt-regular-2022\/\"},\"author\":{\"name\":\"manadmin\",\"@id\":\"https:\/\/fadeu.urantiacos.cl\/en\/#\/schema\/person\/d203e2e84b1c40275eac77b3061a19a2\"},\"headline\":\"Seis acad\u00e9micos\/as FADEU se adjudicaron proyectos Fondecyt Regular 2022\",\"datePublished\":\"2022-01-11T18:57:00+00:00\",\"dateModified\":\"2023-11-14T14:51:50+00:00\",\"mainEntityOfPage\":{\"@id\":\"https:\/\/fadeu.urantiacos.cl\/en\/2022\/01\/11\/seis-academicos-as-fadeu-se-adjudicaron-proyectos-fondecyt-regular-2022\/\"},\"wordCount\":446,\"commentCount\":0,\"image\":{\"@id\":\"https:\/\/fadeu.urantiacos.cl\/en\/2022\/01\/11\/seis-academicos-as-fadeu-se-adjudicaron-proyectos-fondecyt-regular-2022\/#primaryimage\"},\"thumbnailUrl\":\"https:\/\/fadeu.urantiacos.cl\/wp-content\/uploads\/2023\/09\/WEB_Fondecyt_ANID-1380x917_1.png\",\"articleSection\":[\"Sin categorizar\"],\"inLanguage\":\"en-US\",\"potentialAction\":[{\"@type\":\"CommentAction\",\"name\":\"Comment\",\"target\":[\"https:\/\/fadeu.urantiacos.cl\/en\/2022\/01\/11\/seis-academicos-as-fadeu-se-adjudicaron-proyectos-fondecyt-regular-2022\/#respond\"]}]},{\"@type\":\"WebPage\",\"@id\":\"https:\/\/fadeu.urantiacos.cl\/en\/2022\/01\/11\/seis-academicos-as-fadeu-se-adjudicaron-proyectos-fondecyt-regular-2022\/\",\"url\":\"https:\/\/fadeu.urantiacos.cl\/en\/2022\/01\/11\/seis-academicos-as-fadeu-se-adjudicaron-proyectos-fondecyt-regular-2022\/\",\"name\":\"Seis acad\u00e9micos\/as FADEU se adjudicaron proyectos Fondecyt Regular 2022 - Facultad de Arquitectura, Dise\u00f1o y Estudios Urbanos\",\"isPartOf\":{\"@id\":\"https:\/\/fadeu.urantiacos.cl\/en\/#website\"},\"primaryImageOfPage\":{\"@id\":\"https:\/\/fadeu.urantiacos.cl\/en\/2022\/01\/11\/seis-academicos-as-fadeu-se-adjudicaron-proyectos-fondecyt-regular-2022\/#primaryimage\"},\"image\":{\"@id\":\"https:\/\/fadeu.urantiacos.cl\/en\/2022\/01\/11\/seis-academicos-as-fadeu-se-adjudicaron-proyectos-fondecyt-regular-2022\/#primaryimage\"},\"thumbnailUrl\":\"https:\/\/fadeu.urantiacos.cl\/wp-content\/uploads\/2023\/09\/WEB_Fondecyt_ANID-1380x917_1.png\",\"datePublished\":\"2022-01-11T18:57:00+00:00\",\"dateModified\":\"2023-11-14T14:51:50+00:00\",\"author\":{\"@id\":\"https:\/\/fadeu.urantiacos.cl\/en\/#\/schema\/person\/d203e2e84b1c40275eac77b3061a19a2\"},\"description\":\"\u201cPromover la investigaci\u00f3n de base cient\u00edfico-tecnol\u00f3gica en las diversas \u00e1reas del conocimiento, mediante el financiamiento de proyectos de investigaci\u00f3n individual de excelencia orientados a la producci\u00f3n de conocimiento\u201d. Ese es el objetivo del FONDECYT Regular de la Agencia Nacional de Investigaci\u00f3n y Desarrollo (ANID).\",\"breadcrumb\":{\"@id\":\"https:\/\/fadeu.urantiacos.cl\/en\/2022\/01\/11\/seis-academicos-as-fadeu-se-adjudicaron-proyectos-fondecyt-regular-2022\/#breadcrumb\"},\"inLanguage\":\"en-US\",\"potentialAction\":[{\"@type\":\"ReadAction\",\"target\":[\"https:\/\/fadeu.urantiacos.cl\/en\/2022\/01\/11\/seis-academicos-as-fadeu-se-adjudicaron-proyectos-fondecyt-regular-2022\/\"]}]},{\"@type\":\"ImageObject\",\"inLanguage\":\"en-US\",\"@id\":\"https:\/\/fadeu.urantiacos.cl\/en\/2022\/01\/11\/seis-academicos-as-fadeu-se-adjudicaron-proyectos-fondecyt-regular-2022\/#primaryimage\",\"url\":\"https:\/\/fadeu.urantiacos.cl\/wp-content\/uploads\/2023\/09\/WEB_Fondecyt_ANID-1380x917_1.png\",\"contentUrl\":\"https:\/\/fadeu.urantiacos.cl\/wp-content\/uploads\/2023\/09\/WEB_Fondecyt_ANID-1380x917_1.png\",\"width\":350,\"height\":250},{\"@type\":\"BreadcrumbList\",\"@id\":\"https:\/\/fadeu.urantiacos.cl\/en\/2022\/01\/11\/seis-academicos-as-fadeu-se-adjudicaron-proyectos-fondecyt-regular-2022\/#breadcrumb\",\"itemListElement\":[{\"@type\":\"ListItem\",\"position\":1,\"name\":\"Portada\",\"item\":\"https:\/\/fadeu.urantiacos.cl\/en\/\"},{\"@type\":\"ListItem\",\"position\":2,\"name\":\"Seis acad\u00e9micos\/as FADEU se adjudicaron proyectos Fondecyt Regular 2022\"}]},{\"@type\":\"WebSite\",\"@id\":\"https:\/\/fadeu.urantiacos.cl\/en\/#website\",\"url\":\"https:\/\/fadeu.urantiacos.cl\/en\/\",\"name\":\"Facultad de Arquitectura, Dise\u00f1o y Estudios Urbanos\",\"description\":\"Campus Lo Contador\",\"potentialAction\":[{\"@type\":\"SearchAction\",\"target\":{\"@type\":\"EntryPoint\",\"urlTemplate\":\"https:\/\/fadeu.urantiacos.cl\/en\/?s={search_term_string}\"},\"query-input\":{\"@type\":\"PropertyValueSpecification\",\"valueRequired\":true,\"valueName\":\"search_term_string\"}}],\"inLanguage\":\"en-US\"},{\"@type\":\"Person\",\"@id\":\"https:\/\/fadeu.urantiacos.cl\/en\/#\/schema\/person\/d203e2e84b1c40275eac77b3061a19a2\",\"name\":\"manadmin\",\"image\":{\"@type\":\"ImageObject\",\"inLanguage\":\"en-US\",\"@id\":\"https:\/\/fadeu.urantiacos.cl\/en\/#\/schema\/person\/image\/\",\"url\":\"https:\/\/secure.gravatar.com\/avatar\/4b1d8e3303b4a9d8968ac578947d8bc80d9aea359f388cdd4aac15cadc0e8447?s=96&d=mm&r=g\",\"contentUrl\":\"https:\/\/secure.gravatar.com\/avatar\/4b1d8e3303b4a9d8968ac578947d8bc80d9aea359f388cdd4aac15cadc0e8447?s=96&d=mm&r=g\",\"caption\":\"manadmin\"},\"sameAs\":[\"https:\/\/fadeu.urantiacos.cl\"]}]}<\/script>\n<!-- \/ Yoast SEO plugin. -->","yoast_head_json":{"title":"Seis acad\u00e9micos\/as FADEU se adjudicaron proyectos Fondecyt Regular 2022 - Facultad de Arquitectura, Dise\u00f1o y Estudios Urbanos","description":"\u201cPromover la investigaci\u00f3n de base cient\u00edfico-tecnol\u00f3gica en las diversas \u00e1reas del conocimiento, mediante el financiamiento de proyectos de investigaci\u00f3n individual de excelencia orientados a la producci\u00f3n de conocimiento\u201d. Ese es el objetivo del FONDECYT Regular de la Agencia Nacional de Investigaci\u00f3n y Desarrollo (ANID).","robots":{"index":"index","follow":"follow","max-snippet":"max-snippet:-1","max-image-preview":"max-image-preview:large","max-video-preview":"max-video-preview:-1"},"canonical":"https:\/\/fadeu.urantiacos.cl\/en\/2022\/01\/11\/seis-academicos-as-fadeu-se-adjudicaron-proyectos-fondecyt-regular-2022\/","og_locale":"en_US","og_type":"article","og_title":"Seis acad\u00e9micos\/as FADEU se adjudicaron proyectos Fondecyt Regular 2022 - Facultad de Arquitectura, Dise\u00f1o y Estudios Urbanos","og_description":"\u201cPromover la investigaci\u00f3n de base cient\u00edfico-tecnol\u00f3gica en las diversas \u00e1reas del conocimiento, mediante el financiamiento de proyectos de investigaci\u00f3n individual de excelencia orientados a la producci\u00f3n de conocimiento\u201d. Ese es el objetivo del FONDECYT Regular de la Agencia Nacional de Investigaci\u00f3n y Desarrollo (ANID).","og_url":"https:\/\/fadeu.urantiacos.cl\/en\/2022\/01\/11\/seis-academicos-as-fadeu-se-adjudicaron-proyectos-fondecyt-regular-2022\/","og_site_name":"Facultad de Arquitectura, Dise\u00f1o y Estudios Urbanos","article_published_time":"2022-01-11T18:57:00+00:00","article_modified_time":"2023-11-14T14:51:50+00:00","og_image":[{"width":350,"height":250,"url":"https:\/\/fadeu.urantiacos.cl\/wp-content\/uploads\/2023\/09\/WEB_Fondecyt_ANID-1380x917_1.png","type":"image\/png"}],"author":"manadmin","twitter_card":"summary_large_image","twitter_misc":{"Written by":"manadmin"},"schema":{"@context":"https:\/\/schema.org","@graph":[{"@type":"Article","@id":"https:\/\/fadeu.urantiacos.cl\/en\/2022\/01\/11\/seis-academicos-as-fadeu-se-adjudicaron-proyectos-fondecyt-regular-2022\/#article","isPartOf":{"@id":"https:\/\/fadeu.urantiacos.cl\/en\/2022\/01\/11\/seis-academicos-as-fadeu-se-adjudicaron-proyectos-fondecyt-regular-2022\/"},"author":{"name":"manadmin","@id":"https:\/\/fadeu.urantiacos.cl\/en\/#\/schema\/person\/d203e2e84b1c40275eac77b3061a19a2"},"headline":"Seis acad\u00e9micos\/as FADEU se adjudicaron proyectos Fondecyt Regular 2022","datePublished":"2022-01-11T18:57:00+00:00","dateModified":"2023-11-14T14:51:50+00:00","mainEntityOfPage":{"@id":"https:\/\/fadeu.urantiacos.cl\/en\/2022\/01\/11\/seis-academicos-as-fadeu-se-adjudicaron-proyectos-fondecyt-regular-2022\/"},"wordCount":446,"commentCount":0,"image":{"@id":"https:\/\/fadeu.urantiacos.cl\/en\/2022\/01\/11\/seis-academicos-as-fadeu-se-adjudicaron-proyectos-fondecyt-regular-2022\/#primaryimage"},"thumbnailUrl":"https:\/\/fadeu.urantiacos.cl\/wp-content\/uploads\/2023\/09\/WEB_Fondecyt_ANID-1380x917_1.png","articleSection":["Sin categorizar"],"inLanguage":"en-US","potentialAction":[{"@type":"CommentAction","name":"Comment","target":["https:\/\/fadeu.urantiacos.cl\/en\/2022\/01\/11\/seis-academicos-as-fadeu-se-adjudicaron-proyectos-fondecyt-regular-2022\/#respond"]}]},{"@type":"WebPage","@id":"https:\/\/fadeu.urantiacos.cl\/en\/2022\/01\/11\/seis-academicos-as-fadeu-se-adjudicaron-proyectos-fondecyt-regular-2022\/","url":"https:\/\/fadeu.urantiacos.cl\/en\/2022\/01\/11\/seis-academicos-as-fadeu-se-adjudicaron-proyectos-fondecyt-regular-2022\/","name":"Seis acad\u00e9micos\/as FADEU se adjudicaron proyectos Fondecyt Regular 2022 - Facultad de Arquitectura, Dise\u00f1o y Estudios Urbanos","isPartOf":{"@id":"https:\/\/fadeu.urantiacos.cl\/en\/#website"},"primaryImageOfPage":{"@id":"https:\/\/fadeu.urantiacos.cl\/en\/2022\/01\/11\/seis-academicos-as-fadeu-se-adjudicaron-proyectos-fondecyt-regular-2022\/#primaryimage"},"image":{"@id":"https:\/\/fadeu.urantiacos.cl\/en\/2022\/01\/11\/seis-academicos-as-fadeu-se-adjudicaron-proyectos-fondecyt-regular-2022\/#primaryimage"},"thumbnailUrl":"https:\/\/fadeu.urantiacos.cl\/wp-content\/uploads\/2023\/09\/WEB_Fondecyt_ANID-1380x917_1.png","datePublished":"2022-01-11T18:57:00+00:00","dateModified":"2023-11-14T14:51:50+00:00","author":{"@id":"https:\/\/fadeu.urantiacos.cl\/en\/#\/schema\/person\/d203e2e84b1c40275eac77b3061a19a2"},"description":"\u201cPromover la investigaci\u00f3n de base cient\u00edfico-tecnol\u00f3gica en las diversas \u00e1reas del conocimiento, mediante el financiamiento de proyectos de investigaci\u00f3n individual de excelencia orientados a la producci\u00f3n de conocimiento\u201d. Ese es el objetivo del FONDECYT Regular de la Agencia Nacional de Investigaci\u00f3n y Desarrollo (ANID).","breadcrumb":{"@id":"https:\/\/fadeu.urantiacos.cl\/en\/2022\/01\/11\/seis-academicos-as-fadeu-se-adjudicaron-proyectos-fondecyt-regular-2022\/#breadcrumb"},"inLanguage":"en-US","potentialAction":[{"@type":"ReadAction","target":["https:\/\/fadeu.urantiacos.cl\/en\/2022\/01\/11\/seis-academicos-as-fadeu-se-adjudicaron-proyectos-fondecyt-regular-2022\/"]}]},{"@type":"ImageObject","inLanguage":"en-US","@id":"https:\/\/fadeu.urantiacos.cl\/en\/2022\/01\/11\/seis-academicos-as-fadeu-se-adjudicaron-proyectos-fondecyt-regular-2022\/#primaryimage","url":"https:\/\/fadeu.urantiacos.cl\/wp-content\/uploads\/2023\/09\/WEB_Fondecyt_ANID-1380x917_1.png","contentUrl":"https:\/\/fadeu.urantiacos.cl\/wp-content\/uploads\/2023\/09\/WEB_Fondecyt_ANID-1380x917_1.png","width":350,"height":250},{"@type":"BreadcrumbList","@id":"https:\/\/fadeu.urantiacos.cl\/en\/2022\/01\/11\/seis-academicos-as-fadeu-se-adjudicaron-proyectos-fondecyt-regular-2022\/#breadcrumb","itemListElement":[{"@type":"ListItem","position":1,"name":"Portada","item":"https:\/\/fadeu.urantiacos.cl\/en\/"},{"@type":"ListItem","position":2,"name":"Seis acad\u00e9micos\/as FADEU se adjudicaron proyectos Fondecyt Regular 2022"}]},{"@type":"WebSite","@id":"https:\/\/fadeu.urantiacos.cl\/en\/#website","url":"https:\/\/fadeu.urantiacos.cl\/en\/","name":"Facultad de Arquitectura, Dise\u00f1o y Estudios Urbanos","description":"Campus Lo Contador","potentialAction":[{"@type":"SearchAction","target":{"@type":"EntryPoint","urlTemplate":"https:\/\/fadeu.urantiacos.cl\/en\/?s={search_term_string}"},"query-input":{"@type":"PropertyValueSpecification","valueRequired":true,"valueName":"search_term_string"}}],"inLanguage":"en-US"},{"@type":"Person","@id":"https:\/\/fadeu.urantiacos.cl\/en\/#\/schema\/person\/d203e2e84b1c40275eac77b3061a19a2","name":"manadmin","image":{"@type":"ImageObject","inLanguage":"en-US","@id":"https:\/\/fadeu.urantiacos.cl\/en\/#\/schema\/person\/image\/","url":"https:\/\/secure.gravatar.com\/avatar\/4b1d8e3303b4a9d8968ac578947d8bc80d9aea359f388cdd4aac15cadc0e8447?s=96&d=mm&r=g","contentUrl":"https:\/\/secure.gravatar.com\/avatar\/4b1d8e3303b4a9d8968ac578947d8bc80d9aea359f388cdd4aac15cadc0e8447?s=96&d=mm&r=g","caption":"manadmin"},"sameAs":["https:\/\/fadeu.urantiacos.cl"]}]}},"_links":{"self":[{"href":"https:\/\/fadeu.urantiacos.cl\/en\/wp-json\/wp\/v2\/posts\/5605","targetHints":{"allow":["GET"]}}],"collection":[{"href":"https:\/\/fadeu.urantiacos.cl\/en\/wp-json\/wp\/v2\/posts"}],"about":[{"href":"https:\/\/fadeu.urantiacos.cl\/en\/wp-json\/wp\/v2\/types\/post"}],"author":[{"embeddable":true,"href":"https:\/\/fadeu.urantiacos.cl\/en\/wp-json\/wp\/v2\/users\/1"}],"replies":[{"embeddable":true,"href":"https:\/\/fadeu.urantiacos.cl\/en\/wp-json\/wp\/v2\/comments?post=5605"}],"version-history":[{"count":2,"href":"https:\/\/fadeu.urantiacos.cl\/en\/wp-json\/wp\/v2\/posts\/5605\/revisions"}],"predecessor-version":[{"id":18125,"href":"https:\/\/fadeu.urantiacos.cl\/en\/wp-json\/wp\/v2\/posts\/5605\/revisions\/18125"}],"wp:featuredmedia":[{"embeddable":true,"href":"https:\/\/fadeu.urantiacos.cl\/en\/wp-json\/wp\/v2\/media\/5606"}],"wp:attachment":[{"href":"https:\/\/fadeu.urantiacos.cl\/en\/wp-json\/wp\/v2\/media?parent=5605"}],"wp:term":[{"taxonomy":"category","embeddable":true,"href":"https:\/\/fadeu.urantiacos.cl\/en\/wp-json\/wp\/v2\/categories?post=5605"},{"taxonomy":"post_tag","embeddable":true,"href":"https:\/\/fadeu.urantiacos.cl\/en\/wp-json\/wp\/v2\/tags?post=5605"}],"curies":[{"name":"wp","href":"https:\/\/api.w.org\/{rel}","templated":true}]}}