{"id":5594,"date":"2022-01-14T15:49:00","date_gmt":"2022-01-14T18:49:00","guid":{"rendered":"https:\/\/fadeu.urantiacos.cl\/?p=5594"},"modified":"2023-09-06T15:51:26","modified_gmt":"2023-09-06T18:51:26","slug":"mafa-se-internacionaliza-gracias-a-acuerdo-firmado-por-uc-con-efecto-educativo","status":"publish","type":"post","link":"https:\/\/fadeu.urantiacos.cl\/en\/2022\/01\/14\/mafa-se-internacionaliza-gracias-a-acuerdo-firmado-por-uc-con-efecto-educativo\/","title":{"rendered":"MAFA se internacionaliza gracias a acuerdo firmado por UC con Efecto Educativo"},"content":{"rendered":"\n<figure class=\"wp-block-image size-full\"><img decoding=\"async\" width=\"350\" height=\"250\" src=\"https:\/\/fadeu.urantiacos.cl\/wp-content\/uploads\/2023\/09\/pasted_image_0_WEB.png\" alt=\"\" class=\"wp-image-5595\" srcset=\"https:\/\/fadeu.urantiacos.cl\/wp-content\/uploads\/2023\/09\/pasted_image_0_WEB.png 350w, https:\/\/fadeu.urantiacos.cl\/wp-content\/uploads\/2023\/09\/pasted_image_0_WEB-300x214.png 300w\" sizes=\"(max-width: 350px) 100vw, 350px\" \/><\/figure>\n\n\n\n<p>En una ceremonia realizada en el Centro de Innovaci\u00f3n y que cont\u00f3 con la participaci\u00f3n del Vicerrector de Investigaci\u00f3n UC,&nbsp;Pedro Bouchon, la Directora de Investigaci\u00f3n de la FADEU,&nbsp;Magdalena Vicu\u00f1a, el Decano de la Facultad de Educaci\u00f3n,&nbsp;Alejandro Carrasco, el director de la Escuela de Dise\u00f1o,&nbsp;Rodrigo Ram\u00edrez, los autores del proyecto,&nbsp;Cynthia Adlerstein&nbsp;(Educaci\u00f3n UC),&nbsp;Patricia Manns&nbsp;y&nbsp;Alberto Gonz\u00e1lez&nbsp;(Dise\u00f1o UC) y el&nbsp;director pedag\u00f3gico de Efecto Educativo,&nbsp;Alberto Mora, se firm\u00f3 el acuerdo que permitir\u00e1 a MAFA llegar a todo el continente.<\/p>\n\n\n\n<p>El proyecto, que busca transformar a trav\u00e9s de la investigaci\u00f3n cient\u00edfica, los espacios de aprendizaje para la primera infancia, se traduce en el dise\u00f1o de una tecnolog\u00eda que cambia el paradigma de los ambientes de aprendizaje tradicionales&nbsp;de la educaci\u00f3n parvularia chilena a trav\u00e9s de tres componentes integrados: MAFApp, plataforma virtual que documenta la pedagog\u00eda y las experiencias que viven los equipos; el mobiliario, un set de soportes multifuncionales que reemplazan los muebles tradicionales; y el DiME, un material de modelamiento para que los mismos p\u00e1rvulos participen activamente en el ambiente de su aula.<\/p>\n\n\n\n<p>\u201cEl principal inter\u00e9s que tenemos como directores del proyecto es el impacto. La posibilidad de influir con MAFA a toda la regi\u00f3n es un gran logro, sobre todo pensando en las personas que ser\u00e1n beneficiados y el cambio de paradigma que supone adoptar esta tecnolog\u00eda educativa\u201d, explican Patricia Manns y Alberto Gonz\u00e1lez, Directores del proyecto.<\/p>\n\n\n\n<p><strong>Acerca de MAFA<\/strong><\/p>\n\n\n\n<p>MAFA es una tecnolog\u00eda desarrollada por un equipo interdisciplinario liderado por los acad\u00e9micos Cynthia Adlerstein (Educaci\u00f3n UC), Patricia Manns y Alberto Gonz\u00e1lez (Dise\u00f1o UC), que busca mejorar la efectividad educativa en las aulas de Educaci\u00f3n Parvularia, permitiendo potenciar las pr\u00e1cticas y relaciones pedag\u00f3gicas entre el educador, los t\u00e9cnicos y los ni\u00f1os.<\/p>\n\n\n\n<p>Transferida a la JUNJI en 2019, el Sistema MAFA viene siendo desarrollado desde el 2012 en el marco de dos<br>proyectos de I+D financiados por Fondef-Conicyt.<\/p>\n\n\n\n<p>\u201cHoy, al transferir esta tecnolog\u00eda a una empresa privada, tenemos la posibilidad de escalarla a otros pa\u00edses de la regi\u00f3n, por lo que MAFA comienza un nuevo ciclo\u201d, explican.<\/p>\n\n\n\n<ul class=\"wp-block-list\">\n<li>Gracias a un acuerdo firmado por la Pontificia Universidad Cat\u00f3lica de Chile con&nbsp;<a href=\"https:\/\/efectoeducativo.cl\/\">Efecto Educativo<\/a>&nbsp;-instituci\u00f3n desarrolladora de propuestas educativas basadas en tecnolog\u00eda y material did\u00e1ctico- el proyecto MAFA busca su internacionalizaci\u00f3n.<\/li>\n<\/ul>\n\n\n\n<p>En una ceremonia realizada en el Centro de Innovaci\u00f3n y que cont\u00f3 con la participaci\u00f3n del Vicerrector de Investigaci\u00f3n UC,&nbsp;Pedro Bouchon, la Directora de Investigaci\u00f3n de la FADEU,&nbsp;Magdalena Vicu\u00f1a, el Decano de la Facultad de Educaci\u00f3n,&nbsp;Alejandro Carrasco, el director de la Escuela de Dise\u00f1o,&nbsp;Rodrigo Ram\u00edrez, los autores del proyecto,&nbsp;Cynthia Adlerstein&nbsp;(Educaci\u00f3n UC),&nbsp;Patricia Manns&nbsp;y&nbsp;Alberto Gonz\u00e1lez&nbsp;(Dise\u00f1o UC) y el&nbsp;director pedag\u00f3gico de Efecto Educativo,&nbsp;Alberto Mora, se firm\u00f3 el acuerdo que permitir\u00e1 a MAFA llegar a todo el continente.<\/p>\n\n\n\n<p>El proyecto, que busca transformar a trav\u00e9s de la investigaci\u00f3n cient\u00edfica, los espacios de aprendizaje para la primera infancia, se traduce en el dise\u00f1o de una tecnolog\u00eda que cambia el paradigma de los ambientes de aprendizaje tradicionales&nbsp;de la educaci\u00f3n parvularia chilena a trav\u00e9s de tres componentes integrados: MAFApp, plataforma virtual que documenta la pedagog\u00eda y las experiencias que viven los equipos; el mobiliario, un set de soportes multifuncionales que reemplazan los muebles tradicionales; y el DiME, un material de modelamiento para que los mismos p\u00e1rvulos participen activamente en el ambiente de su aula.<\/p>\n\n\n\n<p>\u201cEl principal inter\u00e9s que tenemos como directores del proyecto es el impacto. La posibilidad de influir con MAFA a toda la regi\u00f3n es un gran logro, sobre todo pensando en las personas que ser\u00e1n beneficiados y el cambio de paradigma que supone adoptar esta tecnolog\u00eda educativa\u201d, explican Patricia Manns y Alberto Gonz\u00e1lez, Directores del proyecto.<\/p>\n\n\n\n<p>INFORMACI\u00d3N PERIOD\u00cdSTICA<br>ESCUELA DE DISE\u00d1O UC<\/p>\n","protected":false},"excerpt":{"rendered":"<p>Gracias a un acuerdo firmado por la Pontificia Universidad Cat\u00f3lica de Chile con Efecto Educativo -instituci\u00f3n desarrolladora de propuestas educativas basadas en tecnolog\u00eda y material did\u00e1ctico- el proyecto MAFA busca su internacionalizaci\u00f3n.<\/p>\n","protected":false},"author":1,"featured_media":5595,"comment_status":"open","ping_status":"open","sticky":false,"template":"","format":"standard","meta":{"_acf_changed":false,"footnotes":""},"categories":[1],"tags":[],"class_list":["post-5594","post","type-post","status-publish","format-standard","has-post-thumbnail","hentry","category-sin-categorizar"],"acf":[],"yoast_head":"<!-- This site is optimized with the Yoast SEO plugin v27.1.1 - https:\/\/yoast.com\/product\/yoast-seo-wordpress\/ -->\n<title>MAFA se internacionaliza gracias a acuerdo firmado por UC con Efecto Educativo - Facultad de Arquitectura, Dise\u00f1o y Estudios Urbanos<\/title>\n<meta name=\"description\" content=\"Gracias a un acuerdo firmado por la Pontificia Universidad Cat\u00f3lica de Chile con Efecto Educativo -instituci\u00f3n desarrolladora de propuestas educativas basadas en tecnolog\u00eda y material did\u00e1ctico- el proyecto MAFA busca su internacionalizaci\u00f3n.\" \/>\n<meta name=\"robots\" content=\"index, follow, max-snippet:-1, max-image-preview:large, max-video-preview:-1\" \/>\n<link rel=\"canonical\" href=\"https:\/\/fadeu.urantiacos.cl\/en\/2022\/01\/14\/mafa-se-internacionaliza-gracias-a-acuerdo-firmado-por-uc-con-efecto-educativo\/\" \/>\n<meta property=\"og:locale\" content=\"en_US\" \/>\n<meta property=\"og:type\" content=\"article\" \/>\n<meta property=\"og:title\" content=\"MAFA se internacionaliza gracias a acuerdo firmado por UC con Efecto Educativo - Facultad de Arquitectura, Dise\u00f1o y Estudios Urbanos\" \/>\n<meta property=\"og:description\" content=\"Gracias a un acuerdo firmado por la Pontificia Universidad Cat\u00f3lica de Chile con Efecto Educativo -instituci\u00f3n desarrolladora de propuestas educativas basadas en tecnolog\u00eda y material did\u00e1ctico- el proyecto MAFA busca su internacionalizaci\u00f3n.\" \/>\n<meta property=\"og:url\" content=\"https:\/\/fadeu.urantiacos.cl\/en\/2022\/01\/14\/mafa-se-internacionaliza-gracias-a-acuerdo-firmado-por-uc-con-efecto-educativo\/\" \/>\n<meta property=\"og:site_name\" content=\"Facultad de Arquitectura, Dise\u00f1o y Estudios Urbanos\" \/>\n<meta property=\"article:published_time\" content=\"2022-01-14T18:49:00+00:00\" \/>\n<meta property=\"article:modified_time\" content=\"2023-09-06T18:51:26+00:00\" \/>\n<meta property=\"og:image\" content=\"https:\/\/fadeu.urantiacos.cl\/wp-content\/uploads\/2023\/09\/pasted_image_0_WEB.png\" \/>\n\t<meta property=\"og:image:width\" content=\"350\" \/>\n\t<meta property=\"og:image:height\" content=\"250\" \/>\n\t<meta property=\"og:image:type\" content=\"image\/png\" \/>\n<meta name=\"author\" content=\"manadmin\" \/>\n<meta name=\"twitter:card\" content=\"summary_large_image\" \/>\n<meta name=\"twitter:label1\" content=\"Written by\" \/>\n\t<meta name=\"twitter:data1\" content=\"manadmin\" \/>\n\t<meta name=\"twitter:label2\" content=\"Est. reading time\" \/>\n\t<meta name=\"twitter:data2\" content=\"4 minutes\" \/>\n<script type=\"application\/ld+json\" class=\"yoast-schema-graph\">{\"@context\":\"https:\/\/schema.org\",\"@graph\":[{\"@type\":\"Article\",\"@id\":\"https:\/\/fadeu.urantiacos.cl\/en\/2022\/01\/14\/mafa-se-internacionaliza-gracias-a-acuerdo-firmado-por-uc-con-efecto-educativo\/#article\",\"isPartOf\":{\"@id\":\"https:\/\/fadeu.urantiacos.cl\/en\/2022\/01\/14\/mafa-se-internacionaliza-gracias-a-acuerdo-firmado-por-uc-con-efecto-educativo\/\"},\"author\":{\"name\":\"manadmin\",\"@id\":\"https:\/\/fadeu.urantiacos.cl\/en\/#\/schema\/person\/d203e2e84b1c40275eac77b3061a19a2\"},\"headline\":\"MAFA se internacionaliza gracias a acuerdo firmado por UC con Efecto Educativo\",\"datePublished\":\"2022-01-14T18:49:00+00:00\",\"dateModified\":\"2023-09-06T18:51:26+00:00\",\"mainEntityOfPage\":{\"@id\":\"https:\/\/fadeu.urantiacos.cl\/en\/2022\/01\/14\/mafa-se-internacionaliza-gracias-a-acuerdo-firmado-por-uc-con-efecto-educativo\/\"},\"wordCount\":727,\"commentCount\":0,\"image\":{\"@id\":\"https:\/\/fadeu.urantiacos.cl\/en\/2022\/01\/14\/mafa-se-internacionaliza-gracias-a-acuerdo-firmado-por-uc-con-efecto-educativo\/#primaryimage\"},\"thumbnailUrl\":\"https:\/\/fadeu.urantiacos.cl\/wp-content\/uploads\/2023\/09\/pasted_image_0_WEB.png\",\"articleSection\":[\"Sin categorizar\"],\"inLanguage\":\"en-US\",\"potentialAction\":[{\"@type\":\"CommentAction\",\"name\":\"Comment\",\"target\":[\"https:\/\/fadeu.urantiacos.cl\/en\/2022\/01\/14\/mafa-se-internacionaliza-gracias-a-acuerdo-firmado-por-uc-con-efecto-educativo\/#respond\"]}]},{\"@type\":\"WebPage\",\"@id\":\"https:\/\/fadeu.urantiacos.cl\/en\/2022\/01\/14\/mafa-se-internacionaliza-gracias-a-acuerdo-firmado-por-uc-con-efecto-educativo\/\",\"url\":\"https:\/\/fadeu.urantiacos.cl\/en\/2022\/01\/14\/mafa-se-internacionaliza-gracias-a-acuerdo-firmado-por-uc-con-efecto-educativo\/\",\"name\":\"MAFA se internacionaliza gracias a acuerdo firmado por UC con Efecto Educativo - Facultad de Arquitectura, Dise\u00f1o y Estudios Urbanos\",\"isPartOf\":{\"@id\":\"https:\/\/fadeu.urantiacos.cl\/en\/#website\"},\"primaryImageOfPage\":{\"@id\":\"https:\/\/fadeu.urantiacos.cl\/en\/2022\/01\/14\/mafa-se-internacionaliza-gracias-a-acuerdo-firmado-por-uc-con-efecto-educativo\/#primaryimage\"},\"image\":{\"@id\":\"https:\/\/fadeu.urantiacos.cl\/en\/2022\/01\/14\/mafa-se-internacionaliza-gracias-a-acuerdo-firmado-por-uc-con-efecto-educativo\/#primaryimage\"},\"thumbnailUrl\":\"https:\/\/fadeu.urantiacos.cl\/wp-content\/uploads\/2023\/09\/pasted_image_0_WEB.png\",\"datePublished\":\"2022-01-14T18:49:00+00:00\",\"dateModified\":\"2023-09-06T18:51:26+00:00\",\"author\":{\"@id\":\"https:\/\/fadeu.urantiacos.cl\/en\/#\/schema\/person\/d203e2e84b1c40275eac77b3061a19a2\"},\"description\":\"Gracias a un acuerdo firmado por la Pontificia Universidad Cat\u00f3lica de Chile con Efecto Educativo -instituci\u00f3n desarrolladora de propuestas educativas basadas en tecnolog\u00eda y material did\u00e1ctico- el proyecto MAFA busca su internacionalizaci\u00f3n.\",\"breadcrumb\":{\"@id\":\"https:\/\/fadeu.urantiacos.cl\/en\/2022\/01\/14\/mafa-se-internacionaliza-gracias-a-acuerdo-firmado-por-uc-con-efecto-educativo\/#breadcrumb\"},\"inLanguage\":\"en-US\",\"potentialAction\":[{\"@type\":\"ReadAction\",\"target\":[\"https:\/\/fadeu.urantiacos.cl\/en\/2022\/01\/14\/mafa-se-internacionaliza-gracias-a-acuerdo-firmado-por-uc-con-efecto-educativo\/\"]}]},{\"@type\":\"ImageObject\",\"inLanguage\":\"en-US\",\"@id\":\"https:\/\/fadeu.urantiacos.cl\/en\/2022\/01\/14\/mafa-se-internacionaliza-gracias-a-acuerdo-firmado-por-uc-con-efecto-educativo\/#primaryimage\",\"url\":\"https:\/\/fadeu.urantiacos.cl\/wp-content\/uploads\/2023\/09\/pasted_image_0_WEB.png\",\"contentUrl\":\"https:\/\/fadeu.urantiacos.cl\/wp-content\/uploads\/2023\/09\/pasted_image_0_WEB.png\",\"width\":350,\"height\":250},{\"@type\":\"BreadcrumbList\",\"@id\":\"https:\/\/fadeu.urantiacos.cl\/en\/2022\/01\/14\/mafa-se-internacionaliza-gracias-a-acuerdo-firmado-por-uc-con-efecto-educativo\/#breadcrumb\",\"itemListElement\":[{\"@type\":\"ListItem\",\"position\":1,\"name\":\"Portada\",\"item\":\"https:\/\/fadeu.urantiacos.cl\/en\/\"},{\"@type\":\"ListItem\",\"position\":2,\"name\":\"MAFA se internacionaliza gracias a acuerdo firmado por UC con Efecto Educativo\"}]},{\"@type\":\"WebSite\",\"@id\":\"https:\/\/fadeu.urantiacos.cl\/en\/#website\",\"url\":\"https:\/\/fadeu.urantiacos.cl\/en\/\",\"name\":\"Facultad de Arquitectura, Dise\u00f1o y Estudios Urbanos\",\"description\":\"Campus Lo Contador\",\"potentialAction\":[{\"@type\":\"SearchAction\",\"target\":{\"@type\":\"EntryPoint\",\"urlTemplate\":\"https:\/\/fadeu.urantiacos.cl\/en\/?s={search_term_string}\"},\"query-input\":{\"@type\":\"PropertyValueSpecification\",\"valueRequired\":true,\"valueName\":\"search_term_string\"}}],\"inLanguage\":\"en-US\"},{\"@type\":\"Person\",\"@id\":\"https:\/\/fadeu.urantiacos.cl\/en\/#\/schema\/person\/d203e2e84b1c40275eac77b3061a19a2\",\"name\":\"manadmin\",\"image\":{\"@type\":\"ImageObject\",\"inLanguage\":\"en-US\",\"@id\":\"https:\/\/fadeu.urantiacos.cl\/en\/#\/schema\/person\/image\/\",\"url\":\"https:\/\/secure.gravatar.com\/avatar\/4b1d8e3303b4a9d8968ac578947d8bc80d9aea359f388cdd4aac15cadc0e8447?s=96&d=mm&r=g\",\"contentUrl\":\"https:\/\/secure.gravatar.com\/avatar\/4b1d8e3303b4a9d8968ac578947d8bc80d9aea359f388cdd4aac15cadc0e8447?s=96&d=mm&r=g\",\"caption\":\"manadmin\"},\"sameAs\":[\"https:\/\/fadeu.urantiacos.cl\"]}]}<\/script>\n<!-- \/ Yoast SEO plugin. -->","yoast_head_json":{"title":"MAFA se internacionaliza gracias a acuerdo firmado por UC con Efecto Educativo - Facultad de Arquitectura, Dise\u00f1o y Estudios Urbanos","description":"Gracias a un acuerdo firmado por la Pontificia Universidad Cat\u00f3lica de Chile con Efecto Educativo -instituci\u00f3n desarrolladora de propuestas educativas basadas en tecnolog\u00eda y material did\u00e1ctico- el proyecto MAFA busca su internacionalizaci\u00f3n.","robots":{"index":"index","follow":"follow","max-snippet":"max-snippet:-1","max-image-preview":"max-image-preview:large","max-video-preview":"max-video-preview:-1"},"canonical":"https:\/\/fadeu.urantiacos.cl\/en\/2022\/01\/14\/mafa-se-internacionaliza-gracias-a-acuerdo-firmado-por-uc-con-efecto-educativo\/","og_locale":"en_US","og_type":"article","og_title":"MAFA se internacionaliza gracias a acuerdo firmado por UC con Efecto Educativo - Facultad de Arquitectura, Dise\u00f1o y Estudios Urbanos","og_description":"Gracias a un acuerdo firmado por la Pontificia Universidad Cat\u00f3lica de Chile con Efecto Educativo -instituci\u00f3n desarrolladora de propuestas educativas basadas en tecnolog\u00eda y material did\u00e1ctico- el proyecto MAFA busca su internacionalizaci\u00f3n.","og_url":"https:\/\/fadeu.urantiacos.cl\/en\/2022\/01\/14\/mafa-se-internacionaliza-gracias-a-acuerdo-firmado-por-uc-con-efecto-educativo\/","og_site_name":"Facultad de Arquitectura, Dise\u00f1o y Estudios Urbanos","article_published_time":"2022-01-14T18:49:00+00:00","article_modified_time":"2023-09-06T18:51:26+00:00","og_image":[{"width":350,"height":250,"url":"https:\/\/fadeu.urantiacos.cl\/wp-content\/uploads\/2023\/09\/pasted_image_0_WEB.png","type":"image\/png"}],"author":"manadmin","twitter_card":"summary_large_image","twitter_misc":{"Written by":"manadmin","Est. reading time":"4 minutes"},"schema":{"@context":"https:\/\/schema.org","@graph":[{"@type":"Article","@id":"https:\/\/fadeu.urantiacos.cl\/en\/2022\/01\/14\/mafa-se-internacionaliza-gracias-a-acuerdo-firmado-por-uc-con-efecto-educativo\/#article","isPartOf":{"@id":"https:\/\/fadeu.urantiacos.cl\/en\/2022\/01\/14\/mafa-se-internacionaliza-gracias-a-acuerdo-firmado-por-uc-con-efecto-educativo\/"},"author":{"name":"manadmin","@id":"https:\/\/fadeu.urantiacos.cl\/en\/#\/schema\/person\/d203e2e84b1c40275eac77b3061a19a2"},"headline":"MAFA se internacionaliza gracias a acuerdo firmado por UC con Efecto Educativo","datePublished":"2022-01-14T18:49:00+00:00","dateModified":"2023-09-06T18:51:26+00:00","mainEntityOfPage":{"@id":"https:\/\/fadeu.urantiacos.cl\/en\/2022\/01\/14\/mafa-se-internacionaliza-gracias-a-acuerdo-firmado-por-uc-con-efecto-educativo\/"},"wordCount":727,"commentCount":0,"image":{"@id":"https:\/\/fadeu.urantiacos.cl\/en\/2022\/01\/14\/mafa-se-internacionaliza-gracias-a-acuerdo-firmado-por-uc-con-efecto-educativo\/#primaryimage"},"thumbnailUrl":"https:\/\/fadeu.urantiacos.cl\/wp-content\/uploads\/2023\/09\/pasted_image_0_WEB.png","articleSection":["Sin categorizar"],"inLanguage":"en-US","potentialAction":[{"@type":"CommentAction","name":"Comment","target":["https:\/\/fadeu.urantiacos.cl\/en\/2022\/01\/14\/mafa-se-internacionaliza-gracias-a-acuerdo-firmado-por-uc-con-efecto-educativo\/#respond"]}]},{"@type":"WebPage","@id":"https:\/\/fadeu.urantiacos.cl\/en\/2022\/01\/14\/mafa-se-internacionaliza-gracias-a-acuerdo-firmado-por-uc-con-efecto-educativo\/","url":"https:\/\/fadeu.urantiacos.cl\/en\/2022\/01\/14\/mafa-se-internacionaliza-gracias-a-acuerdo-firmado-por-uc-con-efecto-educativo\/","name":"MAFA se internacionaliza gracias a acuerdo firmado por UC con Efecto Educativo - Facultad de Arquitectura, Dise\u00f1o y Estudios Urbanos","isPartOf":{"@id":"https:\/\/fadeu.urantiacos.cl\/en\/#website"},"primaryImageOfPage":{"@id":"https:\/\/fadeu.urantiacos.cl\/en\/2022\/01\/14\/mafa-se-internacionaliza-gracias-a-acuerdo-firmado-por-uc-con-efecto-educativo\/#primaryimage"},"image":{"@id":"https:\/\/fadeu.urantiacos.cl\/en\/2022\/01\/14\/mafa-se-internacionaliza-gracias-a-acuerdo-firmado-por-uc-con-efecto-educativo\/#primaryimage"},"thumbnailUrl":"https:\/\/fadeu.urantiacos.cl\/wp-content\/uploads\/2023\/09\/pasted_image_0_WEB.png","datePublished":"2022-01-14T18:49:00+00:00","dateModified":"2023-09-06T18:51:26+00:00","author":{"@id":"https:\/\/fadeu.urantiacos.cl\/en\/#\/schema\/person\/d203e2e84b1c40275eac77b3061a19a2"},"description":"Gracias a un acuerdo firmado por la Pontificia Universidad Cat\u00f3lica de Chile con Efecto Educativo -instituci\u00f3n desarrolladora de propuestas educativas basadas en tecnolog\u00eda y material did\u00e1ctico- el proyecto MAFA busca su internacionalizaci\u00f3n.","breadcrumb":{"@id":"https:\/\/fadeu.urantiacos.cl\/en\/2022\/01\/14\/mafa-se-internacionaliza-gracias-a-acuerdo-firmado-por-uc-con-efecto-educativo\/#breadcrumb"},"inLanguage":"en-US","potentialAction":[{"@type":"ReadAction","target":["https:\/\/fadeu.urantiacos.cl\/en\/2022\/01\/14\/mafa-se-internacionaliza-gracias-a-acuerdo-firmado-por-uc-con-efecto-educativo\/"]}]},{"@type":"ImageObject","inLanguage":"en-US","@id":"https:\/\/fadeu.urantiacos.cl\/en\/2022\/01\/14\/mafa-se-internacionaliza-gracias-a-acuerdo-firmado-por-uc-con-efecto-educativo\/#primaryimage","url":"https:\/\/fadeu.urantiacos.cl\/wp-content\/uploads\/2023\/09\/pasted_image_0_WEB.png","contentUrl":"https:\/\/fadeu.urantiacos.cl\/wp-content\/uploads\/2023\/09\/pasted_image_0_WEB.png","width":350,"height":250},{"@type":"BreadcrumbList","@id":"https:\/\/fadeu.urantiacos.cl\/en\/2022\/01\/14\/mafa-se-internacionaliza-gracias-a-acuerdo-firmado-por-uc-con-efecto-educativo\/#breadcrumb","itemListElement":[{"@type":"ListItem","position":1,"name":"Portada","item":"https:\/\/fadeu.urantiacos.cl\/en\/"},{"@type":"ListItem","position":2,"name":"MAFA se internacionaliza gracias a acuerdo firmado por UC con Efecto Educativo"}]},{"@type":"WebSite","@id":"https:\/\/fadeu.urantiacos.cl\/en\/#website","url":"https:\/\/fadeu.urantiacos.cl\/en\/","name":"Facultad de Arquitectura, Dise\u00f1o y Estudios Urbanos","description":"Campus Lo Contador","potentialAction":[{"@type":"SearchAction","target":{"@type":"EntryPoint","urlTemplate":"https:\/\/fadeu.urantiacos.cl\/en\/?s={search_term_string}"},"query-input":{"@type":"PropertyValueSpecification","valueRequired":true,"valueName":"search_term_string"}}],"inLanguage":"en-US"},{"@type":"Person","@id":"https:\/\/fadeu.urantiacos.cl\/en\/#\/schema\/person\/d203e2e84b1c40275eac77b3061a19a2","name":"manadmin","image":{"@type":"ImageObject","inLanguage":"en-US","@id":"https:\/\/fadeu.urantiacos.cl\/en\/#\/schema\/person\/image\/","url":"https:\/\/secure.gravatar.com\/avatar\/4b1d8e3303b4a9d8968ac578947d8bc80d9aea359f388cdd4aac15cadc0e8447?s=96&d=mm&r=g","contentUrl":"https:\/\/secure.gravatar.com\/avatar\/4b1d8e3303b4a9d8968ac578947d8bc80d9aea359f388cdd4aac15cadc0e8447?s=96&d=mm&r=g","caption":"manadmin"},"sameAs":["https:\/\/fadeu.urantiacos.cl"]}]}},"_links":{"self":[{"href":"https:\/\/fadeu.urantiacos.cl\/en\/wp-json\/wp\/v2\/posts\/5594","targetHints":{"allow":["GET"]}}],"collection":[{"href":"https:\/\/fadeu.urantiacos.cl\/en\/wp-json\/wp\/v2\/posts"}],"about":[{"href":"https:\/\/fadeu.urantiacos.cl\/en\/wp-json\/wp\/v2\/types\/post"}],"author":[{"embeddable":true,"href":"https:\/\/fadeu.urantiacos.cl\/en\/wp-json\/wp\/v2\/users\/1"}],"replies":[{"embeddable":true,"href":"https:\/\/fadeu.urantiacos.cl\/en\/wp-json\/wp\/v2\/comments?post=5594"}],"version-history":[{"count":1,"href":"https:\/\/fadeu.urantiacos.cl\/en\/wp-json\/wp\/v2\/posts\/5594\/revisions"}],"predecessor-version":[{"id":5596,"href":"https:\/\/fadeu.urantiacos.cl\/en\/wp-json\/wp\/v2\/posts\/5594\/revisions\/5596"}],"wp:featuredmedia":[{"embeddable":true,"href":"https:\/\/fadeu.urantiacos.cl\/en\/wp-json\/wp\/v2\/media\/5595"}],"wp:attachment":[{"href":"https:\/\/fadeu.urantiacos.cl\/en\/wp-json\/wp\/v2\/media?parent=5594"}],"wp:term":[{"taxonomy":"category","embeddable":true,"href":"https:\/\/fadeu.urantiacos.cl\/en\/wp-json\/wp\/v2\/categories?post=5594"},{"taxonomy":"post_tag","embeddable":true,"href":"https:\/\/fadeu.urantiacos.cl\/en\/wp-json\/wp\/v2\/tags?post=5594"}],"curies":[{"name":"wp","href":"https:\/\/api.w.org\/{rel}","templated":true}]}}