{"id":5569,"date":"2022-01-17T15:34:00","date_gmt":"2022-01-17T18:34:00","guid":{"rendered":"https:\/\/fadeu.urantiacos.cl\/?p=5569"},"modified":"2023-09-06T15:35:45","modified_gmt":"2023-09-06T18:35:45","slug":"profesores-moreno-y-vecchio-fueron-seleccionados-en-el-early-career-researcher-ecr-workshop-2022-planetary-health","status":"publish","type":"post","link":"https:\/\/fadeu.urantiacos.cl\/en\/2022\/01\/17\/profesores-moreno-y-vecchio-fueron-seleccionados-en-el-early-career-researcher-ecr-workshop-2022-planetary-health\/","title":{"rendered":"Profesores Moreno y Vecchio fueron seleccionados en el \u201cEarly Career Researcher (ECR) Workshop 2022: Planetary Health\u201d"},"content":{"rendered":"\n<figure class=\"wp-block-image size-full\"><img decoding=\"async\" width=\"350\" height=\"250\" src=\"https:\/\/fadeu.urantiacos.cl\/wp-content\/uploads\/2023\/09\/WEB_ecr_workshop_2022_banner_1.png\" alt=\"\" class=\"wp-image-5570\" srcset=\"https:\/\/fadeu.urantiacos.cl\/wp-content\/uploads\/2023\/09\/WEB_ecr_workshop_2022_banner_1.png 350w, https:\/\/fadeu.urantiacos.cl\/wp-content\/uploads\/2023\/09\/WEB_ecr_workshop_2022_banner_1-300x214.png 300w\" sizes=\"(max-width: 350px) 100vw, 350px\" \/><\/figure>\n\n\n\n<p>El tema este a\u00f1o es &#8220;Planetary Health\u201d, que estudia c\u00f3mo el impacto del comportamiento humano ha alterado los sistemas naturales de La Tierra y ha creado las crisis que se vive en la actualidad. La tem\u00e1tica incluye el cambio clim\u00e1tico, la disminuci\u00f3n de la biodiversidad, la escasez de tierra cultivable y agua dulce, la contaminaci\u00f3n, los flujos biogeoqu\u00edmicos cambiantes, el sistema global de producci\u00f3n de alimentos, la calidad del aire y del agua, la exposici\u00f3n a enfermedades infecciosas y la habitabilidad de los lugares, entre otras.<\/p>\n\n\n\n<p>La Facultad de Arquitectura, Dise\u00f1o y Estudios Urbanos postul\u00f3 a los profesores Osvaldo Moreno (escuela de Arquitectura) y Giovanni Vecchio (Instituto de Estudios Urbanos y Territoriales) y ambos fueron seleccionados, en el marco de cinco cupos totales asignados a la Universidad Cat\u00f3lica en su conjunto.&nbsp;<\/p>\n\n\n\n<p>El profesor Moreno fue presentado en las l\u00edneas de Landscape Planning, Green Infrastructure and Nature-based solutions for Urban Resilience to Disasters and Climate Change effects; Landscape rehabilitation and integration of post-industrial infrastructures and environmental passives; &nbsp;Water sensitive Urban Design for resilient cities; y Cultural Landscapes: planning &amp; management.&nbsp;<\/p>\n\n\n\n<p>El profesor Vecchio fue presentado en las l\u00edneas de Transport and equity, with a focus on justice and the mobility of older people, y Territorial vulnerability and institutional capacity, focusing on their ability to&nbsp;plan and manage territories.<\/p>\n\n\n\n<p><strong>Osvaldo Moreno<\/strong><\/p>\n\n\n\n<p>Moreno es Arquitecto de la Universidad de Chile (2003); Doctorando en Arquitectura y Urbanismo de la Universidad Nacional de La Plata, y Mag\u00edster en Paisaje, Medioambiente y Ciudad, Universidad Nacional de La Plata \u2013 Programa ALFA. Becario Programa ALFA, 2005-2006. Becario Erasmus Mundus European Comission 2013. Diplomado en Evaluaci\u00f3n de Proyectos, Escuela de Postgrado Facultad de Arquitectura y Urbanismo, Universidad de Chile. Acad\u00e9mico Escuela de Arquitectura y Profesor de Magister en Arquitectura del Paisaje, Pontificia Universidad Cat\u00f3lica de Chile.<\/p>\n\n\n\n<p>Es Profesor invitado de la Maestr\u00eda en Desarrollo Sustentable, FLACAM, c\u00e1tedra UNESCO, y tambi\u00e9n Acad\u00e9mico de la Facultad de Arquitectura y Urbanismo de la Universidad de Chile.<\/p>\n\n\n\n<p>Es Consultor en Urbanismo, Arquitectura, Paisaje y Medioambiente, actividad profesional desarrollada en los \u00e1mbitos de planificaci\u00f3n, dise\u00f1o y gesti\u00f3n de proyectos urbanos y territoriales, arquitectura del paisaje, \u00e1reas verdes y espacio p\u00fablico, movilidad sustentable, equipamiento p\u00fablico y turismo, en contextos urbanos y rurales.&nbsp;<\/p>\n\n\n\n<p><strong>Giovanni Vecchio<\/strong><\/p>\n\n\n\n<p>PhD en Planificaci\u00f3n, Dise\u00f1o y Pol\u00edticas Urbanas del Politecnico di Milano, 2018; Magister (2014) y licenciado (2011) en Planificaci\u00f3n Urbana por el Politecnico di Milano.<\/p>\n\n\n\n<p>Su trabajo se enfoca en las implicaciones sociales de la planificaci\u00f3n territorial, especialmente en el campo de la movilidad urbana, en relaci\u00f3n con desigualdades socio-espaciales, su impacto en el desarrollo humano y pol\u00edticas para ciudades incluyentes.<\/p>\n\n\n\n<p>Tambi\u00e9n colabora con el Centro de Desarrollo Urbano Sustentable (CEDEUS), en proyectos vinculados a movilidad justa y sustentable en las ciudades chilenas. Ha desarrollado trabajos en universidades de Italia, Holanda, Colombia y Ecuador, adem\u00e1s de participar como investigador en diferentes proyectos nacionales e internacionales.<\/p>\n\n\n\n<p>&nbsp;<br>INFORMACI\u00d3N PERIOD\u00cdSTICA<br>JUAN ANDR\u00c9S INZUNZA<\/p>\n","protected":false},"excerpt":{"rendered":"<p>Seg\u00fan informa la Vicerrectoria de Investigaci\u00f3n, el objetivo de Early Career Researcher Workshop es abrir oportunidades para mejorar y apoyar a los\/as investigadores\/as de instituciones pertenecientes a la red U21 en las primeras etapas de su carrera, fomentando la colaboraci\u00f3n en investigaci\u00f3n transdisciplinaria e internacional.<\/p>\n","protected":false},"author":1,"featured_media":5570,"comment_status":"open","ping_status":"open","sticky":false,"template":"","format":"standard","meta":{"_acf_changed":false,"footnotes":""},"categories":[1],"tags":[],"class_list":["post-5569","post","type-post","status-publish","format-standard","has-post-thumbnail","hentry","category-sin-categorizar"],"acf":[],"yoast_head":"<!-- This site is optimized with the Yoast SEO plugin v27.1.1 - https:\/\/yoast.com\/product\/yoast-seo-wordpress\/ -->\n<title>Profesores Moreno y Vecchio fueron seleccionados en el \u201cEarly Career Researcher (ECR) Workshop 2022: Planetary Health\u201d - Facultad de Arquitectura, Dise\u00f1o y Estudios Urbanos<\/title>\n<meta name=\"description\" content=\"Seg\u00fan informa la Vicerrectoria de Investigaci\u00f3n, el objetivo de Early Career Researcher Workshop es abrir oportunidades para mejorar y apoyar a los\/as investigadores\/as de instituciones pertenecientes a la red U21 en las primeras etapas de su carrera, fomentando la colaboraci\u00f3n en investigaci\u00f3n transdisciplinaria e internacional.\" \/>\n<meta name=\"robots\" content=\"index, follow, max-snippet:-1, max-image-preview:large, max-video-preview:-1\" \/>\n<link rel=\"canonical\" href=\"https:\/\/fadeu.urantiacos.cl\/en\/2022\/01\/17\/profesores-moreno-y-vecchio-fueron-seleccionados-en-el-early-career-researcher-ecr-workshop-2022-planetary-health\/\" \/>\n<meta property=\"og:locale\" content=\"en_US\" \/>\n<meta property=\"og:type\" content=\"article\" \/>\n<meta property=\"og:title\" content=\"Profesores Moreno y Vecchio fueron seleccionados en el \u201cEarly Career Researcher (ECR) Workshop 2022: Planetary Health\u201d - Facultad de Arquitectura, Dise\u00f1o y Estudios Urbanos\" \/>\n<meta property=\"og:description\" content=\"Seg\u00fan informa la Vicerrectoria de Investigaci\u00f3n, el objetivo de Early Career Researcher Workshop es abrir oportunidades para mejorar y apoyar a los\/as investigadores\/as de instituciones pertenecientes a la red U21 en las primeras etapas de su carrera, fomentando la colaboraci\u00f3n en investigaci\u00f3n transdisciplinaria e internacional.\" \/>\n<meta property=\"og:url\" content=\"https:\/\/fadeu.urantiacos.cl\/en\/2022\/01\/17\/profesores-moreno-y-vecchio-fueron-seleccionados-en-el-early-career-researcher-ecr-workshop-2022-planetary-health\/\" \/>\n<meta property=\"og:site_name\" content=\"Facultad de Arquitectura, Dise\u00f1o y Estudios Urbanos\" \/>\n<meta property=\"article:published_time\" content=\"2022-01-17T18:34:00+00:00\" \/>\n<meta property=\"article:modified_time\" content=\"2023-09-06T18:35:45+00:00\" \/>\n<meta property=\"og:image\" content=\"https:\/\/fadeu.urantiacos.cl\/wp-content\/uploads\/2023\/09\/WEB_ecr_workshop_2022_banner_1.png\" \/>\n\t<meta property=\"og:image:width\" content=\"350\" \/>\n\t<meta property=\"og:image:height\" content=\"250\" \/>\n\t<meta property=\"og:image:type\" content=\"image\/png\" \/>\n<meta name=\"author\" content=\"manadmin\" \/>\n<meta name=\"twitter:card\" content=\"summary_large_image\" \/>\n<meta name=\"twitter:label1\" content=\"Written by\" \/>\n\t<meta name=\"twitter:data1\" content=\"manadmin\" \/>\n\t<meta name=\"twitter:label2\" content=\"Est. reading time\" \/>\n\t<meta name=\"twitter:data2\" content=\"3 minutes\" \/>\n<script type=\"application\/ld+json\" class=\"yoast-schema-graph\">{\"@context\":\"https:\/\/schema.org\",\"@graph\":[{\"@type\":\"Article\",\"@id\":\"https:\/\/fadeu.urantiacos.cl\/en\/2022\/01\/17\/profesores-moreno-y-vecchio-fueron-seleccionados-en-el-early-career-researcher-ecr-workshop-2022-planetary-health\/#article\",\"isPartOf\":{\"@id\":\"https:\/\/fadeu.urantiacos.cl\/en\/2022\/01\/17\/profesores-moreno-y-vecchio-fueron-seleccionados-en-el-early-career-researcher-ecr-workshop-2022-planetary-health\/\"},\"author\":{\"name\":\"manadmin\",\"@id\":\"https:\/\/fadeu.urantiacos.cl\/en\/#\/schema\/person\/d203e2e84b1c40275eac77b3061a19a2\"},\"headline\":\"Profesores Moreno y Vecchio fueron seleccionados en el \u201cEarly Career Researcher (ECR) Workshop 2022: Planetary Health\u201d\",\"datePublished\":\"2022-01-17T18:34:00+00:00\",\"dateModified\":\"2023-09-06T18:35:45+00:00\",\"mainEntityOfPage\":{\"@id\":\"https:\/\/fadeu.urantiacos.cl\/en\/2022\/01\/17\/profesores-moreno-y-vecchio-fueron-seleccionados-en-el-early-career-researcher-ecr-workshop-2022-planetary-health\/\"},\"wordCount\":532,\"commentCount\":0,\"image\":{\"@id\":\"https:\/\/fadeu.urantiacos.cl\/en\/2022\/01\/17\/profesores-moreno-y-vecchio-fueron-seleccionados-en-el-early-career-researcher-ecr-workshop-2022-planetary-health\/#primaryimage\"},\"thumbnailUrl\":\"https:\/\/fadeu.urantiacos.cl\/wp-content\/uploads\/2023\/09\/WEB_ecr_workshop_2022_banner_1.png\",\"articleSection\":[\"Sin categorizar\"],\"inLanguage\":\"en-US\",\"potentialAction\":[{\"@type\":\"CommentAction\",\"name\":\"Comment\",\"target\":[\"https:\/\/fadeu.urantiacos.cl\/en\/2022\/01\/17\/profesores-moreno-y-vecchio-fueron-seleccionados-en-el-early-career-researcher-ecr-workshop-2022-planetary-health\/#respond\"]}]},{\"@type\":\"WebPage\",\"@id\":\"https:\/\/fadeu.urantiacos.cl\/en\/2022\/01\/17\/profesores-moreno-y-vecchio-fueron-seleccionados-en-el-early-career-researcher-ecr-workshop-2022-planetary-health\/\",\"url\":\"https:\/\/fadeu.urantiacos.cl\/en\/2022\/01\/17\/profesores-moreno-y-vecchio-fueron-seleccionados-en-el-early-career-researcher-ecr-workshop-2022-planetary-health\/\",\"name\":\"Profesores Moreno y Vecchio fueron seleccionados en el \u201cEarly Career Researcher (ECR) Workshop 2022: Planetary Health\u201d - Facultad de Arquitectura, Dise\u00f1o y Estudios Urbanos\",\"isPartOf\":{\"@id\":\"https:\/\/fadeu.urantiacos.cl\/en\/#website\"},\"primaryImageOfPage\":{\"@id\":\"https:\/\/fadeu.urantiacos.cl\/en\/2022\/01\/17\/profesores-moreno-y-vecchio-fueron-seleccionados-en-el-early-career-researcher-ecr-workshop-2022-planetary-health\/#primaryimage\"},\"image\":{\"@id\":\"https:\/\/fadeu.urantiacos.cl\/en\/2022\/01\/17\/profesores-moreno-y-vecchio-fueron-seleccionados-en-el-early-career-researcher-ecr-workshop-2022-planetary-health\/#primaryimage\"},\"thumbnailUrl\":\"https:\/\/fadeu.urantiacos.cl\/wp-content\/uploads\/2023\/09\/WEB_ecr_workshop_2022_banner_1.png\",\"datePublished\":\"2022-01-17T18:34:00+00:00\",\"dateModified\":\"2023-09-06T18:35:45+00:00\",\"author\":{\"@id\":\"https:\/\/fadeu.urantiacos.cl\/en\/#\/schema\/person\/d203e2e84b1c40275eac77b3061a19a2\"},\"description\":\"Seg\u00fan informa la Vicerrectoria de Investigaci\u00f3n, el objetivo de Early Career Researcher Workshop es abrir oportunidades para mejorar y apoyar a los\/as investigadores\/as de instituciones pertenecientes a la red U21 en las primeras etapas de su carrera, fomentando la colaboraci\u00f3n en investigaci\u00f3n transdisciplinaria e internacional.\",\"breadcrumb\":{\"@id\":\"https:\/\/fadeu.urantiacos.cl\/en\/2022\/01\/17\/profesores-moreno-y-vecchio-fueron-seleccionados-en-el-early-career-researcher-ecr-workshop-2022-planetary-health\/#breadcrumb\"},\"inLanguage\":\"en-US\",\"potentialAction\":[{\"@type\":\"ReadAction\",\"target\":[\"https:\/\/fadeu.urantiacos.cl\/en\/2022\/01\/17\/profesores-moreno-y-vecchio-fueron-seleccionados-en-el-early-career-researcher-ecr-workshop-2022-planetary-health\/\"]}]},{\"@type\":\"ImageObject\",\"inLanguage\":\"en-US\",\"@id\":\"https:\/\/fadeu.urantiacos.cl\/en\/2022\/01\/17\/profesores-moreno-y-vecchio-fueron-seleccionados-en-el-early-career-researcher-ecr-workshop-2022-planetary-health\/#primaryimage\",\"url\":\"https:\/\/fadeu.urantiacos.cl\/wp-content\/uploads\/2023\/09\/WEB_ecr_workshop_2022_banner_1.png\",\"contentUrl\":\"https:\/\/fadeu.urantiacos.cl\/wp-content\/uploads\/2023\/09\/WEB_ecr_workshop_2022_banner_1.png\",\"width\":350,\"height\":250},{\"@type\":\"BreadcrumbList\",\"@id\":\"https:\/\/fadeu.urantiacos.cl\/en\/2022\/01\/17\/profesores-moreno-y-vecchio-fueron-seleccionados-en-el-early-career-researcher-ecr-workshop-2022-planetary-health\/#breadcrumb\",\"itemListElement\":[{\"@type\":\"ListItem\",\"position\":1,\"name\":\"Portada\",\"item\":\"https:\/\/fadeu.urantiacos.cl\/en\/\"},{\"@type\":\"ListItem\",\"position\":2,\"name\":\"Profesores Moreno y Vecchio fueron seleccionados en el \u201cEarly Career Researcher (ECR) Workshop 2022: Planetary Health\u201d\"}]},{\"@type\":\"WebSite\",\"@id\":\"https:\/\/fadeu.urantiacos.cl\/en\/#website\",\"url\":\"https:\/\/fadeu.urantiacos.cl\/en\/\",\"name\":\"Facultad de Arquitectura, Dise\u00f1o y Estudios Urbanos\",\"description\":\"Campus Lo Contador\",\"potentialAction\":[{\"@type\":\"SearchAction\",\"target\":{\"@type\":\"EntryPoint\",\"urlTemplate\":\"https:\/\/fadeu.urantiacos.cl\/en\/?s={search_term_string}\"},\"query-input\":{\"@type\":\"PropertyValueSpecification\",\"valueRequired\":true,\"valueName\":\"search_term_string\"}}],\"inLanguage\":\"en-US\"},{\"@type\":\"Person\",\"@id\":\"https:\/\/fadeu.urantiacos.cl\/en\/#\/schema\/person\/d203e2e84b1c40275eac77b3061a19a2\",\"name\":\"manadmin\",\"image\":{\"@type\":\"ImageObject\",\"inLanguage\":\"en-US\",\"@id\":\"https:\/\/fadeu.urantiacos.cl\/en\/#\/schema\/person\/image\/\",\"url\":\"https:\/\/secure.gravatar.com\/avatar\/4b1d8e3303b4a9d8968ac578947d8bc80d9aea359f388cdd4aac15cadc0e8447?s=96&d=mm&r=g\",\"contentUrl\":\"https:\/\/secure.gravatar.com\/avatar\/4b1d8e3303b4a9d8968ac578947d8bc80d9aea359f388cdd4aac15cadc0e8447?s=96&d=mm&r=g\",\"caption\":\"manadmin\"},\"sameAs\":[\"https:\/\/fadeu.urantiacos.cl\"]}]}<\/script>\n<!-- \/ Yoast SEO plugin. -->","yoast_head_json":{"title":"Profesores Moreno y Vecchio fueron seleccionados en el \u201cEarly Career Researcher (ECR) Workshop 2022: Planetary Health\u201d - Facultad de Arquitectura, Dise\u00f1o y Estudios Urbanos","description":"Seg\u00fan informa la Vicerrectoria de Investigaci\u00f3n, el objetivo de Early Career Researcher Workshop es abrir oportunidades para mejorar y apoyar a los\/as investigadores\/as de instituciones pertenecientes a la red U21 en las primeras etapas de su carrera, fomentando la colaboraci\u00f3n en investigaci\u00f3n transdisciplinaria e internacional.","robots":{"index":"index","follow":"follow","max-snippet":"max-snippet:-1","max-image-preview":"max-image-preview:large","max-video-preview":"max-video-preview:-1"},"canonical":"https:\/\/fadeu.urantiacos.cl\/en\/2022\/01\/17\/profesores-moreno-y-vecchio-fueron-seleccionados-en-el-early-career-researcher-ecr-workshop-2022-planetary-health\/","og_locale":"en_US","og_type":"article","og_title":"Profesores Moreno y Vecchio fueron seleccionados en el \u201cEarly Career Researcher (ECR) Workshop 2022: Planetary Health\u201d - Facultad de Arquitectura, Dise\u00f1o y Estudios Urbanos","og_description":"Seg\u00fan informa la Vicerrectoria de Investigaci\u00f3n, el objetivo de Early Career Researcher Workshop es abrir oportunidades para mejorar y apoyar a los\/as investigadores\/as de instituciones pertenecientes a la red U21 en las primeras etapas de su carrera, fomentando la colaboraci\u00f3n en investigaci\u00f3n transdisciplinaria e internacional.","og_url":"https:\/\/fadeu.urantiacos.cl\/en\/2022\/01\/17\/profesores-moreno-y-vecchio-fueron-seleccionados-en-el-early-career-researcher-ecr-workshop-2022-planetary-health\/","og_site_name":"Facultad de Arquitectura, Dise\u00f1o y Estudios Urbanos","article_published_time":"2022-01-17T18:34:00+00:00","article_modified_time":"2023-09-06T18:35:45+00:00","og_image":[{"width":350,"height":250,"url":"https:\/\/fadeu.urantiacos.cl\/wp-content\/uploads\/2023\/09\/WEB_ecr_workshop_2022_banner_1.png","type":"image\/png"}],"author":"manadmin","twitter_card":"summary_large_image","twitter_misc":{"Written by":"manadmin","Est. reading time":"3 minutes"},"schema":{"@context":"https:\/\/schema.org","@graph":[{"@type":"Article","@id":"https:\/\/fadeu.urantiacos.cl\/en\/2022\/01\/17\/profesores-moreno-y-vecchio-fueron-seleccionados-en-el-early-career-researcher-ecr-workshop-2022-planetary-health\/#article","isPartOf":{"@id":"https:\/\/fadeu.urantiacos.cl\/en\/2022\/01\/17\/profesores-moreno-y-vecchio-fueron-seleccionados-en-el-early-career-researcher-ecr-workshop-2022-planetary-health\/"},"author":{"name":"manadmin","@id":"https:\/\/fadeu.urantiacos.cl\/en\/#\/schema\/person\/d203e2e84b1c40275eac77b3061a19a2"},"headline":"Profesores Moreno y Vecchio fueron seleccionados en el \u201cEarly Career Researcher (ECR) Workshop 2022: Planetary Health\u201d","datePublished":"2022-01-17T18:34:00+00:00","dateModified":"2023-09-06T18:35:45+00:00","mainEntityOfPage":{"@id":"https:\/\/fadeu.urantiacos.cl\/en\/2022\/01\/17\/profesores-moreno-y-vecchio-fueron-seleccionados-en-el-early-career-researcher-ecr-workshop-2022-planetary-health\/"},"wordCount":532,"commentCount":0,"image":{"@id":"https:\/\/fadeu.urantiacos.cl\/en\/2022\/01\/17\/profesores-moreno-y-vecchio-fueron-seleccionados-en-el-early-career-researcher-ecr-workshop-2022-planetary-health\/#primaryimage"},"thumbnailUrl":"https:\/\/fadeu.urantiacos.cl\/wp-content\/uploads\/2023\/09\/WEB_ecr_workshop_2022_banner_1.png","articleSection":["Sin categorizar"],"inLanguage":"en-US","potentialAction":[{"@type":"CommentAction","name":"Comment","target":["https:\/\/fadeu.urantiacos.cl\/en\/2022\/01\/17\/profesores-moreno-y-vecchio-fueron-seleccionados-en-el-early-career-researcher-ecr-workshop-2022-planetary-health\/#respond"]}]},{"@type":"WebPage","@id":"https:\/\/fadeu.urantiacos.cl\/en\/2022\/01\/17\/profesores-moreno-y-vecchio-fueron-seleccionados-en-el-early-career-researcher-ecr-workshop-2022-planetary-health\/","url":"https:\/\/fadeu.urantiacos.cl\/en\/2022\/01\/17\/profesores-moreno-y-vecchio-fueron-seleccionados-en-el-early-career-researcher-ecr-workshop-2022-planetary-health\/","name":"Profesores Moreno y Vecchio fueron seleccionados en el \u201cEarly Career Researcher (ECR) Workshop 2022: Planetary Health\u201d - Facultad de Arquitectura, Dise\u00f1o y Estudios Urbanos","isPartOf":{"@id":"https:\/\/fadeu.urantiacos.cl\/en\/#website"},"primaryImageOfPage":{"@id":"https:\/\/fadeu.urantiacos.cl\/en\/2022\/01\/17\/profesores-moreno-y-vecchio-fueron-seleccionados-en-el-early-career-researcher-ecr-workshop-2022-planetary-health\/#primaryimage"},"image":{"@id":"https:\/\/fadeu.urantiacos.cl\/en\/2022\/01\/17\/profesores-moreno-y-vecchio-fueron-seleccionados-en-el-early-career-researcher-ecr-workshop-2022-planetary-health\/#primaryimage"},"thumbnailUrl":"https:\/\/fadeu.urantiacos.cl\/wp-content\/uploads\/2023\/09\/WEB_ecr_workshop_2022_banner_1.png","datePublished":"2022-01-17T18:34:00+00:00","dateModified":"2023-09-06T18:35:45+00:00","author":{"@id":"https:\/\/fadeu.urantiacos.cl\/en\/#\/schema\/person\/d203e2e84b1c40275eac77b3061a19a2"},"description":"Seg\u00fan informa la Vicerrectoria de Investigaci\u00f3n, el objetivo de Early Career Researcher Workshop es abrir oportunidades para mejorar y apoyar a los\/as investigadores\/as de instituciones pertenecientes a la red U21 en las primeras etapas de su carrera, fomentando la colaboraci\u00f3n en investigaci\u00f3n transdisciplinaria e internacional.","breadcrumb":{"@id":"https:\/\/fadeu.urantiacos.cl\/en\/2022\/01\/17\/profesores-moreno-y-vecchio-fueron-seleccionados-en-el-early-career-researcher-ecr-workshop-2022-planetary-health\/#breadcrumb"},"inLanguage":"en-US","potentialAction":[{"@type":"ReadAction","target":["https:\/\/fadeu.urantiacos.cl\/en\/2022\/01\/17\/profesores-moreno-y-vecchio-fueron-seleccionados-en-el-early-career-researcher-ecr-workshop-2022-planetary-health\/"]}]},{"@type":"ImageObject","inLanguage":"en-US","@id":"https:\/\/fadeu.urantiacos.cl\/en\/2022\/01\/17\/profesores-moreno-y-vecchio-fueron-seleccionados-en-el-early-career-researcher-ecr-workshop-2022-planetary-health\/#primaryimage","url":"https:\/\/fadeu.urantiacos.cl\/wp-content\/uploads\/2023\/09\/WEB_ecr_workshop_2022_banner_1.png","contentUrl":"https:\/\/fadeu.urantiacos.cl\/wp-content\/uploads\/2023\/09\/WEB_ecr_workshop_2022_banner_1.png","width":350,"height":250},{"@type":"BreadcrumbList","@id":"https:\/\/fadeu.urantiacos.cl\/en\/2022\/01\/17\/profesores-moreno-y-vecchio-fueron-seleccionados-en-el-early-career-researcher-ecr-workshop-2022-planetary-health\/#breadcrumb","itemListElement":[{"@type":"ListItem","position":1,"name":"Portada","item":"https:\/\/fadeu.urantiacos.cl\/en\/"},{"@type":"ListItem","position":2,"name":"Profesores Moreno y Vecchio fueron seleccionados en el \u201cEarly Career Researcher (ECR) Workshop 2022: Planetary Health\u201d"}]},{"@type":"WebSite","@id":"https:\/\/fadeu.urantiacos.cl\/en\/#website","url":"https:\/\/fadeu.urantiacos.cl\/en\/","name":"Facultad de Arquitectura, Dise\u00f1o y Estudios Urbanos","description":"Campus Lo Contador","potentialAction":[{"@type":"SearchAction","target":{"@type":"EntryPoint","urlTemplate":"https:\/\/fadeu.urantiacos.cl\/en\/?s={search_term_string}"},"query-input":{"@type":"PropertyValueSpecification","valueRequired":true,"valueName":"search_term_string"}}],"inLanguage":"en-US"},{"@type":"Person","@id":"https:\/\/fadeu.urantiacos.cl\/en\/#\/schema\/person\/d203e2e84b1c40275eac77b3061a19a2","name":"manadmin","image":{"@type":"ImageObject","inLanguage":"en-US","@id":"https:\/\/fadeu.urantiacos.cl\/en\/#\/schema\/person\/image\/","url":"https:\/\/secure.gravatar.com\/avatar\/4b1d8e3303b4a9d8968ac578947d8bc80d9aea359f388cdd4aac15cadc0e8447?s=96&d=mm&r=g","contentUrl":"https:\/\/secure.gravatar.com\/avatar\/4b1d8e3303b4a9d8968ac578947d8bc80d9aea359f388cdd4aac15cadc0e8447?s=96&d=mm&r=g","caption":"manadmin"},"sameAs":["https:\/\/fadeu.urantiacos.cl"]}]}},"_links":{"self":[{"href":"https:\/\/fadeu.urantiacos.cl\/en\/wp-json\/wp\/v2\/posts\/5569","targetHints":{"allow":["GET"]}}],"collection":[{"href":"https:\/\/fadeu.urantiacos.cl\/en\/wp-json\/wp\/v2\/posts"}],"about":[{"href":"https:\/\/fadeu.urantiacos.cl\/en\/wp-json\/wp\/v2\/types\/post"}],"author":[{"embeddable":true,"href":"https:\/\/fadeu.urantiacos.cl\/en\/wp-json\/wp\/v2\/users\/1"}],"replies":[{"embeddable":true,"href":"https:\/\/fadeu.urantiacos.cl\/en\/wp-json\/wp\/v2\/comments?post=5569"}],"version-history":[{"count":1,"href":"https:\/\/fadeu.urantiacos.cl\/en\/wp-json\/wp\/v2\/posts\/5569\/revisions"}],"predecessor-version":[{"id":5571,"href":"https:\/\/fadeu.urantiacos.cl\/en\/wp-json\/wp\/v2\/posts\/5569\/revisions\/5571"}],"wp:featuredmedia":[{"embeddable":true,"href":"https:\/\/fadeu.urantiacos.cl\/en\/wp-json\/wp\/v2\/media\/5570"}],"wp:attachment":[{"href":"https:\/\/fadeu.urantiacos.cl\/en\/wp-json\/wp\/v2\/media?parent=5569"}],"wp:term":[{"taxonomy":"category","embeddable":true,"href":"https:\/\/fadeu.urantiacos.cl\/en\/wp-json\/wp\/v2\/categories?post=5569"},{"taxonomy":"post_tag","embeddable":true,"href":"https:\/\/fadeu.urantiacos.cl\/en\/wp-json\/wp\/v2\/tags?post=5569"}],"curies":[{"name":"wp","href":"https:\/\/api.w.org\/{rel}","templated":true}]}}