{"id":5566,"date":"2022-01-17T15:32:00","date_gmt":"2022-01-17T18:32:00","guid":{"rendered":"https:\/\/fadeu.urantiacos.cl\/?p=5566"},"modified":"2023-09-06T15:33:57","modified_gmt":"2023-09-06T18:33:57","slug":"profesor-luis-eduardo-bresciani-l-fue-reelecto-como-director-de-la-escuela-de-arquitectura","status":"publish","type":"post","link":"https:\/\/fadeu.urantiacos.cl\/en\/2022\/01\/17\/profesor-luis-eduardo-bresciani-l-fue-reelecto-como-director-de-la-escuela-de-arquitectura\/","title":{"rendered":"Profesor Luis Eduardo Bresciani L., fue reelecto como Director de la escuela de Arquitectura"},"content":{"rendered":"\n<figure class=\"wp-block-image size-full\"><img decoding=\"async\" width=\"350\" height=\"250\" src=\"https:\/\/fadeu.urantiacos.cl\/wp-content\/uploads\/2023\/09\/LEBWhatsApp_Image_2022-01-16_at_6.28.26_PM.jpg\" alt=\"\" class=\"wp-image-5567\" srcset=\"https:\/\/fadeu.urantiacos.cl\/wp-content\/uploads\/2023\/09\/LEBWhatsApp_Image_2022-01-16_at_6.28.26_PM.jpg 350w, https:\/\/fadeu.urantiacos.cl\/wp-content\/uploads\/2023\/09\/LEBWhatsApp_Image_2022-01-16_at_6.28.26_PM-300x214.jpg 300w\" sizes=\"(max-width: 350px) 100vw, 350px\" \/><\/figure>\n\n\n\n<p>La votaci\u00f3n se llev\u00f3 a cabo el lunes 17 de enero del presente a\u00f1o, a trav\u00e9s de la aplicaci\u00f3n Election Budy, en la cual el candidato obtuvo 34 votos, de un universo de 43 profesores y profesoras habilitados\/as para sufragar. Para la opci\u00f3n &#8220;De acuerdo&#8221;, 34 votos (79,0%); para la opci\u00f3n &#8220;En desacuerdo&#8221;, 2 votos (4,7%) y para la opci\u00f3n &#8220;Nulo&#8221;, 6 votos (14,0%).<\/p>\n\n\n\n<p>El proceso es parte de la instancia administrativa formal que dispone la Universidad Cat\u00f3lica en sus estatutos para la elecci\u00f3n de la direcci\u00f3n de las unidades acad\u00e9micas, y culmin\u00f3 el pasado 13 de enero (d\u00edas antes de la votaci\u00f3n) con la Asamblea abierta (realizada en formato h\u00edbrido) en la que el candidato expuso su plan de direcci\u00f3n a la comunidad de la escuela y de la Facultad en general, instancia que fue encabezada por el Decano Mario Ubilla, el Secretario Acad\u00e9mico, Felipe Encinas; la Directora de Comunicaciones, Macarena Cort\u00e9s; y en la que estuvieron presentes adem\u00e1s los directores de la escuela de dise\u00f1o y del Instituto de Estudios Urbanos y Territoriales, Rodrigo Ram\u00edrez y Luis Fuentes, respectivamente.<\/p>\n\n\n\n<p>En su exposici\u00f3n, Bresciani expuso un diagn\u00f3stico global sobre la base de un \u201cnuevo contexto\u201d, que contempla una serie de factores que la formaci\u00f3n en arquitectura y los arquitectos deben tener en cuenta porque \u201cnos toca directamente\u201d, dijo. Se refiere a la crisis sanitaria y sus efectos en el tiempo; el cambio clim\u00e1tico y el cuestionamiento a las emisiones de edificaciones y ciudades; la crisis urbana (con personas sin acceso a la ciudad); crisis social (migraci\u00f3n, desigualdad y otros); cambio cultural; y nuevas formas de interacci\u00f3n, tomando en cuenta las modalidades h\u00edbridas y digitales que pueden ser explotadas independiente del contexto pand\u00e9mico.<\/p>\n\n\n\n<p>En ese contexto, Bresciani propuso una serie de medidas que permitan fortalecer la gesti\u00f3n de la escuela:<\/p>\n\n\n\n<ol class=\"wp-block-list\">\n<li>Consolidaci\u00f3n de l\u00edneas en arquitectura y postgrado.<\/li>\n\n\n\n<li>Institucionalidad colegiada.<\/li>\n\n\n\n<li>Planta acad\u00e9mica en expansi\u00f3n.<\/li>\n\n\n\n<li>Extensi\u00f3n y presencia p\u00fablica.<\/li>\n\n\n\n<li>Investigaci\u00f3n y redes.<\/li>\n<\/ol>\n\n\n\n<p>Para ello, propuso cinco proyectos. Uno de ense\u00f1anza avanzada; otro de comunidad y diversidad; visibilizaci\u00f3n; investigaci\u00f3n para influir; y cuerpo acad\u00e9mico.<\/p>\n\n\n\n<p>\u201cVuelvo a agradecer profundamente a los subdirectores Renato D&#8217;Alencon y Pedro Alonso, que me acompa\u00f1aron con grandes aportes y sacrificios.&nbsp; Y agradezco la generosidad de los profesores Osvaldo Moreno y Elvira P\u00e9rez de estar disponibles para asumir las dos subdirecciones de la escuela y los nuevos desaf\u00edos que implica\u201d, advirti\u00f3 Bresciani.<\/p>\n\n\n\n<p><strong>Director<\/strong><\/p>\n\n\n\n<p>Bresciani Lecannelier es Arquitecto de la Pontificia Universidad Cat\u00f3lica de Chile y M\u00e1ster en Dise\u00f1o Urbano por la Harvard University, Estados Unidos.<\/p>\n\n\n\n<p>Es profesor asociado de la Facultad de Arquitectura de la Pontificia Universidad Cat\u00f3lica de Chile. Desde 1998 dicta talleres de proyecto urbano y cursos de urbanismo y planificaci\u00f3n urbana en pregrado y magister.<\/p>\n\n\n\n<p>Con m\u00e1s de 25 a\u00f1os de experiencia y pr\u00e1ctica profesional en planificaci\u00f3n y dise\u00f1o urbano, ha publicado decenas de art\u00edculos y cap\u00edtulos libros en temas asociados y dirigido m\u00faltiples concursos, planes y proyectos urbanos para diversas ciudades en Chile y Estados Unidos.<\/p>\n\n\n\n<p>Entre 2015 y 2018 fue Presidente del Consejo Nacional de Desarrollo Urbano de Chile, \u00f3rgano p\u00fablico-privado asesor de la Presidencia de la Rep\u00fablica en la implementaci\u00f3n de pol\u00edticas urbanas. Ha ocupado altos cargo de gobierno en desarrollo urbano, tales como Secretario Regional Ministerial de Vivienda y Urbanismo en la regi\u00f3n Metropolitana (2002-2003) y Jefe de la Divisi\u00f3n de Desarrollo Urbano del Ministerio de Vivienda y Urbanismo (2003-2010), siendo responsable de los programas nacionales de planificaci\u00f3n urbana, proyectos urbanos y planes de recuperaci\u00f3n de barrios.<\/p>\n\n\n\n<p>Ha sido miembro del Consejo de Concesiones de Obras P\u00fablicas del Ministerio de Obras P\u00fablicas (2010-2014) y de la Comisi\u00f3n Presidencial Promovilidad (2014). En 2009 recibi\u00f3 el Premio Alfredo Johnson del Colegio de Arquitectos de Chile, por su aporte a las pol\u00edticas p\u00fablicas, y en septiembre de 2018 result\u00f3 electo para ejercer como Director de la Escuela de Arquitectura UC en su primer per\u00edodo.<\/p>\n","protected":false},"excerpt":{"rendered":"<p>Luego del trabajo del Comit\u00e9 de B\u00fasqueda respectivo, y tras haber sido nominado candidato \u00fanico, el profesor Luis Eduardo Bresciani Lecannelier ha sido reelecto como Director de la escuela de Arquitectura para el per\u00edodo 2022 \u2013 2025.<\/p>\n","protected":false},"author":1,"featured_media":5567,"comment_status":"open","ping_status":"open","sticky":false,"template":"","format":"standard","meta":{"_acf_changed":false,"footnotes":""},"categories":[1],"tags":[],"class_list":["post-5566","post","type-post","status-publish","format-standard","has-post-thumbnail","hentry","category-sin-categorizar"],"acf":[],"yoast_head":"<!-- This site is optimized with the Yoast SEO plugin v27.1.1 - https:\/\/yoast.com\/product\/yoast-seo-wordpress\/ -->\n<title>Profesor Luis Eduardo Bresciani L., fue reelecto como Director de la escuela de Arquitectura - Facultad de Arquitectura, Dise\u00f1o y Estudios Urbanos<\/title>\n<meta name=\"description\" content=\"Luego del trabajo del Comit\u00e9 de B\u00fasqueda respectivo, y tras haber sido nominado candidato \u00fanico, el profesor Luis Eduardo Bresciani Lecannelier ha sido reelecto como Director de la escuela de Arquitectura para el per\u00edodo 2022 \u2013 2025.\" \/>\n<meta name=\"robots\" content=\"index, follow, max-snippet:-1, max-image-preview:large, max-video-preview:-1\" \/>\n<link rel=\"canonical\" href=\"https:\/\/fadeu.urantiacos.cl\/en\/2022\/01\/17\/profesor-luis-eduardo-bresciani-l-fue-reelecto-como-director-de-la-escuela-de-arquitectura\/\" \/>\n<meta property=\"og:locale\" content=\"en_US\" \/>\n<meta property=\"og:type\" content=\"article\" \/>\n<meta property=\"og:title\" content=\"Profesor Luis Eduardo Bresciani L., fue reelecto como Director de la escuela de Arquitectura - Facultad de Arquitectura, Dise\u00f1o y Estudios Urbanos\" \/>\n<meta property=\"og:description\" content=\"Luego del trabajo del Comit\u00e9 de B\u00fasqueda respectivo, y tras haber sido nominado candidato \u00fanico, el profesor Luis Eduardo Bresciani Lecannelier ha sido reelecto como Director de la escuela de Arquitectura para el per\u00edodo 2022 \u2013 2025.\" \/>\n<meta property=\"og:url\" content=\"https:\/\/fadeu.urantiacos.cl\/en\/2022\/01\/17\/profesor-luis-eduardo-bresciani-l-fue-reelecto-como-director-de-la-escuela-de-arquitectura\/\" \/>\n<meta property=\"og:site_name\" content=\"Facultad de Arquitectura, Dise\u00f1o y Estudios Urbanos\" \/>\n<meta property=\"article:published_time\" content=\"2022-01-17T18:32:00+00:00\" \/>\n<meta property=\"article:modified_time\" content=\"2023-09-06T18:33:57+00:00\" \/>\n<meta property=\"og:image\" content=\"https:\/\/fadeu.urantiacos.cl\/wp-content\/uploads\/2023\/09\/LEBWhatsApp_Image_2022-01-16_at_6.28.26_PM.jpg\" \/>\n\t<meta property=\"og:image:width\" content=\"350\" \/>\n\t<meta property=\"og:image:height\" content=\"250\" \/>\n\t<meta property=\"og:image:type\" content=\"image\/jpeg\" \/>\n<meta name=\"author\" content=\"manadmin\" \/>\n<meta name=\"twitter:card\" content=\"summary_large_image\" \/>\n<meta name=\"twitter:label1\" content=\"Written by\" \/>\n\t<meta name=\"twitter:data1\" content=\"manadmin\" \/>\n\t<meta name=\"twitter:label2\" content=\"Est. reading time\" \/>\n\t<meta name=\"twitter:data2\" content=\"3 minutes\" \/>\n<script type=\"application\/ld+json\" class=\"yoast-schema-graph\">{\"@context\":\"https:\/\/schema.org\",\"@graph\":[{\"@type\":\"Article\",\"@id\":\"https:\/\/fadeu.urantiacos.cl\/en\/2022\/01\/17\/profesor-luis-eduardo-bresciani-l-fue-reelecto-como-director-de-la-escuela-de-arquitectura\/#article\",\"isPartOf\":{\"@id\":\"https:\/\/fadeu.urantiacos.cl\/en\/2022\/01\/17\/profesor-luis-eduardo-bresciani-l-fue-reelecto-como-director-de-la-escuela-de-arquitectura\/\"},\"author\":{\"name\":\"manadmin\",\"@id\":\"https:\/\/fadeu.urantiacos.cl\/en\/#\/schema\/person\/d203e2e84b1c40275eac77b3061a19a2\"},\"headline\":\"Profesor Luis Eduardo Bresciani L., fue reelecto como Director de la escuela de Arquitectura\",\"datePublished\":\"2022-01-17T18:32:00+00:00\",\"dateModified\":\"2023-09-06T18:33:57+00:00\",\"mainEntityOfPage\":{\"@id\":\"https:\/\/fadeu.urantiacos.cl\/en\/2022\/01\/17\/profesor-luis-eduardo-bresciani-l-fue-reelecto-como-director-de-la-escuela-de-arquitectura\/\"},\"wordCount\":707,\"commentCount\":0,\"image\":{\"@id\":\"https:\/\/fadeu.urantiacos.cl\/en\/2022\/01\/17\/profesor-luis-eduardo-bresciani-l-fue-reelecto-como-director-de-la-escuela-de-arquitectura\/#primaryimage\"},\"thumbnailUrl\":\"https:\/\/fadeu.urantiacos.cl\/wp-content\/uploads\/2023\/09\/LEBWhatsApp_Image_2022-01-16_at_6.28.26_PM.jpg\",\"articleSection\":[\"Sin categorizar\"],\"inLanguage\":\"en-US\",\"potentialAction\":[{\"@type\":\"CommentAction\",\"name\":\"Comment\",\"target\":[\"https:\/\/fadeu.urantiacos.cl\/en\/2022\/01\/17\/profesor-luis-eduardo-bresciani-l-fue-reelecto-como-director-de-la-escuela-de-arquitectura\/#respond\"]}]},{\"@type\":\"WebPage\",\"@id\":\"https:\/\/fadeu.urantiacos.cl\/en\/2022\/01\/17\/profesor-luis-eduardo-bresciani-l-fue-reelecto-como-director-de-la-escuela-de-arquitectura\/\",\"url\":\"https:\/\/fadeu.urantiacos.cl\/en\/2022\/01\/17\/profesor-luis-eduardo-bresciani-l-fue-reelecto-como-director-de-la-escuela-de-arquitectura\/\",\"name\":\"Profesor Luis Eduardo Bresciani L., fue reelecto como Director de la escuela de Arquitectura - Facultad de Arquitectura, Dise\u00f1o y Estudios Urbanos\",\"isPartOf\":{\"@id\":\"https:\/\/fadeu.urantiacos.cl\/en\/#website\"},\"primaryImageOfPage\":{\"@id\":\"https:\/\/fadeu.urantiacos.cl\/en\/2022\/01\/17\/profesor-luis-eduardo-bresciani-l-fue-reelecto-como-director-de-la-escuela-de-arquitectura\/#primaryimage\"},\"image\":{\"@id\":\"https:\/\/fadeu.urantiacos.cl\/en\/2022\/01\/17\/profesor-luis-eduardo-bresciani-l-fue-reelecto-como-director-de-la-escuela-de-arquitectura\/#primaryimage\"},\"thumbnailUrl\":\"https:\/\/fadeu.urantiacos.cl\/wp-content\/uploads\/2023\/09\/LEBWhatsApp_Image_2022-01-16_at_6.28.26_PM.jpg\",\"datePublished\":\"2022-01-17T18:32:00+00:00\",\"dateModified\":\"2023-09-06T18:33:57+00:00\",\"author\":{\"@id\":\"https:\/\/fadeu.urantiacos.cl\/en\/#\/schema\/person\/d203e2e84b1c40275eac77b3061a19a2\"},\"description\":\"Luego del trabajo del Comit\u00e9 de B\u00fasqueda respectivo, y tras haber sido nominado candidato \u00fanico, el profesor Luis Eduardo Bresciani Lecannelier ha sido reelecto como Director de la escuela de Arquitectura para el per\u00edodo 2022 \u2013 2025.\",\"breadcrumb\":{\"@id\":\"https:\/\/fadeu.urantiacos.cl\/en\/2022\/01\/17\/profesor-luis-eduardo-bresciani-l-fue-reelecto-como-director-de-la-escuela-de-arquitectura\/#breadcrumb\"},\"inLanguage\":\"en-US\",\"potentialAction\":[{\"@type\":\"ReadAction\",\"target\":[\"https:\/\/fadeu.urantiacos.cl\/en\/2022\/01\/17\/profesor-luis-eduardo-bresciani-l-fue-reelecto-como-director-de-la-escuela-de-arquitectura\/\"]}]},{\"@type\":\"ImageObject\",\"inLanguage\":\"en-US\",\"@id\":\"https:\/\/fadeu.urantiacos.cl\/en\/2022\/01\/17\/profesor-luis-eduardo-bresciani-l-fue-reelecto-como-director-de-la-escuela-de-arquitectura\/#primaryimage\",\"url\":\"https:\/\/fadeu.urantiacos.cl\/wp-content\/uploads\/2023\/09\/LEBWhatsApp_Image_2022-01-16_at_6.28.26_PM.jpg\",\"contentUrl\":\"https:\/\/fadeu.urantiacos.cl\/wp-content\/uploads\/2023\/09\/LEBWhatsApp_Image_2022-01-16_at_6.28.26_PM.jpg\",\"width\":350,\"height\":250},{\"@type\":\"BreadcrumbList\",\"@id\":\"https:\/\/fadeu.urantiacos.cl\/en\/2022\/01\/17\/profesor-luis-eduardo-bresciani-l-fue-reelecto-como-director-de-la-escuela-de-arquitectura\/#breadcrumb\",\"itemListElement\":[{\"@type\":\"ListItem\",\"position\":1,\"name\":\"Portada\",\"item\":\"https:\/\/fadeu.urantiacos.cl\/en\/\"},{\"@type\":\"ListItem\",\"position\":2,\"name\":\"Profesor Luis Eduardo Bresciani L., fue reelecto como Director de la escuela de Arquitectura\"}]},{\"@type\":\"WebSite\",\"@id\":\"https:\/\/fadeu.urantiacos.cl\/en\/#website\",\"url\":\"https:\/\/fadeu.urantiacos.cl\/en\/\",\"name\":\"Facultad de Arquitectura, Dise\u00f1o y Estudios Urbanos\",\"description\":\"Campus Lo Contador\",\"potentialAction\":[{\"@type\":\"SearchAction\",\"target\":{\"@type\":\"EntryPoint\",\"urlTemplate\":\"https:\/\/fadeu.urantiacos.cl\/en\/?s={search_term_string}\"},\"query-input\":{\"@type\":\"PropertyValueSpecification\",\"valueRequired\":true,\"valueName\":\"search_term_string\"}}],\"inLanguage\":\"en-US\"},{\"@type\":\"Person\",\"@id\":\"https:\/\/fadeu.urantiacos.cl\/en\/#\/schema\/person\/d203e2e84b1c40275eac77b3061a19a2\",\"name\":\"manadmin\",\"image\":{\"@type\":\"ImageObject\",\"inLanguage\":\"en-US\",\"@id\":\"https:\/\/fadeu.urantiacos.cl\/en\/#\/schema\/person\/image\/\",\"url\":\"https:\/\/secure.gravatar.com\/avatar\/4b1d8e3303b4a9d8968ac578947d8bc80d9aea359f388cdd4aac15cadc0e8447?s=96&d=mm&r=g\",\"contentUrl\":\"https:\/\/secure.gravatar.com\/avatar\/4b1d8e3303b4a9d8968ac578947d8bc80d9aea359f388cdd4aac15cadc0e8447?s=96&d=mm&r=g\",\"caption\":\"manadmin\"},\"sameAs\":[\"https:\/\/fadeu.urantiacos.cl\"]}]}<\/script>\n<!-- \/ Yoast SEO plugin. -->","yoast_head_json":{"title":"Profesor Luis Eduardo Bresciani L., fue reelecto como Director de la escuela de Arquitectura - Facultad de Arquitectura, Dise\u00f1o y Estudios Urbanos","description":"Luego del trabajo del Comit\u00e9 de B\u00fasqueda respectivo, y tras haber sido nominado candidato \u00fanico, el profesor Luis Eduardo Bresciani Lecannelier ha sido reelecto como Director de la escuela de Arquitectura para el per\u00edodo 2022 \u2013 2025.","robots":{"index":"index","follow":"follow","max-snippet":"max-snippet:-1","max-image-preview":"max-image-preview:large","max-video-preview":"max-video-preview:-1"},"canonical":"https:\/\/fadeu.urantiacos.cl\/en\/2022\/01\/17\/profesor-luis-eduardo-bresciani-l-fue-reelecto-como-director-de-la-escuela-de-arquitectura\/","og_locale":"en_US","og_type":"article","og_title":"Profesor Luis Eduardo Bresciani L., fue reelecto como Director de la escuela de Arquitectura - Facultad de Arquitectura, Dise\u00f1o y Estudios Urbanos","og_description":"Luego del trabajo del Comit\u00e9 de B\u00fasqueda respectivo, y tras haber sido nominado candidato \u00fanico, el profesor Luis Eduardo Bresciani Lecannelier ha sido reelecto como Director de la escuela de Arquitectura para el per\u00edodo 2022 \u2013 2025.","og_url":"https:\/\/fadeu.urantiacos.cl\/en\/2022\/01\/17\/profesor-luis-eduardo-bresciani-l-fue-reelecto-como-director-de-la-escuela-de-arquitectura\/","og_site_name":"Facultad de Arquitectura, Dise\u00f1o y Estudios Urbanos","article_published_time":"2022-01-17T18:32:00+00:00","article_modified_time":"2023-09-06T18:33:57+00:00","og_image":[{"width":350,"height":250,"url":"https:\/\/fadeu.urantiacos.cl\/wp-content\/uploads\/2023\/09\/LEBWhatsApp_Image_2022-01-16_at_6.28.26_PM.jpg","type":"image\/jpeg"}],"author":"manadmin","twitter_card":"summary_large_image","twitter_misc":{"Written by":"manadmin","Est. reading time":"3 minutes"},"schema":{"@context":"https:\/\/schema.org","@graph":[{"@type":"Article","@id":"https:\/\/fadeu.urantiacos.cl\/en\/2022\/01\/17\/profesor-luis-eduardo-bresciani-l-fue-reelecto-como-director-de-la-escuela-de-arquitectura\/#article","isPartOf":{"@id":"https:\/\/fadeu.urantiacos.cl\/en\/2022\/01\/17\/profesor-luis-eduardo-bresciani-l-fue-reelecto-como-director-de-la-escuela-de-arquitectura\/"},"author":{"name":"manadmin","@id":"https:\/\/fadeu.urantiacos.cl\/en\/#\/schema\/person\/d203e2e84b1c40275eac77b3061a19a2"},"headline":"Profesor Luis Eduardo Bresciani L., fue reelecto como Director de la escuela de Arquitectura","datePublished":"2022-01-17T18:32:00+00:00","dateModified":"2023-09-06T18:33:57+00:00","mainEntityOfPage":{"@id":"https:\/\/fadeu.urantiacos.cl\/en\/2022\/01\/17\/profesor-luis-eduardo-bresciani-l-fue-reelecto-como-director-de-la-escuela-de-arquitectura\/"},"wordCount":707,"commentCount":0,"image":{"@id":"https:\/\/fadeu.urantiacos.cl\/en\/2022\/01\/17\/profesor-luis-eduardo-bresciani-l-fue-reelecto-como-director-de-la-escuela-de-arquitectura\/#primaryimage"},"thumbnailUrl":"https:\/\/fadeu.urantiacos.cl\/wp-content\/uploads\/2023\/09\/LEBWhatsApp_Image_2022-01-16_at_6.28.26_PM.jpg","articleSection":["Sin categorizar"],"inLanguage":"en-US","potentialAction":[{"@type":"CommentAction","name":"Comment","target":["https:\/\/fadeu.urantiacos.cl\/en\/2022\/01\/17\/profesor-luis-eduardo-bresciani-l-fue-reelecto-como-director-de-la-escuela-de-arquitectura\/#respond"]}]},{"@type":"WebPage","@id":"https:\/\/fadeu.urantiacos.cl\/en\/2022\/01\/17\/profesor-luis-eduardo-bresciani-l-fue-reelecto-como-director-de-la-escuela-de-arquitectura\/","url":"https:\/\/fadeu.urantiacos.cl\/en\/2022\/01\/17\/profesor-luis-eduardo-bresciani-l-fue-reelecto-como-director-de-la-escuela-de-arquitectura\/","name":"Profesor Luis Eduardo Bresciani L., fue reelecto como Director de la escuela de Arquitectura - Facultad de Arquitectura, Dise\u00f1o y Estudios Urbanos","isPartOf":{"@id":"https:\/\/fadeu.urantiacos.cl\/en\/#website"},"primaryImageOfPage":{"@id":"https:\/\/fadeu.urantiacos.cl\/en\/2022\/01\/17\/profesor-luis-eduardo-bresciani-l-fue-reelecto-como-director-de-la-escuela-de-arquitectura\/#primaryimage"},"image":{"@id":"https:\/\/fadeu.urantiacos.cl\/en\/2022\/01\/17\/profesor-luis-eduardo-bresciani-l-fue-reelecto-como-director-de-la-escuela-de-arquitectura\/#primaryimage"},"thumbnailUrl":"https:\/\/fadeu.urantiacos.cl\/wp-content\/uploads\/2023\/09\/LEBWhatsApp_Image_2022-01-16_at_6.28.26_PM.jpg","datePublished":"2022-01-17T18:32:00+00:00","dateModified":"2023-09-06T18:33:57+00:00","author":{"@id":"https:\/\/fadeu.urantiacos.cl\/en\/#\/schema\/person\/d203e2e84b1c40275eac77b3061a19a2"},"description":"Luego del trabajo del Comit\u00e9 de B\u00fasqueda respectivo, y tras haber sido nominado candidato \u00fanico, el profesor Luis Eduardo Bresciani Lecannelier ha sido reelecto como Director de la escuela de Arquitectura para el per\u00edodo 2022 \u2013 2025.","breadcrumb":{"@id":"https:\/\/fadeu.urantiacos.cl\/en\/2022\/01\/17\/profesor-luis-eduardo-bresciani-l-fue-reelecto-como-director-de-la-escuela-de-arquitectura\/#breadcrumb"},"inLanguage":"en-US","potentialAction":[{"@type":"ReadAction","target":["https:\/\/fadeu.urantiacos.cl\/en\/2022\/01\/17\/profesor-luis-eduardo-bresciani-l-fue-reelecto-como-director-de-la-escuela-de-arquitectura\/"]}]},{"@type":"ImageObject","inLanguage":"en-US","@id":"https:\/\/fadeu.urantiacos.cl\/en\/2022\/01\/17\/profesor-luis-eduardo-bresciani-l-fue-reelecto-como-director-de-la-escuela-de-arquitectura\/#primaryimage","url":"https:\/\/fadeu.urantiacos.cl\/wp-content\/uploads\/2023\/09\/LEBWhatsApp_Image_2022-01-16_at_6.28.26_PM.jpg","contentUrl":"https:\/\/fadeu.urantiacos.cl\/wp-content\/uploads\/2023\/09\/LEBWhatsApp_Image_2022-01-16_at_6.28.26_PM.jpg","width":350,"height":250},{"@type":"BreadcrumbList","@id":"https:\/\/fadeu.urantiacos.cl\/en\/2022\/01\/17\/profesor-luis-eduardo-bresciani-l-fue-reelecto-como-director-de-la-escuela-de-arquitectura\/#breadcrumb","itemListElement":[{"@type":"ListItem","position":1,"name":"Portada","item":"https:\/\/fadeu.urantiacos.cl\/en\/"},{"@type":"ListItem","position":2,"name":"Profesor Luis Eduardo Bresciani L., fue reelecto como Director de la escuela de Arquitectura"}]},{"@type":"WebSite","@id":"https:\/\/fadeu.urantiacos.cl\/en\/#website","url":"https:\/\/fadeu.urantiacos.cl\/en\/","name":"Facultad de Arquitectura, Dise\u00f1o y Estudios Urbanos","description":"Campus Lo Contador","potentialAction":[{"@type":"SearchAction","target":{"@type":"EntryPoint","urlTemplate":"https:\/\/fadeu.urantiacos.cl\/en\/?s={search_term_string}"},"query-input":{"@type":"PropertyValueSpecification","valueRequired":true,"valueName":"search_term_string"}}],"inLanguage":"en-US"},{"@type":"Person","@id":"https:\/\/fadeu.urantiacos.cl\/en\/#\/schema\/person\/d203e2e84b1c40275eac77b3061a19a2","name":"manadmin","image":{"@type":"ImageObject","inLanguage":"en-US","@id":"https:\/\/fadeu.urantiacos.cl\/en\/#\/schema\/person\/image\/","url":"https:\/\/secure.gravatar.com\/avatar\/4b1d8e3303b4a9d8968ac578947d8bc80d9aea359f388cdd4aac15cadc0e8447?s=96&d=mm&r=g","contentUrl":"https:\/\/secure.gravatar.com\/avatar\/4b1d8e3303b4a9d8968ac578947d8bc80d9aea359f388cdd4aac15cadc0e8447?s=96&d=mm&r=g","caption":"manadmin"},"sameAs":["https:\/\/fadeu.urantiacos.cl"]}]}},"_links":{"self":[{"href":"https:\/\/fadeu.urantiacos.cl\/en\/wp-json\/wp\/v2\/posts\/5566","targetHints":{"allow":["GET"]}}],"collection":[{"href":"https:\/\/fadeu.urantiacos.cl\/en\/wp-json\/wp\/v2\/posts"}],"about":[{"href":"https:\/\/fadeu.urantiacos.cl\/en\/wp-json\/wp\/v2\/types\/post"}],"author":[{"embeddable":true,"href":"https:\/\/fadeu.urantiacos.cl\/en\/wp-json\/wp\/v2\/users\/1"}],"replies":[{"embeddable":true,"href":"https:\/\/fadeu.urantiacos.cl\/en\/wp-json\/wp\/v2\/comments?post=5566"}],"version-history":[{"count":1,"href":"https:\/\/fadeu.urantiacos.cl\/en\/wp-json\/wp\/v2\/posts\/5566\/revisions"}],"predecessor-version":[{"id":5568,"href":"https:\/\/fadeu.urantiacos.cl\/en\/wp-json\/wp\/v2\/posts\/5566\/revisions\/5568"}],"wp:featuredmedia":[{"embeddable":true,"href":"https:\/\/fadeu.urantiacos.cl\/en\/wp-json\/wp\/v2\/media\/5567"}],"wp:attachment":[{"href":"https:\/\/fadeu.urantiacos.cl\/en\/wp-json\/wp\/v2\/media?parent=5566"}],"wp:term":[{"taxonomy":"category","embeddable":true,"href":"https:\/\/fadeu.urantiacos.cl\/en\/wp-json\/wp\/v2\/categories?post=5566"},{"taxonomy":"post_tag","embeddable":true,"href":"https:\/\/fadeu.urantiacos.cl\/en\/wp-json\/wp\/v2\/tags?post=5566"}],"curies":[{"name":"wp","href":"https:\/\/api.w.org\/{rel}","templated":true}]}}