{"id":5545,"date":"2022-01-21T15:19:00","date_gmt":"2022-01-21T18:19:00","guid":{"rendered":"https:\/\/fadeu.urantiacos.cl\/?p=5545"},"modified":"2023-09-06T15:23:21","modified_gmt":"2023-09-06T18:23:21","slug":"hugo-palmarola-publica-en-libro-the-disobedience-of-design","status":"publish","type":"post","link":"https:\/\/fadeu.urantiacos.cl\/en\/2022\/01\/21\/hugo-palmarola-publica-en-libro-the-disobedience-of-design\/","title":{"rendered":"Hugo Palmarola publica en libro The Disobedience of Design"},"content":{"rendered":"\n<figure class=\"wp-block-image size-full\"><img decoding=\"async\" width=\"350\" height=\"250\" src=\"https:\/\/fadeu.urantiacos.cl\/wp-content\/uploads\/2023\/09\/libro_HP_2311.jpg\" alt=\"\" class=\"wp-image-5546\" srcset=\"https:\/\/fadeu.urantiacos.cl\/wp-content\/uploads\/2023\/09\/libro_HP_2311.jpg 350w, https:\/\/fadeu.urantiacos.cl\/wp-content\/uploads\/2023\/09\/libro_HP_2311-300x214.jpg 300w\" sizes=\"(max-width: 350px) 100vw, 350px\" \/><\/figure>\n\n\n\n<p>\u201cAl abordar cuestiones de dise\u00f1o no occidental y una pr\u00e1ctica de dise\u00f1o que es a la vez radical y democr\u00e1tica, el trabajo de Bonsiepe ha adquirido una nueva importancia para los debates actuales inspirados por las crisis pol\u00edticas y ambientales globales.\u201d<\/p>\n\n\n\n<p>El texto \u201cIndustrial Design in Chile 1971-1973: Interview with Hugo Palmarola\u201d fue seleccionado para formar parte de la secci\u00f3n Design in the Periphery. Esta entrevista, realizada en 2001, trata algunos aspectos del trabajo de Gui Bonsiepe para el \u00c1rea de Dise\u00f1o Industrial del Comit\u00e9 de Investigaciones Tecnol\u00f3gicas de Chile INTEC de CORFO, realizados entre 1971 y 1973, as\u00ed como la asimilaci\u00f3n del giro ling\u00fc\u00edstico en el pensamiento te\u00f3rico de Bonsiepe.<br><br>\u201cCon una poderosa imaginaci\u00f3n de dise\u00f1o disidente, Gui Bonsiepe es uno de los pensadores del dise\u00f1o m\u00e1s complejos y consolidados de nuestro tiempo. Como demuestra esta colecci\u00f3n cuidadosamente organizada de sus escritos y proyectos, comenzando con su trabajo en Ulm en la d\u00e9cada de 1960 y luego en Am\u00e9rica Latina despu\u00e9s de 1970, y continuando hasta su desarrollo pionero del dise\u00f1o de interfaces ontol\u00f3gicas en la d\u00e9cada de 1990 hasta sus cr\u00edticas m\u00e1s recientes del pensamiento de dise\u00f1o, el libro&nbsp;<em>The Disobedience of Design<\/em>&nbsp;ofrece perspectivas que desaf\u00edan, radicalmente, las limitaciones de la pr\u00e1ctica y la teor\u00eda del dise\u00f1o europeo y estadounidense contempor\u00e1neos.\u201d (Arturo Escobar, Emeritus Professor of Anthropology, University of North Carolina).<\/p>\n\n\n\n<p>Informaci\u00f3n sobre el libro:<\/p>\n\n\n\n<p><a href=\"https:\/\/www.bloomsbury.com\/uk\/disobedience-of-design-9781350162471\/\">https:\/\/www.bloomsbury.com\/uk\/disobedience-of-design-9781350162471\/<\/a><\/p>\n\n\n\n<figure class=\"wp-block-image size-large\"><img decoding=\"async\" width=\"1024\" height=\"897\" src=\"https:\/\/fadeu.urantiacos.cl\/wp-content\/uploads\/2023\/09\/a1-1024x897.jpeg\" alt=\"\" class=\"wp-image-5547\" srcset=\"https:\/\/fadeu.urantiacos.cl\/wp-content\/uploads\/2023\/09\/a1-1024x897.jpeg 1024w, https:\/\/fadeu.urantiacos.cl\/wp-content\/uploads\/2023\/09\/a1-300x263.jpeg 300w, https:\/\/fadeu.urantiacos.cl\/wp-content\/uploads\/2023\/09\/a1-768x673.jpeg 768w, https:\/\/fadeu.urantiacos.cl\/wp-content\/uploads\/2023\/09\/a1-1536x1346.jpeg 1536w, https:\/\/fadeu.urantiacos.cl\/wp-content\/uploads\/2023\/09\/a1-2048x1794.jpeg 2048w, https:\/\/fadeu.urantiacos.cl\/wp-content\/uploads\/2023\/09\/a1-scaled.jpeg 1370w\" sizes=\"(max-width: 1024px) 100vw, 1024px\" \/><\/figure>\n","protected":false},"excerpt":{"rendered":"<p>El Profesor Hugo Palmarola public\u00f3 en el libro The Disobedience of Design, vol\u00famen que trata sobre una compilaci\u00f3n y traducci\u00f3n en ingl\u00e9s de textos del dise\u00f1ador alem\u00e1n Gui Bonsiepe. El libro, de 480 p\u00e1ginas, fue publicado por Bloomsbury Publishing dentro de la serie Radical Thinkers in Design.<\/p>\n","protected":false},"author":1,"featured_media":5546,"comment_status":"open","ping_status":"open","sticky":false,"template":"","format":"standard","meta":{"_acf_changed":false,"footnotes":""},"categories":[1],"tags":[],"class_list":["post-5545","post","type-post","status-publish","format-standard","has-post-thumbnail","hentry","category-sin-categorizar"],"acf":[],"yoast_head":"<!-- This site is optimized with the Yoast SEO plugin v27.1.1 - https:\/\/yoast.com\/product\/yoast-seo-wordpress\/ -->\n<title>Hugo Palmarola publica en libro The Disobedience of Design - Facultad de Arquitectura, Dise\u00f1o y Estudios Urbanos<\/title>\n<meta name=\"description\" content=\"El Profesor Hugo Palmarola public\u00f3 en el libro The Disobedience of Design, vol\u00famen que trata sobre una compilaci\u00f3n y traducci\u00f3n en ingl\u00e9s de textos del dise\u00f1ador alem\u00e1n Gui Bonsiepe. El libro, de 480 p\u00e1ginas, fue publicado por Bloomsbury Publishing dentro de la serie Radical Thinkers in Design.\" \/>\n<meta name=\"robots\" content=\"index, follow, max-snippet:-1, max-image-preview:large, max-video-preview:-1\" \/>\n<link rel=\"canonical\" href=\"https:\/\/fadeu.urantiacos.cl\/en\/2022\/01\/21\/hugo-palmarola-publica-en-libro-the-disobedience-of-design\/\" \/>\n<meta property=\"og:locale\" content=\"en_US\" \/>\n<meta property=\"og:type\" content=\"article\" \/>\n<meta property=\"og:title\" content=\"Hugo Palmarola publica en libro The Disobedience of Design - Facultad de Arquitectura, Dise\u00f1o y Estudios Urbanos\" \/>\n<meta property=\"og:description\" content=\"El Profesor Hugo Palmarola public\u00f3 en el libro The Disobedience of Design, vol\u00famen que trata sobre una compilaci\u00f3n y traducci\u00f3n en ingl\u00e9s de textos del dise\u00f1ador alem\u00e1n Gui Bonsiepe. El libro, de 480 p\u00e1ginas, fue publicado por Bloomsbury Publishing dentro de la serie Radical Thinkers in Design.\" \/>\n<meta property=\"og:url\" content=\"https:\/\/fadeu.urantiacos.cl\/en\/2022\/01\/21\/hugo-palmarola-publica-en-libro-the-disobedience-of-design\/\" \/>\n<meta property=\"og:site_name\" content=\"Facultad de Arquitectura, Dise\u00f1o y Estudios Urbanos\" \/>\n<meta property=\"article:published_time\" content=\"2022-01-21T18:19:00+00:00\" \/>\n<meta property=\"article:modified_time\" content=\"2023-09-06T18:23:21+00:00\" \/>\n<meta property=\"og:image\" content=\"https:\/\/fadeu.urantiacos.cl\/wp-content\/uploads\/2023\/09\/libro_HP_2311.jpg\" \/>\n\t<meta property=\"og:image:width\" content=\"350\" \/>\n\t<meta property=\"og:image:height\" content=\"250\" \/>\n\t<meta property=\"og:image:type\" content=\"image\/jpeg\" \/>\n<meta name=\"author\" content=\"manadmin\" \/>\n<meta name=\"twitter:card\" content=\"summary_large_image\" \/>\n<meta name=\"twitter:label1\" content=\"Written by\" \/>\n\t<meta name=\"twitter:data1\" content=\"manadmin\" \/>\n\t<meta name=\"twitter:label2\" content=\"Est. reading time\" \/>\n\t<meta name=\"twitter:data2\" content=\"1 minute\" \/>\n<script type=\"application\/ld+json\" class=\"yoast-schema-graph\">{\"@context\":\"https:\/\/schema.org\",\"@graph\":[{\"@type\":\"Article\",\"@id\":\"https:\/\/fadeu.urantiacos.cl\/en\/2022\/01\/21\/hugo-palmarola-publica-en-libro-the-disobedience-of-design\/#article\",\"isPartOf\":{\"@id\":\"https:\/\/fadeu.urantiacos.cl\/en\/2022\/01\/21\/hugo-palmarola-publica-en-libro-the-disobedience-of-design\/\"},\"author\":{\"name\":\"manadmin\",\"@id\":\"https:\/\/fadeu.urantiacos.cl\/en\/#\/schema\/person\/d203e2e84b1c40275eac77b3061a19a2\"},\"headline\":\"Hugo Palmarola publica en libro The Disobedience of Design\",\"datePublished\":\"2022-01-21T18:19:00+00:00\",\"dateModified\":\"2023-09-06T18:23:21+00:00\",\"mainEntityOfPage\":{\"@id\":\"https:\/\/fadeu.urantiacos.cl\/en\/2022\/01\/21\/hugo-palmarola-publica-en-libro-the-disobedience-of-design\/\"},\"wordCount\":270,\"commentCount\":0,\"image\":{\"@id\":\"https:\/\/fadeu.urantiacos.cl\/en\/2022\/01\/21\/hugo-palmarola-publica-en-libro-the-disobedience-of-design\/#primaryimage\"},\"thumbnailUrl\":\"https:\/\/fadeu.urantiacos.cl\/wp-content\/uploads\/2023\/09\/libro_HP_2311.jpg\",\"articleSection\":[\"Sin categorizar\"],\"inLanguage\":\"en-US\",\"potentialAction\":[{\"@type\":\"CommentAction\",\"name\":\"Comment\",\"target\":[\"https:\/\/fadeu.urantiacos.cl\/en\/2022\/01\/21\/hugo-palmarola-publica-en-libro-the-disobedience-of-design\/#respond\"]}]},{\"@type\":\"WebPage\",\"@id\":\"https:\/\/fadeu.urantiacos.cl\/en\/2022\/01\/21\/hugo-palmarola-publica-en-libro-the-disobedience-of-design\/\",\"url\":\"https:\/\/fadeu.urantiacos.cl\/en\/2022\/01\/21\/hugo-palmarola-publica-en-libro-the-disobedience-of-design\/\",\"name\":\"Hugo Palmarola publica en libro The Disobedience of Design - Facultad de Arquitectura, Dise\u00f1o y Estudios Urbanos\",\"isPartOf\":{\"@id\":\"https:\/\/fadeu.urantiacos.cl\/en\/#website\"},\"primaryImageOfPage\":{\"@id\":\"https:\/\/fadeu.urantiacos.cl\/en\/2022\/01\/21\/hugo-palmarola-publica-en-libro-the-disobedience-of-design\/#primaryimage\"},\"image\":{\"@id\":\"https:\/\/fadeu.urantiacos.cl\/en\/2022\/01\/21\/hugo-palmarola-publica-en-libro-the-disobedience-of-design\/#primaryimage\"},\"thumbnailUrl\":\"https:\/\/fadeu.urantiacos.cl\/wp-content\/uploads\/2023\/09\/libro_HP_2311.jpg\",\"datePublished\":\"2022-01-21T18:19:00+00:00\",\"dateModified\":\"2023-09-06T18:23:21+00:00\",\"author\":{\"@id\":\"https:\/\/fadeu.urantiacos.cl\/en\/#\/schema\/person\/d203e2e84b1c40275eac77b3061a19a2\"},\"description\":\"El Profesor Hugo Palmarola public\u00f3 en el libro The Disobedience of Design, vol\u00famen que trata sobre una compilaci\u00f3n y traducci\u00f3n en ingl\u00e9s de textos del dise\u00f1ador alem\u00e1n Gui Bonsiepe. El libro, de 480 p\u00e1ginas, fue publicado por Bloomsbury Publishing dentro de la serie Radical Thinkers in Design.\",\"breadcrumb\":{\"@id\":\"https:\/\/fadeu.urantiacos.cl\/en\/2022\/01\/21\/hugo-palmarola-publica-en-libro-the-disobedience-of-design\/#breadcrumb\"},\"inLanguage\":\"en-US\",\"potentialAction\":[{\"@type\":\"ReadAction\",\"target\":[\"https:\/\/fadeu.urantiacos.cl\/en\/2022\/01\/21\/hugo-palmarola-publica-en-libro-the-disobedience-of-design\/\"]}]},{\"@type\":\"ImageObject\",\"inLanguage\":\"en-US\",\"@id\":\"https:\/\/fadeu.urantiacos.cl\/en\/2022\/01\/21\/hugo-palmarola-publica-en-libro-the-disobedience-of-design\/#primaryimage\",\"url\":\"https:\/\/fadeu.urantiacos.cl\/wp-content\/uploads\/2023\/09\/libro_HP_2311.jpg\",\"contentUrl\":\"https:\/\/fadeu.urantiacos.cl\/wp-content\/uploads\/2023\/09\/libro_HP_2311.jpg\",\"width\":350,\"height\":250},{\"@type\":\"BreadcrumbList\",\"@id\":\"https:\/\/fadeu.urantiacos.cl\/en\/2022\/01\/21\/hugo-palmarola-publica-en-libro-the-disobedience-of-design\/#breadcrumb\",\"itemListElement\":[{\"@type\":\"ListItem\",\"position\":1,\"name\":\"Portada\",\"item\":\"https:\/\/fadeu.urantiacos.cl\/en\/\"},{\"@type\":\"ListItem\",\"position\":2,\"name\":\"Hugo Palmarola publica en libro The Disobedience of Design\"}]},{\"@type\":\"WebSite\",\"@id\":\"https:\/\/fadeu.urantiacos.cl\/en\/#website\",\"url\":\"https:\/\/fadeu.urantiacos.cl\/en\/\",\"name\":\"Facultad de Arquitectura, Dise\u00f1o y Estudios Urbanos\",\"description\":\"Campus Lo Contador\",\"potentialAction\":[{\"@type\":\"SearchAction\",\"target\":{\"@type\":\"EntryPoint\",\"urlTemplate\":\"https:\/\/fadeu.urantiacos.cl\/en\/?s={search_term_string}\"},\"query-input\":{\"@type\":\"PropertyValueSpecification\",\"valueRequired\":true,\"valueName\":\"search_term_string\"}}],\"inLanguage\":\"en-US\"},{\"@type\":\"Person\",\"@id\":\"https:\/\/fadeu.urantiacos.cl\/en\/#\/schema\/person\/d203e2e84b1c40275eac77b3061a19a2\",\"name\":\"manadmin\",\"image\":{\"@type\":\"ImageObject\",\"inLanguage\":\"en-US\",\"@id\":\"https:\/\/fadeu.urantiacos.cl\/en\/#\/schema\/person\/image\/\",\"url\":\"https:\/\/secure.gravatar.com\/avatar\/4b1d8e3303b4a9d8968ac578947d8bc80d9aea359f388cdd4aac15cadc0e8447?s=96&d=mm&r=g\",\"contentUrl\":\"https:\/\/secure.gravatar.com\/avatar\/4b1d8e3303b4a9d8968ac578947d8bc80d9aea359f388cdd4aac15cadc0e8447?s=96&d=mm&r=g\",\"caption\":\"manadmin\"},\"sameAs\":[\"https:\/\/fadeu.urantiacos.cl\"]}]}<\/script>\n<!-- \/ Yoast SEO plugin. -->","yoast_head_json":{"title":"Hugo Palmarola publica en libro The Disobedience of Design - Facultad de Arquitectura, Dise\u00f1o y Estudios Urbanos","description":"El Profesor Hugo Palmarola public\u00f3 en el libro The Disobedience of Design, vol\u00famen que trata sobre una compilaci\u00f3n y traducci\u00f3n en ingl\u00e9s de textos del dise\u00f1ador alem\u00e1n Gui Bonsiepe. El libro, de 480 p\u00e1ginas, fue publicado por Bloomsbury Publishing dentro de la serie Radical Thinkers in Design.","robots":{"index":"index","follow":"follow","max-snippet":"max-snippet:-1","max-image-preview":"max-image-preview:large","max-video-preview":"max-video-preview:-1"},"canonical":"https:\/\/fadeu.urantiacos.cl\/en\/2022\/01\/21\/hugo-palmarola-publica-en-libro-the-disobedience-of-design\/","og_locale":"en_US","og_type":"article","og_title":"Hugo Palmarola publica en libro The Disobedience of Design - Facultad de Arquitectura, Dise\u00f1o y Estudios Urbanos","og_description":"El Profesor Hugo Palmarola public\u00f3 en el libro The Disobedience of Design, vol\u00famen que trata sobre una compilaci\u00f3n y traducci\u00f3n en ingl\u00e9s de textos del dise\u00f1ador alem\u00e1n Gui Bonsiepe. El libro, de 480 p\u00e1ginas, fue publicado por Bloomsbury Publishing dentro de la serie Radical Thinkers in Design.","og_url":"https:\/\/fadeu.urantiacos.cl\/en\/2022\/01\/21\/hugo-palmarola-publica-en-libro-the-disobedience-of-design\/","og_site_name":"Facultad de Arquitectura, Dise\u00f1o y Estudios Urbanos","article_published_time":"2022-01-21T18:19:00+00:00","article_modified_time":"2023-09-06T18:23:21+00:00","og_image":[{"width":350,"height":250,"url":"https:\/\/fadeu.urantiacos.cl\/wp-content\/uploads\/2023\/09\/libro_HP_2311.jpg","type":"image\/jpeg"}],"author":"manadmin","twitter_card":"summary_large_image","twitter_misc":{"Written by":"manadmin","Est. reading time":"1 minute"},"schema":{"@context":"https:\/\/schema.org","@graph":[{"@type":"Article","@id":"https:\/\/fadeu.urantiacos.cl\/en\/2022\/01\/21\/hugo-palmarola-publica-en-libro-the-disobedience-of-design\/#article","isPartOf":{"@id":"https:\/\/fadeu.urantiacos.cl\/en\/2022\/01\/21\/hugo-palmarola-publica-en-libro-the-disobedience-of-design\/"},"author":{"name":"manadmin","@id":"https:\/\/fadeu.urantiacos.cl\/en\/#\/schema\/person\/d203e2e84b1c40275eac77b3061a19a2"},"headline":"Hugo Palmarola publica en libro The Disobedience of Design","datePublished":"2022-01-21T18:19:00+00:00","dateModified":"2023-09-06T18:23:21+00:00","mainEntityOfPage":{"@id":"https:\/\/fadeu.urantiacos.cl\/en\/2022\/01\/21\/hugo-palmarola-publica-en-libro-the-disobedience-of-design\/"},"wordCount":270,"commentCount":0,"image":{"@id":"https:\/\/fadeu.urantiacos.cl\/en\/2022\/01\/21\/hugo-palmarola-publica-en-libro-the-disobedience-of-design\/#primaryimage"},"thumbnailUrl":"https:\/\/fadeu.urantiacos.cl\/wp-content\/uploads\/2023\/09\/libro_HP_2311.jpg","articleSection":["Sin categorizar"],"inLanguage":"en-US","potentialAction":[{"@type":"CommentAction","name":"Comment","target":["https:\/\/fadeu.urantiacos.cl\/en\/2022\/01\/21\/hugo-palmarola-publica-en-libro-the-disobedience-of-design\/#respond"]}]},{"@type":"WebPage","@id":"https:\/\/fadeu.urantiacos.cl\/en\/2022\/01\/21\/hugo-palmarola-publica-en-libro-the-disobedience-of-design\/","url":"https:\/\/fadeu.urantiacos.cl\/en\/2022\/01\/21\/hugo-palmarola-publica-en-libro-the-disobedience-of-design\/","name":"Hugo Palmarola publica en libro The Disobedience of Design - Facultad de Arquitectura, Dise\u00f1o y Estudios Urbanos","isPartOf":{"@id":"https:\/\/fadeu.urantiacos.cl\/en\/#website"},"primaryImageOfPage":{"@id":"https:\/\/fadeu.urantiacos.cl\/en\/2022\/01\/21\/hugo-palmarola-publica-en-libro-the-disobedience-of-design\/#primaryimage"},"image":{"@id":"https:\/\/fadeu.urantiacos.cl\/en\/2022\/01\/21\/hugo-palmarola-publica-en-libro-the-disobedience-of-design\/#primaryimage"},"thumbnailUrl":"https:\/\/fadeu.urantiacos.cl\/wp-content\/uploads\/2023\/09\/libro_HP_2311.jpg","datePublished":"2022-01-21T18:19:00+00:00","dateModified":"2023-09-06T18:23:21+00:00","author":{"@id":"https:\/\/fadeu.urantiacos.cl\/en\/#\/schema\/person\/d203e2e84b1c40275eac77b3061a19a2"},"description":"El Profesor Hugo Palmarola public\u00f3 en el libro The Disobedience of Design, vol\u00famen que trata sobre una compilaci\u00f3n y traducci\u00f3n en ingl\u00e9s de textos del dise\u00f1ador alem\u00e1n Gui Bonsiepe. El libro, de 480 p\u00e1ginas, fue publicado por Bloomsbury Publishing dentro de la serie Radical Thinkers in Design.","breadcrumb":{"@id":"https:\/\/fadeu.urantiacos.cl\/en\/2022\/01\/21\/hugo-palmarola-publica-en-libro-the-disobedience-of-design\/#breadcrumb"},"inLanguage":"en-US","potentialAction":[{"@type":"ReadAction","target":["https:\/\/fadeu.urantiacos.cl\/en\/2022\/01\/21\/hugo-palmarola-publica-en-libro-the-disobedience-of-design\/"]}]},{"@type":"ImageObject","inLanguage":"en-US","@id":"https:\/\/fadeu.urantiacos.cl\/en\/2022\/01\/21\/hugo-palmarola-publica-en-libro-the-disobedience-of-design\/#primaryimage","url":"https:\/\/fadeu.urantiacos.cl\/wp-content\/uploads\/2023\/09\/libro_HP_2311.jpg","contentUrl":"https:\/\/fadeu.urantiacos.cl\/wp-content\/uploads\/2023\/09\/libro_HP_2311.jpg","width":350,"height":250},{"@type":"BreadcrumbList","@id":"https:\/\/fadeu.urantiacos.cl\/en\/2022\/01\/21\/hugo-palmarola-publica-en-libro-the-disobedience-of-design\/#breadcrumb","itemListElement":[{"@type":"ListItem","position":1,"name":"Portada","item":"https:\/\/fadeu.urantiacos.cl\/en\/"},{"@type":"ListItem","position":2,"name":"Hugo Palmarola publica en libro The Disobedience of Design"}]},{"@type":"WebSite","@id":"https:\/\/fadeu.urantiacos.cl\/en\/#website","url":"https:\/\/fadeu.urantiacos.cl\/en\/","name":"Facultad de Arquitectura, Dise\u00f1o y Estudios Urbanos","description":"Campus Lo Contador","potentialAction":[{"@type":"SearchAction","target":{"@type":"EntryPoint","urlTemplate":"https:\/\/fadeu.urantiacos.cl\/en\/?s={search_term_string}"},"query-input":{"@type":"PropertyValueSpecification","valueRequired":true,"valueName":"search_term_string"}}],"inLanguage":"en-US"},{"@type":"Person","@id":"https:\/\/fadeu.urantiacos.cl\/en\/#\/schema\/person\/d203e2e84b1c40275eac77b3061a19a2","name":"manadmin","image":{"@type":"ImageObject","inLanguage":"en-US","@id":"https:\/\/fadeu.urantiacos.cl\/en\/#\/schema\/person\/image\/","url":"https:\/\/secure.gravatar.com\/avatar\/4b1d8e3303b4a9d8968ac578947d8bc80d9aea359f388cdd4aac15cadc0e8447?s=96&d=mm&r=g","contentUrl":"https:\/\/secure.gravatar.com\/avatar\/4b1d8e3303b4a9d8968ac578947d8bc80d9aea359f388cdd4aac15cadc0e8447?s=96&d=mm&r=g","caption":"manadmin"},"sameAs":["https:\/\/fadeu.urantiacos.cl"]}]}},"_links":{"self":[{"href":"https:\/\/fadeu.urantiacos.cl\/en\/wp-json\/wp\/v2\/posts\/5545","targetHints":{"allow":["GET"]}}],"collection":[{"href":"https:\/\/fadeu.urantiacos.cl\/en\/wp-json\/wp\/v2\/posts"}],"about":[{"href":"https:\/\/fadeu.urantiacos.cl\/en\/wp-json\/wp\/v2\/types\/post"}],"author":[{"embeddable":true,"href":"https:\/\/fadeu.urantiacos.cl\/en\/wp-json\/wp\/v2\/users\/1"}],"replies":[{"embeddable":true,"href":"https:\/\/fadeu.urantiacos.cl\/en\/wp-json\/wp\/v2\/comments?post=5545"}],"version-history":[{"count":1,"href":"https:\/\/fadeu.urantiacos.cl\/en\/wp-json\/wp\/v2\/posts\/5545\/revisions"}],"predecessor-version":[{"id":5548,"href":"https:\/\/fadeu.urantiacos.cl\/en\/wp-json\/wp\/v2\/posts\/5545\/revisions\/5548"}],"wp:featuredmedia":[{"embeddable":true,"href":"https:\/\/fadeu.urantiacos.cl\/en\/wp-json\/wp\/v2\/media\/5546"}],"wp:attachment":[{"href":"https:\/\/fadeu.urantiacos.cl\/en\/wp-json\/wp\/v2\/media?parent=5545"}],"wp:term":[{"taxonomy":"category","embeddable":true,"href":"https:\/\/fadeu.urantiacos.cl\/en\/wp-json\/wp\/v2\/categories?post=5545"},{"taxonomy":"post_tag","embeddable":true,"href":"https:\/\/fadeu.urantiacos.cl\/en\/wp-json\/wp\/v2\/tags?post=5545"}],"curies":[{"name":"wp","href":"https:\/\/api.w.org\/{rel}","templated":true}]}}