{"id":5538,"date":"2022-01-23T15:14:00","date_gmt":"2022-01-23T18:14:00","guid":{"rendered":"https:\/\/fadeu.urantiacos.cl\/?p=5538"},"modified":"2023-10-23T17:04:44","modified_gmt":"2023-10-23T20:04:44","slug":"se-inaugura-el-pabellon-de-chile-para-venecia-en-el-mac-parque-forestal","status":"publish","type":"post","link":"https:\/\/fadeu.urantiacos.cl\/en\/2022\/01\/23\/se-inaugura-el-pabellon-de-chile-para-venecia-en-el-mac-parque-forestal\/","title":{"rendered":"Se inaugura el pabell\u00f3n de Chile para Venecia en el MAC Parque Forestal"},"content":{"rendered":"\n<figure class=\"wp-block-image size-full\"><img decoding=\"async\" width=\"350\" height=\"250\" src=\"https:\/\/fadeu.urantiacos.cl\/wp-content\/uploads\/2023\/09\/pabello_web_2311.jpg\" alt=\"\" class=\"wp-image-5539\" srcset=\"https:\/\/fadeu.urantiacos.cl\/wp-content\/uploads\/2023\/09\/pabello_web_2311.jpg 350w, https:\/\/fadeu.urantiacos.cl\/wp-content\/uploads\/2023\/09\/pabello_web_2311-300x214.jpg 300w\" sizes=\"(max-width: 350px) 100vw, 350px\" \/><\/figure>\n\n\n\n<p>Esta muestra curatorial y expositiva sobre la poblaci\u00f3n Jos\u00e9 Mar\u00eda Caro en Santiago revisita la historia de este barrio, recogiendo su sentido comunitario y proyectando su futuro. El proyecto consiste en un relato pict\u00f3rico, para el cual se transformaron un total de 525 testimonios en la misma cantidad de pinturas. Con un conjunto de reglas formales y un trabajo colectivo \u2014y diluyendo la autor\u00eda en la comunidad\u2014, pintores e historiadores se basaron en relatos de los habitantes de la emblem\u00e1tica poblaci\u00f3n para generar las im\u00e1genes, recorriendo a trav\u00e9s de \u00e9stas distintos espacios que evocan vidas pasadas y presentes de los habitantes del barrio (ver&nbsp;<a href=\"http:\/\/arquitectura.uc.cl\/proyectos\/noticias\/6103-testimonial-spaces-el-pabellon-de-chile-en-la-bienal-de-venecia-es-destacado-en-el-diario-el-mostrador.html\" target=\"_blank\" rel=\"noreferrer noopener\">nota previa sobre el pabell\u00f3n en Venecia<\/a>).<\/p>\n\n\n\n<p>El proyecto &#8220;Testimonial Spaces&#8221; fue elegido a partir de un concurso de ideas convocado por el Ministerio de las Culturas, las Artes y el Patrimonio como respuesta al tema propuesto por la bienal: \u201cHow will we live together?\u201d. Comisariado por Crist\u00f3bal Molina, coordinador del \u00c1rea de Arquitectura del Ministerio de las Culturas, las Artes y el Patrimonio y profesor ARQ UC, el pabell\u00f3n se podr\u00e1 visitar en el MAC del Parque Forestal hasta el 9 de abril de 2022.<\/p>\n\n\n\n<p><\/p>\n\n\n\n<p>Noticias<br>Contacto:&nbsp;<a href=\"mailto:redesarq@uc.cl\">redesarq@uc.cl<\/a>&nbsp;| +56 2 2354 7747<br>www.arquitectura.uc.cl<\/p>\n","protected":false},"excerpt":{"rendered":"<p>El pabell\u00f3n \u201cTestimonial Spaces\u201d \u2014obra que represent\u00f3 a Chile en la d\u00e9cimo s\u00e9ptima Bienal de Arquitectura de Venecia, curada por el profesor ARQ UC Emilio Mar\u00edn junto a Rodrigo Sep\u00falveda\u2014, estar\u00e1 abierto al p\u00fablico hasta abril en el Museo de Arte Contempor\u00e1neo (MAC) del Parque Forestal.<\/p>\n","protected":false},"author":1,"featured_media":5539,"comment_status":"open","ping_status":"open","sticky":false,"template":"","format":"standard","meta":{"_acf_changed":false,"footnotes":""},"categories":[1],"tags":[],"class_list":["post-5538","post","type-post","status-publish","format-standard","has-post-thumbnail","hentry","category-sin-categorizar"],"acf":[],"yoast_head":"<!-- This site is optimized with the Yoast SEO plugin v27.1.1 - https:\/\/yoast.com\/product\/yoast-seo-wordpress\/ -->\n<title>Se inaugura el pabell\u00f3n de Chile para Venecia en el MAC Parque Forestal - Facultad de Arquitectura, Dise\u00f1o y Estudios Urbanos<\/title>\n<meta name=\"description\" content=\"El pabell\u00f3n \u201cTestimonial Spaces\u201d \u2014obra que represent\u00f3 a Chile en la d\u00e9cimo s\u00e9ptima Bienal de Arquitectura de Venecia, curada por el profesor ARQ UC Emilio Mar\u00edn junto a Rodrigo Sep\u00falveda\u2014, estar\u00e1 abierto al p\u00fablico hasta abril en el Museo de Arte Contempor\u00e1neo (MAC) del Parque Forestal.\" \/>\n<meta name=\"robots\" content=\"index, follow, max-snippet:-1, max-image-preview:large, max-video-preview:-1\" \/>\n<link rel=\"canonical\" href=\"https:\/\/fadeu.urantiacos.cl\/en\/2022\/01\/23\/se-inaugura-el-pabellon-de-chile-para-venecia-en-el-mac-parque-forestal\/\" \/>\n<meta property=\"og:locale\" content=\"en_US\" \/>\n<meta property=\"og:type\" content=\"article\" \/>\n<meta property=\"og:title\" content=\"Se inaugura el pabell\u00f3n de Chile para Venecia en el MAC Parque Forestal - Facultad de Arquitectura, Dise\u00f1o y Estudios Urbanos\" \/>\n<meta property=\"og:description\" content=\"El pabell\u00f3n \u201cTestimonial Spaces\u201d \u2014obra que represent\u00f3 a Chile en la d\u00e9cimo s\u00e9ptima Bienal de Arquitectura de Venecia, curada por el profesor ARQ UC Emilio Mar\u00edn junto a Rodrigo Sep\u00falveda\u2014, estar\u00e1 abierto al p\u00fablico hasta abril en el Museo de Arte Contempor\u00e1neo (MAC) del Parque Forestal.\" \/>\n<meta property=\"og:url\" content=\"https:\/\/fadeu.urantiacos.cl\/en\/2022\/01\/23\/se-inaugura-el-pabellon-de-chile-para-venecia-en-el-mac-parque-forestal\/\" \/>\n<meta property=\"og:site_name\" content=\"Facultad de Arquitectura, Dise\u00f1o y Estudios Urbanos\" \/>\n<meta property=\"article:published_time\" content=\"2022-01-23T18:14:00+00:00\" \/>\n<meta property=\"article:modified_time\" content=\"2023-10-23T20:04:44+00:00\" \/>\n<meta property=\"og:image\" content=\"https:\/\/fadeu.urantiacos.cl\/wp-content\/uploads\/2023\/09\/pabello_web_2311.jpg\" \/>\n\t<meta property=\"og:image:width\" content=\"350\" \/>\n\t<meta property=\"og:image:height\" content=\"250\" \/>\n\t<meta property=\"og:image:type\" content=\"image\/jpeg\" \/>\n<meta name=\"author\" content=\"manadmin\" \/>\n<meta name=\"twitter:card\" content=\"summary_large_image\" \/>\n<meta name=\"twitter:label1\" content=\"Written by\" \/>\n\t<meta name=\"twitter:data1\" content=\"manadmin\" \/>\n\t<meta name=\"twitter:label2\" content=\"Est. reading time\" \/>\n\t<meta name=\"twitter:data2\" content=\"2 minutes\" \/>\n<script type=\"application\/ld+json\" class=\"yoast-schema-graph\">{\"@context\":\"https:\/\/schema.org\",\"@graph\":[{\"@type\":\"Article\",\"@id\":\"https:\/\/fadeu.urantiacos.cl\/en\/2022\/01\/23\/se-inaugura-el-pabellon-de-chile-para-venecia-en-el-mac-parque-forestal\/#article\",\"isPartOf\":{\"@id\":\"https:\/\/fadeu.urantiacos.cl\/en\/2022\/01\/23\/se-inaugura-el-pabellon-de-chile-para-venecia-en-el-mac-parque-forestal\/\"},\"author\":{\"name\":\"manadmin\",\"@id\":\"https:\/\/fadeu.urantiacos.cl\/en\/#\/schema\/person\/d203e2e84b1c40275eac77b3061a19a2\"},\"headline\":\"Se inaugura el pabell\u00f3n de Chile para Venecia en el MAC Parque Forestal\",\"datePublished\":\"2022-01-23T18:14:00+00:00\",\"dateModified\":\"2023-10-23T20:04:44+00:00\",\"mainEntityOfPage\":{\"@id\":\"https:\/\/fadeu.urantiacos.cl\/en\/2022\/01\/23\/se-inaugura-el-pabellon-de-chile-para-venecia-en-el-mac-parque-forestal\/\"},\"wordCount\":223,\"commentCount\":0,\"image\":{\"@id\":\"https:\/\/fadeu.urantiacos.cl\/en\/2022\/01\/23\/se-inaugura-el-pabellon-de-chile-para-venecia-en-el-mac-parque-forestal\/#primaryimage\"},\"thumbnailUrl\":\"https:\/\/fadeu.urantiacos.cl\/wp-content\/uploads\/2023\/09\/pabello_web_2311.jpg\",\"articleSection\":[\"Sin categorizar\"],\"inLanguage\":\"en-US\",\"potentialAction\":[{\"@type\":\"CommentAction\",\"name\":\"Comment\",\"target\":[\"https:\/\/fadeu.urantiacos.cl\/en\/2022\/01\/23\/se-inaugura-el-pabellon-de-chile-para-venecia-en-el-mac-parque-forestal\/#respond\"]}]},{\"@type\":\"WebPage\",\"@id\":\"https:\/\/fadeu.urantiacos.cl\/en\/2022\/01\/23\/se-inaugura-el-pabellon-de-chile-para-venecia-en-el-mac-parque-forestal\/\",\"url\":\"https:\/\/fadeu.urantiacos.cl\/en\/2022\/01\/23\/se-inaugura-el-pabellon-de-chile-para-venecia-en-el-mac-parque-forestal\/\",\"name\":\"Se inaugura el pabell\u00f3n de Chile para Venecia en el MAC Parque Forestal - Facultad de Arquitectura, Dise\u00f1o y Estudios Urbanos\",\"isPartOf\":{\"@id\":\"https:\/\/fadeu.urantiacos.cl\/en\/#website\"},\"primaryImageOfPage\":{\"@id\":\"https:\/\/fadeu.urantiacos.cl\/en\/2022\/01\/23\/se-inaugura-el-pabellon-de-chile-para-venecia-en-el-mac-parque-forestal\/#primaryimage\"},\"image\":{\"@id\":\"https:\/\/fadeu.urantiacos.cl\/en\/2022\/01\/23\/se-inaugura-el-pabellon-de-chile-para-venecia-en-el-mac-parque-forestal\/#primaryimage\"},\"thumbnailUrl\":\"https:\/\/fadeu.urantiacos.cl\/wp-content\/uploads\/2023\/09\/pabello_web_2311.jpg\",\"datePublished\":\"2022-01-23T18:14:00+00:00\",\"dateModified\":\"2023-10-23T20:04:44+00:00\",\"author\":{\"@id\":\"https:\/\/fadeu.urantiacos.cl\/en\/#\/schema\/person\/d203e2e84b1c40275eac77b3061a19a2\"},\"description\":\"El pabell\u00f3n \u201cTestimonial Spaces\u201d \u2014obra que represent\u00f3 a Chile en la d\u00e9cimo s\u00e9ptima Bienal de Arquitectura de Venecia, curada por el profesor ARQ UC Emilio Mar\u00edn junto a Rodrigo Sep\u00falveda\u2014, estar\u00e1 abierto al p\u00fablico hasta abril en el Museo de Arte Contempor\u00e1neo (MAC) del Parque Forestal.\",\"breadcrumb\":{\"@id\":\"https:\/\/fadeu.urantiacos.cl\/en\/2022\/01\/23\/se-inaugura-el-pabellon-de-chile-para-venecia-en-el-mac-parque-forestal\/#breadcrumb\"},\"inLanguage\":\"en-US\",\"potentialAction\":[{\"@type\":\"ReadAction\",\"target\":[\"https:\/\/fadeu.urantiacos.cl\/en\/2022\/01\/23\/se-inaugura-el-pabellon-de-chile-para-venecia-en-el-mac-parque-forestal\/\"]}]},{\"@type\":\"ImageObject\",\"inLanguage\":\"en-US\",\"@id\":\"https:\/\/fadeu.urantiacos.cl\/en\/2022\/01\/23\/se-inaugura-el-pabellon-de-chile-para-venecia-en-el-mac-parque-forestal\/#primaryimage\",\"url\":\"https:\/\/fadeu.urantiacos.cl\/wp-content\/uploads\/2023\/09\/pabello_web_2311.jpg\",\"contentUrl\":\"https:\/\/fadeu.urantiacos.cl\/wp-content\/uploads\/2023\/09\/pabello_web_2311.jpg\",\"width\":350,\"height\":250},{\"@type\":\"BreadcrumbList\",\"@id\":\"https:\/\/fadeu.urantiacos.cl\/en\/2022\/01\/23\/se-inaugura-el-pabellon-de-chile-para-venecia-en-el-mac-parque-forestal\/#breadcrumb\",\"itemListElement\":[{\"@type\":\"ListItem\",\"position\":1,\"name\":\"Portada\",\"item\":\"https:\/\/fadeu.urantiacos.cl\/en\/\"},{\"@type\":\"ListItem\",\"position\":2,\"name\":\"Se inaugura el pabell\u00f3n de Chile para Venecia en el MAC Parque Forestal\"}]},{\"@type\":\"WebSite\",\"@id\":\"https:\/\/fadeu.urantiacos.cl\/en\/#website\",\"url\":\"https:\/\/fadeu.urantiacos.cl\/en\/\",\"name\":\"Facultad de Arquitectura, Dise\u00f1o y Estudios Urbanos\",\"description\":\"Campus Lo Contador\",\"potentialAction\":[{\"@type\":\"SearchAction\",\"target\":{\"@type\":\"EntryPoint\",\"urlTemplate\":\"https:\/\/fadeu.urantiacos.cl\/en\/?s={search_term_string}\"},\"query-input\":{\"@type\":\"PropertyValueSpecification\",\"valueRequired\":true,\"valueName\":\"search_term_string\"}}],\"inLanguage\":\"en-US\"},{\"@type\":\"Person\",\"@id\":\"https:\/\/fadeu.urantiacos.cl\/en\/#\/schema\/person\/d203e2e84b1c40275eac77b3061a19a2\",\"name\":\"manadmin\",\"image\":{\"@type\":\"ImageObject\",\"inLanguage\":\"en-US\",\"@id\":\"https:\/\/fadeu.urantiacos.cl\/en\/#\/schema\/person\/image\/\",\"url\":\"https:\/\/secure.gravatar.com\/avatar\/4b1d8e3303b4a9d8968ac578947d8bc80d9aea359f388cdd4aac15cadc0e8447?s=96&d=mm&r=g\",\"contentUrl\":\"https:\/\/secure.gravatar.com\/avatar\/4b1d8e3303b4a9d8968ac578947d8bc80d9aea359f388cdd4aac15cadc0e8447?s=96&d=mm&r=g\",\"caption\":\"manadmin\"},\"sameAs\":[\"https:\/\/fadeu.urantiacos.cl\"]}]}<\/script>\n<!-- \/ Yoast SEO plugin. -->","yoast_head_json":{"title":"Se inaugura el pabell\u00f3n de Chile para Venecia en el MAC Parque Forestal - Facultad de Arquitectura, Dise\u00f1o y Estudios Urbanos","description":"El pabell\u00f3n \u201cTestimonial Spaces\u201d \u2014obra que represent\u00f3 a Chile en la d\u00e9cimo s\u00e9ptima Bienal de Arquitectura de Venecia, curada por el profesor ARQ UC Emilio Mar\u00edn junto a Rodrigo Sep\u00falveda\u2014, estar\u00e1 abierto al p\u00fablico hasta abril en el Museo de Arte Contempor\u00e1neo (MAC) del Parque Forestal.","robots":{"index":"index","follow":"follow","max-snippet":"max-snippet:-1","max-image-preview":"max-image-preview:large","max-video-preview":"max-video-preview:-1"},"canonical":"https:\/\/fadeu.urantiacos.cl\/en\/2022\/01\/23\/se-inaugura-el-pabellon-de-chile-para-venecia-en-el-mac-parque-forestal\/","og_locale":"en_US","og_type":"article","og_title":"Se inaugura el pabell\u00f3n de Chile para Venecia en el MAC Parque Forestal - Facultad de Arquitectura, Dise\u00f1o y Estudios Urbanos","og_description":"El pabell\u00f3n \u201cTestimonial Spaces\u201d \u2014obra que represent\u00f3 a Chile en la d\u00e9cimo s\u00e9ptima Bienal de Arquitectura de Venecia, curada por el profesor ARQ UC Emilio Mar\u00edn junto a Rodrigo Sep\u00falveda\u2014, estar\u00e1 abierto al p\u00fablico hasta abril en el Museo de Arte Contempor\u00e1neo (MAC) del Parque Forestal.","og_url":"https:\/\/fadeu.urantiacos.cl\/en\/2022\/01\/23\/se-inaugura-el-pabellon-de-chile-para-venecia-en-el-mac-parque-forestal\/","og_site_name":"Facultad de Arquitectura, Dise\u00f1o y Estudios Urbanos","article_published_time":"2022-01-23T18:14:00+00:00","article_modified_time":"2023-10-23T20:04:44+00:00","og_image":[{"width":350,"height":250,"url":"https:\/\/fadeu.urantiacos.cl\/wp-content\/uploads\/2023\/09\/pabello_web_2311.jpg","type":"image\/jpeg"}],"author":"manadmin","twitter_card":"summary_large_image","twitter_misc":{"Written by":"manadmin","Est. reading time":"2 minutes"},"schema":{"@context":"https:\/\/schema.org","@graph":[{"@type":"Article","@id":"https:\/\/fadeu.urantiacos.cl\/en\/2022\/01\/23\/se-inaugura-el-pabellon-de-chile-para-venecia-en-el-mac-parque-forestal\/#article","isPartOf":{"@id":"https:\/\/fadeu.urantiacos.cl\/en\/2022\/01\/23\/se-inaugura-el-pabellon-de-chile-para-venecia-en-el-mac-parque-forestal\/"},"author":{"name":"manadmin","@id":"https:\/\/fadeu.urantiacos.cl\/en\/#\/schema\/person\/d203e2e84b1c40275eac77b3061a19a2"},"headline":"Se inaugura el pabell\u00f3n de Chile para Venecia en el MAC Parque Forestal","datePublished":"2022-01-23T18:14:00+00:00","dateModified":"2023-10-23T20:04:44+00:00","mainEntityOfPage":{"@id":"https:\/\/fadeu.urantiacos.cl\/en\/2022\/01\/23\/se-inaugura-el-pabellon-de-chile-para-venecia-en-el-mac-parque-forestal\/"},"wordCount":223,"commentCount":0,"image":{"@id":"https:\/\/fadeu.urantiacos.cl\/en\/2022\/01\/23\/se-inaugura-el-pabellon-de-chile-para-venecia-en-el-mac-parque-forestal\/#primaryimage"},"thumbnailUrl":"https:\/\/fadeu.urantiacos.cl\/wp-content\/uploads\/2023\/09\/pabello_web_2311.jpg","articleSection":["Sin categorizar"],"inLanguage":"en-US","potentialAction":[{"@type":"CommentAction","name":"Comment","target":["https:\/\/fadeu.urantiacos.cl\/en\/2022\/01\/23\/se-inaugura-el-pabellon-de-chile-para-venecia-en-el-mac-parque-forestal\/#respond"]}]},{"@type":"WebPage","@id":"https:\/\/fadeu.urantiacos.cl\/en\/2022\/01\/23\/se-inaugura-el-pabellon-de-chile-para-venecia-en-el-mac-parque-forestal\/","url":"https:\/\/fadeu.urantiacos.cl\/en\/2022\/01\/23\/se-inaugura-el-pabellon-de-chile-para-venecia-en-el-mac-parque-forestal\/","name":"Se inaugura el pabell\u00f3n de Chile para Venecia en el MAC Parque Forestal - Facultad de Arquitectura, Dise\u00f1o y Estudios Urbanos","isPartOf":{"@id":"https:\/\/fadeu.urantiacos.cl\/en\/#website"},"primaryImageOfPage":{"@id":"https:\/\/fadeu.urantiacos.cl\/en\/2022\/01\/23\/se-inaugura-el-pabellon-de-chile-para-venecia-en-el-mac-parque-forestal\/#primaryimage"},"image":{"@id":"https:\/\/fadeu.urantiacos.cl\/en\/2022\/01\/23\/se-inaugura-el-pabellon-de-chile-para-venecia-en-el-mac-parque-forestal\/#primaryimage"},"thumbnailUrl":"https:\/\/fadeu.urantiacos.cl\/wp-content\/uploads\/2023\/09\/pabello_web_2311.jpg","datePublished":"2022-01-23T18:14:00+00:00","dateModified":"2023-10-23T20:04:44+00:00","author":{"@id":"https:\/\/fadeu.urantiacos.cl\/en\/#\/schema\/person\/d203e2e84b1c40275eac77b3061a19a2"},"description":"El pabell\u00f3n \u201cTestimonial Spaces\u201d \u2014obra que represent\u00f3 a Chile en la d\u00e9cimo s\u00e9ptima Bienal de Arquitectura de Venecia, curada por el profesor ARQ UC Emilio Mar\u00edn junto a Rodrigo Sep\u00falveda\u2014, estar\u00e1 abierto al p\u00fablico hasta abril en el Museo de Arte Contempor\u00e1neo (MAC) del Parque Forestal.","breadcrumb":{"@id":"https:\/\/fadeu.urantiacos.cl\/en\/2022\/01\/23\/se-inaugura-el-pabellon-de-chile-para-venecia-en-el-mac-parque-forestal\/#breadcrumb"},"inLanguage":"en-US","potentialAction":[{"@type":"ReadAction","target":["https:\/\/fadeu.urantiacos.cl\/en\/2022\/01\/23\/se-inaugura-el-pabellon-de-chile-para-venecia-en-el-mac-parque-forestal\/"]}]},{"@type":"ImageObject","inLanguage":"en-US","@id":"https:\/\/fadeu.urantiacos.cl\/en\/2022\/01\/23\/se-inaugura-el-pabellon-de-chile-para-venecia-en-el-mac-parque-forestal\/#primaryimage","url":"https:\/\/fadeu.urantiacos.cl\/wp-content\/uploads\/2023\/09\/pabello_web_2311.jpg","contentUrl":"https:\/\/fadeu.urantiacos.cl\/wp-content\/uploads\/2023\/09\/pabello_web_2311.jpg","width":350,"height":250},{"@type":"BreadcrumbList","@id":"https:\/\/fadeu.urantiacos.cl\/en\/2022\/01\/23\/se-inaugura-el-pabellon-de-chile-para-venecia-en-el-mac-parque-forestal\/#breadcrumb","itemListElement":[{"@type":"ListItem","position":1,"name":"Portada","item":"https:\/\/fadeu.urantiacos.cl\/en\/"},{"@type":"ListItem","position":2,"name":"Se inaugura el pabell\u00f3n de Chile para Venecia en el MAC Parque Forestal"}]},{"@type":"WebSite","@id":"https:\/\/fadeu.urantiacos.cl\/en\/#website","url":"https:\/\/fadeu.urantiacos.cl\/en\/","name":"Facultad de Arquitectura, Dise\u00f1o y Estudios Urbanos","description":"Campus Lo Contador","potentialAction":[{"@type":"SearchAction","target":{"@type":"EntryPoint","urlTemplate":"https:\/\/fadeu.urantiacos.cl\/en\/?s={search_term_string}"},"query-input":{"@type":"PropertyValueSpecification","valueRequired":true,"valueName":"search_term_string"}}],"inLanguage":"en-US"},{"@type":"Person","@id":"https:\/\/fadeu.urantiacos.cl\/en\/#\/schema\/person\/d203e2e84b1c40275eac77b3061a19a2","name":"manadmin","image":{"@type":"ImageObject","inLanguage":"en-US","@id":"https:\/\/fadeu.urantiacos.cl\/en\/#\/schema\/person\/image\/","url":"https:\/\/secure.gravatar.com\/avatar\/4b1d8e3303b4a9d8968ac578947d8bc80d9aea359f388cdd4aac15cadc0e8447?s=96&d=mm&r=g","contentUrl":"https:\/\/secure.gravatar.com\/avatar\/4b1d8e3303b4a9d8968ac578947d8bc80d9aea359f388cdd4aac15cadc0e8447?s=96&d=mm&r=g","caption":"manadmin"},"sameAs":["https:\/\/fadeu.urantiacos.cl"]}]}},"_links":{"self":[{"href":"https:\/\/fadeu.urantiacos.cl\/en\/wp-json\/wp\/v2\/posts\/5538","targetHints":{"allow":["GET"]}}],"collection":[{"href":"https:\/\/fadeu.urantiacos.cl\/en\/wp-json\/wp\/v2\/posts"}],"about":[{"href":"https:\/\/fadeu.urantiacos.cl\/en\/wp-json\/wp\/v2\/types\/post"}],"author":[{"embeddable":true,"href":"https:\/\/fadeu.urantiacos.cl\/en\/wp-json\/wp\/v2\/users\/1"}],"replies":[{"embeddable":true,"href":"https:\/\/fadeu.urantiacos.cl\/en\/wp-json\/wp\/v2\/comments?post=5538"}],"version-history":[{"count":2,"href":"https:\/\/fadeu.urantiacos.cl\/en\/wp-json\/wp\/v2\/posts\/5538\/revisions"}],"predecessor-version":[{"id":17659,"href":"https:\/\/fadeu.urantiacos.cl\/en\/wp-json\/wp\/v2\/posts\/5538\/revisions\/17659"}],"wp:featuredmedia":[{"embeddable":true,"href":"https:\/\/fadeu.urantiacos.cl\/en\/wp-json\/wp\/v2\/media\/5539"}],"wp:attachment":[{"href":"https:\/\/fadeu.urantiacos.cl\/en\/wp-json\/wp\/v2\/media?parent=5538"}],"wp:term":[{"taxonomy":"category","embeddable":true,"href":"https:\/\/fadeu.urantiacos.cl\/en\/wp-json\/wp\/v2\/categories?post=5538"},{"taxonomy":"post_tag","embeddable":true,"href":"https:\/\/fadeu.urantiacos.cl\/en\/wp-json\/wp\/v2\/tags?post=5538"}],"curies":[{"name":"wp","href":"https:\/\/api.w.org\/{rel}","templated":true}]}}