{"id":5523,"date":"2022-01-24T14:51:00","date_gmt":"2022-01-24T17:51:00","guid":{"rendered":"https:\/\/fadeu.urantiacos.cl\/?p=5523"},"modified":"2023-09-06T14:53:09","modified_gmt":"2023-09-06T17:53:09","slug":"profesores-fadeu-reciben-reconocimiento-de-excelencia-docente","status":"publish","type":"post","link":"https:\/\/fadeu.urantiacos.cl\/en\/2022\/01\/24\/profesores-fadeu-reciben-reconocimiento-de-excelencia-docente\/","title":{"rendered":"Profesores FADEU reciben reconocimiento de Excelencia Docente"},"content":{"rendered":"\n<figure class=\"wp-block-image size-full\"><img decoding=\"async\" width=\"350\" height=\"250\" src=\"https:\/\/fadeu.urantiacos.cl\/wp-content\/uploads\/2023\/09\/VILLELA_MARTINEZ_BERGAMINI.png\" alt=\"\" class=\"wp-image-5524\" srcset=\"https:\/\/fadeu.urantiacos.cl\/wp-content\/uploads\/2023\/09\/VILLELA_MARTINEZ_BERGAMINI.png 350w, https:\/\/fadeu.urantiacos.cl\/wp-content\/uploads\/2023\/09\/VILLELA_MARTINEZ_BERGAMINI-300x214.png 300w\" sizes=\"(max-width: 350px) 100vw, 350px\" \/><\/figure>\n\n\n\n<p>\u201cLa evaluaci\u00f3n de la postulaciones fue efectuada por un Comit\u00e9 Evaluador que se bas\u00f3 en los antecedentes enviados por el Comit\u00e9 Curricular de cada Unidad Acad\u00e9mica, ponderando en cada postulante las evidencias acerca de su experticia en su campo del conocimiento, el impacto de su docencia en el aprendizaje de sus estudiantes, la incorporaci\u00f3n de metodolog\u00edas de ense\u00f1anza y aprendizaje pertinentes a su especialidad, su compromiso y disponibilidad hacia la comunidad acad\u00e9mica y nacional y su coherencia personal en su rol acad\u00e9mico\u201d, advierte Purcell en el escrito.<\/p>\n\n\n\n<p>Los acad\u00e9micos y acad\u00e9micas reconocidos en esta oportunidad son:<\/p>\n\n\n\n<ol class=\"wp-block-list\">\n<li>Paula Mart\u00ednez (escuela de Arquitectura), categor\u00eda General.<\/li>\n\n\n\n<li>Andr\u00e9s Villela (escuela de Dise\u00f1o), categor\u00eda General.<\/li>\n\n\n\n<li>Kay Bergamini (Instituto de Estudios Urbanos y Territoriales), categor\u00eda General.<\/li>\n\n\n\n<li>Camilo Meneses (escuela de Arquitectura), categor\u00eda Iniciaci\u00f3n.<\/li>\n\n\n\n<li>Marcos Chilet (escuela de Dise\u00f1o), categor\u00eda Iniciaci\u00f3n.<\/li>\n\n\n\n<li>Alejandra V\u00e1squez (escuela de Arquitectura), jornada Parcial.<\/li>\n\n\n\n<li>Nicol\u00e1s Urz\u00faa (escuela de Arquitectura), jornada Parcial.<\/li>\n<\/ol>\n\n\n\n<p>Desde la FADEU se reconoce el esfuerzo y la dedicaci\u00f3n de cada uno de los acad\u00e9micos reconocidos y valoramos su valioso aporte a la ense\u00f1anza, la investigaci\u00f3n y la vinculaci\u00f3n con el medio.<\/p>\n\n\n\n<p>INFORMACI\u00d3N PERIOD\u00cdSTICA<br>JUAN ANDR\u00c9S INZUNZA<\/p>\n","protected":false},"excerpt":{"rendered":"<p>En una comunicaci\u00f3n oficial emitida por el Vicerrector Acad\u00e9mico de la Pontificia Universidad Cat\u00f3lica de Chile, Fernando Purcell, dirigida al Decano de la Facultad de Arquitectura, Dise\u00f1o y Estudios Urbanos, Mario Ubilla, se inform\u00f3 del proceso de valoraci\u00f3n y reconocimiento de los y las docentes, a trav\u00e9s del Premio de Reconocimiento de Excelencia Docente, instancia que tiene como objetivo reconocer y promover la docencia de calidad y estimular al cuerpo docente a mejorar sus pr\u00e1cticas en las distintas Unidades Acad\u00e9micas.<\/p>\n","protected":false},"author":1,"featured_media":5524,"comment_status":"open","ping_status":"open","sticky":false,"template":"","format":"standard","meta":{"_acf_changed":false,"footnotes":""},"categories":[1],"tags":[],"class_list":["post-5523","post","type-post","status-publish","format-standard","has-post-thumbnail","hentry","category-sin-categorizar"],"acf":[],"yoast_head":"<!-- This site is optimized with the Yoast SEO plugin v27.1.1 - https:\/\/yoast.com\/product\/yoast-seo-wordpress\/ -->\n<title>Profesores FADEU reciben reconocimiento de Excelencia Docente - Facultad de Arquitectura, Dise\u00f1o y Estudios Urbanos<\/title>\n<meta name=\"description\" content=\"En una comunicaci\u00f3n oficial emitida por el Vicerrector Acad\u00e9mico de la Pontificia Universidad Cat\u00f3lica de Chile, Fernando Purcell, dirigida al Decano de la Facultad de Arquitectura, Dise\u00f1o y Estudios Urbanos, Mario Ubilla, se inform\u00f3 del proceso de valoraci\u00f3n y reconocimiento de los y las docentes, a trav\u00e9s del Premio de Reconocimiento de Excelencia Docente, instancia que tiene como objetivo reconocer y promover la docencia de calidad y estimular al cuerpo docente a mejorar sus pr\u00e1cticas en las distintas Unidades Acad\u00e9micas.\" \/>\n<meta name=\"robots\" content=\"index, follow, max-snippet:-1, max-image-preview:large, max-video-preview:-1\" \/>\n<link rel=\"canonical\" href=\"https:\/\/fadeu.urantiacos.cl\/en\/2022\/01\/24\/profesores-fadeu-reciben-reconocimiento-de-excelencia-docente\/\" \/>\n<meta property=\"og:locale\" content=\"en_US\" \/>\n<meta property=\"og:type\" content=\"article\" \/>\n<meta property=\"og:title\" content=\"Profesores FADEU reciben reconocimiento de Excelencia Docente - Facultad de Arquitectura, Dise\u00f1o y Estudios Urbanos\" \/>\n<meta property=\"og:description\" content=\"En una comunicaci\u00f3n oficial emitida por el Vicerrector Acad\u00e9mico de la Pontificia Universidad Cat\u00f3lica de Chile, Fernando Purcell, dirigida al Decano de la Facultad de Arquitectura, Dise\u00f1o y Estudios Urbanos, Mario Ubilla, se inform\u00f3 del proceso de valoraci\u00f3n y reconocimiento de los y las docentes, a trav\u00e9s del Premio de Reconocimiento de Excelencia Docente, instancia que tiene como objetivo reconocer y promover la docencia de calidad y estimular al cuerpo docente a mejorar sus pr\u00e1cticas en las distintas Unidades Acad\u00e9micas.\" \/>\n<meta property=\"og:url\" content=\"https:\/\/fadeu.urantiacos.cl\/en\/2022\/01\/24\/profesores-fadeu-reciben-reconocimiento-de-excelencia-docente\/\" \/>\n<meta property=\"og:site_name\" content=\"Facultad de Arquitectura, Dise\u00f1o y Estudios Urbanos\" \/>\n<meta property=\"article:published_time\" content=\"2022-01-24T17:51:00+00:00\" \/>\n<meta property=\"article:modified_time\" content=\"2023-09-06T17:53:09+00:00\" \/>\n<meta property=\"og:image\" content=\"https:\/\/fadeu.urantiacos.cl\/wp-content\/uploads\/2023\/09\/VILLELA_MARTINEZ_BERGAMINI.png\" \/>\n\t<meta property=\"og:image:width\" content=\"350\" \/>\n\t<meta property=\"og:image:height\" content=\"250\" \/>\n\t<meta property=\"og:image:type\" content=\"image\/png\" \/>\n<meta name=\"author\" content=\"manadmin\" \/>\n<meta name=\"twitter:card\" content=\"summary_large_image\" \/>\n<meta name=\"twitter:label1\" content=\"Written by\" \/>\n\t<meta name=\"twitter:data1\" content=\"manadmin\" \/>\n\t<meta name=\"twitter:label2\" content=\"Est. reading time\" \/>\n\t<meta name=\"twitter:data2\" content=\"1 minute\" \/>\n<script type=\"application\/ld+json\" class=\"yoast-schema-graph\">{\"@context\":\"https:\/\/schema.org\",\"@graph\":[{\"@type\":\"Article\",\"@id\":\"https:\/\/fadeu.urantiacos.cl\/en\/2022\/01\/24\/profesores-fadeu-reciben-reconocimiento-de-excelencia-docente\/#article\",\"isPartOf\":{\"@id\":\"https:\/\/fadeu.urantiacos.cl\/en\/2022\/01\/24\/profesores-fadeu-reciben-reconocimiento-de-excelencia-docente\/\"},\"author\":{\"name\":\"manadmin\",\"@id\":\"https:\/\/fadeu.urantiacos.cl\/en\/#\/schema\/person\/d203e2e84b1c40275eac77b3061a19a2\"},\"headline\":\"Profesores FADEU reciben reconocimiento de Excelencia Docente\",\"datePublished\":\"2022-01-24T17:51:00+00:00\",\"dateModified\":\"2023-09-06T17:53:09+00:00\",\"mainEntityOfPage\":{\"@id\":\"https:\/\/fadeu.urantiacos.cl\/en\/2022\/01\/24\/profesores-fadeu-reciben-reconocimiento-de-excelencia-docente\/\"},\"wordCount\":223,\"commentCount\":0,\"image\":{\"@id\":\"https:\/\/fadeu.urantiacos.cl\/en\/2022\/01\/24\/profesores-fadeu-reciben-reconocimiento-de-excelencia-docente\/#primaryimage\"},\"thumbnailUrl\":\"https:\/\/fadeu.urantiacos.cl\/wp-content\/uploads\/2023\/09\/VILLELA_MARTINEZ_BERGAMINI.png\",\"articleSection\":[\"Sin categorizar\"],\"inLanguage\":\"en-US\",\"potentialAction\":[{\"@type\":\"CommentAction\",\"name\":\"Comment\",\"target\":[\"https:\/\/fadeu.urantiacos.cl\/en\/2022\/01\/24\/profesores-fadeu-reciben-reconocimiento-de-excelencia-docente\/#respond\"]}]},{\"@type\":\"WebPage\",\"@id\":\"https:\/\/fadeu.urantiacos.cl\/en\/2022\/01\/24\/profesores-fadeu-reciben-reconocimiento-de-excelencia-docente\/\",\"url\":\"https:\/\/fadeu.urantiacos.cl\/en\/2022\/01\/24\/profesores-fadeu-reciben-reconocimiento-de-excelencia-docente\/\",\"name\":\"Profesores FADEU reciben reconocimiento de Excelencia Docente - Facultad de Arquitectura, Dise\u00f1o y Estudios Urbanos\",\"isPartOf\":{\"@id\":\"https:\/\/fadeu.urantiacos.cl\/en\/#website\"},\"primaryImageOfPage\":{\"@id\":\"https:\/\/fadeu.urantiacos.cl\/en\/2022\/01\/24\/profesores-fadeu-reciben-reconocimiento-de-excelencia-docente\/#primaryimage\"},\"image\":{\"@id\":\"https:\/\/fadeu.urantiacos.cl\/en\/2022\/01\/24\/profesores-fadeu-reciben-reconocimiento-de-excelencia-docente\/#primaryimage\"},\"thumbnailUrl\":\"https:\/\/fadeu.urantiacos.cl\/wp-content\/uploads\/2023\/09\/VILLELA_MARTINEZ_BERGAMINI.png\",\"datePublished\":\"2022-01-24T17:51:00+00:00\",\"dateModified\":\"2023-09-06T17:53:09+00:00\",\"author\":{\"@id\":\"https:\/\/fadeu.urantiacos.cl\/en\/#\/schema\/person\/d203e2e84b1c40275eac77b3061a19a2\"},\"description\":\"En una comunicaci\u00f3n oficial emitida por el Vicerrector Acad\u00e9mico de la Pontificia Universidad Cat\u00f3lica de Chile, Fernando Purcell, dirigida al Decano de la Facultad de Arquitectura, Dise\u00f1o y Estudios Urbanos, Mario Ubilla, se inform\u00f3 del proceso de valoraci\u00f3n y reconocimiento de los y las docentes, a trav\u00e9s del Premio de Reconocimiento de Excelencia Docente, instancia que tiene como objetivo reconocer y promover la docencia de calidad y estimular al cuerpo docente a mejorar sus pr\u00e1cticas en las distintas Unidades Acad\u00e9micas.\",\"breadcrumb\":{\"@id\":\"https:\/\/fadeu.urantiacos.cl\/en\/2022\/01\/24\/profesores-fadeu-reciben-reconocimiento-de-excelencia-docente\/#breadcrumb\"},\"inLanguage\":\"en-US\",\"potentialAction\":[{\"@type\":\"ReadAction\",\"target\":[\"https:\/\/fadeu.urantiacos.cl\/en\/2022\/01\/24\/profesores-fadeu-reciben-reconocimiento-de-excelencia-docente\/\"]}]},{\"@type\":\"ImageObject\",\"inLanguage\":\"en-US\",\"@id\":\"https:\/\/fadeu.urantiacos.cl\/en\/2022\/01\/24\/profesores-fadeu-reciben-reconocimiento-de-excelencia-docente\/#primaryimage\",\"url\":\"https:\/\/fadeu.urantiacos.cl\/wp-content\/uploads\/2023\/09\/VILLELA_MARTINEZ_BERGAMINI.png\",\"contentUrl\":\"https:\/\/fadeu.urantiacos.cl\/wp-content\/uploads\/2023\/09\/VILLELA_MARTINEZ_BERGAMINI.png\",\"width\":350,\"height\":250},{\"@type\":\"BreadcrumbList\",\"@id\":\"https:\/\/fadeu.urantiacos.cl\/en\/2022\/01\/24\/profesores-fadeu-reciben-reconocimiento-de-excelencia-docente\/#breadcrumb\",\"itemListElement\":[{\"@type\":\"ListItem\",\"position\":1,\"name\":\"Portada\",\"item\":\"https:\/\/fadeu.urantiacos.cl\/en\/\"},{\"@type\":\"ListItem\",\"position\":2,\"name\":\"Profesores FADEU reciben reconocimiento de Excelencia Docente\"}]},{\"@type\":\"WebSite\",\"@id\":\"https:\/\/fadeu.urantiacos.cl\/en\/#website\",\"url\":\"https:\/\/fadeu.urantiacos.cl\/en\/\",\"name\":\"Facultad de Arquitectura, Dise\u00f1o y Estudios Urbanos\",\"description\":\"Campus Lo Contador\",\"potentialAction\":[{\"@type\":\"SearchAction\",\"target\":{\"@type\":\"EntryPoint\",\"urlTemplate\":\"https:\/\/fadeu.urantiacos.cl\/en\/?s={search_term_string}\"},\"query-input\":{\"@type\":\"PropertyValueSpecification\",\"valueRequired\":true,\"valueName\":\"search_term_string\"}}],\"inLanguage\":\"en-US\"},{\"@type\":\"Person\",\"@id\":\"https:\/\/fadeu.urantiacos.cl\/en\/#\/schema\/person\/d203e2e84b1c40275eac77b3061a19a2\",\"name\":\"manadmin\",\"image\":{\"@type\":\"ImageObject\",\"inLanguage\":\"en-US\",\"@id\":\"https:\/\/fadeu.urantiacos.cl\/en\/#\/schema\/person\/image\/\",\"url\":\"https:\/\/secure.gravatar.com\/avatar\/4b1d8e3303b4a9d8968ac578947d8bc80d9aea359f388cdd4aac15cadc0e8447?s=96&d=mm&r=g\",\"contentUrl\":\"https:\/\/secure.gravatar.com\/avatar\/4b1d8e3303b4a9d8968ac578947d8bc80d9aea359f388cdd4aac15cadc0e8447?s=96&d=mm&r=g\",\"caption\":\"manadmin\"},\"sameAs\":[\"https:\/\/fadeu.urantiacos.cl\"]}]}<\/script>\n<!-- \/ Yoast SEO plugin. -->","yoast_head_json":{"title":"Profesores FADEU reciben reconocimiento de Excelencia Docente - Facultad de Arquitectura, Dise\u00f1o y Estudios Urbanos","description":"En una comunicaci\u00f3n oficial emitida por el Vicerrector Acad\u00e9mico de la Pontificia Universidad Cat\u00f3lica de Chile, Fernando Purcell, dirigida al Decano de la Facultad de Arquitectura, Dise\u00f1o y Estudios Urbanos, Mario Ubilla, se inform\u00f3 del proceso de valoraci\u00f3n y reconocimiento de los y las docentes, a trav\u00e9s del Premio de Reconocimiento de Excelencia Docente, instancia que tiene como objetivo reconocer y promover la docencia de calidad y estimular al cuerpo docente a mejorar sus pr\u00e1cticas en las distintas Unidades Acad\u00e9micas.","robots":{"index":"index","follow":"follow","max-snippet":"max-snippet:-1","max-image-preview":"max-image-preview:large","max-video-preview":"max-video-preview:-1"},"canonical":"https:\/\/fadeu.urantiacos.cl\/en\/2022\/01\/24\/profesores-fadeu-reciben-reconocimiento-de-excelencia-docente\/","og_locale":"en_US","og_type":"article","og_title":"Profesores FADEU reciben reconocimiento de Excelencia Docente - Facultad de Arquitectura, Dise\u00f1o y Estudios Urbanos","og_description":"En una comunicaci\u00f3n oficial emitida por el Vicerrector Acad\u00e9mico de la Pontificia Universidad Cat\u00f3lica de Chile, Fernando Purcell, dirigida al Decano de la Facultad de Arquitectura, Dise\u00f1o y Estudios Urbanos, Mario Ubilla, se inform\u00f3 del proceso de valoraci\u00f3n y reconocimiento de los y las docentes, a trav\u00e9s del Premio de Reconocimiento de Excelencia Docente, instancia que tiene como objetivo reconocer y promover la docencia de calidad y estimular al cuerpo docente a mejorar sus pr\u00e1cticas en las distintas Unidades Acad\u00e9micas.","og_url":"https:\/\/fadeu.urantiacos.cl\/en\/2022\/01\/24\/profesores-fadeu-reciben-reconocimiento-de-excelencia-docente\/","og_site_name":"Facultad de Arquitectura, Dise\u00f1o y Estudios Urbanos","article_published_time":"2022-01-24T17:51:00+00:00","article_modified_time":"2023-09-06T17:53:09+00:00","og_image":[{"width":350,"height":250,"url":"https:\/\/fadeu.urantiacos.cl\/wp-content\/uploads\/2023\/09\/VILLELA_MARTINEZ_BERGAMINI.png","type":"image\/png"}],"author":"manadmin","twitter_card":"summary_large_image","twitter_misc":{"Written by":"manadmin","Est. reading time":"1 minute"},"schema":{"@context":"https:\/\/schema.org","@graph":[{"@type":"Article","@id":"https:\/\/fadeu.urantiacos.cl\/en\/2022\/01\/24\/profesores-fadeu-reciben-reconocimiento-de-excelencia-docente\/#article","isPartOf":{"@id":"https:\/\/fadeu.urantiacos.cl\/en\/2022\/01\/24\/profesores-fadeu-reciben-reconocimiento-de-excelencia-docente\/"},"author":{"name":"manadmin","@id":"https:\/\/fadeu.urantiacos.cl\/en\/#\/schema\/person\/d203e2e84b1c40275eac77b3061a19a2"},"headline":"Profesores FADEU reciben reconocimiento de Excelencia Docente","datePublished":"2022-01-24T17:51:00+00:00","dateModified":"2023-09-06T17:53:09+00:00","mainEntityOfPage":{"@id":"https:\/\/fadeu.urantiacos.cl\/en\/2022\/01\/24\/profesores-fadeu-reciben-reconocimiento-de-excelencia-docente\/"},"wordCount":223,"commentCount":0,"image":{"@id":"https:\/\/fadeu.urantiacos.cl\/en\/2022\/01\/24\/profesores-fadeu-reciben-reconocimiento-de-excelencia-docente\/#primaryimage"},"thumbnailUrl":"https:\/\/fadeu.urantiacos.cl\/wp-content\/uploads\/2023\/09\/VILLELA_MARTINEZ_BERGAMINI.png","articleSection":["Sin categorizar"],"inLanguage":"en-US","potentialAction":[{"@type":"CommentAction","name":"Comment","target":["https:\/\/fadeu.urantiacos.cl\/en\/2022\/01\/24\/profesores-fadeu-reciben-reconocimiento-de-excelencia-docente\/#respond"]}]},{"@type":"WebPage","@id":"https:\/\/fadeu.urantiacos.cl\/en\/2022\/01\/24\/profesores-fadeu-reciben-reconocimiento-de-excelencia-docente\/","url":"https:\/\/fadeu.urantiacos.cl\/en\/2022\/01\/24\/profesores-fadeu-reciben-reconocimiento-de-excelencia-docente\/","name":"Profesores FADEU reciben reconocimiento de Excelencia Docente - Facultad de Arquitectura, Dise\u00f1o y Estudios Urbanos","isPartOf":{"@id":"https:\/\/fadeu.urantiacos.cl\/en\/#website"},"primaryImageOfPage":{"@id":"https:\/\/fadeu.urantiacos.cl\/en\/2022\/01\/24\/profesores-fadeu-reciben-reconocimiento-de-excelencia-docente\/#primaryimage"},"image":{"@id":"https:\/\/fadeu.urantiacos.cl\/en\/2022\/01\/24\/profesores-fadeu-reciben-reconocimiento-de-excelencia-docente\/#primaryimage"},"thumbnailUrl":"https:\/\/fadeu.urantiacos.cl\/wp-content\/uploads\/2023\/09\/VILLELA_MARTINEZ_BERGAMINI.png","datePublished":"2022-01-24T17:51:00+00:00","dateModified":"2023-09-06T17:53:09+00:00","author":{"@id":"https:\/\/fadeu.urantiacos.cl\/en\/#\/schema\/person\/d203e2e84b1c40275eac77b3061a19a2"},"description":"En una comunicaci\u00f3n oficial emitida por el Vicerrector Acad\u00e9mico de la Pontificia Universidad Cat\u00f3lica de Chile, Fernando Purcell, dirigida al Decano de la Facultad de Arquitectura, Dise\u00f1o y Estudios Urbanos, Mario Ubilla, se inform\u00f3 del proceso de valoraci\u00f3n y reconocimiento de los y las docentes, a trav\u00e9s del Premio de Reconocimiento de Excelencia Docente, instancia que tiene como objetivo reconocer y promover la docencia de calidad y estimular al cuerpo docente a mejorar sus pr\u00e1cticas en las distintas Unidades Acad\u00e9micas.","breadcrumb":{"@id":"https:\/\/fadeu.urantiacos.cl\/en\/2022\/01\/24\/profesores-fadeu-reciben-reconocimiento-de-excelencia-docente\/#breadcrumb"},"inLanguage":"en-US","potentialAction":[{"@type":"ReadAction","target":["https:\/\/fadeu.urantiacos.cl\/en\/2022\/01\/24\/profesores-fadeu-reciben-reconocimiento-de-excelencia-docente\/"]}]},{"@type":"ImageObject","inLanguage":"en-US","@id":"https:\/\/fadeu.urantiacos.cl\/en\/2022\/01\/24\/profesores-fadeu-reciben-reconocimiento-de-excelencia-docente\/#primaryimage","url":"https:\/\/fadeu.urantiacos.cl\/wp-content\/uploads\/2023\/09\/VILLELA_MARTINEZ_BERGAMINI.png","contentUrl":"https:\/\/fadeu.urantiacos.cl\/wp-content\/uploads\/2023\/09\/VILLELA_MARTINEZ_BERGAMINI.png","width":350,"height":250},{"@type":"BreadcrumbList","@id":"https:\/\/fadeu.urantiacos.cl\/en\/2022\/01\/24\/profesores-fadeu-reciben-reconocimiento-de-excelencia-docente\/#breadcrumb","itemListElement":[{"@type":"ListItem","position":1,"name":"Portada","item":"https:\/\/fadeu.urantiacos.cl\/en\/"},{"@type":"ListItem","position":2,"name":"Profesores FADEU reciben reconocimiento de Excelencia Docente"}]},{"@type":"WebSite","@id":"https:\/\/fadeu.urantiacos.cl\/en\/#website","url":"https:\/\/fadeu.urantiacos.cl\/en\/","name":"Facultad de Arquitectura, Dise\u00f1o y Estudios Urbanos","description":"Campus Lo Contador","potentialAction":[{"@type":"SearchAction","target":{"@type":"EntryPoint","urlTemplate":"https:\/\/fadeu.urantiacos.cl\/en\/?s={search_term_string}"},"query-input":{"@type":"PropertyValueSpecification","valueRequired":true,"valueName":"search_term_string"}}],"inLanguage":"en-US"},{"@type":"Person","@id":"https:\/\/fadeu.urantiacos.cl\/en\/#\/schema\/person\/d203e2e84b1c40275eac77b3061a19a2","name":"manadmin","image":{"@type":"ImageObject","inLanguage":"en-US","@id":"https:\/\/fadeu.urantiacos.cl\/en\/#\/schema\/person\/image\/","url":"https:\/\/secure.gravatar.com\/avatar\/4b1d8e3303b4a9d8968ac578947d8bc80d9aea359f388cdd4aac15cadc0e8447?s=96&d=mm&r=g","contentUrl":"https:\/\/secure.gravatar.com\/avatar\/4b1d8e3303b4a9d8968ac578947d8bc80d9aea359f388cdd4aac15cadc0e8447?s=96&d=mm&r=g","caption":"manadmin"},"sameAs":["https:\/\/fadeu.urantiacos.cl"]}]}},"_links":{"self":[{"href":"https:\/\/fadeu.urantiacos.cl\/en\/wp-json\/wp\/v2\/posts\/5523","targetHints":{"allow":["GET"]}}],"collection":[{"href":"https:\/\/fadeu.urantiacos.cl\/en\/wp-json\/wp\/v2\/posts"}],"about":[{"href":"https:\/\/fadeu.urantiacos.cl\/en\/wp-json\/wp\/v2\/types\/post"}],"author":[{"embeddable":true,"href":"https:\/\/fadeu.urantiacos.cl\/en\/wp-json\/wp\/v2\/users\/1"}],"replies":[{"embeddable":true,"href":"https:\/\/fadeu.urantiacos.cl\/en\/wp-json\/wp\/v2\/comments?post=5523"}],"version-history":[{"count":1,"href":"https:\/\/fadeu.urantiacos.cl\/en\/wp-json\/wp\/v2\/posts\/5523\/revisions"}],"predecessor-version":[{"id":5525,"href":"https:\/\/fadeu.urantiacos.cl\/en\/wp-json\/wp\/v2\/posts\/5523\/revisions\/5525"}],"wp:featuredmedia":[{"embeddable":true,"href":"https:\/\/fadeu.urantiacos.cl\/en\/wp-json\/wp\/v2\/media\/5524"}],"wp:attachment":[{"href":"https:\/\/fadeu.urantiacos.cl\/en\/wp-json\/wp\/v2\/media?parent=5523"}],"wp:term":[{"taxonomy":"category","embeddable":true,"href":"https:\/\/fadeu.urantiacos.cl\/en\/wp-json\/wp\/v2\/categories?post=5523"},{"taxonomy":"post_tag","embeddable":true,"href":"https:\/\/fadeu.urantiacos.cl\/en\/wp-json\/wp\/v2\/tags?post=5523"}],"curies":[{"name":"wp","href":"https:\/\/api.w.org\/{rel}","templated":true}]}}