{"id":5519,"date":"2022-01-24T14:47:00","date_gmt":"2022-01-24T17:47:00","guid":{"rendered":"https:\/\/fadeu.urantiacos.cl\/?p=5519"},"modified":"2023-09-06T14:51:11","modified_gmt":"2023-09-06T17:51:11","slug":"uc-se-prepara-para-la-presencialidad-total-en-marzo-2022","status":"publish","type":"post","link":"https:\/\/fadeu.urantiacos.cl\/en\/2022\/01\/24\/uc-se-prepara-para-la-presencialidad-total-en-marzo-2022\/","title":{"rendered":"UC se prepara para la presencialidad total en marzo 2022"},"content":{"rendered":"\n<figure class=\"wp-block-image size-full\"><img decoding=\"async\" width=\"350\" height=\"250\" src=\"https:\/\/fadeu.urantiacos.cl\/wp-content\/uploads\/2023\/09\/presencialidad_fadeu.png\" alt=\"\" class=\"wp-image-5521\" srcset=\"https:\/\/fadeu.urantiacos.cl\/wp-content\/uploads\/2023\/09\/presencialidad_fadeu.png 350w, https:\/\/fadeu.urantiacos.cl\/wp-content\/uploads\/2023\/09\/presencialidad_fadeu-300x214.png 300w\" sizes=\"(max-width: 350px) 100vw, 350px\" \/><\/figure>\n\n\n\n<p>Ya que, si bien es cierto que Chile ha superado el r\u00e9cord hist\u00f3rico de casos diarios con la llegada de la variante \u00d3micron, previendo incluso que las cifras sigan al alza durante gran parte de febrero y marzo, lo cierto es que el incremento de casos -hasta hoy- no se ha reflejado en un aumento de hospitalizaciones por enfermedad grave, y tampoco en un incremento de uso de camas UCI ni de decesos diarios.<\/p>\n\n\n\n<p>Adem\u00e1s, en este contexto ya hay expertos y autoridades advirtiendo que la ola mundial provocada por \u00d3micron podr\u00eda ser el paso definitivo a una fase end\u00e9mica del COVID-19 y, por ende, podr\u00eda transformarse en el inicio del fin de la pandemia. \u201cEs plausible que la regi\u00f3n se acerque al final de la pandemia\u201d, advirti\u00f3 Hans Kluge, director regional de la Organizaci\u00f3n Mundial de la Salud (OMS) para Europa, declaraciones recogidas por diversas agencias de prensa del globo.<\/p>\n\n\n\n<p>En este contexto, la Universidad Cat\u00f3lica ha decidido impulsar un retorno total a la presencialidad desde marzo de este a\u00f1o, haciendo mucho hincapi\u00e9 en redoblar las medidas de autocuidado, como son el uso obligatorio de mascarilla, evitar aglomeraciones, respetar aforos y lavado constante de manos con agua y jab\u00f3n o alcohol gel.<\/p>\n\n\n\n<p>\u201cEl mundo y nuestro pa\u00eds han mostrado un aumento significativo de casos COVID-19 y la variante \u00d3micron nos sit\u00faa frente a un cambio de escenario. Es por esto que hoy queremos hacer un llamado a reforzar el uso de medidas de autocuidado, ya sea en actividades dentro o fuera de los campus universitarios\u201d, advirti\u00f3 un comunicado emanado desde Casa Central a fines de la semana pasada.<\/p>\n\n\n\n<p><strong>Futuro<\/strong><\/p>\n\n\n\n<p>\u201cLos espacios de la Universidad se mantendr\u00e1n abiertos\u201d, se\u00f1ala tambi\u00e9n el comunicado UC. Y agrega, como recordatorio a toda la comunidad, que, \u201cen caso que presentar s\u00edntomas o que su situaci\u00f3n sea definida como contacto o persona en alerta COVID-19, coordinar con su jefatura la factibilidad de trabajo remoto\u201d.&nbsp;<\/p>\n\n\n\n<p>En el contexto del retorno laboral en marzo pr\u00f3ximo, la UC ha recordado y reforzado una serie de medidas como las siguientes:<\/p>\n\n\n\n<ul class=\"wp-block-list\">\n<li>Usar correctamente una mascarilla certificada.<\/li>\n\n\n\n<li>Asegurar ventilaci\u00f3n adecuada de los espacios.<\/li>\n\n\n\n<li>Respetar el distanciamiento y aforos definidos para cada actividad.<\/li>\n\n\n\n<li>Completar la encuesta de s\u00edntomas (tamizaje) diariamente.<\/li>\n\n\n\n<li>No fumar dentro de los campus.<\/li>\n\n\n\n<li>Informar la presencia de s\u00edntomas COVID o sospecha de haber estado expuesto a las enfermeras de campus (22-354-5000 o mail:<a href=\"mailto:enfermerascampus@uc.cl\">enfermerascampus@uc.cl<\/a>).<\/li>\n<\/ul>\n\n\n\n<p>Las condiciones de trabajo particular en unidades, laboratorios, talleres y otros deber\u00e1n ser resueltas directamente con las jefaturas respectivas, siempre en coordinaci\u00f3n con las directrices de la Autoridad Sanitaria y de la Mesa COVID UC.<\/p>\n\n\n\n<p>Por \u00fatlimo, se insisti\u00f3 en que los aforos para actividades de docencia se mantienen en un uso de m\u00e1xima capacidad. Esto gracias al alto porcentaje de vacunaci\u00f3n de la comunidad universitaria.<\/p>\n\n\n\n<p>Sobre esto la Directora de Comunicaciones FADEU, e integrante de la Mesa COVID UC, Macarena Cort\u00e9s coment\u00f3 que: &#8220;en la \u00faltima sesi\u00f3n del Comit\u00e9 Covid de la Universidad, adem\u00e1s de presentarse la iniciativa icovid (<a href=\"https:\/\/www.icovidchile.cl\/\">https:\/\/www.icovidchile.cl\/<\/a>) que propone robustecer y democratizar la informaci\u00f3n a trav\u00e9s del manejo de datos sobre la pandemia, se estableci\u00f3 con claridad la presencialidad total a partir de marzo\u201d, agregando que \u201cesto a consecuencia de que, si bien los casos de \u00d3micron van al alza y ser\u00e1n mucho mayores a\u00fan, se evidencia, hasta ahora, una disminuci\u00f3n significativa de muertes y complicaciones, contexto que plantea escenarios nuevos y m\u00e1s seguros en lo que va de recorrida la pandemia en Chile y el mundo\u201d.<\/p>\n\n\n\n<p>ICOVID Chile es una iniciativa creada por la Universidad de Chile, la Pontificia Universidad Cat\u00f3lica de Chile y la Universidad de Concepci\u00f3n, que surge gracias a un convenio de colaboraci\u00f3n con los Ministerios de Salud y de Ciencia, Tecnolog\u00eda, Conocimiento e Innovaci\u00f3n, cuyo prop\u00f3sito es generar indicadores claves que representen de la mejor forma la situaci\u00f3n de la pandemia provocada por el virus SARS-CoV-2.<\/p>\n\n\n\n<p>Estos indicadores tienen como objetivo entregar informaci\u00f3n clara y oportuna a autoridades, medios de comunicaci\u00f3n, ciudadan\u00eda y comunidad cient\u00edfica para guiar la toma de decisiones relativas a la pandemia y entender su evoluci\u00f3n.<\/p>\n","protected":false},"excerpt":{"rendered":"<p>Seg\u00fan el \u00faltimo comunicado de Rector\u00eda, durante la \u00faltima semana de febrero se enviar\u00e1 informaci\u00f3n espec\u00edfica para el reencuentro presencial con alumnos y la comunidad universitaria.<\/p>\n","protected":false},"author":1,"featured_media":5521,"comment_status":"open","ping_status":"open","sticky":false,"template":"","format":"standard","meta":{"_acf_changed":false,"footnotes":""},"categories":[1],"tags":[],"class_list":["post-5519","post","type-post","status-publish","format-standard","has-post-thumbnail","hentry","category-sin-categorizar"],"acf":[],"yoast_head":"<!-- This site is optimized with the Yoast SEO plugin v27.1.1 - https:\/\/yoast.com\/product\/yoast-seo-wordpress\/ -->\n<title>UC se prepara para la presencialidad total en marzo 2022 - Facultad de Arquitectura, Dise\u00f1o y Estudios Urbanos<\/title>\n<meta name=\"description\" content=\"Seg\u00fan el \u00faltimo comunicado de Rector\u00eda, durante la \u00faltima semana de febrero se enviar\u00e1 informaci\u00f3n espec\u00edfica para el reencuentro presencial con alumnos y la comunidad universitaria.\" \/>\n<meta name=\"robots\" content=\"index, follow, max-snippet:-1, max-image-preview:large, max-video-preview:-1\" \/>\n<link rel=\"canonical\" href=\"https:\/\/fadeu.urantiacos.cl\/en\/2022\/01\/24\/uc-se-prepara-para-la-presencialidad-total-en-marzo-2022\/\" \/>\n<meta property=\"og:locale\" content=\"en_US\" \/>\n<meta property=\"og:type\" content=\"article\" \/>\n<meta property=\"og:title\" content=\"UC se prepara para la presencialidad total en marzo 2022 - Facultad de Arquitectura, Dise\u00f1o y Estudios Urbanos\" \/>\n<meta property=\"og:description\" content=\"Seg\u00fan el \u00faltimo comunicado de Rector\u00eda, durante la \u00faltima semana de febrero se enviar\u00e1 informaci\u00f3n espec\u00edfica para el reencuentro presencial con alumnos y la comunidad universitaria.\" \/>\n<meta property=\"og:url\" content=\"https:\/\/fadeu.urantiacos.cl\/en\/2022\/01\/24\/uc-se-prepara-para-la-presencialidad-total-en-marzo-2022\/\" \/>\n<meta property=\"og:site_name\" content=\"Facultad de Arquitectura, Dise\u00f1o y Estudios Urbanos\" \/>\n<meta property=\"article:published_time\" content=\"2022-01-24T17:47:00+00:00\" \/>\n<meta property=\"article:modified_time\" content=\"2023-09-06T17:51:11+00:00\" \/>\n<meta property=\"og:image\" content=\"https:\/\/fadeu.urantiacos.cl\/wp-content\/uploads\/2023\/09\/presencialidad_fadeu.png\" \/>\n\t<meta property=\"og:image:width\" content=\"350\" \/>\n\t<meta property=\"og:image:height\" content=\"250\" \/>\n\t<meta property=\"og:image:type\" content=\"image\/png\" \/>\n<meta name=\"author\" content=\"manadmin\" \/>\n<meta name=\"twitter:card\" content=\"summary_large_image\" \/>\n<meta name=\"twitter:label1\" content=\"Written by\" \/>\n\t<meta name=\"twitter:data1\" content=\"manadmin\" \/>\n\t<meta name=\"twitter:label2\" content=\"Est. reading time\" \/>\n\t<meta name=\"twitter:data2\" content=\"4 minutes\" \/>\n<script type=\"application\/ld+json\" class=\"yoast-schema-graph\">{\"@context\":\"https:\/\/schema.org\",\"@graph\":[{\"@type\":\"Article\",\"@id\":\"https:\/\/fadeu.urantiacos.cl\/en\/2022\/01\/24\/uc-se-prepara-para-la-presencialidad-total-en-marzo-2022\/#article\",\"isPartOf\":{\"@id\":\"https:\/\/fadeu.urantiacos.cl\/en\/2022\/01\/24\/uc-se-prepara-para-la-presencialidad-total-en-marzo-2022\/\"},\"author\":{\"name\":\"manadmin\",\"@id\":\"https:\/\/fadeu.urantiacos.cl\/en\/#\/schema\/person\/d203e2e84b1c40275eac77b3061a19a2\"},\"headline\":\"UC se prepara para la presencialidad total en marzo 2022\",\"datePublished\":\"2022-01-24T17:47:00+00:00\",\"dateModified\":\"2023-09-06T17:51:11+00:00\",\"mainEntityOfPage\":{\"@id\":\"https:\/\/fadeu.urantiacos.cl\/en\/2022\/01\/24\/uc-se-prepara-para-la-presencialidad-total-en-marzo-2022\/\"},\"wordCount\":736,\"commentCount\":0,\"image\":{\"@id\":\"https:\/\/fadeu.urantiacos.cl\/en\/2022\/01\/24\/uc-se-prepara-para-la-presencialidad-total-en-marzo-2022\/#primaryimage\"},\"thumbnailUrl\":\"https:\/\/fadeu.urantiacos.cl\/wp-content\/uploads\/2023\/09\/presencialidad_fadeu.png\",\"articleSection\":[\"Sin categorizar\"],\"inLanguage\":\"en-US\",\"potentialAction\":[{\"@type\":\"CommentAction\",\"name\":\"Comment\",\"target\":[\"https:\/\/fadeu.urantiacos.cl\/en\/2022\/01\/24\/uc-se-prepara-para-la-presencialidad-total-en-marzo-2022\/#respond\"]}]},{\"@type\":\"WebPage\",\"@id\":\"https:\/\/fadeu.urantiacos.cl\/en\/2022\/01\/24\/uc-se-prepara-para-la-presencialidad-total-en-marzo-2022\/\",\"url\":\"https:\/\/fadeu.urantiacos.cl\/en\/2022\/01\/24\/uc-se-prepara-para-la-presencialidad-total-en-marzo-2022\/\",\"name\":\"UC se prepara para la presencialidad total en marzo 2022 - Facultad de Arquitectura, Dise\u00f1o y Estudios Urbanos\",\"isPartOf\":{\"@id\":\"https:\/\/fadeu.urantiacos.cl\/en\/#website\"},\"primaryImageOfPage\":{\"@id\":\"https:\/\/fadeu.urantiacos.cl\/en\/2022\/01\/24\/uc-se-prepara-para-la-presencialidad-total-en-marzo-2022\/#primaryimage\"},\"image\":{\"@id\":\"https:\/\/fadeu.urantiacos.cl\/en\/2022\/01\/24\/uc-se-prepara-para-la-presencialidad-total-en-marzo-2022\/#primaryimage\"},\"thumbnailUrl\":\"https:\/\/fadeu.urantiacos.cl\/wp-content\/uploads\/2023\/09\/presencialidad_fadeu.png\",\"datePublished\":\"2022-01-24T17:47:00+00:00\",\"dateModified\":\"2023-09-06T17:51:11+00:00\",\"author\":{\"@id\":\"https:\/\/fadeu.urantiacos.cl\/en\/#\/schema\/person\/d203e2e84b1c40275eac77b3061a19a2\"},\"description\":\"Seg\u00fan el \u00faltimo comunicado de Rector\u00eda, durante la \u00faltima semana de febrero se enviar\u00e1 informaci\u00f3n espec\u00edfica para el reencuentro presencial con alumnos y la comunidad universitaria.\",\"breadcrumb\":{\"@id\":\"https:\/\/fadeu.urantiacos.cl\/en\/2022\/01\/24\/uc-se-prepara-para-la-presencialidad-total-en-marzo-2022\/#breadcrumb\"},\"inLanguage\":\"en-US\",\"potentialAction\":[{\"@type\":\"ReadAction\",\"target\":[\"https:\/\/fadeu.urantiacos.cl\/en\/2022\/01\/24\/uc-se-prepara-para-la-presencialidad-total-en-marzo-2022\/\"]}]},{\"@type\":\"ImageObject\",\"inLanguage\":\"en-US\",\"@id\":\"https:\/\/fadeu.urantiacos.cl\/en\/2022\/01\/24\/uc-se-prepara-para-la-presencialidad-total-en-marzo-2022\/#primaryimage\",\"url\":\"https:\/\/fadeu.urantiacos.cl\/wp-content\/uploads\/2023\/09\/presencialidad_fadeu.png\",\"contentUrl\":\"https:\/\/fadeu.urantiacos.cl\/wp-content\/uploads\/2023\/09\/presencialidad_fadeu.png\",\"width\":350,\"height\":250},{\"@type\":\"BreadcrumbList\",\"@id\":\"https:\/\/fadeu.urantiacos.cl\/en\/2022\/01\/24\/uc-se-prepara-para-la-presencialidad-total-en-marzo-2022\/#breadcrumb\",\"itemListElement\":[{\"@type\":\"ListItem\",\"position\":1,\"name\":\"Portada\",\"item\":\"https:\/\/fadeu.urantiacos.cl\/en\/\"},{\"@type\":\"ListItem\",\"position\":2,\"name\":\"UC se prepara para la presencialidad total en marzo 2022\"}]},{\"@type\":\"WebSite\",\"@id\":\"https:\/\/fadeu.urantiacos.cl\/en\/#website\",\"url\":\"https:\/\/fadeu.urantiacos.cl\/en\/\",\"name\":\"Facultad de Arquitectura, Dise\u00f1o y Estudios Urbanos\",\"description\":\"Campus Lo Contador\",\"potentialAction\":[{\"@type\":\"SearchAction\",\"target\":{\"@type\":\"EntryPoint\",\"urlTemplate\":\"https:\/\/fadeu.urantiacos.cl\/en\/?s={search_term_string}\"},\"query-input\":{\"@type\":\"PropertyValueSpecification\",\"valueRequired\":true,\"valueName\":\"search_term_string\"}}],\"inLanguage\":\"en-US\"},{\"@type\":\"Person\",\"@id\":\"https:\/\/fadeu.urantiacos.cl\/en\/#\/schema\/person\/d203e2e84b1c40275eac77b3061a19a2\",\"name\":\"manadmin\",\"image\":{\"@type\":\"ImageObject\",\"inLanguage\":\"en-US\",\"@id\":\"https:\/\/fadeu.urantiacos.cl\/en\/#\/schema\/person\/image\/\",\"url\":\"https:\/\/secure.gravatar.com\/avatar\/4b1d8e3303b4a9d8968ac578947d8bc80d9aea359f388cdd4aac15cadc0e8447?s=96&d=mm&r=g\",\"contentUrl\":\"https:\/\/secure.gravatar.com\/avatar\/4b1d8e3303b4a9d8968ac578947d8bc80d9aea359f388cdd4aac15cadc0e8447?s=96&d=mm&r=g\",\"caption\":\"manadmin\"},\"sameAs\":[\"https:\/\/fadeu.urantiacos.cl\"]}]}<\/script>\n<!-- \/ Yoast SEO plugin. -->","yoast_head_json":{"title":"UC se prepara para la presencialidad total en marzo 2022 - Facultad de Arquitectura, Dise\u00f1o y Estudios Urbanos","description":"Seg\u00fan el \u00faltimo comunicado de Rector\u00eda, durante la \u00faltima semana de febrero se enviar\u00e1 informaci\u00f3n espec\u00edfica para el reencuentro presencial con alumnos y la comunidad universitaria.","robots":{"index":"index","follow":"follow","max-snippet":"max-snippet:-1","max-image-preview":"max-image-preview:large","max-video-preview":"max-video-preview:-1"},"canonical":"https:\/\/fadeu.urantiacos.cl\/en\/2022\/01\/24\/uc-se-prepara-para-la-presencialidad-total-en-marzo-2022\/","og_locale":"en_US","og_type":"article","og_title":"UC se prepara para la presencialidad total en marzo 2022 - Facultad de Arquitectura, Dise\u00f1o y Estudios Urbanos","og_description":"Seg\u00fan el \u00faltimo comunicado de Rector\u00eda, durante la \u00faltima semana de febrero se enviar\u00e1 informaci\u00f3n espec\u00edfica para el reencuentro presencial con alumnos y la comunidad universitaria.","og_url":"https:\/\/fadeu.urantiacos.cl\/en\/2022\/01\/24\/uc-se-prepara-para-la-presencialidad-total-en-marzo-2022\/","og_site_name":"Facultad de Arquitectura, Dise\u00f1o y Estudios Urbanos","article_published_time":"2022-01-24T17:47:00+00:00","article_modified_time":"2023-09-06T17:51:11+00:00","og_image":[{"width":350,"height":250,"url":"https:\/\/fadeu.urantiacos.cl\/wp-content\/uploads\/2023\/09\/presencialidad_fadeu.png","type":"image\/png"}],"author":"manadmin","twitter_card":"summary_large_image","twitter_misc":{"Written by":"manadmin","Est. reading time":"4 minutes"},"schema":{"@context":"https:\/\/schema.org","@graph":[{"@type":"Article","@id":"https:\/\/fadeu.urantiacos.cl\/en\/2022\/01\/24\/uc-se-prepara-para-la-presencialidad-total-en-marzo-2022\/#article","isPartOf":{"@id":"https:\/\/fadeu.urantiacos.cl\/en\/2022\/01\/24\/uc-se-prepara-para-la-presencialidad-total-en-marzo-2022\/"},"author":{"name":"manadmin","@id":"https:\/\/fadeu.urantiacos.cl\/en\/#\/schema\/person\/d203e2e84b1c40275eac77b3061a19a2"},"headline":"UC se prepara para la presencialidad total en marzo 2022","datePublished":"2022-01-24T17:47:00+00:00","dateModified":"2023-09-06T17:51:11+00:00","mainEntityOfPage":{"@id":"https:\/\/fadeu.urantiacos.cl\/en\/2022\/01\/24\/uc-se-prepara-para-la-presencialidad-total-en-marzo-2022\/"},"wordCount":736,"commentCount":0,"image":{"@id":"https:\/\/fadeu.urantiacos.cl\/en\/2022\/01\/24\/uc-se-prepara-para-la-presencialidad-total-en-marzo-2022\/#primaryimage"},"thumbnailUrl":"https:\/\/fadeu.urantiacos.cl\/wp-content\/uploads\/2023\/09\/presencialidad_fadeu.png","articleSection":["Sin categorizar"],"inLanguage":"en-US","potentialAction":[{"@type":"CommentAction","name":"Comment","target":["https:\/\/fadeu.urantiacos.cl\/en\/2022\/01\/24\/uc-se-prepara-para-la-presencialidad-total-en-marzo-2022\/#respond"]}]},{"@type":"WebPage","@id":"https:\/\/fadeu.urantiacos.cl\/en\/2022\/01\/24\/uc-se-prepara-para-la-presencialidad-total-en-marzo-2022\/","url":"https:\/\/fadeu.urantiacos.cl\/en\/2022\/01\/24\/uc-se-prepara-para-la-presencialidad-total-en-marzo-2022\/","name":"UC se prepara para la presencialidad total en marzo 2022 - Facultad de Arquitectura, Dise\u00f1o y Estudios Urbanos","isPartOf":{"@id":"https:\/\/fadeu.urantiacos.cl\/en\/#website"},"primaryImageOfPage":{"@id":"https:\/\/fadeu.urantiacos.cl\/en\/2022\/01\/24\/uc-se-prepara-para-la-presencialidad-total-en-marzo-2022\/#primaryimage"},"image":{"@id":"https:\/\/fadeu.urantiacos.cl\/en\/2022\/01\/24\/uc-se-prepara-para-la-presencialidad-total-en-marzo-2022\/#primaryimage"},"thumbnailUrl":"https:\/\/fadeu.urantiacos.cl\/wp-content\/uploads\/2023\/09\/presencialidad_fadeu.png","datePublished":"2022-01-24T17:47:00+00:00","dateModified":"2023-09-06T17:51:11+00:00","author":{"@id":"https:\/\/fadeu.urantiacos.cl\/en\/#\/schema\/person\/d203e2e84b1c40275eac77b3061a19a2"},"description":"Seg\u00fan el \u00faltimo comunicado de Rector\u00eda, durante la \u00faltima semana de febrero se enviar\u00e1 informaci\u00f3n espec\u00edfica para el reencuentro presencial con alumnos y la comunidad universitaria.","breadcrumb":{"@id":"https:\/\/fadeu.urantiacos.cl\/en\/2022\/01\/24\/uc-se-prepara-para-la-presencialidad-total-en-marzo-2022\/#breadcrumb"},"inLanguage":"en-US","potentialAction":[{"@type":"ReadAction","target":["https:\/\/fadeu.urantiacos.cl\/en\/2022\/01\/24\/uc-se-prepara-para-la-presencialidad-total-en-marzo-2022\/"]}]},{"@type":"ImageObject","inLanguage":"en-US","@id":"https:\/\/fadeu.urantiacos.cl\/en\/2022\/01\/24\/uc-se-prepara-para-la-presencialidad-total-en-marzo-2022\/#primaryimage","url":"https:\/\/fadeu.urantiacos.cl\/wp-content\/uploads\/2023\/09\/presencialidad_fadeu.png","contentUrl":"https:\/\/fadeu.urantiacos.cl\/wp-content\/uploads\/2023\/09\/presencialidad_fadeu.png","width":350,"height":250},{"@type":"BreadcrumbList","@id":"https:\/\/fadeu.urantiacos.cl\/en\/2022\/01\/24\/uc-se-prepara-para-la-presencialidad-total-en-marzo-2022\/#breadcrumb","itemListElement":[{"@type":"ListItem","position":1,"name":"Portada","item":"https:\/\/fadeu.urantiacos.cl\/en\/"},{"@type":"ListItem","position":2,"name":"UC se prepara para la presencialidad total en marzo 2022"}]},{"@type":"WebSite","@id":"https:\/\/fadeu.urantiacos.cl\/en\/#website","url":"https:\/\/fadeu.urantiacos.cl\/en\/","name":"Facultad de Arquitectura, Dise\u00f1o y Estudios Urbanos","description":"Campus Lo Contador","potentialAction":[{"@type":"SearchAction","target":{"@type":"EntryPoint","urlTemplate":"https:\/\/fadeu.urantiacos.cl\/en\/?s={search_term_string}"},"query-input":{"@type":"PropertyValueSpecification","valueRequired":true,"valueName":"search_term_string"}}],"inLanguage":"en-US"},{"@type":"Person","@id":"https:\/\/fadeu.urantiacos.cl\/en\/#\/schema\/person\/d203e2e84b1c40275eac77b3061a19a2","name":"manadmin","image":{"@type":"ImageObject","inLanguage":"en-US","@id":"https:\/\/fadeu.urantiacos.cl\/en\/#\/schema\/person\/image\/","url":"https:\/\/secure.gravatar.com\/avatar\/4b1d8e3303b4a9d8968ac578947d8bc80d9aea359f388cdd4aac15cadc0e8447?s=96&d=mm&r=g","contentUrl":"https:\/\/secure.gravatar.com\/avatar\/4b1d8e3303b4a9d8968ac578947d8bc80d9aea359f388cdd4aac15cadc0e8447?s=96&d=mm&r=g","caption":"manadmin"},"sameAs":["https:\/\/fadeu.urantiacos.cl"]}]}},"_links":{"self":[{"href":"https:\/\/fadeu.urantiacos.cl\/en\/wp-json\/wp\/v2\/posts\/5519","targetHints":{"allow":["GET"]}}],"collection":[{"href":"https:\/\/fadeu.urantiacos.cl\/en\/wp-json\/wp\/v2\/posts"}],"about":[{"href":"https:\/\/fadeu.urantiacos.cl\/en\/wp-json\/wp\/v2\/types\/post"}],"author":[{"embeddable":true,"href":"https:\/\/fadeu.urantiacos.cl\/en\/wp-json\/wp\/v2\/users\/1"}],"replies":[{"embeddable":true,"href":"https:\/\/fadeu.urantiacos.cl\/en\/wp-json\/wp\/v2\/comments?post=5519"}],"version-history":[{"count":1,"href":"https:\/\/fadeu.urantiacos.cl\/en\/wp-json\/wp\/v2\/posts\/5519\/revisions"}],"predecessor-version":[{"id":5522,"href":"https:\/\/fadeu.urantiacos.cl\/en\/wp-json\/wp\/v2\/posts\/5519\/revisions\/5522"}],"wp:featuredmedia":[{"embeddable":true,"href":"https:\/\/fadeu.urantiacos.cl\/en\/wp-json\/wp\/v2\/media\/5521"}],"wp:attachment":[{"href":"https:\/\/fadeu.urantiacos.cl\/en\/wp-json\/wp\/v2\/media?parent=5519"}],"wp:term":[{"taxonomy":"category","embeddable":true,"href":"https:\/\/fadeu.urantiacos.cl\/en\/wp-json\/wp\/v2\/categories?post=5519"},{"taxonomy":"post_tag","embeddable":true,"href":"https:\/\/fadeu.urantiacos.cl\/en\/wp-json\/wp\/v2\/tags?post=5519"}],"curies":[{"name":"wp","href":"https:\/\/api.w.org\/{rel}","templated":true}]}}