{"id":5512,"date":"2022-01-27T14:43:00","date_gmt":"2022-01-27T17:43:00","guid":{"rendered":"https:\/\/fadeu.urantiacos.cl\/?p=5512"},"modified":"2023-09-06T14:45:43","modified_gmt":"2023-09-06T17:45:43","slug":"talca-da-a-conocer-plan-maestro-para-recuperar-casco-historico-de-la-ciudad","status":"publish","type":"post","link":"https:\/\/fadeu.urantiacos.cl\/en\/2022\/01\/27\/talca-da-a-conocer-plan-maestro-para-recuperar-casco-historico-de-la-ciudad\/","title":{"rendered":"Talca da a conocer Plan Maestro para recuperar casco hist\u00f3rico de la ciudad"},"content":{"rendered":"\n<figure class=\"wp-block-image size-full\"><img decoding=\"async\" width=\"350\" height=\"250\" src=\"https:\/\/fadeu.urantiacos.cl\/wp-content\/uploads\/2023\/09\/WEB_foto_0000001220220126193722.jpg\" alt=\"\" class=\"wp-image-5514\" srcset=\"https:\/\/fadeu.urantiacos.cl\/wp-content\/uploads\/2023\/09\/WEB_foto_0000001220220126193722.jpg 350w, https:\/\/fadeu.urantiacos.cl\/wp-content\/uploads\/2023\/09\/WEB_foto_0000001220220126193722-300x214.jpg 300w\" sizes=\"(max-width: 350px) 100vw, 350px\" \/><\/figure>\n\n\n\n<p>Cooperativa.cl destaca que la Municipalidad de Talca lanz\u00f3 el plan de regeneraci\u00f3n del casco hist\u00f3rico de la capital maulina, que tiene como objetivo recuperar los da\u00f1os provocados por el terremoto de 2010 en la zona. El proceso cont\u00f3 con la participaci\u00f3n de organizaciones comunitarias, organismos p\u00fablicos y privados, as\u00ed como la consultor\u00eda a cargo de Luis Eduardo Bresciani, director de la Escuela.<\/p>\n\n\n\n<h6 class=\"wp-block-heading\">+ Revisa nota completa&nbsp;<a href=\"https:\/\/www.cooperativa.cl\/noticias\/pais\/region-del-maule\/talca-da-a-conocer-plan-maestro-para-recuperar-casco-historico-de-la\/2022-01-26\/193722.html\" target=\"_blank\" rel=\"noreferrer noopener\">aqu\u00ed<\/a>.<\/h6>\n","protected":false},"excerpt":{"rendered":"<p>Cooperativa.cl destaca que la Municipalidad de Talca lanz\u00f3 el plan de regeneraci\u00f3n del casco hist\u00f3rico de la capital maulina, que tiene como objetivo recuperar los da\u00f1os provocados por el terremoto de 2010 en la zona. El proceso cont\u00f3 con la participaci\u00f3n de organizaciones comunitarias, organismos p\u00fablicos y privados, as\u00ed como la consultor\u00eda a cargo de [&hellip;]<\/p>\n","protected":false},"author":1,"featured_media":5514,"comment_status":"open","ping_status":"open","sticky":false,"template":"","format":"standard","meta":{"_acf_changed":false,"footnotes":""},"categories":[1],"tags":[],"class_list":["post-5512","post","type-post","status-publish","format-standard","has-post-thumbnail","hentry","category-sin-categorizar"],"acf":[],"yoast_head":"<!-- This site is optimized with the Yoast SEO plugin v27.1.1 - https:\/\/yoast.com\/product\/yoast-seo-wordpress\/ -->\n<title>Talca da a conocer Plan Maestro para recuperar casco hist\u00f3rico de la ciudad - Facultad de Arquitectura, Dise\u00f1o y Estudios Urbanos<\/title>\n<meta name=\"description\" content=\"Cooperativa.cl destaca que la Municipalidad de Talca lanz\u00f3 el plan de regeneraci\u00f3n del casco hist\u00f3rico de la capital maulina, que tiene como objetivo\" \/>\n<meta name=\"robots\" content=\"index, follow, max-snippet:-1, max-image-preview:large, max-video-preview:-1\" \/>\n<link rel=\"canonical\" href=\"https:\/\/fadeu.urantiacos.cl\/en\/2022\/01\/27\/talca-da-a-conocer-plan-maestro-para-recuperar-casco-historico-de-la-ciudad\/\" \/>\n<meta property=\"og:locale\" content=\"en_US\" \/>\n<meta property=\"og:type\" content=\"article\" \/>\n<meta property=\"og:title\" content=\"Talca da a conocer Plan Maestro para recuperar casco hist\u00f3rico de la ciudad - Facultad de Arquitectura, Dise\u00f1o y Estudios Urbanos\" \/>\n<meta property=\"og:description\" content=\"Cooperativa.cl destaca que la Municipalidad de Talca lanz\u00f3 el plan de regeneraci\u00f3n del casco hist\u00f3rico de la capital maulina, que tiene como objetivo\" \/>\n<meta property=\"og:url\" content=\"https:\/\/fadeu.urantiacos.cl\/en\/2022\/01\/27\/talca-da-a-conocer-plan-maestro-para-recuperar-casco-historico-de-la-ciudad\/\" \/>\n<meta property=\"og:site_name\" content=\"Facultad de Arquitectura, Dise\u00f1o y Estudios Urbanos\" \/>\n<meta property=\"article:published_time\" content=\"2022-01-27T17:43:00+00:00\" \/>\n<meta property=\"article:modified_time\" content=\"2023-09-06T17:45:43+00:00\" \/>\n<meta property=\"og:image\" content=\"https:\/\/fadeu.urantiacos.cl\/wp-content\/uploads\/2023\/09\/WEB_foto_0000001220220126193722.jpg\" \/>\n\t<meta property=\"og:image:width\" content=\"350\" \/>\n\t<meta property=\"og:image:height\" content=\"250\" \/>\n\t<meta property=\"og:image:type\" content=\"image\/jpeg\" \/>\n<meta name=\"author\" content=\"manadmin\" \/>\n<meta name=\"twitter:card\" content=\"summary_large_image\" \/>\n<meta name=\"twitter:label1\" content=\"Written by\" \/>\n\t<meta name=\"twitter:data1\" content=\"manadmin\" \/>\n<script type=\"application\/ld+json\" class=\"yoast-schema-graph\">{\"@context\":\"https:\/\/schema.org\",\"@graph\":[{\"@type\":\"Article\",\"@id\":\"https:\/\/fadeu.urantiacos.cl\/en\/2022\/01\/27\/talca-da-a-conocer-plan-maestro-para-recuperar-casco-historico-de-la-ciudad\/#article\",\"isPartOf\":{\"@id\":\"https:\/\/fadeu.urantiacos.cl\/en\/2022\/01\/27\/talca-da-a-conocer-plan-maestro-para-recuperar-casco-historico-de-la-ciudad\/\"},\"author\":{\"name\":\"manadmin\",\"@id\":\"https:\/\/fadeu.urantiacos.cl\/en\/#\/schema\/person\/d203e2e84b1c40275eac77b3061a19a2\"},\"headline\":\"Talca da a conocer Plan Maestro para recuperar casco hist\u00f3rico de la ciudad\",\"datePublished\":\"2022-01-27T17:43:00+00:00\",\"dateModified\":\"2023-09-06T17:45:43+00:00\",\"mainEntityOfPage\":{\"@id\":\"https:\/\/fadeu.urantiacos.cl\/en\/2022\/01\/27\/talca-da-a-conocer-plan-maestro-para-recuperar-casco-historico-de-la-ciudad\/\"},\"wordCount\":87,\"commentCount\":0,\"image\":{\"@id\":\"https:\/\/fadeu.urantiacos.cl\/en\/2022\/01\/27\/talca-da-a-conocer-plan-maestro-para-recuperar-casco-historico-de-la-ciudad\/#primaryimage\"},\"thumbnailUrl\":\"https:\/\/fadeu.urantiacos.cl\/wp-content\/uploads\/2023\/09\/WEB_foto_0000001220220126193722.jpg\",\"articleSection\":[\"Sin categorizar\"],\"inLanguage\":\"en-US\",\"potentialAction\":[{\"@type\":\"CommentAction\",\"name\":\"Comment\",\"target\":[\"https:\/\/fadeu.urantiacos.cl\/en\/2022\/01\/27\/talca-da-a-conocer-plan-maestro-para-recuperar-casco-historico-de-la-ciudad\/#respond\"]}]},{\"@type\":\"WebPage\",\"@id\":\"https:\/\/fadeu.urantiacos.cl\/en\/2022\/01\/27\/talca-da-a-conocer-plan-maestro-para-recuperar-casco-historico-de-la-ciudad\/\",\"url\":\"https:\/\/fadeu.urantiacos.cl\/en\/2022\/01\/27\/talca-da-a-conocer-plan-maestro-para-recuperar-casco-historico-de-la-ciudad\/\",\"name\":\"Talca da a conocer Plan Maestro para recuperar casco hist\u00f3rico de la ciudad - Facultad de Arquitectura, Dise\u00f1o y Estudios Urbanos\",\"isPartOf\":{\"@id\":\"https:\/\/fadeu.urantiacos.cl\/en\/#website\"},\"primaryImageOfPage\":{\"@id\":\"https:\/\/fadeu.urantiacos.cl\/en\/2022\/01\/27\/talca-da-a-conocer-plan-maestro-para-recuperar-casco-historico-de-la-ciudad\/#primaryimage\"},\"image\":{\"@id\":\"https:\/\/fadeu.urantiacos.cl\/en\/2022\/01\/27\/talca-da-a-conocer-plan-maestro-para-recuperar-casco-historico-de-la-ciudad\/#primaryimage\"},\"thumbnailUrl\":\"https:\/\/fadeu.urantiacos.cl\/wp-content\/uploads\/2023\/09\/WEB_foto_0000001220220126193722.jpg\",\"datePublished\":\"2022-01-27T17:43:00+00:00\",\"dateModified\":\"2023-09-06T17:45:43+00:00\",\"author\":{\"@id\":\"https:\/\/fadeu.urantiacos.cl\/en\/#\/schema\/person\/d203e2e84b1c40275eac77b3061a19a2\"},\"description\":\"Cooperativa.cl destaca que la Municipalidad de Talca lanz\u00f3 el plan de regeneraci\u00f3n del casco hist\u00f3rico de la capital maulina, que tiene como objetivo\",\"breadcrumb\":{\"@id\":\"https:\/\/fadeu.urantiacos.cl\/en\/2022\/01\/27\/talca-da-a-conocer-plan-maestro-para-recuperar-casco-historico-de-la-ciudad\/#breadcrumb\"},\"inLanguage\":\"en-US\",\"potentialAction\":[{\"@type\":\"ReadAction\",\"target\":[\"https:\/\/fadeu.urantiacos.cl\/en\/2022\/01\/27\/talca-da-a-conocer-plan-maestro-para-recuperar-casco-historico-de-la-ciudad\/\"]}]},{\"@type\":\"ImageObject\",\"inLanguage\":\"en-US\",\"@id\":\"https:\/\/fadeu.urantiacos.cl\/en\/2022\/01\/27\/talca-da-a-conocer-plan-maestro-para-recuperar-casco-historico-de-la-ciudad\/#primaryimage\",\"url\":\"https:\/\/fadeu.urantiacos.cl\/wp-content\/uploads\/2023\/09\/WEB_foto_0000001220220126193722.jpg\",\"contentUrl\":\"https:\/\/fadeu.urantiacos.cl\/wp-content\/uploads\/2023\/09\/WEB_foto_0000001220220126193722.jpg\",\"width\":350,\"height\":250},{\"@type\":\"BreadcrumbList\",\"@id\":\"https:\/\/fadeu.urantiacos.cl\/en\/2022\/01\/27\/talca-da-a-conocer-plan-maestro-para-recuperar-casco-historico-de-la-ciudad\/#breadcrumb\",\"itemListElement\":[{\"@type\":\"ListItem\",\"position\":1,\"name\":\"Portada\",\"item\":\"https:\/\/fadeu.urantiacos.cl\/en\/\"},{\"@type\":\"ListItem\",\"position\":2,\"name\":\"Talca da a conocer Plan Maestro para recuperar casco hist\u00f3rico de la ciudad\"}]},{\"@type\":\"WebSite\",\"@id\":\"https:\/\/fadeu.urantiacos.cl\/en\/#website\",\"url\":\"https:\/\/fadeu.urantiacos.cl\/en\/\",\"name\":\"Facultad de Arquitectura, Dise\u00f1o y Estudios Urbanos\",\"description\":\"Campus Lo Contador\",\"potentialAction\":[{\"@type\":\"SearchAction\",\"target\":{\"@type\":\"EntryPoint\",\"urlTemplate\":\"https:\/\/fadeu.urantiacos.cl\/en\/?s={search_term_string}\"},\"query-input\":{\"@type\":\"PropertyValueSpecification\",\"valueRequired\":true,\"valueName\":\"search_term_string\"}}],\"inLanguage\":\"en-US\"},{\"@type\":\"Person\",\"@id\":\"https:\/\/fadeu.urantiacos.cl\/en\/#\/schema\/person\/d203e2e84b1c40275eac77b3061a19a2\",\"name\":\"manadmin\",\"image\":{\"@type\":\"ImageObject\",\"inLanguage\":\"en-US\",\"@id\":\"https:\/\/fadeu.urantiacos.cl\/en\/#\/schema\/person\/image\/\",\"url\":\"https:\/\/secure.gravatar.com\/avatar\/4b1d8e3303b4a9d8968ac578947d8bc80d9aea359f388cdd4aac15cadc0e8447?s=96&d=mm&r=g\",\"contentUrl\":\"https:\/\/secure.gravatar.com\/avatar\/4b1d8e3303b4a9d8968ac578947d8bc80d9aea359f388cdd4aac15cadc0e8447?s=96&d=mm&r=g\",\"caption\":\"manadmin\"},\"sameAs\":[\"https:\/\/fadeu.urantiacos.cl\"]}]}<\/script>\n<!-- \/ Yoast SEO plugin. -->","yoast_head_json":{"title":"Talca da a conocer Plan Maestro para recuperar casco hist\u00f3rico de la ciudad - Facultad de Arquitectura, Dise\u00f1o y Estudios Urbanos","description":"Cooperativa.cl destaca que la Municipalidad de Talca lanz\u00f3 el plan de regeneraci\u00f3n del casco hist\u00f3rico de la capital maulina, que tiene como objetivo","robots":{"index":"index","follow":"follow","max-snippet":"max-snippet:-1","max-image-preview":"max-image-preview:large","max-video-preview":"max-video-preview:-1"},"canonical":"https:\/\/fadeu.urantiacos.cl\/en\/2022\/01\/27\/talca-da-a-conocer-plan-maestro-para-recuperar-casco-historico-de-la-ciudad\/","og_locale":"en_US","og_type":"article","og_title":"Talca da a conocer Plan Maestro para recuperar casco hist\u00f3rico de la ciudad - Facultad de Arquitectura, Dise\u00f1o y Estudios Urbanos","og_description":"Cooperativa.cl destaca que la Municipalidad de Talca lanz\u00f3 el plan de regeneraci\u00f3n del casco hist\u00f3rico de la capital maulina, que tiene como objetivo","og_url":"https:\/\/fadeu.urantiacos.cl\/en\/2022\/01\/27\/talca-da-a-conocer-plan-maestro-para-recuperar-casco-historico-de-la-ciudad\/","og_site_name":"Facultad de Arquitectura, Dise\u00f1o y Estudios Urbanos","article_published_time":"2022-01-27T17:43:00+00:00","article_modified_time":"2023-09-06T17:45:43+00:00","og_image":[{"width":350,"height":250,"url":"https:\/\/fadeu.urantiacos.cl\/wp-content\/uploads\/2023\/09\/WEB_foto_0000001220220126193722.jpg","type":"image\/jpeg"}],"author":"manadmin","twitter_card":"summary_large_image","twitter_misc":{"Written by":"manadmin"},"schema":{"@context":"https:\/\/schema.org","@graph":[{"@type":"Article","@id":"https:\/\/fadeu.urantiacos.cl\/en\/2022\/01\/27\/talca-da-a-conocer-plan-maestro-para-recuperar-casco-historico-de-la-ciudad\/#article","isPartOf":{"@id":"https:\/\/fadeu.urantiacos.cl\/en\/2022\/01\/27\/talca-da-a-conocer-plan-maestro-para-recuperar-casco-historico-de-la-ciudad\/"},"author":{"name":"manadmin","@id":"https:\/\/fadeu.urantiacos.cl\/en\/#\/schema\/person\/d203e2e84b1c40275eac77b3061a19a2"},"headline":"Talca da a conocer Plan Maestro para recuperar casco hist\u00f3rico de la ciudad","datePublished":"2022-01-27T17:43:00+00:00","dateModified":"2023-09-06T17:45:43+00:00","mainEntityOfPage":{"@id":"https:\/\/fadeu.urantiacos.cl\/en\/2022\/01\/27\/talca-da-a-conocer-plan-maestro-para-recuperar-casco-historico-de-la-ciudad\/"},"wordCount":87,"commentCount":0,"image":{"@id":"https:\/\/fadeu.urantiacos.cl\/en\/2022\/01\/27\/talca-da-a-conocer-plan-maestro-para-recuperar-casco-historico-de-la-ciudad\/#primaryimage"},"thumbnailUrl":"https:\/\/fadeu.urantiacos.cl\/wp-content\/uploads\/2023\/09\/WEB_foto_0000001220220126193722.jpg","articleSection":["Sin categorizar"],"inLanguage":"en-US","potentialAction":[{"@type":"CommentAction","name":"Comment","target":["https:\/\/fadeu.urantiacos.cl\/en\/2022\/01\/27\/talca-da-a-conocer-plan-maestro-para-recuperar-casco-historico-de-la-ciudad\/#respond"]}]},{"@type":"WebPage","@id":"https:\/\/fadeu.urantiacos.cl\/en\/2022\/01\/27\/talca-da-a-conocer-plan-maestro-para-recuperar-casco-historico-de-la-ciudad\/","url":"https:\/\/fadeu.urantiacos.cl\/en\/2022\/01\/27\/talca-da-a-conocer-plan-maestro-para-recuperar-casco-historico-de-la-ciudad\/","name":"Talca da a conocer Plan Maestro para recuperar casco hist\u00f3rico de la ciudad - Facultad de Arquitectura, Dise\u00f1o y Estudios Urbanos","isPartOf":{"@id":"https:\/\/fadeu.urantiacos.cl\/en\/#website"},"primaryImageOfPage":{"@id":"https:\/\/fadeu.urantiacos.cl\/en\/2022\/01\/27\/talca-da-a-conocer-plan-maestro-para-recuperar-casco-historico-de-la-ciudad\/#primaryimage"},"image":{"@id":"https:\/\/fadeu.urantiacos.cl\/en\/2022\/01\/27\/talca-da-a-conocer-plan-maestro-para-recuperar-casco-historico-de-la-ciudad\/#primaryimage"},"thumbnailUrl":"https:\/\/fadeu.urantiacos.cl\/wp-content\/uploads\/2023\/09\/WEB_foto_0000001220220126193722.jpg","datePublished":"2022-01-27T17:43:00+00:00","dateModified":"2023-09-06T17:45:43+00:00","author":{"@id":"https:\/\/fadeu.urantiacos.cl\/en\/#\/schema\/person\/d203e2e84b1c40275eac77b3061a19a2"},"description":"Cooperativa.cl destaca que la Municipalidad de Talca lanz\u00f3 el plan de regeneraci\u00f3n del casco hist\u00f3rico de la capital maulina, que tiene como objetivo","breadcrumb":{"@id":"https:\/\/fadeu.urantiacos.cl\/en\/2022\/01\/27\/talca-da-a-conocer-plan-maestro-para-recuperar-casco-historico-de-la-ciudad\/#breadcrumb"},"inLanguage":"en-US","potentialAction":[{"@type":"ReadAction","target":["https:\/\/fadeu.urantiacos.cl\/en\/2022\/01\/27\/talca-da-a-conocer-plan-maestro-para-recuperar-casco-historico-de-la-ciudad\/"]}]},{"@type":"ImageObject","inLanguage":"en-US","@id":"https:\/\/fadeu.urantiacos.cl\/en\/2022\/01\/27\/talca-da-a-conocer-plan-maestro-para-recuperar-casco-historico-de-la-ciudad\/#primaryimage","url":"https:\/\/fadeu.urantiacos.cl\/wp-content\/uploads\/2023\/09\/WEB_foto_0000001220220126193722.jpg","contentUrl":"https:\/\/fadeu.urantiacos.cl\/wp-content\/uploads\/2023\/09\/WEB_foto_0000001220220126193722.jpg","width":350,"height":250},{"@type":"BreadcrumbList","@id":"https:\/\/fadeu.urantiacos.cl\/en\/2022\/01\/27\/talca-da-a-conocer-plan-maestro-para-recuperar-casco-historico-de-la-ciudad\/#breadcrumb","itemListElement":[{"@type":"ListItem","position":1,"name":"Portada","item":"https:\/\/fadeu.urantiacos.cl\/en\/"},{"@type":"ListItem","position":2,"name":"Talca da a conocer Plan Maestro para recuperar casco hist\u00f3rico de la ciudad"}]},{"@type":"WebSite","@id":"https:\/\/fadeu.urantiacos.cl\/en\/#website","url":"https:\/\/fadeu.urantiacos.cl\/en\/","name":"Facultad de Arquitectura, Dise\u00f1o y Estudios Urbanos","description":"Campus Lo Contador","potentialAction":[{"@type":"SearchAction","target":{"@type":"EntryPoint","urlTemplate":"https:\/\/fadeu.urantiacos.cl\/en\/?s={search_term_string}"},"query-input":{"@type":"PropertyValueSpecification","valueRequired":true,"valueName":"search_term_string"}}],"inLanguage":"en-US"},{"@type":"Person","@id":"https:\/\/fadeu.urantiacos.cl\/en\/#\/schema\/person\/d203e2e84b1c40275eac77b3061a19a2","name":"manadmin","image":{"@type":"ImageObject","inLanguage":"en-US","@id":"https:\/\/fadeu.urantiacos.cl\/en\/#\/schema\/person\/image\/","url":"https:\/\/secure.gravatar.com\/avatar\/4b1d8e3303b4a9d8968ac578947d8bc80d9aea359f388cdd4aac15cadc0e8447?s=96&d=mm&r=g","contentUrl":"https:\/\/secure.gravatar.com\/avatar\/4b1d8e3303b4a9d8968ac578947d8bc80d9aea359f388cdd4aac15cadc0e8447?s=96&d=mm&r=g","caption":"manadmin"},"sameAs":["https:\/\/fadeu.urantiacos.cl"]}]}},"_links":{"self":[{"href":"https:\/\/fadeu.urantiacos.cl\/en\/wp-json\/wp\/v2\/posts\/5512","targetHints":{"allow":["GET"]}}],"collection":[{"href":"https:\/\/fadeu.urantiacos.cl\/en\/wp-json\/wp\/v2\/posts"}],"about":[{"href":"https:\/\/fadeu.urantiacos.cl\/en\/wp-json\/wp\/v2\/types\/post"}],"author":[{"embeddable":true,"href":"https:\/\/fadeu.urantiacos.cl\/en\/wp-json\/wp\/v2\/users\/1"}],"replies":[{"embeddable":true,"href":"https:\/\/fadeu.urantiacos.cl\/en\/wp-json\/wp\/v2\/comments?post=5512"}],"version-history":[{"count":1,"href":"https:\/\/fadeu.urantiacos.cl\/en\/wp-json\/wp\/v2\/posts\/5512\/revisions"}],"predecessor-version":[{"id":5515,"href":"https:\/\/fadeu.urantiacos.cl\/en\/wp-json\/wp\/v2\/posts\/5512\/revisions\/5515"}],"wp:featuredmedia":[{"embeddable":true,"href":"https:\/\/fadeu.urantiacos.cl\/en\/wp-json\/wp\/v2\/media\/5514"}],"wp:attachment":[{"href":"https:\/\/fadeu.urantiacos.cl\/en\/wp-json\/wp\/v2\/media?parent=5512"}],"wp:term":[{"taxonomy":"category","embeddable":true,"href":"https:\/\/fadeu.urantiacos.cl\/en\/wp-json\/wp\/v2\/categories?post=5512"},{"taxonomy":"post_tag","embeddable":true,"href":"https:\/\/fadeu.urantiacos.cl\/en\/wp-json\/wp\/v2\/tags?post=5512"}],"curies":[{"name":"wp","href":"https:\/\/api.w.org\/{rel}","templated":true}]}}