{"id":5509,"date":"2022-01-27T14:41:00","date_gmt":"2022-01-27T17:41:00","guid":{"rendered":"https:\/\/fadeu.urantiacos.cl\/?p=5509"},"modified":"2023-09-06T14:43:43","modified_gmt":"2023-09-06T17:43:43","slug":"escuela-de-arquitectura-participo-en-jornada-internacional-de-investigacion-con-la-universidad-de-los-andes-de-colombia","status":"publish","type":"post","link":"https:\/\/fadeu.urantiacos.cl\/en\/2022\/01\/27\/escuela-de-arquitectura-participo-en-jornada-internacional-de-investigacion-con-la-universidad-de-los-andes-de-colombia\/","title":{"rendered":"Escuela de Arquitectura particip\u00f3 en jornada internacional de investigaci\u00f3n con la Universidad de Los Andes de Colombia"},"content":{"rendered":"\n<figure class=\"wp-block-image size-full\"><img decoding=\"async\" width=\"350\" height=\"250\" src=\"https:\/\/fadeu.urantiacos.cl\/wp-content\/uploads\/2023\/09\/Noticia_Jornada_INV_EARQ_web.png\" alt=\"\" class=\"wp-image-5510\" srcset=\"https:\/\/fadeu.urantiacos.cl\/wp-content\/uploads\/2023\/09\/Noticia_Jornada_INV_EARQ_web.png 350w, https:\/\/fadeu.urantiacos.cl\/wp-content\/uploads\/2023\/09\/Noticia_Jornada_INV_EARQ_web-300x214.png 300w\" sizes=\"(max-width: 350px) 100vw, 350px\" \/><\/figure>\n\n\n\n<p>La instancia fue gestionada por la Coordinadora de Investigaci\u00f3n de dicha escuela; Isabel Sierralta, y el profesor e investigador; Hugo Mondrag\u00f3n, y abord\u00f3 diversas tem\u00e1ticas, como la arqueolog\u00eda, turismo y ciudad, paisajismo, vivienda social, infraestructura ecol\u00f3gica, desarrollo urbano y otros.<\/p>\n\n\n\n<p>El objetivo de las jornadas fue compartir los trabajos y tem\u00e1ticas de investigaci\u00f3n que abordan los docentes de ambas entidades, con el fin de encontrar puntos de coincidencia para futuros proyectos. Por ello participaron m\u00e1s de 40 docentes, y de la UC participaron los siguientes:<\/p>\n\n\n\n<ol class=\"wp-block-list\">\n<li>Hugo Mondrag\u00f3n: \u201cArqueolog\u00eda de la escuela p\u00fablica. Arquitectura, pol\u00edtica y est\u00e9tica cotidiana en el edificio escolar chileno desde 1900\u201d.<\/li>\n\n\n\n<li>Alejandra Bosch y Pablo Alfaro: \u201cM\u00e1quinas in\u00fatiles: artefactos de paisaje para el siglo 21\u201d.<\/li>\n\n\n\n<li>Margarita Greene, Cristhian Figueroa, Vicente Astudillo: \u201cCentralidades urbanas para tipolog\u00edas urbanas contempor\u00e1neas: el caso de Santiago de Chile\u201d.<\/li>\n\n\n\n<li>Rodrigo Tapia y Cristian Robertson: \u201cLaboratorio 9&#215;18\u201d.<\/li>\n\n\n\n<li>Horacio Torrent: \u201cArquitectura moderna y ciudad: planes, obras y proyectos en el laboratorio del desarrollo\u201d.<\/li>\n\n\n\n<li>Macarena Cort\u00e9s: \u201cTurismo y arquitectura: la construcci\u00f3n de Latinoam\u00e9rica como<\/li>\n\n\n\n<li>Destino\u201d.<\/li>\n\n\n\n<li>Osvaldo Moreno y Ximena Arizaga: \u201cRehabilitaci\u00f3n y conservaci\u00f3n de humedales costeros como infraestructura ecol\u00f3gica para la resiliencia urbana y la adaptabilidad al cambio clim\u00e1tico en contextos de vulnerabilidad h\u00eddrica. Casos de estudio piloto: Desierto de Atacama, Chile\u201d.<\/li>\n\n\n\n<li>Gloria Saravia: \u201cCat\u00e1logos del Paisaje del Agua. Imaginarios resilientes para los Lagos Norpatag\u00f3nicos de Chile\u201d.<\/li>\n\n\n\n<li>Sandra Iturriaga: \u201cV\u00edas verdes araucania y maipo. Revalorizaci\u00f3n del patrimonio y paisaje ferroviario como Rutas Ecotur\u00edsticas\u201d<\/li>\n\n\n\n<li>Hugo Mondrag\u00f3n, Isidora Urrutia, Fernando Carvajal, Jos\u00e9 Hassi, Santiago Canales y Valentina Rojas: \u201cNarrativas y discursos del paisaje ferroviario. Infraestructuras patrimoniales del ferrocarril del sur en la regi\u00f3n del Maule\u201d.<\/li>\n\n\n\n<li>Umberto Bonomo: \u201cEl espacio com\u00fan de la metr\u00f3polis latinoamericana. La disoluci\u00f3n de la ciudad en la comunidad\u201d.<\/li>\n\n\n\n<li>Juan Jos\u00e9 Ugarte y Andr\u00e9s Sierra: \u201cBarrios eco sustentables de madera\u201d.<\/li>\n<\/ol>\n\n\n\n<p>Para cerrar las instancia, dieron unas palabras; la Directora de Investigaci\u00f3n y Postgrado FADEU, Magdalena Vicu\u00f1a; el Director de la escuela de Arquitectura, Luis Eduardo Bresciani y la Directora del Departamento de Arquitectura de la Universidad de Los Andes, Caludia Mej\u00eda. Las autoridades manifestaron la necesidad de generar v\u00ednculos acad\u00e9micos que puedan potenciar la investigaci\u00f3n conjunta, en los temas relativos al desarrollo y generaci\u00f3n de conocimiento en la disciplina arquitect\u00f3nica.<\/p>\n","protected":false},"excerpt":{"rendered":"<p>En el contexto de la Triada, iniciativa acad\u00e9mica conjunta entre la Pontificia Universidad Cat\u00f3lica, la Universidad de Los Andes de Colombia y el TEC de Monterrey, se realizaron en enero las jornadas internacionales de investigaci\u00f3n, que cont\u00f3 con la participaci\u00f3n de acad\u00e9micos y acad\u00e9micas de la escuela de Arquitectura UC y del Departamento de Arquitectura de la Universidad de Los Andes.<\/p>\n","protected":false},"author":1,"featured_media":5510,"comment_status":"open","ping_status":"open","sticky":false,"template":"","format":"standard","meta":{"_acf_changed":false,"footnotes":""},"categories":[1],"tags":[],"class_list":["post-5509","post","type-post","status-publish","format-standard","has-post-thumbnail","hentry","category-sin-categorizar"],"acf":[],"yoast_head":"<!-- This site is optimized with the Yoast SEO plugin v27.1.1 - https:\/\/yoast.com\/product\/yoast-seo-wordpress\/ -->\n<title>Escuela de Arquitectura particip\u00f3 en jornada internacional de investigaci\u00f3n con la Universidad de Los Andes de Colombia - Facultad de Arquitectura, Dise\u00f1o y Estudios Urbanos<\/title>\n<meta name=\"description\" content=\"En el contexto de la Triada, iniciativa acad\u00e9mica conjunta entre la Pontificia Universidad Cat\u00f3lica, la Universidad de Los Andes de Colombia y el TEC de Monterrey, se realizaron en enero las jornadas internacionales de investigaci\u00f3n, que cont\u00f3 con la participaci\u00f3n de acad\u00e9micos y acad\u00e9micas de la escuela de Arquitectura UC y del Departamento de Arquitectura de la Universidad de Los Andes.\" \/>\n<meta name=\"robots\" content=\"index, follow, max-snippet:-1, max-image-preview:large, max-video-preview:-1\" \/>\n<link rel=\"canonical\" href=\"https:\/\/fadeu.urantiacos.cl\/en\/2022\/01\/27\/escuela-de-arquitectura-participo-en-jornada-internacional-de-investigacion-con-la-universidad-de-los-andes-de-colombia\/\" \/>\n<meta property=\"og:locale\" content=\"en_US\" \/>\n<meta property=\"og:type\" content=\"article\" \/>\n<meta property=\"og:title\" content=\"Escuela de Arquitectura particip\u00f3 en jornada internacional de investigaci\u00f3n con la Universidad de Los Andes de Colombia - Facultad de Arquitectura, Dise\u00f1o y Estudios Urbanos\" \/>\n<meta property=\"og:description\" content=\"En el contexto de la Triada, iniciativa acad\u00e9mica conjunta entre la Pontificia Universidad Cat\u00f3lica, la Universidad de Los Andes de Colombia y el TEC de Monterrey, se realizaron en enero las jornadas internacionales de investigaci\u00f3n, que cont\u00f3 con la participaci\u00f3n de acad\u00e9micos y acad\u00e9micas de la escuela de Arquitectura UC y del Departamento de Arquitectura de la Universidad de Los Andes.\" \/>\n<meta property=\"og:url\" content=\"https:\/\/fadeu.urantiacos.cl\/en\/2022\/01\/27\/escuela-de-arquitectura-participo-en-jornada-internacional-de-investigacion-con-la-universidad-de-los-andes-de-colombia\/\" \/>\n<meta property=\"og:site_name\" content=\"Facultad de Arquitectura, Dise\u00f1o y Estudios Urbanos\" \/>\n<meta property=\"article:published_time\" content=\"2022-01-27T17:41:00+00:00\" \/>\n<meta property=\"article:modified_time\" content=\"2023-09-06T17:43:43+00:00\" \/>\n<meta property=\"og:image\" content=\"https:\/\/fadeu.urantiacos.cl\/wp-content\/uploads\/2023\/09\/Noticia_Jornada_INV_EARQ_web.png\" \/>\n\t<meta property=\"og:image:width\" content=\"350\" \/>\n\t<meta property=\"og:image:height\" content=\"250\" \/>\n\t<meta property=\"og:image:type\" content=\"image\/png\" \/>\n<meta name=\"author\" content=\"manadmin\" \/>\n<meta name=\"twitter:card\" content=\"summary_large_image\" \/>\n<meta name=\"twitter:label1\" content=\"Written by\" \/>\n\t<meta name=\"twitter:data1\" content=\"manadmin\" \/>\n\t<meta name=\"twitter:label2\" content=\"Est. reading time\" \/>\n\t<meta name=\"twitter:data2\" content=\"2 minutes\" \/>\n<script type=\"application\/ld+json\" class=\"yoast-schema-graph\">{\"@context\":\"https:\/\/schema.org\",\"@graph\":[{\"@type\":\"Article\",\"@id\":\"https:\/\/fadeu.urantiacos.cl\/en\/2022\/01\/27\/escuela-de-arquitectura-participo-en-jornada-internacional-de-investigacion-con-la-universidad-de-los-andes-de-colombia\/#article\",\"isPartOf\":{\"@id\":\"https:\/\/fadeu.urantiacos.cl\/en\/2022\/01\/27\/escuela-de-arquitectura-participo-en-jornada-internacional-de-investigacion-con-la-universidad-de-los-andes-de-colombia\/\"},\"author\":{\"name\":\"manadmin\",\"@id\":\"https:\/\/fadeu.urantiacos.cl\/en\/#\/schema\/person\/d203e2e84b1c40275eac77b3061a19a2\"},\"headline\":\"Escuela de Arquitectura particip\u00f3 en jornada internacional de investigaci\u00f3n con la Universidad de Los Andes de Colombia\",\"datePublished\":\"2022-01-27T17:41:00+00:00\",\"dateModified\":\"2023-09-06T17:43:43+00:00\",\"mainEntityOfPage\":{\"@id\":\"https:\/\/fadeu.urantiacos.cl\/en\/2022\/01\/27\/escuela-de-arquitectura-participo-en-jornada-internacional-de-investigacion-con-la-universidad-de-los-andes-de-colombia\/\"},\"wordCount\":424,\"commentCount\":0,\"image\":{\"@id\":\"https:\/\/fadeu.urantiacos.cl\/en\/2022\/01\/27\/escuela-de-arquitectura-participo-en-jornada-internacional-de-investigacion-con-la-universidad-de-los-andes-de-colombia\/#primaryimage\"},\"thumbnailUrl\":\"https:\/\/fadeu.urantiacos.cl\/wp-content\/uploads\/2023\/09\/Noticia_Jornada_INV_EARQ_web.png\",\"articleSection\":[\"Sin categorizar\"],\"inLanguage\":\"en-US\",\"potentialAction\":[{\"@type\":\"CommentAction\",\"name\":\"Comment\",\"target\":[\"https:\/\/fadeu.urantiacos.cl\/en\/2022\/01\/27\/escuela-de-arquitectura-participo-en-jornada-internacional-de-investigacion-con-la-universidad-de-los-andes-de-colombia\/#respond\"]}]},{\"@type\":\"WebPage\",\"@id\":\"https:\/\/fadeu.urantiacos.cl\/en\/2022\/01\/27\/escuela-de-arquitectura-participo-en-jornada-internacional-de-investigacion-con-la-universidad-de-los-andes-de-colombia\/\",\"url\":\"https:\/\/fadeu.urantiacos.cl\/en\/2022\/01\/27\/escuela-de-arquitectura-participo-en-jornada-internacional-de-investigacion-con-la-universidad-de-los-andes-de-colombia\/\",\"name\":\"Escuela de Arquitectura particip\u00f3 en jornada internacional de investigaci\u00f3n con la Universidad de Los Andes de Colombia - Facultad de Arquitectura, Dise\u00f1o y Estudios Urbanos\",\"isPartOf\":{\"@id\":\"https:\/\/fadeu.urantiacos.cl\/en\/#website\"},\"primaryImageOfPage\":{\"@id\":\"https:\/\/fadeu.urantiacos.cl\/en\/2022\/01\/27\/escuela-de-arquitectura-participo-en-jornada-internacional-de-investigacion-con-la-universidad-de-los-andes-de-colombia\/#primaryimage\"},\"image\":{\"@id\":\"https:\/\/fadeu.urantiacos.cl\/en\/2022\/01\/27\/escuela-de-arquitectura-participo-en-jornada-internacional-de-investigacion-con-la-universidad-de-los-andes-de-colombia\/#primaryimage\"},\"thumbnailUrl\":\"https:\/\/fadeu.urantiacos.cl\/wp-content\/uploads\/2023\/09\/Noticia_Jornada_INV_EARQ_web.png\",\"datePublished\":\"2022-01-27T17:41:00+00:00\",\"dateModified\":\"2023-09-06T17:43:43+00:00\",\"author\":{\"@id\":\"https:\/\/fadeu.urantiacos.cl\/en\/#\/schema\/person\/d203e2e84b1c40275eac77b3061a19a2\"},\"description\":\"En el contexto de la Triada, iniciativa acad\u00e9mica conjunta entre la Pontificia Universidad Cat\u00f3lica, la Universidad de Los Andes de Colombia y el TEC de Monterrey, se realizaron en enero las jornadas internacionales de investigaci\u00f3n, que cont\u00f3 con la participaci\u00f3n de acad\u00e9micos y acad\u00e9micas de la escuela de Arquitectura UC y del Departamento de Arquitectura de la Universidad de Los Andes.\",\"breadcrumb\":{\"@id\":\"https:\/\/fadeu.urantiacos.cl\/en\/2022\/01\/27\/escuela-de-arquitectura-participo-en-jornada-internacional-de-investigacion-con-la-universidad-de-los-andes-de-colombia\/#breadcrumb\"},\"inLanguage\":\"en-US\",\"potentialAction\":[{\"@type\":\"ReadAction\",\"target\":[\"https:\/\/fadeu.urantiacos.cl\/en\/2022\/01\/27\/escuela-de-arquitectura-participo-en-jornada-internacional-de-investigacion-con-la-universidad-de-los-andes-de-colombia\/\"]}]},{\"@type\":\"ImageObject\",\"inLanguage\":\"en-US\",\"@id\":\"https:\/\/fadeu.urantiacos.cl\/en\/2022\/01\/27\/escuela-de-arquitectura-participo-en-jornada-internacional-de-investigacion-con-la-universidad-de-los-andes-de-colombia\/#primaryimage\",\"url\":\"https:\/\/fadeu.urantiacos.cl\/wp-content\/uploads\/2023\/09\/Noticia_Jornada_INV_EARQ_web.png\",\"contentUrl\":\"https:\/\/fadeu.urantiacos.cl\/wp-content\/uploads\/2023\/09\/Noticia_Jornada_INV_EARQ_web.png\",\"width\":350,\"height\":250},{\"@type\":\"BreadcrumbList\",\"@id\":\"https:\/\/fadeu.urantiacos.cl\/en\/2022\/01\/27\/escuela-de-arquitectura-participo-en-jornada-internacional-de-investigacion-con-la-universidad-de-los-andes-de-colombia\/#breadcrumb\",\"itemListElement\":[{\"@type\":\"ListItem\",\"position\":1,\"name\":\"Portada\",\"item\":\"https:\/\/fadeu.urantiacos.cl\/en\/\"},{\"@type\":\"ListItem\",\"position\":2,\"name\":\"Escuela de Arquitectura particip\u00f3 en jornada internacional de investigaci\u00f3n con la Universidad de Los Andes de Colombia\"}]},{\"@type\":\"WebSite\",\"@id\":\"https:\/\/fadeu.urantiacos.cl\/en\/#website\",\"url\":\"https:\/\/fadeu.urantiacos.cl\/en\/\",\"name\":\"Facultad de Arquitectura, Dise\u00f1o y Estudios Urbanos\",\"description\":\"Campus Lo Contador\",\"potentialAction\":[{\"@type\":\"SearchAction\",\"target\":{\"@type\":\"EntryPoint\",\"urlTemplate\":\"https:\/\/fadeu.urantiacos.cl\/en\/?s={search_term_string}\"},\"query-input\":{\"@type\":\"PropertyValueSpecification\",\"valueRequired\":true,\"valueName\":\"search_term_string\"}}],\"inLanguage\":\"en-US\"},{\"@type\":\"Person\",\"@id\":\"https:\/\/fadeu.urantiacos.cl\/en\/#\/schema\/person\/d203e2e84b1c40275eac77b3061a19a2\",\"name\":\"manadmin\",\"image\":{\"@type\":\"ImageObject\",\"inLanguage\":\"en-US\",\"@id\":\"https:\/\/fadeu.urantiacos.cl\/en\/#\/schema\/person\/image\/\",\"url\":\"https:\/\/secure.gravatar.com\/avatar\/4b1d8e3303b4a9d8968ac578947d8bc80d9aea359f388cdd4aac15cadc0e8447?s=96&d=mm&r=g\",\"contentUrl\":\"https:\/\/secure.gravatar.com\/avatar\/4b1d8e3303b4a9d8968ac578947d8bc80d9aea359f388cdd4aac15cadc0e8447?s=96&d=mm&r=g\",\"caption\":\"manadmin\"},\"sameAs\":[\"https:\/\/fadeu.urantiacos.cl\"]}]}<\/script>\n<!-- \/ Yoast SEO plugin. -->","yoast_head_json":{"title":"Escuela de Arquitectura particip\u00f3 en jornada internacional de investigaci\u00f3n con la Universidad de Los Andes de Colombia - Facultad de Arquitectura, Dise\u00f1o y Estudios Urbanos","description":"En el contexto de la Triada, iniciativa acad\u00e9mica conjunta entre la Pontificia Universidad Cat\u00f3lica, la Universidad de Los Andes de Colombia y el TEC de Monterrey, se realizaron en enero las jornadas internacionales de investigaci\u00f3n, que cont\u00f3 con la participaci\u00f3n de acad\u00e9micos y acad\u00e9micas de la escuela de Arquitectura UC y del Departamento de Arquitectura de la Universidad de Los Andes.","robots":{"index":"index","follow":"follow","max-snippet":"max-snippet:-1","max-image-preview":"max-image-preview:large","max-video-preview":"max-video-preview:-1"},"canonical":"https:\/\/fadeu.urantiacos.cl\/en\/2022\/01\/27\/escuela-de-arquitectura-participo-en-jornada-internacional-de-investigacion-con-la-universidad-de-los-andes-de-colombia\/","og_locale":"en_US","og_type":"article","og_title":"Escuela de Arquitectura particip\u00f3 en jornada internacional de investigaci\u00f3n con la Universidad de Los Andes de Colombia - Facultad de Arquitectura, Dise\u00f1o y Estudios Urbanos","og_description":"En el contexto de la Triada, iniciativa acad\u00e9mica conjunta entre la Pontificia Universidad Cat\u00f3lica, la Universidad de Los Andes de Colombia y el TEC de Monterrey, se realizaron en enero las jornadas internacionales de investigaci\u00f3n, que cont\u00f3 con la participaci\u00f3n de acad\u00e9micos y acad\u00e9micas de la escuela de Arquitectura UC y del Departamento de Arquitectura de la Universidad de Los Andes.","og_url":"https:\/\/fadeu.urantiacos.cl\/en\/2022\/01\/27\/escuela-de-arquitectura-participo-en-jornada-internacional-de-investigacion-con-la-universidad-de-los-andes-de-colombia\/","og_site_name":"Facultad de Arquitectura, Dise\u00f1o y Estudios Urbanos","article_published_time":"2022-01-27T17:41:00+00:00","article_modified_time":"2023-09-06T17:43:43+00:00","og_image":[{"width":350,"height":250,"url":"https:\/\/fadeu.urantiacos.cl\/wp-content\/uploads\/2023\/09\/Noticia_Jornada_INV_EARQ_web.png","type":"image\/png"}],"author":"manadmin","twitter_card":"summary_large_image","twitter_misc":{"Written by":"manadmin","Est. reading time":"2 minutes"},"schema":{"@context":"https:\/\/schema.org","@graph":[{"@type":"Article","@id":"https:\/\/fadeu.urantiacos.cl\/en\/2022\/01\/27\/escuela-de-arquitectura-participo-en-jornada-internacional-de-investigacion-con-la-universidad-de-los-andes-de-colombia\/#article","isPartOf":{"@id":"https:\/\/fadeu.urantiacos.cl\/en\/2022\/01\/27\/escuela-de-arquitectura-participo-en-jornada-internacional-de-investigacion-con-la-universidad-de-los-andes-de-colombia\/"},"author":{"name":"manadmin","@id":"https:\/\/fadeu.urantiacos.cl\/en\/#\/schema\/person\/d203e2e84b1c40275eac77b3061a19a2"},"headline":"Escuela de Arquitectura particip\u00f3 en jornada internacional de investigaci\u00f3n con la Universidad de Los Andes de Colombia","datePublished":"2022-01-27T17:41:00+00:00","dateModified":"2023-09-06T17:43:43+00:00","mainEntityOfPage":{"@id":"https:\/\/fadeu.urantiacos.cl\/en\/2022\/01\/27\/escuela-de-arquitectura-participo-en-jornada-internacional-de-investigacion-con-la-universidad-de-los-andes-de-colombia\/"},"wordCount":424,"commentCount":0,"image":{"@id":"https:\/\/fadeu.urantiacos.cl\/en\/2022\/01\/27\/escuela-de-arquitectura-participo-en-jornada-internacional-de-investigacion-con-la-universidad-de-los-andes-de-colombia\/#primaryimage"},"thumbnailUrl":"https:\/\/fadeu.urantiacos.cl\/wp-content\/uploads\/2023\/09\/Noticia_Jornada_INV_EARQ_web.png","articleSection":["Sin categorizar"],"inLanguage":"en-US","potentialAction":[{"@type":"CommentAction","name":"Comment","target":["https:\/\/fadeu.urantiacos.cl\/en\/2022\/01\/27\/escuela-de-arquitectura-participo-en-jornada-internacional-de-investigacion-con-la-universidad-de-los-andes-de-colombia\/#respond"]}]},{"@type":"WebPage","@id":"https:\/\/fadeu.urantiacos.cl\/en\/2022\/01\/27\/escuela-de-arquitectura-participo-en-jornada-internacional-de-investigacion-con-la-universidad-de-los-andes-de-colombia\/","url":"https:\/\/fadeu.urantiacos.cl\/en\/2022\/01\/27\/escuela-de-arquitectura-participo-en-jornada-internacional-de-investigacion-con-la-universidad-de-los-andes-de-colombia\/","name":"Escuela de Arquitectura particip\u00f3 en jornada internacional de investigaci\u00f3n con la Universidad de Los Andes de Colombia - Facultad de Arquitectura, Dise\u00f1o y Estudios Urbanos","isPartOf":{"@id":"https:\/\/fadeu.urantiacos.cl\/en\/#website"},"primaryImageOfPage":{"@id":"https:\/\/fadeu.urantiacos.cl\/en\/2022\/01\/27\/escuela-de-arquitectura-participo-en-jornada-internacional-de-investigacion-con-la-universidad-de-los-andes-de-colombia\/#primaryimage"},"image":{"@id":"https:\/\/fadeu.urantiacos.cl\/en\/2022\/01\/27\/escuela-de-arquitectura-participo-en-jornada-internacional-de-investigacion-con-la-universidad-de-los-andes-de-colombia\/#primaryimage"},"thumbnailUrl":"https:\/\/fadeu.urantiacos.cl\/wp-content\/uploads\/2023\/09\/Noticia_Jornada_INV_EARQ_web.png","datePublished":"2022-01-27T17:41:00+00:00","dateModified":"2023-09-06T17:43:43+00:00","author":{"@id":"https:\/\/fadeu.urantiacos.cl\/en\/#\/schema\/person\/d203e2e84b1c40275eac77b3061a19a2"},"description":"En el contexto de la Triada, iniciativa acad\u00e9mica conjunta entre la Pontificia Universidad Cat\u00f3lica, la Universidad de Los Andes de Colombia y el TEC de Monterrey, se realizaron en enero las jornadas internacionales de investigaci\u00f3n, que cont\u00f3 con la participaci\u00f3n de acad\u00e9micos y acad\u00e9micas de la escuela de Arquitectura UC y del Departamento de Arquitectura de la Universidad de Los Andes.","breadcrumb":{"@id":"https:\/\/fadeu.urantiacos.cl\/en\/2022\/01\/27\/escuela-de-arquitectura-participo-en-jornada-internacional-de-investigacion-con-la-universidad-de-los-andes-de-colombia\/#breadcrumb"},"inLanguage":"en-US","potentialAction":[{"@type":"ReadAction","target":["https:\/\/fadeu.urantiacos.cl\/en\/2022\/01\/27\/escuela-de-arquitectura-participo-en-jornada-internacional-de-investigacion-con-la-universidad-de-los-andes-de-colombia\/"]}]},{"@type":"ImageObject","inLanguage":"en-US","@id":"https:\/\/fadeu.urantiacos.cl\/en\/2022\/01\/27\/escuela-de-arquitectura-participo-en-jornada-internacional-de-investigacion-con-la-universidad-de-los-andes-de-colombia\/#primaryimage","url":"https:\/\/fadeu.urantiacos.cl\/wp-content\/uploads\/2023\/09\/Noticia_Jornada_INV_EARQ_web.png","contentUrl":"https:\/\/fadeu.urantiacos.cl\/wp-content\/uploads\/2023\/09\/Noticia_Jornada_INV_EARQ_web.png","width":350,"height":250},{"@type":"BreadcrumbList","@id":"https:\/\/fadeu.urantiacos.cl\/en\/2022\/01\/27\/escuela-de-arquitectura-participo-en-jornada-internacional-de-investigacion-con-la-universidad-de-los-andes-de-colombia\/#breadcrumb","itemListElement":[{"@type":"ListItem","position":1,"name":"Portada","item":"https:\/\/fadeu.urantiacos.cl\/en\/"},{"@type":"ListItem","position":2,"name":"Escuela de Arquitectura particip\u00f3 en jornada internacional de investigaci\u00f3n con la Universidad de Los Andes de Colombia"}]},{"@type":"WebSite","@id":"https:\/\/fadeu.urantiacos.cl\/en\/#website","url":"https:\/\/fadeu.urantiacos.cl\/en\/","name":"Facultad de Arquitectura, Dise\u00f1o y Estudios Urbanos","description":"Campus Lo Contador","potentialAction":[{"@type":"SearchAction","target":{"@type":"EntryPoint","urlTemplate":"https:\/\/fadeu.urantiacos.cl\/en\/?s={search_term_string}"},"query-input":{"@type":"PropertyValueSpecification","valueRequired":true,"valueName":"search_term_string"}}],"inLanguage":"en-US"},{"@type":"Person","@id":"https:\/\/fadeu.urantiacos.cl\/en\/#\/schema\/person\/d203e2e84b1c40275eac77b3061a19a2","name":"manadmin","image":{"@type":"ImageObject","inLanguage":"en-US","@id":"https:\/\/fadeu.urantiacos.cl\/en\/#\/schema\/person\/image\/","url":"https:\/\/secure.gravatar.com\/avatar\/4b1d8e3303b4a9d8968ac578947d8bc80d9aea359f388cdd4aac15cadc0e8447?s=96&d=mm&r=g","contentUrl":"https:\/\/secure.gravatar.com\/avatar\/4b1d8e3303b4a9d8968ac578947d8bc80d9aea359f388cdd4aac15cadc0e8447?s=96&d=mm&r=g","caption":"manadmin"},"sameAs":["https:\/\/fadeu.urantiacos.cl"]}]}},"_links":{"self":[{"href":"https:\/\/fadeu.urantiacos.cl\/en\/wp-json\/wp\/v2\/posts\/5509","targetHints":{"allow":["GET"]}}],"collection":[{"href":"https:\/\/fadeu.urantiacos.cl\/en\/wp-json\/wp\/v2\/posts"}],"about":[{"href":"https:\/\/fadeu.urantiacos.cl\/en\/wp-json\/wp\/v2\/types\/post"}],"author":[{"embeddable":true,"href":"https:\/\/fadeu.urantiacos.cl\/en\/wp-json\/wp\/v2\/users\/1"}],"replies":[{"embeddable":true,"href":"https:\/\/fadeu.urantiacos.cl\/en\/wp-json\/wp\/v2\/comments?post=5509"}],"version-history":[{"count":1,"href":"https:\/\/fadeu.urantiacos.cl\/en\/wp-json\/wp\/v2\/posts\/5509\/revisions"}],"predecessor-version":[{"id":5511,"href":"https:\/\/fadeu.urantiacos.cl\/en\/wp-json\/wp\/v2\/posts\/5509\/revisions\/5511"}],"wp:featuredmedia":[{"embeddable":true,"href":"https:\/\/fadeu.urantiacos.cl\/en\/wp-json\/wp\/v2\/media\/5510"}],"wp:attachment":[{"href":"https:\/\/fadeu.urantiacos.cl\/en\/wp-json\/wp\/v2\/media?parent=5509"}],"wp:term":[{"taxonomy":"category","embeddable":true,"href":"https:\/\/fadeu.urantiacos.cl\/en\/wp-json\/wp\/v2\/categories?post=5509"},{"taxonomy":"post_tag","embeddable":true,"href":"https:\/\/fadeu.urantiacos.cl\/en\/wp-json\/wp\/v2\/tags?post=5509"}],"curies":[{"name":"wp","href":"https:\/\/api.w.org\/{rel}","templated":true}]}}