{"id":5506,"date":"2022-01-27T14:39:00","date_gmt":"2022-01-27T17:39:00","guid":{"rendered":"https:\/\/fadeu.urantiacos.cl\/?p=5506"},"modified":"2023-09-06T14:41:31","modified_gmt":"2023-09-06T17:41:31","slug":"proyecto-mit-misti-en-fadeu","status":"publish","type":"post","link":"https:\/\/fadeu.urantiacos.cl\/en\/2022\/01\/27\/proyecto-mit-misti-en-fadeu\/","title":{"rendered":"Proyecto MIT MISTI en FADEU"},"content":{"rendered":"\n<figure class=\"wp-block-image size-full\"><img decoding=\"async\" width=\"350\" height=\"250\" src=\"https:\/\/fadeu.urantiacos.cl\/wp-content\/uploads\/2023\/09\/b_logo_MIT_MISTI_web.png\" alt=\"\" class=\"wp-image-5507\" srcset=\"https:\/\/fadeu.urantiacos.cl\/wp-content\/uploads\/2023\/09\/b_logo_MIT_MISTI_web.png 350w, https:\/\/fadeu.urantiacos.cl\/wp-content\/uploads\/2023\/09\/b_logo_MIT_MISTI_web-300x214.png 300w\" sizes=\"(max-width: 350px) 100vw, 350px\" \/><\/figure>\n\n\n\n<p>El proyecto permiti\u00f3 reunir al equipo de trabajo en Chile, formado por los profesores Eden Medina (Programa STS MIT), Hugo Palmarola (Escuela de Dise\u00f1o UC) y Pedro Alonso (Jefe Programa Doctorado FADEU), as\u00ed como a los estudiantes Mariana Gonz\u00e1lez (MArch MIT) y Javier Mu\u00f1oz (MADA UC). El equipo trabaj\u00f3 durante las dos semanas en el proyecto, realiz\u00f3 visitas a laboratorios, archivos y museos, y realiz\u00f3 reuniones de trabajo con profesores UC y asesores externos.<\/p>\n\n\n\n<p>Designing a Revolution: Histories of Design and Political Change in Chile es un proyecto sobre el rol del dise\u00f1o en experimentos pol\u00edticos, sociales y econ\u00f3micos durante la historia reciente de Chile. La investigaci\u00f3n explora c\u00f3mo las culturas materiales y visuales moldean y son moldeadas por los procesos de cambio pol\u00edtico.<\/p>\n\n\n\n<p>A mediados de este a\u00f1o el equipo de profesores y estudiantes realizar\u00e1 una nueva reuni\u00f3n de trabajo presencial en MIT en la ciudad de Boston.<\/p>\n\n\n\n<p>Link MIT MISTI Global Seed Found:<\/p>\n\n\n\n<figure class=\"wp-block-embed\"><div class=\"wp-block-embed__wrapper\">\nhttps:\/\/misti.mit.edu\n<\/div><\/figure>\n","protected":false},"excerpt":{"rendered":"<p>Entre el el 10 y el 24 de enero se desarroll\u00f3 en nuestra Facultad la primera sesi\u00f3n de trabajo presencial del proyecto Designing a Revolution: Histories of Design and Political Change in Chile, perteneciente al Global Seed Found, MIT International Science &#038; Technology Initiatives MISTI (2021-2023).<\/p>\n","protected":false},"author":1,"featured_media":5507,"comment_status":"open","ping_status":"open","sticky":false,"template":"","format":"standard","meta":{"_acf_changed":false,"footnotes":""},"categories":[1],"tags":[],"class_list":["post-5506","post","type-post","status-publish","format-standard","has-post-thumbnail","hentry","category-sin-categorizar"],"acf":[],"yoast_head":"<!-- This site is optimized with the Yoast SEO plugin v27.1.1 - https:\/\/yoast.com\/product\/yoast-seo-wordpress\/ -->\n<title>Proyecto MIT MISTI en FADEU - Facultad de Arquitectura, Dise\u00f1o y Estudios Urbanos<\/title>\n<meta name=\"description\" content=\"Entre el el 10 y el 24 de enero se desarroll\u00f3 en nuestra Facultad la primera sesi\u00f3n de trabajo presencial del proyecto Designing a Revolution: Histories of Design and Political Change in Chile, perteneciente al Global Seed Found, MIT International Science &amp; Technology Initiatives MISTI (2021-2023).\" \/>\n<meta name=\"robots\" content=\"index, follow, max-snippet:-1, max-image-preview:large, max-video-preview:-1\" \/>\n<link rel=\"canonical\" href=\"https:\/\/fadeu.urantiacos.cl\/en\/2022\/01\/27\/proyecto-mit-misti-en-fadeu\/\" \/>\n<meta property=\"og:locale\" content=\"en_US\" \/>\n<meta property=\"og:type\" content=\"article\" \/>\n<meta property=\"og:title\" content=\"Proyecto MIT MISTI en FADEU - Facultad de Arquitectura, Dise\u00f1o y Estudios Urbanos\" \/>\n<meta property=\"og:description\" content=\"Entre el el 10 y el 24 de enero se desarroll\u00f3 en nuestra Facultad la primera sesi\u00f3n de trabajo presencial del proyecto Designing a Revolution: Histories of Design and Political Change in Chile, perteneciente al Global Seed Found, MIT International Science &amp; Technology Initiatives MISTI (2021-2023).\" \/>\n<meta property=\"og:url\" content=\"https:\/\/fadeu.urantiacos.cl\/en\/2022\/01\/27\/proyecto-mit-misti-en-fadeu\/\" \/>\n<meta property=\"og:site_name\" content=\"Facultad de Arquitectura, Dise\u00f1o y Estudios Urbanos\" \/>\n<meta property=\"article:published_time\" content=\"2022-01-27T17:39:00+00:00\" \/>\n<meta property=\"article:modified_time\" content=\"2023-09-06T17:41:31+00:00\" \/>\n<meta property=\"og:image\" content=\"https:\/\/fadeu.urantiacos.cl\/wp-content\/uploads\/2023\/09\/b_logo_MIT_MISTI_web.png\" \/>\n\t<meta property=\"og:image:width\" content=\"350\" \/>\n\t<meta property=\"og:image:height\" content=\"250\" \/>\n\t<meta property=\"og:image:type\" content=\"image\/png\" \/>\n<meta name=\"author\" content=\"manadmin\" \/>\n<meta name=\"twitter:card\" content=\"summary_large_image\" \/>\n<meta name=\"twitter:label1\" content=\"Written by\" \/>\n\t<meta name=\"twitter:data1\" content=\"manadmin\" \/>\n\t<meta name=\"twitter:label2\" content=\"Est. reading time\" \/>\n\t<meta name=\"twitter:data2\" content=\"1 minute\" \/>\n<script type=\"application\/ld+json\" class=\"yoast-schema-graph\">{\"@context\":\"https:\/\/schema.org\",\"@graph\":[{\"@type\":\"Article\",\"@id\":\"https:\/\/fadeu.urantiacos.cl\/en\/2022\/01\/27\/proyecto-mit-misti-en-fadeu\/#article\",\"isPartOf\":{\"@id\":\"https:\/\/fadeu.urantiacos.cl\/en\/2022\/01\/27\/proyecto-mit-misti-en-fadeu\/\"},\"author\":{\"name\":\"manadmin\",\"@id\":\"https:\/\/fadeu.urantiacos.cl\/en\/#\/schema\/person\/d203e2e84b1c40275eac77b3061a19a2\"},\"headline\":\"Proyecto MIT MISTI en FADEU\",\"datePublished\":\"2022-01-27T17:39:00+00:00\",\"dateModified\":\"2023-09-06T17:41:31+00:00\",\"mainEntityOfPage\":{\"@id\":\"https:\/\/fadeu.urantiacos.cl\/en\/2022\/01\/27\/proyecto-mit-misti-en-fadeu\/\"},\"wordCount\":175,\"commentCount\":0,\"image\":{\"@id\":\"https:\/\/fadeu.urantiacos.cl\/en\/2022\/01\/27\/proyecto-mit-misti-en-fadeu\/#primaryimage\"},\"thumbnailUrl\":\"https:\/\/fadeu.urantiacos.cl\/wp-content\/uploads\/2023\/09\/b_logo_MIT_MISTI_web.png\",\"articleSection\":[\"Sin categorizar\"],\"inLanguage\":\"en-US\",\"potentialAction\":[{\"@type\":\"CommentAction\",\"name\":\"Comment\",\"target\":[\"https:\/\/fadeu.urantiacos.cl\/en\/2022\/01\/27\/proyecto-mit-misti-en-fadeu\/#respond\"]}]},{\"@type\":\"WebPage\",\"@id\":\"https:\/\/fadeu.urantiacos.cl\/en\/2022\/01\/27\/proyecto-mit-misti-en-fadeu\/\",\"url\":\"https:\/\/fadeu.urantiacos.cl\/en\/2022\/01\/27\/proyecto-mit-misti-en-fadeu\/\",\"name\":\"Proyecto MIT MISTI en FADEU - Facultad de Arquitectura, Dise\u00f1o y Estudios Urbanos\",\"isPartOf\":{\"@id\":\"https:\/\/fadeu.urantiacos.cl\/en\/#website\"},\"primaryImageOfPage\":{\"@id\":\"https:\/\/fadeu.urantiacos.cl\/en\/2022\/01\/27\/proyecto-mit-misti-en-fadeu\/#primaryimage\"},\"image\":{\"@id\":\"https:\/\/fadeu.urantiacos.cl\/en\/2022\/01\/27\/proyecto-mit-misti-en-fadeu\/#primaryimage\"},\"thumbnailUrl\":\"https:\/\/fadeu.urantiacos.cl\/wp-content\/uploads\/2023\/09\/b_logo_MIT_MISTI_web.png\",\"datePublished\":\"2022-01-27T17:39:00+00:00\",\"dateModified\":\"2023-09-06T17:41:31+00:00\",\"author\":{\"@id\":\"https:\/\/fadeu.urantiacos.cl\/en\/#\/schema\/person\/d203e2e84b1c40275eac77b3061a19a2\"},\"description\":\"Entre el el 10 y el 24 de enero se desarroll\u00f3 en nuestra Facultad la primera sesi\u00f3n de trabajo presencial del proyecto Designing a Revolution: Histories of Design and Political Change in Chile, perteneciente al Global Seed Found, MIT International Science & Technology Initiatives MISTI (2021-2023).\",\"breadcrumb\":{\"@id\":\"https:\/\/fadeu.urantiacos.cl\/en\/2022\/01\/27\/proyecto-mit-misti-en-fadeu\/#breadcrumb\"},\"inLanguage\":\"en-US\",\"potentialAction\":[{\"@type\":\"ReadAction\",\"target\":[\"https:\/\/fadeu.urantiacos.cl\/en\/2022\/01\/27\/proyecto-mit-misti-en-fadeu\/\"]}]},{\"@type\":\"ImageObject\",\"inLanguage\":\"en-US\",\"@id\":\"https:\/\/fadeu.urantiacos.cl\/en\/2022\/01\/27\/proyecto-mit-misti-en-fadeu\/#primaryimage\",\"url\":\"https:\/\/fadeu.urantiacos.cl\/wp-content\/uploads\/2023\/09\/b_logo_MIT_MISTI_web.png\",\"contentUrl\":\"https:\/\/fadeu.urantiacos.cl\/wp-content\/uploads\/2023\/09\/b_logo_MIT_MISTI_web.png\",\"width\":350,\"height\":250},{\"@type\":\"BreadcrumbList\",\"@id\":\"https:\/\/fadeu.urantiacos.cl\/en\/2022\/01\/27\/proyecto-mit-misti-en-fadeu\/#breadcrumb\",\"itemListElement\":[{\"@type\":\"ListItem\",\"position\":1,\"name\":\"Portada\",\"item\":\"https:\/\/fadeu.urantiacos.cl\/en\/\"},{\"@type\":\"ListItem\",\"position\":2,\"name\":\"Proyecto MIT MISTI en FADEU\"}]},{\"@type\":\"WebSite\",\"@id\":\"https:\/\/fadeu.urantiacos.cl\/en\/#website\",\"url\":\"https:\/\/fadeu.urantiacos.cl\/en\/\",\"name\":\"Facultad de Arquitectura, Dise\u00f1o y Estudios Urbanos\",\"description\":\"Campus Lo Contador\",\"potentialAction\":[{\"@type\":\"SearchAction\",\"target\":{\"@type\":\"EntryPoint\",\"urlTemplate\":\"https:\/\/fadeu.urantiacos.cl\/en\/?s={search_term_string}\"},\"query-input\":{\"@type\":\"PropertyValueSpecification\",\"valueRequired\":true,\"valueName\":\"search_term_string\"}}],\"inLanguage\":\"en-US\"},{\"@type\":\"Person\",\"@id\":\"https:\/\/fadeu.urantiacos.cl\/en\/#\/schema\/person\/d203e2e84b1c40275eac77b3061a19a2\",\"name\":\"manadmin\",\"image\":{\"@type\":\"ImageObject\",\"inLanguage\":\"en-US\",\"@id\":\"https:\/\/fadeu.urantiacos.cl\/en\/#\/schema\/person\/image\/\",\"url\":\"https:\/\/secure.gravatar.com\/avatar\/4b1d8e3303b4a9d8968ac578947d8bc80d9aea359f388cdd4aac15cadc0e8447?s=96&d=mm&r=g\",\"contentUrl\":\"https:\/\/secure.gravatar.com\/avatar\/4b1d8e3303b4a9d8968ac578947d8bc80d9aea359f388cdd4aac15cadc0e8447?s=96&d=mm&r=g\",\"caption\":\"manadmin\"},\"sameAs\":[\"https:\/\/fadeu.urantiacos.cl\"]}]}<\/script>\n<!-- \/ Yoast SEO plugin. -->","yoast_head_json":{"title":"Proyecto MIT MISTI en FADEU - Facultad de Arquitectura, Dise\u00f1o y Estudios Urbanos","description":"Entre el el 10 y el 24 de enero se desarroll\u00f3 en nuestra Facultad la primera sesi\u00f3n de trabajo presencial del proyecto Designing a Revolution: Histories of Design and Political Change in Chile, perteneciente al Global Seed Found, MIT International Science & Technology Initiatives MISTI (2021-2023).","robots":{"index":"index","follow":"follow","max-snippet":"max-snippet:-1","max-image-preview":"max-image-preview:large","max-video-preview":"max-video-preview:-1"},"canonical":"https:\/\/fadeu.urantiacos.cl\/en\/2022\/01\/27\/proyecto-mit-misti-en-fadeu\/","og_locale":"en_US","og_type":"article","og_title":"Proyecto MIT MISTI en FADEU - Facultad de Arquitectura, Dise\u00f1o y Estudios Urbanos","og_description":"Entre el el 10 y el 24 de enero se desarroll\u00f3 en nuestra Facultad la primera sesi\u00f3n de trabajo presencial del proyecto Designing a Revolution: Histories of Design and Political Change in Chile, perteneciente al Global Seed Found, MIT International Science & Technology Initiatives MISTI (2021-2023).","og_url":"https:\/\/fadeu.urantiacos.cl\/en\/2022\/01\/27\/proyecto-mit-misti-en-fadeu\/","og_site_name":"Facultad de Arquitectura, Dise\u00f1o y Estudios Urbanos","article_published_time":"2022-01-27T17:39:00+00:00","article_modified_time":"2023-09-06T17:41:31+00:00","og_image":[{"width":350,"height":250,"url":"https:\/\/fadeu.urantiacos.cl\/wp-content\/uploads\/2023\/09\/b_logo_MIT_MISTI_web.png","type":"image\/png"}],"author":"manadmin","twitter_card":"summary_large_image","twitter_misc":{"Written by":"manadmin","Est. reading time":"1 minute"},"schema":{"@context":"https:\/\/schema.org","@graph":[{"@type":"Article","@id":"https:\/\/fadeu.urantiacos.cl\/en\/2022\/01\/27\/proyecto-mit-misti-en-fadeu\/#article","isPartOf":{"@id":"https:\/\/fadeu.urantiacos.cl\/en\/2022\/01\/27\/proyecto-mit-misti-en-fadeu\/"},"author":{"name":"manadmin","@id":"https:\/\/fadeu.urantiacos.cl\/en\/#\/schema\/person\/d203e2e84b1c40275eac77b3061a19a2"},"headline":"Proyecto MIT MISTI en FADEU","datePublished":"2022-01-27T17:39:00+00:00","dateModified":"2023-09-06T17:41:31+00:00","mainEntityOfPage":{"@id":"https:\/\/fadeu.urantiacos.cl\/en\/2022\/01\/27\/proyecto-mit-misti-en-fadeu\/"},"wordCount":175,"commentCount":0,"image":{"@id":"https:\/\/fadeu.urantiacos.cl\/en\/2022\/01\/27\/proyecto-mit-misti-en-fadeu\/#primaryimage"},"thumbnailUrl":"https:\/\/fadeu.urantiacos.cl\/wp-content\/uploads\/2023\/09\/b_logo_MIT_MISTI_web.png","articleSection":["Sin categorizar"],"inLanguage":"en-US","potentialAction":[{"@type":"CommentAction","name":"Comment","target":["https:\/\/fadeu.urantiacos.cl\/en\/2022\/01\/27\/proyecto-mit-misti-en-fadeu\/#respond"]}]},{"@type":"WebPage","@id":"https:\/\/fadeu.urantiacos.cl\/en\/2022\/01\/27\/proyecto-mit-misti-en-fadeu\/","url":"https:\/\/fadeu.urantiacos.cl\/en\/2022\/01\/27\/proyecto-mit-misti-en-fadeu\/","name":"Proyecto MIT MISTI en FADEU - Facultad de Arquitectura, Dise\u00f1o y Estudios Urbanos","isPartOf":{"@id":"https:\/\/fadeu.urantiacos.cl\/en\/#website"},"primaryImageOfPage":{"@id":"https:\/\/fadeu.urantiacos.cl\/en\/2022\/01\/27\/proyecto-mit-misti-en-fadeu\/#primaryimage"},"image":{"@id":"https:\/\/fadeu.urantiacos.cl\/en\/2022\/01\/27\/proyecto-mit-misti-en-fadeu\/#primaryimage"},"thumbnailUrl":"https:\/\/fadeu.urantiacos.cl\/wp-content\/uploads\/2023\/09\/b_logo_MIT_MISTI_web.png","datePublished":"2022-01-27T17:39:00+00:00","dateModified":"2023-09-06T17:41:31+00:00","author":{"@id":"https:\/\/fadeu.urantiacos.cl\/en\/#\/schema\/person\/d203e2e84b1c40275eac77b3061a19a2"},"description":"Entre el el 10 y el 24 de enero se desarroll\u00f3 en nuestra Facultad la primera sesi\u00f3n de trabajo presencial del proyecto Designing a Revolution: Histories of Design and Political Change in Chile, perteneciente al Global Seed Found, MIT International Science & Technology Initiatives MISTI (2021-2023).","breadcrumb":{"@id":"https:\/\/fadeu.urantiacos.cl\/en\/2022\/01\/27\/proyecto-mit-misti-en-fadeu\/#breadcrumb"},"inLanguage":"en-US","potentialAction":[{"@type":"ReadAction","target":["https:\/\/fadeu.urantiacos.cl\/en\/2022\/01\/27\/proyecto-mit-misti-en-fadeu\/"]}]},{"@type":"ImageObject","inLanguage":"en-US","@id":"https:\/\/fadeu.urantiacos.cl\/en\/2022\/01\/27\/proyecto-mit-misti-en-fadeu\/#primaryimage","url":"https:\/\/fadeu.urantiacos.cl\/wp-content\/uploads\/2023\/09\/b_logo_MIT_MISTI_web.png","contentUrl":"https:\/\/fadeu.urantiacos.cl\/wp-content\/uploads\/2023\/09\/b_logo_MIT_MISTI_web.png","width":350,"height":250},{"@type":"BreadcrumbList","@id":"https:\/\/fadeu.urantiacos.cl\/en\/2022\/01\/27\/proyecto-mit-misti-en-fadeu\/#breadcrumb","itemListElement":[{"@type":"ListItem","position":1,"name":"Portada","item":"https:\/\/fadeu.urantiacos.cl\/en\/"},{"@type":"ListItem","position":2,"name":"Proyecto MIT MISTI en FADEU"}]},{"@type":"WebSite","@id":"https:\/\/fadeu.urantiacos.cl\/en\/#website","url":"https:\/\/fadeu.urantiacos.cl\/en\/","name":"Facultad de Arquitectura, Dise\u00f1o y Estudios Urbanos","description":"Campus Lo Contador","potentialAction":[{"@type":"SearchAction","target":{"@type":"EntryPoint","urlTemplate":"https:\/\/fadeu.urantiacos.cl\/en\/?s={search_term_string}"},"query-input":{"@type":"PropertyValueSpecification","valueRequired":true,"valueName":"search_term_string"}}],"inLanguage":"en-US"},{"@type":"Person","@id":"https:\/\/fadeu.urantiacos.cl\/en\/#\/schema\/person\/d203e2e84b1c40275eac77b3061a19a2","name":"manadmin","image":{"@type":"ImageObject","inLanguage":"en-US","@id":"https:\/\/fadeu.urantiacos.cl\/en\/#\/schema\/person\/image\/","url":"https:\/\/secure.gravatar.com\/avatar\/4b1d8e3303b4a9d8968ac578947d8bc80d9aea359f388cdd4aac15cadc0e8447?s=96&d=mm&r=g","contentUrl":"https:\/\/secure.gravatar.com\/avatar\/4b1d8e3303b4a9d8968ac578947d8bc80d9aea359f388cdd4aac15cadc0e8447?s=96&d=mm&r=g","caption":"manadmin"},"sameAs":["https:\/\/fadeu.urantiacos.cl"]}]}},"_links":{"self":[{"href":"https:\/\/fadeu.urantiacos.cl\/en\/wp-json\/wp\/v2\/posts\/5506","targetHints":{"allow":["GET"]}}],"collection":[{"href":"https:\/\/fadeu.urantiacos.cl\/en\/wp-json\/wp\/v2\/posts"}],"about":[{"href":"https:\/\/fadeu.urantiacos.cl\/en\/wp-json\/wp\/v2\/types\/post"}],"author":[{"embeddable":true,"href":"https:\/\/fadeu.urantiacos.cl\/en\/wp-json\/wp\/v2\/users\/1"}],"replies":[{"embeddable":true,"href":"https:\/\/fadeu.urantiacos.cl\/en\/wp-json\/wp\/v2\/comments?post=5506"}],"version-history":[{"count":1,"href":"https:\/\/fadeu.urantiacos.cl\/en\/wp-json\/wp\/v2\/posts\/5506\/revisions"}],"predecessor-version":[{"id":5508,"href":"https:\/\/fadeu.urantiacos.cl\/en\/wp-json\/wp\/v2\/posts\/5506\/revisions\/5508"}],"wp:featuredmedia":[{"embeddable":true,"href":"https:\/\/fadeu.urantiacos.cl\/en\/wp-json\/wp\/v2\/media\/5507"}],"wp:attachment":[{"href":"https:\/\/fadeu.urantiacos.cl\/en\/wp-json\/wp\/v2\/media?parent=5506"}],"wp:term":[{"taxonomy":"category","embeddable":true,"href":"https:\/\/fadeu.urantiacos.cl\/en\/wp-json\/wp\/v2\/categories?post=5506"},{"taxonomy":"post_tag","embeddable":true,"href":"https:\/\/fadeu.urantiacos.cl\/en\/wp-json\/wp\/v2\/tags?post=5506"}],"curies":[{"name":"wp","href":"https:\/\/api.w.org\/{rel}","templated":true}]}}