{"id":5499,"date":"2022-01-27T14:32:00","date_gmt":"2022-01-27T17:32:00","guid":{"rendered":"https:\/\/fadeu.urantiacos.cl\/?p=5499"},"modified":"2023-09-06T14:37:11","modified_gmt":"2023-09-06T17:37:11","slug":"biblioteca-personal-de-fernando-castillo-velasco-es-donada-a-la-uc","status":"publish","type":"post","link":"https:\/\/fadeu.urantiacos.cl\/en\/2022\/01\/27\/biblioteca-personal-de-fernando-castillo-velasco-es-donada-a-la-uc\/","title":{"rendered":"Biblioteca personal de Fernando Castillo Velasco es donada a la UC"},"content":{"rendered":"\n<figure class=\"wp-block-image size-full\"><img decoding=\"async\" width=\"350\" height=\"250\" src=\"https:\/\/fadeu.urantiacos.cl\/wp-content\/uploads\/2023\/09\/fernando_castillo.700x532_web.jpg\" alt=\"\" class=\"wp-image-5500\" srcset=\"https:\/\/fadeu.urantiacos.cl\/wp-content\/uploads\/2023\/09\/fernando_castillo.700x532_web.jpg 350w, https:\/\/fadeu.urantiacos.cl\/wp-content\/uploads\/2023\/09\/fernando_castillo.700x532_web-300x214.jpg 300w\" sizes=\"(max-width: 350px) 100vw, 350px\" \/><\/figure>\n\n\n\n<p>Con la presencia de los hijos del matrimonio Castillo-Echeverr\u00eda, el rector Ignacio S\u00e1nchez y otras autoridades de la UC, este martes 25 de enero se efectu\u00f3 la ceremonia de&nbsp;donaci\u00f3n de la biblioteca personal de Fernando Castillo Velasco a la UC.<\/p>\n\n\n\n<p>La firma del convenio que cede y transfiere gratuitamente material personal del arquitecto, pol\u00edtico y acad\u00e9mico,&nbsp;se compone de m\u00e1s de 300 carpetas y 200 cajas que guardan recortes de prensa, videos, manuscritos y documentos originales pertenecientes al otrora rector de la UC, y tambi\u00e9n&nbsp;a la escritora y dramaturga M\u00f3nica Echeverr\u00eda;&nbsp;y a la madre de Echeverr\u00eda \u2013la escritora e hija del pol\u00edtico Eleodoro Y\u00e1\u00f1ez\u2013,&nbsp;Mar\u00eda Flora Y\u00e1\u00f1ez.<\/p>\n\n\n\n<p>En representaci\u00f3n de sus hermanos Consuelo, Cristi\u00e1n y Fernando Jos\u00e9,&nbsp;Carmen Castillo Echeverr\u00eda comparti\u00f3 durante la ceremonia el especial v\u00ednculo de amistad que exist\u00eda entre sus padres y el rector Ignacio S\u00e1nchez, destacando, adem\u00e1s, la importancia de esta donaci\u00f3n para su familia.&nbsp;<\/p>\n\n\n\n<p>\u201cLa entrega de estos archivos surgen de un encuentro entre personas, de la solidaridad entre personas que encarnan las instituciones.&nbsp;A nosotros nos parece fundamental recordar que el afecto y la sensibilidad son los cimientos de la pol\u00edtica, hoy m\u00e1s que nunca. Es por eso que el trabajo realizado por la Universidad, por la biblioteca y todos los que trabajan en el equipo de archivo nos parece esencial: sin el trabajo de memoria, no hay posibilidad de horizonte ni de futuro\u201d, sostuvo Carmen Castillo.<\/p>\n\n\n\n<p>El rector Ignacio S\u00e1nchez, a su vez, tambi\u00e9n ahond\u00f3 en su estrecha relaci\u00f3n con la familia Castillo Echeverr\u00eda. Es as\u00ed como record\u00f3 con estima el car\u00e1cter aut\u00f3nomo y valiente de M\u00f3nica Echeverr\u00eda y valor\u00f3 el rol de Fernando Castillo Velasco en la reforma de la UC,&nbsp;hito clave para la historia de la Universidad y tambi\u00e9n para Chile. \u201cDon Fernando (Castillo Velasco) est\u00e1 muy vivo en esta instituci\u00f3n y lo est\u00e1 porque esta instituci\u00f3n recibi\u00f3 mucho de su aporte; un aporte que la UC ha seguido proyectando al sistema de educaci\u00f3n superior de todo&nbsp;el pa\u00eds. Por lo tanto, siento que la obra de \u00e9l llega a su propia casa, a este archivo hist\u00f3rico, donde se junta con grandes como Vicente Huidobro, Violeta Parra y Manuel Rojas, entre otros.&nbsp;La recepci\u00f3n de este patrimonio cultural no tiene otro norte que la proyecci\u00f3n y la posibilidad de mostrarlo a las futuras generaciones para&nbsp;poder aprender de ellos\u201d, dijo en la ceremonia.<br><br>\u201cDon Fernando Castillo Velasco&nbsp;est\u00e1 muy vivo en esta instituci\u00f3n y lo est\u00e1 porque esta instituci\u00f3n recibi\u00f3 mucho de su aporte; un aporte que la UC ha seguido proyectando al sistema de educaci\u00f3n superior de todo&nbsp;el pa\u00eds&#8221;. -Rector UC Ignacio S\u00e1nchez&nbsp;<\/p>\n\n\n\n<p>La ceremonia de donaci\u00f3n cont\u00f3 con la presencia de los hijos del matrimonio Castillo Echeverr\u00eda \u2013Carmen, Consuelo y Cristi\u00e1n\u2013;&nbsp;el prorrector Guillermo Marshall;&nbsp;el prorrector de Gesti\u00f3n Institucional, Patricio Donoso;&nbsp;la vicerrectora de Comunicaciones y Extensi\u00f3n Cultural, Magdalena Amen\u00e1bar;&nbsp;la prosecretaria general, Marisol Urrutia;&nbsp;la directora de Bibliotecas, Evelyn Didier; la subdirectora de Recursos de Informaci\u00f3n y Archivos de Bibliotecas,&nbsp;Marcela Rivera; y Andrea Brandes Weschke, invitada de la familia Castillo Echeverr\u00eda.<\/p>\n\n\n\n<h3 class=\"wp-block-heading\">Valor, preservaci\u00f3n y proyecci\u00f3n de la donaci\u00f3n<\/h3>\n\n\n\n<p>La tarea de recepci\u00f3n, trabajo de inventario y preparaci\u00f3n del material donado por la familia de Fernando Castillo Velasco ha estado a cargo de la Subdirecci\u00f3n de Recursos de Informaci\u00f3n y Archivos del&nbsp;<a href=\"http:\/\/bibliotecas.uc.cl\/\" target=\"_blank\" rel=\"noreferrer noopener\">Sistema de Bibliotecas de la Universidad<\/a>. Gracias al trabajo de este equipo, el fondo documental se visibilizar\u00e1 a trav\u00e9s del&nbsp;<a href=\"https:\/\/archivospatrimoniales.uc.cl\/handle\/123456789\/1\" target=\"_blank\" rel=\"noreferrer noopener\">cat\u00e1logo patrimonial UC<\/a>, proyecto iniciado hace cuatro a\u00f1os y que tiene como prop\u00f3sito recopilar, valorar, preservar, difundir y facilitar el acceso al patrimonio cultural y art\u00edstico de la Universidad con fines acad\u00e9micos, culturales, sociales y educacionales.<\/p>\n\n\n\n<p>De manera presencial, el Fondo Fernando Castillo Velasco&nbsp;podr\u00e1 ser consultado en la Biblioteca de Humanidades, ubicada en el campus San Joaqu\u00edn. Este material, adem\u00e1s, enriquecer\u00e1 otros tres fondos donde se encuentra diversa documentaci\u00f3n y huella de su trabajo: el Fondo Documental Bresciani-Vald\u00e9s-Castillo-Huidobro (FBVCH) del Archivo de Originales de la Facultad de Arquitectura, Dise\u00f1o y Estudios Urbanos;&nbsp;el Archivo Hist\u00f3rico institucional; y el Fondo Documental de la Vicerrector\u00eda de Comunicaciones y Extensi\u00f3n Cultural.<\/p>\n\n\n\n<p>\u201cEs as\u00ed como el Sistema de Bibliotecas, utilizando tecnolog\u00edas de informaci\u00f3n y comunicaciones de vanguardia, pone estas colecciones a disposici\u00f3n de la comunidad nacional e internacional, para contribuir a la investigaci\u00f3n, a la docencia, y a la formaci\u00f3n, a partir de fuentes primarias de informaci\u00f3n como son los documentos patrimoniales de figuras tan inspiradoras y testimoniales como lo son las que hoy nos re\u00fanen y convocan\u201d, expres\u00f3 en la ceremonia de donaci\u00f3n&nbsp;la directora del Sistema de Bibliotecas, Evelyn Didier.<\/p>\n\n\n\n<p>Algunos materiales destacados de la donaci\u00f3n de la familia Castillo Echeverr\u00eda son:<br>&#8211; Discursos como rector de la UC, diversos art\u00edculos y&nbsp;recortes de prensa de la reforma en la UC<br>&#8211; Declaraciones del rector Fernando Castillo Velasco en una conferencia de prensa realizada el 7 de mayo de 1970<br>&#8211; Claustro Universitario. Tercera sesi\u00f3n ordinaria de agosto de 1973. Mensaje del rector<br>&#8211; Planos oficiales de Hu\u00e9rfanos 1724<br>&#8211; Planos del edificio de Naciones Unidas<br>&#8211; Manuscritos del movimiento Mujeres por la vida<br>&#8211; Borrador del libro \u201cYo, Violeta\u201d de M.&nbsp;Echeverr\u00eda<br>&#8211; Cartas&nbsp;a M\u00f3nica Echeverr\u00eda<br>&#8211; Las aspiraciones m\u00e1s importantes de la mujer chilena (borrador sin t\u00edtulo de M. Echeverr\u00eda)<\/p>\n\n\n\n<h3 class=\"wp-block-heading\">Trayectoria y vida<\/h3>\n\n\n\n<p>El arquitecto y acad\u00e9mico Fernando Castillo Velasco fue el primer y \u00fanico&nbsp;rector elegido por la comunidad UC luego del movimiento de reforma universitaria de 1967.&nbsp;<\/p>\n\n\n\n<p>Durante su gesti\u00f3n se desarrollaron reformas que permitieron que la comunidad universitaria participara en la administraci\u00f3n de la casa de estudios, cuesti\u00f3n que antes estaba reservada a dignatarios eclesi\u00e1sticos y autoridades designadas por estos. Su rectorado termin\u00f3 en 1973 luego de que se designaran rectores delegados en todas las universidades de Chile.<\/p>\n\n\n\n<p>Su aporte a la arquitectura y al desarrollo urbano le vali\u00f3 en 1983 el Premio Nacional de Arquitectura, y en 1987 fue nombrado Doctor Honoris Causa de la UC.<\/p>\n\n\n\n<p>Fue intendente de la Regi\u00f3n Metropolitana durante el gobierno de Eduardo Frei Ruiz-Tagle y&nbsp;alcalde de la comuna de La Reina durante cuatro per\u00edodos.<\/p>\n\n\n\n<p>Su esposa M\u00f3nica Echeverr\u00eda Y\u00e1\u00f1ez fue durante su vida escritora, profesora, actriz, directora y dramaturga, as\u00ed como tambi\u00e9n una&nbsp;incansable defensora de los derechos humanos en Chile. Perteneci\u00f3 al equipo que fund\u00f3 la compa\u00f1\u00eda de teatro&nbsp;Ictus, en 1955, y tambi\u00e9n dirigi\u00f3 obras para ni\u00f1os como &#8220;El c\u00edrculo encantado&#8221; y &#8220;Guatapique&#8221;, entre otras.<\/p>\n\n\n\n<p>Actu\u00f3 en pel\u00edculas dirigidas por Ra\u00fal Ruiz,&nbsp;como &#8220;La colonia penal&#8221; (1970) y &#8220;Palomita blanca&#8221; (1973). Posteriormente integr\u00f3&nbsp;el movimiento Mujeres por la Vida, y fue la autora de libros como &#8220;Yo, Violeta&#8221;&nbsp;y &#8220;Cr\u00f3nicas vedadas: Radiograf\u00eda de una elite impune&#8221;.<\/p>\n\n\n\n<p>Fernando Castillo Velasco falleci\u00f3 el 18 de julio del 2013 y M\u00f3nica Echeverr\u00eda el 3 de enero de 2020. El funeral de la escritora se realiz\u00f3 en el Campus Oriente de la UC.<\/p>\n\n\n\n<figure class=\"wp-block-image size-full\"><img decoding=\"async\" width=\"700\" height=\"532\" src=\"https:\/\/fadeu.urantiacos.cl\/wp-content\/uploads\/2023\/09\/fernando_castillo_2.jpg\" alt=\"\" class=\"wp-image-5501\" srcset=\"https:\/\/fadeu.urantiacos.cl\/wp-content\/uploads\/2023\/09\/fernando_castillo_2.jpg 700w, https:\/\/fadeu.urantiacos.cl\/wp-content\/uploads\/2023\/09\/fernando_castillo_2-300x228.jpg 300w\" sizes=\"(max-width: 700px) 100vw, 700px\" \/><\/figure>\n\n\n\n<p>Los hijos del matrimonio Castillo Echeverr\u00eda se reunieron con autoridades de la UC en la ceremonia de donaci\u00f3n realizada en la Casa Central de la Universidad. Cr\u00e9dito imagen: Karina Fuenzalida.<\/p>\n\n\n\n<p>INFORMACI\u00d3N PERIOD\u00cdSTICA<br>Mariana Callejas&nbsp;<\/p>\n","protected":false},"excerpt":{"rendered":"<p>La familia del arquitecto, pol\u00edtico y ex rector de la Universidad Cat\u00f3lica cedi\u00f3 al plantel valiosos registros impresos y audiovisuales que reconstruyen parte de su trayectoria en la arquitectura, su labor como alcalde en la comuna de La Reina y su hist\u00f3rica elecci\u00f3n como el primer rector laico de la UC entre 1967 y 1973. La donaci\u00f3n tambi\u00e9n incluye material perteneciente a su esposa, la escritora y acad\u00e9mica M\u00f3nica Echeverr\u00eda.<\/p>\n","protected":false},"author":1,"featured_media":5500,"comment_status":"open","ping_status":"open","sticky":false,"template":"","format":"standard","meta":{"_acf_changed":false,"footnotes":""},"categories":[1],"tags":[],"class_list":["post-5499","post","type-post","status-publish","format-standard","has-post-thumbnail","hentry","category-sin-categorizar"],"acf":[],"yoast_head":"<!-- This site is optimized with the Yoast SEO plugin v27.1.1 - https:\/\/yoast.com\/product\/yoast-seo-wordpress\/ -->\n<title>Biblioteca personal de Fernando Castillo Velasco es donada a la UC - Facultad de Arquitectura, Dise\u00f1o y Estudios Urbanos<\/title>\n<meta name=\"description\" content=\"La familia del arquitecto, pol\u00edtico y ex rector de la Universidad Cat\u00f3lica cedi\u00f3 al plantel valiosos registros impresos y audiovisuales que reconstruyen parte de su trayectoria en la arquitectura, su labor como alcalde en la comuna de La Reina y su hist\u00f3rica elecci\u00f3n como el primer rector laico de la UC entre 1967 y 1973. La donaci\u00f3n tambi\u00e9n incluye material perteneciente a su esposa, la escritora y acad\u00e9mica M\u00f3nica Echeverr\u00eda.\" \/>\n<meta name=\"robots\" content=\"index, follow, max-snippet:-1, max-image-preview:large, max-video-preview:-1\" \/>\n<link rel=\"canonical\" href=\"https:\/\/fadeu.urantiacos.cl\/en\/2022\/01\/27\/biblioteca-personal-de-fernando-castillo-velasco-es-donada-a-la-uc\/\" \/>\n<meta property=\"og:locale\" content=\"en_US\" \/>\n<meta property=\"og:type\" content=\"article\" \/>\n<meta property=\"og:title\" content=\"Biblioteca personal de Fernando Castillo Velasco es donada a la UC - Facultad de Arquitectura, Dise\u00f1o y Estudios Urbanos\" \/>\n<meta property=\"og:description\" content=\"La familia del arquitecto, pol\u00edtico y ex rector de la Universidad Cat\u00f3lica cedi\u00f3 al plantel valiosos registros impresos y audiovisuales que reconstruyen parte de su trayectoria en la arquitectura, su labor como alcalde en la comuna de La Reina y su hist\u00f3rica elecci\u00f3n como el primer rector laico de la UC entre 1967 y 1973. La donaci\u00f3n tambi\u00e9n incluye material perteneciente a su esposa, la escritora y acad\u00e9mica M\u00f3nica Echeverr\u00eda.\" \/>\n<meta property=\"og:url\" content=\"https:\/\/fadeu.urantiacos.cl\/en\/2022\/01\/27\/biblioteca-personal-de-fernando-castillo-velasco-es-donada-a-la-uc\/\" \/>\n<meta property=\"og:site_name\" content=\"Facultad de Arquitectura, Dise\u00f1o y Estudios Urbanos\" \/>\n<meta property=\"article:published_time\" content=\"2022-01-27T17:32:00+00:00\" \/>\n<meta property=\"article:modified_time\" content=\"2023-09-06T17:37:11+00:00\" \/>\n<meta property=\"og:image\" content=\"https:\/\/fadeu.urantiacos.cl\/wp-content\/uploads\/2023\/09\/fernando_castillo.700x532_web.jpg\" \/>\n\t<meta property=\"og:image:width\" content=\"350\" \/>\n\t<meta property=\"og:image:height\" content=\"250\" \/>\n\t<meta property=\"og:image:type\" content=\"image\/jpeg\" \/>\n<meta name=\"author\" content=\"manadmin\" \/>\n<meta name=\"twitter:card\" content=\"summary_large_image\" \/>\n<meta name=\"twitter:label1\" content=\"Written by\" \/>\n\t<meta name=\"twitter:data1\" content=\"manadmin\" \/>\n\t<meta name=\"twitter:label2\" content=\"Est. reading time\" \/>\n\t<meta name=\"twitter:data2\" content=\"6 minutes\" \/>\n<script type=\"application\/ld+json\" class=\"yoast-schema-graph\">{\"@context\":\"https:\/\/schema.org\",\"@graph\":[{\"@type\":\"Article\",\"@id\":\"https:\/\/fadeu.urantiacos.cl\/en\/2022\/01\/27\/biblioteca-personal-de-fernando-castillo-velasco-es-donada-a-la-uc\/#article\",\"isPartOf\":{\"@id\":\"https:\/\/fadeu.urantiacos.cl\/en\/2022\/01\/27\/biblioteca-personal-de-fernando-castillo-velasco-es-donada-a-la-uc\/\"},\"author\":{\"name\":\"manadmin\",\"@id\":\"https:\/\/fadeu.urantiacos.cl\/en\/#\/schema\/person\/d203e2e84b1c40275eac77b3061a19a2\"},\"headline\":\"Biblioteca personal de Fernando Castillo Velasco es donada a la UC\",\"datePublished\":\"2022-01-27T17:32:00+00:00\",\"dateModified\":\"2023-09-06T17:37:11+00:00\",\"mainEntityOfPage\":{\"@id\":\"https:\/\/fadeu.urantiacos.cl\/en\/2022\/01\/27\/biblioteca-personal-de-fernando-castillo-velasco-es-donada-a-la-uc\/\"},\"wordCount\":1310,\"commentCount\":0,\"image\":{\"@id\":\"https:\/\/fadeu.urantiacos.cl\/en\/2022\/01\/27\/biblioteca-personal-de-fernando-castillo-velasco-es-donada-a-la-uc\/#primaryimage\"},\"thumbnailUrl\":\"https:\/\/fadeu.urantiacos.cl\/wp-content\/uploads\/2023\/09\/fernando_castillo.700x532_web.jpg\",\"articleSection\":[\"Sin categorizar\"],\"inLanguage\":\"en-US\",\"potentialAction\":[{\"@type\":\"CommentAction\",\"name\":\"Comment\",\"target\":[\"https:\/\/fadeu.urantiacos.cl\/en\/2022\/01\/27\/biblioteca-personal-de-fernando-castillo-velasco-es-donada-a-la-uc\/#respond\"]}]},{\"@type\":\"WebPage\",\"@id\":\"https:\/\/fadeu.urantiacos.cl\/en\/2022\/01\/27\/biblioteca-personal-de-fernando-castillo-velasco-es-donada-a-la-uc\/\",\"url\":\"https:\/\/fadeu.urantiacos.cl\/en\/2022\/01\/27\/biblioteca-personal-de-fernando-castillo-velasco-es-donada-a-la-uc\/\",\"name\":\"Biblioteca personal de Fernando Castillo Velasco es donada a la UC - Facultad de Arquitectura, Dise\u00f1o y Estudios Urbanos\",\"isPartOf\":{\"@id\":\"https:\/\/fadeu.urantiacos.cl\/en\/#website\"},\"primaryImageOfPage\":{\"@id\":\"https:\/\/fadeu.urantiacos.cl\/en\/2022\/01\/27\/biblioteca-personal-de-fernando-castillo-velasco-es-donada-a-la-uc\/#primaryimage\"},\"image\":{\"@id\":\"https:\/\/fadeu.urantiacos.cl\/en\/2022\/01\/27\/biblioteca-personal-de-fernando-castillo-velasco-es-donada-a-la-uc\/#primaryimage\"},\"thumbnailUrl\":\"https:\/\/fadeu.urantiacos.cl\/wp-content\/uploads\/2023\/09\/fernando_castillo.700x532_web.jpg\",\"datePublished\":\"2022-01-27T17:32:00+00:00\",\"dateModified\":\"2023-09-06T17:37:11+00:00\",\"author\":{\"@id\":\"https:\/\/fadeu.urantiacos.cl\/en\/#\/schema\/person\/d203e2e84b1c40275eac77b3061a19a2\"},\"description\":\"La familia del arquitecto, pol\u00edtico y ex rector de la Universidad Cat\u00f3lica cedi\u00f3 al plantel valiosos registros impresos y audiovisuales que reconstruyen parte de su trayectoria en la arquitectura, su labor como alcalde en la comuna de La Reina y su hist\u00f3rica elecci\u00f3n como el primer rector laico de la UC entre 1967 y 1973. La donaci\u00f3n tambi\u00e9n incluye material perteneciente a su esposa, la escritora y acad\u00e9mica M\u00f3nica Echeverr\u00eda.\",\"breadcrumb\":{\"@id\":\"https:\/\/fadeu.urantiacos.cl\/en\/2022\/01\/27\/biblioteca-personal-de-fernando-castillo-velasco-es-donada-a-la-uc\/#breadcrumb\"},\"inLanguage\":\"en-US\",\"potentialAction\":[{\"@type\":\"ReadAction\",\"target\":[\"https:\/\/fadeu.urantiacos.cl\/en\/2022\/01\/27\/biblioteca-personal-de-fernando-castillo-velasco-es-donada-a-la-uc\/\"]}]},{\"@type\":\"ImageObject\",\"inLanguage\":\"en-US\",\"@id\":\"https:\/\/fadeu.urantiacos.cl\/en\/2022\/01\/27\/biblioteca-personal-de-fernando-castillo-velasco-es-donada-a-la-uc\/#primaryimage\",\"url\":\"https:\/\/fadeu.urantiacos.cl\/wp-content\/uploads\/2023\/09\/fernando_castillo.700x532_web.jpg\",\"contentUrl\":\"https:\/\/fadeu.urantiacos.cl\/wp-content\/uploads\/2023\/09\/fernando_castillo.700x532_web.jpg\",\"width\":350,\"height\":250},{\"@type\":\"BreadcrumbList\",\"@id\":\"https:\/\/fadeu.urantiacos.cl\/en\/2022\/01\/27\/biblioteca-personal-de-fernando-castillo-velasco-es-donada-a-la-uc\/#breadcrumb\",\"itemListElement\":[{\"@type\":\"ListItem\",\"position\":1,\"name\":\"Portada\",\"item\":\"https:\/\/fadeu.urantiacos.cl\/en\/\"},{\"@type\":\"ListItem\",\"position\":2,\"name\":\"Biblioteca personal de Fernando Castillo Velasco es donada a la UC\"}]},{\"@type\":\"WebSite\",\"@id\":\"https:\/\/fadeu.urantiacos.cl\/en\/#website\",\"url\":\"https:\/\/fadeu.urantiacos.cl\/en\/\",\"name\":\"Facultad de Arquitectura, Dise\u00f1o y Estudios Urbanos\",\"description\":\"Campus Lo Contador\",\"potentialAction\":[{\"@type\":\"SearchAction\",\"target\":{\"@type\":\"EntryPoint\",\"urlTemplate\":\"https:\/\/fadeu.urantiacos.cl\/en\/?s={search_term_string}\"},\"query-input\":{\"@type\":\"PropertyValueSpecification\",\"valueRequired\":true,\"valueName\":\"search_term_string\"}}],\"inLanguage\":\"en-US\"},{\"@type\":\"Person\",\"@id\":\"https:\/\/fadeu.urantiacos.cl\/en\/#\/schema\/person\/d203e2e84b1c40275eac77b3061a19a2\",\"name\":\"manadmin\",\"image\":{\"@type\":\"ImageObject\",\"inLanguage\":\"en-US\",\"@id\":\"https:\/\/fadeu.urantiacos.cl\/en\/#\/schema\/person\/image\/\",\"url\":\"https:\/\/secure.gravatar.com\/avatar\/4b1d8e3303b4a9d8968ac578947d8bc80d9aea359f388cdd4aac15cadc0e8447?s=96&d=mm&r=g\",\"contentUrl\":\"https:\/\/secure.gravatar.com\/avatar\/4b1d8e3303b4a9d8968ac578947d8bc80d9aea359f388cdd4aac15cadc0e8447?s=96&d=mm&r=g\",\"caption\":\"manadmin\"},\"sameAs\":[\"https:\/\/fadeu.urantiacos.cl\"]}]}<\/script>\n<!-- \/ Yoast SEO plugin. -->","yoast_head_json":{"title":"Biblioteca personal de Fernando Castillo Velasco es donada a la UC - Facultad de Arquitectura, Dise\u00f1o y Estudios Urbanos","description":"La familia del arquitecto, pol\u00edtico y ex rector de la Universidad Cat\u00f3lica cedi\u00f3 al plantel valiosos registros impresos y audiovisuales que reconstruyen parte de su trayectoria en la arquitectura, su labor como alcalde en la comuna de La Reina y su hist\u00f3rica elecci\u00f3n como el primer rector laico de la UC entre 1967 y 1973. La donaci\u00f3n tambi\u00e9n incluye material perteneciente a su esposa, la escritora y acad\u00e9mica M\u00f3nica Echeverr\u00eda.","robots":{"index":"index","follow":"follow","max-snippet":"max-snippet:-1","max-image-preview":"max-image-preview:large","max-video-preview":"max-video-preview:-1"},"canonical":"https:\/\/fadeu.urantiacos.cl\/en\/2022\/01\/27\/biblioteca-personal-de-fernando-castillo-velasco-es-donada-a-la-uc\/","og_locale":"en_US","og_type":"article","og_title":"Biblioteca personal de Fernando Castillo Velasco es donada a la UC - Facultad de Arquitectura, Dise\u00f1o y Estudios Urbanos","og_description":"La familia del arquitecto, pol\u00edtico y ex rector de la Universidad Cat\u00f3lica cedi\u00f3 al plantel valiosos registros impresos y audiovisuales que reconstruyen parte de su trayectoria en la arquitectura, su labor como alcalde en la comuna de La Reina y su hist\u00f3rica elecci\u00f3n como el primer rector laico de la UC entre 1967 y 1973. La donaci\u00f3n tambi\u00e9n incluye material perteneciente a su esposa, la escritora y acad\u00e9mica M\u00f3nica Echeverr\u00eda.","og_url":"https:\/\/fadeu.urantiacos.cl\/en\/2022\/01\/27\/biblioteca-personal-de-fernando-castillo-velasco-es-donada-a-la-uc\/","og_site_name":"Facultad de Arquitectura, Dise\u00f1o y Estudios Urbanos","article_published_time":"2022-01-27T17:32:00+00:00","article_modified_time":"2023-09-06T17:37:11+00:00","og_image":[{"width":350,"height":250,"url":"https:\/\/fadeu.urantiacos.cl\/wp-content\/uploads\/2023\/09\/fernando_castillo.700x532_web.jpg","type":"image\/jpeg"}],"author":"manadmin","twitter_card":"summary_large_image","twitter_misc":{"Written by":"manadmin","Est. reading time":"6 minutes"},"schema":{"@context":"https:\/\/schema.org","@graph":[{"@type":"Article","@id":"https:\/\/fadeu.urantiacos.cl\/en\/2022\/01\/27\/biblioteca-personal-de-fernando-castillo-velasco-es-donada-a-la-uc\/#article","isPartOf":{"@id":"https:\/\/fadeu.urantiacos.cl\/en\/2022\/01\/27\/biblioteca-personal-de-fernando-castillo-velasco-es-donada-a-la-uc\/"},"author":{"name":"manadmin","@id":"https:\/\/fadeu.urantiacos.cl\/en\/#\/schema\/person\/d203e2e84b1c40275eac77b3061a19a2"},"headline":"Biblioteca personal de Fernando Castillo Velasco es donada a la UC","datePublished":"2022-01-27T17:32:00+00:00","dateModified":"2023-09-06T17:37:11+00:00","mainEntityOfPage":{"@id":"https:\/\/fadeu.urantiacos.cl\/en\/2022\/01\/27\/biblioteca-personal-de-fernando-castillo-velasco-es-donada-a-la-uc\/"},"wordCount":1310,"commentCount":0,"image":{"@id":"https:\/\/fadeu.urantiacos.cl\/en\/2022\/01\/27\/biblioteca-personal-de-fernando-castillo-velasco-es-donada-a-la-uc\/#primaryimage"},"thumbnailUrl":"https:\/\/fadeu.urantiacos.cl\/wp-content\/uploads\/2023\/09\/fernando_castillo.700x532_web.jpg","articleSection":["Sin categorizar"],"inLanguage":"en-US","potentialAction":[{"@type":"CommentAction","name":"Comment","target":["https:\/\/fadeu.urantiacos.cl\/en\/2022\/01\/27\/biblioteca-personal-de-fernando-castillo-velasco-es-donada-a-la-uc\/#respond"]}]},{"@type":"WebPage","@id":"https:\/\/fadeu.urantiacos.cl\/en\/2022\/01\/27\/biblioteca-personal-de-fernando-castillo-velasco-es-donada-a-la-uc\/","url":"https:\/\/fadeu.urantiacos.cl\/en\/2022\/01\/27\/biblioteca-personal-de-fernando-castillo-velasco-es-donada-a-la-uc\/","name":"Biblioteca personal de Fernando Castillo Velasco es donada a la UC - Facultad de Arquitectura, Dise\u00f1o y Estudios Urbanos","isPartOf":{"@id":"https:\/\/fadeu.urantiacos.cl\/en\/#website"},"primaryImageOfPage":{"@id":"https:\/\/fadeu.urantiacos.cl\/en\/2022\/01\/27\/biblioteca-personal-de-fernando-castillo-velasco-es-donada-a-la-uc\/#primaryimage"},"image":{"@id":"https:\/\/fadeu.urantiacos.cl\/en\/2022\/01\/27\/biblioteca-personal-de-fernando-castillo-velasco-es-donada-a-la-uc\/#primaryimage"},"thumbnailUrl":"https:\/\/fadeu.urantiacos.cl\/wp-content\/uploads\/2023\/09\/fernando_castillo.700x532_web.jpg","datePublished":"2022-01-27T17:32:00+00:00","dateModified":"2023-09-06T17:37:11+00:00","author":{"@id":"https:\/\/fadeu.urantiacos.cl\/en\/#\/schema\/person\/d203e2e84b1c40275eac77b3061a19a2"},"description":"La familia del arquitecto, pol\u00edtico y ex rector de la Universidad Cat\u00f3lica cedi\u00f3 al plantel valiosos registros impresos y audiovisuales que reconstruyen parte de su trayectoria en la arquitectura, su labor como alcalde en la comuna de La Reina y su hist\u00f3rica elecci\u00f3n como el primer rector laico de la UC entre 1967 y 1973. La donaci\u00f3n tambi\u00e9n incluye material perteneciente a su esposa, la escritora y acad\u00e9mica M\u00f3nica Echeverr\u00eda.","breadcrumb":{"@id":"https:\/\/fadeu.urantiacos.cl\/en\/2022\/01\/27\/biblioteca-personal-de-fernando-castillo-velasco-es-donada-a-la-uc\/#breadcrumb"},"inLanguage":"en-US","potentialAction":[{"@type":"ReadAction","target":["https:\/\/fadeu.urantiacos.cl\/en\/2022\/01\/27\/biblioteca-personal-de-fernando-castillo-velasco-es-donada-a-la-uc\/"]}]},{"@type":"ImageObject","inLanguage":"en-US","@id":"https:\/\/fadeu.urantiacos.cl\/en\/2022\/01\/27\/biblioteca-personal-de-fernando-castillo-velasco-es-donada-a-la-uc\/#primaryimage","url":"https:\/\/fadeu.urantiacos.cl\/wp-content\/uploads\/2023\/09\/fernando_castillo.700x532_web.jpg","contentUrl":"https:\/\/fadeu.urantiacos.cl\/wp-content\/uploads\/2023\/09\/fernando_castillo.700x532_web.jpg","width":350,"height":250},{"@type":"BreadcrumbList","@id":"https:\/\/fadeu.urantiacos.cl\/en\/2022\/01\/27\/biblioteca-personal-de-fernando-castillo-velasco-es-donada-a-la-uc\/#breadcrumb","itemListElement":[{"@type":"ListItem","position":1,"name":"Portada","item":"https:\/\/fadeu.urantiacos.cl\/en\/"},{"@type":"ListItem","position":2,"name":"Biblioteca personal de Fernando Castillo Velasco es donada a la UC"}]},{"@type":"WebSite","@id":"https:\/\/fadeu.urantiacos.cl\/en\/#website","url":"https:\/\/fadeu.urantiacos.cl\/en\/","name":"Facultad de Arquitectura, Dise\u00f1o y Estudios Urbanos","description":"Campus Lo Contador","potentialAction":[{"@type":"SearchAction","target":{"@type":"EntryPoint","urlTemplate":"https:\/\/fadeu.urantiacos.cl\/en\/?s={search_term_string}"},"query-input":{"@type":"PropertyValueSpecification","valueRequired":true,"valueName":"search_term_string"}}],"inLanguage":"en-US"},{"@type":"Person","@id":"https:\/\/fadeu.urantiacos.cl\/en\/#\/schema\/person\/d203e2e84b1c40275eac77b3061a19a2","name":"manadmin","image":{"@type":"ImageObject","inLanguage":"en-US","@id":"https:\/\/fadeu.urantiacos.cl\/en\/#\/schema\/person\/image\/","url":"https:\/\/secure.gravatar.com\/avatar\/4b1d8e3303b4a9d8968ac578947d8bc80d9aea359f388cdd4aac15cadc0e8447?s=96&d=mm&r=g","contentUrl":"https:\/\/secure.gravatar.com\/avatar\/4b1d8e3303b4a9d8968ac578947d8bc80d9aea359f388cdd4aac15cadc0e8447?s=96&d=mm&r=g","caption":"manadmin"},"sameAs":["https:\/\/fadeu.urantiacos.cl"]}]}},"_links":{"self":[{"href":"https:\/\/fadeu.urantiacos.cl\/en\/wp-json\/wp\/v2\/posts\/5499","targetHints":{"allow":["GET"]}}],"collection":[{"href":"https:\/\/fadeu.urantiacos.cl\/en\/wp-json\/wp\/v2\/posts"}],"about":[{"href":"https:\/\/fadeu.urantiacos.cl\/en\/wp-json\/wp\/v2\/types\/post"}],"author":[{"embeddable":true,"href":"https:\/\/fadeu.urantiacos.cl\/en\/wp-json\/wp\/v2\/users\/1"}],"replies":[{"embeddable":true,"href":"https:\/\/fadeu.urantiacos.cl\/en\/wp-json\/wp\/v2\/comments?post=5499"}],"version-history":[{"count":1,"href":"https:\/\/fadeu.urantiacos.cl\/en\/wp-json\/wp\/v2\/posts\/5499\/revisions"}],"predecessor-version":[{"id":5502,"href":"https:\/\/fadeu.urantiacos.cl\/en\/wp-json\/wp\/v2\/posts\/5499\/revisions\/5502"}],"wp:featuredmedia":[{"embeddable":true,"href":"https:\/\/fadeu.urantiacos.cl\/en\/wp-json\/wp\/v2\/media\/5500"}],"wp:attachment":[{"href":"https:\/\/fadeu.urantiacos.cl\/en\/wp-json\/wp\/v2\/media?parent=5499"}],"wp:term":[{"taxonomy":"category","embeddable":true,"href":"https:\/\/fadeu.urantiacos.cl\/en\/wp-json\/wp\/v2\/categories?post=5499"},{"taxonomy":"post_tag","embeddable":true,"href":"https:\/\/fadeu.urantiacos.cl\/en\/wp-json\/wp\/v2\/tags?post=5499"}],"curies":[{"name":"wp","href":"https:\/\/api.w.org\/{rel}","templated":true}]}}