{"id":5492,"date":"2022-02-28T12:14:00","date_gmt":"2022-02-28T15:14:00","guid":{"rendered":"https:\/\/fadeu.urantiacos.cl\/?p=5492"},"modified":"2023-11-14T11:47:57","modified_gmt":"2023-11-14T14:47:57","slug":"lanzamiento-sobre-monumentos-publicos","status":"publish","type":"post","link":"https:\/\/fadeu.urantiacos.cl\/en\/2022\/02\/28\/lanzamiento-sobre-monumentos-publicos\/","title":{"rendered":"Lanzamiento \u201cSobre Monumentos P\u00fablicos\u201d"},"content":{"rendered":"\n<p>Este lunes 7 de marzo de 2022 en el Sal\u00f3n de Honor de la Pontificia Universidad Cat\u00f3lica de Chile se efectu\u00f3 el lanzamiento del libro \u201cSobre Monumentos P\u00fablicos\u201d, que nace del trabajo mancomunado entre la Subsecretar\u00eda del Patrimonio Cultural, la Secretar\u00eda T\u00e9cnica del Consejo de Monumentos Nacionales y del Centro del Patrimonio Cultural de la Pontificia Universidad Cat\u00f3lica de Chile, edici\u00f3n que re\u00fane diversas miradas de autores que con sus estudios buscan abrir un espacio de reflexi\u00f3n y discusi\u00f3n en torno a los monumentos p\u00fablicos.&nbsp;<\/p>\n\n\n\n<p>\u201cSobre Monumentos P\u00fablicos\u201d es un texto que brinda nuevos enfoques y aproximaciones al debate en torno a los monumentos p\u00fablicos, aportando a la divulgaci\u00f3n y a los procesos de puesta en valor de estos bienes patrimoniales. Esta publicaci\u00f3n est\u00e1 orientada a generar un mayor entendimiento de los monumentos p\u00fablicos como bienes que contribuyen a la construcci\u00f3n de ciudades y ciudadan\u00edas, y el rol presente y futuro de estos patrimonios en relaci\u00f3n con sus comunidades y entornos donde se sit\u00faan.<\/p>\n\n\n\n<p>Para el Subsecretario de Patrimonio Cultural, Emilio De la Cerda \u201ceste libro reflexiona y debate sobre estos hitos del paisaje urbano y la vida material, hist\u00f3rica y urbana. As\u00ed, el conocimiento y mirada sobre los monumentos se ampl\u00eda, dando espacio a otras interpretaciones y propuestas sobre su dimensi\u00f3n social y simb\u00f3lica, evidenciando las tensiones y buscando el di\u00e1logo en torno a estos espacios con diversas historias, comunidades y valores asociados\u201d, se\u00f1al\u00f3.<\/p>\n\n\n\n<p>Entre las y los autores se encuentran acad\u00e9micos, especialistas y artistas nacionales e internacionales con diversas miradas en torno a los monumentos. Estas visiones fueron expuestas en instancias y encuentros organizados por el Centro del Patrimonio Cultural UC, la Subsecretar\u00eda del Patrimonio Cultural y la Secretar\u00eda T\u00e9cnica del Consejo de Monumentos Nacionales, del Ministerio de las Culturas, las Artes y el Patrimonio, gener\u00e1ndose un di\u00e1logo local y global sobre los monumentos p\u00fablicos, fomentando el an\u00e1lisis comparado de reflexiones y experiencias.<\/p>\n\n\n\n<p>\u201cLa palabra patrimonio&nbsp;proviene del lat\u00edn&nbsp;patrimonium&nbsp;que significa bienes que se posee de los padres. Por ser un legado que se transfiere de generaci\u00f3n en generaci\u00f3n, est\u00e1 impl\u00edcito que se trata de algo valioso y esto es as\u00ed porque ning\u00fan&nbsp;progreso puede ser duradero ni equitativo sin cultura. Este libro releva a los monumentos como parte esencial de nuestro patrimonio, el que solo podremos apreciar y mantener si se conoce en sus m\u00faltiples facetas y a trav\u00e9s de miradas como las aqu\u00ed expuestas\u201d, afirma Mar\u00eda Ang\u00e9lica Zegers, Directora de Ediciones UC.&nbsp;&nbsp;&nbsp;<\/p>\n\n\n\n<p>Para Umberto Bonomo, Director del Centro del Patrimonio Cultural UC, esta publicaci\u00f3n es un espacio de reflexi\u00f3n sobre los monumentos p\u00fablicos, una de las tantas voces que se manifestaron en Chile los \u00faltimos a\u00f1os en torno a estos \u00edconos. \u201cEsta voz es compleja, articulada y multifac\u00e9tica y devela solo una peque\u00f1a parte de la complejidad de la cuesti\u00f3n patrimonial y su imbricada relaci\u00f3n con la sociedad y la cultura\u201d.<\/p>\n\n\n\n<p><strong>\u201cSobre Monumentos P\u00fablicos\u201d&nbsp; &nbsp; &nbsp; &nbsp; &nbsp; &nbsp;&nbsp;<\/strong><\/p>\n\n\n\n<p>Entre los trabajos que se presentan, se encuentra \u201cMonumentos como patrimonio urbano\u201d de Michele Bogart, acad\u00e9mica estadounidense que reflexiona sobre la importancia de los monumentos, planteando c\u00f3mo un mejor entendimiento de la historia y circunstancias de su aparici\u00f3n y permanencia en el espacio p\u00fablico puede aportar al creciente cuestionamiento y problematizaci\u00f3n del papel y la representatividad de este tipo de patrimonio en el espacio p\u00fablico. Este art\u00edculo surge de la charla magistral dictada por Bogart el 7 de octubre de 2020, organizada por el Mag\u00edster en Patrimonio Cultural y el Centro del Patrimonio Cultural, ambos de la Pontificia Universidad Cat\u00f3lica de Chile. La charla fue seguida del conversatorio \u201cMonumentos, intervenci\u00f3n y resignificaci\u00f3n&#8221;, moderado por Fernando P\u00e9rez, director del Museo Nacional de Bellas Artes y profesor del Mag\u00edster en Patrimonio Cultural UC, y en el que participaron adem\u00e1s Olaya Sanfuentes, profesora del Instituto de Historia de la Pontificia Universidad Cat\u00f3lica de Chile y Luis Montes, artista y profesor del Departamento de Artes Visuales de la Universidad de Chile.<\/p>\n\n\n\n<p>Junto a ella, la artista visual y poeta chilena Cecilia Vicu\u00f1a presenta \u201cMonu-mental\u201d, donde nos invita a reflexionar sobre el sentido y resonancia de los monumentos p\u00fablicos en la trayectoria hist\u00f3rica y contexto del Chile actual, as\u00ed como su potencial de resignificaci\u00f3n y de futuro, a partir de la etimolog\u00eda, historia y significados atribuidos a la palabra monumento.<\/p>\n\n\n\n<p>Por otra parte, el acad\u00e9mico y artista espa\u00f1ol y estadounidense Jorge Otero-Pailos, presenta \u201cPreservaci\u00f3n experimental y dinamismo social del patrimonio\u201d, donde aborda diversas reflexiones y proyectos conducidos por \u00e9l en relaci\u00f3n a la preservaci\u00f3n de objetos culturalmente significativos, a partir del giro que ha tenido lugar en la teor\u00eda tradicional de la conservaci\u00f3n y que se ha denominado \u201cpreservaci\u00f3n experimental\u201d. Este trabajo surge de la charla magistral dictada por Otero-Pailos el 8 enero de 2020 en el Museo Nacional de Bellas Artes de Chile (MNBA), actividad seguida de un conversatorio en el que participaron el director del MNBA, el arquitecto Fernando P\u00e9rez, y el Subsecretario del Patrimonio Cultural, Emilio De la Cerda.<\/p>\n\n\n\n<p>Junto a las reflexiones escritas, la publicaci\u00f3n convoca a diversos artistas chilenos que, desde las artes visuales, aportan a este \u00e1mbito de discusi\u00f3n y creaci\u00f3n. Entre ellos, a Pilar Quinteros, cuyo trabajo combina el dibujo, el volumen, la performance y el video, quien participa con las obras Reconstrucci\u00f3n Estaci\u00f3n Pirque (2010) y Tigres Prestidigitadores (2019). Adem\u00e1s, se encuentra presente el trabajo de Andr\u00e9s Dur\u00e1n, artista y docente, quien expone dos de sus obras: Monumento Editado. Chile- Per\u00fa-Bolivia-Argentina (2014-2019) y La sombra interior de las formas (2020 &#8211; en proceso). Finalmente se incorporan las obras Hyst\u00e9rie (2016) y Ornamento (2014) de Luis Montes, escultor y acad\u00e9mico del Departamento de Artes Visuales de la Universidad de Chile.<\/p>\n\n\n\n<p>La publicaci\u00f3n cierra con el trabajo \u201cBaquedano, una cuesti\u00f3n de piel\u201d, de Emilio De la Cerda. En \u00e9l, el actual Subsecretario del Patrimonio Cultural y Presidente del Consejo de Monumentos Nacionales, se aproxima al monumento al General Baquedano entendi\u00e9ndolo como un \u201cpararrayos de sentido\u201d, que cristaliza causas de diversa \u00edndole, sean acontecimientos pol\u00edticos, celebraciones deportivas, protestas, performances art\u00edsticas, ornato p\u00fablico, fiestas nacionales, reivindicaciones de minor\u00edas o discursos urbanos. Desde esa mirada, describe a modo de cr\u00f3nica los avatares experimentados por la escultura ecuestre en los \u00faltimos a\u00f1os, as\u00ed como el proceso de restauraci\u00f3n en el que se encuentra sometido, entendido como un proceso embebido de sentido hist\u00f3rico y pol\u00edtico. Esto condujo al trabajo de recuperaci\u00f3n no solo del bronce, sino tambi\u00e9n de la costra de pigmentos y adherencias que con el tiempo fueron conformando una especie de piel en el monumento a Baquedano.<\/p>\n\n\n\n<p>INFORMACI\u00d3N PERIOD\u00cdSTICA<br>CENTRO DEL PATRIMONIO UC<\/p>\n\n\n\n<figure class=\"wp-block-image size-large\"><img decoding=\"async\" width=\"1024\" height=\"681\" src=\"https:\/\/fadeu.urantiacos.cl\/wp-content\/uploads\/2023\/09\/Afiche_Corregido_Apaisado-1024x681.jpg\" alt=\"\" class=\"wp-image-5494\" srcset=\"https:\/\/fadeu.urantiacos.cl\/wp-content\/uploads\/2023\/09\/Afiche_Corregido_Apaisado-1024x681.jpg 1024w, https:\/\/fadeu.urantiacos.cl\/wp-content\/uploads\/2023\/09\/Afiche_Corregido_Apaisado-300x199.jpg 300w, https:\/\/fadeu.urantiacos.cl\/wp-content\/uploads\/2023\/09\/Afiche_Corregido_Apaisado-768x510.jpg 768w, https:\/\/fadeu.urantiacos.cl\/wp-content\/uploads\/2023\/09\/Afiche_Corregido_Apaisado.jpg 1181w\" sizes=\"(max-width: 1024px) 100vw, 1024px\" \/><\/figure>\n","protected":false},"excerpt":{"rendered":"<p>Buscando aportar al entendimiento sobre c\u00f3mo los monumentos p\u00fablicos permiten construir ciudad y ciudadan\u00eda, esta publicaci\u00f3n de Ediciones UC convoca diferentes miradas en torno a los monumentos y el rol presente y futuro de estos patrimonios en relaci\u00f3n con las comunidades.<\/p>\n","protected":false},"author":1,"featured_media":5493,"comment_status":"open","ping_status":"open","sticky":false,"template":"","format":"standard","meta":{"_acf_changed":false,"footnotes":""},"categories":[1],"tags":[],"class_list":["post-5492","post","type-post","status-publish","format-standard","has-post-thumbnail","hentry","category-sin-categorizar"],"acf":[],"yoast_head":"<!-- This site is optimized with the Yoast SEO plugin v27.1.1 - https:\/\/yoast.com\/product\/yoast-seo-wordpress\/ -->\n<title>Lanzamiento \u201cSobre Monumentos P\u00fablicos\u201d - Facultad de Arquitectura, Dise\u00f1o y Estudios Urbanos<\/title>\n<meta name=\"description\" content=\"Buscando aportar al entendimiento sobre c\u00f3mo los monumentos p\u00fablicos permiten construir ciudad y ciudadan\u00eda, esta publicaci\u00f3n de Ediciones UC convoca diferentes miradas en torno a los monumentos y el rol presente y futuro de estos patrimonios en relaci\u00f3n con las comunidades.\" \/>\n<meta name=\"robots\" content=\"index, follow, max-snippet:-1, max-image-preview:large, max-video-preview:-1\" \/>\n<link rel=\"canonical\" href=\"https:\/\/fadeu.urantiacos.cl\/en\/2022\/02\/28\/lanzamiento-sobre-monumentos-publicos\/\" \/>\n<meta property=\"og:locale\" content=\"en_US\" \/>\n<meta property=\"og:type\" content=\"article\" \/>\n<meta property=\"og:title\" content=\"Lanzamiento \u201cSobre Monumentos P\u00fablicos\u201d - Facultad de Arquitectura, Dise\u00f1o y Estudios Urbanos\" \/>\n<meta property=\"og:description\" content=\"Buscando aportar al entendimiento sobre c\u00f3mo los monumentos p\u00fablicos permiten construir ciudad y ciudadan\u00eda, esta publicaci\u00f3n de Ediciones UC convoca diferentes miradas en torno a los monumentos y el rol presente y futuro de estos patrimonios en relaci\u00f3n con las comunidades.\" \/>\n<meta property=\"og:url\" content=\"https:\/\/fadeu.urantiacos.cl\/en\/2022\/02\/28\/lanzamiento-sobre-monumentos-publicos\/\" \/>\n<meta property=\"og:site_name\" content=\"Facultad de Arquitectura, Dise\u00f1o y Estudios Urbanos\" \/>\n<meta property=\"article:published_time\" content=\"2022-02-28T15:14:00+00:00\" \/>\n<meta property=\"article:modified_time\" content=\"2023-11-14T14:47:57+00:00\" \/>\n<meta property=\"og:image\" content=\"https:\/\/fadeu.urantiacos.cl\/wp-content\/uploads\/2023\/09\/WEB_Sobre_monumentos_publicos_header.png\" \/>\n\t<meta property=\"og:image:width\" content=\"350\" \/>\n\t<meta property=\"og:image:height\" content=\"250\" \/>\n\t<meta property=\"og:image:type\" content=\"image\/png\" \/>\n<meta name=\"author\" content=\"manadmin\" \/>\n<meta name=\"twitter:card\" content=\"summary_large_image\" \/>\n<meta name=\"twitter:label1\" content=\"Written by\" \/>\n\t<meta name=\"twitter:data1\" content=\"manadmin\" \/>\n\t<meta name=\"twitter:label2\" content=\"Est. reading time\" \/>\n\t<meta name=\"twitter:data2\" content=\"6 minutes\" \/>\n<script type=\"application\/ld+json\" class=\"yoast-schema-graph\">{\"@context\":\"https:\/\/schema.org\",\"@graph\":[{\"@type\":\"Article\",\"@id\":\"https:\/\/fadeu.urantiacos.cl\/en\/2022\/02\/28\/lanzamiento-sobre-monumentos-publicos\/#article\",\"isPartOf\":{\"@id\":\"https:\/\/fadeu.urantiacos.cl\/en\/2022\/02\/28\/lanzamiento-sobre-monumentos-publicos\/\"},\"author\":{\"name\":\"manadmin\",\"@id\":\"https:\/\/fadeu.urantiacos.cl\/en\/#\/schema\/person\/d203e2e84b1c40275eac77b3061a19a2\"},\"headline\":\"Lanzamiento \u201cSobre Monumentos P\u00fablicos\u201d\",\"datePublished\":\"2022-02-28T15:14:00+00:00\",\"dateModified\":\"2023-11-14T14:47:57+00:00\",\"mainEntityOfPage\":{\"@id\":\"https:\/\/fadeu.urantiacos.cl\/en\/2022\/02\/28\/lanzamiento-sobre-monumentos-publicos\/\"},\"wordCount\":1197,\"commentCount\":0,\"image\":{\"@id\":\"https:\/\/fadeu.urantiacos.cl\/en\/2022\/02\/28\/lanzamiento-sobre-monumentos-publicos\/#primaryimage\"},\"thumbnailUrl\":\"https:\/\/fadeu.urantiacos.cl\/wp-content\/uploads\/2023\/09\/WEB_Sobre_monumentos_publicos_header.png\",\"articleSection\":[\"Sin categorizar\"],\"inLanguage\":\"en-US\",\"potentialAction\":[{\"@type\":\"CommentAction\",\"name\":\"Comment\",\"target\":[\"https:\/\/fadeu.urantiacos.cl\/en\/2022\/02\/28\/lanzamiento-sobre-monumentos-publicos\/#respond\"]}]},{\"@type\":\"WebPage\",\"@id\":\"https:\/\/fadeu.urantiacos.cl\/en\/2022\/02\/28\/lanzamiento-sobre-monumentos-publicos\/\",\"url\":\"https:\/\/fadeu.urantiacos.cl\/en\/2022\/02\/28\/lanzamiento-sobre-monumentos-publicos\/\",\"name\":\"Lanzamiento \u201cSobre Monumentos P\u00fablicos\u201d - Facultad de Arquitectura, Dise\u00f1o y Estudios Urbanos\",\"isPartOf\":{\"@id\":\"https:\/\/fadeu.urantiacos.cl\/en\/#website\"},\"primaryImageOfPage\":{\"@id\":\"https:\/\/fadeu.urantiacos.cl\/en\/2022\/02\/28\/lanzamiento-sobre-monumentos-publicos\/#primaryimage\"},\"image\":{\"@id\":\"https:\/\/fadeu.urantiacos.cl\/en\/2022\/02\/28\/lanzamiento-sobre-monumentos-publicos\/#primaryimage\"},\"thumbnailUrl\":\"https:\/\/fadeu.urantiacos.cl\/wp-content\/uploads\/2023\/09\/WEB_Sobre_monumentos_publicos_header.png\",\"datePublished\":\"2022-02-28T15:14:00+00:00\",\"dateModified\":\"2023-11-14T14:47:57+00:00\",\"author\":{\"@id\":\"https:\/\/fadeu.urantiacos.cl\/en\/#\/schema\/person\/d203e2e84b1c40275eac77b3061a19a2\"},\"description\":\"Buscando aportar al entendimiento sobre c\u00f3mo los monumentos p\u00fablicos permiten construir ciudad y ciudadan\u00eda, esta publicaci\u00f3n de Ediciones UC convoca diferentes miradas en torno a los monumentos y el rol presente y futuro de estos patrimonios en relaci\u00f3n con las comunidades.\",\"breadcrumb\":{\"@id\":\"https:\/\/fadeu.urantiacos.cl\/en\/2022\/02\/28\/lanzamiento-sobre-monumentos-publicos\/#breadcrumb\"},\"inLanguage\":\"en-US\",\"potentialAction\":[{\"@type\":\"ReadAction\",\"target\":[\"https:\/\/fadeu.urantiacos.cl\/en\/2022\/02\/28\/lanzamiento-sobre-monumentos-publicos\/\"]}]},{\"@type\":\"ImageObject\",\"inLanguage\":\"en-US\",\"@id\":\"https:\/\/fadeu.urantiacos.cl\/en\/2022\/02\/28\/lanzamiento-sobre-monumentos-publicos\/#primaryimage\",\"url\":\"https:\/\/fadeu.urantiacos.cl\/wp-content\/uploads\/2023\/09\/WEB_Sobre_monumentos_publicos_header.png\",\"contentUrl\":\"https:\/\/fadeu.urantiacos.cl\/wp-content\/uploads\/2023\/09\/WEB_Sobre_monumentos_publicos_header.png\",\"width\":350,\"height\":250},{\"@type\":\"BreadcrumbList\",\"@id\":\"https:\/\/fadeu.urantiacos.cl\/en\/2022\/02\/28\/lanzamiento-sobre-monumentos-publicos\/#breadcrumb\",\"itemListElement\":[{\"@type\":\"ListItem\",\"position\":1,\"name\":\"Portada\",\"item\":\"https:\/\/fadeu.urantiacos.cl\/en\/\"},{\"@type\":\"ListItem\",\"position\":2,\"name\":\"Lanzamiento \u201cSobre Monumentos P\u00fablicos\u201d\"}]},{\"@type\":\"WebSite\",\"@id\":\"https:\/\/fadeu.urantiacos.cl\/en\/#website\",\"url\":\"https:\/\/fadeu.urantiacos.cl\/en\/\",\"name\":\"Facultad de Arquitectura, Dise\u00f1o y Estudios Urbanos\",\"description\":\"Campus Lo Contador\",\"potentialAction\":[{\"@type\":\"SearchAction\",\"target\":{\"@type\":\"EntryPoint\",\"urlTemplate\":\"https:\/\/fadeu.urantiacos.cl\/en\/?s={search_term_string}\"},\"query-input\":{\"@type\":\"PropertyValueSpecification\",\"valueRequired\":true,\"valueName\":\"search_term_string\"}}],\"inLanguage\":\"en-US\"},{\"@type\":\"Person\",\"@id\":\"https:\/\/fadeu.urantiacos.cl\/en\/#\/schema\/person\/d203e2e84b1c40275eac77b3061a19a2\",\"name\":\"manadmin\",\"image\":{\"@type\":\"ImageObject\",\"inLanguage\":\"en-US\",\"@id\":\"https:\/\/fadeu.urantiacos.cl\/en\/#\/schema\/person\/image\/\",\"url\":\"https:\/\/secure.gravatar.com\/avatar\/4b1d8e3303b4a9d8968ac578947d8bc80d9aea359f388cdd4aac15cadc0e8447?s=96&d=mm&r=g\",\"contentUrl\":\"https:\/\/secure.gravatar.com\/avatar\/4b1d8e3303b4a9d8968ac578947d8bc80d9aea359f388cdd4aac15cadc0e8447?s=96&d=mm&r=g\",\"caption\":\"manadmin\"},\"sameAs\":[\"https:\/\/fadeu.urantiacos.cl\"]}]}<\/script>\n<!-- \/ Yoast SEO plugin. -->","yoast_head_json":{"title":"Lanzamiento \u201cSobre Monumentos P\u00fablicos\u201d - Facultad de Arquitectura, Dise\u00f1o y Estudios Urbanos","description":"Buscando aportar al entendimiento sobre c\u00f3mo los monumentos p\u00fablicos permiten construir ciudad y ciudadan\u00eda, esta publicaci\u00f3n de Ediciones UC convoca diferentes miradas en torno a los monumentos y el rol presente y futuro de estos patrimonios en relaci\u00f3n con las comunidades.","robots":{"index":"index","follow":"follow","max-snippet":"max-snippet:-1","max-image-preview":"max-image-preview:large","max-video-preview":"max-video-preview:-1"},"canonical":"https:\/\/fadeu.urantiacos.cl\/en\/2022\/02\/28\/lanzamiento-sobre-monumentos-publicos\/","og_locale":"en_US","og_type":"article","og_title":"Lanzamiento \u201cSobre Monumentos P\u00fablicos\u201d - Facultad de Arquitectura, Dise\u00f1o y Estudios Urbanos","og_description":"Buscando aportar al entendimiento sobre c\u00f3mo los monumentos p\u00fablicos permiten construir ciudad y ciudadan\u00eda, esta publicaci\u00f3n de Ediciones UC convoca diferentes miradas en torno a los monumentos y el rol presente y futuro de estos patrimonios en relaci\u00f3n con las comunidades.","og_url":"https:\/\/fadeu.urantiacos.cl\/en\/2022\/02\/28\/lanzamiento-sobre-monumentos-publicos\/","og_site_name":"Facultad de Arquitectura, Dise\u00f1o y Estudios Urbanos","article_published_time":"2022-02-28T15:14:00+00:00","article_modified_time":"2023-11-14T14:47:57+00:00","og_image":[{"width":350,"height":250,"url":"https:\/\/fadeu.urantiacos.cl\/wp-content\/uploads\/2023\/09\/WEB_Sobre_monumentos_publicos_header.png","type":"image\/png"}],"author":"manadmin","twitter_card":"summary_large_image","twitter_misc":{"Written by":"manadmin","Est. reading time":"6 minutes"},"schema":{"@context":"https:\/\/schema.org","@graph":[{"@type":"Article","@id":"https:\/\/fadeu.urantiacos.cl\/en\/2022\/02\/28\/lanzamiento-sobre-monumentos-publicos\/#article","isPartOf":{"@id":"https:\/\/fadeu.urantiacos.cl\/en\/2022\/02\/28\/lanzamiento-sobre-monumentos-publicos\/"},"author":{"name":"manadmin","@id":"https:\/\/fadeu.urantiacos.cl\/en\/#\/schema\/person\/d203e2e84b1c40275eac77b3061a19a2"},"headline":"Lanzamiento \u201cSobre Monumentos P\u00fablicos\u201d","datePublished":"2022-02-28T15:14:00+00:00","dateModified":"2023-11-14T14:47:57+00:00","mainEntityOfPage":{"@id":"https:\/\/fadeu.urantiacos.cl\/en\/2022\/02\/28\/lanzamiento-sobre-monumentos-publicos\/"},"wordCount":1197,"commentCount":0,"image":{"@id":"https:\/\/fadeu.urantiacos.cl\/en\/2022\/02\/28\/lanzamiento-sobre-monumentos-publicos\/#primaryimage"},"thumbnailUrl":"https:\/\/fadeu.urantiacos.cl\/wp-content\/uploads\/2023\/09\/WEB_Sobre_monumentos_publicos_header.png","articleSection":["Sin categorizar"],"inLanguage":"en-US","potentialAction":[{"@type":"CommentAction","name":"Comment","target":["https:\/\/fadeu.urantiacos.cl\/en\/2022\/02\/28\/lanzamiento-sobre-monumentos-publicos\/#respond"]}]},{"@type":"WebPage","@id":"https:\/\/fadeu.urantiacos.cl\/en\/2022\/02\/28\/lanzamiento-sobre-monumentos-publicos\/","url":"https:\/\/fadeu.urantiacos.cl\/en\/2022\/02\/28\/lanzamiento-sobre-monumentos-publicos\/","name":"Lanzamiento \u201cSobre Monumentos P\u00fablicos\u201d - Facultad de Arquitectura, Dise\u00f1o y Estudios Urbanos","isPartOf":{"@id":"https:\/\/fadeu.urantiacos.cl\/en\/#website"},"primaryImageOfPage":{"@id":"https:\/\/fadeu.urantiacos.cl\/en\/2022\/02\/28\/lanzamiento-sobre-monumentos-publicos\/#primaryimage"},"image":{"@id":"https:\/\/fadeu.urantiacos.cl\/en\/2022\/02\/28\/lanzamiento-sobre-monumentos-publicos\/#primaryimage"},"thumbnailUrl":"https:\/\/fadeu.urantiacos.cl\/wp-content\/uploads\/2023\/09\/WEB_Sobre_monumentos_publicos_header.png","datePublished":"2022-02-28T15:14:00+00:00","dateModified":"2023-11-14T14:47:57+00:00","author":{"@id":"https:\/\/fadeu.urantiacos.cl\/en\/#\/schema\/person\/d203e2e84b1c40275eac77b3061a19a2"},"description":"Buscando aportar al entendimiento sobre c\u00f3mo los monumentos p\u00fablicos permiten construir ciudad y ciudadan\u00eda, esta publicaci\u00f3n de Ediciones UC convoca diferentes miradas en torno a los monumentos y el rol presente y futuro de estos patrimonios en relaci\u00f3n con las comunidades.","breadcrumb":{"@id":"https:\/\/fadeu.urantiacos.cl\/en\/2022\/02\/28\/lanzamiento-sobre-monumentos-publicos\/#breadcrumb"},"inLanguage":"en-US","potentialAction":[{"@type":"ReadAction","target":["https:\/\/fadeu.urantiacos.cl\/en\/2022\/02\/28\/lanzamiento-sobre-monumentos-publicos\/"]}]},{"@type":"ImageObject","inLanguage":"en-US","@id":"https:\/\/fadeu.urantiacos.cl\/en\/2022\/02\/28\/lanzamiento-sobre-monumentos-publicos\/#primaryimage","url":"https:\/\/fadeu.urantiacos.cl\/wp-content\/uploads\/2023\/09\/WEB_Sobre_monumentos_publicos_header.png","contentUrl":"https:\/\/fadeu.urantiacos.cl\/wp-content\/uploads\/2023\/09\/WEB_Sobre_monumentos_publicos_header.png","width":350,"height":250},{"@type":"BreadcrumbList","@id":"https:\/\/fadeu.urantiacos.cl\/en\/2022\/02\/28\/lanzamiento-sobre-monumentos-publicos\/#breadcrumb","itemListElement":[{"@type":"ListItem","position":1,"name":"Portada","item":"https:\/\/fadeu.urantiacos.cl\/en\/"},{"@type":"ListItem","position":2,"name":"Lanzamiento \u201cSobre Monumentos P\u00fablicos\u201d"}]},{"@type":"WebSite","@id":"https:\/\/fadeu.urantiacos.cl\/en\/#website","url":"https:\/\/fadeu.urantiacos.cl\/en\/","name":"Facultad de Arquitectura, Dise\u00f1o y Estudios Urbanos","description":"Campus Lo Contador","potentialAction":[{"@type":"SearchAction","target":{"@type":"EntryPoint","urlTemplate":"https:\/\/fadeu.urantiacos.cl\/en\/?s={search_term_string}"},"query-input":{"@type":"PropertyValueSpecification","valueRequired":true,"valueName":"search_term_string"}}],"inLanguage":"en-US"},{"@type":"Person","@id":"https:\/\/fadeu.urantiacos.cl\/en\/#\/schema\/person\/d203e2e84b1c40275eac77b3061a19a2","name":"manadmin","image":{"@type":"ImageObject","inLanguage":"en-US","@id":"https:\/\/fadeu.urantiacos.cl\/en\/#\/schema\/person\/image\/","url":"https:\/\/secure.gravatar.com\/avatar\/4b1d8e3303b4a9d8968ac578947d8bc80d9aea359f388cdd4aac15cadc0e8447?s=96&d=mm&r=g","contentUrl":"https:\/\/secure.gravatar.com\/avatar\/4b1d8e3303b4a9d8968ac578947d8bc80d9aea359f388cdd4aac15cadc0e8447?s=96&d=mm&r=g","caption":"manadmin"},"sameAs":["https:\/\/fadeu.urantiacos.cl"]}]}},"_links":{"self":[{"href":"https:\/\/fadeu.urantiacos.cl\/en\/wp-json\/wp\/v2\/posts\/5492","targetHints":{"allow":["GET"]}}],"collection":[{"href":"https:\/\/fadeu.urantiacos.cl\/en\/wp-json\/wp\/v2\/posts"}],"about":[{"href":"https:\/\/fadeu.urantiacos.cl\/en\/wp-json\/wp\/v2\/types\/post"}],"author":[{"embeddable":true,"href":"https:\/\/fadeu.urantiacos.cl\/en\/wp-json\/wp\/v2\/users\/1"}],"replies":[{"embeddable":true,"href":"https:\/\/fadeu.urantiacos.cl\/en\/wp-json\/wp\/v2\/comments?post=5492"}],"version-history":[{"count":2,"href":"https:\/\/fadeu.urantiacos.cl\/en\/wp-json\/wp\/v2\/posts\/5492\/revisions"}],"predecessor-version":[{"id":18120,"href":"https:\/\/fadeu.urantiacos.cl\/en\/wp-json\/wp\/v2\/posts\/5492\/revisions\/18120"}],"wp:featuredmedia":[{"embeddable":true,"href":"https:\/\/fadeu.urantiacos.cl\/en\/wp-json\/wp\/v2\/media\/5493"}],"wp:attachment":[{"href":"https:\/\/fadeu.urantiacos.cl\/en\/wp-json\/wp\/v2\/media?parent=5492"}],"wp:term":[{"taxonomy":"category","embeddable":true,"href":"https:\/\/fadeu.urantiacos.cl\/en\/wp-json\/wp\/v2\/categories?post=5492"},{"taxonomy":"post_tag","embeddable":true,"href":"https:\/\/fadeu.urantiacos.cl\/en\/wp-json\/wp\/v2\/tags?post=5492"}],"curies":[{"name":"wp","href":"https:\/\/api.w.org\/{rel}","templated":true}]}}