{"id":5488,"date":"2022-03-01T12:12:00","date_gmt":"2022-03-01T15:12:00","guid":{"rendered":"https:\/\/fadeu.urantiacos.cl\/?p=5488"},"modified":"2023-09-06T12:13:57","modified_gmt":"2023-09-06T15:13:57","slug":"magister-en-diseno-avanzado-mada-es-acreditado-hasta-enero-de-2026","status":"publish","type":"post","link":"https:\/\/fadeu.urantiacos.cl\/en\/2022\/03\/01\/magister-en-diseno-avanzado-mada-es-acreditado-hasta-enero-de-2026\/","title":{"rendered":"Mag\u00edster en Dise\u00f1o Avanzado (MADA) es acreditado hasta enero de 2026"},"content":{"rendered":"\n<figure class=\"wp-block-image size-full\"><img decoding=\"async\" width=\"350\" height=\"250\" src=\"https:\/\/fadeu.urantiacos.cl\/wp-content\/uploads\/2023\/09\/MADA_RE-ACREDITACION_web.png\" alt=\"\" class=\"wp-image-5490\" srcset=\"https:\/\/fadeu.urantiacos.cl\/wp-content\/uploads\/2023\/09\/MADA_RE-ACREDITACION_web.png 350w, https:\/\/fadeu.urantiacos.cl\/wp-content\/uploads\/2023\/09\/MADA_RE-ACREDITACION_web-300x214.png 300w\" sizes=\"(max-width: 350px) 100vw, 350px\" \/><\/figure>\n\n\n\n<p>\u201cEsta re-acreditaci\u00f3n representa un nuevo hito para este programa de postgrado y, a la vez, reafirma nuestro compromiso con la formaci\u00f3n avanzada de nuestra disciplina. En este proceso hemos identificado nuevas necesidades que surgen del actual contexto, insumos que nos permitir\u00e1n ir creciendo y mejorando continuamente en nuestro quehacer\u201d, explic\u00f3 Alberto Gonz\u00e1lez, jefe del programa, seg\u00fan recoge la web de la escuela de Dise\u00f1o UC.<\/p>\n\n\n\n<p>El MADA parte de la base de que el Dise\u00f1o es la base para el emprendimiento y desarrollo creativo de productos, servicios y experiencias. Es el eje que permite avanzar, de forma consistente y estrat\u00e9gica, en proyectos de innovaci\u00f3n que abordan las necesidades de las personas y su contexto; la conexi\u00f3n emocional, la resoluci\u00f3n de una idea y su implementaci\u00f3n con resultados medibles y sostenibles.<\/p>\n\n\n\n<p>El MADA es un programa de especializaci\u00f3n para el ejercicio pr\u00e1ctico del Dise\u00f1o, orientado a profesionales de distintas disciplinas que buscan desarrollar habilidades y capacidades avanzadas para resolver problemas complejos que se presentan cuando el desarrollo econ\u00f3mico, social, medioambiental y tecnol\u00f3gico est\u00e1 centrado en las personas<\/p>\n\n\n\n<p>El Dise\u00f1o como proceso proyectual es el componente que permite abordar la complejidad que presentan los desaf\u00edos que se proponen. En cuanto al componente Tecnolog\u00eda; en este reside la posibilidad de explorar \u00e1reas de frontera que puedan derivar en soluciones innovadoras a los requerimientos del proyecto. Finalmente, el componente Negocios, permite articular los aspectos relacionados con la sostenibilidad del mismo.<\/p>\n\n\n\n<p>Los objetivos del programa son:<\/p>\n\n\n\n<p>1. Formar profesionales transdisciplinares, capaces de interactuar en entornos cambiantes y din\u00e1micos, promotores de trabajo colaborativo, generadores de conocimiento aplicado, que aporten al desarrollo, visibilidad y disponibilidad de la disciplina del Dise\u00f1o en la sociedad.<\/p>\n\n\n\n<p>2.Contribuir al desarrollo de las personas y su ambiente, aportando con la formaci\u00f3n de especialistas que den respuestas a los cambios globales de la sociedad actual y futura a partir de criterios de sustentabilidad ambiental, econ\u00f3mica y social, colaborando desde el dise\u00f1o en la construcci\u00f3n de escenarios sostenibles.<\/p>\n\n\n\n<p>3. Formar profesionales especialistas en navegar en la complejidad, de pensamiento sist\u00e9mico transdisciplinar, capaces de interpretar el entorno, detectar una oportunidad de innovaci\u00f3n marcada por el cambio y anticiparse con propuesta de dise\u00f1o que aporten valor, y promuevan el bien com\u00fan de las personas y su entorno.<\/p>\n\n\n\n<p>4. Brindar una formaci\u00f3n alineada con los valores y principios de la Universidad, comprometiendo un actuar \u00e9tico y sustentable, considerando las variables asociadas al desarrollo econ\u00f3mico, social, medioambiental y tecnol\u00f3gico.<\/p>\n\n\n\n<p>(Fuente:&nbsp;<a href=\"http:\/\/magisterdiseno.uc.cl\/wp\/\">http:\/\/magisterdiseno.uc.cl\/wp\/<\/a>)<\/p>\n\n\n\n<p>Si quieres conocer m\u00e1s sobre este programa de postgrado, te invitamos a ingresar a la web de la escuela de Dise\u00f1o:&nbsp;<a href=\"https:\/\/diseno.uc.cl\/\">https:\/\/diseno.uc.cl\/<\/a><a href=\"https:\/\/diseno.uc.cl\/\"><\/a><\/p>\n\n\n\n<p>INFORMACI\u00d3N PERIOD\u00cdSTICA<br>JUAN ANDR\u00c9S INZUNZA<\/p>\n","protected":false},"excerpt":{"rendered":"<p>Una muy buena noticia recibi\u00f3 la Facultad de Arquitectura, Dise\u00f1o y Estudios Urbanos, tras la informaci\u00f3n emanada desde la Comisi\u00f3n Nacional de Acreditaci\u00f3n (CNA) anunciando la acreditaci\u00f3n del Mag\u00edster en Dise\u00f1o Avanzado (MADA), de la escuela de Dise\u00f1o UC, hasta enero de 2026 (cuatro a\u00f1os), noticia que fuera informada por la encargada de comunicaciones, Comunidad y Vinculaci\u00f3n con el Medio del MADA UC, Ignacia Mayorga.<\/p>\n","protected":false},"author":1,"featured_media":5490,"comment_status":"open","ping_status":"open","sticky":false,"template":"","format":"standard","meta":{"_acf_changed":false,"footnotes":""},"categories":[1],"tags":[],"class_list":["post-5488","post","type-post","status-publish","format-standard","has-post-thumbnail","hentry","category-sin-categorizar"],"acf":[],"yoast_head":"<!-- This site is optimized with the Yoast SEO plugin v27.1.1 - https:\/\/yoast.com\/product\/yoast-seo-wordpress\/ -->\n<title>Mag\u00edster en Dise\u00f1o Avanzado (MADA) es acreditado hasta enero de 2026 - Facultad de Arquitectura, Dise\u00f1o y Estudios Urbanos<\/title>\n<meta name=\"description\" content=\"Una muy buena noticia recibi\u00f3 la Facultad de Arquitectura, Dise\u00f1o y Estudios Urbanos, tras la informaci\u00f3n emanada desde la Comisi\u00f3n Nacional de Acreditaci\u00f3n (CNA) anunciando la acreditaci\u00f3n del Mag\u00edster en Dise\u00f1o Avanzado (MADA), de la escuela de Dise\u00f1o UC, hasta enero de 2026 (cuatro a\u00f1os), noticia que fuera informada por la encargada de comunicaciones, Comunidad y Vinculaci\u00f3n con el Medio del MADA UC, Ignacia Mayorga.\" \/>\n<meta name=\"robots\" content=\"index, follow, max-snippet:-1, max-image-preview:large, max-video-preview:-1\" \/>\n<link rel=\"canonical\" href=\"https:\/\/fadeu.urantiacos.cl\/en\/2022\/03\/01\/magister-en-diseno-avanzado-mada-es-acreditado-hasta-enero-de-2026\/\" \/>\n<meta property=\"og:locale\" content=\"en_US\" \/>\n<meta property=\"og:type\" content=\"article\" \/>\n<meta property=\"og:title\" content=\"Mag\u00edster en Dise\u00f1o Avanzado (MADA) es acreditado hasta enero de 2026 - Facultad de Arquitectura, Dise\u00f1o y Estudios Urbanos\" \/>\n<meta property=\"og:description\" content=\"Una muy buena noticia recibi\u00f3 la Facultad de Arquitectura, Dise\u00f1o y Estudios Urbanos, tras la informaci\u00f3n emanada desde la Comisi\u00f3n Nacional de Acreditaci\u00f3n (CNA) anunciando la acreditaci\u00f3n del Mag\u00edster en Dise\u00f1o Avanzado (MADA), de la escuela de Dise\u00f1o UC, hasta enero de 2026 (cuatro a\u00f1os), noticia que fuera informada por la encargada de comunicaciones, Comunidad y Vinculaci\u00f3n con el Medio del MADA UC, Ignacia Mayorga.\" \/>\n<meta property=\"og:url\" content=\"https:\/\/fadeu.urantiacos.cl\/en\/2022\/03\/01\/magister-en-diseno-avanzado-mada-es-acreditado-hasta-enero-de-2026\/\" \/>\n<meta property=\"og:site_name\" content=\"Facultad de Arquitectura, Dise\u00f1o y Estudios Urbanos\" \/>\n<meta property=\"article:published_time\" content=\"2022-03-01T15:12:00+00:00\" \/>\n<meta property=\"article:modified_time\" content=\"2023-09-06T15:13:57+00:00\" \/>\n<meta property=\"og:image\" content=\"https:\/\/fadeu.urantiacos.cl\/wp-content\/uploads\/2023\/09\/MADA_RE-ACREDITACION_web.png\" \/>\n\t<meta property=\"og:image:width\" content=\"350\" \/>\n\t<meta property=\"og:image:height\" content=\"250\" \/>\n\t<meta property=\"og:image:type\" content=\"image\/png\" \/>\n<meta name=\"author\" content=\"manadmin\" \/>\n<meta name=\"twitter:card\" content=\"summary_large_image\" \/>\n<meta name=\"twitter:label1\" content=\"Written by\" \/>\n\t<meta name=\"twitter:data1\" content=\"manadmin\" \/>\n\t<meta name=\"twitter:label2\" content=\"Est. reading time\" \/>\n\t<meta name=\"twitter:data2\" content=\"2 minutes\" \/>\n<script type=\"application\/ld+json\" class=\"yoast-schema-graph\">{\"@context\":\"https:\/\/schema.org\",\"@graph\":[{\"@type\":\"Article\",\"@id\":\"https:\/\/fadeu.urantiacos.cl\/en\/2022\/03\/01\/magister-en-diseno-avanzado-mada-es-acreditado-hasta-enero-de-2026\/#article\",\"isPartOf\":{\"@id\":\"https:\/\/fadeu.urantiacos.cl\/en\/2022\/03\/01\/magister-en-diseno-avanzado-mada-es-acreditado-hasta-enero-de-2026\/\"},\"author\":{\"name\":\"manadmin\",\"@id\":\"https:\/\/fadeu.urantiacos.cl\/en\/#\/schema\/person\/d203e2e84b1c40275eac77b3061a19a2\"},\"headline\":\"Mag\u00edster en Dise\u00f1o Avanzado (MADA) es acreditado hasta enero de 2026\",\"datePublished\":\"2022-03-01T15:12:00+00:00\",\"dateModified\":\"2023-09-06T15:13:57+00:00\",\"mainEntityOfPage\":{\"@id\":\"https:\/\/fadeu.urantiacos.cl\/en\/2022\/03\/01\/magister-en-diseno-avanzado-mada-es-acreditado-hasta-enero-de-2026\/\"},\"wordCount\":485,\"commentCount\":0,\"image\":{\"@id\":\"https:\/\/fadeu.urantiacos.cl\/en\/2022\/03\/01\/magister-en-diseno-avanzado-mada-es-acreditado-hasta-enero-de-2026\/#primaryimage\"},\"thumbnailUrl\":\"https:\/\/fadeu.urantiacos.cl\/wp-content\/uploads\/2023\/09\/MADA_RE-ACREDITACION_web.png\",\"articleSection\":[\"Sin categorizar\"],\"inLanguage\":\"en-US\",\"potentialAction\":[{\"@type\":\"CommentAction\",\"name\":\"Comment\",\"target\":[\"https:\/\/fadeu.urantiacos.cl\/en\/2022\/03\/01\/magister-en-diseno-avanzado-mada-es-acreditado-hasta-enero-de-2026\/#respond\"]}]},{\"@type\":\"WebPage\",\"@id\":\"https:\/\/fadeu.urantiacos.cl\/en\/2022\/03\/01\/magister-en-diseno-avanzado-mada-es-acreditado-hasta-enero-de-2026\/\",\"url\":\"https:\/\/fadeu.urantiacos.cl\/en\/2022\/03\/01\/magister-en-diseno-avanzado-mada-es-acreditado-hasta-enero-de-2026\/\",\"name\":\"Mag\u00edster en Dise\u00f1o Avanzado (MADA) es acreditado hasta enero de 2026 - Facultad de Arquitectura, Dise\u00f1o y Estudios Urbanos\",\"isPartOf\":{\"@id\":\"https:\/\/fadeu.urantiacos.cl\/en\/#website\"},\"primaryImageOfPage\":{\"@id\":\"https:\/\/fadeu.urantiacos.cl\/en\/2022\/03\/01\/magister-en-diseno-avanzado-mada-es-acreditado-hasta-enero-de-2026\/#primaryimage\"},\"image\":{\"@id\":\"https:\/\/fadeu.urantiacos.cl\/en\/2022\/03\/01\/magister-en-diseno-avanzado-mada-es-acreditado-hasta-enero-de-2026\/#primaryimage\"},\"thumbnailUrl\":\"https:\/\/fadeu.urantiacos.cl\/wp-content\/uploads\/2023\/09\/MADA_RE-ACREDITACION_web.png\",\"datePublished\":\"2022-03-01T15:12:00+00:00\",\"dateModified\":\"2023-09-06T15:13:57+00:00\",\"author\":{\"@id\":\"https:\/\/fadeu.urantiacos.cl\/en\/#\/schema\/person\/d203e2e84b1c40275eac77b3061a19a2\"},\"description\":\"Una muy buena noticia recibi\u00f3 la Facultad de Arquitectura, Dise\u00f1o y Estudios Urbanos, tras la informaci\u00f3n emanada desde la Comisi\u00f3n Nacional de Acreditaci\u00f3n (CNA) anunciando la acreditaci\u00f3n del Mag\u00edster en Dise\u00f1o Avanzado (MADA), de la escuela de Dise\u00f1o UC, hasta enero de 2026 (cuatro a\u00f1os), noticia que fuera informada por la encargada de comunicaciones, Comunidad y Vinculaci\u00f3n con el Medio del MADA UC, Ignacia Mayorga.\",\"breadcrumb\":{\"@id\":\"https:\/\/fadeu.urantiacos.cl\/en\/2022\/03\/01\/magister-en-diseno-avanzado-mada-es-acreditado-hasta-enero-de-2026\/#breadcrumb\"},\"inLanguage\":\"en-US\",\"potentialAction\":[{\"@type\":\"ReadAction\",\"target\":[\"https:\/\/fadeu.urantiacos.cl\/en\/2022\/03\/01\/magister-en-diseno-avanzado-mada-es-acreditado-hasta-enero-de-2026\/\"]}]},{\"@type\":\"ImageObject\",\"inLanguage\":\"en-US\",\"@id\":\"https:\/\/fadeu.urantiacos.cl\/en\/2022\/03\/01\/magister-en-diseno-avanzado-mada-es-acreditado-hasta-enero-de-2026\/#primaryimage\",\"url\":\"https:\/\/fadeu.urantiacos.cl\/wp-content\/uploads\/2023\/09\/MADA_RE-ACREDITACION_web.png\",\"contentUrl\":\"https:\/\/fadeu.urantiacos.cl\/wp-content\/uploads\/2023\/09\/MADA_RE-ACREDITACION_web.png\",\"width\":350,\"height\":250},{\"@type\":\"BreadcrumbList\",\"@id\":\"https:\/\/fadeu.urantiacos.cl\/en\/2022\/03\/01\/magister-en-diseno-avanzado-mada-es-acreditado-hasta-enero-de-2026\/#breadcrumb\",\"itemListElement\":[{\"@type\":\"ListItem\",\"position\":1,\"name\":\"Portada\",\"item\":\"https:\/\/fadeu.urantiacos.cl\/en\/\"},{\"@type\":\"ListItem\",\"position\":2,\"name\":\"Mag\u00edster en Dise\u00f1o Avanzado (MADA) es acreditado hasta enero de 2026\"}]},{\"@type\":\"WebSite\",\"@id\":\"https:\/\/fadeu.urantiacos.cl\/en\/#website\",\"url\":\"https:\/\/fadeu.urantiacos.cl\/en\/\",\"name\":\"Facultad de Arquitectura, Dise\u00f1o y Estudios Urbanos\",\"description\":\"Campus Lo Contador\",\"potentialAction\":[{\"@type\":\"SearchAction\",\"target\":{\"@type\":\"EntryPoint\",\"urlTemplate\":\"https:\/\/fadeu.urantiacos.cl\/en\/?s={search_term_string}\"},\"query-input\":{\"@type\":\"PropertyValueSpecification\",\"valueRequired\":true,\"valueName\":\"search_term_string\"}}],\"inLanguage\":\"en-US\"},{\"@type\":\"Person\",\"@id\":\"https:\/\/fadeu.urantiacos.cl\/en\/#\/schema\/person\/d203e2e84b1c40275eac77b3061a19a2\",\"name\":\"manadmin\",\"image\":{\"@type\":\"ImageObject\",\"inLanguage\":\"en-US\",\"@id\":\"https:\/\/fadeu.urantiacos.cl\/en\/#\/schema\/person\/image\/\",\"url\":\"https:\/\/secure.gravatar.com\/avatar\/4b1d8e3303b4a9d8968ac578947d8bc80d9aea359f388cdd4aac15cadc0e8447?s=96&d=mm&r=g\",\"contentUrl\":\"https:\/\/secure.gravatar.com\/avatar\/4b1d8e3303b4a9d8968ac578947d8bc80d9aea359f388cdd4aac15cadc0e8447?s=96&d=mm&r=g\",\"caption\":\"manadmin\"},\"sameAs\":[\"https:\/\/fadeu.urantiacos.cl\"]}]}<\/script>\n<!-- \/ Yoast SEO plugin. -->","yoast_head_json":{"title":"Mag\u00edster en Dise\u00f1o Avanzado (MADA) es acreditado hasta enero de 2026 - Facultad de Arquitectura, Dise\u00f1o y Estudios Urbanos","description":"Una muy buena noticia recibi\u00f3 la Facultad de Arquitectura, Dise\u00f1o y Estudios Urbanos, tras la informaci\u00f3n emanada desde la Comisi\u00f3n Nacional de Acreditaci\u00f3n (CNA) anunciando la acreditaci\u00f3n del Mag\u00edster en Dise\u00f1o Avanzado (MADA), de la escuela de Dise\u00f1o UC, hasta enero de 2026 (cuatro a\u00f1os), noticia que fuera informada por la encargada de comunicaciones, Comunidad y Vinculaci\u00f3n con el Medio del MADA UC, Ignacia Mayorga.","robots":{"index":"index","follow":"follow","max-snippet":"max-snippet:-1","max-image-preview":"max-image-preview:large","max-video-preview":"max-video-preview:-1"},"canonical":"https:\/\/fadeu.urantiacos.cl\/en\/2022\/03\/01\/magister-en-diseno-avanzado-mada-es-acreditado-hasta-enero-de-2026\/","og_locale":"en_US","og_type":"article","og_title":"Mag\u00edster en Dise\u00f1o Avanzado (MADA) es acreditado hasta enero de 2026 - Facultad de Arquitectura, Dise\u00f1o y Estudios Urbanos","og_description":"Una muy buena noticia recibi\u00f3 la Facultad de Arquitectura, Dise\u00f1o y Estudios Urbanos, tras la informaci\u00f3n emanada desde la Comisi\u00f3n Nacional de Acreditaci\u00f3n (CNA) anunciando la acreditaci\u00f3n del Mag\u00edster en Dise\u00f1o Avanzado (MADA), de la escuela de Dise\u00f1o UC, hasta enero de 2026 (cuatro a\u00f1os), noticia que fuera informada por la encargada de comunicaciones, Comunidad y Vinculaci\u00f3n con el Medio del MADA UC, Ignacia Mayorga.","og_url":"https:\/\/fadeu.urantiacos.cl\/en\/2022\/03\/01\/magister-en-diseno-avanzado-mada-es-acreditado-hasta-enero-de-2026\/","og_site_name":"Facultad de Arquitectura, Dise\u00f1o y Estudios Urbanos","article_published_time":"2022-03-01T15:12:00+00:00","article_modified_time":"2023-09-06T15:13:57+00:00","og_image":[{"width":350,"height":250,"url":"https:\/\/fadeu.urantiacos.cl\/wp-content\/uploads\/2023\/09\/MADA_RE-ACREDITACION_web.png","type":"image\/png"}],"author":"manadmin","twitter_card":"summary_large_image","twitter_misc":{"Written by":"manadmin","Est. reading time":"2 minutes"},"schema":{"@context":"https:\/\/schema.org","@graph":[{"@type":"Article","@id":"https:\/\/fadeu.urantiacos.cl\/en\/2022\/03\/01\/magister-en-diseno-avanzado-mada-es-acreditado-hasta-enero-de-2026\/#article","isPartOf":{"@id":"https:\/\/fadeu.urantiacos.cl\/en\/2022\/03\/01\/magister-en-diseno-avanzado-mada-es-acreditado-hasta-enero-de-2026\/"},"author":{"name":"manadmin","@id":"https:\/\/fadeu.urantiacos.cl\/en\/#\/schema\/person\/d203e2e84b1c40275eac77b3061a19a2"},"headline":"Mag\u00edster en Dise\u00f1o Avanzado (MADA) es acreditado hasta enero de 2026","datePublished":"2022-03-01T15:12:00+00:00","dateModified":"2023-09-06T15:13:57+00:00","mainEntityOfPage":{"@id":"https:\/\/fadeu.urantiacos.cl\/en\/2022\/03\/01\/magister-en-diseno-avanzado-mada-es-acreditado-hasta-enero-de-2026\/"},"wordCount":485,"commentCount":0,"image":{"@id":"https:\/\/fadeu.urantiacos.cl\/en\/2022\/03\/01\/magister-en-diseno-avanzado-mada-es-acreditado-hasta-enero-de-2026\/#primaryimage"},"thumbnailUrl":"https:\/\/fadeu.urantiacos.cl\/wp-content\/uploads\/2023\/09\/MADA_RE-ACREDITACION_web.png","articleSection":["Sin categorizar"],"inLanguage":"en-US","potentialAction":[{"@type":"CommentAction","name":"Comment","target":["https:\/\/fadeu.urantiacos.cl\/en\/2022\/03\/01\/magister-en-diseno-avanzado-mada-es-acreditado-hasta-enero-de-2026\/#respond"]}]},{"@type":"WebPage","@id":"https:\/\/fadeu.urantiacos.cl\/en\/2022\/03\/01\/magister-en-diseno-avanzado-mada-es-acreditado-hasta-enero-de-2026\/","url":"https:\/\/fadeu.urantiacos.cl\/en\/2022\/03\/01\/magister-en-diseno-avanzado-mada-es-acreditado-hasta-enero-de-2026\/","name":"Mag\u00edster en Dise\u00f1o Avanzado (MADA) es acreditado hasta enero de 2026 - Facultad de Arquitectura, Dise\u00f1o y Estudios Urbanos","isPartOf":{"@id":"https:\/\/fadeu.urantiacos.cl\/en\/#website"},"primaryImageOfPage":{"@id":"https:\/\/fadeu.urantiacos.cl\/en\/2022\/03\/01\/magister-en-diseno-avanzado-mada-es-acreditado-hasta-enero-de-2026\/#primaryimage"},"image":{"@id":"https:\/\/fadeu.urantiacos.cl\/en\/2022\/03\/01\/magister-en-diseno-avanzado-mada-es-acreditado-hasta-enero-de-2026\/#primaryimage"},"thumbnailUrl":"https:\/\/fadeu.urantiacos.cl\/wp-content\/uploads\/2023\/09\/MADA_RE-ACREDITACION_web.png","datePublished":"2022-03-01T15:12:00+00:00","dateModified":"2023-09-06T15:13:57+00:00","author":{"@id":"https:\/\/fadeu.urantiacos.cl\/en\/#\/schema\/person\/d203e2e84b1c40275eac77b3061a19a2"},"description":"Una muy buena noticia recibi\u00f3 la Facultad de Arquitectura, Dise\u00f1o y Estudios Urbanos, tras la informaci\u00f3n emanada desde la Comisi\u00f3n Nacional de Acreditaci\u00f3n (CNA) anunciando la acreditaci\u00f3n del Mag\u00edster en Dise\u00f1o Avanzado (MADA), de la escuela de Dise\u00f1o UC, hasta enero de 2026 (cuatro a\u00f1os), noticia que fuera informada por la encargada de comunicaciones, Comunidad y Vinculaci\u00f3n con el Medio del MADA UC, Ignacia Mayorga.","breadcrumb":{"@id":"https:\/\/fadeu.urantiacos.cl\/en\/2022\/03\/01\/magister-en-diseno-avanzado-mada-es-acreditado-hasta-enero-de-2026\/#breadcrumb"},"inLanguage":"en-US","potentialAction":[{"@type":"ReadAction","target":["https:\/\/fadeu.urantiacos.cl\/en\/2022\/03\/01\/magister-en-diseno-avanzado-mada-es-acreditado-hasta-enero-de-2026\/"]}]},{"@type":"ImageObject","inLanguage":"en-US","@id":"https:\/\/fadeu.urantiacos.cl\/en\/2022\/03\/01\/magister-en-diseno-avanzado-mada-es-acreditado-hasta-enero-de-2026\/#primaryimage","url":"https:\/\/fadeu.urantiacos.cl\/wp-content\/uploads\/2023\/09\/MADA_RE-ACREDITACION_web.png","contentUrl":"https:\/\/fadeu.urantiacos.cl\/wp-content\/uploads\/2023\/09\/MADA_RE-ACREDITACION_web.png","width":350,"height":250},{"@type":"BreadcrumbList","@id":"https:\/\/fadeu.urantiacos.cl\/en\/2022\/03\/01\/magister-en-diseno-avanzado-mada-es-acreditado-hasta-enero-de-2026\/#breadcrumb","itemListElement":[{"@type":"ListItem","position":1,"name":"Portada","item":"https:\/\/fadeu.urantiacos.cl\/en\/"},{"@type":"ListItem","position":2,"name":"Mag\u00edster en Dise\u00f1o Avanzado (MADA) es acreditado hasta enero de 2026"}]},{"@type":"WebSite","@id":"https:\/\/fadeu.urantiacos.cl\/en\/#website","url":"https:\/\/fadeu.urantiacos.cl\/en\/","name":"Facultad de Arquitectura, Dise\u00f1o y Estudios Urbanos","description":"Campus Lo Contador","potentialAction":[{"@type":"SearchAction","target":{"@type":"EntryPoint","urlTemplate":"https:\/\/fadeu.urantiacos.cl\/en\/?s={search_term_string}"},"query-input":{"@type":"PropertyValueSpecification","valueRequired":true,"valueName":"search_term_string"}}],"inLanguage":"en-US"},{"@type":"Person","@id":"https:\/\/fadeu.urantiacos.cl\/en\/#\/schema\/person\/d203e2e84b1c40275eac77b3061a19a2","name":"manadmin","image":{"@type":"ImageObject","inLanguage":"en-US","@id":"https:\/\/fadeu.urantiacos.cl\/en\/#\/schema\/person\/image\/","url":"https:\/\/secure.gravatar.com\/avatar\/4b1d8e3303b4a9d8968ac578947d8bc80d9aea359f388cdd4aac15cadc0e8447?s=96&d=mm&r=g","contentUrl":"https:\/\/secure.gravatar.com\/avatar\/4b1d8e3303b4a9d8968ac578947d8bc80d9aea359f388cdd4aac15cadc0e8447?s=96&d=mm&r=g","caption":"manadmin"},"sameAs":["https:\/\/fadeu.urantiacos.cl"]}]}},"_links":{"self":[{"href":"https:\/\/fadeu.urantiacos.cl\/en\/wp-json\/wp\/v2\/posts\/5488","targetHints":{"allow":["GET"]}}],"collection":[{"href":"https:\/\/fadeu.urantiacos.cl\/en\/wp-json\/wp\/v2\/posts"}],"about":[{"href":"https:\/\/fadeu.urantiacos.cl\/en\/wp-json\/wp\/v2\/types\/post"}],"author":[{"embeddable":true,"href":"https:\/\/fadeu.urantiacos.cl\/en\/wp-json\/wp\/v2\/users\/1"}],"replies":[{"embeddable":true,"href":"https:\/\/fadeu.urantiacos.cl\/en\/wp-json\/wp\/v2\/comments?post=5488"}],"version-history":[{"count":1,"href":"https:\/\/fadeu.urantiacos.cl\/en\/wp-json\/wp\/v2\/posts\/5488\/revisions"}],"predecessor-version":[{"id":5491,"href":"https:\/\/fadeu.urantiacos.cl\/en\/wp-json\/wp\/v2\/posts\/5488\/revisions\/5491"}],"wp:featuredmedia":[{"embeddable":true,"href":"https:\/\/fadeu.urantiacos.cl\/en\/wp-json\/wp\/v2\/media\/5490"}],"wp:attachment":[{"href":"https:\/\/fadeu.urantiacos.cl\/en\/wp-json\/wp\/v2\/media?parent=5488"}],"wp:term":[{"taxonomy":"category","embeddable":true,"href":"https:\/\/fadeu.urantiacos.cl\/en\/wp-json\/wp\/v2\/categories?post=5488"},{"taxonomy":"post_tag","embeddable":true,"href":"https:\/\/fadeu.urantiacos.cl\/en\/wp-json\/wp\/v2\/tags?post=5488"}],"curies":[{"name":"wp","href":"https:\/\/api.w.org\/{rel}","templated":true}]}}