{"id":5468,"date":"2022-03-07T12:01:00","date_gmt":"2022-03-07T15:01:00","guid":{"rendered":"https:\/\/fadeu.urantiacos.cl\/?p=5468"},"modified":"2023-09-06T12:04:43","modified_gmt":"2023-09-06T15:04:43","slug":"profesores-arq-uc-presentan-sus-investigaciones-en-barcelona","status":"publish","type":"post","link":"https:\/\/fadeu.urantiacos.cl\/en\/2022\/03\/07\/profesores-arq-uc-presentan-sus-investigaciones-en-barcelona\/","title":{"rendered":"Profesores ARQ UC presentan sus investigaciones en Barcelona"},"content":{"rendered":"\n<figure class=\"wp-block-image size-full\"><img decoding=\"async\" width=\"350\" height=\"250\" src=\"https:\/\/fadeu.urantiacos.cl\/wp-content\/uploads\/2023\/09\/WEB_A471235B-390A-4199-B5D5-99892771DE00.jpg\" alt=\"\" class=\"wp-image-5469\" srcset=\"https:\/\/fadeu.urantiacos.cl\/wp-content\/uploads\/2023\/09\/WEB_A471235B-390A-4199-B5D5-99892771DE00.jpg 350w, https:\/\/fadeu.urantiacos.cl\/wp-content\/uploads\/2023\/09\/WEB_A471235B-390A-4199-B5D5-99892771DE00-300x214.jpg 300w\" sizes=\"(max-width: 350px) 100vw, 350px\" \/><\/figure>\n\n\n\n<p>A trav\u00e9s de una conferencia y una exhibici\u00f3n, los profesores ARQ UC Germ\u00e1n Hidalgo, Wren Strabucchi y Jos\u00e9 Rosas \u2014\u00e9ste \u00faltimo de manera remota\u2014 presentaron parte de los resultados de sus investigaciones y proyectos m\u00e1s recientes.<\/p>\n\n\n\n<p>La conferencia fue dictada el d\u00eda 28 de febrero de 2022 y se titul\u00f3 &#8220;Desmontando el plano de Santiago de Ernesto Ansart de 1875 y el plan de transformaci\u00f3n de Vicu\u00f1a Mackenna de 1872&#8221;. La instancia present\u00f3 las principales conclusiones de la investigaci\u00f3n Fondecyt 1191393 liderada por Germ\u00e1n Hidalgo \u2014realizada entre 2019 y 2022\u2014, en la que tambi\u00e9n participaron como co-investigadores los acad\u00e9micos Jos\u00e9 Rosas (ARQ UC), Wren Strabucchi (ARQ UC) y Macarena Ibarra (IEUT UC).<\/p>\n\n\n\n<p>Por su parte, la exposici\u00f3n \u2014inaugurada el 03 de marzo de 2022 en el hall de la ETSAB\u2014 se titula \u201cCinco planos de Santiago de Chile bajo sospecha: 1850, 1875, 1890, 1910, 1939-89\u201d, y muestra el resultado de la serie de planos de Santiago realizados por la Escuela de Arquitectura UC desde el a\u00f1o 2008, mediante investigaciones Fondecyt de los investigadores ARQ UC Jos\u00e9 Rosas, Germ\u00e1n Hidalgo y Wren Strabucchi, a trav\u00e9s de la reconstrucci\u00f3n planim\u00e9trica de cinco momentos de Santiago.<\/p>\n\n\n\n<p>Ver m\u00e1s sobre la exposici\u00f3n en el siguiente&nbsp;<a href=\"https:\/\/etsab.upc.edu\/ca\/actualitat-avisos\/noticies\/actualitat-etsab\/5-planos-de-santiago-de-chile-bajo-sospecha\" target=\"_blank\" rel=\"noreferrer noopener\">link<\/a>&nbsp;<\/p>\n\n\n\n<figure class=\"wp-block-image size-full\"><img decoding=\"async\" width=\"1024\" height=\"768\" src=\"https:\/\/fadeu.urantiacos.cl\/wp-content\/uploads\/2023\/09\/A471235B-390A-4199-B5D5-99892771DE00.jpeg\" alt=\"\" class=\"wp-image-5470\" srcset=\"https:\/\/fadeu.urantiacos.cl\/wp-content\/uploads\/2023\/09\/A471235B-390A-4199-B5D5-99892771DE00.jpeg 1024w, https:\/\/fadeu.urantiacos.cl\/wp-content\/uploads\/2023\/09\/A471235B-390A-4199-B5D5-99892771DE00-300x225.jpeg 300w, https:\/\/fadeu.urantiacos.cl\/wp-content\/uploads\/2023\/09\/A471235B-390A-4199-B5D5-99892771DE00-768x576.jpeg 768w\" sizes=\"(max-width: 1024px) 100vw, 1024px\" \/><\/figure>\n\n\n\n<figure class=\"wp-block-image size-large\"><img decoding=\"async\" width=\"1024\" height=\"768\" src=\"https:\/\/fadeu.urantiacos.cl\/wp-content\/uploads\/2023\/09\/CB87185F-4B6F-4905-A763-D43C6E2BEBC2-1024x768.jpeg\" alt=\"\" class=\"wp-image-5471\" srcset=\"https:\/\/fadeu.urantiacos.cl\/wp-content\/uploads\/2023\/09\/CB87185F-4B6F-4905-A763-D43C6E2BEBC2-1024x768.jpeg 1024w, https:\/\/fadeu.urantiacos.cl\/wp-content\/uploads\/2023\/09\/CB87185F-4B6F-4905-A763-D43C6E2BEBC2-300x225.jpeg 300w, https:\/\/fadeu.urantiacos.cl\/wp-content\/uploads\/2023\/09\/CB87185F-4B6F-4905-A763-D43C6E2BEBC2-768x576.jpeg 768w, https:\/\/fadeu.urantiacos.cl\/wp-content\/uploads\/2023\/09\/CB87185F-4B6F-4905-A763-D43C6E2BEBC2-1536x1152.jpeg 1536w, https:\/\/fadeu.urantiacos.cl\/wp-content\/uploads\/2023\/09\/CB87185F-4B6F-4905-A763-D43C6E2BEBC2.jpeg 1600w\" sizes=\"(max-width: 1024px) 100vw, 1024px\" \/><\/figure>\n\n\n\n<p>Noticias<br>Contacto:&nbsp;<a href=\"mailto:redesarq@uc.cl\">redesarq@uc.cl<\/a>&nbsp;| +56 2 2354 7747<br>www.arquitectura.uc.cl<\/p>\n","protected":false},"excerpt":{"rendered":"<p>Germ\u00e1n Hidalgo, Wren Strabucchi y Jos\u00e9 Rosas expusieron su trabajo en el Laboratorio de Urbanismo de Barcelona (LUB) y en la Escuela T\u00e9cnica Superior de Arquitectura de Barcelona (ETSAB), ambos de la Universidad Polit\u00e9cnica de Catalu\u00f1a (UPC).<\/p>\n","protected":false},"author":1,"featured_media":5469,"comment_status":"open","ping_status":"open","sticky":false,"template":"","format":"standard","meta":{"_acf_changed":false,"footnotes":""},"categories":[1],"tags":[],"class_list":["post-5468","post","type-post","status-publish","format-standard","has-post-thumbnail","hentry","category-sin-categorizar"],"acf":[],"yoast_head":"<!-- This site is optimized with the Yoast SEO plugin v27.1.1 - https:\/\/yoast.com\/product\/yoast-seo-wordpress\/ -->\n<title>Profesores ARQ UC presentan sus investigaciones en Barcelona - Facultad de Arquitectura, Dise\u00f1o y Estudios Urbanos<\/title>\n<meta name=\"description\" content=\"Germ\u00e1n Hidalgo, Wren Strabucchi y Jos\u00e9 Rosas expusieron su trabajo en el Laboratorio de Urbanismo de Barcelona (LUB) y en la Escuela T\u00e9cnica Superior de Arquitectura de Barcelona (ETSAB), ambos de la Universidad Polit\u00e9cnica de Catalu\u00f1a (UPC).\" \/>\n<meta name=\"robots\" content=\"index, follow, max-snippet:-1, max-image-preview:large, max-video-preview:-1\" \/>\n<link rel=\"canonical\" href=\"https:\/\/fadeu.urantiacos.cl\/en\/2022\/03\/07\/profesores-arq-uc-presentan-sus-investigaciones-en-barcelona\/\" \/>\n<meta property=\"og:locale\" content=\"en_US\" \/>\n<meta property=\"og:type\" content=\"article\" \/>\n<meta property=\"og:title\" content=\"Profesores ARQ UC presentan sus investigaciones en Barcelona - Facultad de Arquitectura, Dise\u00f1o y Estudios Urbanos\" \/>\n<meta property=\"og:description\" content=\"Germ\u00e1n Hidalgo, Wren Strabucchi y Jos\u00e9 Rosas expusieron su trabajo en el Laboratorio de Urbanismo de Barcelona (LUB) y en la Escuela T\u00e9cnica Superior de Arquitectura de Barcelona (ETSAB), ambos de la Universidad Polit\u00e9cnica de Catalu\u00f1a (UPC).\" \/>\n<meta property=\"og:url\" content=\"https:\/\/fadeu.urantiacos.cl\/en\/2022\/03\/07\/profesores-arq-uc-presentan-sus-investigaciones-en-barcelona\/\" \/>\n<meta property=\"og:site_name\" content=\"Facultad de Arquitectura, Dise\u00f1o y Estudios Urbanos\" \/>\n<meta property=\"article:published_time\" content=\"2022-03-07T15:01:00+00:00\" \/>\n<meta property=\"article:modified_time\" content=\"2023-09-06T15:04:43+00:00\" \/>\n<meta property=\"og:image\" content=\"https:\/\/fadeu.urantiacos.cl\/wp-content\/uploads\/2023\/09\/WEB_A471235B-390A-4199-B5D5-99892771DE00.jpg\" \/>\n\t<meta property=\"og:image:width\" content=\"350\" \/>\n\t<meta property=\"og:image:height\" content=\"250\" \/>\n\t<meta property=\"og:image:type\" content=\"image\/jpeg\" \/>\n<meta name=\"author\" content=\"manadmin\" \/>\n<meta name=\"twitter:card\" content=\"summary_large_image\" \/>\n<meta name=\"twitter:label1\" content=\"Written by\" \/>\n\t<meta name=\"twitter:data1\" content=\"manadmin\" \/>\n\t<meta name=\"twitter:label2\" content=\"Est. reading time\" \/>\n\t<meta name=\"twitter:data2\" content=\"1 minute\" \/>\n<script type=\"application\/ld+json\" class=\"yoast-schema-graph\">{\"@context\":\"https:\/\/schema.org\",\"@graph\":[{\"@type\":\"Article\",\"@id\":\"https:\/\/fadeu.urantiacos.cl\/en\/2022\/03\/07\/profesores-arq-uc-presentan-sus-investigaciones-en-barcelona\/#article\",\"isPartOf\":{\"@id\":\"https:\/\/fadeu.urantiacos.cl\/en\/2022\/03\/07\/profesores-arq-uc-presentan-sus-investigaciones-en-barcelona\/\"},\"author\":{\"name\":\"manadmin\",\"@id\":\"https:\/\/fadeu.urantiacos.cl\/en\/#\/schema\/person\/d203e2e84b1c40275eac77b3061a19a2\"},\"headline\":\"Profesores ARQ UC presentan sus investigaciones en Barcelona\",\"datePublished\":\"2022-03-07T15:01:00+00:00\",\"dateModified\":\"2023-09-06T15:04:43+00:00\",\"mainEntityOfPage\":{\"@id\":\"https:\/\/fadeu.urantiacos.cl\/en\/2022\/03\/07\/profesores-arq-uc-presentan-sus-investigaciones-en-barcelona\/\"},\"wordCount\":227,\"commentCount\":0,\"image\":{\"@id\":\"https:\/\/fadeu.urantiacos.cl\/en\/2022\/03\/07\/profesores-arq-uc-presentan-sus-investigaciones-en-barcelona\/#primaryimage\"},\"thumbnailUrl\":\"https:\/\/fadeu.urantiacos.cl\/wp-content\/uploads\/2023\/09\/WEB_A471235B-390A-4199-B5D5-99892771DE00.jpg\",\"articleSection\":[\"Sin categorizar\"],\"inLanguage\":\"en-US\",\"potentialAction\":[{\"@type\":\"CommentAction\",\"name\":\"Comment\",\"target\":[\"https:\/\/fadeu.urantiacos.cl\/en\/2022\/03\/07\/profesores-arq-uc-presentan-sus-investigaciones-en-barcelona\/#respond\"]}]},{\"@type\":\"WebPage\",\"@id\":\"https:\/\/fadeu.urantiacos.cl\/en\/2022\/03\/07\/profesores-arq-uc-presentan-sus-investigaciones-en-barcelona\/\",\"url\":\"https:\/\/fadeu.urantiacos.cl\/en\/2022\/03\/07\/profesores-arq-uc-presentan-sus-investigaciones-en-barcelona\/\",\"name\":\"Profesores ARQ UC presentan sus investigaciones en Barcelona - Facultad de Arquitectura, Dise\u00f1o y Estudios Urbanos\",\"isPartOf\":{\"@id\":\"https:\/\/fadeu.urantiacos.cl\/en\/#website\"},\"primaryImageOfPage\":{\"@id\":\"https:\/\/fadeu.urantiacos.cl\/en\/2022\/03\/07\/profesores-arq-uc-presentan-sus-investigaciones-en-barcelona\/#primaryimage\"},\"image\":{\"@id\":\"https:\/\/fadeu.urantiacos.cl\/en\/2022\/03\/07\/profesores-arq-uc-presentan-sus-investigaciones-en-barcelona\/#primaryimage\"},\"thumbnailUrl\":\"https:\/\/fadeu.urantiacos.cl\/wp-content\/uploads\/2023\/09\/WEB_A471235B-390A-4199-B5D5-99892771DE00.jpg\",\"datePublished\":\"2022-03-07T15:01:00+00:00\",\"dateModified\":\"2023-09-06T15:04:43+00:00\",\"author\":{\"@id\":\"https:\/\/fadeu.urantiacos.cl\/en\/#\/schema\/person\/d203e2e84b1c40275eac77b3061a19a2\"},\"description\":\"Germ\u00e1n Hidalgo, Wren Strabucchi y Jos\u00e9 Rosas expusieron su trabajo en el Laboratorio de Urbanismo de Barcelona (LUB) y en la Escuela T\u00e9cnica Superior de Arquitectura de Barcelona (ETSAB), ambos de la Universidad Polit\u00e9cnica de Catalu\u00f1a (UPC).\",\"breadcrumb\":{\"@id\":\"https:\/\/fadeu.urantiacos.cl\/en\/2022\/03\/07\/profesores-arq-uc-presentan-sus-investigaciones-en-barcelona\/#breadcrumb\"},\"inLanguage\":\"en-US\",\"potentialAction\":[{\"@type\":\"ReadAction\",\"target\":[\"https:\/\/fadeu.urantiacos.cl\/en\/2022\/03\/07\/profesores-arq-uc-presentan-sus-investigaciones-en-barcelona\/\"]}]},{\"@type\":\"ImageObject\",\"inLanguage\":\"en-US\",\"@id\":\"https:\/\/fadeu.urantiacos.cl\/en\/2022\/03\/07\/profesores-arq-uc-presentan-sus-investigaciones-en-barcelona\/#primaryimage\",\"url\":\"https:\/\/fadeu.urantiacos.cl\/wp-content\/uploads\/2023\/09\/WEB_A471235B-390A-4199-B5D5-99892771DE00.jpg\",\"contentUrl\":\"https:\/\/fadeu.urantiacos.cl\/wp-content\/uploads\/2023\/09\/WEB_A471235B-390A-4199-B5D5-99892771DE00.jpg\",\"width\":350,\"height\":250},{\"@type\":\"BreadcrumbList\",\"@id\":\"https:\/\/fadeu.urantiacos.cl\/en\/2022\/03\/07\/profesores-arq-uc-presentan-sus-investigaciones-en-barcelona\/#breadcrumb\",\"itemListElement\":[{\"@type\":\"ListItem\",\"position\":1,\"name\":\"Portada\",\"item\":\"https:\/\/fadeu.urantiacos.cl\/en\/\"},{\"@type\":\"ListItem\",\"position\":2,\"name\":\"Profesores ARQ UC presentan sus investigaciones en Barcelona\"}]},{\"@type\":\"WebSite\",\"@id\":\"https:\/\/fadeu.urantiacos.cl\/en\/#website\",\"url\":\"https:\/\/fadeu.urantiacos.cl\/en\/\",\"name\":\"Facultad de Arquitectura, Dise\u00f1o y Estudios Urbanos\",\"description\":\"Campus Lo Contador\",\"potentialAction\":[{\"@type\":\"SearchAction\",\"target\":{\"@type\":\"EntryPoint\",\"urlTemplate\":\"https:\/\/fadeu.urantiacos.cl\/en\/?s={search_term_string}\"},\"query-input\":{\"@type\":\"PropertyValueSpecification\",\"valueRequired\":true,\"valueName\":\"search_term_string\"}}],\"inLanguage\":\"en-US\"},{\"@type\":\"Person\",\"@id\":\"https:\/\/fadeu.urantiacos.cl\/en\/#\/schema\/person\/d203e2e84b1c40275eac77b3061a19a2\",\"name\":\"manadmin\",\"image\":{\"@type\":\"ImageObject\",\"inLanguage\":\"en-US\",\"@id\":\"https:\/\/fadeu.urantiacos.cl\/en\/#\/schema\/person\/image\/\",\"url\":\"https:\/\/secure.gravatar.com\/avatar\/4b1d8e3303b4a9d8968ac578947d8bc80d9aea359f388cdd4aac15cadc0e8447?s=96&d=mm&r=g\",\"contentUrl\":\"https:\/\/secure.gravatar.com\/avatar\/4b1d8e3303b4a9d8968ac578947d8bc80d9aea359f388cdd4aac15cadc0e8447?s=96&d=mm&r=g\",\"caption\":\"manadmin\"},\"sameAs\":[\"https:\/\/fadeu.urantiacos.cl\"]}]}<\/script>\n<!-- \/ Yoast SEO plugin. -->","yoast_head_json":{"title":"Profesores ARQ UC presentan sus investigaciones en Barcelona - Facultad de Arquitectura, Dise\u00f1o y Estudios Urbanos","description":"Germ\u00e1n Hidalgo, Wren Strabucchi y Jos\u00e9 Rosas expusieron su trabajo en el Laboratorio de Urbanismo de Barcelona (LUB) y en la Escuela T\u00e9cnica Superior de Arquitectura de Barcelona (ETSAB), ambos de la Universidad Polit\u00e9cnica de Catalu\u00f1a (UPC).","robots":{"index":"index","follow":"follow","max-snippet":"max-snippet:-1","max-image-preview":"max-image-preview:large","max-video-preview":"max-video-preview:-1"},"canonical":"https:\/\/fadeu.urantiacos.cl\/en\/2022\/03\/07\/profesores-arq-uc-presentan-sus-investigaciones-en-barcelona\/","og_locale":"en_US","og_type":"article","og_title":"Profesores ARQ UC presentan sus investigaciones en Barcelona - Facultad de Arquitectura, Dise\u00f1o y Estudios Urbanos","og_description":"Germ\u00e1n Hidalgo, Wren Strabucchi y Jos\u00e9 Rosas expusieron su trabajo en el Laboratorio de Urbanismo de Barcelona (LUB) y en la Escuela T\u00e9cnica Superior de Arquitectura de Barcelona (ETSAB), ambos de la Universidad Polit\u00e9cnica de Catalu\u00f1a (UPC).","og_url":"https:\/\/fadeu.urantiacos.cl\/en\/2022\/03\/07\/profesores-arq-uc-presentan-sus-investigaciones-en-barcelona\/","og_site_name":"Facultad de Arquitectura, Dise\u00f1o y Estudios Urbanos","article_published_time":"2022-03-07T15:01:00+00:00","article_modified_time":"2023-09-06T15:04:43+00:00","og_image":[{"width":350,"height":250,"url":"https:\/\/fadeu.urantiacos.cl\/wp-content\/uploads\/2023\/09\/WEB_A471235B-390A-4199-B5D5-99892771DE00.jpg","type":"image\/jpeg"}],"author":"manadmin","twitter_card":"summary_large_image","twitter_misc":{"Written by":"manadmin","Est. reading time":"1 minute"},"schema":{"@context":"https:\/\/schema.org","@graph":[{"@type":"Article","@id":"https:\/\/fadeu.urantiacos.cl\/en\/2022\/03\/07\/profesores-arq-uc-presentan-sus-investigaciones-en-barcelona\/#article","isPartOf":{"@id":"https:\/\/fadeu.urantiacos.cl\/en\/2022\/03\/07\/profesores-arq-uc-presentan-sus-investigaciones-en-barcelona\/"},"author":{"name":"manadmin","@id":"https:\/\/fadeu.urantiacos.cl\/en\/#\/schema\/person\/d203e2e84b1c40275eac77b3061a19a2"},"headline":"Profesores ARQ UC presentan sus investigaciones en Barcelona","datePublished":"2022-03-07T15:01:00+00:00","dateModified":"2023-09-06T15:04:43+00:00","mainEntityOfPage":{"@id":"https:\/\/fadeu.urantiacos.cl\/en\/2022\/03\/07\/profesores-arq-uc-presentan-sus-investigaciones-en-barcelona\/"},"wordCount":227,"commentCount":0,"image":{"@id":"https:\/\/fadeu.urantiacos.cl\/en\/2022\/03\/07\/profesores-arq-uc-presentan-sus-investigaciones-en-barcelona\/#primaryimage"},"thumbnailUrl":"https:\/\/fadeu.urantiacos.cl\/wp-content\/uploads\/2023\/09\/WEB_A471235B-390A-4199-B5D5-99892771DE00.jpg","articleSection":["Sin categorizar"],"inLanguage":"en-US","potentialAction":[{"@type":"CommentAction","name":"Comment","target":["https:\/\/fadeu.urantiacos.cl\/en\/2022\/03\/07\/profesores-arq-uc-presentan-sus-investigaciones-en-barcelona\/#respond"]}]},{"@type":"WebPage","@id":"https:\/\/fadeu.urantiacos.cl\/en\/2022\/03\/07\/profesores-arq-uc-presentan-sus-investigaciones-en-barcelona\/","url":"https:\/\/fadeu.urantiacos.cl\/en\/2022\/03\/07\/profesores-arq-uc-presentan-sus-investigaciones-en-barcelona\/","name":"Profesores ARQ UC presentan sus investigaciones en Barcelona - Facultad de Arquitectura, Dise\u00f1o y Estudios Urbanos","isPartOf":{"@id":"https:\/\/fadeu.urantiacos.cl\/en\/#website"},"primaryImageOfPage":{"@id":"https:\/\/fadeu.urantiacos.cl\/en\/2022\/03\/07\/profesores-arq-uc-presentan-sus-investigaciones-en-barcelona\/#primaryimage"},"image":{"@id":"https:\/\/fadeu.urantiacos.cl\/en\/2022\/03\/07\/profesores-arq-uc-presentan-sus-investigaciones-en-barcelona\/#primaryimage"},"thumbnailUrl":"https:\/\/fadeu.urantiacos.cl\/wp-content\/uploads\/2023\/09\/WEB_A471235B-390A-4199-B5D5-99892771DE00.jpg","datePublished":"2022-03-07T15:01:00+00:00","dateModified":"2023-09-06T15:04:43+00:00","author":{"@id":"https:\/\/fadeu.urantiacos.cl\/en\/#\/schema\/person\/d203e2e84b1c40275eac77b3061a19a2"},"description":"Germ\u00e1n Hidalgo, Wren Strabucchi y Jos\u00e9 Rosas expusieron su trabajo en el Laboratorio de Urbanismo de Barcelona (LUB) y en la Escuela T\u00e9cnica Superior de Arquitectura de Barcelona (ETSAB), ambos de la Universidad Polit\u00e9cnica de Catalu\u00f1a (UPC).","breadcrumb":{"@id":"https:\/\/fadeu.urantiacos.cl\/en\/2022\/03\/07\/profesores-arq-uc-presentan-sus-investigaciones-en-barcelona\/#breadcrumb"},"inLanguage":"en-US","potentialAction":[{"@type":"ReadAction","target":["https:\/\/fadeu.urantiacos.cl\/en\/2022\/03\/07\/profesores-arq-uc-presentan-sus-investigaciones-en-barcelona\/"]}]},{"@type":"ImageObject","inLanguage":"en-US","@id":"https:\/\/fadeu.urantiacos.cl\/en\/2022\/03\/07\/profesores-arq-uc-presentan-sus-investigaciones-en-barcelona\/#primaryimage","url":"https:\/\/fadeu.urantiacos.cl\/wp-content\/uploads\/2023\/09\/WEB_A471235B-390A-4199-B5D5-99892771DE00.jpg","contentUrl":"https:\/\/fadeu.urantiacos.cl\/wp-content\/uploads\/2023\/09\/WEB_A471235B-390A-4199-B5D5-99892771DE00.jpg","width":350,"height":250},{"@type":"BreadcrumbList","@id":"https:\/\/fadeu.urantiacos.cl\/en\/2022\/03\/07\/profesores-arq-uc-presentan-sus-investigaciones-en-barcelona\/#breadcrumb","itemListElement":[{"@type":"ListItem","position":1,"name":"Portada","item":"https:\/\/fadeu.urantiacos.cl\/en\/"},{"@type":"ListItem","position":2,"name":"Profesores ARQ UC presentan sus investigaciones en Barcelona"}]},{"@type":"WebSite","@id":"https:\/\/fadeu.urantiacos.cl\/en\/#website","url":"https:\/\/fadeu.urantiacos.cl\/en\/","name":"Facultad de Arquitectura, Dise\u00f1o y Estudios Urbanos","description":"Campus Lo Contador","potentialAction":[{"@type":"SearchAction","target":{"@type":"EntryPoint","urlTemplate":"https:\/\/fadeu.urantiacos.cl\/en\/?s={search_term_string}"},"query-input":{"@type":"PropertyValueSpecification","valueRequired":true,"valueName":"search_term_string"}}],"inLanguage":"en-US"},{"@type":"Person","@id":"https:\/\/fadeu.urantiacos.cl\/en\/#\/schema\/person\/d203e2e84b1c40275eac77b3061a19a2","name":"manadmin","image":{"@type":"ImageObject","inLanguage":"en-US","@id":"https:\/\/fadeu.urantiacos.cl\/en\/#\/schema\/person\/image\/","url":"https:\/\/secure.gravatar.com\/avatar\/4b1d8e3303b4a9d8968ac578947d8bc80d9aea359f388cdd4aac15cadc0e8447?s=96&d=mm&r=g","contentUrl":"https:\/\/secure.gravatar.com\/avatar\/4b1d8e3303b4a9d8968ac578947d8bc80d9aea359f388cdd4aac15cadc0e8447?s=96&d=mm&r=g","caption":"manadmin"},"sameAs":["https:\/\/fadeu.urantiacos.cl"]}]}},"_links":{"self":[{"href":"https:\/\/fadeu.urantiacos.cl\/en\/wp-json\/wp\/v2\/posts\/5468","targetHints":{"allow":["GET"]}}],"collection":[{"href":"https:\/\/fadeu.urantiacos.cl\/en\/wp-json\/wp\/v2\/posts"}],"about":[{"href":"https:\/\/fadeu.urantiacos.cl\/en\/wp-json\/wp\/v2\/types\/post"}],"author":[{"embeddable":true,"href":"https:\/\/fadeu.urantiacos.cl\/en\/wp-json\/wp\/v2\/users\/1"}],"replies":[{"embeddable":true,"href":"https:\/\/fadeu.urantiacos.cl\/en\/wp-json\/wp\/v2\/comments?post=5468"}],"version-history":[{"count":1,"href":"https:\/\/fadeu.urantiacos.cl\/en\/wp-json\/wp\/v2\/posts\/5468\/revisions"}],"predecessor-version":[{"id":5472,"href":"https:\/\/fadeu.urantiacos.cl\/en\/wp-json\/wp\/v2\/posts\/5468\/revisions\/5472"}],"wp:featuredmedia":[{"embeddable":true,"href":"https:\/\/fadeu.urantiacos.cl\/en\/wp-json\/wp\/v2\/media\/5469"}],"wp:attachment":[{"href":"https:\/\/fadeu.urantiacos.cl\/en\/wp-json\/wp\/v2\/media?parent=5468"}],"wp:term":[{"taxonomy":"category","embeddable":true,"href":"https:\/\/fadeu.urantiacos.cl\/en\/wp-json\/wp\/v2\/categories?post=5468"},{"taxonomy":"post_tag","embeddable":true,"href":"https:\/\/fadeu.urantiacos.cl\/en\/wp-json\/wp\/v2\/tags?post=5468"}],"curies":[{"name":"wp","href":"https:\/\/api.w.org\/{rel}","templated":true}]}}