{"id":5457,"date":"2022-03-09T11:56:00","date_gmt":"2022-03-09T14:56:00","guid":{"rendered":"https:\/\/fadeu.urantiacos.cl\/?p=5457"},"modified":"2023-09-06T11:58:54","modified_gmt":"2023-09-06T14:58:54","slug":"fadeu-uc-y-municipalidad-de-villarrica-proyectan-trabajo-conjunto-para-el-desarrollo-de-la-comuna","status":"publish","type":"post","link":"https:\/\/fadeu.urantiacos.cl\/en\/2022\/03\/09\/fadeu-uc-y-municipalidad-de-villarrica-proyectan-trabajo-conjunto-para-el-desarrollo-de-la-comuna\/","title":{"rendered":"FADEU UC y Municipalidad de Villarrica proyectan trabajo conjunto para el desarrollo de la comuna"},"content":{"rendered":"\n<figure class=\"wp-block-image size-full\"><img decoding=\"async\" width=\"350\" height=\"250\" src=\"https:\/\/fadeu.urantiacos.cl\/wp-content\/uploads\/2023\/09\/WEB_WhatsApp_Image_2022-03-03_at_1.23.08_PM.jpg\" alt=\"\" class=\"wp-image-5458\" srcset=\"https:\/\/fadeu.urantiacos.cl\/wp-content\/uploads\/2023\/09\/WEB_WhatsApp_Image_2022-03-03_at_1.23.08_PM.jpg 350w, https:\/\/fadeu.urantiacos.cl\/wp-content\/uploads\/2023\/09\/WEB_WhatsApp_Image_2022-03-03_at_1.23.08_PM-300x214.jpg 300w\" sizes=\"(max-width: 350px) 100vw, 350px\" \/><\/figure>\n\n\n\n<p>En la instancia estuvieron presentes la profesora y directora de la Direcci\u00f3n de Servicios Externos (DESE), Paula Mart\u00ednez; la directora de Extensi\u00f3n y Comunicaciones, Macarena Cort\u00e9s; y la encargada de la Unidad de Equidad de G\u00e9nero de la Facultad, Pilar Garc\u00eda.<\/p>\n\n\n\n<p>En la reuni\u00f3n, se acord\u00f3 un compromiso de trabajo coordinado con la municipalidad de Villarrica y sus equipos t\u00e9cnicos, que permitir\u00e1 definir los destinos de varios terrenos que se disponen en el \u00e1rea urbana y periurbana de la ciudad.&nbsp;Para ello, se destinar\u00e1n algunos Talleres de alumnos de diversos niveles, as\u00ed como el trabajo de la DESE, para colaborar con la formulaci\u00f3n de proyectos de parques urbanos y ecol\u00f3gicos, que permitan aproximar&nbsp;soluciones a las demandas sociales y de desarrollo comunal del \u00e1rea.<\/p>\n\n\n\n<p>Adem\u00e1s, acordaron realizar durante abril pr\u00f3ximo un viaje a la zona para reconocer el terreno y sus potencialidades, y sostener reuniones con actores locales. El compromiso pretende ser de largo aliento, y que profundice en las necesidades de la comunidad,&nbsp;aprovechando los recursos con que cuenta el Municipio.<\/p>\n\n\n\n<p>Esta reuni\u00f3n se produce luego del viaje sostenido por el decano Ubilla a la zona en diciembre de 2021, ocasi\u00f3n en la cual se reuni\u00f3 en terreno con el alcalde Vergara para analizar distintos mecanismos de trabajo conjunto.<\/p>\n\n\n\n<p>En la ocasi\u00f3n, el alcalde Vergara afirm\u00f3 que Villarrica \u201ces una ciudad que crece mucho y ese crecimiento debe ser de manera ordenada, hay extensiones donde debemos hacer parques, tanto para el deporte, la recreaci\u00f3n y la tercera edad, con el apoyo p\u00fablico &#8211; privado, por lo que estamos muy contentos de generar esta alianza que incorpora la participaci\u00f3n de estudiantes de la carrera de Arquitectura para el desarrollo de estos proyectos&#8221;.<\/p>\n\n\n\n<p>Por su parte, Ubilla recalc\u00f3 que \u201csi bien hemos trabajado en la comuna y la conocemos desde hace tiempo, la idea ha sido conocer en el terreno las posibilidades de desarrollo proyectual, que involucre tanto a los equipos t\u00e9cnicos del municipio como a acad\u00e9micos y estudiantes de nuestra Facultad, como ha sido siempre el sello de la Universidad Cat\u00f3lica, al caracterizarse por un fuerte compromiso p\u00fablico con miras a traspasar la frontera acad\u00e9mica e impactar en la sociedad civil con transferencia de conocimiento, nuevos saberes, obras e iniciativas que vayan en beneficio de la comunidad y del desarrollo de las ciudades y territorios\u201d.<\/p>\n\n\n\n<p>La instancia responde a la permanente preocupaci\u00f3n de la Facultad de Arquitectura, Dise\u00f1o y Estudios Urbanos de la Universidad Cat\u00f3lica por vincularse a los territorios del pa\u00eds, para aportar en materias propias de la arquitectura, el dise\u00f1o y la planificaci\u00f3n, y retroalimentarse de las distintas realidades locales para una colaboraci\u00f3n mutua. Esto con el objetivo de que tanto estudiantes como investigadores, se vinculen con las localidades desde la praxis, colaborando con nuevo conocimiento al desarrollo de iniciativas que permitan incidir positivamente en la calidad de vida de las personas.<\/p>\n\n\n\n<figure class=\"wp-block-image size-large\"><img decoding=\"async\" width=\"1024\" height=\"766\" src=\"https:\/\/fadeu.urantiacos.cl\/wp-content\/uploads\/2023\/09\/WhatsApp_Image_2022-03-03_at_1.23.08_PM-1024x766.jpeg\" alt=\"\" class=\"wp-image-5459\" srcset=\"https:\/\/fadeu.urantiacos.cl\/wp-content\/uploads\/2023\/09\/WhatsApp_Image_2022-03-03_at_1.23.08_PM-1024x766.jpeg 1024w, https:\/\/fadeu.urantiacos.cl\/wp-content\/uploads\/2023\/09\/WhatsApp_Image_2022-03-03_at_1.23.08_PM-300x225.jpeg 300w, https:\/\/fadeu.urantiacos.cl\/wp-content\/uploads\/2023\/09\/WhatsApp_Image_2022-03-03_at_1.23.08_PM-768x575.jpeg 768w, https:\/\/fadeu.urantiacos.cl\/wp-content\/uploads\/2023\/09\/WhatsApp_Image_2022-03-03_at_1.23.08_PM.jpeg 1280w\" sizes=\"(max-width: 1024px) 100vw, 1024px\" \/><\/figure>\n\n\n\n<figure class=\"wp-block-image size-large\"><img decoding=\"async\" width=\"1024\" height=\"766\" src=\"https:\/\/fadeu.urantiacos.cl\/wp-content\/uploads\/2023\/09\/WhatsApp_Image_2022-03-03_at_1.23.04_PM-1024x766.jpeg\" alt=\"\" class=\"wp-image-5460\" srcset=\"https:\/\/fadeu.urantiacos.cl\/wp-content\/uploads\/2023\/09\/WhatsApp_Image_2022-03-03_at_1.23.04_PM-1024x766.jpeg 1024w, https:\/\/fadeu.urantiacos.cl\/wp-content\/uploads\/2023\/09\/WhatsApp_Image_2022-03-03_at_1.23.04_PM-300x225.jpeg 300w, https:\/\/fadeu.urantiacos.cl\/wp-content\/uploads\/2023\/09\/WhatsApp_Image_2022-03-03_at_1.23.04_PM-768x575.jpeg 768w, https:\/\/fadeu.urantiacos.cl\/wp-content\/uploads\/2023\/09\/WhatsApp_Image_2022-03-03_at_1.23.04_PM.jpeg 1280w\" sizes=\"(max-width: 1024px) 100vw, 1024px\" \/><\/figure>\n\n\n\n<p>INFORMACI\u00d3N PERIOD\u00cdSTICA<br>JUAN ANDR\u00c9S INZUNZA<\/p>\n","protected":false},"excerpt":{"rendered":"<p>En el Campus Lo Contador se reuni\u00f3 el alcalde de Villarrica, Germ\u00e1n Vergara, con el Decano de la Facultad de Arquitectura, Dise\u00f1o y Estudios Urbanos UC, Mario Ubilla, con el objetivo de concretar y formalizar un trabajo conjunto que permita intervenir diversos puntos del territorio comunal. <\/p>\n","protected":false},"author":1,"featured_media":5458,"comment_status":"open","ping_status":"open","sticky":false,"template":"","format":"standard","meta":{"_acf_changed":false,"footnotes":""},"categories":[1],"tags":[],"class_list":["post-5457","post","type-post","status-publish","format-standard","has-post-thumbnail","hentry","category-sin-categorizar"],"acf":[],"yoast_head":"<!-- This site is optimized with the Yoast SEO plugin v27.1.1 - https:\/\/yoast.com\/product\/yoast-seo-wordpress\/ -->\n<title>FADEU UC y Municipalidad de Villarrica proyectan trabajo conjunto para el desarrollo de la comuna - Facultad de Arquitectura, Dise\u00f1o y Estudios Urbanos<\/title>\n<meta name=\"description\" content=\"En el Campus Lo Contador se reuni\u00f3 el alcalde de Villarrica, Germ\u00e1n Vergara, con el Decano de la Facultad de Arquitectura, Dise\u00f1o y Estudios Urbanos UC, Mario Ubilla, con el objetivo de concretar y formalizar un trabajo conjunto que permita intervenir diversos puntos del territorio comunal.\" \/>\n<meta name=\"robots\" content=\"index, follow, max-snippet:-1, max-image-preview:large, max-video-preview:-1\" \/>\n<link rel=\"canonical\" href=\"https:\/\/fadeu.urantiacos.cl\/en\/2022\/03\/09\/fadeu-uc-y-municipalidad-de-villarrica-proyectan-trabajo-conjunto-para-el-desarrollo-de-la-comuna\/\" \/>\n<meta property=\"og:locale\" content=\"en_US\" \/>\n<meta property=\"og:type\" content=\"article\" \/>\n<meta property=\"og:title\" content=\"FADEU UC y Municipalidad de Villarrica proyectan trabajo conjunto para el desarrollo de la comuna - Facultad de Arquitectura, Dise\u00f1o y Estudios Urbanos\" \/>\n<meta property=\"og:description\" content=\"En el Campus Lo Contador se reuni\u00f3 el alcalde de Villarrica, Germ\u00e1n Vergara, con el Decano de la Facultad de Arquitectura, Dise\u00f1o y Estudios Urbanos UC, Mario Ubilla, con el objetivo de concretar y formalizar un trabajo conjunto que permita intervenir diversos puntos del territorio comunal.\" \/>\n<meta property=\"og:url\" content=\"https:\/\/fadeu.urantiacos.cl\/en\/2022\/03\/09\/fadeu-uc-y-municipalidad-de-villarrica-proyectan-trabajo-conjunto-para-el-desarrollo-de-la-comuna\/\" \/>\n<meta property=\"og:site_name\" content=\"Facultad de Arquitectura, Dise\u00f1o y Estudios Urbanos\" \/>\n<meta property=\"article:published_time\" content=\"2022-03-09T14:56:00+00:00\" \/>\n<meta property=\"article:modified_time\" content=\"2023-09-06T14:58:54+00:00\" \/>\n<meta property=\"og:image\" content=\"https:\/\/fadeu.urantiacos.cl\/wp-content\/uploads\/2023\/09\/WEB_WhatsApp_Image_2022-03-03_at_1.23.08_PM.jpg\" \/>\n\t<meta property=\"og:image:width\" content=\"350\" \/>\n\t<meta property=\"og:image:height\" content=\"250\" \/>\n\t<meta property=\"og:image:type\" content=\"image\/jpeg\" \/>\n<meta name=\"author\" content=\"manadmin\" \/>\n<meta name=\"twitter:card\" content=\"summary_large_image\" \/>\n<meta name=\"twitter:label1\" content=\"Written by\" \/>\n\t<meta name=\"twitter:data1\" content=\"manadmin\" \/>\n\t<meta name=\"twitter:label2\" content=\"Est. reading time\" \/>\n\t<meta name=\"twitter:data2\" content=\"3 minutes\" \/>\n<script type=\"application\/ld+json\" class=\"yoast-schema-graph\">{\"@context\":\"https:\/\/schema.org\",\"@graph\":[{\"@type\":\"Article\",\"@id\":\"https:\/\/fadeu.urantiacos.cl\/en\/2022\/03\/09\/fadeu-uc-y-municipalidad-de-villarrica-proyectan-trabajo-conjunto-para-el-desarrollo-de-la-comuna\/#article\",\"isPartOf\":{\"@id\":\"https:\/\/fadeu.urantiacos.cl\/en\/2022\/03\/09\/fadeu-uc-y-municipalidad-de-villarrica-proyectan-trabajo-conjunto-para-el-desarrollo-de-la-comuna\/\"},\"author\":{\"name\":\"manadmin\",\"@id\":\"https:\/\/fadeu.urantiacos.cl\/en\/#\/schema\/person\/d203e2e84b1c40275eac77b3061a19a2\"},\"headline\":\"FADEU UC y Municipalidad de Villarrica proyectan trabajo conjunto para el desarrollo de la comuna\",\"datePublished\":\"2022-03-09T14:56:00+00:00\",\"dateModified\":\"2023-09-06T14:58:54+00:00\",\"mainEntityOfPage\":{\"@id\":\"https:\/\/fadeu.urantiacos.cl\/en\/2022\/03\/09\/fadeu-uc-y-municipalidad-de-villarrica-proyectan-trabajo-conjunto-para-el-desarrollo-de-la-comuna\/\"},\"wordCount\":529,\"commentCount\":0,\"image\":{\"@id\":\"https:\/\/fadeu.urantiacos.cl\/en\/2022\/03\/09\/fadeu-uc-y-municipalidad-de-villarrica-proyectan-trabajo-conjunto-para-el-desarrollo-de-la-comuna\/#primaryimage\"},\"thumbnailUrl\":\"https:\/\/fadeu.urantiacos.cl\/wp-content\/uploads\/2023\/09\/WEB_WhatsApp_Image_2022-03-03_at_1.23.08_PM.jpg\",\"articleSection\":[\"Sin categorizar\"],\"inLanguage\":\"en-US\",\"potentialAction\":[{\"@type\":\"CommentAction\",\"name\":\"Comment\",\"target\":[\"https:\/\/fadeu.urantiacos.cl\/en\/2022\/03\/09\/fadeu-uc-y-municipalidad-de-villarrica-proyectan-trabajo-conjunto-para-el-desarrollo-de-la-comuna\/#respond\"]}]},{\"@type\":\"WebPage\",\"@id\":\"https:\/\/fadeu.urantiacos.cl\/en\/2022\/03\/09\/fadeu-uc-y-municipalidad-de-villarrica-proyectan-trabajo-conjunto-para-el-desarrollo-de-la-comuna\/\",\"url\":\"https:\/\/fadeu.urantiacos.cl\/en\/2022\/03\/09\/fadeu-uc-y-municipalidad-de-villarrica-proyectan-trabajo-conjunto-para-el-desarrollo-de-la-comuna\/\",\"name\":\"FADEU UC y Municipalidad de Villarrica proyectan trabajo conjunto para el desarrollo de la comuna - Facultad de Arquitectura, Dise\u00f1o y Estudios Urbanos\",\"isPartOf\":{\"@id\":\"https:\/\/fadeu.urantiacos.cl\/en\/#website\"},\"primaryImageOfPage\":{\"@id\":\"https:\/\/fadeu.urantiacos.cl\/en\/2022\/03\/09\/fadeu-uc-y-municipalidad-de-villarrica-proyectan-trabajo-conjunto-para-el-desarrollo-de-la-comuna\/#primaryimage\"},\"image\":{\"@id\":\"https:\/\/fadeu.urantiacos.cl\/en\/2022\/03\/09\/fadeu-uc-y-municipalidad-de-villarrica-proyectan-trabajo-conjunto-para-el-desarrollo-de-la-comuna\/#primaryimage\"},\"thumbnailUrl\":\"https:\/\/fadeu.urantiacos.cl\/wp-content\/uploads\/2023\/09\/WEB_WhatsApp_Image_2022-03-03_at_1.23.08_PM.jpg\",\"datePublished\":\"2022-03-09T14:56:00+00:00\",\"dateModified\":\"2023-09-06T14:58:54+00:00\",\"author\":{\"@id\":\"https:\/\/fadeu.urantiacos.cl\/en\/#\/schema\/person\/d203e2e84b1c40275eac77b3061a19a2\"},\"description\":\"En el Campus Lo Contador se reuni\u00f3 el alcalde de Villarrica, Germ\u00e1n Vergara, con el Decano de la Facultad de Arquitectura, Dise\u00f1o y Estudios Urbanos UC, Mario Ubilla, con el objetivo de concretar y formalizar un trabajo conjunto que permita intervenir diversos puntos del territorio comunal.\",\"breadcrumb\":{\"@id\":\"https:\/\/fadeu.urantiacos.cl\/en\/2022\/03\/09\/fadeu-uc-y-municipalidad-de-villarrica-proyectan-trabajo-conjunto-para-el-desarrollo-de-la-comuna\/#breadcrumb\"},\"inLanguage\":\"en-US\",\"potentialAction\":[{\"@type\":\"ReadAction\",\"target\":[\"https:\/\/fadeu.urantiacos.cl\/en\/2022\/03\/09\/fadeu-uc-y-municipalidad-de-villarrica-proyectan-trabajo-conjunto-para-el-desarrollo-de-la-comuna\/\"]}]},{\"@type\":\"ImageObject\",\"inLanguage\":\"en-US\",\"@id\":\"https:\/\/fadeu.urantiacos.cl\/en\/2022\/03\/09\/fadeu-uc-y-municipalidad-de-villarrica-proyectan-trabajo-conjunto-para-el-desarrollo-de-la-comuna\/#primaryimage\",\"url\":\"https:\/\/fadeu.urantiacos.cl\/wp-content\/uploads\/2023\/09\/WEB_WhatsApp_Image_2022-03-03_at_1.23.08_PM.jpg\",\"contentUrl\":\"https:\/\/fadeu.urantiacos.cl\/wp-content\/uploads\/2023\/09\/WEB_WhatsApp_Image_2022-03-03_at_1.23.08_PM.jpg\",\"width\":350,\"height\":250},{\"@type\":\"BreadcrumbList\",\"@id\":\"https:\/\/fadeu.urantiacos.cl\/en\/2022\/03\/09\/fadeu-uc-y-municipalidad-de-villarrica-proyectan-trabajo-conjunto-para-el-desarrollo-de-la-comuna\/#breadcrumb\",\"itemListElement\":[{\"@type\":\"ListItem\",\"position\":1,\"name\":\"Portada\",\"item\":\"https:\/\/fadeu.urantiacos.cl\/en\/\"},{\"@type\":\"ListItem\",\"position\":2,\"name\":\"FADEU UC y Municipalidad de Villarrica proyectan trabajo conjunto para el desarrollo de la comuna\"}]},{\"@type\":\"WebSite\",\"@id\":\"https:\/\/fadeu.urantiacos.cl\/en\/#website\",\"url\":\"https:\/\/fadeu.urantiacos.cl\/en\/\",\"name\":\"Facultad de Arquitectura, Dise\u00f1o y Estudios Urbanos\",\"description\":\"Campus Lo Contador\",\"potentialAction\":[{\"@type\":\"SearchAction\",\"target\":{\"@type\":\"EntryPoint\",\"urlTemplate\":\"https:\/\/fadeu.urantiacos.cl\/en\/?s={search_term_string}\"},\"query-input\":{\"@type\":\"PropertyValueSpecification\",\"valueRequired\":true,\"valueName\":\"search_term_string\"}}],\"inLanguage\":\"en-US\"},{\"@type\":\"Person\",\"@id\":\"https:\/\/fadeu.urantiacos.cl\/en\/#\/schema\/person\/d203e2e84b1c40275eac77b3061a19a2\",\"name\":\"manadmin\",\"image\":{\"@type\":\"ImageObject\",\"inLanguage\":\"en-US\",\"@id\":\"https:\/\/fadeu.urantiacos.cl\/en\/#\/schema\/person\/image\/\",\"url\":\"https:\/\/secure.gravatar.com\/avatar\/4b1d8e3303b4a9d8968ac578947d8bc80d9aea359f388cdd4aac15cadc0e8447?s=96&d=mm&r=g\",\"contentUrl\":\"https:\/\/secure.gravatar.com\/avatar\/4b1d8e3303b4a9d8968ac578947d8bc80d9aea359f388cdd4aac15cadc0e8447?s=96&d=mm&r=g\",\"caption\":\"manadmin\"},\"sameAs\":[\"https:\/\/fadeu.urantiacos.cl\"]}]}<\/script>\n<!-- \/ Yoast SEO plugin. -->","yoast_head_json":{"title":"FADEU UC y Municipalidad de Villarrica proyectan trabajo conjunto para el desarrollo de la comuna - Facultad de Arquitectura, Dise\u00f1o y Estudios Urbanos","description":"En el Campus Lo Contador se reuni\u00f3 el alcalde de Villarrica, Germ\u00e1n Vergara, con el Decano de la Facultad de Arquitectura, Dise\u00f1o y Estudios Urbanos UC, Mario Ubilla, con el objetivo de concretar y formalizar un trabajo conjunto que permita intervenir diversos puntos del territorio comunal.","robots":{"index":"index","follow":"follow","max-snippet":"max-snippet:-1","max-image-preview":"max-image-preview:large","max-video-preview":"max-video-preview:-1"},"canonical":"https:\/\/fadeu.urantiacos.cl\/en\/2022\/03\/09\/fadeu-uc-y-municipalidad-de-villarrica-proyectan-trabajo-conjunto-para-el-desarrollo-de-la-comuna\/","og_locale":"en_US","og_type":"article","og_title":"FADEU UC y Municipalidad de Villarrica proyectan trabajo conjunto para el desarrollo de la comuna - Facultad de Arquitectura, Dise\u00f1o y Estudios Urbanos","og_description":"En el Campus Lo Contador se reuni\u00f3 el alcalde de Villarrica, Germ\u00e1n Vergara, con el Decano de la Facultad de Arquitectura, Dise\u00f1o y Estudios Urbanos UC, Mario Ubilla, con el objetivo de concretar y formalizar un trabajo conjunto que permita intervenir diversos puntos del territorio comunal.","og_url":"https:\/\/fadeu.urantiacos.cl\/en\/2022\/03\/09\/fadeu-uc-y-municipalidad-de-villarrica-proyectan-trabajo-conjunto-para-el-desarrollo-de-la-comuna\/","og_site_name":"Facultad de Arquitectura, Dise\u00f1o y Estudios Urbanos","article_published_time":"2022-03-09T14:56:00+00:00","article_modified_time":"2023-09-06T14:58:54+00:00","og_image":[{"width":350,"height":250,"url":"https:\/\/fadeu.urantiacos.cl\/wp-content\/uploads\/2023\/09\/WEB_WhatsApp_Image_2022-03-03_at_1.23.08_PM.jpg","type":"image\/jpeg"}],"author":"manadmin","twitter_card":"summary_large_image","twitter_misc":{"Written by":"manadmin","Est. reading time":"3 minutes"},"schema":{"@context":"https:\/\/schema.org","@graph":[{"@type":"Article","@id":"https:\/\/fadeu.urantiacos.cl\/en\/2022\/03\/09\/fadeu-uc-y-municipalidad-de-villarrica-proyectan-trabajo-conjunto-para-el-desarrollo-de-la-comuna\/#article","isPartOf":{"@id":"https:\/\/fadeu.urantiacos.cl\/en\/2022\/03\/09\/fadeu-uc-y-municipalidad-de-villarrica-proyectan-trabajo-conjunto-para-el-desarrollo-de-la-comuna\/"},"author":{"name":"manadmin","@id":"https:\/\/fadeu.urantiacos.cl\/en\/#\/schema\/person\/d203e2e84b1c40275eac77b3061a19a2"},"headline":"FADEU UC y Municipalidad de Villarrica proyectan trabajo conjunto para el desarrollo de la comuna","datePublished":"2022-03-09T14:56:00+00:00","dateModified":"2023-09-06T14:58:54+00:00","mainEntityOfPage":{"@id":"https:\/\/fadeu.urantiacos.cl\/en\/2022\/03\/09\/fadeu-uc-y-municipalidad-de-villarrica-proyectan-trabajo-conjunto-para-el-desarrollo-de-la-comuna\/"},"wordCount":529,"commentCount":0,"image":{"@id":"https:\/\/fadeu.urantiacos.cl\/en\/2022\/03\/09\/fadeu-uc-y-municipalidad-de-villarrica-proyectan-trabajo-conjunto-para-el-desarrollo-de-la-comuna\/#primaryimage"},"thumbnailUrl":"https:\/\/fadeu.urantiacos.cl\/wp-content\/uploads\/2023\/09\/WEB_WhatsApp_Image_2022-03-03_at_1.23.08_PM.jpg","articleSection":["Sin categorizar"],"inLanguage":"en-US","potentialAction":[{"@type":"CommentAction","name":"Comment","target":["https:\/\/fadeu.urantiacos.cl\/en\/2022\/03\/09\/fadeu-uc-y-municipalidad-de-villarrica-proyectan-trabajo-conjunto-para-el-desarrollo-de-la-comuna\/#respond"]}]},{"@type":"WebPage","@id":"https:\/\/fadeu.urantiacos.cl\/en\/2022\/03\/09\/fadeu-uc-y-municipalidad-de-villarrica-proyectan-trabajo-conjunto-para-el-desarrollo-de-la-comuna\/","url":"https:\/\/fadeu.urantiacos.cl\/en\/2022\/03\/09\/fadeu-uc-y-municipalidad-de-villarrica-proyectan-trabajo-conjunto-para-el-desarrollo-de-la-comuna\/","name":"FADEU UC y Municipalidad de Villarrica proyectan trabajo conjunto para el desarrollo de la comuna - Facultad de Arquitectura, Dise\u00f1o y Estudios Urbanos","isPartOf":{"@id":"https:\/\/fadeu.urantiacos.cl\/en\/#website"},"primaryImageOfPage":{"@id":"https:\/\/fadeu.urantiacos.cl\/en\/2022\/03\/09\/fadeu-uc-y-municipalidad-de-villarrica-proyectan-trabajo-conjunto-para-el-desarrollo-de-la-comuna\/#primaryimage"},"image":{"@id":"https:\/\/fadeu.urantiacos.cl\/en\/2022\/03\/09\/fadeu-uc-y-municipalidad-de-villarrica-proyectan-trabajo-conjunto-para-el-desarrollo-de-la-comuna\/#primaryimage"},"thumbnailUrl":"https:\/\/fadeu.urantiacos.cl\/wp-content\/uploads\/2023\/09\/WEB_WhatsApp_Image_2022-03-03_at_1.23.08_PM.jpg","datePublished":"2022-03-09T14:56:00+00:00","dateModified":"2023-09-06T14:58:54+00:00","author":{"@id":"https:\/\/fadeu.urantiacos.cl\/en\/#\/schema\/person\/d203e2e84b1c40275eac77b3061a19a2"},"description":"En el Campus Lo Contador se reuni\u00f3 el alcalde de Villarrica, Germ\u00e1n Vergara, con el Decano de la Facultad de Arquitectura, Dise\u00f1o y Estudios Urbanos UC, Mario Ubilla, con el objetivo de concretar y formalizar un trabajo conjunto que permita intervenir diversos puntos del territorio comunal.","breadcrumb":{"@id":"https:\/\/fadeu.urantiacos.cl\/en\/2022\/03\/09\/fadeu-uc-y-municipalidad-de-villarrica-proyectan-trabajo-conjunto-para-el-desarrollo-de-la-comuna\/#breadcrumb"},"inLanguage":"en-US","potentialAction":[{"@type":"ReadAction","target":["https:\/\/fadeu.urantiacos.cl\/en\/2022\/03\/09\/fadeu-uc-y-municipalidad-de-villarrica-proyectan-trabajo-conjunto-para-el-desarrollo-de-la-comuna\/"]}]},{"@type":"ImageObject","inLanguage":"en-US","@id":"https:\/\/fadeu.urantiacos.cl\/en\/2022\/03\/09\/fadeu-uc-y-municipalidad-de-villarrica-proyectan-trabajo-conjunto-para-el-desarrollo-de-la-comuna\/#primaryimage","url":"https:\/\/fadeu.urantiacos.cl\/wp-content\/uploads\/2023\/09\/WEB_WhatsApp_Image_2022-03-03_at_1.23.08_PM.jpg","contentUrl":"https:\/\/fadeu.urantiacos.cl\/wp-content\/uploads\/2023\/09\/WEB_WhatsApp_Image_2022-03-03_at_1.23.08_PM.jpg","width":350,"height":250},{"@type":"BreadcrumbList","@id":"https:\/\/fadeu.urantiacos.cl\/en\/2022\/03\/09\/fadeu-uc-y-municipalidad-de-villarrica-proyectan-trabajo-conjunto-para-el-desarrollo-de-la-comuna\/#breadcrumb","itemListElement":[{"@type":"ListItem","position":1,"name":"Portada","item":"https:\/\/fadeu.urantiacos.cl\/en\/"},{"@type":"ListItem","position":2,"name":"FADEU UC y Municipalidad de Villarrica proyectan trabajo conjunto para el desarrollo de la comuna"}]},{"@type":"WebSite","@id":"https:\/\/fadeu.urantiacos.cl\/en\/#website","url":"https:\/\/fadeu.urantiacos.cl\/en\/","name":"Facultad de Arquitectura, Dise\u00f1o y Estudios Urbanos","description":"Campus Lo Contador","potentialAction":[{"@type":"SearchAction","target":{"@type":"EntryPoint","urlTemplate":"https:\/\/fadeu.urantiacos.cl\/en\/?s={search_term_string}"},"query-input":{"@type":"PropertyValueSpecification","valueRequired":true,"valueName":"search_term_string"}}],"inLanguage":"en-US"},{"@type":"Person","@id":"https:\/\/fadeu.urantiacos.cl\/en\/#\/schema\/person\/d203e2e84b1c40275eac77b3061a19a2","name":"manadmin","image":{"@type":"ImageObject","inLanguage":"en-US","@id":"https:\/\/fadeu.urantiacos.cl\/en\/#\/schema\/person\/image\/","url":"https:\/\/secure.gravatar.com\/avatar\/4b1d8e3303b4a9d8968ac578947d8bc80d9aea359f388cdd4aac15cadc0e8447?s=96&d=mm&r=g","contentUrl":"https:\/\/secure.gravatar.com\/avatar\/4b1d8e3303b4a9d8968ac578947d8bc80d9aea359f388cdd4aac15cadc0e8447?s=96&d=mm&r=g","caption":"manadmin"},"sameAs":["https:\/\/fadeu.urantiacos.cl"]}]}},"_links":{"self":[{"href":"https:\/\/fadeu.urantiacos.cl\/en\/wp-json\/wp\/v2\/posts\/5457","targetHints":{"allow":["GET"]}}],"collection":[{"href":"https:\/\/fadeu.urantiacos.cl\/en\/wp-json\/wp\/v2\/posts"}],"about":[{"href":"https:\/\/fadeu.urantiacos.cl\/en\/wp-json\/wp\/v2\/types\/post"}],"author":[{"embeddable":true,"href":"https:\/\/fadeu.urantiacos.cl\/en\/wp-json\/wp\/v2\/users\/1"}],"replies":[{"embeddable":true,"href":"https:\/\/fadeu.urantiacos.cl\/en\/wp-json\/wp\/v2\/comments?post=5457"}],"version-history":[{"count":1,"href":"https:\/\/fadeu.urantiacos.cl\/en\/wp-json\/wp\/v2\/posts\/5457\/revisions"}],"predecessor-version":[{"id":5461,"href":"https:\/\/fadeu.urantiacos.cl\/en\/wp-json\/wp\/v2\/posts\/5457\/revisions\/5461"}],"wp:featuredmedia":[{"embeddable":true,"href":"https:\/\/fadeu.urantiacos.cl\/en\/wp-json\/wp\/v2\/media\/5458"}],"wp:attachment":[{"href":"https:\/\/fadeu.urantiacos.cl\/en\/wp-json\/wp\/v2\/media?parent=5457"}],"wp:term":[{"taxonomy":"category","embeddable":true,"href":"https:\/\/fadeu.urantiacos.cl\/en\/wp-json\/wp\/v2\/categories?post=5457"},{"taxonomy":"post_tag","embeddable":true,"href":"https:\/\/fadeu.urantiacos.cl\/en\/wp-json\/wp\/v2\/tags?post=5457"}],"curies":[{"name":"wp","href":"https:\/\/api.w.org\/{rel}","templated":true}]}}