{"id":5449,"date":"2022-03-09T11:51:00","date_gmt":"2022-03-09T14:51:00","guid":{"rendered":"https:\/\/fadeu.urantiacos.cl\/?p=5449"},"modified":"2023-09-06T11:56:02","modified_gmt":"2023-09-06T14:56:02","slug":"mujeres-de-lo-contador-reflexionan-sobre-su-rol-en-el-desarrollo-y-proyeccion-de-la-facultad","status":"publish","type":"post","link":"https:\/\/fadeu.urantiacos.cl\/en\/2022\/03\/09\/mujeres-de-lo-contador-reflexionan-sobre-su-rol-en-el-desarrollo-y-proyeccion-de-la-facultad\/","title":{"rendered":"Mujeres de Lo Contador reflexionan sobre su rol en el desarrollo y proyecci\u00f3n de la Facultad"},"content":{"rendered":"\n<figure class=\"wp-block-image size-full\"><img decoding=\"async\" width=\"350\" height=\"250\" src=\"https:\/\/fadeu.urantiacos.cl\/wp-content\/uploads\/2023\/09\/WEB_WhatsApp_Image_2022-03-08_at_12.07.41_PM_1.jpg\" alt=\"\" class=\"wp-image-5450\" srcset=\"https:\/\/fadeu.urantiacos.cl\/wp-content\/uploads\/2023\/09\/WEB_WhatsApp_Image_2022-03-08_at_12.07.41_PM_1.jpg 350w, https:\/\/fadeu.urantiacos.cl\/wp-content\/uploads\/2023\/09\/WEB_WhatsApp_Image_2022-03-08_at_12.07.41_PM_1-300x214.jpg 300w\" sizes=\"(max-width: 350px) 100vw, 350px\" \/><\/figure>\n\n\n\n<p>El encuentro se enmarca en un hito hist\u00f3rico que invit\u00f3 a las mujeres de la comunidad de Lo Contador a conmemorar y reflexionar en torno al D\u00eda Internacional de la Mujer a trav\u00e9s de una actividad convocante e integradora, aprovechando la presencialidad, e interioriz\u00e1ndose respecto de los esfuerzos que est\u00e1 realizando la universidad y la facultad en materia de g\u00e9nero e inclusi\u00f3n.<\/p>\n\n\n\n<p>La jornada fue convocada por la Unidad de Equidad de G\u00e9nero y Buen Trato (DEGY), que dirige la profesora Pilar Garc\u00eda, quien expuso a la comunidad los alcances de la instancia y convoc\u00f3 las mesas de trabajo en las que participaron las asistentes para la construcci\u00f3n de un relato propio en materia de g\u00e9nero para la facultad, iniciativa que fue coordinada por la profesora de la escuela de Dise\u00f1o, Katherine Mollenhauer.<\/p>\n\n\n\n<p><strong>DEGY<\/strong><\/p>\n\n\n\n<p>La Unidad de Equidad de G\u00e9nero y Buen Trato (DEGY) tiene por objetivo hacerse cargo de aspectos relativos al buen trato, inclusi\u00f3n y equidad de g\u00e9nero de la comunidad de la facultad.<\/p>\n\n\n\n<p>En ese sentido, se constituye como un espacio de acogida, di\u00e1logo y comunicaci\u00f3n inclusiva; promueve una cultura organizacional de buenas pr\u00e1cticas, respecto y buen trato; y consolidarse como un espacio de informaci\u00f3n, apoyo y seguimiento en materia de pol\u00edticas, normas y procedimientos que la universidad ha implementado al respecto.<\/p>\n\n\n\n<p>Adem\u00e1s, la DEGY tiene como misi\u00f3n identificar y evaluar factores o \u00e1reas en las que la facultad deba hacer cambios respecto a acciones que atenten contra la equidad, el respeto y el buen trato, y apoyar a la Secretar\u00eda Acad\u00e9mica con objeto de promover una carrera acad\u00e9mica con igualdad de oportunidades.<\/p>\n\n\n\n<p>En la ocasi\u00f3n, se configur\u00f3, adem\u00e1s, una mesa de trabajo conjunto que apoyar\u00e1 el trabajo de la DEGY, que re\u00fane a las siquientes acad\u00e9micas y trabajadoras del campus: Marcela Rivera (jefa de Personas y Remuneraciones), Carolina Rojas (docente IEUT), &nbsp;Katherine Mollenhauer &nbsp;y Patricia S\u00e1nchez &nbsp;(docentes DNO) y &nbsp;Elke Shlack (docente ARQ).<\/p>\n\n\n\n<p>La mesa tiene como objetivo general, elaborar un diagn\u00f3stico m\u00e1s preciso de las complejidades que enfrentan las mujeres en la FADEU; velar por procesos equitativos en la selecci\u00f3n para una proporci\u00f3n m\u00e1s equitativa de mujeres en Planta Ordinaria y Especial; promover la equidad de g\u00e9nero en cargos de autoridad; proponer ajustes a diversos procesos; y proponer acciones para integrar la equidad de g\u00e9nero en el proyecto educativo y que tenga un correlato adecuado con la pr\u00e1ctica pedag\u00f3gica.<\/p>\n\n\n\n<figure class=\"wp-block-image size-full\"><img decoding=\"async\" width=\"1024\" height=\"768\" src=\"https:\/\/fadeu.urantiacos.cl\/wp-content\/uploads\/2023\/09\/WhatsApp_Image_2022-03-08_at_12.07.41_PM_1.jpeg\" alt=\"\" class=\"wp-image-5451\" srcset=\"https:\/\/fadeu.urantiacos.cl\/wp-content\/uploads\/2023\/09\/WhatsApp_Image_2022-03-08_at_12.07.41_PM_1.jpeg 1024w, https:\/\/fadeu.urantiacos.cl\/wp-content\/uploads\/2023\/09\/WhatsApp_Image_2022-03-08_at_12.07.41_PM_1-300x225.jpeg 300w, https:\/\/fadeu.urantiacos.cl\/wp-content\/uploads\/2023\/09\/WhatsApp_Image_2022-03-08_at_12.07.41_PM_1-768x576.jpeg 768w\" sizes=\"(max-width: 1024px) 100vw, 1024px\" \/><\/figure>\n\n\n\n<figure class=\"wp-block-image size-full\"><img decoding=\"async\" width=\"1024\" height=\"768\" src=\"https:\/\/fadeu.urantiacos.cl\/wp-content\/uploads\/2023\/09\/WhatsApp_Image_2022-03-08_at_1.14.58_PM.jpeg\" alt=\"\" class=\"wp-image-5452\" srcset=\"https:\/\/fadeu.urantiacos.cl\/wp-content\/uploads\/2023\/09\/WhatsApp_Image_2022-03-08_at_1.14.58_PM.jpeg 1024w, https:\/\/fadeu.urantiacos.cl\/wp-content\/uploads\/2023\/09\/WhatsApp_Image_2022-03-08_at_1.14.58_PM-300x225.jpeg 300w, https:\/\/fadeu.urantiacos.cl\/wp-content\/uploads\/2023\/09\/WhatsApp_Image_2022-03-08_at_1.14.58_PM-768x576.jpeg 768w\" sizes=\"(max-width: 1024px) 100vw, 1024px\" \/><\/figure>\n\n\n\n<figure class=\"wp-block-image size-full\"><img decoding=\"async\" width=\"768\" height=\"1024\" src=\"https:\/\/fadeu.urantiacos.cl\/wp-content\/uploads\/2023\/09\/WhatsApp_Image_2022-03-08_at_11.57.39_AM_1.jpeg\" alt=\"\" class=\"wp-image-5453\" srcset=\"https:\/\/fadeu.urantiacos.cl\/wp-content\/uploads\/2023\/09\/WhatsApp_Image_2022-03-08_at_11.57.39_AM_1.jpeg 768w, https:\/\/fadeu.urantiacos.cl\/wp-content\/uploads\/2023\/09\/WhatsApp_Image_2022-03-08_at_11.57.39_AM_1-225x300.jpeg 225w\" sizes=\"(max-width: 768px) 100vw, 768px\" \/><\/figure>\n\n\n\n<figure class=\"wp-block-image size-full\"><img decoding=\"async\" width=\"1024\" height=\"768\" src=\"https:\/\/fadeu.urantiacos.cl\/wp-content\/uploads\/2023\/09\/WhatsApp_Image_2022-03-08_at_11.57.38_AM_2.jpeg\" alt=\"\" class=\"wp-image-5454\" srcset=\"https:\/\/fadeu.urantiacos.cl\/wp-content\/uploads\/2023\/09\/WhatsApp_Image_2022-03-08_at_11.57.38_AM_2.jpeg 1024w, https:\/\/fadeu.urantiacos.cl\/wp-content\/uploads\/2023\/09\/WhatsApp_Image_2022-03-08_at_11.57.38_AM_2-300x225.jpeg 300w, https:\/\/fadeu.urantiacos.cl\/wp-content\/uploads\/2023\/09\/WhatsApp_Image_2022-03-08_at_11.57.38_AM_2-768x576.jpeg 768w\" sizes=\"(max-width: 1024px) 100vw, 1024px\" \/><\/figure>\n\n\n\n<figure class=\"wp-block-image size-full\"><img decoding=\"async\" width=\"768\" height=\"1024\" src=\"https:\/\/fadeu.urantiacos.cl\/wp-content\/uploads\/2023\/09\/WhatsApp_Image_2022-03-08_at_11.57.37_AM_2.jpeg\" alt=\"\" class=\"wp-image-5455\" srcset=\"https:\/\/fadeu.urantiacos.cl\/wp-content\/uploads\/2023\/09\/WhatsApp_Image_2022-03-08_at_11.57.37_AM_2.jpeg 768w, https:\/\/fadeu.urantiacos.cl\/wp-content\/uploads\/2023\/09\/WhatsApp_Image_2022-03-08_at_11.57.37_AM_2-225x300.jpeg 225w\" sizes=\"(max-width: 768px) 100vw, 768px\" \/><\/figure>\n","protected":false},"excerpt":{"rendered":"<p>Mujeres de distintos estamentos de la Facultad de Arquitectura, Dise\u00f1o y Estudios Urbanos de la Universidad Cat\u00f3lica se reunieron en el auditorio FADEU del campus Lo Contador, con el fin de reflexionar sobre el rol de la mujer en distintos \u00e1mbitos del quehacer acad\u00e9mico.<\/p>\n","protected":false},"author":1,"featured_media":5450,"comment_status":"open","ping_status":"open","sticky":false,"template":"","format":"standard","meta":{"_acf_changed":false,"footnotes":""},"categories":[1],"tags":[],"class_list":["post-5449","post","type-post","status-publish","format-standard","has-post-thumbnail","hentry","category-sin-categorizar"],"acf":[],"yoast_head":"<!-- This site is optimized with the Yoast SEO plugin v27.1.1 - https:\/\/yoast.com\/product\/yoast-seo-wordpress\/ -->\n<title>Mujeres de Lo Contador reflexionan sobre su rol en el desarrollo y proyecci\u00f3n de la Facultad - Facultad de Arquitectura, Dise\u00f1o y Estudios Urbanos<\/title>\n<meta name=\"description\" content=\"Mujeres de distintos estamentos de la Facultad de Arquitectura, Dise\u00f1o y Estudios Urbanos de la Universidad Cat\u00f3lica se reunieron en el auditorio FADEU del campus Lo Contador, con el fin de reflexionar sobre el rol de la mujer en distintos \u00e1mbitos del quehacer acad\u00e9mico.\" \/>\n<meta name=\"robots\" content=\"index, follow, max-snippet:-1, max-image-preview:large, max-video-preview:-1\" \/>\n<link rel=\"canonical\" href=\"https:\/\/fadeu.urantiacos.cl\/en\/2022\/03\/09\/mujeres-de-lo-contador-reflexionan-sobre-su-rol-en-el-desarrollo-y-proyeccion-de-la-facultad\/\" \/>\n<meta property=\"og:locale\" content=\"en_US\" \/>\n<meta property=\"og:type\" content=\"article\" \/>\n<meta property=\"og:title\" content=\"Mujeres de Lo Contador reflexionan sobre su rol en el desarrollo y proyecci\u00f3n de la Facultad - Facultad de Arquitectura, Dise\u00f1o y Estudios Urbanos\" \/>\n<meta property=\"og:description\" content=\"Mujeres de distintos estamentos de la Facultad de Arquitectura, Dise\u00f1o y Estudios Urbanos de la Universidad Cat\u00f3lica se reunieron en el auditorio FADEU del campus Lo Contador, con el fin de reflexionar sobre el rol de la mujer en distintos \u00e1mbitos del quehacer acad\u00e9mico.\" \/>\n<meta property=\"og:url\" content=\"https:\/\/fadeu.urantiacos.cl\/en\/2022\/03\/09\/mujeres-de-lo-contador-reflexionan-sobre-su-rol-en-el-desarrollo-y-proyeccion-de-la-facultad\/\" \/>\n<meta property=\"og:site_name\" content=\"Facultad de Arquitectura, Dise\u00f1o y Estudios Urbanos\" \/>\n<meta property=\"article:published_time\" content=\"2022-03-09T14:51:00+00:00\" \/>\n<meta property=\"article:modified_time\" content=\"2023-09-06T14:56:02+00:00\" \/>\n<meta property=\"og:image\" content=\"https:\/\/fadeu.urantiacos.cl\/wp-content\/uploads\/2023\/09\/WEB_WhatsApp_Image_2022-03-08_at_12.07.41_PM_1.jpg\" \/>\n\t<meta property=\"og:image:width\" content=\"350\" \/>\n\t<meta property=\"og:image:height\" content=\"250\" \/>\n\t<meta property=\"og:image:type\" content=\"image\/jpeg\" \/>\n<meta name=\"author\" content=\"manadmin\" \/>\n<meta name=\"twitter:card\" content=\"summary_large_image\" \/>\n<meta name=\"twitter:label1\" content=\"Written by\" \/>\n\t<meta name=\"twitter:data1\" content=\"manadmin\" \/>\n\t<meta name=\"twitter:label2\" content=\"Est. reading time\" \/>\n\t<meta name=\"twitter:data2\" content=\"2 minutes\" \/>\n<script type=\"application\/ld+json\" class=\"yoast-schema-graph\">{\"@context\":\"https:\/\/schema.org\",\"@graph\":[{\"@type\":\"Article\",\"@id\":\"https:\/\/fadeu.urantiacos.cl\/en\/2022\/03\/09\/mujeres-de-lo-contador-reflexionan-sobre-su-rol-en-el-desarrollo-y-proyeccion-de-la-facultad\/#article\",\"isPartOf\":{\"@id\":\"https:\/\/fadeu.urantiacos.cl\/en\/2022\/03\/09\/mujeres-de-lo-contador-reflexionan-sobre-su-rol-en-el-desarrollo-y-proyeccion-de-la-facultad\/\"},\"author\":{\"name\":\"manadmin\",\"@id\":\"https:\/\/fadeu.urantiacos.cl\/en\/#\/schema\/person\/d203e2e84b1c40275eac77b3061a19a2\"},\"headline\":\"Mujeres de Lo Contador reflexionan sobre su rol en el desarrollo y proyecci\u00f3n de la Facultad\",\"datePublished\":\"2022-03-09T14:51:00+00:00\",\"dateModified\":\"2023-09-06T14:56:02+00:00\",\"mainEntityOfPage\":{\"@id\":\"https:\/\/fadeu.urantiacos.cl\/en\/2022\/03\/09\/mujeres-de-lo-contador-reflexionan-sobre-su-rol-en-el-desarrollo-y-proyeccion-de-la-facultad\/\"},\"wordCount\":453,\"commentCount\":0,\"image\":{\"@id\":\"https:\/\/fadeu.urantiacos.cl\/en\/2022\/03\/09\/mujeres-de-lo-contador-reflexionan-sobre-su-rol-en-el-desarrollo-y-proyeccion-de-la-facultad\/#primaryimage\"},\"thumbnailUrl\":\"https:\/\/fadeu.urantiacos.cl\/wp-content\/uploads\/2023\/09\/WEB_WhatsApp_Image_2022-03-08_at_12.07.41_PM_1.jpg\",\"articleSection\":[\"Sin categorizar\"],\"inLanguage\":\"en-US\",\"potentialAction\":[{\"@type\":\"CommentAction\",\"name\":\"Comment\",\"target\":[\"https:\/\/fadeu.urantiacos.cl\/en\/2022\/03\/09\/mujeres-de-lo-contador-reflexionan-sobre-su-rol-en-el-desarrollo-y-proyeccion-de-la-facultad\/#respond\"]}]},{\"@type\":\"WebPage\",\"@id\":\"https:\/\/fadeu.urantiacos.cl\/en\/2022\/03\/09\/mujeres-de-lo-contador-reflexionan-sobre-su-rol-en-el-desarrollo-y-proyeccion-de-la-facultad\/\",\"url\":\"https:\/\/fadeu.urantiacos.cl\/en\/2022\/03\/09\/mujeres-de-lo-contador-reflexionan-sobre-su-rol-en-el-desarrollo-y-proyeccion-de-la-facultad\/\",\"name\":\"Mujeres de Lo Contador reflexionan sobre su rol en el desarrollo y proyecci\u00f3n de la Facultad - Facultad de Arquitectura, Dise\u00f1o y Estudios Urbanos\",\"isPartOf\":{\"@id\":\"https:\/\/fadeu.urantiacos.cl\/en\/#website\"},\"primaryImageOfPage\":{\"@id\":\"https:\/\/fadeu.urantiacos.cl\/en\/2022\/03\/09\/mujeres-de-lo-contador-reflexionan-sobre-su-rol-en-el-desarrollo-y-proyeccion-de-la-facultad\/#primaryimage\"},\"image\":{\"@id\":\"https:\/\/fadeu.urantiacos.cl\/en\/2022\/03\/09\/mujeres-de-lo-contador-reflexionan-sobre-su-rol-en-el-desarrollo-y-proyeccion-de-la-facultad\/#primaryimage\"},\"thumbnailUrl\":\"https:\/\/fadeu.urantiacos.cl\/wp-content\/uploads\/2023\/09\/WEB_WhatsApp_Image_2022-03-08_at_12.07.41_PM_1.jpg\",\"datePublished\":\"2022-03-09T14:51:00+00:00\",\"dateModified\":\"2023-09-06T14:56:02+00:00\",\"author\":{\"@id\":\"https:\/\/fadeu.urantiacos.cl\/en\/#\/schema\/person\/d203e2e84b1c40275eac77b3061a19a2\"},\"description\":\"Mujeres de distintos estamentos de la Facultad de Arquitectura, Dise\u00f1o y Estudios Urbanos de la Universidad Cat\u00f3lica se reunieron en el auditorio FADEU del campus Lo Contador, con el fin de reflexionar sobre el rol de la mujer en distintos \u00e1mbitos del quehacer acad\u00e9mico.\",\"breadcrumb\":{\"@id\":\"https:\/\/fadeu.urantiacos.cl\/en\/2022\/03\/09\/mujeres-de-lo-contador-reflexionan-sobre-su-rol-en-el-desarrollo-y-proyeccion-de-la-facultad\/#breadcrumb\"},\"inLanguage\":\"en-US\",\"potentialAction\":[{\"@type\":\"ReadAction\",\"target\":[\"https:\/\/fadeu.urantiacos.cl\/en\/2022\/03\/09\/mujeres-de-lo-contador-reflexionan-sobre-su-rol-en-el-desarrollo-y-proyeccion-de-la-facultad\/\"]}]},{\"@type\":\"ImageObject\",\"inLanguage\":\"en-US\",\"@id\":\"https:\/\/fadeu.urantiacos.cl\/en\/2022\/03\/09\/mujeres-de-lo-contador-reflexionan-sobre-su-rol-en-el-desarrollo-y-proyeccion-de-la-facultad\/#primaryimage\",\"url\":\"https:\/\/fadeu.urantiacos.cl\/wp-content\/uploads\/2023\/09\/WEB_WhatsApp_Image_2022-03-08_at_12.07.41_PM_1.jpg\",\"contentUrl\":\"https:\/\/fadeu.urantiacos.cl\/wp-content\/uploads\/2023\/09\/WEB_WhatsApp_Image_2022-03-08_at_12.07.41_PM_1.jpg\",\"width\":350,\"height\":250},{\"@type\":\"BreadcrumbList\",\"@id\":\"https:\/\/fadeu.urantiacos.cl\/en\/2022\/03\/09\/mujeres-de-lo-contador-reflexionan-sobre-su-rol-en-el-desarrollo-y-proyeccion-de-la-facultad\/#breadcrumb\",\"itemListElement\":[{\"@type\":\"ListItem\",\"position\":1,\"name\":\"Portada\",\"item\":\"https:\/\/fadeu.urantiacos.cl\/en\/\"},{\"@type\":\"ListItem\",\"position\":2,\"name\":\"Mujeres de Lo Contador reflexionan sobre su rol en el desarrollo y proyecci\u00f3n de la Facultad\"}]},{\"@type\":\"WebSite\",\"@id\":\"https:\/\/fadeu.urantiacos.cl\/en\/#website\",\"url\":\"https:\/\/fadeu.urantiacos.cl\/en\/\",\"name\":\"Facultad de Arquitectura, Dise\u00f1o y Estudios Urbanos\",\"description\":\"Campus Lo Contador\",\"potentialAction\":[{\"@type\":\"SearchAction\",\"target\":{\"@type\":\"EntryPoint\",\"urlTemplate\":\"https:\/\/fadeu.urantiacos.cl\/en\/?s={search_term_string}\"},\"query-input\":{\"@type\":\"PropertyValueSpecification\",\"valueRequired\":true,\"valueName\":\"search_term_string\"}}],\"inLanguage\":\"en-US\"},{\"@type\":\"Person\",\"@id\":\"https:\/\/fadeu.urantiacos.cl\/en\/#\/schema\/person\/d203e2e84b1c40275eac77b3061a19a2\",\"name\":\"manadmin\",\"image\":{\"@type\":\"ImageObject\",\"inLanguage\":\"en-US\",\"@id\":\"https:\/\/fadeu.urantiacos.cl\/en\/#\/schema\/person\/image\/\",\"url\":\"https:\/\/secure.gravatar.com\/avatar\/4b1d8e3303b4a9d8968ac578947d8bc80d9aea359f388cdd4aac15cadc0e8447?s=96&d=mm&r=g\",\"contentUrl\":\"https:\/\/secure.gravatar.com\/avatar\/4b1d8e3303b4a9d8968ac578947d8bc80d9aea359f388cdd4aac15cadc0e8447?s=96&d=mm&r=g\",\"caption\":\"manadmin\"},\"sameAs\":[\"https:\/\/fadeu.urantiacos.cl\"]}]}<\/script>\n<!-- \/ Yoast SEO plugin. -->","yoast_head_json":{"title":"Mujeres de Lo Contador reflexionan sobre su rol en el desarrollo y proyecci\u00f3n de la Facultad - Facultad de Arquitectura, Dise\u00f1o y Estudios Urbanos","description":"Mujeres de distintos estamentos de la Facultad de Arquitectura, Dise\u00f1o y Estudios Urbanos de la Universidad Cat\u00f3lica se reunieron en el auditorio FADEU del campus Lo Contador, con el fin de reflexionar sobre el rol de la mujer en distintos \u00e1mbitos del quehacer acad\u00e9mico.","robots":{"index":"index","follow":"follow","max-snippet":"max-snippet:-1","max-image-preview":"max-image-preview:large","max-video-preview":"max-video-preview:-1"},"canonical":"https:\/\/fadeu.urantiacos.cl\/en\/2022\/03\/09\/mujeres-de-lo-contador-reflexionan-sobre-su-rol-en-el-desarrollo-y-proyeccion-de-la-facultad\/","og_locale":"en_US","og_type":"article","og_title":"Mujeres de Lo Contador reflexionan sobre su rol en el desarrollo y proyecci\u00f3n de la Facultad - Facultad de Arquitectura, Dise\u00f1o y Estudios Urbanos","og_description":"Mujeres de distintos estamentos de la Facultad de Arquitectura, Dise\u00f1o y Estudios Urbanos de la Universidad Cat\u00f3lica se reunieron en el auditorio FADEU del campus Lo Contador, con el fin de reflexionar sobre el rol de la mujer en distintos \u00e1mbitos del quehacer acad\u00e9mico.","og_url":"https:\/\/fadeu.urantiacos.cl\/en\/2022\/03\/09\/mujeres-de-lo-contador-reflexionan-sobre-su-rol-en-el-desarrollo-y-proyeccion-de-la-facultad\/","og_site_name":"Facultad de Arquitectura, Dise\u00f1o y Estudios Urbanos","article_published_time":"2022-03-09T14:51:00+00:00","article_modified_time":"2023-09-06T14:56:02+00:00","og_image":[{"width":350,"height":250,"url":"https:\/\/fadeu.urantiacos.cl\/wp-content\/uploads\/2023\/09\/WEB_WhatsApp_Image_2022-03-08_at_12.07.41_PM_1.jpg","type":"image\/jpeg"}],"author":"manadmin","twitter_card":"summary_large_image","twitter_misc":{"Written by":"manadmin","Est. reading time":"2 minutes"},"schema":{"@context":"https:\/\/schema.org","@graph":[{"@type":"Article","@id":"https:\/\/fadeu.urantiacos.cl\/en\/2022\/03\/09\/mujeres-de-lo-contador-reflexionan-sobre-su-rol-en-el-desarrollo-y-proyeccion-de-la-facultad\/#article","isPartOf":{"@id":"https:\/\/fadeu.urantiacos.cl\/en\/2022\/03\/09\/mujeres-de-lo-contador-reflexionan-sobre-su-rol-en-el-desarrollo-y-proyeccion-de-la-facultad\/"},"author":{"name":"manadmin","@id":"https:\/\/fadeu.urantiacos.cl\/en\/#\/schema\/person\/d203e2e84b1c40275eac77b3061a19a2"},"headline":"Mujeres de Lo Contador reflexionan sobre su rol en el desarrollo y proyecci\u00f3n de la Facultad","datePublished":"2022-03-09T14:51:00+00:00","dateModified":"2023-09-06T14:56:02+00:00","mainEntityOfPage":{"@id":"https:\/\/fadeu.urantiacos.cl\/en\/2022\/03\/09\/mujeres-de-lo-contador-reflexionan-sobre-su-rol-en-el-desarrollo-y-proyeccion-de-la-facultad\/"},"wordCount":453,"commentCount":0,"image":{"@id":"https:\/\/fadeu.urantiacos.cl\/en\/2022\/03\/09\/mujeres-de-lo-contador-reflexionan-sobre-su-rol-en-el-desarrollo-y-proyeccion-de-la-facultad\/#primaryimage"},"thumbnailUrl":"https:\/\/fadeu.urantiacos.cl\/wp-content\/uploads\/2023\/09\/WEB_WhatsApp_Image_2022-03-08_at_12.07.41_PM_1.jpg","articleSection":["Sin categorizar"],"inLanguage":"en-US","potentialAction":[{"@type":"CommentAction","name":"Comment","target":["https:\/\/fadeu.urantiacos.cl\/en\/2022\/03\/09\/mujeres-de-lo-contador-reflexionan-sobre-su-rol-en-el-desarrollo-y-proyeccion-de-la-facultad\/#respond"]}]},{"@type":"WebPage","@id":"https:\/\/fadeu.urantiacos.cl\/en\/2022\/03\/09\/mujeres-de-lo-contador-reflexionan-sobre-su-rol-en-el-desarrollo-y-proyeccion-de-la-facultad\/","url":"https:\/\/fadeu.urantiacos.cl\/en\/2022\/03\/09\/mujeres-de-lo-contador-reflexionan-sobre-su-rol-en-el-desarrollo-y-proyeccion-de-la-facultad\/","name":"Mujeres de Lo Contador reflexionan sobre su rol en el desarrollo y proyecci\u00f3n de la Facultad - Facultad de Arquitectura, Dise\u00f1o y Estudios Urbanos","isPartOf":{"@id":"https:\/\/fadeu.urantiacos.cl\/en\/#website"},"primaryImageOfPage":{"@id":"https:\/\/fadeu.urantiacos.cl\/en\/2022\/03\/09\/mujeres-de-lo-contador-reflexionan-sobre-su-rol-en-el-desarrollo-y-proyeccion-de-la-facultad\/#primaryimage"},"image":{"@id":"https:\/\/fadeu.urantiacos.cl\/en\/2022\/03\/09\/mujeres-de-lo-contador-reflexionan-sobre-su-rol-en-el-desarrollo-y-proyeccion-de-la-facultad\/#primaryimage"},"thumbnailUrl":"https:\/\/fadeu.urantiacos.cl\/wp-content\/uploads\/2023\/09\/WEB_WhatsApp_Image_2022-03-08_at_12.07.41_PM_1.jpg","datePublished":"2022-03-09T14:51:00+00:00","dateModified":"2023-09-06T14:56:02+00:00","author":{"@id":"https:\/\/fadeu.urantiacos.cl\/en\/#\/schema\/person\/d203e2e84b1c40275eac77b3061a19a2"},"description":"Mujeres de distintos estamentos de la Facultad de Arquitectura, Dise\u00f1o y Estudios Urbanos de la Universidad Cat\u00f3lica se reunieron en el auditorio FADEU del campus Lo Contador, con el fin de reflexionar sobre el rol de la mujer en distintos \u00e1mbitos del quehacer acad\u00e9mico.","breadcrumb":{"@id":"https:\/\/fadeu.urantiacos.cl\/en\/2022\/03\/09\/mujeres-de-lo-contador-reflexionan-sobre-su-rol-en-el-desarrollo-y-proyeccion-de-la-facultad\/#breadcrumb"},"inLanguage":"en-US","potentialAction":[{"@type":"ReadAction","target":["https:\/\/fadeu.urantiacos.cl\/en\/2022\/03\/09\/mujeres-de-lo-contador-reflexionan-sobre-su-rol-en-el-desarrollo-y-proyeccion-de-la-facultad\/"]}]},{"@type":"ImageObject","inLanguage":"en-US","@id":"https:\/\/fadeu.urantiacos.cl\/en\/2022\/03\/09\/mujeres-de-lo-contador-reflexionan-sobre-su-rol-en-el-desarrollo-y-proyeccion-de-la-facultad\/#primaryimage","url":"https:\/\/fadeu.urantiacos.cl\/wp-content\/uploads\/2023\/09\/WEB_WhatsApp_Image_2022-03-08_at_12.07.41_PM_1.jpg","contentUrl":"https:\/\/fadeu.urantiacos.cl\/wp-content\/uploads\/2023\/09\/WEB_WhatsApp_Image_2022-03-08_at_12.07.41_PM_1.jpg","width":350,"height":250},{"@type":"BreadcrumbList","@id":"https:\/\/fadeu.urantiacos.cl\/en\/2022\/03\/09\/mujeres-de-lo-contador-reflexionan-sobre-su-rol-en-el-desarrollo-y-proyeccion-de-la-facultad\/#breadcrumb","itemListElement":[{"@type":"ListItem","position":1,"name":"Portada","item":"https:\/\/fadeu.urantiacos.cl\/en\/"},{"@type":"ListItem","position":2,"name":"Mujeres de Lo Contador reflexionan sobre su rol en el desarrollo y proyecci\u00f3n de la Facultad"}]},{"@type":"WebSite","@id":"https:\/\/fadeu.urantiacos.cl\/en\/#website","url":"https:\/\/fadeu.urantiacos.cl\/en\/","name":"Facultad de Arquitectura, Dise\u00f1o y Estudios Urbanos","description":"Campus Lo Contador","potentialAction":[{"@type":"SearchAction","target":{"@type":"EntryPoint","urlTemplate":"https:\/\/fadeu.urantiacos.cl\/en\/?s={search_term_string}"},"query-input":{"@type":"PropertyValueSpecification","valueRequired":true,"valueName":"search_term_string"}}],"inLanguage":"en-US"},{"@type":"Person","@id":"https:\/\/fadeu.urantiacos.cl\/en\/#\/schema\/person\/d203e2e84b1c40275eac77b3061a19a2","name":"manadmin","image":{"@type":"ImageObject","inLanguage":"en-US","@id":"https:\/\/fadeu.urantiacos.cl\/en\/#\/schema\/person\/image\/","url":"https:\/\/secure.gravatar.com\/avatar\/4b1d8e3303b4a9d8968ac578947d8bc80d9aea359f388cdd4aac15cadc0e8447?s=96&d=mm&r=g","contentUrl":"https:\/\/secure.gravatar.com\/avatar\/4b1d8e3303b4a9d8968ac578947d8bc80d9aea359f388cdd4aac15cadc0e8447?s=96&d=mm&r=g","caption":"manadmin"},"sameAs":["https:\/\/fadeu.urantiacos.cl"]}]}},"_links":{"self":[{"href":"https:\/\/fadeu.urantiacos.cl\/en\/wp-json\/wp\/v2\/posts\/5449","targetHints":{"allow":["GET"]}}],"collection":[{"href":"https:\/\/fadeu.urantiacos.cl\/en\/wp-json\/wp\/v2\/posts"}],"about":[{"href":"https:\/\/fadeu.urantiacos.cl\/en\/wp-json\/wp\/v2\/types\/post"}],"author":[{"embeddable":true,"href":"https:\/\/fadeu.urantiacos.cl\/en\/wp-json\/wp\/v2\/users\/1"}],"replies":[{"embeddable":true,"href":"https:\/\/fadeu.urantiacos.cl\/en\/wp-json\/wp\/v2\/comments?post=5449"}],"version-history":[{"count":1,"href":"https:\/\/fadeu.urantiacos.cl\/en\/wp-json\/wp\/v2\/posts\/5449\/revisions"}],"predecessor-version":[{"id":5456,"href":"https:\/\/fadeu.urantiacos.cl\/en\/wp-json\/wp\/v2\/posts\/5449\/revisions\/5456"}],"wp:featuredmedia":[{"embeddable":true,"href":"https:\/\/fadeu.urantiacos.cl\/en\/wp-json\/wp\/v2\/media\/5450"}],"wp:attachment":[{"href":"https:\/\/fadeu.urantiacos.cl\/en\/wp-json\/wp\/v2\/media?parent=5449"}],"wp:term":[{"taxonomy":"category","embeddable":true,"href":"https:\/\/fadeu.urantiacos.cl\/en\/wp-json\/wp\/v2\/categories?post=5449"},{"taxonomy":"post_tag","embeddable":true,"href":"https:\/\/fadeu.urantiacos.cl\/en\/wp-json\/wp\/v2\/tags?post=5449"}],"curies":[{"name":"wp","href":"https:\/\/api.w.org\/{rel}","templated":true}]}}