{"id":5438,"date":"2022-03-10T11:45:00","date_gmt":"2022-03-10T14:45:00","guid":{"rendered":"https:\/\/fadeu.urantiacos.cl\/?p=5438"},"modified":"2023-09-06T11:49:39","modified_gmt":"2023-09-06T14:49:39","slug":"concurso-de-diseno-de-madera21-ya-tiene-abiertas-sus-postulaciones-para-proyectos-de-diseno-innovadores-con-el-material","status":"publish","type":"post","link":"https:\/\/fadeu.urantiacos.cl\/en\/2022\/03\/10\/concurso-de-diseno-de-madera21-ya-tiene-abiertas-sus-postulaciones-para-proyectos-de-diseno-innovadores-con-el-material\/","title":{"rendered":"Concurso de dise\u00f1o de Madera21 ya tiene abiertas sus postulaciones para proyectos de dise\u00f1o innovadores con el material"},"content":{"rendered":"\n<figure class=\"wp-block-image size-full\"><img decoding=\"async\" width=\"350\" height=\"250\" src=\"https:\/\/fadeu.urantiacos.cl\/wp-content\/uploads\/2023\/09\/WEB_PORTADA-_BGP8843-660x422-1.jpg\" alt=\"\" class=\"wp-image-5439\" srcset=\"https:\/\/fadeu.urantiacos.cl\/wp-content\/uploads\/2023\/09\/WEB_PORTADA-_BGP8843-660x422-1.jpg 350w, https:\/\/fadeu.urantiacos.cl\/wp-content\/uploads\/2023\/09\/WEB_PORTADA-_BGP8843-660x422-1-300x214.jpg 300w\" sizes=\"(max-width: 350px) 100vw, 350px\" \/><\/figure>\n\n\n\n<p>El XI Concurso de Dise\u00f1o de Madera21, propone el desarrollo de productos bioecon\u00f3micos y sustentables, con el objetivo de agregar valor y disminuir la huella de carbono en los considerados de uso masivo. Y en ese sentido la madera, como una alternativa dimensionable y con presencia en el mercado, aparece como una gran alternativa para cumplir con el desaf\u00edo, al poder utilizarse desde un tablero, un cubo de madera s\u00f3lida, desde piezas aserradas hasta biomateriales o residuos.&nbsp;<\/p>\n\n\n\n<p>Seg\u00fan el informe de la FAO, \u201c<a href=\"https:\/\/www.madera21.cl\/blog\/2021\/12\/21\/informe-de-la-fao-destaco-el-aporte-de-la-madera-en-la-bioeconomia-y-la-salud-alimentaria\/\" target=\"_blank\" rel=\"noreferrer noopener\">Productos de Madera en la Bioeconom\u00eda Global<\/a>\u201d&nbsp;(2021), la bioeconom\u00eda tiene amplias potestades para abordar las consecuencias del consumo y la dependencia excesiva de los recursos naturales no renovables. Es as\u00ed como los productos en base a madera, como insumos para alcanzar las metas de desarrollo sostenible, pueden ser capaces de reemplazar tanto a los de origen f\u00f3sil como a los intensivos en gases de efecto invernadero.&nbsp;&nbsp;<\/p>\n\n\n\n<p>El rendimiento del material es el coraz\u00f3n de la tem\u00e1tica del presente certamen, \u201cDe una pieza de madera a un objeto de valor: Valorizaci\u00f3n, optimizaci\u00f3n y sustentabilidad\u201d. Los equipos provenientes de carreras de dise\u00f1o y\/u otras afines, de las universidades y centros de formaci\u00f3n t\u00e9cnica y profesional de Chile e Iberoam\u00e9rica, deber\u00e1n trabajar en sus dimensiones, disponibilidades, posibilidades de mecanizaci\u00f3n, de especie y formato, a partir de la materia prima existente en Chile. De esta manera, se tendr\u00e1 una base para proponer soluciones de mayor valor agregado y escalables.&nbsp;<\/p>\n\n\n\n<figure class=\"wp-block-image size-full\"><img decoding=\"async\" width=\"660\" height=\"420\" src=\"https:\/\/fadeu.urantiacos.cl\/wp-content\/uploads\/2023\/09\/FOTO-1-IMG_7246-660x420-1.jpg\" alt=\"\" class=\"wp-image-5440\" srcset=\"https:\/\/fadeu.urantiacos.cl\/wp-content\/uploads\/2023\/09\/FOTO-1-IMG_7246-660x420-1.jpg 660w, https:\/\/fadeu.urantiacos.cl\/wp-content\/uploads\/2023\/09\/FOTO-1-IMG_7246-660x420-1-300x191.jpg 300w\" sizes=\"(max-width: 660px) 100vw, 660px\" \/><\/figure>\n\n\n\n<p>Bajo esta l\u00f3gica, las distintas propuestas deben lograr un objeto de valor de uso diario, funcional o de sistema de productos, el que debe cumplir con criterios de comercializaci\u00f3n B2C (Business to Consumer) y de producci\u00f3n industrial futura, al igual que con par\u00e1metros de rendimiento, de dise\u00f1o, forma, funci\u00f3n y sostenibilidad.&nbsp;<\/p>\n\n\n\n<p>El informe \u201cDesaf\u00edo Forestal para un Chile Sostenible\u201d (2021), elaborado por la Comisi\u00f3n de Desaf\u00edos Futuros del Senado, indica que un reto a nivel pa\u00eds es aminorar la dependencia a los combustibles f\u00f3siles para la generaci\u00f3n de energ\u00eda y la producci\u00f3n de pl\u00e1sticos para objetos de uso diario. Es as\u00ed como la versatilidad de la madera se vuelve preponderante para la soluci\u00f3n, present\u00e1ndose como campo f\u00e9rtil para la innovaci\u00f3n y el desarrollo cient\u00edfico de materiales m\u00e1s amigables con el medioambiente.&nbsp;<\/p>\n\n\n\n<p>\u201cOtro desaf\u00edo que se plantea, es la revalorizaci\u00f3n de la madera como un material de alta calidad. Para esto, la creaci\u00f3n de objetos y mobiliario en base a madera ofrece posibilidades interesantes, ya que permite todas las escalas productivas, distribuidas en el territorio, con un alto valor agregado y un bajo impacto ambiental\u201d, se lee en la publicaci\u00f3n.<\/p>\n\n\n\n<h3 class=\"wp-block-heading\">Criterios de evaluaci\u00f3n<\/h3>\n\n\n\n<p>Bajo cuatro puntos se evaluar\u00e1n las postulaciones del presente Concurso de Dise\u00f1o. El primero es la&nbsp;Generaci\u00f3n conceptual, soluci\u00f3n t\u00e9cnica y creaci\u00f3n de valor a trav\u00e9s del material (25% del puntaje), donde se valorar\u00e1 la incorporaci\u00f3n de tecnolog\u00eda y sustentabilidad en la resoluci\u00f3n del proyecto en madera.&nbsp;<\/p>\n\n\n\n<p>El segundo es la&nbsp;Soluci\u00f3n formal y de producci\u00f3n (25%), donde se analizar\u00e1 la calidad de la manufactura y la coherencia con la funci\u00f3n determinada del objeto, valorizando el proceso de fabricaci\u00f3n sustentable, el dise\u00f1o arm\u00f3nico y la consciencia por los criterios econ\u00f3micos involucrados.&nbsp;<\/p>\n\n\n\n<figure class=\"wp-block-image size-full\"><img decoding=\"async\" width=\"660\" height=\"422\" src=\"https:\/\/fadeu.urantiacos.cl\/wp-content\/uploads\/2023\/09\/FOTO-2-Primer-lugar-2021-2.jpg\" alt=\"\" class=\"wp-image-5441\" srcset=\"https:\/\/fadeu.urantiacos.cl\/wp-content\/uploads\/2023\/09\/FOTO-2-Primer-lugar-2021-2.jpg 660w, https:\/\/fadeu.urantiacos.cl\/wp-content\/uploads\/2023\/09\/FOTO-2-Primer-lugar-2021-2-300x192.jpg 300w\" sizes=\"(max-width: 660px) 100vw, 660px\" \/><\/figure>\n\n\n\n<p>Como tercer punto est\u00e1 la&nbsp;Cualidad funcional (25%), que analizar\u00e1 al producto desde su usabilidad, la resoluci\u00f3n t\u00e9cnica y las propiedades de la madera comprendidas. A su vez, en este criterio se estudiar\u00e1 si lo dise\u00f1ado cumple, desde su funcionalidad, con la tem\u00e1tica del concurso.&nbsp;<\/p>\n\n\n\n<p>El \u00faltimo par\u00e1metro es el&nbsp;Impacto y potencialidad de la innovaci\u00f3n (25%), donde primar\u00e1 la identificaci\u00f3n de una oportunidad relevante para la generaci\u00f3n del proyecto, valorando su creatividad tanto en su soluci\u00f3n formal, funcional o en su propuesta conceptual. Las t\u00e9cnicas utilizadas, su potencial y proyecci\u00f3n de escalamiento, de la misma manera que el valor a\u00f1adido al estado de arte actual del uso maderero ser\u00e1n exigencias a observar.&nbsp;<\/p>\n\n\n\n<h3 class=\"wp-block-heading\">Uso de la madera<\/h3>\n\n\n\n<p>La tem\u00e1tica de este a\u00f1o, \u201cDe una pieza de madera a un objeto de valor: Valorizaci\u00f3n, optimizaci\u00f3n y sustentabilidad\u201d, busca desafiar a la madera desde el dise\u00f1o, estudiando el material y optimiz\u00e1ndolo con el fin de agregar valor y disponibilizar elementos sustentables que permitan reducir la huella de carbono en el mundo. Es as\u00ed como se despliegan los siguientes objetivos a cumplir en el certamen<\/p>\n\n\n\n<p>El primero es reconocer en el dise\u00f1o una herramienta fundamental para innovar, tanto en el uso de la madera como en la aplicaci\u00f3n de sus derivados. En ese marco, el trabajo en equipo de los estudiantes y sus profesores debe incentivar la excelencia, a trav\u00e9s de una investigaci\u00f3n rigurosa y que aplique estos conceptos en el proyecto realizado.&nbsp;<\/p>\n\n\n\n<p>Junto con lo anterior, el concurso quiere promover e incentivar el conocimiento de la madera y sus propiedades en el estudiantado, desde el trabajo emp\u00edrico y de toda la exploraci\u00f3n posible con la materia prima. En relaci\u00f3n con eso, es determinante la adaptaci\u00f3n de nuevas tecnolog\u00edas y aplicaciones que su propuesta pueda brindar.&nbsp;<\/p>\n\n\n\n<p>Y como \u00faltimo objetivo est\u00e1 la estimulaci\u00f3n para ejercer una soluci\u00f3n de manera creativa y consciente. Para ello debe comprenderse el material, visualizando el amplio espectro de posibilidades que tiene a la hora de dise\u00f1ar un producto. El fin del concurso, junto con las postulaciones, es promover la utilizaci\u00f3n de la madera en el trabajo profesional y t\u00e9cnico de los futuros profesionales, impulsando a nuestro pa\u00eds como un referente global en el dise\u00f1o con el material en el mundo.&nbsp;<\/p>\n\n\n\n<h3 class=\"wp-block-heading\">Recomendaciones del director del XI Concurso de Dise\u00f1o<\/h3>\n\n\n\n<figure class=\"wp-block-image size-full\"><img decoding=\"async\" width=\"660\" height=\"422\" src=\"https:\/\/fadeu.urantiacos.cl\/wp-content\/uploads\/2023\/09\/FOTO-3-Segundo-lugar-2021.jpg\" alt=\"\" class=\"wp-image-5442\" srcset=\"https:\/\/fadeu.urantiacos.cl\/wp-content\/uploads\/2023\/09\/FOTO-3-Segundo-lugar-2021.jpg 660w, https:\/\/fadeu.urantiacos.cl\/wp-content\/uploads\/2023\/09\/FOTO-3-Segundo-lugar-2021-300x192.jpg 300w\" sizes=\"(max-width: 660px) 100vw, 660px\" \/><\/figure>\n\n\n\n<p>Sebasti\u00e1n Amaral, Director del Concurso de Dise\u00f1o de la Semana de la Madera, plantea que el principal desaf\u00edo para abordar el certamen es uno creativo, entendido como un comportamiento que permite explorar alternativas dentro de un marco t\u00e9cnico y de las posibilidades que ofrece el material. Bajo esa l\u00f3gica, dice que los equipos participantes deben analizar la dimensi\u00f3n sustentable que su postulaci\u00f3n puede tener, ya sea en el dise\u00f1o y el uso por parte de los usuarios, como tambi\u00e9n el beneficio medioambiental venidero.<\/p>\n\n\n\n<p>\u201cAbordar una tem\u00e1tica de dise\u00f1o a partir de una restricci\u00f3n t\u00e9cnica, como un tablero o una pieza definida, nos obliga a entender los procesos industriales, someter a las ideas a las posibilidades de producci\u00f3n y de rendimiento, entre otras variables cr\u00edticas al momento de llevar una idea a un prototipo, hasta que se convierte en un&nbsp; producto disponible para el mercado\u201d, indica.<\/p>\n\n\n\n<p>Al consultarle sobre el protagonismo de la madera para responder a la tem\u00e1tica, el dise\u00f1ador gr\u00e1fico afirma que su potencial es infinito. Tanto de las miradas sustentables y de la materialidad, como de la posibilidad que puede brindar a las fases de dise\u00f1o.&nbsp;<\/p>\n\n\n\n<p>\u201cLo anterior nos abre las puertas para pensar en diversos \u00e1mbitos, como en compuestos para impresi\u00f3n 3D, en piezas de apoyo para la construcci\u00f3n, en ingenier\u00eda, en el hogar, en la energ\u00eda, los textiles, el packaging y el mobiliario, s\u00f3lo por mencionar algunos, a los que la investigaci\u00f3n y la innovaci\u00f3n ir\u00e1n sumando m\u00e1s posibilidades y rubros en los que la madera sea un agregador de valor\u201d, expresa.<\/p>\n\n\n\n<p>Dentro de lo que Amaral recomendar\u00eda a los equipos postulantes, est\u00e1 el abordar el ciclo de creaci\u00f3n desde la dimensi\u00f3n de su uso o funci\u00f3n, identificando una idea atractiva para las personas o para un proceso, y que sea capaz de generar atracci\u00f3n y deseo para sus posibles usuarios.&nbsp;<\/p>\n\n\n\n<p>\u201cEn segundo lugar, otra recomendaci\u00f3n es que se pueda fabricar de manera industrial y que considere aspectos de factibilidad t\u00e9cnica, lo que nos obliga a comprender y entender las tecnolog\u00edas disponibles. Y en tercer lugar, que considere aspectos relacionados con temas de comercializaci\u00f3n y rendimiento, de manera que sea competitivo y logre ajustarse a los mercados para capturar todo el valor posible\u201d, finaliza.<\/p>\n\n\n\n<h3 class=\"wp-block-heading\">Calendario<\/h3>\n\n\n\n<p>Las inscripciones para los equipos postulantes del XI Concurso de Dise\u00f1o ya se encuentran disponibles en la web de la&nbsp;<a href=\"https:\/\/info.semanadelamadera.cl\/\" target=\"_blank\" rel=\"noreferrer noopener\">Semana de la Madera<\/a>, secci\u00f3n \u201cConcursos\u201d. \u00c9stas se mantendr\u00e1n abiertas para la entrega digital de los anteproyectos hasta las 23:59 horas del 25 de julio, mientras que la organizaci\u00f3n del certamen tendr\u00e1 disponible la posibilidad de consultas sobre el proceso hasta el 17 de junio.&nbsp;<\/p>\n\n\n\n<p>Cabe se\u00f1alar que en este a\u00f1o se realizar\u00e1n dos etapas de evaluaci\u00f3n. En la primera, y tras el an\u00e1lisis del jurado de todas las postulaciones, se entregar\u00e1 una n\u00f3mina con los mejores proyectos seleccionados,&nbsp; los que deber\u00e1n ser presentados nuevamente en la segunda etapa ante el jurado, para as\u00ed definir a los tres primeros lugares del certamen.&nbsp;<\/p>\n\n\n\n<p>Los seleccionados para la etapa final ser\u00e1n anunciados el 9 de septiembre, mientras que la presentaci\u00f3n ante el jurado de los mismos y la votaci\u00f3n del p\u00fablico se realizar\u00e1 durante la semana del 3 de octubre. Los mejores proyectos ser\u00e1n exhibidos presencialmente durante la Semana de la Madera, mientras que los ganadores, finalistas y menciones honrosas ser\u00e1n anunciados el 19 de octubre.&nbsp;<\/p>\n\n\n\n<h3 class=\"wp-block-heading\">Ganadores, finalistas y menciones honrosas de la \u00faltima versi\u00f3n del concurso<\/h3>\n\n\n\n<figure class=\"wp-block-image size-full\"><img decoding=\"async\" width=\"660\" height=\"422\" src=\"https:\/\/fadeu.urantiacos.cl\/wp-content\/uploads\/2023\/09\/FOTO-3-Tercer-lugar-2021-1.jpg\" alt=\"\" class=\"wp-image-5443\" srcset=\"https:\/\/fadeu.urantiacos.cl\/wp-content\/uploads\/2023\/09\/FOTO-3-Tercer-lugar-2021-1.jpg 660w, https:\/\/fadeu.urantiacos.cl\/wp-content\/uploads\/2023\/09\/FOTO-3-Tercer-lugar-2021-1-300x192.jpg 300w\" sizes=\"(max-width: 660px) 100vw, 660px\" \/><\/figure>\n\n\n\n<p>El a\u00f1o pasado el Concurso de Dise\u00f1o abarc\u00f3 diversos proyectos que destacaron por sus atributos madereros. Por ejemplo, el ganador del certamen fue&nbsp;<a href=\"https:\/\/www.madera21.cl\/blog\/2021\/09\/30\/cubre-ventana-que-optimiza-la-reflexion-de-la-luz-natural-gano-el-concurso-de-diseno-en-la-semana-de-la-madera-2021\/\" target=\"_blank\" rel=\"noreferrer noopener\">Itsun<\/a>&nbsp;de la Universidad Federico Santa Mar\u00eda Mar\u00eda de Valpara\u00edso&nbsp;. Un cubre ventana ajustable que optimiz\u00f3 la reflexi\u00f3n de la luz natural en los hogares, el que con estilos l\u00fadicos de pol\u00edgonos ofreci\u00f3 novedosas experiencias con el sol.&nbsp;<\/p>\n\n\n\n<p>El segundo lugar fue para el juego infantil&nbsp;<a href=\"https:\/\/www.madera21.cl\/blog\/2021\/11\/22\/juego-de-construccion-infantil-busca-la-libre-exploracion-de-sus-usuarios-gracias-a-retazos-de-pino-radiata\/\" target=\"_blank\" rel=\"noreferrer noopener\">WoodMood<\/a>, de DUOC UC, el cual promueve el desarrollo integral, las habilidades motoras, mentales y medioambientales en los ni\u00f1os ante las exigencias de confinamiento producto de la pandemia, a trav\u00e9s de uniones, perforaciones circulares, pizarras, puzles, laberintos e incluso una cuerda removible. El tercer lugar se lo llev\u00f3 \u201c<a href=\"https:\/\/www.madera21.cl\/blog\/2021\/12\/20\/proyecto-que-interviene-modelo-de-casa-serviu-utiliza-soportes-multifuncionales-de-madera-para-optimizar-espacios\/\" target=\"_blank\" rel=\"noreferrer noopener\">Musu \u2013 Multi superficie casas SERVIU<\/a>\u201d, de la Universidad del Desarrollo, quienes buscaron intervenir en este tipo de hogares reemplazando sus muros por otros de madera, para as\u00ed generar nuevos ambientes y superficies optimizadas para el ocio, el estudio o el trabajo. Las menciones honrosas fueron para&nbsp;<a href=\"https:\/\/www.madera21.cl\/concursos2021\/project-view\/cupal\/\" target=\"_blank\" rel=\"noreferrer noopener\">Cupal<\/a>&nbsp;y&nbsp;<a href=\"https:\/\/www.madera21.cl\/concursos2021\/project-view\/atlas-3\/\" target=\"_blank\" rel=\"noreferrer noopener\">Atlas<\/a>, de la Universidad del Desarrollo y la Universidad Tecnol\u00f3gica Metropolitana, respectivamente.<\/p>\n\n\n\n<p><a href=\"https:\/\/info.semanadelamadera.cl\/version-2022\/concursos-2022\/concurso-diseno-en-madera-2022\/\" target=\"_blank\" rel=\"noreferrer noopener\">Link de convocatoria<\/a><\/p>\n\n\n\n<h6 class=\"wp-block-heading\">Escrito por Redacci\u00f3n Madera21<br>Fotograf\u00eda principal cortes\u00eda Madera21<\/h6>\n","protected":false},"excerpt":{"rendered":"<p>El certamen organizado por Madera21 busca congregar a los proyectos en madera que sean bioecon\u00f3micos, innovadores y sustentables, desafiando a los postulantes a agregar valor en sus iniciativas y reducir su impacto en el entorno. La tem\u00e1tica de este a\u00f1o, \u201cDe una pieza de madera a un objeto de valor: Valorizaci\u00f3n, optimizaci\u00f3n y sustentabilidad\u201d se despliega en el siguiente reportaje con sus criterios de evaluaci\u00f3n y con consejos de su director, Sebasti\u00e1n Amaral, as\u00ed como los proyectos ganadores de la versi\u00f3n 2021.<\/p>\n","protected":false},"author":1,"featured_media":5439,"comment_status":"open","ping_status":"open","sticky":false,"template":"","format":"standard","meta":{"_acf_changed":false,"footnotes":""},"categories":[1],"tags":[],"class_list":["post-5438","post","type-post","status-publish","format-standard","has-post-thumbnail","hentry","category-sin-categorizar"],"acf":[],"yoast_head":"<!-- This site is optimized with the Yoast SEO plugin v27.1.1 - https:\/\/yoast.com\/product\/yoast-seo-wordpress\/ -->\n<title>Concurso de dise\u00f1o de Madera21 ya tiene abiertas sus postulaciones para proyectos de dise\u00f1o innovadores con el material - Facultad de Arquitectura, Dise\u00f1o y Estudios Urbanos<\/title>\n<meta name=\"description\" content=\"El certamen organizado por Madera21 busca congregar a los proyectos en madera que sean bioecon\u00f3micos, innovadores y sustentables, desafiando a los postulantes a agregar valor en sus iniciativas y reducir su impacto en el entorno. La tem\u00e1tica de este a\u00f1o, \u201cDe una pieza de madera a un objeto de valor: Valorizaci\u00f3n, optimizaci\u00f3n y sustentabilidad\u201d se despliega en el siguiente reportaje con sus criterios de evaluaci\u00f3n y con consejos de su director, Sebasti\u00e1n Amaral, as\u00ed como los proyectos ganadores de la versi\u00f3n 2021.\" \/>\n<meta name=\"robots\" content=\"index, follow, max-snippet:-1, max-image-preview:large, max-video-preview:-1\" \/>\n<link rel=\"canonical\" href=\"https:\/\/fadeu.urantiacos.cl\/en\/2022\/03\/10\/concurso-de-diseno-de-madera21-ya-tiene-abiertas-sus-postulaciones-para-proyectos-de-diseno-innovadores-con-el-material\/\" \/>\n<meta property=\"og:locale\" content=\"en_US\" \/>\n<meta property=\"og:type\" content=\"article\" \/>\n<meta property=\"og:title\" content=\"Concurso de dise\u00f1o de Madera21 ya tiene abiertas sus postulaciones para proyectos de dise\u00f1o innovadores con el material - Facultad de Arquitectura, Dise\u00f1o y Estudios Urbanos\" \/>\n<meta property=\"og:description\" content=\"El certamen organizado por Madera21 busca congregar a los proyectos en madera que sean bioecon\u00f3micos, innovadores y sustentables, desafiando a los postulantes a agregar valor en sus iniciativas y reducir su impacto en el entorno. La tem\u00e1tica de este a\u00f1o, \u201cDe una pieza de madera a un objeto de valor: Valorizaci\u00f3n, optimizaci\u00f3n y sustentabilidad\u201d se despliega en el siguiente reportaje con sus criterios de evaluaci\u00f3n y con consejos de su director, Sebasti\u00e1n Amaral, as\u00ed como los proyectos ganadores de la versi\u00f3n 2021.\" \/>\n<meta property=\"og:url\" content=\"https:\/\/fadeu.urantiacos.cl\/en\/2022\/03\/10\/concurso-de-diseno-de-madera21-ya-tiene-abiertas-sus-postulaciones-para-proyectos-de-diseno-innovadores-con-el-material\/\" \/>\n<meta property=\"og:site_name\" content=\"Facultad de Arquitectura, Dise\u00f1o y Estudios Urbanos\" \/>\n<meta property=\"article:published_time\" content=\"2022-03-10T14:45:00+00:00\" \/>\n<meta property=\"article:modified_time\" content=\"2023-09-06T14:49:39+00:00\" \/>\n<meta property=\"og:image\" content=\"https:\/\/fadeu.urantiacos.cl\/wp-content\/uploads\/2023\/09\/WEB_PORTADA-_BGP8843-660x422-1.jpg\" \/>\n\t<meta property=\"og:image:width\" content=\"350\" \/>\n\t<meta property=\"og:image:height\" content=\"250\" \/>\n\t<meta property=\"og:image:type\" content=\"image\/jpeg\" \/>\n<meta name=\"author\" content=\"manadmin\" \/>\n<meta name=\"twitter:card\" content=\"summary_large_image\" \/>\n<meta name=\"twitter:label1\" content=\"Written by\" \/>\n\t<meta name=\"twitter:data1\" content=\"manadmin\" \/>\n\t<meta name=\"twitter:label2\" content=\"Est. reading time\" \/>\n\t<meta name=\"twitter:data2\" content=\"9 minutes\" \/>\n<script type=\"application\/ld+json\" class=\"yoast-schema-graph\">{\"@context\":\"https:\/\/schema.org\",\"@graph\":[{\"@type\":\"Article\",\"@id\":\"https:\/\/fadeu.urantiacos.cl\/en\/2022\/03\/10\/concurso-de-diseno-de-madera21-ya-tiene-abiertas-sus-postulaciones-para-proyectos-de-diseno-innovadores-con-el-material\/#article\",\"isPartOf\":{\"@id\":\"https:\/\/fadeu.urantiacos.cl\/en\/2022\/03\/10\/concurso-de-diseno-de-madera21-ya-tiene-abiertas-sus-postulaciones-para-proyectos-de-diseno-innovadores-con-el-material\/\"},\"author\":{\"name\":\"manadmin\",\"@id\":\"https:\/\/fadeu.urantiacos.cl\/en\/#\/schema\/person\/d203e2e84b1c40275eac77b3061a19a2\"},\"headline\":\"Concurso de dise\u00f1o de Madera21 ya tiene abiertas sus postulaciones para proyectos de dise\u00f1o innovadores con el material\",\"datePublished\":\"2022-03-10T14:45:00+00:00\",\"dateModified\":\"2023-09-06T14:49:39+00:00\",\"mainEntityOfPage\":{\"@id\":\"https:\/\/fadeu.urantiacos.cl\/en\/2022\/03\/10\/concurso-de-diseno-de-madera21-ya-tiene-abiertas-sus-postulaciones-para-proyectos-de-diseno-innovadores-con-el-material\/\"},\"wordCount\":1864,\"commentCount\":0,\"image\":{\"@id\":\"https:\/\/fadeu.urantiacos.cl\/en\/2022\/03\/10\/concurso-de-diseno-de-madera21-ya-tiene-abiertas-sus-postulaciones-para-proyectos-de-diseno-innovadores-con-el-material\/#primaryimage\"},\"thumbnailUrl\":\"https:\/\/fadeu.urantiacos.cl\/wp-content\/uploads\/2023\/09\/WEB_PORTADA-_BGP8843-660x422-1.jpg\",\"articleSection\":[\"Sin categorizar\"],\"inLanguage\":\"en-US\",\"potentialAction\":[{\"@type\":\"CommentAction\",\"name\":\"Comment\",\"target\":[\"https:\/\/fadeu.urantiacos.cl\/en\/2022\/03\/10\/concurso-de-diseno-de-madera21-ya-tiene-abiertas-sus-postulaciones-para-proyectos-de-diseno-innovadores-con-el-material\/#respond\"]}]},{\"@type\":\"WebPage\",\"@id\":\"https:\/\/fadeu.urantiacos.cl\/en\/2022\/03\/10\/concurso-de-diseno-de-madera21-ya-tiene-abiertas-sus-postulaciones-para-proyectos-de-diseno-innovadores-con-el-material\/\",\"url\":\"https:\/\/fadeu.urantiacos.cl\/en\/2022\/03\/10\/concurso-de-diseno-de-madera21-ya-tiene-abiertas-sus-postulaciones-para-proyectos-de-diseno-innovadores-con-el-material\/\",\"name\":\"Concurso de dise\u00f1o de Madera21 ya tiene abiertas sus postulaciones para proyectos de dise\u00f1o innovadores con el material - Facultad de Arquitectura, Dise\u00f1o y Estudios Urbanos\",\"isPartOf\":{\"@id\":\"https:\/\/fadeu.urantiacos.cl\/en\/#website\"},\"primaryImageOfPage\":{\"@id\":\"https:\/\/fadeu.urantiacos.cl\/en\/2022\/03\/10\/concurso-de-diseno-de-madera21-ya-tiene-abiertas-sus-postulaciones-para-proyectos-de-diseno-innovadores-con-el-material\/#primaryimage\"},\"image\":{\"@id\":\"https:\/\/fadeu.urantiacos.cl\/en\/2022\/03\/10\/concurso-de-diseno-de-madera21-ya-tiene-abiertas-sus-postulaciones-para-proyectos-de-diseno-innovadores-con-el-material\/#primaryimage\"},\"thumbnailUrl\":\"https:\/\/fadeu.urantiacos.cl\/wp-content\/uploads\/2023\/09\/WEB_PORTADA-_BGP8843-660x422-1.jpg\",\"datePublished\":\"2022-03-10T14:45:00+00:00\",\"dateModified\":\"2023-09-06T14:49:39+00:00\",\"author\":{\"@id\":\"https:\/\/fadeu.urantiacos.cl\/en\/#\/schema\/person\/d203e2e84b1c40275eac77b3061a19a2\"},\"description\":\"El certamen organizado por Madera21 busca congregar a los proyectos en madera que sean bioecon\u00f3micos, innovadores y sustentables, desafiando a los postulantes a agregar valor en sus iniciativas y reducir su impacto en el entorno. La tem\u00e1tica de este a\u00f1o, \u201cDe una pieza de madera a un objeto de valor: Valorizaci\u00f3n, optimizaci\u00f3n y sustentabilidad\u201d se despliega en el siguiente reportaje con sus criterios de evaluaci\u00f3n y con consejos de su director, Sebasti\u00e1n Amaral, as\u00ed como los proyectos ganadores de la versi\u00f3n 2021.\",\"breadcrumb\":{\"@id\":\"https:\/\/fadeu.urantiacos.cl\/en\/2022\/03\/10\/concurso-de-diseno-de-madera21-ya-tiene-abiertas-sus-postulaciones-para-proyectos-de-diseno-innovadores-con-el-material\/#breadcrumb\"},\"inLanguage\":\"en-US\",\"potentialAction\":[{\"@type\":\"ReadAction\",\"target\":[\"https:\/\/fadeu.urantiacos.cl\/en\/2022\/03\/10\/concurso-de-diseno-de-madera21-ya-tiene-abiertas-sus-postulaciones-para-proyectos-de-diseno-innovadores-con-el-material\/\"]}]},{\"@type\":\"ImageObject\",\"inLanguage\":\"en-US\",\"@id\":\"https:\/\/fadeu.urantiacos.cl\/en\/2022\/03\/10\/concurso-de-diseno-de-madera21-ya-tiene-abiertas-sus-postulaciones-para-proyectos-de-diseno-innovadores-con-el-material\/#primaryimage\",\"url\":\"https:\/\/fadeu.urantiacos.cl\/wp-content\/uploads\/2023\/09\/WEB_PORTADA-_BGP8843-660x422-1.jpg\",\"contentUrl\":\"https:\/\/fadeu.urantiacos.cl\/wp-content\/uploads\/2023\/09\/WEB_PORTADA-_BGP8843-660x422-1.jpg\",\"width\":350,\"height\":250},{\"@type\":\"BreadcrumbList\",\"@id\":\"https:\/\/fadeu.urantiacos.cl\/en\/2022\/03\/10\/concurso-de-diseno-de-madera21-ya-tiene-abiertas-sus-postulaciones-para-proyectos-de-diseno-innovadores-con-el-material\/#breadcrumb\",\"itemListElement\":[{\"@type\":\"ListItem\",\"position\":1,\"name\":\"Portada\",\"item\":\"https:\/\/fadeu.urantiacos.cl\/en\/\"},{\"@type\":\"ListItem\",\"position\":2,\"name\":\"Concurso de dise\u00f1o de Madera21 ya tiene abiertas sus postulaciones para proyectos de dise\u00f1o innovadores con el material\"}]},{\"@type\":\"WebSite\",\"@id\":\"https:\/\/fadeu.urantiacos.cl\/en\/#website\",\"url\":\"https:\/\/fadeu.urantiacos.cl\/en\/\",\"name\":\"Facultad de Arquitectura, Dise\u00f1o y Estudios Urbanos\",\"description\":\"Campus Lo Contador\",\"potentialAction\":[{\"@type\":\"SearchAction\",\"target\":{\"@type\":\"EntryPoint\",\"urlTemplate\":\"https:\/\/fadeu.urantiacos.cl\/en\/?s={search_term_string}\"},\"query-input\":{\"@type\":\"PropertyValueSpecification\",\"valueRequired\":true,\"valueName\":\"search_term_string\"}}],\"inLanguage\":\"en-US\"},{\"@type\":\"Person\",\"@id\":\"https:\/\/fadeu.urantiacos.cl\/en\/#\/schema\/person\/d203e2e84b1c40275eac77b3061a19a2\",\"name\":\"manadmin\",\"image\":{\"@type\":\"ImageObject\",\"inLanguage\":\"en-US\",\"@id\":\"https:\/\/fadeu.urantiacos.cl\/en\/#\/schema\/person\/image\/\",\"url\":\"https:\/\/secure.gravatar.com\/avatar\/4b1d8e3303b4a9d8968ac578947d8bc80d9aea359f388cdd4aac15cadc0e8447?s=96&d=mm&r=g\",\"contentUrl\":\"https:\/\/secure.gravatar.com\/avatar\/4b1d8e3303b4a9d8968ac578947d8bc80d9aea359f388cdd4aac15cadc0e8447?s=96&d=mm&r=g\",\"caption\":\"manadmin\"},\"sameAs\":[\"https:\/\/fadeu.urantiacos.cl\"]}]}<\/script>\n<!-- \/ Yoast SEO plugin. -->","yoast_head_json":{"title":"Concurso de dise\u00f1o de Madera21 ya tiene abiertas sus postulaciones para proyectos de dise\u00f1o innovadores con el material - Facultad de Arquitectura, Dise\u00f1o y Estudios Urbanos","description":"El certamen organizado por Madera21 busca congregar a los proyectos en madera que sean bioecon\u00f3micos, innovadores y sustentables, desafiando a los postulantes a agregar valor en sus iniciativas y reducir su impacto en el entorno. La tem\u00e1tica de este a\u00f1o, \u201cDe una pieza de madera a un objeto de valor: Valorizaci\u00f3n, optimizaci\u00f3n y sustentabilidad\u201d se despliega en el siguiente reportaje con sus criterios de evaluaci\u00f3n y con consejos de su director, Sebasti\u00e1n Amaral, as\u00ed como los proyectos ganadores de la versi\u00f3n 2021.","robots":{"index":"index","follow":"follow","max-snippet":"max-snippet:-1","max-image-preview":"max-image-preview:large","max-video-preview":"max-video-preview:-1"},"canonical":"https:\/\/fadeu.urantiacos.cl\/en\/2022\/03\/10\/concurso-de-diseno-de-madera21-ya-tiene-abiertas-sus-postulaciones-para-proyectos-de-diseno-innovadores-con-el-material\/","og_locale":"en_US","og_type":"article","og_title":"Concurso de dise\u00f1o de Madera21 ya tiene abiertas sus postulaciones para proyectos de dise\u00f1o innovadores con el material - Facultad de Arquitectura, Dise\u00f1o y Estudios Urbanos","og_description":"El certamen organizado por Madera21 busca congregar a los proyectos en madera que sean bioecon\u00f3micos, innovadores y sustentables, desafiando a los postulantes a agregar valor en sus iniciativas y reducir su impacto en el entorno. La tem\u00e1tica de este a\u00f1o, \u201cDe una pieza de madera a un objeto de valor: Valorizaci\u00f3n, optimizaci\u00f3n y sustentabilidad\u201d se despliega en el siguiente reportaje con sus criterios de evaluaci\u00f3n y con consejos de su director, Sebasti\u00e1n Amaral, as\u00ed como los proyectos ganadores de la versi\u00f3n 2021.","og_url":"https:\/\/fadeu.urantiacos.cl\/en\/2022\/03\/10\/concurso-de-diseno-de-madera21-ya-tiene-abiertas-sus-postulaciones-para-proyectos-de-diseno-innovadores-con-el-material\/","og_site_name":"Facultad de Arquitectura, Dise\u00f1o y Estudios Urbanos","article_published_time":"2022-03-10T14:45:00+00:00","article_modified_time":"2023-09-06T14:49:39+00:00","og_image":[{"width":350,"height":250,"url":"https:\/\/fadeu.urantiacos.cl\/wp-content\/uploads\/2023\/09\/WEB_PORTADA-_BGP8843-660x422-1.jpg","type":"image\/jpeg"}],"author":"manadmin","twitter_card":"summary_large_image","twitter_misc":{"Written by":"manadmin","Est. reading time":"9 minutes"},"schema":{"@context":"https:\/\/schema.org","@graph":[{"@type":"Article","@id":"https:\/\/fadeu.urantiacos.cl\/en\/2022\/03\/10\/concurso-de-diseno-de-madera21-ya-tiene-abiertas-sus-postulaciones-para-proyectos-de-diseno-innovadores-con-el-material\/#article","isPartOf":{"@id":"https:\/\/fadeu.urantiacos.cl\/en\/2022\/03\/10\/concurso-de-diseno-de-madera21-ya-tiene-abiertas-sus-postulaciones-para-proyectos-de-diseno-innovadores-con-el-material\/"},"author":{"name":"manadmin","@id":"https:\/\/fadeu.urantiacos.cl\/en\/#\/schema\/person\/d203e2e84b1c40275eac77b3061a19a2"},"headline":"Concurso de dise\u00f1o de Madera21 ya tiene abiertas sus postulaciones para proyectos de dise\u00f1o innovadores con el material","datePublished":"2022-03-10T14:45:00+00:00","dateModified":"2023-09-06T14:49:39+00:00","mainEntityOfPage":{"@id":"https:\/\/fadeu.urantiacos.cl\/en\/2022\/03\/10\/concurso-de-diseno-de-madera21-ya-tiene-abiertas-sus-postulaciones-para-proyectos-de-diseno-innovadores-con-el-material\/"},"wordCount":1864,"commentCount":0,"image":{"@id":"https:\/\/fadeu.urantiacos.cl\/en\/2022\/03\/10\/concurso-de-diseno-de-madera21-ya-tiene-abiertas-sus-postulaciones-para-proyectos-de-diseno-innovadores-con-el-material\/#primaryimage"},"thumbnailUrl":"https:\/\/fadeu.urantiacos.cl\/wp-content\/uploads\/2023\/09\/WEB_PORTADA-_BGP8843-660x422-1.jpg","articleSection":["Sin categorizar"],"inLanguage":"en-US","potentialAction":[{"@type":"CommentAction","name":"Comment","target":["https:\/\/fadeu.urantiacos.cl\/en\/2022\/03\/10\/concurso-de-diseno-de-madera21-ya-tiene-abiertas-sus-postulaciones-para-proyectos-de-diseno-innovadores-con-el-material\/#respond"]}]},{"@type":"WebPage","@id":"https:\/\/fadeu.urantiacos.cl\/en\/2022\/03\/10\/concurso-de-diseno-de-madera21-ya-tiene-abiertas-sus-postulaciones-para-proyectos-de-diseno-innovadores-con-el-material\/","url":"https:\/\/fadeu.urantiacos.cl\/en\/2022\/03\/10\/concurso-de-diseno-de-madera21-ya-tiene-abiertas-sus-postulaciones-para-proyectos-de-diseno-innovadores-con-el-material\/","name":"Concurso de dise\u00f1o de Madera21 ya tiene abiertas sus postulaciones para proyectos de dise\u00f1o innovadores con el material - Facultad de Arquitectura, Dise\u00f1o y Estudios Urbanos","isPartOf":{"@id":"https:\/\/fadeu.urantiacos.cl\/en\/#website"},"primaryImageOfPage":{"@id":"https:\/\/fadeu.urantiacos.cl\/en\/2022\/03\/10\/concurso-de-diseno-de-madera21-ya-tiene-abiertas-sus-postulaciones-para-proyectos-de-diseno-innovadores-con-el-material\/#primaryimage"},"image":{"@id":"https:\/\/fadeu.urantiacos.cl\/en\/2022\/03\/10\/concurso-de-diseno-de-madera21-ya-tiene-abiertas-sus-postulaciones-para-proyectos-de-diseno-innovadores-con-el-material\/#primaryimage"},"thumbnailUrl":"https:\/\/fadeu.urantiacos.cl\/wp-content\/uploads\/2023\/09\/WEB_PORTADA-_BGP8843-660x422-1.jpg","datePublished":"2022-03-10T14:45:00+00:00","dateModified":"2023-09-06T14:49:39+00:00","author":{"@id":"https:\/\/fadeu.urantiacos.cl\/en\/#\/schema\/person\/d203e2e84b1c40275eac77b3061a19a2"},"description":"El certamen organizado por Madera21 busca congregar a los proyectos en madera que sean bioecon\u00f3micos, innovadores y sustentables, desafiando a los postulantes a agregar valor en sus iniciativas y reducir su impacto en el entorno. La tem\u00e1tica de este a\u00f1o, \u201cDe una pieza de madera a un objeto de valor: Valorizaci\u00f3n, optimizaci\u00f3n y sustentabilidad\u201d se despliega en el siguiente reportaje con sus criterios de evaluaci\u00f3n y con consejos de su director, Sebasti\u00e1n Amaral, as\u00ed como los proyectos ganadores de la versi\u00f3n 2021.","breadcrumb":{"@id":"https:\/\/fadeu.urantiacos.cl\/en\/2022\/03\/10\/concurso-de-diseno-de-madera21-ya-tiene-abiertas-sus-postulaciones-para-proyectos-de-diseno-innovadores-con-el-material\/#breadcrumb"},"inLanguage":"en-US","potentialAction":[{"@type":"ReadAction","target":["https:\/\/fadeu.urantiacos.cl\/en\/2022\/03\/10\/concurso-de-diseno-de-madera21-ya-tiene-abiertas-sus-postulaciones-para-proyectos-de-diseno-innovadores-con-el-material\/"]}]},{"@type":"ImageObject","inLanguage":"en-US","@id":"https:\/\/fadeu.urantiacos.cl\/en\/2022\/03\/10\/concurso-de-diseno-de-madera21-ya-tiene-abiertas-sus-postulaciones-para-proyectos-de-diseno-innovadores-con-el-material\/#primaryimage","url":"https:\/\/fadeu.urantiacos.cl\/wp-content\/uploads\/2023\/09\/WEB_PORTADA-_BGP8843-660x422-1.jpg","contentUrl":"https:\/\/fadeu.urantiacos.cl\/wp-content\/uploads\/2023\/09\/WEB_PORTADA-_BGP8843-660x422-1.jpg","width":350,"height":250},{"@type":"BreadcrumbList","@id":"https:\/\/fadeu.urantiacos.cl\/en\/2022\/03\/10\/concurso-de-diseno-de-madera21-ya-tiene-abiertas-sus-postulaciones-para-proyectos-de-diseno-innovadores-con-el-material\/#breadcrumb","itemListElement":[{"@type":"ListItem","position":1,"name":"Portada","item":"https:\/\/fadeu.urantiacos.cl\/en\/"},{"@type":"ListItem","position":2,"name":"Concurso de dise\u00f1o de Madera21 ya tiene abiertas sus postulaciones para proyectos de dise\u00f1o innovadores con el material"}]},{"@type":"WebSite","@id":"https:\/\/fadeu.urantiacos.cl\/en\/#website","url":"https:\/\/fadeu.urantiacos.cl\/en\/","name":"Facultad de Arquitectura, Dise\u00f1o y Estudios Urbanos","description":"Campus Lo Contador","potentialAction":[{"@type":"SearchAction","target":{"@type":"EntryPoint","urlTemplate":"https:\/\/fadeu.urantiacos.cl\/en\/?s={search_term_string}"},"query-input":{"@type":"PropertyValueSpecification","valueRequired":true,"valueName":"search_term_string"}}],"inLanguage":"en-US"},{"@type":"Person","@id":"https:\/\/fadeu.urantiacos.cl\/en\/#\/schema\/person\/d203e2e84b1c40275eac77b3061a19a2","name":"manadmin","image":{"@type":"ImageObject","inLanguage":"en-US","@id":"https:\/\/fadeu.urantiacos.cl\/en\/#\/schema\/person\/image\/","url":"https:\/\/secure.gravatar.com\/avatar\/4b1d8e3303b4a9d8968ac578947d8bc80d9aea359f388cdd4aac15cadc0e8447?s=96&d=mm&r=g","contentUrl":"https:\/\/secure.gravatar.com\/avatar\/4b1d8e3303b4a9d8968ac578947d8bc80d9aea359f388cdd4aac15cadc0e8447?s=96&d=mm&r=g","caption":"manadmin"},"sameAs":["https:\/\/fadeu.urantiacos.cl"]}]}},"_links":{"self":[{"href":"https:\/\/fadeu.urantiacos.cl\/en\/wp-json\/wp\/v2\/posts\/5438","targetHints":{"allow":["GET"]}}],"collection":[{"href":"https:\/\/fadeu.urantiacos.cl\/en\/wp-json\/wp\/v2\/posts"}],"about":[{"href":"https:\/\/fadeu.urantiacos.cl\/en\/wp-json\/wp\/v2\/types\/post"}],"author":[{"embeddable":true,"href":"https:\/\/fadeu.urantiacos.cl\/en\/wp-json\/wp\/v2\/users\/1"}],"replies":[{"embeddable":true,"href":"https:\/\/fadeu.urantiacos.cl\/en\/wp-json\/wp\/v2\/comments?post=5438"}],"version-history":[{"count":1,"href":"https:\/\/fadeu.urantiacos.cl\/en\/wp-json\/wp\/v2\/posts\/5438\/revisions"}],"predecessor-version":[{"id":5444,"href":"https:\/\/fadeu.urantiacos.cl\/en\/wp-json\/wp\/v2\/posts\/5438\/revisions\/5444"}],"wp:featuredmedia":[{"embeddable":true,"href":"https:\/\/fadeu.urantiacos.cl\/en\/wp-json\/wp\/v2\/media\/5439"}],"wp:attachment":[{"href":"https:\/\/fadeu.urantiacos.cl\/en\/wp-json\/wp\/v2\/media?parent=5438"}],"wp:term":[{"taxonomy":"category","embeddable":true,"href":"https:\/\/fadeu.urantiacos.cl\/en\/wp-json\/wp\/v2\/categories?post=5438"},{"taxonomy":"post_tag","embeddable":true,"href":"https:\/\/fadeu.urantiacos.cl\/en\/wp-json\/wp\/v2\/tags?post=5438"}],"curies":[{"name":"wp","href":"https:\/\/api.w.org\/{rel}","templated":true}]}}