{"id":5426,"date":"2022-03-11T11:37:00","date_gmt":"2022-03-11T14:37:00","guid":{"rendered":"https:\/\/fadeu.urantiacos.cl\/?p=5426"},"modified":"2023-09-06T11:40:40","modified_gmt":"2023-09-06T14:40:40","slug":"filipe-temtem-participara-en-la-trienal-de-arquitectura-de-lisboa-2022","status":"publish","type":"post","link":"https:\/\/fadeu.urantiacos.cl\/en\/2022\/03\/11\/filipe-temtem-participara-en-la-trienal-de-arquitectura-de-lisboa-2022\/","title":{"rendered":"Filipe Temtem participar\u00e1 en la Trienal de Arquitectura de Lisboa 2022"},"content":{"rendered":"\n<figure class=\"wp-block-image size-full\"><img decoding=\"async\" width=\"350\" height=\"250\" src=\"https:\/\/fadeu.urantiacos.cl\/wp-content\/uploads\/2023\/09\/Filipe_Temtem_participara_en_la_Trienal_de_Arquitectura_de_Lisboa_2022.jpg\" alt=\"\" class=\"wp-image-5427\" srcset=\"https:\/\/fadeu.urantiacos.cl\/wp-content\/uploads\/2023\/09\/Filipe_Temtem_participara_en_la_Trienal_de_Arquitectura_de_Lisboa_2022.jpg 350w, https:\/\/fadeu.urantiacos.cl\/wp-content\/uploads\/2023\/09\/Filipe_Temtem_participara_en_la_Trienal_de_Arquitectura_de_Lisboa_2022-300x214.jpg 300w\" sizes=\"(max-width: 350px) 100vw, 350px\" \/><\/figure>\n\n\n\n<p>De un total de 67 candidaturas alrededor del mundo se eligieron 16 proyectos independientes, entre los cuales se encuentra la propuesta del profesor ARQ UC Filipe Temtem, que cuenta con la colaboraci\u00f3n de Igor Fracalossi, profesor de la Escuela de Arquitectura y Dise\u00f1o de la Pontificia Universidad Cat\u00f3lica de Valpara\u00edso, y del estudiante del Mag\u00edster en Proyecto Urbano (MPUR) Diego Simeone.<\/p>\n\n\n\n<p>Enfocada en la ciudad chilena, \u201cdesecha\u201d por infraestructuras de transporte segregado, el proyecto propone una \u201cinfraestructura retroactiva\u201d capaz de convertir los t\u00edpicos efectos de &#8220;barrera&#8221; y &#8220;frontera&#8221; en oportunidades de crecimiento y desarrollo urbano. De este modo, el equipo expone una \u201cciudad (re)echa\u201d, a partir de un nuevo modelo de dise\u00f1o para dichas infraestructuras, construyendo un relato curatorial en base a la investigaci\u00f3n realizada en el \u00e1mbito de la C\u00e1tedra Elemental UC, por la que recibi\u00f3 el Premio de Excelencia 2021 (<a href=\"http:\/\/arquitectura.uc.cl\/proyectos\/noticias\/6765-filipe-temtem-recibe-el-premio-de-excelencia-por-su-tesis-doctoral.html\" target=\"_blank\" rel=\"noreferrer noopener\">ver nota<\/a>).<\/p>\n\n\n\n<p>La exposici\u00f3n propone organizar de forma centr\u00edfuga la planta del Sal\u00f3n Noble del Palacio Sinel, redibujando as\u00ed su alzado interior a partir de cuatro telas expositivas distribuidas alrededor de una maqueta a escala 1:20 del proyecto. De este modo, el prototipo vial servir\u00e1 como mesa expositiva, invitando a la discusi\u00f3n y debate \u201csobre\u201d el proyecto, recreando al mismo tiempo el efecto de barrera y frontera que producen este tipo infraestructuras en el espacio.<\/p>\n\n\n\n<p>Ver m\u00e1s informaci\u00f3n sobre los proyectos seleccionados en el siguiente&nbsp;<a href=\"https:\/\/www.trienaldelisboa.com\/noticias\/d\/news_ff9faffc-9598-11ec-a90f-ac1f6bde2422\" target=\"_blank\" rel=\"noreferrer noopener\">link<\/a>&nbsp;<\/p>\n\n\n\n<figure class=\"wp-block-image size-large\"><img decoding=\"async\" width=\"1024\" height=\"1024\" src=\"https:\/\/fadeu.urantiacos.cl\/wp-content\/uploads\/2023\/09\/3-1024x1024.jpeg\" alt=\"\" class=\"wp-image-5428\" srcset=\"https:\/\/fadeu.urantiacos.cl\/wp-content\/uploads\/2023\/09\/3-1024x1024.jpeg 1024w, https:\/\/fadeu.urantiacos.cl\/wp-content\/uploads\/2023\/09\/3-300x300.jpeg 300w, https:\/\/fadeu.urantiacos.cl\/wp-content\/uploads\/2023\/09\/3-150x150.jpeg 150w, https:\/\/fadeu.urantiacos.cl\/wp-content\/uploads\/2023\/09\/3-768x768.jpeg 768w, https:\/\/fadeu.urantiacos.cl\/wp-content\/uploads\/2023\/09\/3-1536x1536.jpeg 1536w, https:\/\/fadeu.urantiacos.cl\/wp-content\/uploads\/2023\/09\/3.jpeg 1200w\" sizes=\"(max-width: 1024px) 100vw, 1024px\" \/><\/figure>\n\n\n\n<figure class=\"wp-block-image size-large\"><img decoding=\"async\" width=\"1024\" height=\"1024\" src=\"https:\/\/fadeu.urantiacos.cl\/wp-content\/uploads\/2023\/09\/2-1024x1024.jpeg\" alt=\"\" class=\"wp-image-5429\" srcset=\"https:\/\/fadeu.urantiacos.cl\/wp-content\/uploads\/2023\/09\/2-1024x1024.jpeg 1024w, https:\/\/fadeu.urantiacos.cl\/wp-content\/uploads\/2023\/09\/2-300x300.jpeg 300w, https:\/\/fadeu.urantiacos.cl\/wp-content\/uploads\/2023\/09\/2-150x150.jpeg 150w, https:\/\/fadeu.urantiacos.cl\/wp-content\/uploads\/2023\/09\/2-768x768.jpeg 768w, https:\/\/fadeu.urantiacos.cl\/wp-content\/uploads\/2023\/09\/2-1536x1536.jpeg 1536w, https:\/\/fadeu.urantiacos.cl\/wp-content\/uploads\/2023\/09\/2.jpeg 1200w\" sizes=\"(max-width: 1024px) 100vw, 1024px\" \/><\/figure>\n\n\n\n<p>Noticias<br>Contacto:&nbsp;<a href=\"mailto:redesarq@uc.cl\">redesarq@uc.cl<\/a>&nbsp;| +56 2 2354 7747<br>www.arquitectura.uc.cl&nbsp;<\/p>\n","protected":false},"excerpt":{"rendered":"<p>Con la propuesta &#8220;Ciudades (des)echas por infraestructuras de transporte segregado&#8221;, el profesor ARQ UC fue uno de los seleccionados de la sexta edici\u00f3n de la Trienal de Arquitectura de Lisboa, titulada &#8220;Terra&#8221;.<\/p>\n","protected":false},"author":1,"featured_media":5427,"comment_status":"open","ping_status":"open","sticky":false,"template":"","format":"standard","meta":{"_acf_changed":false,"footnotes":""},"categories":[1],"tags":[],"class_list":["post-5426","post","type-post","status-publish","format-standard","has-post-thumbnail","hentry","category-sin-categorizar"],"acf":[],"yoast_head":"<!-- This site is optimized with the Yoast SEO plugin v27.1.1 - https:\/\/yoast.com\/product\/yoast-seo-wordpress\/ -->\n<title>Filipe Temtem participar\u00e1 en la Trienal de Arquitectura de Lisboa 2022 - Facultad de Arquitectura, Dise\u00f1o y Estudios Urbanos<\/title>\n<meta name=\"description\" content=\"Con la propuesta &quot;Ciudades (des)echas por infraestructuras de transporte segregado&quot;, el profesor ARQ UC fue uno de los seleccionados de la sexta edici\u00f3n de la Trienal de Arquitectura de Lisboa, titulada &quot;Terra&quot;.\" \/>\n<meta name=\"robots\" content=\"index, follow, max-snippet:-1, max-image-preview:large, max-video-preview:-1\" \/>\n<link rel=\"canonical\" href=\"https:\/\/fadeu.urantiacos.cl\/en\/2022\/03\/11\/filipe-temtem-participara-en-la-trienal-de-arquitectura-de-lisboa-2022\/\" \/>\n<meta property=\"og:locale\" content=\"en_US\" \/>\n<meta property=\"og:type\" content=\"article\" \/>\n<meta property=\"og:title\" content=\"Filipe Temtem participar\u00e1 en la Trienal de Arquitectura de Lisboa 2022 - Facultad de Arquitectura, Dise\u00f1o y Estudios Urbanos\" \/>\n<meta property=\"og:description\" content=\"Con la propuesta &quot;Ciudades (des)echas por infraestructuras de transporte segregado&quot;, el profesor ARQ UC fue uno de los seleccionados de la sexta edici\u00f3n de la Trienal de Arquitectura de Lisboa, titulada &quot;Terra&quot;.\" \/>\n<meta property=\"og:url\" content=\"https:\/\/fadeu.urantiacos.cl\/en\/2022\/03\/11\/filipe-temtem-participara-en-la-trienal-de-arquitectura-de-lisboa-2022\/\" \/>\n<meta property=\"og:site_name\" content=\"Facultad de Arquitectura, Dise\u00f1o y Estudios Urbanos\" \/>\n<meta property=\"article:published_time\" content=\"2022-03-11T14:37:00+00:00\" \/>\n<meta property=\"article:modified_time\" content=\"2023-09-06T14:40:40+00:00\" \/>\n<meta property=\"og:image\" content=\"https:\/\/fadeu.urantiacos.cl\/wp-content\/uploads\/2023\/09\/Filipe_Temtem_participara_en_la_Trienal_de_Arquitectura_de_Lisboa_2022.jpg\" \/>\n\t<meta property=\"og:image:width\" content=\"350\" \/>\n\t<meta property=\"og:image:height\" content=\"250\" \/>\n\t<meta property=\"og:image:type\" content=\"image\/jpeg\" \/>\n<meta name=\"author\" content=\"manadmin\" \/>\n<meta name=\"twitter:card\" content=\"summary_large_image\" \/>\n<meta name=\"twitter:label1\" content=\"Written by\" \/>\n\t<meta name=\"twitter:data1\" content=\"manadmin\" \/>\n\t<meta name=\"twitter:label2\" content=\"Est. reading time\" \/>\n\t<meta name=\"twitter:data2\" content=\"1 minute\" \/>\n<script type=\"application\/ld+json\" class=\"yoast-schema-graph\">{\"@context\":\"https:\/\/schema.org\",\"@graph\":[{\"@type\":\"Article\",\"@id\":\"https:\/\/fadeu.urantiacos.cl\/en\/2022\/03\/11\/filipe-temtem-participara-en-la-trienal-de-arquitectura-de-lisboa-2022\/#article\",\"isPartOf\":{\"@id\":\"https:\/\/fadeu.urantiacos.cl\/en\/2022\/03\/11\/filipe-temtem-participara-en-la-trienal-de-arquitectura-de-lisboa-2022\/\"},\"author\":{\"name\":\"manadmin\",\"@id\":\"https:\/\/fadeu.urantiacos.cl\/en\/#\/schema\/person\/d203e2e84b1c40275eac77b3061a19a2\"},\"headline\":\"Filipe Temtem participar\u00e1 en la Trienal de Arquitectura de Lisboa 2022\",\"datePublished\":\"2022-03-11T14:37:00+00:00\",\"dateModified\":\"2023-09-06T14:40:40+00:00\",\"mainEntityOfPage\":{\"@id\":\"https:\/\/fadeu.urantiacos.cl\/en\/2022\/03\/11\/filipe-temtem-participara-en-la-trienal-de-arquitectura-de-lisboa-2022\/\"},\"wordCount\":263,\"commentCount\":0,\"image\":{\"@id\":\"https:\/\/fadeu.urantiacos.cl\/en\/2022\/03\/11\/filipe-temtem-participara-en-la-trienal-de-arquitectura-de-lisboa-2022\/#primaryimage\"},\"thumbnailUrl\":\"https:\/\/fadeu.urantiacos.cl\/wp-content\/uploads\/2023\/09\/Filipe_Temtem_participara_en_la_Trienal_de_Arquitectura_de_Lisboa_2022.jpg\",\"articleSection\":[\"Sin categorizar\"],\"inLanguage\":\"en-US\",\"potentialAction\":[{\"@type\":\"CommentAction\",\"name\":\"Comment\",\"target\":[\"https:\/\/fadeu.urantiacos.cl\/en\/2022\/03\/11\/filipe-temtem-participara-en-la-trienal-de-arquitectura-de-lisboa-2022\/#respond\"]}]},{\"@type\":\"WebPage\",\"@id\":\"https:\/\/fadeu.urantiacos.cl\/en\/2022\/03\/11\/filipe-temtem-participara-en-la-trienal-de-arquitectura-de-lisboa-2022\/\",\"url\":\"https:\/\/fadeu.urantiacos.cl\/en\/2022\/03\/11\/filipe-temtem-participara-en-la-trienal-de-arquitectura-de-lisboa-2022\/\",\"name\":\"Filipe Temtem participar\u00e1 en la Trienal de Arquitectura de Lisboa 2022 - Facultad de Arquitectura, Dise\u00f1o y Estudios Urbanos\",\"isPartOf\":{\"@id\":\"https:\/\/fadeu.urantiacos.cl\/en\/#website\"},\"primaryImageOfPage\":{\"@id\":\"https:\/\/fadeu.urantiacos.cl\/en\/2022\/03\/11\/filipe-temtem-participara-en-la-trienal-de-arquitectura-de-lisboa-2022\/#primaryimage\"},\"image\":{\"@id\":\"https:\/\/fadeu.urantiacos.cl\/en\/2022\/03\/11\/filipe-temtem-participara-en-la-trienal-de-arquitectura-de-lisboa-2022\/#primaryimage\"},\"thumbnailUrl\":\"https:\/\/fadeu.urantiacos.cl\/wp-content\/uploads\/2023\/09\/Filipe_Temtem_participara_en_la_Trienal_de_Arquitectura_de_Lisboa_2022.jpg\",\"datePublished\":\"2022-03-11T14:37:00+00:00\",\"dateModified\":\"2023-09-06T14:40:40+00:00\",\"author\":{\"@id\":\"https:\/\/fadeu.urantiacos.cl\/en\/#\/schema\/person\/d203e2e84b1c40275eac77b3061a19a2\"},\"description\":\"Con la propuesta \\\"Ciudades (des)echas por infraestructuras de transporte segregado\\\", el profesor ARQ UC fue uno de los seleccionados de la sexta edici\u00f3n de la Trienal de Arquitectura de Lisboa, titulada \\\"Terra\\\".\",\"breadcrumb\":{\"@id\":\"https:\/\/fadeu.urantiacos.cl\/en\/2022\/03\/11\/filipe-temtem-participara-en-la-trienal-de-arquitectura-de-lisboa-2022\/#breadcrumb\"},\"inLanguage\":\"en-US\",\"potentialAction\":[{\"@type\":\"ReadAction\",\"target\":[\"https:\/\/fadeu.urantiacos.cl\/en\/2022\/03\/11\/filipe-temtem-participara-en-la-trienal-de-arquitectura-de-lisboa-2022\/\"]}]},{\"@type\":\"ImageObject\",\"inLanguage\":\"en-US\",\"@id\":\"https:\/\/fadeu.urantiacos.cl\/en\/2022\/03\/11\/filipe-temtem-participara-en-la-trienal-de-arquitectura-de-lisboa-2022\/#primaryimage\",\"url\":\"https:\/\/fadeu.urantiacos.cl\/wp-content\/uploads\/2023\/09\/Filipe_Temtem_participara_en_la_Trienal_de_Arquitectura_de_Lisboa_2022.jpg\",\"contentUrl\":\"https:\/\/fadeu.urantiacos.cl\/wp-content\/uploads\/2023\/09\/Filipe_Temtem_participara_en_la_Trienal_de_Arquitectura_de_Lisboa_2022.jpg\",\"width\":350,\"height\":250},{\"@type\":\"BreadcrumbList\",\"@id\":\"https:\/\/fadeu.urantiacos.cl\/en\/2022\/03\/11\/filipe-temtem-participara-en-la-trienal-de-arquitectura-de-lisboa-2022\/#breadcrumb\",\"itemListElement\":[{\"@type\":\"ListItem\",\"position\":1,\"name\":\"Portada\",\"item\":\"https:\/\/fadeu.urantiacos.cl\/en\/\"},{\"@type\":\"ListItem\",\"position\":2,\"name\":\"Filipe Temtem participar\u00e1 en la Trienal de Arquitectura de Lisboa 2022\"}]},{\"@type\":\"WebSite\",\"@id\":\"https:\/\/fadeu.urantiacos.cl\/en\/#website\",\"url\":\"https:\/\/fadeu.urantiacos.cl\/en\/\",\"name\":\"Facultad de Arquitectura, Dise\u00f1o y Estudios Urbanos\",\"description\":\"Campus Lo Contador\",\"potentialAction\":[{\"@type\":\"SearchAction\",\"target\":{\"@type\":\"EntryPoint\",\"urlTemplate\":\"https:\/\/fadeu.urantiacos.cl\/en\/?s={search_term_string}\"},\"query-input\":{\"@type\":\"PropertyValueSpecification\",\"valueRequired\":true,\"valueName\":\"search_term_string\"}}],\"inLanguage\":\"en-US\"},{\"@type\":\"Person\",\"@id\":\"https:\/\/fadeu.urantiacos.cl\/en\/#\/schema\/person\/d203e2e84b1c40275eac77b3061a19a2\",\"name\":\"manadmin\",\"image\":{\"@type\":\"ImageObject\",\"inLanguage\":\"en-US\",\"@id\":\"https:\/\/fadeu.urantiacos.cl\/en\/#\/schema\/person\/image\/\",\"url\":\"https:\/\/secure.gravatar.com\/avatar\/4b1d8e3303b4a9d8968ac578947d8bc80d9aea359f388cdd4aac15cadc0e8447?s=96&d=mm&r=g\",\"contentUrl\":\"https:\/\/secure.gravatar.com\/avatar\/4b1d8e3303b4a9d8968ac578947d8bc80d9aea359f388cdd4aac15cadc0e8447?s=96&d=mm&r=g\",\"caption\":\"manadmin\"},\"sameAs\":[\"https:\/\/fadeu.urantiacos.cl\"]}]}<\/script>\n<!-- \/ Yoast SEO plugin. -->","yoast_head_json":{"title":"Filipe Temtem participar\u00e1 en la Trienal de Arquitectura de Lisboa 2022 - Facultad de Arquitectura, Dise\u00f1o y Estudios Urbanos","description":"Con la propuesta \"Ciudades (des)echas por infraestructuras de transporte segregado\", el profesor ARQ UC fue uno de los seleccionados de la sexta edici\u00f3n de la Trienal de Arquitectura de Lisboa, titulada \"Terra\".","robots":{"index":"index","follow":"follow","max-snippet":"max-snippet:-1","max-image-preview":"max-image-preview:large","max-video-preview":"max-video-preview:-1"},"canonical":"https:\/\/fadeu.urantiacos.cl\/en\/2022\/03\/11\/filipe-temtem-participara-en-la-trienal-de-arquitectura-de-lisboa-2022\/","og_locale":"en_US","og_type":"article","og_title":"Filipe Temtem participar\u00e1 en la Trienal de Arquitectura de Lisboa 2022 - Facultad de Arquitectura, Dise\u00f1o y Estudios Urbanos","og_description":"Con la propuesta \"Ciudades (des)echas por infraestructuras de transporte segregado\", el profesor ARQ UC fue uno de los seleccionados de la sexta edici\u00f3n de la Trienal de Arquitectura de Lisboa, titulada \"Terra\".","og_url":"https:\/\/fadeu.urantiacos.cl\/en\/2022\/03\/11\/filipe-temtem-participara-en-la-trienal-de-arquitectura-de-lisboa-2022\/","og_site_name":"Facultad de Arquitectura, Dise\u00f1o y Estudios Urbanos","article_published_time":"2022-03-11T14:37:00+00:00","article_modified_time":"2023-09-06T14:40:40+00:00","og_image":[{"width":350,"height":250,"url":"https:\/\/fadeu.urantiacos.cl\/wp-content\/uploads\/2023\/09\/Filipe_Temtem_participara_en_la_Trienal_de_Arquitectura_de_Lisboa_2022.jpg","type":"image\/jpeg"}],"author":"manadmin","twitter_card":"summary_large_image","twitter_misc":{"Written by":"manadmin","Est. reading time":"1 minute"},"schema":{"@context":"https:\/\/schema.org","@graph":[{"@type":"Article","@id":"https:\/\/fadeu.urantiacos.cl\/en\/2022\/03\/11\/filipe-temtem-participara-en-la-trienal-de-arquitectura-de-lisboa-2022\/#article","isPartOf":{"@id":"https:\/\/fadeu.urantiacos.cl\/en\/2022\/03\/11\/filipe-temtem-participara-en-la-trienal-de-arquitectura-de-lisboa-2022\/"},"author":{"name":"manadmin","@id":"https:\/\/fadeu.urantiacos.cl\/en\/#\/schema\/person\/d203e2e84b1c40275eac77b3061a19a2"},"headline":"Filipe Temtem participar\u00e1 en la Trienal de Arquitectura de Lisboa 2022","datePublished":"2022-03-11T14:37:00+00:00","dateModified":"2023-09-06T14:40:40+00:00","mainEntityOfPage":{"@id":"https:\/\/fadeu.urantiacos.cl\/en\/2022\/03\/11\/filipe-temtem-participara-en-la-trienal-de-arquitectura-de-lisboa-2022\/"},"wordCount":263,"commentCount":0,"image":{"@id":"https:\/\/fadeu.urantiacos.cl\/en\/2022\/03\/11\/filipe-temtem-participara-en-la-trienal-de-arquitectura-de-lisboa-2022\/#primaryimage"},"thumbnailUrl":"https:\/\/fadeu.urantiacos.cl\/wp-content\/uploads\/2023\/09\/Filipe_Temtem_participara_en_la_Trienal_de_Arquitectura_de_Lisboa_2022.jpg","articleSection":["Sin categorizar"],"inLanguage":"en-US","potentialAction":[{"@type":"CommentAction","name":"Comment","target":["https:\/\/fadeu.urantiacos.cl\/en\/2022\/03\/11\/filipe-temtem-participara-en-la-trienal-de-arquitectura-de-lisboa-2022\/#respond"]}]},{"@type":"WebPage","@id":"https:\/\/fadeu.urantiacos.cl\/en\/2022\/03\/11\/filipe-temtem-participara-en-la-trienal-de-arquitectura-de-lisboa-2022\/","url":"https:\/\/fadeu.urantiacos.cl\/en\/2022\/03\/11\/filipe-temtem-participara-en-la-trienal-de-arquitectura-de-lisboa-2022\/","name":"Filipe Temtem participar\u00e1 en la Trienal de Arquitectura de Lisboa 2022 - Facultad de Arquitectura, Dise\u00f1o y Estudios Urbanos","isPartOf":{"@id":"https:\/\/fadeu.urantiacos.cl\/en\/#website"},"primaryImageOfPage":{"@id":"https:\/\/fadeu.urantiacos.cl\/en\/2022\/03\/11\/filipe-temtem-participara-en-la-trienal-de-arquitectura-de-lisboa-2022\/#primaryimage"},"image":{"@id":"https:\/\/fadeu.urantiacos.cl\/en\/2022\/03\/11\/filipe-temtem-participara-en-la-trienal-de-arquitectura-de-lisboa-2022\/#primaryimage"},"thumbnailUrl":"https:\/\/fadeu.urantiacos.cl\/wp-content\/uploads\/2023\/09\/Filipe_Temtem_participara_en_la_Trienal_de_Arquitectura_de_Lisboa_2022.jpg","datePublished":"2022-03-11T14:37:00+00:00","dateModified":"2023-09-06T14:40:40+00:00","author":{"@id":"https:\/\/fadeu.urantiacos.cl\/en\/#\/schema\/person\/d203e2e84b1c40275eac77b3061a19a2"},"description":"Con la propuesta \"Ciudades (des)echas por infraestructuras de transporte segregado\", el profesor ARQ UC fue uno de los seleccionados de la sexta edici\u00f3n de la Trienal de Arquitectura de Lisboa, titulada \"Terra\".","breadcrumb":{"@id":"https:\/\/fadeu.urantiacos.cl\/en\/2022\/03\/11\/filipe-temtem-participara-en-la-trienal-de-arquitectura-de-lisboa-2022\/#breadcrumb"},"inLanguage":"en-US","potentialAction":[{"@type":"ReadAction","target":["https:\/\/fadeu.urantiacos.cl\/en\/2022\/03\/11\/filipe-temtem-participara-en-la-trienal-de-arquitectura-de-lisboa-2022\/"]}]},{"@type":"ImageObject","inLanguage":"en-US","@id":"https:\/\/fadeu.urantiacos.cl\/en\/2022\/03\/11\/filipe-temtem-participara-en-la-trienal-de-arquitectura-de-lisboa-2022\/#primaryimage","url":"https:\/\/fadeu.urantiacos.cl\/wp-content\/uploads\/2023\/09\/Filipe_Temtem_participara_en_la_Trienal_de_Arquitectura_de_Lisboa_2022.jpg","contentUrl":"https:\/\/fadeu.urantiacos.cl\/wp-content\/uploads\/2023\/09\/Filipe_Temtem_participara_en_la_Trienal_de_Arquitectura_de_Lisboa_2022.jpg","width":350,"height":250},{"@type":"BreadcrumbList","@id":"https:\/\/fadeu.urantiacos.cl\/en\/2022\/03\/11\/filipe-temtem-participara-en-la-trienal-de-arquitectura-de-lisboa-2022\/#breadcrumb","itemListElement":[{"@type":"ListItem","position":1,"name":"Portada","item":"https:\/\/fadeu.urantiacos.cl\/en\/"},{"@type":"ListItem","position":2,"name":"Filipe Temtem participar\u00e1 en la Trienal de Arquitectura de Lisboa 2022"}]},{"@type":"WebSite","@id":"https:\/\/fadeu.urantiacos.cl\/en\/#website","url":"https:\/\/fadeu.urantiacos.cl\/en\/","name":"Facultad de Arquitectura, Dise\u00f1o y Estudios Urbanos","description":"Campus Lo Contador","potentialAction":[{"@type":"SearchAction","target":{"@type":"EntryPoint","urlTemplate":"https:\/\/fadeu.urantiacos.cl\/en\/?s={search_term_string}"},"query-input":{"@type":"PropertyValueSpecification","valueRequired":true,"valueName":"search_term_string"}}],"inLanguage":"en-US"},{"@type":"Person","@id":"https:\/\/fadeu.urantiacos.cl\/en\/#\/schema\/person\/d203e2e84b1c40275eac77b3061a19a2","name":"manadmin","image":{"@type":"ImageObject","inLanguage":"en-US","@id":"https:\/\/fadeu.urantiacos.cl\/en\/#\/schema\/person\/image\/","url":"https:\/\/secure.gravatar.com\/avatar\/4b1d8e3303b4a9d8968ac578947d8bc80d9aea359f388cdd4aac15cadc0e8447?s=96&d=mm&r=g","contentUrl":"https:\/\/secure.gravatar.com\/avatar\/4b1d8e3303b4a9d8968ac578947d8bc80d9aea359f388cdd4aac15cadc0e8447?s=96&d=mm&r=g","caption":"manadmin"},"sameAs":["https:\/\/fadeu.urantiacos.cl"]}]}},"_links":{"self":[{"href":"https:\/\/fadeu.urantiacos.cl\/en\/wp-json\/wp\/v2\/posts\/5426","targetHints":{"allow":["GET"]}}],"collection":[{"href":"https:\/\/fadeu.urantiacos.cl\/en\/wp-json\/wp\/v2\/posts"}],"about":[{"href":"https:\/\/fadeu.urantiacos.cl\/en\/wp-json\/wp\/v2\/types\/post"}],"author":[{"embeddable":true,"href":"https:\/\/fadeu.urantiacos.cl\/en\/wp-json\/wp\/v2\/users\/1"}],"replies":[{"embeddable":true,"href":"https:\/\/fadeu.urantiacos.cl\/en\/wp-json\/wp\/v2\/comments?post=5426"}],"version-history":[{"count":1,"href":"https:\/\/fadeu.urantiacos.cl\/en\/wp-json\/wp\/v2\/posts\/5426\/revisions"}],"predecessor-version":[{"id":5430,"href":"https:\/\/fadeu.urantiacos.cl\/en\/wp-json\/wp\/v2\/posts\/5426\/revisions\/5430"}],"wp:featuredmedia":[{"embeddable":true,"href":"https:\/\/fadeu.urantiacos.cl\/en\/wp-json\/wp\/v2\/media\/5427"}],"wp:attachment":[{"href":"https:\/\/fadeu.urantiacos.cl\/en\/wp-json\/wp\/v2\/media?parent=5426"}],"wp:term":[{"taxonomy":"category","embeddable":true,"href":"https:\/\/fadeu.urantiacos.cl\/en\/wp-json\/wp\/v2\/categories?post=5426"},{"taxonomy":"post_tag","embeddable":true,"href":"https:\/\/fadeu.urantiacos.cl\/en\/wp-json\/wp\/v2\/tags?post=5426"}],"curies":[{"name":"wp","href":"https:\/\/api.w.org\/{rel}","templated":true}]}}