{"id":5421,"date":"2022-03-11T11:35:00","date_gmt":"2022-03-11T14:35:00","guid":{"rendered":"https:\/\/fadeu.urantiacos.cl\/?p=5421"},"modified":"2023-09-06T11:37:34","modified_gmt":"2023-09-06T14:37:34","slug":"cluster-patrimonio-y-modernidad-uc-se-adjudico-un-fondo-del-patrimonio-cultural","status":"publish","type":"post","link":"https:\/\/fadeu.urantiacos.cl\/en\/2022\/03\/11\/cluster-patrimonio-y-modernidad-uc-se-adjudico-un-fondo-del-patrimonio-cultural\/","title":{"rendered":"Cluster Patrimonio y Modernidad UC se adjudic\u00f3 un Fondo del Patrimonio Cultural"},"content":{"rendered":"\n<figure class=\"wp-block-image size-full\"><img decoding=\"async\" width=\"350\" height=\"250\" src=\"https:\/\/fadeu.urantiacos.cl\/wp-content\/uploads\/2023\/09\/WEB_Patrimonio_Ferroviario_Maule.jpg\" alt=\"\" class=\"wp-image-5423\" srcset=\"https:\/\/fadeu.urantiacos.cl\/wp-content\/uploads\/2023\/09\/WEB_Patrimonio_Ferroviario_Maule.jpg 350w, https:\/\/fadeu.urantiacos.cl\/wp-content\/uploads\/2023\/09\/WEB_Patrimonio_Ferroviario_Maule-300x214.jpg 300w\" sizes=\"(max-width: 350px) 100vw, 350px\" \/><\/figure>\n\n\n\n<p>La investigaci\u00f3n, titulada \u201cNarrativas y discursos del paisaje ferroviario. Infraestructuras patrimoniales del ferrocarril del sur en la regi\u00f3n del Maule\u201d, es impulsada por el cl\u00faster &#8220;Patrimonio y Modernidad&#8221; \u2014perteneciente al Centro del Patrimonio UC\u2014, y cuenta con el apoyo institucional de la Empresa de los Ferrocarriles del Estado (EFE). El proyecto establece como casos de estudio cinco recintos, todos Monumentos Hist\u00f3ricos: Teno, San Rafael, Villa Alegre, Perquilauqu\u00e9n y Chimbarongo. De esta forma, busca poner en valor el patrimonio ferroviario de la regi\u00f3n del Maule, promoviendo la conservaci\u00f3n y la gesti\u00f3n patrimonial de inmuebles de inter\u00e9s hist\u00f3rico. Adem\u00e1s de rescatar ese valor del patrimonio ferroviario de la regi\u00f3n, la iniciativa tambi\u00e9n intenta reconstruir los discursos estatales y las narrativas locales ancladas en cada uno de estos lugares patrimoniales.<\/p>\n\n\n\n<p>Investigador responsable_<br>Hugo Mondrag\u00f3n<\/p>\n\n\n\n<p>Equipo_<br>Isidora Urrutia<br>Valentina Rojas<br>Jos\u00e9 Emilio Hassi<br>Santiago Canales<br>Fernando Carvajal<\/p>\n\n\n\n<p>M\u00e1s informaci\u00f3n sobre el cl\u00faster &#8220;Patrimonio y Modernidad&#8221; en el siguiente&nbsp;<a href=\"https:\/\/centropatrimonio.uc.cl\/investigacion\/2-uncategorised\/423-cluster-de-investigacion-patrimonio-y-modernidad\" target=\"_blank\" rel=\"noreferrer noopener\">link<\/a>&nbsp;<\/p>\n\n\n\n<figure class=\"wp-block-image size-large\"><img decoding=\"async\" width=\"1024\" height=\"576\" src=\"https:\/\/fadeu.urantiacos.cl\/wp-content\/uploads\/2023\/09\/Patrimonio_Ferroviario_Maule-1024x576.jpg\" alt=\"\" class=\"wp-image-5424\" srcset=\"https:\/\/fadeu.urantiacos.cl\/wp-content\/uploads\/2023\/09\/Patrimonio_Ferroviario_Maule-1024x576.jpg 1024w, https:\/\/fadeu.urantiacos.cl\/wp-content\/uploads\/2023\/09\/Patrimonio_Ferroviario_Maule-300x169.jpg 300w, https:\/\/fadeu.urantiacos.cl\/wp-content\/uploads\/2023\/09\/Patrimonio_Ferroviario_Maule-768x432.jpg 768w, https:\/\/fadeu.urantiacos.cl\/wp-content\/uploads\/2023\/09\/Patrimonio_Ferroviario_Maule-1536x864.jpg 1536w, https:\/\/fadeu.urantiacos.cl\/wp-content\/uploads\/2023\/09\/Patrimonio_Ferroviario_Maule.jpg 1600w\" sizes=\"(max-width: 1024px) 100vw, 1024px\" \/><\/figure>\n\n\n\n<p>Noticias<br>Contacto:&nbsp;<a href=\"mailto:redesarq@uc.cl\">redesarq@uc.cl<\/a>&nbsp;| +56 2 2354 7747<br>www.arquitectura.uc.cl&nbsp;<\/p>\n","protected":false},"excerpt":{"rendered":"<p>El grupo de investigaci\u00f3n dirigido por el profesor ARQ UC Hugo Mondrag\u00f3n fue seleccionado fue seleccionado dentro del concurso 2021 de este fondo del Servicio Nacional del Patrimonio Cultural con un proyecto que indaga las narrativas del paisaje ferroviario en la regi\u00f3n del Maule.<\/p>\n","protected":false},"author":1,"featured_media":5423,"comment_status":"open","ping_status":"open","sticky":false,"template":"","format":"standard","meta":{"_acf_changed":false,"footnotes":""},"categories":[1],"tags":[],"class_list":["post-5421","post","type-post","status-publish","format-standard","has-post-thumbnail","hentry","category-sin-categorizar"],"acf":[],"yoast_head":"<!-- This site is optimized with the Yoast SEO plugin v27.1.1 - https:\/\/yoast.com\/product\/yoast-seo-wordpress\/ -->\n<title>Cluster Patrimonio y Modernidad UC se adjudic\u00f3 un Fondo del Patrimonio Cultural - Facultad de Arquitectura, Dise\u00f1o y Estudios Urbanos<\/title>\n<meta name=\"description\" content=\"El grupo de investigaci\u00f3n dirigido por el profesor ARQ UC Hugo Mondrag\u00f3n fue seleccionado fue seleccionado dentro del concurso 2021 de este fondo del Servicio Nacional del Patrimonio Cultural con un proyecto que indaga las narrativas del paisaje ferroviario en la regi\u00f3n del Maule.\" \/>\n<meta name=\"robots\" content=\"index, follow, max-snippet:-1, max-image-preview:large, max-video-preview:-1\" \/>\n<link rel=\"canonical\" href=\"https:\/\/fadeu.urantiacos.cl\/en\/2022\/03\/11\/cluster-patrimonio-y-modernidad-uc-se-adjudico-un-fondo-del-patrimonio-cultural\/\" \/>\n<meta property=\"og:locale\" content=\"en_US\" \/>\n<meta property=\"og:type\" content=\"article\" \/>\n<meta property=\"og:title\" content=\"Cluster Patrimonio y Modernidad UC se adjudic\u00f3 un Fondo del Patrimonio Cultural - Facultad de Arquitectura, Dise\u00f1o y Estudios Urbanos\" \/>\n<meta property=\"og:description\" content=\"El grupo de investigaci\u00f3n dirigido por el profesor ARQ UC Hugo Mondrag\u00f3n fue seleccionado fue seleccionado dentro del concurso 2021 de este fondo del Servicio Nacional del Patrimonio Cultural con un proyecto que indaga las narrativas del paisaje ferroviario en la regi\u00f3n del Maule.\" \/>\n<meta property=\"og:url\" content=\"https:\/\/fadeu.urantiacos.cl\/en\/2022\/03\/11\/cluster-patrimonio-y-modernidad-uc-se-adjudico-un-fondo-del-patrimonio-cultural\/\" \/>\n<meta property=\"og:site_name\" content=\"Facultad de Arquitectura, Dise\u00f1o y Estudios Urbanos\" \/>\n<meta property=\"article:published_time\" content=\"2022-03-11T14:35:00+00:00\" \/>\n<meta property=\"article:modified_time\" content=\"2023-09-06T14:37:34+00:00\" \/>\n<meta property=\"og:image\" content=\"https:\/\/fadeu.urantiacos.cl\/wp-content\/uploads\/2023\/09\/WEB_Patrimonio_Ferroviario_Maule.jpg\" \/>\n\t<meta property=\"og:image:width\" content=\"350\" \/>\n\t<meta property=\"og:image:height\" content=\"250\" \/>\n\t<meta property=\"og:image:type\" content=\"image\/jpeg\" \/>\n<meta name=\"author\" content=\"manadmin\" \/>\n<meta name=\"twitter:card\" content=\"summary_large_image\" \/>\n<meta name=\"twitter:label1\" content=\"Written by\" \/>\n\t<meta name=\"twitter:data1\" content=\"manadmin\" \/>\n\t<meta name=\"twitter:label2\" content=\"Est. reading time\" \/>\n\t<meta name=\"twitter:data2\" content=\"1 minute\" \/>\n<script type=\"application\/ld+json\" class=\"yoast-schema-graph\">{\"@context\":\"https:\/\/schema.org\",\"@graph\":[{\"@type\":\"Article\",\"@id\":\"https:\/\/fadeu.urantiacos.cl\/en\/2022\/03\/11\/cluster-patrimonio-y-modernidad-uc-se-adjudico-un-fondo-del-patrimonio-cultural\/#article\",\"isPartOf\":{\"@id\":\"https:\/\/fadeu.urantiacos.cl\/en\/2022\/03\/11\/cluster-patrimonio-y-modernidad-uc-se-adjudico-un-fondo-del-patrimonio-cultural\/\"},\"author\":{\"name\":\"manadmin\",\"@id\":\"https:\/\/fadeu.urantiacos.cl\/en\/#\/schema\/person\/d203e2e84b1c40275eac77b3061a19a2\"},\"headline\":\"Cluster Patrimonio y Modernidad UC se adjudic\u00f3 un Fondo del Patrimonio Cultural\",\"datePublished\":\"2022-03-11T14:35:00+00:00\",\"dateModified\":\"2023-09-06T14:37:34+00:00\",\"mainEntityOfPage\":{\"@id\":\"https:\/\/fadeu.urantiacos.cl\/en\/2022\/03\/11\/cluster-patrimonio-y-modernidad-uc-se-adjudico-un-fondo-del-patrimonio-cultural\/\"},\"wordCount\":193,\"commentCount\":0,\"image\":{\"@id\":\"https:\/\/fadeu.urantiacos.cl\/en\/2022\/03\/11\/cluster-patrimonio-y-modernidad-uc-se-adjudico-un-fondo-del-patrimonio-cultural\/#primaryimage\"},\"thumbnailUrl\":\"https:\/\/fadeu.urantiacos.cl\/wp-content\/uploads\/2023\/09\/WEB_Patrimonio_Ferroviario_Maule.jpg\",\"articleSection\":[\"Sin categorizar\"],\"inLanguage\":\"en-US\",\"potentialAction\":[{\"@type\":\"CommentAction\",\"name\":\"Comment\",\"target\":[\"https:\/\/fadeu.urantiacos.cl\/en\/2022\/03\/11\/cluster-patrimonio-y-modernidad-uc-se-adjudico-un-fondo-del-patrimonio-cultural\/#respond\"]}]},{\"@type\":\"WebPage\",\"@id\":\"https:\/\/fadeu.urantiacos.cl\/en\/2022\/03\/11\/cluster-patrimonio-y-modernidad-uc-se-adjudico-un-fondo-del-patrimonio-cultural\/\",\"url\":\"https:\/\/fadeu.urantiacos.cl\/en\/2022\/03\/11\/cluster-patrimonio-y-modernidad-uc-se-adjudico-un-fondo-del-patrimonio-cultural\/\",\"name\":\"Cluster Patrimonio y Modernidad UC se adjudic\u00f3 un Fondo del Patrimonio Cultural - Facultad de Arquitectura, Dise\u00f1o y Estudios Urbanos\",\"isPartOf\":{\"@id\":\"https:\/\/fadeu.urantiacos.cl\/en\/#website\"},\"primaryImageOfPage\":{\"@id\":\"https:\/\/fadeu.urantiacos.cl\/en\/2022\/03\/11\/cluster-patrimonio-y-modernidad-uc-se-adjudico-un-fondo-del-patrimonio-cultural\/#primaryimage\"},\"image\":{\"@id\":\"https:\/\/fadeu.urantiacos.cl\/en\/2022\/03\/11\/cluster-patrimonio-y-modernidad-uc-se-adjudico-un-fondo-del-patrimonio-cultural\/#primaryimage\"},\"thumbnailUrl\":\"https:\/\/fadeu.urantiacos.cl\/wp-content\/uploads\/2023\/09\/WEB_Patrimonio_Ferroviario_Maule.jpg\",\"datePublished\":\"2022-03-11T14:35:00+00:00\",\"dateModified\":\"2023-09-06T14:37:34+00:00\",\"author\":{\"@id\":\"https:\/\/fadeu.urantiacos.cl\/en\/#\/schema\/person\/d203e2e84b1c40275eac77b3061a19a2\"},\"description\":\"El grupo de investigaci\u00f3n dirigido por el profesor ARQ UC Hugo Mondrag\u00f3n fue seleccionado fue seleccionado dentro del concurso 2021 de este fondo del Servicio Nacional del Patrimonio Cultural con un proyecto que indaga las narrativas del paisaje ferroviario en la regi\u00f3n del Maule.\",\"breadcrumb\":{\"@id\":\"https:\/\/fadeu.urantiacos.cl\/en\/2022\/03\/11\/cluster-patrimonio-y-modernidad-uc-se-adjudico-un-fondo-del-patrimonio-cultural\/#breadcrumb\"},\"inLanguage\":\"en-US\",\"potentialAction\":[{\"@type\":\"ReadAction\",\"target\":[\"https:\/\/fadeu.urantiacos.cl\/en\/2022\/03\/11\/cluster-patrimonio-y-modernidad-uc-se-adjudico-un-fondo-del-patrimonio-cultural\/\"]}]},{\"@type\":\"ImageObject\",\"inLanguage\":\"en-US\",\"@id\":\"https:\/\/fadeu.urantiacos.cl\/en\/2022\/03\/11\/cluster-patrimonio-y-modernidad-uc-se-adjudico-un-fondo-del-patrimonio-cultural\/#primaryimage\",\"url\":\"https:\/\/fadeu.urantiacos.cl\/wp-content\/uploads\/2023\/09\/WEB_Patrimonio_Ferroviario_Maule.jpg\",\"contentUrl\":\"https:\/\/fadeu.urantiacos.cl\/wp-content\/uploads\/2023\/09\/WEB_Patrimonio_Ferroviario_Maule.jpg\",\"width\":350,\"height\":250},{\"@type\":\"BreadcrumbList\",\"@id\":\"https:\/\/fadeu.urantiacos.cl\/en\/2022\/03\/11\/cluster-patrimonio-y-modernidad-uc-se-adjudico-un-fondo-del-patrimonio-cultural\/#breadcrumb\",\"itemListElement\":[{\"@type\":\"ListItem\",\"position\":1,\"name\":\"Portada\",\"item\":\"https:\/\/fadeu.urantiacos.cl\/en\/\"},{\"@type\":\"ListItem\",\"position\":2,\"name\":\"Cluster Patrimonio y Modernidad UC se adjudic\u00f3 un Fondo del Patrimonio Cultural\"}]},{\"@type\":\"WebSite\",\"@id\":\"https:\/\/fadeu.urantiacos.cl\/en\/#website\",\"url\":\"https:\/\/fadeu.urantiacos.cl\/en\/\",\"name\":\"Facultad de Arquitectura, Dise\u00f1o y Estudios Urbanos\",\"description\":\"Campus Lo Contador\",\"potentialAction\":[{\"@type\":\"SearchAction\",\"target\":{\"@type\":\"EntryPoint\",\"urlTemplate\":\"https:\/\/fadeu.urantiacos.cl\/en\/?s={search_term_string}\"},\"query-input\":{\"@type\":\"PropertyValueSpecification\",\"valueRequired\":true,\"valueName\":\"search_term_string\"}}],\"inLanguage\":\"en-US\"},{\"@type\":\"Person\",\"@id\":\"https:\/\/fadeu.urantiacos.cl\/en\/#\/schema\/person\/d203e2e84b1c40275eac77b3061a19a2\",\"name\":\"manadmin\",\"image\":{\"@type\":\"ImageObject\",\"inLanguage\":\"en-US\",\"@id\":\"https:\/\/fadeu.urantiacos.cl\/en\/#\/schema\/person\/image\/\",\"url\":\"https:\/\/secure.gravatar.com\/avatar\/4b1d8e3303b4a9d8968ac578947d8bc80d9aea359f388cdd4aac15cadc0e8447?s=96&d=mm&r=g\",\"contentUrl\":\"https:\/\/secure.gravatar.com\/avatar\/4b1d8e3303b4a9d8968ac578947d8bc80d9aea359f388cdd4aac15cadc0e8447?s=96&d=mm&r=g\",\"caption\":\"manadmin\"},\"sameAs\":[\"https:\/\/fadeu.urantiacos.cl\"]}]}<\/script>\n<!-- \/ Yoast SEO plugin. -->","yoast_head_json":{"title":"Cluster Patrimonio y Modernidad UC se adjudic\u00f3 un Fondo del Patrimonio Cultural - Facultad de Arquitectura, Dise\u00f1o y Estudios Urbanos","description":"El grupo de investigaci\u00f3n dirigido por el profesor ARQ UC Hugo Mondrag\u00f3n fue seleccionado fue seleccionado dentro del concurso 2021 de este fondo del Servicio Nacional del Patrimonio Cultural con un proyecto que indaga las narrativas del paisaje ferroviario en la regi\u00f3n del Maule.","robots":{"index":"index","follow":"follow","max-snippet":"max-snippet:-1","max-image-preview":"max-image-preview:large","max-video-preview":"max-video-preview:-1"},"canonical":"https:\/\/fadeu.urantiacos.cl\/en\/2022\/03\/11\/cluster-patrimonio-y-modernidad-uc-se-adjudico-un-fondo-del-patrimonio-cultural\/","og_locale":"en_US","og_type":"article","og_title":"Cluster Patrimonio y Modernidad UC se adjudic\u00f3 un Fondo del Patrimonio Cultural - Facultad de Arquitectura, Dise\u00f1o y Estudios Urbanos","og_description":"El grupo de investigaci\u00f3n dirigido por el profesor ARQ UC Hugo Mondrag\u00f3n fue seleccionado fue seleccionado dentro del concurso 2021 de este fondo del Servicio Nacional del Patrimonio Cultural con un proyecto que indaga las narrativas del paisaje ferroviario en la regi\u00f3n del Maule.","og_url":"https:\/\/fadeu.urantiacos.cl\/en\/2022\/03\/11\/cluster-patrimonio-y-modernidad-uc-se-adjudico-un-fondo-del-patrimonio-cultural\/","og_site_name":"Facultad de Arquitectura, Dise\u00f1o y Estudios Urbanos","article_published_time":"2022-03-11T14:35:00+00:00","article_modified_time":"2023-09-06T14:37:34+00:00","og_image":[{"width":350,"height":250,"url":"https:\/\/fadeu.urantiacos.cl\/wp-content\/uploads\/2023\/09\/WEB_Patrimonio_Ferroviario_Maule.jpg","type":"image\/jpeg"}],"author":"manadmin","twitter_card":"summary_large_image","twitter_misc":{"Written by":"manadmin","Est. reading time":"1 minute"},"schema":{"@context":"https:\/\/schema.org","@graph":[{"@type":"Article","@id":"https:\/\/fadeu.urantiacos.cl\/en\/2022\/03\/11\/cluster-patrimonio-y-modernidad-uc-se-adjudico-un-fondo-del-patrimonio-cultural\/#article","isPartOf":{"@id":"https:\/\/fadeu.urantiacos.cl\/en\/2022\/03\/11\/cluster-patrimonio-y-modernidad-uc-se-adjudico-un-fondo-del-patrimonio-cultural\/"},"author":{"name":"manadmin","@id":"https:\/\/fadeu.urantiacos.cl\/en\/#\/schema\/person\/d203e2e84b1c40275eac77b3061a19a2"},"headline":"Cluster Patrimonio y Modernidad UC se adjudic\u00f3 un Fondo del Patrimonio Cultural","datePublished":"2022-03-11T14:35:00+00:00","dateModified":"2023-09-06T14:37:34+00:00","mainEntityOfPage":{"@id":"https:\/\/fadeu.urantiacos.cl\/en\/2022\/03\/11\/cluster-patrimonio-y-modernidad-uc-se-adjudico-un-fondo-del-patrimonio-cultural\/"},"wordCount":193,"commentCount":0,"image":{"@id":"https:\/\/fadeu.urantiacos.cl\/en\/2022\/03\/11\/cluster-patrimonio-y-modernidad-uc-se-adjudico-un-fondo-del-patrimonio-cultural\/#primaryimage"},"thumbnailUrl":"https:\/\/fadeu.urantiacos.cl\/wp-content\/uploads\/2023\/09\/WEB_Patrimonio_Ferroviario_Maule.jpg","articleSection":["Sin categorizar"],"inLanguage":"en-US","potentialAction":[{"@type":"CommentAction","name":"Comment","target":["https:\/\/fadeu.urantiacos.cl\/en\/2022\/03\/11\/cluster-patrimonio-y-modernidad-uc-se-adjudico-un-fondo-del-patrimonio-cultural\/#respond"]}]},{"@type":"WebPage","@id":"https:\/\/fadeu.urantiacos.cl\/en\/2022\/03\/11\/cluster-patrimonio-y-modernidad-uc-se-adjudico-un-fondo-del-patrimonio-cultural\/","url":"https:\/\/fadeu.urantiacos.cl\/en\/2022\/03\/11\/cluster-patrimonio-y-modernidad-uc-se-adjudico-un-fondo-del-patrimonio-cultural\/","name":"Cluster Patrimonio y Modernidad UC se adjudic\u00f3 un Fondo del Patrimonio Cultural - Facultad de Arquitectura, Dise\u00f1o y Estudios Urbanos","isPartOf":{"@id":"https:\/\/fadeu.urantiacos.cl\/en\/#website"},"primaryImageOfPage":{"@id":"https:\/\/fadeu.urantiacos.cl\/en\/2022\/03\/11\/cluster-patrimonio-y-modernidad-uc-se-adjudico-un-fondo-del-patrimonio-cultural\/#primaryimage"},"image":{"@id":"https:\/\/fadeu.urantiacos.cl\/en\/2022\/03\/11\/cluster-patrimonio-y-modernidad-uc-se-adjudico-un-fondo-del-patrimonio-cultural\/#primaryimage"},"thumbnailUrl":"https:\/\/fadeu.urantiacos.cl\/wp-content\/uploads\/2023\/09\/WEB_Patrimonio_Ferroviario_Maule.jpg","datePublished":"2022-03-11T14:35:00+00:00","dateModified":"2023-09-06T14:37:34+00:00","author":{"@id":"https:\/\/fadeu.urantiacos.cl\/en\/#\/schema\/person\/d203e2e84b1c40275eac77b3061a19a2"},"description":"El grupo de investigaci\u00f3n dirigido por el profesor ARQ UC Hugo Mondrag\u00f3n fue seleccionado fue seleccionado dentro del concurso 2021 de este fondo del Servicio Nacional del Patrimonio Cultural con un proyecto que indaga las narrativas del paisaje ferroviario en la regi\u00f3n del Maule.","breadcrumb":{"@id":"https:\/\/fadeu.urantiacos.cl\/en\/2022\/03\/11\/cluster-patrimonio-y-modernidad-uc-se-adjudico-un-fondo-del-patrimonio-cultural\/#breadcrumb"},"inLanguage":"en-US","potentialAction":[{"@type":"ReadAction","target":["https:\/\/fadeu.urantiacos.cl\/en\/2022\/03\/11\/cluster-patrimonio-y-modernidad-uc-se-adjudico-un-fondo-del-patrimonio-cultural\/"]}]},{"@type":"ImageObject","inLanguage":"en-US","@id":"https:\/\/fadeu.urantiacos.cl\/en\/2022\/03\/11\/cluster-patrimonio-y-modernidad-uc-se-adjudico-un-fondo-del-patrimonio-cultural\/#primaryimage","url":"https:\/\/fadeu.urantiacos.cl\/wp-content\/uploads\/2023\/09\/WEB_Patrimonio_Ferroviario_Maule.jpg","contentUrl":"https:\/\/fadeu.urantiacos.cl\/wp-content\/uploads\/2023\/09\/WEB_Patrimonio_Ferroviario_Maule.jpg","width":350,"height":250},{"@type":"BreadcrumbList","@id":"https:\/\/fadeu.urantiacos.cl\/en\/2022\/03\/11\/cluster-patrimonio-y-modernidad-uc-se-adjudico-un-fondo-del-patrimonio-cultural\/#breadcrumb","itemListElement":[{"@type":"ListItem","position":1,"name":"Portada","item":"https:\/\/fadeu.urantiacos.cl\/en\/"},{"@type":"ListItem","position":2,"name":"Cluster Patrimonio y Modernidad UC se adjudic\u00f3 un Fondo del Patrimonio Cultural"}]},{"@type":"WebSite","@id":"https:\/\/fadeu.urantiacos.cl\/en\/#website","url":"https:\/\/fadeu.urantiacos.cl\/en\/","name":"Facultad de Arquitectura, Dise\u00f1o y Estudios Urbanos","description":"Campus Lo Contador","potentialAction":[{"@type":"SearchAction","target":{"@type":"EntryPoint","urlTemplate":"https:\/\/fadeu.urantiacos.cl\/en\/?s={search_term_string}"},"query-input":{"@type":"PropertyValueSpecification","valueRequired":true,"valueName":"search_term_string"}}],"inLanguage":"en-US"},{"@type":"Person","@id":"https:\/\/fadeu.urantiacos.cl\/en\/#\/schema\/person\/d203e2e84b1c40275eac77b3061a19a2","name":"manadmin","image":{"@type":"ImageObject","inLanguage":"en-US","@id":"https:\/\/fadeu.urantiacos.cl\/en\/#\/schema\/person\/image\/","url":"https:\/\/secure.gravatar.com\/avatar\/4b1d8e3303b4a9d8968ac578947d8bc80d9aea359f388cdd4aac15cadc0e8447?s=96&d=mm&r=g","contentUrl":"https:\/\/secure.gravatar.com\/avatar\/4b1d8e3303b4a9d8968ac578947d8bc80d9aea359f388cdd4aac15cadc0e8447?s=96&d=mm&r=g","caption":"manadmin"},"sameAs":["https:\/\/fadeu.urantiacos.cl"]}]}},"_links":{"self":[{"href":"https:\/\/fadeu.urantiacos.cl\/en\/wp-json\/wp\/v2\/posts\/5421","targetHints":{"allow":["GET"]}}],"collection":[{"href":"https:\/\/fadeu.urantiacos.cl\/en\/wp-json\/wp\/v2\/posts"}],"about":[{"href":"https:\/\/fadeu.urantiacos.cl\/en\/wp-json\/wp\/v2\/types\/post"}],"author":[{"embeddable":true,"href":"https:\/\/fadeu.urantiacos.cl\/en\/wp-json\/wp\/v2\/users\/1"}],"replies":[{"embeddable":true,"href":"https:\/\/fadeu.urantiacos.cl\/en\/wp-json\/wp\/v2\/comments?post=5421"}],"version-history":[{"count":1,"href":"https:\/\/fadeu.urantiacos.cl\/en\/wp-json\/wp\/v2\/posts\/5421\/revisions"}],"predecessor-version":[{"id":5425,"href":"https:\/\/fadeu.urantiacos.cl\/en\/wp-json\/wp\/v2\/posts\/5421\/revisions\/5425"}],"wp:featuredmedia":[{"embeddable":true,"href":"https:\/\/fadeu.urantiacos.cl\/en\/wp-json\/wp\/v2\/media\/5423"}],"wp:attachment":[{"href":"https:\/\/fadeu.urantiacos.cl\/en\/wp-json\/wp\/v2\/media?parent=5421"}],"wp:term":[{"taxonomy":"category","embeddable":true,"href":"https:\/\/fadeu.urantiacos.cl\/en\/wp-json\/wp\/v2\/categories?post=5421"},{"taxonomy":"post_tag","embeddable":true,"href":"https:\/\/fadeu.urantiacos.cl\/en\/wp-json\/wp\/v2\/tags?post=5421"}],"curies":[{"name":"wp","href":"https:\/\/api.w.org\/{rel}","templated":true}]}}