{"id":5408,"date":"2022-03-14T11:27:00","date_gmt":"2022-03-14T14:27:00","guid":{"rendered":"https:\/\/fadeu.urantiacos.cl\/?p=5408"},"modified":"2023-09-06T11:33:32","modified_gmt":"2023-09-06T14:33:32","slug":"profesores-arq-uc-entre-los-ganadores-del-concurso-para-recuperar-el-palacio-subercaseaux","status":"publish","type":"post","link":"https:\/\/fadeu.urantiacos.cl\/en\/2022\/03\/14\/profesores-arq-uc-entre-los-ganadores-del-concurso-para-recuperar-el-palacio-subercaseaux\/","title":{"rendered":"Profesores ARQ UC entre los ganadores del concurso para recuperar el Palacio Subercaseaux"},"content":{"rendered":"\n<figure class=\"wp-block-image size-full\"><img decoding=\"async\" width=\"350\" height=\"250\" src=\"https:\/\/fadeu.urantiacos.cl\/wp-content\/uploads\/2023\/09\/WEB_Puga_Velasco_Valparaiso_10.03.22.jpg\" alt=\"\" class=\"wp-image-5409\" srcset=\"https:\/\/fadeu.urantiacos.cl\/wp-content\/uploads\/2023\/09\/WEB_Puga_Velasco_Valparaiso_10.03.22.jpg 350w, https:\/\/fadeu.urantiacos.cl\/wp-content\/uploads\/2023\/09\/WEB_Puga_Velasco_Valparaiso_10.03.22-300x214.jpg 300w\" sizes=\"(max-width: 350px) 100vw, 350px\" \/><\/figure>\n\n\n\n<p>El concurso p\u00fablico fue un llamado para construir el Archivo Regional de Valpara\u00edso, el dep\u00f3sito de colecciones y las oficinas regionales del Servicio del Patrimonio, recuperando el Palacio Subercaseaux \u2014un emblem\u00e1tico edificio ubicado en el barrio puerto en el centro del Sitio de Patrimonio Mundial de la Unesco\u2014, que qued\u00f3 pr\u00e1cticamente en ruinas tras una explosi\u00f3n el a\u00f1o 2007. La licitaci\u00f3n fue convocada por el Ministerio de las Culturas, las Artes y el Patrimonio a trav\u00e9s del Servicio Nacional del Patrimonio Cultural (SNPC).<\/p>\n\n\n\n<p>Sobre el proyecto ganador, el profesor ARQ UC y subsecretario del Patrimonio Cultural Emilio de la Cerda \u2014que adem\u00e1s fue parte de la Comisi\u00f3n Evaluadora de Expertos\u2014 se\u00f1al\u00f3 que \u201cdespu\u00e9s de dos d\u00edas de trabajo la comisi\u00f3n evaluadora seleccion\u00f3 la propuesta que estim\u00f3 resolv\u00eda de mejor manera la relaci\u00f3n entre la preexistencia del edificio Subercaseaux y el nuevo archivo regional. El proyecto entrega un primer nivel con programas de uso p\u00fablico que revitaliza el barrio puerto, define un n\u00facleo de archivos protegido al centro del edificio y propone una cubierta leve y contempor\u00e1nea como quinta fachada\u201d.<\/p>\n\n\n\n<p>Asimismo, la ministra de las Culturas, Consuelo Vald\u00e9s, destac\u00f3: &#8220;esta es una muy buena noticia para las porte\u00f1as y los porte\u00f1os. Con el anuncio del proyecto ganador estamos dando un paso m\u00e1s en el camino para fortalecer el Sitio de Patrimonio Mundial y el centro hist\u00f3rico de la ciudad puerto, junto con devolverle a Valpara\u00edso un edificio de conservaci\u00f3n hist\u00f3rica que lamentablemente hace 15 a\u00f1os sufri\u00f3 las consecuencias de un incendio que marc\u00f3 a la poblaci\u00f3n y al patrimonio local&#8221;.<\/p>\n\n\n\n<p>De acuerdo a los tiempos estimados por parte de los organizadores, la etapa para desarrollar el proyecto deber\u00eda finalizar a mediados de 2024, momento en que se deber\u00e1n gestionar los fondos para la construcci\u00f3n de la obra, ejecuci\u00f3n que durar\u00eda aproximadamente otros dos a\u00f1os.<\/p>\n\n\n\n<p>1\u00b0 lugar<br>El equipo liderado por las acad\u00e9micas ARQ UC Cecilia Puga y Paula Velasco, junto al arquitecto Max Parada se adjudic\u00f3 $381 millones para llevar a cabo una propuesta que busca poner en valor las fachadas del edificio-manzana. Para esto, consideraron la construcci\u00f3n de una obra nueva al interior del predio que dialogue arm\u00f3nicamente con lo existente, conservando la integridad tipol\u00f3gica del edificio en cuanto a sus materialidades, la quinta fachada y el ritmo y proporciones de la estructura original.<\/p>\n\n\n\n<p>Equipo_<br>Cecilia Puga, Paula Velasco Arquitectas, Max Parada Arquitecto Asociado<br>Colaboradores: Alberto Calder\u00f3n, Claudio Araya, Giancarlo Acosta y Magdalena Vergara<\/p>\n\n\n\n<p>Ingenier\u00eda estructural_<br>Pedro Bartolome y Cristian Sandoval<\/p>\n\n\n\n<p>Especialistas en restauraci\u00f3n_<br>Luis Cerc\u00f3s y Alan Chandler<\/p>\n\n\n\n<figure class=\"wp-block-image size-full\"><img decoding=\"async\" width=\"768\" height=\"432\" src=\"https:\/\/fadeu.urantiacos.cl\/wp-content\/uploads\/2023\/09\/Puga_Velasco_Valparaiso_10.03.22.jpeg\" alt=\"\" class=\"wp-image-5410\" srcset=\"https:\/\/fadeu.urantiacos.cl\/wp-content\/uploads\/2023\/09\/Puga_Velasco_Valparaiso_10.03.22.jpeg 768w, https:\/\/fadeu.urantiacos.cl\/wp-content\/uploads\/2023\/09\/Puga_Velasco_Valparaiso_10.03.22-300x169.jpeg 300w\" sizes=\"(max-width: 768px) 100vw, 768px\" \/><\/figure>\n\n\n\n<figure class=\"wp-block-image size-full\"><img decoding=\"async\" width=\"632\" height=\"540\" src=\"https:\/\/fadeu.urantiacos.cl\/wp-content\/uploads\/2023\/09\/Puga_Velasco_Valparaiso_10.03.22_2.jpeg\" alt=\"\" class=\"wp-image-5411\" srcset=\"https:\/\/fadeu.urantiacos.cl\/wp-content\/uploads\/2023\/09\/Puga_Velasco_Valparaiso_10.03.22_2.jpeg 632w, https:\/\/fadeu.urantiacos.cl\/wp-content\/uploads\/2023\/09\/Puga_Velasco_Valparaiso_10.03.22_2-300x256.jpeg 300w\" sizes=\"(max-width: 632px) 100vw, 632px\" \/><\/figure>\n\n\n\n<p>Im\u00e1genes proyecto 1\u00b0 lugar<\/p>\n\n\n\n<p>2\u00b0 lugar<br>El equipo liderado por el profesor ARQ UC Tom\u00e1s Villal\u00f3n junto a Nicolas Norero, Sebastian Jara y Lucas Olivares, obtuvo el segundo lugar en el concurso. El proyecto seccion\u00f3 el programa en dos partes: centro y per\u00edmetro, los que se distinguieron tanto en su cualidad arquitect\u00f3nica como program\u00e1tica, una para el almacenaje, y otra para el trabajo. En el interior, el suelo contin\u00faa como una plaza resguardada y p\u00fablica, que entrega un espacio inexistente y a su vez c\u00edvico, exponiendo a la ciudad el dep\u00f3sito como su valor m\u00e1s determinante.<\/p>\n\n\n\n<p>Equipo_<br>Tom\u00e1s Villal\u00f3n, Nicolas Norero, Sebastian Jara y Lucas Olivares<\/p>\n\n\n\n<p>Ingenier\u00eda estructural_<br>Patricio Arias y Lia Karmelic<\/p>\n\n\n\n<figure class=\"wp-block-image size-full\"><img decoding=\"async\" width=\"652\" height=\"513\" src=\"https:\/\/fadeu.urantiacos.cl\/wp-content\/uploads\/2023\/09\/Villalon_Valparaiso_10.03.22_1.jpeg\" alt=\"\" class=\"wp-image-5413\" srcset=\"https:\/\/fadeu.urantiacos.cl\/wp-content\/uploads\/2023\/09\/Villalon_Valparaiso_10.03.22_1.jpeg 652w, https:\/\/fadeu.urantiacos.cl\/wp-content\/uploads\/2023\/09\/Villalon_Valparaiso_10.03.22_1-300x236.jpeg 300w\" sizes=\"(max-width: 652px) 100vw, 652px\" \/><\/figure>\n\n\n\n<figure class=\"wp-block-image size-full\"><img decoding=\"async\" width=\"652\" height=\"513\" src=\"https:\/\/fadeu.urantiacos.cl\/wp-content\/uploads\/2023\/09\/Villalon_Valparaiso_10.03.22.jpeg\" alt=\"\" class=\"wp-image-5414\" srcset=\"https:\/\/fadeu.urantiacos.cl\/wp-content\/uploads\/2023\/09\/Villalon_Valparaiso_10.03.22.jpeg 652w, https:\/\/fadeu.urantiacos.cl\/wp-content\/uploads\/2023\/09\/Villalon_Valparaiso_10.03.22-300x236.jpeg 300w\" sizes=\"(max-width: 652px) 100vw, 652px\" \/><\/figure>\n\n\n\n<p>Im\u00e1genes proyecto 2\u00b0 lugar<\/p>\n\n\n\n<p>3\u00b0 lugar<br>El tercer lugar lo obtuvo el equipo liderado por el profesor ARQ UC Alberto Moletto junto a Sebasti\u00e1n Paredes. El proyecto busc\u00f3 ser una herramienta para favorecer cruces y encuentros entre los distintos actores, instituciones y el entorno particular donde se emplaza. La fachada existente se mantuvo aislada de la estructuraci\u00f3n interior y estabilizada estructuralmente. Hacia el exterior, se plante\u00f3 recuperar la modulaci\u00f3n y ritmo original de vanos en fachada, reforz\u00e1ndolos con endolados de acero que soportan rejas met\u00e1licas, las que entregan transparencia hacia el interior y al mismo tiempo respondiendo a los requerimientos de seguridad. Tambi\u00e9n se busc\u00f3 realizar un trabajo estratigr\u00e1fico para encontrar los colores originales del inmueble y recuperarlos de ser posible, siendo \u00e9sta parte importante de la imagen y dimensi\u00f3n p\u00fablica del Barrio Puerto.<\/p>\n\n\n\n<p>Equipo_<br>Alberto Moletto y Sebasti\u00e1n Paredes<br>Colaboradores:&nbsp;Joaquin Diaz, Matias Ramirez<\/p>\n\n\n\n<p>Ingenier\u00eda estructural_<br>Carlos Perretta<\/p>\n\n\n\n<figure class=\"wp-block-image size-full\"><img decoding=\"async\" width=\"486\" height=\"480\" src=\"https:\/\/fadeu.urantiacos.cl\/wp-content\/uploads\/2023\/09\/Moletto_Valparaiso_10.03.22.jpeg\" alt=\"\" class=\"wp-image-5415\" srcset=\"https:\/\/fadeu.urantiacos.cl\/wp-content\/uploads\/2023\/09\/Moletto_Valparaiso_10.03.22.jpeg 486w, https:\/\/fadeu.urantiacos.cl\/wp-content\/uploads\/2023\/09\/Moletto_Valparaiso_10.03.22-300x296.jpeg 300w\" sizes=\"(max-width: 486px) 100vw, 486px\" \/><\/figure>\n\n\n\n<figure class=\"wp-block-image size-large\"><img decoding=\"async\" width=\"1024\" height=\"503\" src=\"https:\/\/fadeu.urantiacos.cl\/wp-content\/uploads\/2023\/09\/Moletto_Valparaiso_10.03.22_1-1024x503.jpg\" alt=\"\" class=\"wp-image-5416\" srcset=\"https:\/\/fadeu.urantiacos.cl\/wp-content\/uploads\/2023\/09\/Moletto_Valparaiso_10.03.22_1-1024x503.jpg 1024w, https:\/\/fadeu.urantiacos.cl\/wp-content\/uploads\/2023\/09\/Moletto_Valparaiso_10.03.22_1-300x147.jpg 300w, https:\/\/fadeu.urantiacos.cl\/wp-content\/uploads\/2023\/09\/Moletto_Valparaiso_10.03.22_1-768x378.jpg 768w, https:\/\/fadeu.urantiacos.cl\/wp-content\/uploads\/2023\/09\/Moletto_Valparaiso_10.03.22_1-1536x755.jpg 1536w, https:\/\/fadeu.urantiacos.cl\/wp-content\/uploads\/2023\/09\/Moletto_Valparaiso_10.03.22_1.jpg 1600w\" sizes=\"(max-width: 1024px) 100vw, 1024px\" \/><\/figure>\n\n\n\n<p>Im\u00e1genes proyecto 3\u00b0 lugar<\/p>\n\n\n\n<p>Noticias<br>Contacto:&nbsp;<a href=\"mailto:redesarq@uc.cl\">redesarq@uc.cl<\/a>&nbsp;| +56 2 2354 7747<br>www.arquitectura.uc.cl&nbsp;<\/p>\n","protected":false},"excerpt":{"rendered":"<p>Las profesoras ARQ UC Cecilia Puga y Paula Velasco se adjudicaron el primer lugar, mientras los profesores ARQ UC Tom\u00e1s Villal\u00f3n y Alberto Moletto quedaron en segundo y tercer lugar, respectivamente.<\/p>\n","protected":false},"author":1,"featured_media":5409,"comment_status":"open","ping_status":"open","sticky":false,"template":"","format":"standard","meta":{"_acf_changed":false,"footnotes":""},"categories":[1],"tags":[],"class_list":["post-5408","post","type-post","status-publish","format-standard","has-post-thumbnail","hentry","category-sin-categorizar"],"acf":[],"yoast_head":"<!-- This site is optimized with the Yoast SEO plugin v27.1.1 - https:\/\/yoast.com\/product\/yoast-seo-wordpress\/ -->\n<title>Profesores ARQ UC entre los ganadores del concurso para recuperar el Palacio Subercaseaux - Facultad de Arquitectura, Dise\u00f1o y Estudios Urbanos<\/title>\n<meta name=\"description\" content=\"Las profesoras ARQ UC Cecilia Puga y Paula Velasco se adjudicaron el primer lugar, mientras los profesores ARQ UC Tom\u00e1s Villal\u00f3n y Alberto Moletto quedaron en segundo y tercer lugar, respectivamente.\" \/>\n<meta name=\"robots\" content=\"index, follow, max-snippet:-1, max-image-preview:large, max-video-preview:-1\" \/>\n<link rel=\"canonical\" href=\"https:\/\/fadeu.urantiacos.cl\/en\/2022\/03\/14\/profesores-arq-uc-entre-los-ganadores-del-concurso-para-recuperar-el-palacio-subercaseaux\/\" \/>\n<meta property=\"og:locale\" content=\"en_US\" \/>\n<meta property=\"og:type\" content=\"article\" \/>\n<meta property=\"og:title\" content=\"Profesores ARQ UC entre los ganadores del concurso para recuperar el Palacio Subercaseaux - Facultad de Arquitectura, Dise\u00f1o y Estudios Urbanos\" \/>\n<meta property=\"og:description\" content=\"Las profesoras ARQ UC Cecilia Puga y Paula Velasco se adjudicaron el primer lugar, mientras los profesores ARQ UC Tom\u00e1s Villal\u00f3n y Alberto Moletto quedaron en segundo y tercer lugar, respectivamente.\" \/>\n<meta property=\"og:url\" content=\"https:\/\/fadeu.urantiacos.cl\/en\/2022\/03\/14\/profesores-arq-uc-entre-los-ganadores-del-concurso-para-recuperar-el-palacio-subercaseaux\/\" \/>\n<meta property=\"og:site_name\" content=\"Facultad de Arquitectura, Dise\u00f1o y Estudios Urbanos\" \/>\n<meta property=\"article:published_time\" content=\"2022-03-14T14:27:00+00:00\" \/>\n<meta property=\"article:modified_time\" content=\"2023-09-06T14:33:32+00:00\" \/>\n<meta property=\"og:image\" content=\"https:\/\/fadeu.urantiacos.cl\/wp-content\/uploads\/2023\/09\/WEB_Puga_Velasco_Valparaiso_10.03.22.jpg\" \/>\n\t<meta property=\"og:image:width\" content=\"350\" \/>\n\t<meta property=\"og:image:height\" content=\"250\" \/>\n\t<meta property=\"og:image:type\" content=\"image\/jpeg\" \/>\n<meta name=\"author\" content=\"manadmin\" \/>\n<meta name=\"twitter:card\" content=\"summary_large_image\" \/>\n<meta name=\"twitter:label1\" content=\"Written by\" \/>\n\t<meta name=\"twitter:data1\" content=\"manadmin\" \/>\n\t<meta name=\"twitter:label2\" content=\"Est. reading time\" \/>\n\t<meta name=\"twitter:data2\" content=\"4 minutes\" \/>\n<script type=\"application\/ld+json\" class=\"yoast-schema-graph\">{\"@context\":\"https:\/\/schema.org\",\"@graph\":[{\"@type\":\"Article\",\"@id\":\"https:\/\/fadeu.urantiacos.cl\/en\/2022\/03\/14\/profesores-arq-uc-entre-los-ganadores-del-concurso-para-recuperar-el-palacio-subercaseaux\/#article\",\"isPartOf\":{\"@id\":\"https:\/\/fadeu.urantiacos.cl\/en\/2022\/03\/14\/profesores-arq-uc-entre-los-ganadores-del-concurso-para-recuperar-el-palacio-subercaseaux\/\"},\"author\":{\"name\":\"manadmin\",\"@id\":\"https:\/\/fadeu.urantiacos.cl\/en\/#\/schema\/person\/d203e2e84b1c40275eac77b3061a19a2\"},\"headline\":\"Profesores ARQ UC entre los ganadores del concurso para recuperar el Palacio Subercaseaux\",\"datePublished\":\"2022-03-14T14:27:00+00:00\",\"dateModified\":\"2023-09-06T14:33:32+00:00\",\"mainEntityOfPage\":{\"@id\":\"https:\/\/fadeu.urantiacos.cl\/en\/2022\/03\/14\/profesores-arq-uc-entre-los-ganadores-del-concurso-para-recuperar-el-palacio-subercaseaux\/\"},\"wordCount\":766,\"commentCount\":0,\"image\":{\"@id\":\"https:\/\/fadeu.urantiacos.cl\/en\/2022\/03\/14\/profesores-arq-uc-entre-los-ganadores-del-concurso-para-recuperar-el-palacio-subercaseaux\/#primaryimage\"},\"thumbnailUrl\":\"https:\/\/fadeu.urantiacos.cl\/wp-content\/uploads\/2023\/09\/WEB_Puga_Velasco_Valparaiso_10.03.22.jpg\",\"articleSection\":[\"Sin categorizar\"],\"inLanguage\":\"en-US\",\"potentialAction\":[{\"@type\":\"CommentAction\",\"name\":\"Comment\",\"target\":[\"https:\/\/fadeu.urantiacos.cl\/en\/2022\/03\/14\/profesores-arq-uc-entre-los-ganadores-del-concurso-para-recuperar-el-palacio-subercaseaux\/#respond\"]}]},{\"@type\":\"WebPage\",\"@id\":\"https:\/\/fadeu.urantiacos.cl\/en\/2022\/03\/14\/profesores-arq-uc-entre-los-ganadores-del-concurso-para-recuperar-el-palacio-subercaseaux\/\",\"url\":\"https:\/\/fadeu.urantiacos.cl\/en\/2022\/03\/14\/profesores-arq-uc-entre-los-ganadores-del-concurso-para-recuperar-el-palacio-subercaseaux\/\",\"name\":\"Profesores ARQ UC entre los ganadores del concurso para recuperar el Palacio Subercaseaux - Facultad de Arquitectura, Dise\u00f1o y Estudios Urbanos\",\"isPartOf\":{\"@id\":\"https:\/\/fadeu.urantiacos.cl\/en\/#website\"},\"primaryImageOfPage\":{\"@id\":\"https:\/\/fadeu.urantiacos.cl\/en\/2022\/03\/14\/profesores-arq-uc-entre-los-ganadores-del-concurso-para-recuperar-el-palacio-subercaseaux\/#primaryimage\"},\"image\":{\"@id\":\"https:\/\/fadeu.urantiacos.cl\/en\/2022\/03\/14\/profesores-arq-uc-entre-los-ganadores-del-concurso-para-recuperar-el-palacio-subercaseaux\/#primaryimage\"},\"thumbnailUrl\":\"https:\/\/fadeu.urantiacos.cl\/wp-content\/uploads\/2023\/09\/WEB_Puga_Velasco_Valparaiso_10.03.22.jpg\",\"datePublished\":\"2022-03-14T14:27:00+00:00\",\"dateModified\":\"2023-09-06T14:33:32+00:00\",\"author\":{\"@id\":\"https:\/\/fadeu.urantiacos.cl\/en\/#\/schema\/person\/d203e2e84b1c40275eac77b3061a19a2\"},\"description\":\"Las profesoras ARQ UC Cecilia Puga y Paula Velasco se adjudicaron el primer lugar, mientras los profesores ARQ UC Tom\u00e1s Villal\u00f3n y Alberto Moletto quedaron en segundo y tercer lugar, respectivamente.\",\"breadcrumb\":{\"@id\":\"https:\/\/fadeu.urantiacos.cl\/en\/2022\/03\/14\/profesores-arq-uc-entre-los-ganadores-del-concurso-para-recuperar-el-palacio-subercaseaux\/#breadcrumb\"},\"inLanguage\":\"en-US\",\"potentialAction\":[{\"@type\":\"ReadAction\",\"target\":[\"https:\/\/fadeu.urantiacos.cl\/en\/2022\/03\/14\/profesores-arq-uc-entre-los-ganadores-del-concurso-para-recuperar-el-palacio-subercaseaux\/\"]}]},{\"@type\":\"ImageObject\",\"inLanguage\":\"en-US\",\"@id\":\"https:\/\/fadeu.urantiacos.cl\/en\/2022\/03\/14\/profesores-arq-uc-entre-los-ganadores-del-concurso-para-recuperar-el-palacio-subercaseaux\/#primaryimage\",\"url\":\"https:\/\/fadeu.urantiacos.cl\/wp-content\/uploads\/2023\/09\/WEB_Puga_Velasco_Valparaiso_10.03.22.jpg\",\"contentUrl\":\"https:\/\/fadeu.urantiacos.cl\/wp-content\/uploads\/2023\/09\/WEB_Puga_Velasco_Valparaiso_10.03.22.jpg\",\"width\":350,\"height\":250},{\"@type\":\"BreadcrumbList\",\"@id\":\"https:\/\/fadeu.urantiacos.cl\/en\/2022\/03\/14\/profesores-arq-uc-entre-los-ganadores-del-concurso-para-recuperar-el-palacio-subercaseaux\/#breadcrumb\",\"itemListElement\":[{\"@type\":\"ListItem\",\"position\":1,\"name\":\"Portada\",\"item\":\"https:\/\/fadeu.urantiacos.cl\/en\/\"},{\"@type\":\"ListItem\",\"position\":2,\"name\":\"Profesores ARQ UC entre los ganadores del concurso para recuperar el Palacio Subercaseaux\"}]},{\"@type\":\"WebSite\",\"@id\":\"https:\/\/fadeu.urantiacos.cl\/en\/#website\",\"url\":\"https:\/\/fadeu.urantiacos.cl\/en\/\",\"name\":\"Facultad de Arquitectura, Dise\u00f1o y Estudios Urbanos\",\"description\":\"Campus Lo Contador\",\"potentialAction\":[{\"@type\":\"SearchAction\",\"target\":{\"@type\":\"EntryPoint\",\"urlTemplate\":\"https:\/\/fadeu.urantiacos.cl\/en\/?s={search_term_string}\"},\"query-input\":{\"@type\":\"PropertyValueSpecification\",\"valueRequired\":true,\"valueName\":\"search_term_string\"}}],\"inLanguage\":\"en-US\"},{\"@type\":\"Person\",\"@id\":\"https:\/\/fadeu.urantiacos.cl\/en\/#\/schema\/person\/d203e2e84b1c40275eac77b3061a19a2\",\"name\":\"manadmin\",\"image\":{\"@type\":\"ImageObject\",\"inLanguage\":\"en-US\",\"@id\":\"https:\/\/fadeu.urantiacos.cl\/en\/#\/schema\/person\/image\/\",\"url\":\"https:\/\/secure.gravatar.com\/avatar\/4b1d8e3303b4a9d8968ac578947d8bc80d9aea359f388cdd4aac15cadc0e8447?s=96&d=mm&r=g\",\"contentUrl\":\"https:\/\/secure.gravatar.com\/avatar\/4b1d8e3303b4a9d8968ac578947d8bc80d9aea359f388cdd4aac15cadc0e8447?s=96&d=mm&r=g\",\"caption\":\"manadmin\"},\"sameAs\":[\"https:\/\/fadeu.urantiacos.cl\"]}]}<\/script>\n<!-- \/ Yoast SEO plugin. -->","yoast_head_json":{"title":"Profesores ARQ UC entre los ganadores del concurso para recuperar el Palacio Subercaseaux - Facultad de Arquitectura, Dise\u00f1o y Estudios Urbanos","description":"Las profesoras ARQ UC Cecilia Puga y Paula Velasco se adjudicaron el primer lugar, mientras los profesores ARQ UC Tom\u00e1s Villal\u00f3n y Alberto Moletto quedaron en segundo y tercer lugar, respectivamente.","robots":{"index":"index","follow":"follow","max-snippet":"max-snippet:-1","max-image-preview":"max-image-preview:large","max-video-preview":"max-video-preview:-1"},"canonical":"https:\/\/fadeu.urantiacos.cl\/en\/2022\/03\/14\/profesores-arq-uc-entre-los-ganadores-del-concurso-para-recuperar-el-palacio-subercaseaux\/","og_locale":"en_US","og_type":"article","og_title":"Profesores ARQ UC entre los ganadores del concurso para recuperar el Palacio Subercaseaux - Facultad de Arquitectura, Dise\u00f1o y Estudios Urbanos","og_description":"Las profesoras ARQ UC Cecilia Puga y Paula Velasco se adjudicaron el primer lugar, mientras los profesores ARQ UC Tom\u00e1s Villal\u00f3n y Alberto Moletto quedaron en segundo y tercer lugar, respectivamente.","og_url":"https:\/\/fadeu.urantiacos.cl\/en\/2022\/03\/14\/profesores-arq-uc-entre-los-ganadores-del-concurso-para-recuperar-el-palacio-subercaseaux\/","og_site_name":"Facultad de Arquitectura, Dise\u00f1o y Estudios Urbanos","article_published_time":"2022-03-14T14:27:00+00:00","article_modified_time":"2023-09-06T14:33:32+00:00","og_image":[{"width":350,"height":250,"url":"https:\/\/fadeu.urantiacos.cl\/wp-content\/uploads\/2023\/09\/WEB_Puga_Velasco_Valparaiso_10.03.22.jpg","type":"image\/jpeg"}],"author":"manadmin","twitter_card":"summary_large_image","twitter_misc":{"Written by":"manadmin","Est. reading time":"4 minutes"},"schema":{"@context":"https:\/\/schema.org","@graph":[{"@type":"Article","@id":"https:\/\/fadeu.urantiacos.cl\/en\/2022\/03\/14\/profesores-arq-uc-entre-los-ganadores-del-concurso-para-recuperar-el-palacio-subercaseaux\/#article","isPartOf":{"@id":"https:\/\/fadeu.urantiacos.cl\/en\/2022\/03\/14\/profesores-arq-uc-entre-los-ganadores-del-concurso-para-recuperar-el-palacio-subercaseaux\/"},"author":{"name":"manadmin","@id":"https:\/\/fadeu.urantiacos.cl\/en\/#\/schema\/person\/d203e2e84b1c40275eac77b3061a19a2"},"headline":"Profesores ARQ UC entre los ganadores del concurso para recuperar el Palacio Subercaseaux","datePublished":"2022-03-14T14:27:00+00:00","dateModified":"2023-09-06T14:33:32+00:00","mainEntityOfPage":{"@id":"https:\/\/fadeu.urantiacos.cl\/en\/2022\/03\/14\/profesores-arq-uc-entre-los-ganadores-del-concurso-para-recuperar-el-palacio-subercaseaux\/"},"wordCount":766,"commentCount":0,"image":{"@id":"https:\/\/fadeu.urantiacos.cl\/en\/2022\/03\/14\/profesores-arq-uc-entre-los-ganadores-del-concurso-para-recuperar-el-palacio-subercaseaux\/#primaryimage"},"thumbnailUrl":"https:\/\/fadeu.urantiacos.cl\/wp-content\/uploads\/2023\/09\/WEB_Puga_Velasco_Valparaiso_10.03.22.jpg","articleSection":["Sin categorizar"],"inLanguage":"en-US","potentialAction":[{"@type":"CommentAction","name":"Comment","target":["https:\/\/fadeu.urantiacos.cl\/en\/2022\/03\/14\/profesores-arq-uc-entre-los-ganadores-del-concurso-para-recuperar-el-palacio-subercaseaux\/#respond"]}]},{"@type":"WebPage","@id":"https:\/\/fadeu.urantiacos.cl\/en\/2022\/03\/14\/profesores-arq-uc-entre-los-ganadores-del-concurso-para-recuperar-el-palacio-subercaseaux\/","url":"https:\/\/fadeu.urantiacos.cl\/en\/2022\/03\/14\/profesores-arq-uc-entre-los-ganadores-del-concurso-para-recuperar-el-palacio-subercaseaux\/","name":"Profesores ARQ UC entre los ganadores del concurso para recuperar el Palacio Subercaseaux - Facultad de Arquitectura, Dise\u00f1o y Estudios Urbanos","isPartOf":{"@id":"https:\/\/fadeu.urantiacos.cl\/en\/#website"},"primaryImageOfPage":{"@id":"https:\/\/fadeu.urantiacos.cl\/en\/2022\/03\/14\/profesores-arq-uc-entre-los-ganadores-del-concurso-para-recuperar-el-palacio-subercaseaux\/#primaryimage"},"image":{"@id":"https:\/\/fadeu.urantiacos.cl\/en\/2022\/03\/14\/profesores-arq-uc-entre-los-ganadores-del-concurso-para-recuperar-el-palacio-subercaseaux\/#primaryimage"},"thumbnailUrl":"https:\/\/fadeu.urantiacos.cl\/wp-content\/uploads\/2023\/09\/WEB_Puga_Velasco_Valparaiso_10.03.22.jpg","datePublished":"2022-03-14T14:27:00+00:00","dateModified":"2023-09-06T14:33:32+00:00","author":{"@id":"https:\/\/fadeu.urantiacos.cl\/en\/#\/schema\/person\/d203e2e84b1c40275eac77b3061a19a2"},"description":"Las profesoras ARQ UC Cecilia Puga y Paula Velasco se adjudicaron el primer lugar, mientras los profesores ARQ UC Tom\u00e1s Villal\u00f3n y Alberto Moletto quedaron en segundo y tercer lugar, respectivamente.","breadcrumb":{"@id":"https:\/\/fadeu.urantiacos.cl\/en\/2022\/03\/14\/profesores-arq-uc-entre-los-ganadores-del-concurso-para-recuperar-el-palacio-subercaseaux\/#breadcrumb"},"inLanguage":"en-US","potentialAction":[{"@type":"ReadAction","target":["https:\/\/fadeu.urantiacos.cl\/en\/2022\/03\/14\/profesores-arq-uc-entre-los-ganadores-del-concurso-para-recuperar-el-palacio-subercaseaux\/"]}]},{"@type":"ImageObject","inLanguage":"en-US","@id":"https:\/\/fadeu.urantiacos.cl\/en\/2022\/03\/14\/profesores-arq-uc-entre-los-ganadores-del-concurso-para-recuperar-el-palacio-subercaseaux\/#primaryimage","url":"https:\/\/fadeu.urantiacos.cl\/wp-content\/uploads\/2023\/09\/WEB_Puga_Velasco_Valparaiso_10.03.22.jpg","contentUrl":"https:\/\/fadeu.urantiacos.cl\/wp-content\/uploads\/2023\/09\/WEB_Puga_Velasco_Valparaiso_10.03.22.jpg","width":350,"height":250},{"@type":"BreadcrumbList","@id":"https:\/\/fadeu.urantiacos.cl\/en\/2022\/03\/14\/profesores-arq-uc-entre-los-ganadores-del-concurso-para-recuperar-el-palacio-subercaseaux\/#breadcrumb","itemListElement":[{"@type":"ListItem","position":1,"name":"Portada","item":"https:\/\/fadeu.urantiacos.cl\/en\/"},{"@type":"ListItem","position":2,"name":"Profesores ARQ UC entre los ganadores del concurso para recuperar el Palacio Subercaseaux"}]},{"@type":"WebSite","@id":"https:\/\/fadeu.urantiacos.cl\/en\/#website","url":"https:\/\/fadeu.urantiacos.cl\/en\/","name":"Facultad de Arquitectura, Dise\u00f1o y Estudios Urbanos","description":"Campus Lo Contador","potentialAction":[{"@type":"SearchAction","target":{"@type":"EntryPoint","urlTemplate":"https:\/\/fadeu.urantiacos.cl\/en\/?s={search_term_string}"},"query-input":{"@type":"PropertyValueSpecification","valueRequired":true,"valueName":"search_term_string"}}],"inLanguage":"en-US"},{"@type":"Person","@id":"https:\/\/fadeu.urantiacos.cl\/en\/#\/schema\/person\/d203e2e84b1c40275eac77b3061a19a2","name":"manadmin","image":{"@type":"ImageObject","inLanguage":"en-US","@id":"https:\/\/fadeu.urantiacos.cl\/en\/#\/schema\/person\/image\/","url":"https:\/\/secure.gravatar.com\/avatar\/4b1d8e3303b4a9d8968ac578947d8bc80d9aea359f388cdd4aac15cadc0e8447?s=96&d=mm&r=g","contentUrl":"https:\/\/secure.gravatar.com\/avatar\/4b1d8e3303b4a9d8968ac578947d8bc80d9aea359f388cdd4aac15cadc0e8447?s=96&d=mm&r=g","caption":"manadmin"},"sameAs":["https:\/\/fadeu.urantiacos.cl"]}]}},"_links":{"self":[{"href":"https:\/\/fadeu.urantiacos.cl\/en\/wp-json\/wp\/v2\/posts\/5408","targetHints":{"allow":["GET"]}}],"collection":[{"href":"https:\/\/fadeu.urantiacos.cl\/en\/wp-json\/wp\/v2\/posts"}],"about":[{"href":"https:\/\/fadeu.urantiacos.cl\/en\/wp-json\/wp\/v2\/types\/post"}],"author":[{"embeddable":true,"href":"https:\/\/fadeu.urantiacos.cl\/en\/wp-json\/wp\/v2\/users\/1"}],"replies":[{"embeddable":true,"href":"https:\/\/fadeu.urantiacos.cl\/en\/wp-json\/wp\/v2\/comments?post=5408"}],"version-history":[{"count":1,"href":"https:\/\/fadeu.urantiacos.cl\/en\/wp-json\/wp\/v2\/posts\/5408\/revisions"}],"predecessor-version":[{"id":5417,"href":"https:\/\/fadeu.urantiacos.cl\/en\/wp-json\/wp\/v2\/posts\/5408\/revisions\/5417"}],"wp:featuredmedia":[{"embeddable":true,"href":"https:\/\/fadeu.urantiacos.cl\/en\/wp-json\/wp\/v2\/media\/5409"}],"wp:attachment":[{"href":"https:\/\/fadeu.urantiacos.cl\/en\/wp-json\/wp\/v2\/media?parent=5408"}],"wp:term":[{"taxonomy":"category","embeddable":true,"href":"https:\/\/fadeu.urantiacos.cl\/en\/wp-json\/wp\/v2\/categories?post=5408"},{"taxonomy":"post_tag","embeddable":true,"href":"https:\/\/fadeu.urantiacos.cl\/en\/wp-json\/wp\/v2\/tags?post=5408"}],"curies":[{"name":"wp","href":"https:\/\/api.w.org\/{rel}","templated":true}]}}