{"id":5405,"date":"2022-03-14T11:25:00","date_gmt":"2022-03-14T14:25:00","guid":{"rendered":"https:\/\/fadeu.urantiacos.cl\/?p=5405"},"modified":"2023-10-23T17:07:09","modified_gmt":"2023-10-23T20:07:09","slug":"se-lanzo-libro-que-recoge-la-recuperacion-del-palacio-pereira","status":"publish","type":"post","link":"https:\/\/fadeu.urantiacos.cl\/en\/2022\/03\/14\/se-lanzo-libro-que-recoge-la-recuperacion-del-palacio-pereira\/","title":{"rendered":"Se lanz\u00f3 libro que recoge la recuperaci\u00f3n del Palacio Pereira"},"content":{"rendered":"\n<figure class=\"wp-block-image size-full\"><img decoding=\"async\" width=\"350\" height=\"250\" src=\"https:\/\/fadeu.urantiacos.cl\/wp-content\/uploads\/2023\/09\/libro_palacio_pereira_1.jpg\" alt=\"\" class=\"wp-image-5406\" srcset=\"https:\/\/fadeu.urantiacos.cl\/wp-content\/uploads\/2023\/09\/libro_palacio_pereira_1.jpg 350w, https:\/\/fadeu.urantiacos.cl\/wp-content\/uploads\/2023\/09\/libro_palacio_pereira_1-300x214.jpg 300w\" sizes=\"(max-width: 350px) 100vw, 350px\" \/><\/figure>\n\n\n\n<p>La publicaci\u00f3n, en la que tambi\u00e9n participaron el arquitecto espa\u00f1ol Mois\u00e9s Puente y los profesores ARQ UC Emilio De la Cerda, Cecilia Puga, Paula Velasco, Alberto Moletto y Fernando P\u00e9rez, se lanz\u00f3 oficialmente el mi\u00e9rcoles 02 de marzo de 2022 en el mismo palacio, un espacio \u2014como indica la rese\u00f1a del libro\u2014 que \u201cluego de 150 a\u00f1os desde su construcci\u00f3n, vuelve a sumarse como protagonista de la cultura y la vida urbana de Santiago y Chile, ahora como un espacio abierto a la ciudadan\u00eda\u201d.<\/p>\n\n\n\n<p>El evento cont\u00f3 con la presencia de autoridades, tales como la ministra Consuelo Vald\u00e9s y el Subsecretario del Patrimonio Cultural y profesor ARQ UC Emilio de la Cerda; as\u00ed como el equipo del proyecto y los diferentes colaboradores en el libro.<\/p>\n\n\n\n<p>Durante la presentaci\u00f3n, Alejandro Crispiani \u2014quien tambi\u00e9n edit\u00f3 en 2014 la publicaci\u00f3n dedicada al concurso p\u00fablico internacional que dio pie a esta recuperaci\u00f3n\u2014 se\u00f1al\u00f3: \u201cUna de las caracter\u00edsticas de este libro, es que en rigor se trat\u00f3 de un trabajo de edici\u00f3n grupal, que se nutri\u00f3 de las ideas de muchas personas, tanto en lo relacionado a temas de contenido como de dise\u00f1o, gesti\u00f3n y de la naturaleza misma que el libro deb\u00eda tener\u201d.<\/p>\n\n\n\n<p>En esa l\u00ednea, y junto con agradecer al equipo de arquitectos \u2014Cecilia Puga, Paula Velasco, Alberto Moletto\u2014 y a todos quienes participaron de una u otra manera en esta edici\u00f3n, el profesor ARQ UC tambi\u00e9n enfatiz\u00f3: \u201cTodos los edificios, podr\u00edamos decir, nos dicen cosas constantemente, pero un monumento, como es el caso del Pereira, lo hace de una manera mucho mas densa y compleja\u201d. Con esa complejidad, que estaba en \u201ccada detalle, cada rinc\u00f3n, cada parte del edificio ya sea nuevo o viejo\u201d, se pens\u00f3 la publicaci\u00f3n \u201cen t\u00e9rminos de recorrido&nbsp;arquitect\u00f3nico, que llegara a un p\u00fablico amplio sin renunciar a cierta especificidad disciplinar\u201d.<\/p>\n\n\n\n<p>La realizaci\u00f3n de la publicaci\u00f3n fue posible, entre otras cosas, a la coordinaci\u00f3n de la Subsecretar\u00eda del Patrimonio Cultural, en conjunto con el equipo de arquitectura del proyecto, editores, el Ministerio de Obras P\u00fablicas y el Consejo de Monumentos Nacionales para la recopilaci\u00f3n de im\u00e1genes hist\u00f3ricas, planos y registros de la obra en construcci\u00f3n. Asimismo, cont\u00f3 con el apoyo y financiamiento del Consejo de Monumentos Nacionales, a trav\u00e9s de una licitaci\u00f3n p\u00fablica que se adjudic\u00f3 Ediciones ARQ.<\/p>\n\n\n\n<p>Por otro lado, tanto el libro como el lanzamiento han sido destacados en diferentes medios, entre ellos\u00a0<a href=\"https:\/\/www.litoralpress.cl\/paginaconsultas\/Servicios_NClip\/Get_Imagen_Pagina.aspx?LPKey=ZVM4RTUHRREEUH7F3NPJ4PYH7DE6REWZE2RFCGQW7KEA6RDANZ6Q\" target=\"_blank\" rel=\"noreferrer noopener\">El Mercurio<\/a>,\u00a0<a href=\"https:\/\/www.latercera.com\/culto\/2022\/03\/03\/lanzan-libro-bilingue-que-relata-el-proceso-de-restauracion-del-palacio-pereira\/\" target=\"_blank\" rel=\"noreferrer noopener\">La Tercera<\/a>\u00a0y\u00a0Radio Agricultura.<\/p>\n\n\n\n<p>Noticias<br>Contacto:&nbsp;<a href=\"mailto:redesarq@uc.cl\">redesarq@uc.cl<\/a>&nbsp;| +56 2 2354 7747<br>www.arquitectura.uc.cl&nbsp;<\/p>\n","protected":false},"excerpt":{"rendered":"<p>Editado por el profesor ARQ UC Alejandro Crispiani junto a Constanza Larach, Palacio Pereira: Conservaci\u00f3n y renovaci\u00f3n (Ediciones ARQ, 2022), aborda el proceso de restauraci\u00f3n del monumento con textos biling\u00fces y material gr\u00e1fico.<\/p>\n","protected":false},"author":1,"featured_media":5406,"comment_status":"open","ping_status":"open","sticky":false,"template":"","format":"standard","meta":{"_acf_changed":false,"footnotes":""},"categories":[1],"tags":[],"class_list":["post-5405","post","type-post","status-publish","format-standard","has-post-thumbnail","hentry","category-sin-categorizar"],"acf":[],"yoast_head":"<!-- This site is optimized with the Yoast SEO plugin v27.1.1 - https:\/\/yoast.com\/product\/yoast-seo-wordpress\/ -->\n<title>Se lanz\u00f3 libro que recoge la recuperaci\u00f3n del Palacio Pereira - Facultad de Arquitectura, Dise\u00f1o y Estudios Urbanos<\/title>\n<meta name=\"description\" content=\"Editado por el profesor ARQ UC Alejandro Crispiani junto a Constanza Larach, Palacio Pereira: Conservaci\u00f3n y renovaci\u00f3n (Ediciones ARQ, 2022), aborda el proceso de restauraci\u00f3n del monumento con textos biling\u00fces y material gr\u00e1fico.\" \/>\n<meta name=\"robots\" content=\"index, follow, max-snippet:-1, max-image-preview:large, max-video-preview:-1\" \/>\n<link rel=\"canonical\" href=\"https:\/\/fadeu.urantiacos.cl\/en\/2022\/03\/14\/se-lanzo-libro-que-recoge-la-recuperacion-del-palacio-pereira\/\" \/>\n<meta property=\"og:locale\" content=\"en_US\" \/>\n<meta property=\"og:type\" content=\"article\" \/>\n<meta property=\"og:title\" content=\"Se lanz\u00f3 libro que recoge la recuperaci\u00f3n del Palacio Pereira - Facultad de Arquitectura, Dise\u00f1o y Estudios Urbanos\" \/>\n<meta property=\"og:description\" content=\"Editado por el profesor ARQ UC Alejandro Crispiani junto a Constanza Larach, Palacio Pereira: Conservaci\u00f3n y renovaci\u00f3n (Ediciones ARQ, 2022), aborda el proceso de restauraci\u00f3n del monumento con textos biling\u00fces y material gr\u00e1fico.\" \/>\n<meta property=\"og:url\" content=\"https:\/\/fadeu.urantiacos.cl\/en\/2022\/03\/14\/se-lanzo-libro-que-recoge-la-recuperacion-del-palacio-pereira\/\" \/>\n<meta property=\"og:site_name\" content=\"Facultad de Arquitectura, Dise\u00f1o y Estudios Urbanos\" \/>\n<meta property=\"article:published_time\" content=\"2022-03-14T14:25:00+00:00\" \/>\n<meta property=\"article:modified_time\" content=\"2023-10-23T20:07:09+00:00\" \/>\n<meta property=\"og:image\" content=\"https:\/\/fadeu.urantiacos.cl\/wp-content\/uploads\/2023\/09\/libro_palacio_pereira_1.jpg\" \/>\n\t<meta property=\"og:image:width\" content=\"350\" \/>\n\t<meta property=\"og:image:height\" content=\"250\" \/>\n\t<meta property=\"og:image:type\" content=\"image\/jpeg\" \/>\n<meta name=\"author\" content=\"manadmin\" \/>\n<meta name=\"twitter:card\" content=\"summary_large_image\" \/>\n<meta name=\"twitter:label1\" content=\"Written by\" \/>\n\t<meta name=\"twitter:data1\" content=\"manadmin\" \/>\n\t<meta name=\"twitter:label2\" content=\"Est. reading time\" \/>\n\t<meta name=\"twitter:data2\" content=\"3 minutes\" \/>\n<script type=\"application\/ld+json\" class=\"yoast-schema-graph\">{\"@context\":\"https:\/\/schema.org\",\"@graph\":[{\"@type\":\"Article\",\"@id\":\"https:\/\/fadeu.urantiacos.cl\/en\/2022\/03\/14\/se-lanzo-libro-que-recoge-la-recuperacion-del-palacio-pereira\/#article\",\"isPartOf\":{\"@id\":\"https:\/\/fadeu.urantiacos.cl\/en\/2022\/03\/14\/se-lanzo-libro-que-recoge-la-recuperacion-del-palacio-pereira\/\"},\"author\":{\"name\":\"manadmin\",\"@id\":\"https:\/\/fadeu.urantiacos.cl\/en\/#\/schema\/person\/d203e2e84b1c40275eac77b3061a19a2\"},\"headline\":\"Se lanz\u00f3 libro que recoge la recuperaci\u00f3n del Palacio Pereira\",\"datePublished\":\"2022-03-14T14:25:00+00:00\",\"dateModified\":\"2023-10-23T20:07:09+00:00\",\"mainEntityOfPage\":{\"@id\":\"https:\/\/fadeu.urantiacos.cl\/en\/2022\/03\/14\/se-lanzo-libro-que-recoge-la-recuperacion-del-palacio-pereira\/\"},\"wordCount\":466,\"commentCount\":0,\"image\":{\"@id\":\"https:\/\/fadeu.urantiacos.cl\/en\/2022\/03\/14\/se-lanzo-libro-que-recoge-la-recuperacion-del-palacio-pereira\/#primaryimage\"},\"thumbnailUrl\":\"https:\/\/fadeu.urantiacos.cl\/wp-content\/uploads\/2023\/09\/libro_palacio_pereira_1.jpg\",\"articleSection\":[\"Sin categorizar\"],\"inLanguage\":\"en-US\",\"potentialAction\":[{\"@type\":\"CommentAction\",\"name\":\"Comment\",\"target\":[\"https:\/\/fadeu.urantiacos.cl\/en\/2022\/03\/14\/se-lanzo-libro-que-recoge-la-recuperacion-del-palacio-pereira\/#respond\"]}]},{\"@type\":\"WebPage\",\"@id\":\"https:\/\/fadeu.urantiacos.cl\/en\/2022\/03\/14\/se-lanzo-libro-que-recoge-la-recuperacion-del-palacio-pereira\/\",\"url\":\"https:\/\/fadeu.urantiacos.cl\/en\/2022\/03\/14\/se-lanzo-libro-que-recoge-la-recuperacion-del-palacio-pereira\/\",\"name\":\"Se lanz\u00f3 libro que recoge la recuperaci\u00f3n del Palacio Pereira - Facultad de Arquitectura, Dise\u00f1o y Estudios Urbanos\",\"isPartOf\":{\"@id\":\"https:\/\/fadeu.urantiacos.cl\/en\/#website\"},\"primaryImageOfPage\":{\"@id\":\"https:\/\/fadeu.urantiacos.cl\/en\/2022\/03\/14\/se-lanzo-libro-que-recoge-la-recuperacion-del-palacio-pereira\/#primaryimage\"},\"image\":{\"@id\":\"https:\/\/fadeu.urantiacos.cl\/en\/2022\/03\/14\/se-lanzo-libro-que-recoge-la-recuperacion-del-palacio-pereira\/#primaryimage\"},\"thumbnailUrl\":\"https:\/\/fadeu.urantiacos.cl\/wp-content\/uploads\/2023\/09\/libro_palacio_pereira_1.jpg\",\"datePublished\":\"2022-03-14T14:25:00+00:00\",\"dateModified\":\"2023-10-23T20:07:09+00:00\",\"author\":{\"@id\":\"https:\/\/fadeu.urantiacos.cl\/en\/#\/schema\/person\/d203e2e84b1c40275eac77b3061a19a2\"},\"description\":\"Editado por el profesor ARQ UC Alejandro Crispiani junto a Constanza Larach, Palacio Pereira: Conservaci\u00f3n y renovaci\u00f3n (Ediciones ARQ, 2022), aborda el proceso de restauraci\u00f3n del monumento con textos biling\u00fces y material gr\u00e1fico.\",\"breadcrumb\":{\"@id\":\"https:\/\/fadeu.urantiacos.cl\/en\/2022\/03\/14\/se-lanzo-libro-que-recoge-la-recuperacion-del-palacio-pereira\/#breadcrumb\"},\"inLanguage\":\"en-US\",\"potentialAction\":[{\"@type\":\"ReadAction\",\"target\":[\"https:\/\/fadeu.urantiacos.cl\/en\/2022\/03\/14\/se-lanzo-libro-que-recoge-la-recuperacion-del-palacio-pereira\/\"]}]},{\"@type\":\"ImageObject\",\"inLanguage\":\"en-US\",\"@id\":\"https:\/\/fadeu.urantiacos.cl\/en\/2022\/03\/14\/se-lanzo-libro-que-recoge-la-recuperacion-del-palacio-pereira\/#primaryimage\",\"url\":\"https:\/\/fadeu.urantiacos.cl\/wp-content\/uploads\/2023\/09\/libro_palacio_pereira_1.jpg\",\"contentUrl\":\"https:\/\/fadeu.urantiacos.cl\/wp-content\/uploads\/2023\/09\/libro_palacio_pereira_1.jpg\",\"width\":350,\"height\":250},{\"@type\":\"BreadcrumbList\",\"@id\":\"https:\/\/fadeu.urantiacos.cl\/en\/2022\/03\/14\/se-lanzo-libro-que-recoge-la-recuperacion-del-palacio-pereira\/#breadcrumb\",\"itemListElement\":[{\"@type\":\"ListItem\",\"position\":1,\"name\":\"Portada\",\"item\":\"https:\/\/fadeu.urantiacos.cl\/en\/\"},{\"@type\":\"ListItem\",\"position\":2,\"name\":\"Se lanz\u00f3 libro que recoge la recuperaci\u00f3n del Palacio Pereira\"}]},{\"@type\":\"WebSite\",\"@id\":\"https:\/\/fadeu.urantiacos.cl\/en\/#website\",\"url\":\"https:\/\/fadeu.urantiacos.cl\/en\/\",\"name\":\"Facultad de Arquitectura, Dise\u00f1o y Estudios Urbanos\",\"description\":\"Campus Lo Contador\",\"potentialAction\":[{\"@type\":\"SearchAction\",\"target\":{\"@type\":\"EntryPoint\",\"urlTemplate\":\"https:\/\/fadeu.urantiacos.cl\/en\/?s={search_term_string}\"},\"query-input\":{\"@type\":\"PropertyValueSpecification\",\"valueRequired\":true,\"valueName\":\"search_term_string\"}}],\"inLanguage\":\"en-US\"},{\"@type\":\"Person\",\"@id\":\"https:\/\/fadeu.urantiacos.cl\/en\/#\/schema\/person\/d203e2e84b1c40275eac77b3061a19a2\",\"name\":\"manadmin\",\"image\":{\"@type\":\"ImageObject\",\"inLanguage\":\"en-US\",\"@id\":\"https:\/\/fadeu.urantiacos.cl\/en\/#\/schema\/person\/image\/\",\"url\":\"https:\/\/secure.gravatar.com\/avatar\/4b1d8e3303b4a9d8968ac578947d8bc80d9aea359f388cdd4aac15cadc0e8447?s=96&d=mm&r=g\",\"contentUrl\":\"https:\/\/secure.gravatar.com\/avatar\/4b1d8e3303b4a9d8968ac578947d8bc80d9aea359f388cdd4aac15cadc0e8447?s=96&d=mm&r=g\",\"caption\":\"manadmin\"},\"sameAs\":[\"https:\/\/fadeu.urantiacos.cl\"]}]}<\/script>\n<!-- \/ Yoast SEO plugin. -->","yoast_head_json":{"title":"Se lanz\u00f3 libro que recoge la recuperaci\u00f3n del Palacio Pereira - Facultad de Arquitectura, Dise\u00f1o y Estudios Urbanos","description":"Editado por el profesor ARQ UC Alejandro Crispiani junto a Constanza Larach, Palacio Pereira: Conservaci\u00f3n y renovaci\u00f3n (Ediciones ARQ, 2022), aborda el proceso de restauraci\u00f3n del monumento con textos biling\u00fces y material gr\u00e1fico.","robots":{"index":"index","follow":"follow","max-snippet":"max-snippet:-1","max-image-preview":"max-image-preview:large","max-video-preview":"max-video-preview:-1"},"canonical":"https:\/\/fadeu.urantiacos.cl\/en\/2022\/03\/14\/se-lanzo-libro-que-recoge-la-recuperacion-del-palacio-pereira\/","og_locale":"en_US","og_type":"article","og_title":"Se lanz\u00f3 libro que recoge la recuperaci\u00f3n del Palacio Pereira - Facultad de Arquitectura, Dise\u00f1o y Estudios Urbanos","og_description":"Editado por el profesor ARQ UC Alejandro Crispiani junto a Constanza Larach, Palacio Pereira: Conservaci\u00f3n y renovaci\u00f3n (Ediciones ARQ, 2022), aborda el proceso de restauraci\u00f3n del monumento con textos biling\u00fces y material gr\u00e1fico.","og_url":"https:\/\/fadeu.urantiacos.cl\/en\/2022\/03\/14\/se-lanzo-libro-que-recoge-la-recuperacion-del-palacio-pereira\/","og_site_name":"Facultad de Arquitectura, Dise\u00f1o y Estudios Urbanos","article_published_time":"2022-03-14T14:25:00+00:00","article_modified_time":"2023-10-23T20:07:09+00:00","og_image":[{"width":350,"height":250,"url":"https:\/\/fadeu.urantiacos.cl\/wp-content\/uploads\/2023\/09\/libro_palacio_pereira_1.jpg","type":"image\/jpeg"}],"author":"manadmin","twitter_card":"summary_large_image","twitter_misc":{"Written by":"manadmin","Est. reading time":"3 minutes"},"schema":{"@context":"https:\/\/schema.org","@graph":[{"@type":"Article","@id":"https:\/\/fadeu.urantiacos.cl\/en\/2022\/03\/14\/se-lanzo-libro-que-recoge-la-recuperacion-del-palacio-pereira\/#article","isPartOf":{"@id":"https:\/\/fadeu.urantiacos.cl\/en\/2022\/03\/14\/se-lanzo-libro-que-recoge-la-recuperacion-del-palacio-pereira\/"},"author":{"name":"manadmin","@id":"https:\/\/fadeu.urantiacos.cl\/en\/#\/schema\/person\/d203e2e84b1c40275eac77b3061a19a2"},"headline":"Se lanz\u00f3 libro que recoge la recuperaci\u00f3n del Palacio Pereira","datePublished":"2022-03-14T14:25:00+00:00","dateModified":"2023-10-23T20:07:09+00:00","mainEntityOfPage":{"@id":"https:\/\/fadeu.urantiacos.cl\/en\/2022\/03\/14\/se-lanzo-libro-que-recoge-la-recuperacion-del-palacio-pereira\/"},"wordCount":466,"commentCount":0,"image":{"@id":"https:\/\/fadeu.urantiacos.cl\/en\/2022\/03\/14\/se-lanzo-libro-que-recoge-la-recuperacion-del-palacio-pereira\/#primaryimage"},"thumbnailUrl":"https:\/\/fadeu.urantiacos.cl\/wp-content\/uploads\/2023\/09\/libro_palacio_pereira_1.jpg","articleSection":["Sin categorizar"],"inLanguage":"en-US","potentialAction":[{"@type":"CommentAction","name":"Comment","target":["https:\/\/fadeu.urantiacos.cl\/en\/2022\/03\/14\/se-lanzo-libro-que-recoge-la-recuperacion-del-palacio-pereira\/#respond"]}]},{"@type":"WebPage","@id":"https:\/\/fadeu.urantiacos.cl\/en\/2022\/03\/14\/se-lanzo-libro-que-recoge-la-recuperacion-del-palacio-pereira\/","url":"https:\/\/fadeu.urantiacos.cl\/en\/2022\/03\/14\/se-lanzo-libro-que-recoge-la-recuperacion-del-palacio-pereira\/","name":"Se lanz\u00f3 libro que recoge la recuperaci\u00f3n del Palacio Pereira - Facultad de Arquitectura, Dise\u00f1o y Estudios Urbanos","isPartOf":{"@id":"https:\/\/fadeu.urantiacos.cl\/en\/#website"},"primaryImageOfPage":{"@id":"https:\/\/fadeu.urantiacos.cl\/en\/2022\/03\/14\/se-lanzo-libro-que-recoge-la-recuperacion-del-palacio-pereira\/#primaryimage"},"image":{"@id":"https:\/\/fadeu.urantiacos.cl\/en\/2022\/03\/14\/se-lanzo-libro-que-recoge-la-recuperacion-del-palacio-pereira\/#primaryimage"},"thumbnailUrl":"https:\/\/fadeu.urantiacos.cl\/wp-content\/uploads\/2023\/09\/libro_palacio_pereira_1.jpg","datePublished":"2022-03-14T14:25:00+00:00","dateModified":"2023-10-23T20:07:09+00:00","author":{"@id":"https:\/\/fadeu.urantiacos.cl\/en\/#\/schema\/person\/d203e2e84b1c40275eac77b3061a19a2"},"description":"Editado por el profesor ARQ UC Alejandro Crispiani junto a Constanza Larach, Palacio Pereira: Conservaci\u00f3n y renovaci\u00f3n (Ediciones ARQ, 2022), aborda el proceso de restauraci\u00f3n del monumento con textos biling\u00fces y material gr\u00e1fico.","breadcrumb":{"@id":"https:\/\/fadeu.urantiacos.cl\/en\/2022\/03\/14\/se-lanzo-libro-que-recoge-la-recuperacion-del-palacio-pereira\/#breadcrumb"},"inLanguage":"en-US","potentialAction":[{"@type":"ReadAction","target":["https:\/\/fadeu.urantiacos.cl\/en\/2022\/03\/14\/se-lanzo-libro-que-recoge-la-recuperacion-del-palacio-pereira\/"]}]},{"@type":"ImageObject","inLanguage":"en-US","@id":"https:\/\/fadeu.urantiacos.cl\/en\/2022\/03\/14\/se-lanzo-libro-que-recoge-la-recuperacion-del-palacio-pereira\/#primaryimage","url":"https:\/\/fadeu.urantiacos.cl\/wp-content\/uploads\/2023\/09\/libro_palacio_pereira_1.jpg","contentUrl":"https:\/\/fadeu.urantiacos.cl\/wp-content\/uploads\/2023\/09\/libro_palacio_pereira_1.jpg","width":350,"height":250},{"@type":"BreadcrumbList","@id":"https:\/\/fadeu.urantiacos.cl\/en\/2022\/03\/14\/se-lanzo-libro-que-recoge-la-recuperacion-del-palacio-pereira\/#breadcrumb","itemListElement":[{"@type":"ListItem","position":1,"name":"Portada","item":"https:\/\/fadeu.urantiacos.cl\/en\/"},{"@type":"ListItem","position":2,"name":"Se lanz\u00f3 libro que recoge la recuperaci\u00f3n del Palacio Pereira"}]},{"@type":"WebSite","@id":"https:\/\/fadeu.urantiacos.cl\/en\/#website","url":"https:\/\/fadeu.urantiacos.cl\/en\/","name":"Facultad de Arquitectura, Dise\u00f1o y Estudios Urbanos","description":"Campus Lo Contador","potentialAction":[{"@type":"SearchAction","target":{"@type":"EntryPoint","urlTemplate":"https:\/\/fadeu.urantiacos.cl\/en\/?s={search_term_string}"},"query-input":{"@type":"PropertyValueSpecification","valueRequired":true,"valueName":"search_term_string"}}],"inLanguage":"en-US"},{"@type":"Person","@id":"https:\/\/fadeu.urantiacos.cl\/en\/#\/schema\/person\/d203e2e84b1c40275eac77b3061a19a2","name":"manadmin","image":{"@type":"ImageObject","inLanguage":"en-US","@id":"https:\/\/fadeu.urantiacos.cl\/en\/#\/schema\/person\/image\/","url":"https:\/\/secure.gravatar.com\/avatar\/4b1d8e3303b4a9d8968ac578947d8bc80d9aea359f388cdd4aac15cadc0e8447?s=96&d=mm&r=g","contentUrl":"https:\/\/secure.gravatar.com\/avatar\/4b1d8e3303b4a9d8968ac578947d8bc80d9aea359f388cdd4aac15cadc0e8447?s=96&d=mm&r=g","caption":"manadmin"},"sameAs":["https:\/\/fadeu.urantiacos.cl"]}]}},"_links":{"self":[{"href":"https:\/\/fadeu.urantiacos.cl\/en\/wp-json\/wp\/v2\/posts\/5405","targetHints":{"allow":["GET"]}}],"collection":[{"href":"https:\/\/fadeu.urantiacos.cl\/en\/wp-json\/wp\/v2\/posts"}],"about":[{"href":"https:\/\/fadeu.urantiacos.cl\/en\/wp-json\/wp\/v2\/types\/post"}],"author":[{"embeddable":true,"href":"https:\/\/fadeu.urantiacos.cl\/en\/wp-json\/wp\/v2\/users\/1"}],"replies":[{"embeddable":true,"href":"https:\/\/fadeu.urantiacos.cl\/en\/wp-json\/wp\/v2\/comments?post=5405"}],"version-history":[{"count":2,"href":"https:\/\/fadeu.urantiacos.cl\/en\/wp-json\/wp\/v2\/posts\/5405\/revisions"}],"predecessor-version":[{"id":17665,"href":"https:\/\/fadeu.urantiacos.cl\/en\/wp-json\/wp\/v2\/posts\/5405\/revisions\/17665"}],"wp:featuredmedia":[{"embeddable":true,"href":"https:\/\/fadeu.urantiacos.cl\/en\/wp-json\/wp\/v2\/media\/5406"}],"wp:attachment":[{"href":"https:\/\/fadeu.urantiacos.cl\/en\/wp-json\/wp\/v2\/media?parent=5405"}],"wp:term":[{"taxonomy":"category","embeddable":true,"href":"https:\/\/fadeu.urantiacos.cl\/en\/wp-json\/wp\/v2\/categories?post=5405"},{"taxonomy":"post_tag","embeddable":true,"href":"https:\/\/fadeu.urantiacos.cl\/en\/wp-json\/wp\/v2\/tags?post=5405"}],"curies":[{"name":"wp","href":"https:\/\/api.w.org\/{rel}","templated":true}]}}