{"id":5394,"date":"2022-03-14T11:16:00","date_gmt":"2022-03-14T14:16:00","guid":{"rendered":"https:\/\/fadeu.urantiacos.cl\/?p=5394"},"modified":"2023-09-06T11:21:04","modified_gmt":"2023-09-06T14:21:04","slug":"casa-central-lanzan-libro-sobre-monumentos-publicos","status":"publish","type":"post","link":"https:\/\/fadeu.urantiacos.cl\/en\/2022\/03\/14\/casa-central-lanzan-libro-sobre-monumentos-publicos\/","title":{"rendered":"Casa Central: lanzan libro sobre Monumentos P\u00fablicos"},"content":{"rendered":"\n<figure class=\"wp-block-image size-full\"><img decoding=\"async\" width=\"350\" height=\"250\" src=\"https:\/\/fadeu.urantiacos.cl\/wp-content\/uploads\/2023\/09\/WEB_1646962557615.jpg\" alt=\"\" class=\"wp-image-5395\" srcset=\"https:\/\/fadeu.urantiacos.cl\/wp-content\/uploads\/2023\/09\/WEB_1646962557615.jpg 350w, https:\/\/fadeu.urantiacos.cl\/wp-content\/uploads\/2023\/09\/WEB_1646962557615-300x214.jpg 300w\" sizes=\"(max-width: 350px) 100vw, 350px\" \/><\/figure>\n\n\n\n<p>El libro es el resultado de un trabajo conjunto y mancomunado de la Subsecretar\u00eda del Patrimonio Cultural, la Secretar\u00eda T\u00e9cnica del Consejo de Monumentos Nacionales y el Centro del Patrimonio Cultural de la PUC, que se ha ocupado de convocar distintas miradas y reflexiones sobre monumentos y su influencia en la sociedad actual y futura.<\/p>\n\n\n\n<p>Como sostiene un comunicado p\u00fablico del Ministerio de las Culturas, las Artes y el Patrimonio, se trata de un texto que \u201cbrinda nuevos enfoques y aproximaciones al debate, aportando a la divulgaci\u00f3n y a los procesos de puesta en valor de estos bienes patrimoniales. Entendidos como artefactos art\u00edsticos e hist\u00f3ricos, los monumentos buscan representar a personajes o eventos del pasado, cuya memoria valdr\u00eda la pena recordar. Muchos de estos objetos conmemorativos que permanecen est\u00e1ticos y perseverantes en el espacio p\u00fablico, frente a avatares geogr\u00e1ficos y culturales. Esta publicaci\u00f3n est\u00e1 orientada a generar un mayor entendimiento de los monumentos p\u00fablicos como bienes que contribuyen a la construcci\u00f3n de ciudades y ciudadan\u00edas, y el rol presente y futuro de estos patrimonios en relaci\u00f3n con sus comunidades y entornos donde se sit\u00faan\u201d.<\/p>\n\n\n\n<p>Para el Subsecretario de Patrimonio Cultural, Emilio De la Cerda \u201ceste libro reflexiona y debate sobre estos hitos del paisaje urbano y la vida material, hist\u00f3rica y urbana. As\u00ed, el conocimiento y mirada sobre los monumentos se ampl\u00eda, dando espacio a otras interpretaciones y propuestas sobre su dimensi\u00f3n social y simb\u00f3lica, evidenciando las tensiones y buscando el di\u00e1logo en torno a estos espacios con diversas historias, comunidades y valores asociados\u201d.<\/p>\n\n\n\n<p>El director del Centro del Patrimonio Cultural UC, Umberto Bonomo, agradeci\u00f3 a la Subsecretar\u00eda del Patrimonio Cultural y tambi\u00e9n a la Vicerrector\u00eda de Comunicaciones y a Ediciones UC por la colaboraci\u00f3n para generar un nuevo espacio de debate en torno al patrimonio. \u201cEsta publicaci\u00f3n es un genuino espacio para la reflexi\u00f3n sobre los monumentos p\u00fablicos, como una voz m\u00e1s que se manifiesta respecto de este tema\u201d.<\/p>\n\n\n\n<p>\u201cHemos decidido enfrentar la dif\u00edcil tarea de escribir sobre monumentos p\u00fablicos en Chile construyendo una bater\u00eda de preguntas, dudas, reflexiones y uniendo diferentes conocimientos disciplinares y opiniones pol\u00edticas, lo que representa una complejidad \u00fanica y enriquecedora para abordar estas tem\u00e1ticas\u201d, agreg\u00f3 Bonomo, advirtiendo que \u201clos monumentos nos recuerdan como sociedad que tenemos el deber \u00e9tico y moral de generar espacios democr\u00e1ticos de debate y de reflexi\u00f3n hist\u00f3rica y social\u201d.<\/p>\n\n\n\n<p>Si te interesa adquirir el libro puedes encontrarlo en librer\u00edas y en Ediciones UC (<a href=\"https:\/\/ediciones.uc.cl\/\">https:\/\/ediciones.uc.cl\/<\/a>).<\/p>\n\n\n\n<p><strong>Libro<\/strong><\/p>\n\n\n\n<p>Entre los trabajos que se presentan, se encuentra \u201cMonumentos como patrimonio urbano\u201d de Michele Bogart, acad\u00e9mica estadounidense que reflexiona sobre la importancia de los monumentos, planteando c\u00f3mo un mejor entendimiento de la historia y circunstancias de su aparici\u00f3n y permanencia en el espacio p\u00fablico puede aportar al creciente cuestionamiento y problematizaci\u00f3n del papel y la representatividad de este tipo de patrimonio en el espacio p\u00fablico. Este art\u00edculo surge de la charla magistral dictada por Bogart el 7 de octubre de 2020, organizada por el Mag\u00edster en Patrimonio Cultural y el Centro del Patrimonio Cultural, ambos de la Pontificia Universidad Cat\u00f3lica de Chile.<\/p>\n\n\n\n<p>Junto a ella, la artista visual y poeta chilena Cecilia Vicu\u00f1a presenta \u201cMonu-mental\u201d, donde invita a reflexionar sobre el sentido y resonancia de los monumentos p\u00fablicos en la trayectoria hist\u00f3rica y contexto del Chile actual, as\u00ed como su potencial de resignificaci\u00f3n y de futuro, a partir de la etimolog\u00eda, historia y significados atribuidos a la palabra monumento.<\/p>\n\n\n\n<p>Por otra parte, el acad\u00e9mico y artista espa\u00f1ol y estadounidense Jorge Otero-Pailos, presenta \u201cPreservaci\u00f3n experimental y dinamismo social del patrimonio\u201d, donde aborda diversas reflexiones y proyectos conducidos por \u00e9l en relaci\u00f3n a la preservaci\u00f3n de objetos culturalmente significativos, a partir del giro que ha tenido lugar en la teor\u00eda tradicional de la conservaci\u00f3n y que se ha denominado \u201cpreservaci\u00f3n experimental\u201d. Este trabajo surge de la charla magistral dictada por Otero-Pailos el 8 enero de 2020 en el Museo Nacional de Bellas Artes de Chile (MNBA), actividad seguida de un conversatorio en el que participaron el director del MNBA, el arquitecto Fernando P\u00e9rez, y el Subsecretario del Patrimonio Cultural, Emilio De la Cerda.<\/p>\n\n\n\n<p>Junto a las reflexiones escritas, la publicaci\u00f3n convoca a diversos artistas chilenos que desde las artes visuales aportan a este \u00e1mbito de discusi\u00f3n y creaci\u00f3n. Entre ellos, a Pilar Quinteros, cuyo trabajo combina el dibujo, el volumen, la performance y el video, quien participa con las obras Reconstrucci\u00f3n Estaci\u00f3n Pirque (2010) y Tigres Prestidigitadores (2019). Adem\u00e1s, se encuentra presente el trabajo de Andr\u00e9s Dur\u00e1n, artista y docente, quien expone dos de sus obras: Monumento Editado. Chile- Per\u00fa-Bolivia-Argentina (2014-2019) y La sombra interior de las formas (2020 \u2013 en proceso). Finalmente se incorporan las obras Hyst\u00e9rie (2016) y Ornamento (2014) de Luis Montes, escultor y acad\u00e9mico del Departamento de Artes Visuales de la Universidad de Chile.<\/p>\n\n\n\n<p>La publicaci\u00f3n cierra con el trabajo \u201cBaquedano, una cuesti\u00f3n de piel\u201d, de Emilio De la Cerda. En \u00e9l, el subsecretario del Patrimonio Cultural y Presidente del Consejo de Monumentos Nacionales se aproxima al monumento al General Baquedano entendi\u00e9ndolo como un \u201cpararrayos de sentido\u201d, que cristaliza causas de diversa \u00edndole, sean acontecimientos pol\u00edticos, celebraciones deportivas, protestas, performances art\u00edsticas, ornato p\u00fablico, fiestas nacionales, reivindicaciones de minor\u00edas o discursos urbanos. Desde esa mirada, describe a modo de cr\u00f3nica los avatares experimentados por la escultura ecuestre en los \u00faltimos a\u00f1os, as\u00ed como el proceso de restauraci\u00f3n en el que se encuentra sometido, entendido como un proceso embebido de sentido hist\u00f3rico y pol\u00edtico. Esto condujo al trabajo de recuperaci\u00f3n no solo del bronce, sino tambi\u00e9n de la costra de pigmentos y adherencias que con el tiempo fueron conformando una especie de piel en el monumento a Baquedano.<\/p>\n\n\n\n<p>(Fuente: Ministerio de las Culturas, Las Artes y el Patrimonio)<\/p>\n\n\n\n<figure class=\"wp-block-image size-large\"><img decoding=\"async\" width=\"1024\" height=\"576\" src=\"https:\/\/fadeu.urantiacos.cl\/wp-content\/uploads\/2023\/09\/1646962557386-1024x576.jpg\" alt=\"\" class=\"wp-image-5396\" srcset=\"https:\/\/fadeu.urantiacos.cl\/wp-content\/uploads\/2023\/09\/1646962557386-1024x576.jpg 1024w, https:\/\/fadeu.urantiacos.cl\/wp-content\/uploads\/2023\/09\/1646962557386-300x169.jpg 300w, https:\/\/fadeu.urantiacos.cl\/wp-content\/uploads\/2023\/09\/1646962557386-768x432.jpg 768w, https:\/\/fadeu.urantiacos.cl\/wp-content\/uploads\/2023\/09\/1646962557386-1536x864.jpg 1536w, https:\/\/fadeu.urantiacos.cl\/wp-content\/uploads\/2023\/09\/1646962557386-2048x1152.jpg 2048w, https:\/\/fadeu.urantiacos.cl\/wp-content\/uploads\/2023\/09\/1646962557386-scaled.jpg 1600w\" sizes=\"(max-width: 1024px) 100vw, 1024px\" \/><\/figure>\n\n\n\n<figure class=\"wp-block-image size-large\"><img decoding=\"async\" width=\"1024\" height=\"768\" src=\"https:\/\/fadeu.urantiacos.cl\/wp-content\/uploads\/2023\/09\/1646962557615-1024x768.jpg\" alt=\"\" class=\"wp-image-5397\" srcset=\"https:\/\/fadeu.urantiacos.cl\/wp-content\/uploads\/2023\/09\/1646962557615-1024x768.jpg 1024w, https:\/\/fadeu.urantiacos.cl\/wp-content\/uploads\/2023\/09\/1646962557615-300x225.jpg 300w, https:\/\/fadeu.urantiacos.cl\/wp-content\/uploads\/2023\/09\/1646962557615-768x576.jpg 768w, https:\/\/fadeu.urantiacos.cl\/wp-content\/uploads\/2023\/09\/1646962557615-1536x1152.jpg 1536w, https:\/\/fadeu.urantiacos.cl\/wp-content\/uploads\/2023\/09\/1646962557615.jpg 1600w\" sizes=\"(max-width: 1024px) 100vw, 1024px\" \/><\/figure>\n","protected":false},"excerpt":{"rendered":"<p>La Casa Central de la Pontificia Universidad Cat\u00f3lica fue el escenario escogido para el lanzamiento del libro Sobre Monumentos P\u00fablicos, editado por Ediciones UC, instancia que fue presidida por el Subsecretario del Patrimonio Cultural y profesor de la escuela de Arquitectura UC, Emilio de la Cerda; el director del Centro del Patrimonio Cultural UC, Umberto Bonomo; y la directora de Ediciones UC, Mar\u00eda Ang\u00e9lica Zegers.<\/p>\n","protected":false},"author":1,"featured_media":5395,"comment_status":"open","ping_status":"open","sticky":false,"template":"","format":"standard","meta":{"_acf_changed":false,"footnotes":""},"categories":[1],"tags":[],"class_list":["post-5394","post","type-post","status-publish","format-standard","has-post-thumbnail","hentry","category-sin-categorizar"],"acf":[],"yoast_head":"<!-- This site is optimized with the Yoast SEO plugin v27.1.1 - https:\/\/yoast.com\/product\/yoast-seo-wordpress\/ -->\n<title>Casa Central: lanzan libro sobre Monumentos P\u00fablicos - Facultad de Arquitectura, Dise\u00f1o y Estudios Urbanos<\/title>\n<meta name=\"description\" content=\"La Casa Central de la Pontificia Universidad Cat\u00f3lica fue el escenario escogido para el lanzamiento del libro Sobre Monumentos P\u00fablicos, editado por Ediciones UC, instancia que fue presidida por el Subsecretario del Patrimonio Cultural y profesor de la escuela de Arquitectura UC, Emilio de la Cerda; el director del Centro del Patrimonio Cultural UC, Umberto Bonomo; y la directora de Ediciones UC, Mar\u00eda Ang\u00e9lica Zegers.\" \/>\n<meta name=\"robots\" content=\"index, follow, max-snippet:-1, max-image-preview:large, max-video-preview:-1\" \/>\n<link rel=\"canonical\" href=\"https:\/\/fadeu.urantiacos.cl\/en\/2022\/03\/14\/casa-central-lanzan-libro-sobre-monumentos-publicos\/\" \/>\n<meta property=\"og:locale\" content=\"en_US\" \/>\n<meta property=\"og:type\" content=\"article\" \/>\n<meta property=\"og:title\" content=\"Casa Central: lanzan libro sobre Monumentos P\u00fablicos - Facultad de Arquitectura, Dise\u00f1o y Estudios Urbanos\" \/>\n<meta property=\"og:description\" content=\"La Casa Central de la Pontificia Universidad Cat\u00f3lica fue el escenario escogido para el lanzamiento del libro Sobre Monumentos P\u00fablicos, editado por Ediciones UC, instancia que fue presidida por el Subsecretario del Patrimonio Cultural y profesor de la escuela de Arquitectura UC, Emilio de la Cerda; el director del Centro del Patrimonio Cultural UC, Umberto Bonomo; y la directora de Ediciones UC, Mar\u00eda Ang\u00e9lica Zegers.\" \/>\n<meta property=\"og:url\" content=\"https:\/\/fadeu.urantiacos.cl\/en\/2022\/03\/14\/casa-central-lanzan-libro-sobre-monumentos-publicos\/\" \/>\n<meta property=\"og:site_name\" content=\"Facultad de Arquitectura, Dise\u00f1o y Estudios Urbanos\" \/>\n<meta property=\"article:published_time\" content=\"2022-03-14T14:16:00+00:00\" \/>\n<meta property=\"article:modified_time\" content=\"2023-09-06T14:21:04+00:00\" \/>\n<meta property=\"og:image\" content=\"https:\/\/fadeu.urantiacos.cl\/wp-content\/uploads\/2023\/09\/WEB_1646962557615.jpg\" \/>\n\t<meta property=\"og:image:width\" content=\"350\" \/>\n\t<meta property=\"og:image:height\" content=\"250\" \/>\n\t<meta property=\"og:image:type\" content=\"image\/jpeg\" \/>\n<meta name=\"author\" content=\"manadmin\" \/>\n<meta name=\"twitter:card\" content=\"summary_large_image\" \/>\n<meta name=\"twitter:label1\" content=\"Written by\" \/>\n\t<meta name=\"twitter:data1\" content=\"manadmin\" \/>\n\t<meta name=\"twitter:label2\" content=\"Est. reading time\" \/>\n\t<meta name=\"twitter:data2\" content=\"5 minutes\" \/>\n<script type=\"application\/ld+json\" class=\"yoast-schema-graph\">{\"@context\":\"https:\/\/schema.org\",\"@graph\":[{\"@type\":\"Article\",\"@id\":\"https:\/\/fadeu.urantiacos.cl\/en\/2022\/03\/14\/casa-central-lanzan-libro-sobre-monumentos-publicos\/#article\",\"isPartOf\":{\"@id\":\"https:\/\/fadeu.urantiacos.cl\/en\/2022\/03\/14\/casa-central-lanzan-libro-sobre-monumentos-publicos\/\"},\"author\":{\"name\":\"manadmin\",\"@id\":\"https:\/\/fadeu.urantiacos.cl\/en\/#\/schema\/person\/d203e2e84b1c40275eac77b3061a19a2\"},\"headline\":\"Casa Central: lanzan libro sobre Monumentos P\u00fablicos\",\"datePublished\":\"2022-03-14T14:16:00+00:00\",\"dateModified\":\"2023-09-06T14:21:04+00:00\",\"mainEntityOfPage\":{\"@id\":\"https:\/\/fadeu.urantiacos.cl\/en\/2022\/03\/14\/casa-central-lanzan-libro-sobre-monumentos-publicos\/\"},\"wordCount\":1031,\"commentCount\":0,\"image\":{\"@id\":\"https:\/\/fadeu.urantiacos.cl\/en\/2022\/03\/14\/casa-central-lanzan-libro-sobre-monumentos-publicos\/#primaryimage\"},\"thumbnailUrl\":\"https:\/\/fadeu.urantiacos.cl\/wp-content\/uploads\/2023\/09\/WEB_1646962557615.jpg\",\"articleSection\":[\"Sin categorizar\"],\"inLanguage\":\"en-US\",\"potentialAction\":[{\"@type\":\"CommentAction\",\"name\":\"Comment\",\"target\":[\"https:\/\/fadeu.urantiacos.cl\/en\/2022\/03\/14\/casa-central-lanzan-libro-sobre-monumentos-publicos\/#respond\"]}]},{\"@type\":\"WebPage\",\"@id\":\"https:\/\/fadeu.urantiacos.cl\/en\/2022\/03\/14\/casa-central-lanzan-libro-sobre-monumentos-publicos\/\",\"url\":\"https:\/\/fadeu.urantiacos.cl\/en\/2022\/03\/14\/casa-central-lanzan-libro-sobre-monumentos-publicos\/\",\"name\":\"Casa Central: lanzan libro sobre Monumentos P\u00fablicos - Facultad de Arquitectura, Dise\u00f1o y Estudios Urbanos\",\"isPartOf\":{\"@id\":\"https:\/\/fadeu.urantiacos.cl\/en\/#website\"},\"primaryImageOfPage\":{\"@id\":\"https:\/\/fadeu.urantiacos.cl\/en\/2022\/03\/14\/casa-central-lanzan-libro-sobre-monumentos-publicos\/#primaryimage\"},\"image\":{\"@id\":\"https:\/\/fadeu.urantiacos.cl\/en\/2022\/03\/14\/casa-central-lanzan-libro-sobre-monumentos-publicos\/#primaryimage\"},\"thumbnailUrl\":\"https:\/\/fadeu.urantiacos.cl\/wp-content\/uploads\/2023\/09\/WEB_1646962557615.jpg\",\"datePublished\":\"2022-03-14T14:16:00+00:00\",\"dateModified\":\"2023-09-06T14:21:04+00:00\",\"author\":{\"@id\":\"https:\/\/fadeu.urantiacos.cl\/en\/#\/schema\/person\/d203e2e84b1c40275eac77b3061a19a2\"},\"description\":\"La Casa Central de la Pontificia Universidad Cat\u00f3lica fue el escenario escogido para el lanzamiento del libro Sobre Monumentos P\u00fablicos, editado por Ediciones UC, instancia que fue presidida por el Subsecretario del Patrimonio Cultural y profesor de la escuela de Arquitectura UC, Emilio de la Cerda; el director del Centro del Patrimonio Cultural UC, Umberto Bonomo; y la directora de Ediciones UC, Mar\u00eda Ang\u00e9lica Zegers.\",\"breadcrumb\":{\"@id\":\"https:\/\/fadeu.urantiacos.cl\/en\/2022\/03\/14\/casa-central-lanzan-libro-sobre-monumentos-publicos\/#breadcrumb\"},\"inLanguage\":\"en-US\",\"potentialAction\":[{\"@type\":\"ReadAction\",\"target\":[\"https:\/\/fadeu.urantiacos.cl\/en\/2022\/03\/14\/casa-central-lanzan-libro-sobre-monumentos-publicos\/\"]}]},{\"@type\":\"ImageObject\",\"inLanguage\":\"en-US\",\"@id\":\"https:\/\/fadeu.urantiacos.cl\/en\/2022\/03\/14\/casa-central-lanzan-libro-sobre-monumentos-publicos\/#primaryimage\",\"url\":\"https:\/\/fadeu.urantiacos.cl\/wp-content\/uploads\/2023\/09\/WEB_1646962557615.jpg\",\"contentUrl\":\"https:\/\/fadeu.urantiacos.cl\/wp-content\/uploads\/2023\/09\/WEB_1646962557615.jpg\",\"width\":350,\"height\":250},{\"@type\":\"BreadcrumbList\",\"@id\":\"https:\/\/fadeu.urantiacos.cl\/en\/2022\/03\/14\/casa-central-lanzan-libro-sobre-monumentos-publicos\/#breadcrumb\",\"itemListElement\":[{\"@type\":\"ListItem\",\"position\":1,\"name\":\"Portada\",\"item\":\"https:\/\/fadeu.urantiacos.cl\/en\/\"},{\"@type\":\"ListItem\",\"position\":2,\"name\":\"Casa Central: lanzan libro sobre Monumentos P\u00fablicos\"}]},{\"@type\":\"WebSite\",\"@id\":\"https:\/\/fadeu.urantiacos.cl\/en\/#website\",\"url\":\"https:\/\/fadeu.urantiacos.cl\/en\/\",\"name\":\"Facultad de Arquitectura, Dise\u00f1o y Estudios Urbanos\",\"description\":\"Campus Lo Contador\",\"potentialAction\":[{\"@type\":\"SearchAction\",\"target\":{\"@type\":\"EntryPoint\",\"urlTemplate\":\"https:\/\/fadeu.urantiacos.cl\/en\/?s={search_term_string}\"},\"query-input\":{\"@type\":\"PropertyValueSpecification\",\"valueRequired\":true,\"valueName\":\"search_term_string\"}}],\"inLanguage\":\"en-US\"},{\"@type\":\"Person\",\"@id\":\"https:\/\/fadeu.urantiacos.cl\/en\/#\/schema\/person\/d203e2e84b1c40275eac77b3061a19a2\",\"name\":\"manadmin\",\"image\":{\"@type\":\"ImageObject\",\"inLanguage\":\"en-US\",\"@id\":\"https:\/\/fadeu.urantiacos.cl\/en\/#\/schema\/person\/image\/\",\"url\":\"https:\/\/secure.gravatar.com\/avatar\/4b1d8e3303b4a9d8968ac578947d8bc80d9aea359f388cdd4aac15cadc0e8447?s=96&d=mm&r=g\",\"contentUrl\":\"https:\/\/secure.gravatar.com\/avatar\/4b1d8e3303b4a9d8968ac578947d8bc80d9aea359f388cdd4aac15cadc0e8447?s=96&d=mm&r=g\",\"caption\":\"manadmin\"},\"sameAs\":[\"https:\/\/fadeu.urantiacos.cl\"]}]}<\/script>\n<!-- \/ Yoast SEO plugin. -->","yoast_head_json":{"title":"Casa Central: lanzan libro sobre Monumentos P\u00fablicos - Facultad de Arquitectura, Dise\u00f1o y Estudios Urbanos","description":"La Casa Central de la Pontificia Universidad Cat\u00f3lica fue el escenario escogido para el lanzamiento del libro Sobre Monumentos P\u00fablicos, editado por Ediciones UC, instancia que fue presidida por el Subsecretario del Patrimonio Cultural y profesor de la escuela de Arquitectura UC, Emilio de la Cerda; el director del Centro del Patrimonio Cultural UC, Umberto Bonomo; y la directora de Ediciones UC, Mar\u00eda Ang\u00e9lica Zegers.","robots":{"index":"index","follow":"follow","max-snippet":"max-snippet:-1","max-image-preview":"max-image-preview:large","max-video-preview":"max-video-preview:-1"},"canonical":"https:\/\/fadeu.urantiacos.cl\/en\/2022\/03\/14\/casa-central-lanzan-libro-sobre-monumentos-publicos\/","og_locale":"en_US","og_type":"article","og_title":"Casa Central: lanzan libro sobre Monumentos P\u00fablicos - Facultad de Arquitectura, Dise\u00f1o y Estudios Urbanos","og_description":"La Casa Central de la Pontificia Universidad Cat\u00f3lica fue el escenario escogido para el lanzamiento del libro Sobre Monumentos P\u00fablicos, editado por Ediciones UC, instancia que fue presidida por el Subsecretario del Patrimonio Cultural y profesor de la escuela de Arquitectura UC, Emilio de la Cerda; el director del Centro del Patrimonio Cultural UC, Umberto Bonomo; y la directora de Ediciones UC, Mar\u00eda Ang\u00e9lica Zegers.","og_url":"https:\/\/fadeu.urantiacos.cl\/en\/2022\/03\/14\/casa-central-lanzan-libro-sobre-monumentos-publicos\/","og_site_name":"Facultad de Arquitectura, Dise\u00f1o y Estudios Urbanos","article_published_time":"2022-03-14T14:16:00+00:00","article_modified_time":"2023-09-06T14:21:04+00:00","og_image":[{"width":350,"height":250,"url":"https:\/\/fadeu.urantiacos.cl\/wp-content\/uploads\/2023\/09\/WEB_1646962557615.jpg","type":"image\/jpeg"}],"author":"manadmin","twitter_card":"summary_large_image","twitter_misc":{"Written by":"manadmin","Est. reading time":"5 minutes"},"schema":{"@context":"https:\/\/schema.org","@graph":[{"@type":"Article","@id":"https:\/\/fadeu.urantiacos.cl\/en\/2022\/03\/14\/casa-central-lanzan-libro-sobre-monumentos-publicos\/#article","isPartOf":{"@id":"https:\/\/fadeu.urantiacos.cl\/en\/2022\/03\/14\/casa-central-lanzan-libro-sobre-monumentos-publicos\/"},"author":{"name":"manadmin","@id":"https:\/\/fadeu.urantiacos.cl\/en\/#\/schema\/person\/d203e2e84b1c40275eac77b3061a19a2"},"headline":"Casa Central: lanzan libro sobre Monumentos P\u00fablicos","datePublished":"2022-03-14T14:16:00+00:00","dateModified":"2023-09-06T14:21:04+00:00","mainEntityOfPage":{"@id":"https:\/\/fadeu.urantiacos.cl\/en\/2022\/03\/14\/casa-central-lanzan-libro-sobre-monumentos-publicos\/"},"wordCount":1031,"commentCount":0,"image":{"@id":"https:\/\/fadeu.urantiacos.cl\/en\/2022\/03\/14\/casa-central-lanzan-libro-sobre-monumentos-publicos\/#primaryimage"},"thumbnailUrl":"https:\/\/fadeu.urantiacos.cl\/wp-content\/uploads\/2023\/09\/WEB_1646962557615.jpg","articleSection":["Sin categorizar"],"inLanguage":"en-US","potentialAction":[{"@type":"CommentAction","name":"Comment","target":["https:\/\/fadeu.urantiacos.cl\/en\/2022\/03\/14\/casa-central-lanzan-libro-sobre-monumentos-publicos\/#respond"]}]},{"@type":"WebPage","@id":"https:\/\/fadeu.urantiacos.cl\/en\/2022\/03\/14\/casa-central-lanzan-libro-sobre-monumentos-publicos\/","url":"https:\/\/fadeu.urantiacos.cl\/en\/2022\/03\/14\/casa-central-lanzan-libro-sobre-monumentos-publicos\/","name":"Casa Central: lanzan libro sobre Monumentos P\u00fablicos - Facultad de Arquitectura, Dise\u00f1o y Estudios Urbanos","isPartOf":{"@id":"https:\/\/fadeu.urantiacos.cl\/en\/#website"},"primaryImageOfPage":{"@id":"https:\/\/fadeu.urantiacos.cl\/en\/2022\/03\/14\/casa-central-lanzan-libro-sobre-monumentos-publicos\/#primaryimage"},"image":{"@id":"https:\/\/fadeu.urantiacos.cl\/en\/2022\/03\/14\/casa-central-lanzan-libro-sobre-monumentos-publicos\/#primaryimage"},"thumbnailUrl":"https:\/\/fadeu.urantiacos.cl\/wp-content\/uploads\/2023\/09\/WEB_1646962557615.jpg","datePublished":"2022-03-14T14:16:00+00:00","dateModified":"2023-09-06T14:21:04+00:00","author":{"@id":"https:\/\/fadeu.urantiacos.cl\/en\/#\/schema\/person\/d203e2e84b1c40275eac77b3061a19a2"},"description":"La Casa Central de la Pontificia Universidad Cat\u00f3lica fue el escenario escogido para el lanzamiento del libro Sobre Monumentos P\u00fablicos, editado por Ediciones UC, instancia que fue presidida por el Subsecretario del Patrimonio Cultural y profesor de la escuela de Arquitectura UC, Emilio de la Cerda; el director del Centro del Patrimonio Cultural UC, Umberto Bonomo; y la directora de Ediciones UC, Mar\u00eda Ang\u00e9lica Zegers.","breadcrumb":{"@id":"https:\/\/fadeu.urantiacos.cl\/en\/2022\/03\/14\/casa-central-lanzan-libro-sobre-monumentos-publicos\/#breadcrumb"},"inLanguage":"en-US","potentialAction":[{"@type":"ReadAction","target":["https:\/\/fadeu.urantiacos.cl\/en\/2022\/03\/14\/casa-central-lanzan-libro-sobre-monumentos-publicos\/"]}]},{"@type":"ImageObject","inLanguage":"en-US","@id":"https:\/\/fadeu.urantiacos.cl\/en\/2022\/03\/14\/casa-central-lanzan-libro-sobre-monumentos-publicos\/#primaryimage","url":"https:\/\/fadeu.urantiacos.cl\/wp-content\/uploads\/2023\/09\/WEB_1646962557615.jpg","contentUrl":"https:\/\/fadeu.urantiacos.cl\/wp-content\/uploads\/2023\/09\/WEB_1646962557615.jpg","width":350,"height":250},{"@type":"BreadcrumbList","@id":"https:\/\/fadeu.urantiacos.cl\/en\/2022\/03\/14\/casa-central-lanzan-libro-sobre-monumentos-publicos\/#breadcrumb","itemListElement":[{"@type":"ListItem","position":1,"name":"Portada","item":"https:\/\/fadeu.urantiacos.cl\/en\/"},{"@type":"ListItem","position":2,"name":"Casa Central: lanzan libro sobre Monumentos P\u00fablicos"}]},{"@type":"WebSite","@id":"https:\/\/fadeu.urantiacos.cl\/en\/#website","url":"https:\/\/fadeu.urantiacos.cl\/en\/","name":"Facultad de Arquitectura, Dise\u00f1o y Estudios Urbanos","description":"Campus Lo Contador","potentialAction":[{"@type":"SearchAction","target":{"@type":"EntryPoint","urlTemplate":"https:\/\/fadeu.urantiacos.cl\/en\/?s={search_term_string}"},"query-input":{"@type":"PropertyValueSpecification","valueRequired":true,"valueName":"search_term_string"}}],"inLanguage":"en-US"},{"@type":"Person","@id":"https:\/\/fadeu.urantiacos.cl\/en\/#\/schema\/person\/d203e2e84b1c40275eac77b3061a19a2","name":"manadmin","image":{"@type":"ImageObject","inLanguage":"en-US","@id":"https:\/\/fadeu.urantiacos.cl\/en\/#\/schema\/person\/image\/","url":"https:\/\/secure.gravatar.com\/avatar\/4b1d8e3303b4a9d8968ac578947d8bc80d9aea359f388cdd4aac15cadc0e8447?s=96&d=mm&r=g","contentUrl":"https:\/\/secure.gravatar.com\/avatar\/4b1d8e3303b4a9d8968ac578947d8bc80d9aea359f388cdd4aac15cadc0e8447?s=96&d=mm&r=g","caption":"manadmin"},"sameAs":["https:\/\/fadeu.urantiacos.cl"]}]}},"_links":{"self":[{"href":"https:\/\/fadeu.urantiacos.cl\/en\/wp-json\/wp\/v2\/posts\/5394","targetHints":{"allow":["GET"]}}],"collection":[{"href":"https:\/\/fadeu.urantiacos.cl\/en\/wp-json\/wp\/v2\/posts"}],"about":[{"href":"https:\/\/fadeu.urantiacos.cl\/en\/wp-json\/wp\/v2\/types\/post"}],"author":[{"embeddable":true,"href":"https:\/\/fadeu.urantiacos.cl\/en\/wp-json\/wp\/v2\/users\/1"}],"replies":[{"embeddable":true,"href":"https:\/\/fadeu.urantiacos.cl\/en\/wp-json\/wp\/v2\/comments?post=5394"}],"version-history":[{"count":1,"href":"https:\/\/fadeu.urantiacos.cl\/en\/wp-json\/wp\/v2\/posts\/5394\/revisions"}],"predecessor-version":[{"id":5398,"href":"https:\/\/fadeu.urantiacos.cl\/en\/wp-json\/wp\/v2\/posts\/5394\/revisions\/5398"}],"wp:featuredmedia":[{"embeddable":true,"href":"https:\/\/fadeu.urantiacos.cl\/en\/wp-json\/wp\/v2\/media\/5395"}],"wp:attachment":[{"href":"https:\/\/fadeu.urantiacos.cl\/en\/wp-json\/wp\/v2\/media?parent=5394"}],"wp:term":[{"taxonomy":"category","embeddable":true,"href":"https:\/\/fadeu.urantiacos.cl\/en\/wp-json\/wp\/v2\/categories?post=5394"},{"taxonomy":"post_tag","embeddable":true,"href":"https:\/\/fadeu.urantiacos.cl\/en\/wp-json\/wp\/v2\/tags?post=5394"}],"curies":[{"name":"wp","href":"https:\/\/api.w.org\/{rel}","templated":true}]}}