{"id":5390,"date":"2022-03-14T11:14:00","date_gmt":"2022-03-14T14:14:00","guid":{"rendered":"https:\/\/fadeu.urantiacos.cl\/?p=5390"},"modified":"2023-09-06T11:16:33","modified_gmt":"2023-09-06T14:16:33","slug":"tironi-y-valderrama-publican-articulo-en-the-information-society","status":"publish","type":"post","link":"https:\/\/fadeu.urantiacos.cl\/en\/2022\/03\/14\/tironi-y-valderrama-publican-articulo-en-the-information-society\/","title":{"rendered":"Tironi y Valderrama publican art\u00edculo en The Information Society"},"content":{"rendered":"\n<figure class=\"wp-block-image size-full\"><img decoding=\"async\" width=\"350\" height=\"250\" src=\"https:\/\/fadeu.urantiacos.cl\/wp-content\/uploads\/2023\/09\/WEB_Captura_de_Pantalla_2022-03-14_a_las_08.57.38.png\" alt=\"\" class=\"wp-image-5391\" srcset=\"https:\/\/fadeu.urantiacos.cl\/wp-content\/uploads\/2023\/09\/WEB_Captura_de_Pantalla_2022-03-14_a_las_08.57.38.png 350w, https:\/\/fadeu.urantiacos.cl\/wp-content\/uploads\/2023\/09\/WEB_Captura_de_Pantalla_2022-03-14_a_las_08.57.38-300x214.png 300w\" sizes=\"(max-width: 350px) 100vw, 350px\" \/><\/figure>\n\n\n\n<p>Desde ah\u00ed, los autores proponen dejar de concebir estos procesos de datificaci\u00f3n como din\u00e1micas homog\u00e9neas, universales y neutrales, para m\u00e1s bien examinar los contextos situados, las narrativas y materialidades que movilizan estos dispositivos&nbsp; para incrustarse en la sociedad.<br><\/p>\n\n\n\n<p>El art\u00edculo analiza el\u00a0trabajo de justificaci\u00f3n\u00a0que deben desarrollar estos dispositivos digitales en la denominada Smart City, donde su valor va m\u00e1s all\u00e1 de una mera discusi\u00f3n sobre las especificaciones t\u00e9cnicas o la eficiencia, y donde participan dimensiones simb\u00f3licas y discursivas. Se argumenta que la proliferaci\u00f3n de dispositivos digitales estar\u00edan produciendo la emergencia de un nuevo orden de valor que denominamos como el \u201cmundo datificado\u201d donde el valor se estima en base al compartir, emitir y ser conducido por los datos.<\/p>\n\n\n\n<figure class=\"wp-block-image size-full\"><img decoding=\"async\" width=\"555\" height=\"739\" src=\"https:\/\/fadeu.urantiacos.cl\/wp-content\/uploads\/2023\/09\/Portada-Revista-The-information-Society-38.jpg\" alt=\"\" class=\"wp-image-5392\" srcset=\"https:\/\/fadeu.urantiacos.cl\/wp-content\/uploads\/2023\/09\/Portada-Revista-The-information-Society-38.jpg 555w, https:\/\/fadeu.urantiacos.cl\/wp-content\/uploads\/2023\/09\/Portada-Revista-The-information-Society-38-225x300.jpg 225w\" sizes=\"(max-width: 555px) 100vw, 555px\" \/><\/figure>\n\n\n\n<p>INFORMACI\u00d3N PERIOD\u00cdSTICA<br>ESCUELA DE DISE\u00d1O UC<\/p>\n","protected":false},"excerpt":{"rendered":"<p>Martin Tironi y Mat\u00edas Valderrama publican art\u00edculos en la prestigiosa revista The Information Society. T\u00edtulado Worth-making in a datafied world: Urban cycling, smart urbanism, and technologies of justification in Santiago de Chile, el art\u00edculo aborda la creciente presencia de m\u00faltiples dispositivos e infraestructuras digitales encargados de cuantificar fen\u00f3menos urbanos, cada uno con sus propias configuraciones y dise\u00f1os.<\/p>\n","protected":false},"author":1,"featured_media":5391,"comment_status":"open","ping_status":"open","sticky":false,"template":"","format":"standard","meta":{"_acf_changed":false,"footnotes":""},"categories":[1],"tags":[],"class_list":["post-5390","post","type-post","status-publish","format-standard","has-post-thumbnail","hentry","category-sin-categorizar"],"acf":[],"yoast_head":"<!-- This site is optimized with the Yoast SEO plugin v27.1.1 - https:\/\/yoast.com\/product\/yoast-seo-wordpress\/ -->\n<title>Tironi y Valderrama publican art\u00edculo en The Information Society - Facultad de Arquitectura, Dise\u00f1o y Estudios Urbanos<\/title>\n<meta name=\"description\" content=\"Martin Tironi y Mat\u00edas Valderrama publican art\u00edculos en la prestigiosa revista The Information Society. T\u00edtulado Worth-making in a datafied world: Urban cycling, smart urbanism, and technologies of justification in Santiago de Chile, el art\u00edculo aborda la creciente presencia de m\u00faltiples dispositivos e infraestructuras digitales encargados de cuantificar fen\u00f3menos urbanos, cada uno con sus propias configuraciones y dise\u00f1os.\" \/>\n<meta name=\"robots\" content=\"index, follow, max-snippet:-1, max-image-preview:large, max-video-preview:-1\" \/>\n<link rel=\"canonical\" href=\"https:\/\/fadeu.urantiacos.cl\/en\/2022\/03\/14\/tironi-y-valderrama-publican-articulo-en-the-information-society\/\" \/>\n<meta property=\"og:locale\" content=\"en_US\" \/>\n<meta property=\"og:type\" content=\"article\" \/>\n<meta property=\"og:title\" content=\"Tironi y Valderrama publican art\u00edculo en The Information Society - Facultad de Arquitectura, Dise\u00f1o y Estudios Urbanos\" \/>\n<meta property=\"og:description\" content=\"Martin Tironi y Mat\u00edas Valderrama publican art\u00edculos en la prestigiosa revista The Information Society. T\u00edtulado Worth-making in a datafied world: Urban cycling, smart urbanism, and technologies of justification in Santiago de Chile, el art\u00edculo aborda la creciente presencia de m\u00faltiples dispositivos e infraestructuras digitales encargados de cuantificar fen\u00f3menos urbanos, cada uno con sus propias configuraciones y dise\u00f1os.\" \/>\n<meta property=\"og:url\" content=\"https:\/\/fadeu.urantiacos.cl\/en\/2022\/03\/14\/tironi-y-valderrama-publican-articulo-en-the-information-society\/\" \/>\n<meta property=\"og:site_name\" content=\"Facultad de Arquitectura, Dise\u00f1o y Estudios Urbanos\" \/>\n<meta property=\"article:published_time\" content=\"2022-03-14T14:14:00+00:00\" \/>\n<meta property=\"article:modified_time\" content=\"2023-09-06T14:16:33+00:00\" \/>\n<meta property=\"og:image\" content=\"https:\/\/fadeu.urantiacos.cl\/wp-content\/uploads\/2023\/09\/WEB_Captura_de_Pantalla_2022-03-14_a_las_08.57.38.png\" \/>\n\t<meta property=\"og:image:width\" content=\"350\" \/>\n\t<meta property=\"og:image:height\" content=\"250\" \/>\n\t<meta property=\"og:image:type\" content=\"image\/png\" \/>\n<meta name=\"author\" content=\"manadmin\" \/>\n<meta name=\"twitter:card\" content=\"summary_large_image\" \/>\n<meta name=\"twitter:label1\" content=\"Written by\" \/>\n\t<meta name=\"twitter:data1\" content=\"manadmin\" \/>\n\t<meta name=\"twitter:label2\" content=\"Est. reading time\" \/>\n\t<meta name=\"twitter:data2\" content=\"1 minute\" \/>\n<script type=\"application\/ld+json\" class=\"yoast-schema-graph\">{\"@context\":\"https:\/\/schema.org\",\"@graph\":[{\"@type\":\"Article\",\"@id\":\"https:\/\/fadeu.urantiacos.cl\/en\/2022\/03\/14\/tironi-y-valderrama-publican-articulo-en-the-information-society\/#article\",\"isPartOf\":{\"@id\":\"https:\/\/fadeu.urantiacos.cl\/en\/2022\/03\/14\/tironi-y-valderrama-publican-articulo-en-the-information-society\/\"},\"author\":{\"name\":\"manadmin\",\"@id\":\"https:\/\/fadeu.urantiacos.cl\/en\/#\/schema\/person\/d203e2e84b1c40275eac77b3061a19a2\"},\"headline\":\"Tironi y Valderrama publican art\u00edculo en The Information Society\",\"datePublished\":\"2022-03-14T14:14:00+00:00\",\"dateModified\":\"2023-09-06T14:16:33+00:00\",\"mainEntityOfPage\":{\"@id\":\"https:\/\/fadeu.urantiacos.cl\/en\/2022\/03\/14\/tironi-y-valderrama-publican-articulo-en-the-information-society\/\"},\"wordCount\":151,\"commentCount\":0,\"image\":{\"@id\":\"https:\/\/fadeu.urantiacos.cl\/en\/2022\/03\/14\/tironi-y-valderrama-publican-articulo-en-the-information-society\/#primaryimage\"},\"thumbnailUrl\":\"https:\/\/fadeu.urantiacos.cl\/wp-content\/uploads\/2023\/09\/WEB_Captura_de_Pantalla_2022-03-14_a_las_08.57.38.png\",\"articleSection\":[\"Sin categorizar\"],\"inLanguage\":\"en-US\",\"potentialAction\":[{\"@type\":\"CommentAction\",\"name\":\"Comment\",\"target\":[\"https:\/\/fadeu.urantiacos.cl\/en\/2022\/03\/14\/tironi-y-valderrama-publican-articulo-en-the-information-society\/#respond\"]}]},{\"@type\":\"WebPage\",\"@id\":\"https:\/\/fadeu.urantiacos.cl\/en\/2022\/03\/14\/tironi-y-valderrama-publican-articulo-en-the-information-society\/\",\"url\":\"https:\/\/fadeu.urantiacos.cl\/en\/2022\/03\/14\/tironi-y-valderrama-publican-articulo-en-the-information-society\/\",\"name\":\"Tironi y Valderrama publican art\u00edculo en The Information Society - Facultad de Arquitectura, Dise\u00f1o y Estudios Urbanos\",\"isPartOf\":{\"@id\":\"https:\/\/fadeu.urantiacos.cl\/en\/#website\"},\"primaryImageOfPage\":{\"@id\":\"https:\/\/fadeu.urantiacos.cl\/en\/2022\/03\/14\/tironi-y-valderrama-publican-articulo-en-the-information-society\/#primaryimage\"},\"image\":{\"@id\":\"https:\/\/fadeu.urantiacos.cl\/en\/2022\/03\/14\/tironi-y-valderrama-publican-articulo-en-the-information-society\/#primaryimage\"},\"thumbnailUrl\":\"https:\/\/fadeu.urantiacos.cl\/wp-content\/uploads\/2023\/09\/WEB_Captura_de_Pantalla_2022-03-14_a_las_08.57.38.png\",\"datePublished\":\"2022-03-14T14:14:00+00:00\",\"dateModified\":\"2023-09-06T14:16:33+00:00\",\"author\":{\"@id\":\"https:\/\/fadeu.urantiacos.cl\/en\/#\/schema\/person\/d203e2e84b1c40275eac77b3061a19a2\"},\"description\":\"Martin Tironi y Mat\u00edas Valderrama publican art\u00edculos en la prestigiosa revista The Information Society. T\u00edtulado Worth-making in a datafied world: Urban cycling, smart urbanism, and technologies of justification in Santiago de Chile, el art\u00edculo aborda la creciente presencia de m\u00faltiples dispositivos e infraestructuras digitales encargados de cuantificar fen\u00f3menos urbanos, cada uno con sus propias configuraciones y dise\u00f1os.\",\"breadcrumb\":{\"@id\":\"https:\/\/fadeu.urantiacos.cl\/en\/2022\/03\/14\/tironi-y-valderrama-publican-articulo-en-the-information-society\/#breadcrumb\"},\"inLanguage\":\"en-US\",\"potentialAction\":[{\"@type\":\"ReadAction\",\"target\":[\"https:\/\/fadeu.urantiacos.cl\/en\/2022\/03\/14\/tironi-y-valderrama-publican-articulo-en-the-information-society\/\"]}]},{\"@type\":\"ImageObject\",\"inLanguage\":\"en-US\",\"@id\":\"https:\/\/fadeu.urantiacos.cl\/en\/2022\/03\/14\/tironi-y-valderrama-publican-articulo-en-the-information-society\/#primaryimage\",\"url\":\"https:\/\/fadeu.urantiacos.cl\/wp-content\/uploads\/2023\/09\/WEB_Captura_de_Pantalla_2022-03-14_a_las_08.57.38.png\",\"contentUrl\":\"https:\/\/fadeu.urantiacos.cl\/wp-content\/uploads\/2023\/09\/WEB_Captura_de_Pantalla_2022-03-14_a_las_08.57.38.png\",\"width\":350,\"height\":250},{\"@type\":\"BreadcrumbList\",\"@id\":\"https:\/\/fadeu.urantiacos.cl\/en\/2022\/03\/14\/tironi-y-valderrama-publican-articulo-en-the-information-society\/#breadcrumb\",\"itemListElement\":[{\"@type\":\"ListItem\",\"position\":1,\"name\":\"Portada\",\"item\":\"https:\/\/fadeu.urantiacos.cl\/en\/\"},{\"@type\":\"ListItem\",\"position\":2,\"name\":\"Tironi y Valderrama publican art\u00edculo en The Information Society\"}]},{\"@type\":\"WebSite\",\"@id\":\"https:\/\/fadeu.urantiacos.cl\/en\/#website\",\"url\":\"https:\/\/fadeu.urantiacos.cl\/en\/\",\"name\":\"Facultad de Arquitectura, Dise\u00f1o y Estudios Urbanos\",\"description\":\"Campus Lo Contador\",\"potentialAction\":[{\"@type\":\"SearchAction\",\"target\":{\"@type\":\"EntryPoint\",\"urlTemplate\":\"https:\/\/fadeu.urantiacos.cl\/en\/?s={search_term_string}\"},\"query-input\":{\"@type\":\"PropertyValueSpecification\",\"valueRequired\":true,\"valueName\":\"search_term_string\"}}],\"inLanguage\":\"en-US\"},{\"@type\":\"Person\",\"@id\":\"https:\/\/fadeu.urantiacos.cl\/en\/#\/schema\/person\/d203e2e84b1c40275eac77b3061a19a2\",\"name\":\"manadmin\",\"image\":{\"@type\":\"ImageObject\",\"inLanguage\":\"en-US\",\"@id\":\"https:\/\/fadeu.urantiacos.cl\/en\/#\/schema\/person\/image\/\",\"url\":\"https:\/\/secure.gravatar.com\/avatar\/4b1d8e3303b4a9d8968ac578947d8bc80d9aea359f388cdd4aac15cadc0e8447?s=96&d=mm&r=g\",\"contentUrl\":\"https:\/\/secure.gravatar.com\/avatar\/4b1d8e3303b4a9d8968ac578947d8bc80d9aea359f388cdd4aac15cadc0e8447?s=96&d=mm&r=g\",\"caption\":\"manadmin\"},\"sameAs\":[\"https:\/\/fadeu.urantiacos.cl\"]}]}<\/script>\n<!-- \/ Yoast SEO plugin. -->","yoast_head_json":{"title":"Tironi y Valderrama publican art\u00edculo en The Information Society - Facultad de Arquitectura, Dise\u00f1o y Estudios Urbanos","description":"Martin Tironi y Mat\u00edas Valderrama publican art\u00edculos en la prestigiosa revista The Information Society. T\u00edtulado Worth-making in a datafied world: Urban cycling, smart urbanism, and technologies of justification in Santiago de Chile, el art\u00edculo aborda la creciente presencia de m\u00faltiples dispositivos e infraestructuras digitales encargados de cuantificar fen\u00f3menos urbanos, cada uno con sus propias configuraciones y dise\u00f1os.","robots":{"index":"index","follow":"follow","max-snippet":"max-snippet:-1","max-image-preview":"max-image-preview:large","max-video-preview":"max-video-preview:-1"},"canonical":"https:\/\/fadeu.urantiacos.cl\/en\/2022\/03\/14\/tironi-y-valderrama-publican-articulo-en-the-information-society\/","og_locale":"en_US","og_type":"article","og_title":"Tironi y Valderrama publican art\u00edculo en The Information Society - Facultad de Arquitectura, Dise\u00f1o y Estudios Urbanos","og_description":"Martin Tironi y Mat\u00edas Valderrama publican art\u00edculos en la prestigiosa revista The Information Society. T\u00edtulado Worth-making in a datafied world: Urban cycling, smart urbanism, and technologies of justification in Santiago de Chile, el art\u00edculo aborda la creciente presencia de m\u00faltiples dispositivos e infraestructuras digitales encargados de cuantificar fen\u00f3menos urbanos, cada uno con sus propias configuraciones y dise\u00f1os.","og_url":"https:\/\/fadeu.urantiacos.cl\/en\/2022\/03\/14\/tironi-y-valderrama-publican-articulo-en-the-information-society\/","og_site_name":"Facultad de Arquitectura, Dise\u00f1o y Estudios Urbanos","article_published_time":"2022-03-14T14:14:00+00:00","article_modified_time":"2023-09-06T14:16:33+00:00","og_image":[{"width":350,"height":250,"url":"https:\/\/fadeu.urantiacos.cl\/wp-content\/uploads\/2023\/09\/WEB_Captura_de_Pantalla_2022-03-14_a_las_08.57.38.png","type":"image\/png"}],"author":"manadmin","twitter_card":"summary_large_image","twitter_misc":{"Written by":"manadmin","Est. reading time":"1 minute"},"schema":{"@context":"https:\/\/schema.org","@graph":[{"@type":"Article","@id":"https:\/\/fadeu.urantiacos.cl\/en\/2022\/03\/14\/tironi-y-valderrama-publican-articulo-en-the-information-society\/#article","isPartOf":{"@id":"https:\/\/fadeu.urantiacos.cl\/en\/2022\/03\/14\/tironi-y-valderrama-publican-articulo-en-the-information-society\/"},"author":{"name":"manadmin","@id":"https:\/\/fadeu.urantiacos.cl\/en\/#\/schema\/person\/d203e2e84b1c40275eac77b3061a19a2"},"headline":"Tironi y Valderrama publican art\u00edculo en The Information Society","datePublished":"2022-03-14T14:14:00+00:00","dateModified":"2023-09-06T14:16:33+00:00","mainEntityOfPage":{"@id":"https:\/\/fadeu.urantiacos.cl\/en\/2022\/03\/14\/tironi-y-valderrama-publican-articulo-en-the-information-society\/"},"wordCount":151,"commentCount":0,"image":{"@id":"https:\/\/fadeu.urantiacos.cl\/en\/2022\/03\/14\/tironi-y-valderrama-publican-articulo-en-the-information-society\/#primaryimage"},"thumbnailUrl":"https:\/\/fadeu.urantiacos.cl\/wp-content\/uploads\/2023\/09\/WEB_Captura_de_Pantalla_2022-03-14_a_las_08.57.38.png","articleSection":["Sin categorizar"],"inLanguage":"en-US","potentialAction":[{"@type":"CommentAction","name":"Comment","target":["https:\/\/fadeu.urantiacos.cl\/en\/2022\/03\/14\/tironi-y-valderrama-publican-articulo-en-the-information-society\/#respond"]}]},{"@type":"WebPage","@id":"https:\/\/fadeu.urantiacos.cl\/en\/2022\/03\/14\/tironi-y-valderrama-publican-articulo-en-the-information-society\/","url":"https:\/\/fadeu.urantiacos.cl\/en\/2022\/03\/14\/tironi-y-valderrama-publican-articulo-en-the-information-society\/","name":"Tironi y Valderrama publican art\u00edculo en The Information Society - Facultad de Arquitectura, Dise\u00f1o y Estudios Urbanos","isPartOf":{"@id":"https:\/\/fadeu.urantiacos.cl\/en\/#website"},"primaryImageOfPage":{"@id":"https:\/\/fadeu.urantiacos.cl\/en\/2022\/03\/14\/tironi-y-valderrama-publican-articulo-en-the-information-society\/#primaryimage"},"image":{"@id":"https:\/\/fadeu.urantiacos.cl\/en\/2022\/03\/14\/tironi-y-valderrama-publican-articulo-en-the-information-society\/#primaryimage"},"thumbnailUrl":"https:\/\/fadeu.urantiacos.cl\/wp-content\/uploads\/2023\/09\/WEB_Captura_de_Pantalla_2022-03-14_a_las_08.57.38.png","datePublished":"2022-03-14T14:14:00+00:00","dateModified":"2023-09-06T14:16:33+00:00","author":{"@id":"https:\/\/fadeu.urantiacos.cl\/en\/#\/schema\/person\/d203e2e84b1c40275eac77b3061a19a2"},"description":"Martin Tironi y Mat\u00edas Valderrama publican art\u00edculos en la prestigiosa revista The Information Society. T\u00edtulado Worth-making in a datafied world: Urban cycling, smart urbanism, and technologies of justification in Santiago de Chile, el art\u00edculo aborda la creciente presencia de m\u00faltiples dispositivos e infraestructuras digitales encargados de cuantificar fen\u00f3menos urbanos, cada uno con sus propias configuraciones y dise\u00f1os.","breadcrumb":{"@id":"https:\/\/fadeu.urantiacos.cl\/en\/2022\/03\/14\/tironi-y-valderrama-publican-articulo-en-the-information-society\/#breadcrumb"},"inLanguage":"en-US","potentialAction":[{"@type":"ReadAction","target":["https:\/\/fadeu.urantiacos.cl\/en\/2022\/03\/14\/tironi-y-valderrama-publican-articulo-en-the-information-society\/"]}]},{"@type":"ImageObject","inLanguage":"en-US","@id":"https:\/\/fadeu.urantiacos.cl\/en\/2022\/03\/14\/tironi-y-valderrama-publican-articulo-en-the-information-society\/#primaryimage","url":"https:\/\/fadeu.urantiacos.cl\/wp-content\/uploads\/2023\/09\/WEB_Captura_de_Pantalla_2022-03-14_a_las_08.57.38.png","contentUrl":"https:\/\/fadeu.urantiacos.cl\/wp-content\/uploads\/2023\/09\/WEB_Captura_de_Pantalla_2022-03-14_a_las_08.57.38.png","width":350,"height":250},{"@type":"BreadcrumbList","@id":"https:\/\/fadeu.urantiacos.cl\/en\/2022\/03\/14\/tironi-y-valderrama-publican-articulo-en-the-information-society\/#breadcrumb","itemListElement":[{"@type":"ListItem","position":1,"name":"Portada","item":"https:\/\/fadeu.urantiacos.cl\/en\/"},{"@type":"ListItem","position":2,"name":"Tironi y Valderrama publican art\u00edculo en The Information Society"}]},{"@type":"WebSite","@id":"https:\/\/fadeu.urantiacos.cl\/en\/#website","url":"https:\/\/fadeu.urantiacos.cl\/en\/","name":"Facultad de Arquitectura, Dise\u00f1o y Estudios Urbanos","description":"Campus Lo Contador","potentialAction":[{"@type":"SearchAction","target":{"@type":"EntryPoint","urlTemplate":"https:\/\/fadeu.urantiacos.cl\/en\/?s={search_term_string}"},"query-input":{"@type":"PropertyValueSpecification","valueRequired":true,"valueName":"search_term_string"}}],"inLanguage":"en-US"},{"@type":"Person","@id":"https:\/\/fadeu.urantiacos.cl\/en\/#\/schema\/person\/d203e2e84b1c40275eac77b3061a19a2","name":"manadmin","image":{"@type":"ImageObject","inLanguage":"en-US","@id":"https:\/\/fadeu.urantiacos.cl\/en\/#\/schema\/person\/image\/","url":"https:\/\/secure.gravatar.com\/avatar\/4b1d8e3303b4a9d8968ac578947d8bc80d9aea359f388cdd4aac15cadc0e8447?s=96&d=mm&r=g","contentUrl":"https:\/\/secure.gravatar.com\/avatar\/4b1d8e3303b4a9d8968ac578947d8bc80d9aea359f388cdd4aac15cadc0e8447?s=96&d=mm&r=g","caption":"manadmin"},"sameAs":["https:\/\/fadeu.urantiacos.cl"]}]}},"_links":{"self":[{"href":"https:\/\/fadeu.urantiacos.cl\/en\/wp-json\/wp\/v2\/posts\/5390","targetHints":{"allow":["GET"]}}],"collection":[{"href":"https:\/\/fadeu.urantiacos.cl\/en\/wp-json\/wp\/v2\/posts"}],"about":[{"href":"https:\/\/fadeu.urantiacos.cl\/en\/wp-json\/wp\/v2\/types\/post"}],"author":[{"embeddable":true,"href":"https:\/\/fadeu.urantiacos.cl\/en\/wp-json\/wp\/v2\/users\/1"}],"replies":[{"embeddable":true,"href":"https:\/\/fadeu.urantiacos.cl\/en\/wp-json\/wp\/v2\/comments?post=5390"}],"version-history":[{"count":1,"href":"https:\/\/fadeu.urantiacos.cl\/en\/wp-json\/wp\/v2\/posts\/5390\/revisions"}],"predecessor-version":[{"id":5393,"href":"https:\/\/fadeu.urantiacos.cl\/en\/wp-json\/wp\/v2\/posts\/5390\/revisions\/5393"}],"wp:featuredmedia":[{"embeddable":true,"href":"https:\/\/fadeu.urantiacos.cl\/en\/wp-json\/wp\/v2\/media\/5391"}],"wp:attachment":[{"href":"https:\/\/fadeu.urantiacos.cl\/en\/wp-json\/wp\/v2\/media?parent=5390"}],"wp:term":[{"taxonomy":"category","embeddable":true,"href":"https:\/\/fadeu.urantiacos.cl\/en\/wp-json\/wp\/v2\/categories?post=5390"},{"taxonomy":"post_tag","embeddable":true,"href":"https:\/\/fadeu.urantiacos.cl\/en\/wp-json\/wp\/v2\/tags?post=5390"}],"curies":[{"name":"wp","href":"https:\/\/api.w.org\/{rel}","templated":true}]}}