{"id":5380,"date":"2022-03-14T11:07:00","date_gmt":"2022-03-14T14:07:00","guid":{"rendered":"https:\/\/fadeu.urantiacos.cl\/?p=5380"},"modified":"2023-09-06T11:09:17","modified_gmt":"2023-09-06T14:09:17","slug":"estrategia-regional-de-desarrollo-formulada-con-apoyo-uc-para-los-lagos-fue-aprobada-por-unanimidad-en-el-consejo-regional","status":"publish","type":"post","link":"https:\/\/fadeu.urantiacos.cl\/en\/2022\/03\/14\/estrategia-regional-de-desarrollo-formulada-con-apoyo-uc-para-los-lagos-fue-aprobada-por-unanimidad-en-el-consejo-regional\/","title":{"rendered":"Estrategia Regional de Desarrollo formulada con apoyo UC para Los Lagos fue aprobada por unanimidad en el Consejo Regional"},"content":{"rendered":"\n<figure class=\"wp-block-image size-full\"><img decoding=\"async\" width=\"350\" height=\"250\" src=\"https:\/\/fadeu.urantiacos.cl\/wp-content\/uploads\/2023\/09\/maxresdefault-1_WEB.jpg\" alt=\"\" class=\"wp-image-5381\" srcset=\"https:\/\/fadeu.urantiacos.cl\/wp-content\/uploads\/2023\/09\/maxresdefault-1_WEB.jpg 350w, https:\/\/fadeu.urantiacos.cl\/wp-content\/uploads\/2023\/09\/maxresdefault-1_WEB-300x214.jpg 300w\" sizes=\"(max-width: 350px) 100vw, 350px\" \/><\/figure>\n\n\n\n<p>El equipo estuvo conformado, adem\u00e1s, por Katherine Mollenhauer (escuela de Dise\u00f1o), Magdalena vicu\u00f1a (IEUT-FADEU), Ricardo Truffello (IEUT-OCUC), Christian Matus (IEUT), Ricardo Hurtubia (Ingenier\u00eda UC-CEDEUS), Felipe Morales (DESE, FADEU), adem\u00e1s de profesionales DESE-FADEU UC, y profesionales externos.<\/p>\n\n\n\n<p>A grandes rasgos, una estrategia regional de desarrollo (ERD) se constituye como un instrumento de largo plazo que define, en el sentido m\u00e1s amplio, c\u00f3mo se lograr\u00e1 el desarrollo de la regi\u00f3n y d\u00f3nde estar\u00e1n puestos los acentos que dar\u00e1n pie a dicho progreso.<\/p>\n\n\n\n<p>En este sentido, se analizan aspectos macro, como la planificaci\u00f3n urbano-territorial, las actividades productivas, la identidad regional, la participaci\u00f3n de la sociedad civil en procesos de toma de decisiones de escala regional y local, y la definici\u00f3n de metas econ\u00f3micas, sociales, urbanas, territoriales y de toda \u00edndole.<\/p>\n\n\n\n<p>El proceso se llev\u00f3 a cabo con un cambio de Intendente y de jefaturas en el Gobierno Regional, luego con la llegada del primer Gobernador democr\u00e1ticamente electo, y la crisis sanitaria de por medio, aspectos que obligaron al equipo a desplegar el m\u00e1ximo de su profesionalismo y a innovar respecto de los m\u00e9todos cl\u00e1sicos de participaci\u00f3n, para sacar adelante una tarea que ir\u00e1 en directo beneficio de la regi\u00f3n.<\/p>\n\n\n\n<p>Conversamos del proceso, de su impacto y de los principales \u00e9nfasis de la estrategia con los profesores Orellana y Arenas, para profundizar m\u00e1s en esta importante labor.<\/p>\n\n\n\n<p><strong>\u00bfC\u00f3mo nace la instancia de llegar a desarrollar la ERD de Los Lagos?<\/strong><\/p>\n\n\n\n<p>AO: En octubre de 2020 el Gobierno Regional de Los Lagos llam\u00f3 a licitaci\u00f3n para la ERD, en plena pandemia. Competimos con varias otras universidades y consultoras especializadas. Luego de un proceso de revisi\u00f3n, se nos adjudic\u00f3 la instancia y fue un primer paso muy importante porque hab\u00eda mucha gente con bastante experiencia en estos temas, lo que habla muy bien de la propuesta construida, que permit\u00eda generar alianzas con los equipos regionales para un trabajo conjunto fecundo.<\/p>\n\n\n\n<p>FA: En mi caso, hace algunos a\u00f1os particip\u00e9 dirigiendo el equipo UC que apoy\u00f3 la construcci\u00f3n de la ERD de la Regi\u00f3n de Coquimbo 2008-2020, proceso muy intenso e interesante, y aprovechamos un poco esa experiencia para generar una propuesta robusta y congruente, que permitiera, como dice Arturo, congeniar de buena manera el trabajo que propon\u00edamos como equipo con el trabajo que necesit\u00e1bamos realizar con nuestras contrapartes regionales, ya que ese trabajo conjunto es sumamente importante y valioso para el producto final.<\/p>\n\n\n\n<p><strong>Hay muchos instrumentos de planificaci\u00f3n y de ordenamiento. Existen los Planes de Desarrollo Comunal, los Planes Reguladores Comunales (algunos incluso intercomunales y otros Metropolitanos), \u00bfc\u00f3mo se inserta una Estrategia Regional de Desarrollo en medio de tantos instrumentos y cu\u00e1l es su labor?<\/strong><\/p>\n\n\n\n<p>FA: Estamos hablando de grandes temas, como son el ordenamiento y la planificaci\u00f3n territorial, tema creciente y necesario en nuestra sociedad, dado que la transformaci\u00f3n del espacio puede significar en muchos casos cuestiones s\u00faper positivas desde la \u00f3ptica de la calidad de vida de las personas, la actividad econ\u00f3mica y la oferta de empleos, pero tambi\u00e9n se puede traducir en resultados negativos, por hacer las cosas mal y generar, por ejemplo, zonas de sacrificio, que en vez de integrar, expulsan a las personas e impiden el desarrollo y una adecuada integraci\u00f3n. En este sentido, lo que debemos tener siempre en cuenta es desarrollar instrumentos que nos permitan transformaciones que generen territorios atractivos, espacios de esperanza, positivos para la actividad humana. En esta l\u00f3gica, las ERD cobran valor, cuando a inicios de los 90, se define una estructura institucional intermedia, los Gobiernos Regionales, como los conocemos hoy, y que, desde el a\u00f1o pasado por primera vez, est\u00e1n encabezados por autoridades regionales democr\u00e1ticamente electas. Una ERD orienta y complementa las intervenciones de escala local e intercomunal, ya que muchos de los problemas se pueden atacar y abordar mejor desde la escala regional, complement\u00e1ndose, por lo dem\u00e1s, con instrumentos de escala nacional, como la recientemente aprobada Pol\u00edtica Nacional de Ordenamiento Territorial (PNOT). La ERD queda hoy en manos de una autoridad m\u00e1s empoderada, en un momento en que el pa\u00eds est\u00e1 en procesos importantes de definiciones en materia regional y de descentralizaci\u00f3n.<\/p>\n\n\n\n<p>AO: Siempre uno tiene la pretensi\u00f3n de que esta Estrategia convoque y medie de buena manera entre las decisiones de escala regional, permitiendo complementar las decisiones de inversi\u00f3n de distintos ministerios sectoriales que son los que invierten la mayor parte del presupuesto en el territorio, de hecho, menos del 10% de la inversi\u00f3n p\u00fablica se decide desde la escala regional, el resto y el grueso de las inversiones est\u00e1n en ministerios como el MOP, MINVU y otros en su desconcentraci\u00f3n regional.<\/p>\n\n\n\n<p>La idea es poder generar condiciones de articulaci\u00f3n, di\u00e1logo y compromiso entre el Gobierno Regional y las Secretar\u00edas Regionales Ministeriales y servicios dependientes es una gran apuesta de la ERD, para convocar compromisos de que la inversi\u00f3n p\u00fablica en materia de vivienda, infraestructura y educaci\u00f3n vaya en una l\u00ednea planificada y acordada regionalmente. Los traspasos de competencias deben ser flexibles, sobre todo pensando en futuros escenarios de regionalizaci\u00f3n y empoderamiento de los Gobiernos Regionales, pensando, sobre todo, en lo que proponga la Convenci\u00f3n Constitucional al respecto.<\/p>\n\n\n\n<p>FA: Habr\u00eda que agregar que, la ERD permite construir una mirada propiamente regional y hacer un diagn\u00f3stico que permita saber hacia d\u00f3nde se quiere avanzar como regi\u00f3n, porque cuando esa mirada no est\u00e1 clara, dif\u00edcilmente podemos entablar di\u00e1logos con quienes intervienen en el desarrollo de la regi\u00f3n a nivel sectorial, desde una mirada nacional, en temas como el transporte, la construcci\u00f3n de viviendas, la infraestructura vial y otros aspectos de suma relevancia.<\/p>\n\n\n\n<p>Colaborar desde la universidad con la elaboraci\u00f3n de la Estrategia Regional de Desarrollo para la Regi\u00f3n de Los Lagos, encarna lo que ha solicitado el Rector Ignacio S\u00e1nchez a las distintas facultades y unidades de la Universidad, en atenci\u00f3n a traspasar la frontera acad\u00e9mica y vincularse activamente con la pol\u00edtica p\u00fablica, a trav\u00e9s de la transferencia de nuevos saberes y nuevo conocimiento, impactando positivamente en la construcci\u00f3n de instrumentos y acuerdos que permitan una mejora en la calidad de vida de las personas y un aporte a la sociedad.<\/p>\n\n\n\n<p>INFORMACI\u00d3N PERIOD\u00cdSTICA<br>JUAN ANDR\u00c9S INZUNZA<\/p>\n\n\n\n<figure class=\"wp-block-image size-large\"><img decoding=\"async\" width=\"1024\" height=\"576\" src=\"https:\/\/fadeu.urantiacos.cl\/wp-content\/uploads\/2023\/09\/maxresdefault-1-1024x576.jpg\" alt=\"\" class=\"wp-image-5382\" srcset=\"https:\/\/fadeu.urantiacos.cl\/wp-content\/uploads\/2023\/09\/maxresdefault-1-1024x576.jpg 1024w, https:\/\/fadeu.urantiacos.cl\/wp-content\/uploads\/2023\/09\/maxresdefault-1-300x169.jpg 300w, https:\/\/fadeu.urantiacos.cl\/wp-content\/uploads\/2023\/09\/maxresdefault-1-768x432.jpg 768w, https:\/\/fadeu.urantiacos.cl\/wp-content\/uploads\/2023\/09\/maxresdefault-1.jpg 1280w\" sizes=\"(max-width: 1024px) 100vw, 1024px\" \/><\/figure>\n","protected":false},"excerpt":{"rendered":"<p>Por unanimidad, el pasado 2 de marzo, los 16 Consejeros\/as Regionales del Consejo Regional de la Regi\u00f3n de Los Lagos votaron a favor de la aprobaci\u00f3n de la Estrategia Regional de Desarrollo Los Lagos 2030, instrumento desarrollado con el apoyo de un equipo de acad\u00e9micos\/as y profesionales de la Universidad Cat\u00f3lica, encabezado por los profesores Arturo Orellana (Instituto de Estudios Urbanos y Territoriales, IEUT) y Federico Arenas (Instituto de Geograf\u00eda), codirector y director del estudio, respectivamente.<\/p>\n","protected":false},"author":1,"featured_media":5381,"comment_status":"open","ping_status":"open","sticky":false,"template":"","format":"standard","meta":{"_acf_changed":false,"footnotes":""},"categories":[1],"tags":[],"class_list":["post-5380","post","type-post","status-publish","format-standard","has-post-thumbnail","hentry","category-sin-categorizar"],"acf":[],"yoast_head":"<!-- This site is optimized with the Yoast SEO plugin v27.1.1 - https:\/\/yoast.com\/product\/yoast-seo-wordpress\/ -->\n<title>Estrategia Regional de Desarrollo formulada con apoyo UC para Los Lagos fue aprobada por unanimidad en el Consejo Regional - Facultad de Arquitectura, Dise\u00f1o y Estudios Urbanos<\/title>\n<meta name=\"description\" content=\"Por unanimidad, el pasado 2 de marzo, los 16 Consejeros\/as Regionales del Consejo Regional de la Regi\u00f3n de Los Lagos votaron a favor de la aprobaci\u00f3n de la Estrategia Regional de Desarrollo Los Lagos 2030, instrumento desarrollado con el apoyo de un equipo de acad\u00e9micos\/as y profesionales de la Universidad Cat\u00f3lica, encabezado por los profesores Arturo Orellana (Instituto de Estudios Urbanos y Territoriales, IEUT) y Federico Arenas (Instituto de Geograf\u00eda), codirector y director del estudio, respectivamente.\" \/>\n<meta name=\"robots\" content=\"index, follow, max-snippet:-1, max-image-preview:large, max-video-preview:-1\" \/>\n<link rel=\"canonical\" href=\"https:\/\/fadeu.urantiacos.cl\/en\/2022\/03\/14\/estrategia-regional-de-desarrollo-formulada-con-apoyo-uc-para-los-lagos-fue-aprobada-por-unanimidad-en-el-consejo-regional\/\" \/>\n<meta property=\"og:locale\" content=\"en_US\" \/>\n<meta property=\"og:type\" content=\"article\" \/>\n<meta property=\"og:title\" content=\"Estrategia Regional de Desarrollo formulada con apoyo UC para Los Lagos fue aprobada por unanimidad en el Consejo Regional - Facultad de Arquitectura, Dise\u00f1o y Estudios Urbanos\" \/>\n<meta property=\"og:description\" content=\"Por unanimidad, el pasado 2 de marzo, los 16 Consejeros\/as Regionales del Consejo Regional de la Regi\u00f3n de Los Lagos votaron a favor de la aprobaci\u00f3n de la Estrategia Regional de Desarrollo Los Lagos 2030, instrumento desarrollado con el apoyo de un equipo de acad\u00e9micos\/as y profesionales de la Universidad Cat\u00f3lica, encabezado por los profesores Arturo Orellana (Instituto de Estudios Urbanos y Territoriales, IEUT) y Federico Arenas (Instituto de Geograf\u00eda), codirector y director del estudio, respectivamente.\" \/>\n<meta property=\"og:url\" content=\"https:\/\/fadeu.urantiacos.cl\/en\/2022\/03\/14\/estrategia-regional-de-desarrollo-formulada-con-apoyo-uc-para-los-lagos-fue-aprobada-por-unanimidad-en-el-consejo-regional\/\" \/>\n<meta property=\"og:site_name\" content=\"Facultad de Arquitectura, Dise\u00f1o y Estudios Urbanos\" \/>\n<meta property=\"article:published_time\" content=\"2022-03-14T14:07:00+00:00\" \/>\n<meta property=\"article:modified_time\" content=\"2023-09-06T14:09:17+00:00\" \/>\n<meta property=\"og:image\" content=\"https:\/\/fadeu.urantiacos.cl\/wp-content\/uploads\/2023\/09\/maxresdefault-1_WEB.jpg\" \/>\n\t<meta property=\"og:image:width\" content=\"350\" \/>\n\t<meta property=\"og:image:height\" content=\"250\" \/>\n\t<meta property=\"og:image:type\" content=\"image\/jpeg\" \/>\n<meta name=\"author\" content=\"manadmin\" \/>\n<meta name=\"twitter:card\" content=\"summary_large_image\" \/>\n<meta name=\"twitter:label1\" content=\"Written by\" \/>\n\t<meta name=\"twitter:data1\" content=\"manadmin\" \/>\n\t<meta name=\"twitter:label2\" content=\"Est. reading time\" \/>\n\t<meta name=\"twitter:data2\" content=\"5 minutes\" \/>\n<script type=\"application\/ld+json\" class=\"yoast-schema-graph\">{\"@context\":\"https:\/\/schema.org\",\"@graph\":[{\"@type\":\"Article\",\"@id\":\"https:\/\/fadeu.urantiacos.cl\/en\/2022\/03\/14\/estrategia-regional-de-desarrollo-formulada-con-apoyo-uc-para-los-lagos-fue-aprobada-por-unanimidad-en-el-consejo-regional\/#article\",\"isPartOf\":{\"@id\":\"https:\/\/fadeu.urantiacos.cl\/en\/2022\/03\/14\/estrategia-regional-de-desarrollo-formulada-con-apoyo-uc-para-los-lagos-fue-aprobada-por-unanimidad-en-el-consejo-regional\/\"},\"author\":{\"name\":\"manadmin\",\"@id\":\"https:\/\/fadeu.urantiacos.cl\/en\/#\/schema\/person\/d203e2e84b1c40275eac77b3061a19a2\"},\"headline\":\"Estrategia Regional de Desarrollo formulada con apoyo UC para Los Lagos fue aprobada por unanimidad en el Consejo Regional\",\"datePublished\":\"2022-03-14T14:07:00+00:00\",\"dateModified\":\"2023-09-06T14:09:17+00:00\",\"mainEntityOfPage\":{\"@id\":\"https:\/\/fadeu.urantiacos.cl\/en\/2022\/03\/14\/estrategia-regional-de-desarrollo-formulada-con-apoyo-uc-para-los-lagos-fue-aprobada-por-unanimidad-en-el-consejo-regional\/\"},\"wordCount\":1111,\"commentCount\":0,\"image\":{\"@id\":\"https:\/\/fadeu.urantiacos.cl\/en\/2022\/03\/14\/estrategia-regional-de-desarrollo-formulada-con-apoyo-uc-para-los-lagos-fue-aprobada-por-unanimidad-en-el-consejo-regional\/#primaryimage\"},\"thumbnailUrl\":\"https:\/\/fadeu.urantiacos.cl\/wp-content\/uploads\/2023\/09\/maxresdefault-1_WEB.jpg\",\"articleSection\":[\"Sin categorizar\"],\"inLanguage\":\"en-US\",\"potentialAction\":[{\"@type\":\"CommentAction\",\"name\":\"Comment\",\"target\":[\"https:\/\/fadeu.urantiacos.cl\/en\/2022\/03\/14\/estrategia-regional-de-desarrollo-formulada-con-apoyo-uc-para-los-lagos-fue-aprobada-por-unanimidad-en-el-consejo-regional\/#respond\"]}]},{\"@type\":\"WebPage\",\"@id\":\"https:\/\/fadeu.urantiacos.cl\/en\/2022\/03\/14\/estrategia-regional-de-desarrollo-formulada-con-apoyo-uc-para-los-lagos-fue-aprobada-por-unanimidad-en-el-consejo-regional\/\",\"url\":\"https:\/\/fadeu.urantiacos.cl\/en\/2022\/03\/14\/estrategia-regional-de-desarrollo-formulada-con-apoyo-uc-para-los-lagos-fue-aprobada-por-unanimidad-en-el-consejo-regional\/\",\"name\":\"Estrategia Regional de Desarrollo formulada con apoyo UC para Los Lagos fue aprobada por unanimidad en el Consejo Regional - Facultad de Arquitectura, Dise\u00f1o y Estudios Urbanos\",\"isPartOf\":{\"@id\":\"https:\/\/fadeu.urantiacos.cl\/en\/#website\"},\"primaryImageOfPage\":{\"@id\":\"https:\/\/fadeu.urantiacos.cl\/en\/2022\/03\/14\/estrategia-regional-de-desarrollo-formulada-con-apoyo-uc-para-los-lagos-fue-aprobada-por-unanimidad-en-el-consejo-regional\/#primaryimage\"},\"image\":{\"@id\":\"https:\/\/fadeu.urantiacos.cl\/en\/2022\/03\/14\/estrategia-regional-de-desarrollo-formulada-con-apoyo-uc-para-los-lagos-fue-aprobada-por-unanimidad-en-el-consejo-regional\/#primaryimage\"},\"thumbnailUrl\":\"https:\/\/fadeu.urantiacos.cl\/wp-content\/uploads\/2023\/09\/maxresdefault-1_WEB.jpg\",\"datePublished\":\"2022-03-14T14:07:00+00:00\",\"dateModified\":\"2023-09-06T14:09:17+00:00\",\"author\":{\"@id\":\"https:\/\/fadeu.urantiacos.cl\/en\/#\/schema\/person\/d203e2e84b1c40275eac77b3061a19a2\"},\"description\":\"Por unanimidad, el pasado 2 de marzo, los 16 Consejeros\/as Regionales del Consejo Regional de la Regi\u00f3n de Los Lagos votaron a favor de la aprobaci\u00f3n de la Estrategia Regional de Desarrollo Los Lagos 2030, instrumento desarrollado con el apoyo de un equipo de acad\u00e9micos\/as y profesionales de la Universidad Cat\u00f3lica, encabezado por los profesores Arturo Orellana (Instituto de Estudios Urbanos y Territoriales, IEUT) y Federico Arenas (Instituto de Geograf\u00eda), codirector y director del estudio, respectivamente.\",\"breadcrumb\":{\"@id\":\"https:\/\/fadeu.urantiacos.cl\/en\/2022\/03\/14\/estrategia-regional-de-desarrollo-formulada-con-apoyo-uc-para-los-lagos-fue-aprobada-por-unanimidad-en-el-consejo-regional\/#breadcrumb\"},\"inLanguage\":\"en-US\",\"potentialAction\":[{\"@type\":\"ReadAction\",\"target\":[\"https:\/\/fadeu.urantiacos.cl\/en\/2022\/03\/14\/estrategia-regional-de-desarrollo-formulada-con-apoyo-uc-para-los-lagos-fue-aprobada-por-unanimidad-en-el-consejo-regional\/\"]}]},{\"@type\":\"ImageObject\",\"inLanguage\":\"en-US\",\"@id\":\"https:\/\/fadeu.urantiacos.cl\/en\/2022\/03\/14\/estrategia-regional-de-desarrollo-formulada-con-apoyo-uc-para-los-lagos-fue-aprobada-por-unanimidad-en-el-consejo-regional\/#primaryimage\",\"url\":\"https:\/\/fadeu.urantiacos.cl\/wp-content\/uploads\/2023\/09\/maxresdefault-1_WEB.jpg\",\"contentUrl\":\"https:\/\/fadeu.urantiacos.cl\/wp-content\/uploads\/2023\/09\/maxresdefault-1_WEB.jpg\",\"width\":350,\"height\":250},{\"@type\":\"BreadcrumbList\",\"@id\":\"https:\/\/fadeu.urantiacos.cl\/en\/2022\/03\/14\/estrategia-regional-de-desarrollo-formulada-con-apoyo-uc-para-los-lagos-fue-aprobada-por-unanimidad-en-el-consejo-regional\/#breadcrumb\",\"itemListElement\":[{\"@type\":\"ListItem\",\"position\":1,\"name\":\"Portada\",\"item\":\"https:\/\/fadeu.urantiacos.cl\/en\/\"},{\"@type\":\"ListItem\",\"position\":2,\"name\":\"Estrategia Regional de Desarrollo formulada con apoyo UC para Los Lagos fue aprobada por unanimidad en el Consejo Regional\"}]},{\"@type\":\"WebSite\",\"@id\":\"https:\/\/fadeu.urantiacos.cl\/en\/#website\",\"url\":\"https:\/\/fadeu.urantiacos.cl\/en\/\",\"name\":\"Facultad de Arquitectura, Dise\u00f1o y Estudios Urbanos\",\"description\":\"Campus Lo Contador\",\"potentialAction\":[{\"@type\":\"SearchAction\",\"target\":{\"@type\":\"EntryPoint\",\"urlTemplate\":\"https:\/\/fadeu.urantiacos.cl\/en\/?s={search_term_string}\"},\"query-input\":{\"@type\":\"PropertyValueSpecification\",\"valueRequired\":true,\"valueName\":\"search_term_string\"}}],\"inLanguage\":\"en-US\"},{\"@type\":\"Person\",\"@id\":\"https:\/\/fadeu.urantiacos.cl\/en\/#\/schema\/person\/d203e2e84b1c40275eac77b3061a19a2\",\"name\":\"manadmin\",\"image\":{\"@type\":\"ImageObject\",\"inLanguage\":\"en-US\",\"@id\":\"https:\/\/fadeu.urantiacos.cl\/en\/#\/schema\/person\/image\/\",\"url\":\"https:\/\/secure.gravatar.com\/avatar\/4b1d8e3303b4a9d8968ac578947d8bc80d9aea359f388cdd4aac15cadc0e8447?s=96&d=mm&r=g\",\"contentUrl\":\"https:\/\/secure.gravatar.com\/avatar\/4b1d8e3303b4a9d8968ac578947d8bc80d9aea359f388cdd4aac15cadc0e8447?s=96&d=mm&r=g\",\"caption\":\"manadmin\"},\"sameAs\":[\"https:\/\/fadeu.urantiacos.cl\"]}]}<\/script>\n<!-- \/ Yoast SEO plugin. -->","yoast_head_json":{"title":"Estrategia Regional de Desarrollo formulada con apoyo UC para Los Lagos fue aprobada por unanimidad en el Consejo Regional - Facultad de Arquitectura, Dise\u00f1o y Estudios Urbanos","description":"Por unanimidad, el pasado 2 de marzo, los 16 Consejeros\/as Regionales del Consejo Regional de la Regi\u00f3n de Los Lagos votaron a favor de la aprobaci\u00f3n de la Estrategia Regional de Desarrollo Los Lagos 2030, instrumento desarrollado con el apoyo de un equipo de acad\u00e9micos\/as y profesionales de la Universidad Cat\u00f3lica, encabezado por los profesores Arturo Orellana (Instituto de Estudios Urbanos y Territoriales, IEUT) y Federico Arenas (Instituto de Geograf\u00eda), codirector y director del estudio, respectivamente.","robots":{"index":"index","follow":"follow","max-snippet":"max-snippet:-1","max-image-preview":"max-image-preview:large","max-video-preview":"max-video-preview:-1"},"canonical":"https:\/\/fadeu.urantiacos.cl\/en\/2022\/03\/14\/estrategia-regional-de-desarrollo-formulada-con-apoyo-uc-para-los-lagos-fue-aprobada-por-unanimidad-en-el-consejo-regional\/","og_locale":"en_US","og_type":"article","og_title":"Estrategia Regional de Desarrollo formulada con apoyo UC para Los Lagos fue aprobada por unanimidad en el Consejo Regional - Facultad de Arquitectura, Dise\u00f1o y Estudios Urbanos","og_description":"Por unanimidad, el pasado 2 de marzo, los 16 Consejeros\/as Regionales del Consejo Regional de la Regi\u00f3n de Los Lagos votaron a favor de la aprobaci\u00f3n de la Estrategia Regional de Desarrollo Los Lagos 2030, instrumento desarrollado con el apoyo de un equipo de acad\u00e9micos\/as y profesionales de la Universidad Cat\u00f3lica, encabezado por los profesores Arturo Orellana (Instituto de Estudios Urbanos y Territoriales, IEUT) y Federico Arenas (Instituto de Geograf\u00eda), codirector y director del estudio, respectivamente.","og_url":"https:\/\/fadeu.urantiacos.cl\/en\/2022\/03\/14\/estrategia-regional-de-desarrollo-formulada-con-apoyo-uc-para-los-lagos-fue-aprobada-por-unanimidad-en-el-consejo-regional\/","og_site_name":"Facultad de Arquitectura, Dise\u00f1o y Estudios Urbanos","article_published_time":"2022-03-14T14:07:00+00:00","article_modified_time":"2023-09-06T14:09:17+00:00","og_image":[{"width":350,"height":250,"url":"https:\/\/fadeu.urantiacos.cl\/wp-content\/uploads\/2023\/09\/maxresdefault-1_WEB.jpg","type":"image\/jpeg"}],"author":"manadmin","twitter_card":"summary_large_image","twitter_misc":{"Written by":"manadmin","Est. reading time":"5 minutes"},"schema":{"@context":"https:\/\/schema.org","@graph":[{"@type":"Article","@id":"https:\/\/fadeu.urantiacos.cl\/en\/2022\/03\/14\/estrategia-regional-de-desarrollo-formulada-con-apoyo-uc-para-los-lagos-fue-aprobada-por-unanimidad-en-el-consejo-regional\/#article","isPartOf":{"@id":"https:\/\/fadeu.urantiacos.cl\/en\/2022\/03\/14\/estrategia-regional-de-desarrollo-formulada-con-apoyo-uc-para-los-lagos-fue-aprobada-por-unanimidad-en-el-consejo-regional\/"},"author":{"name":"manadmin","@id":"https:\/\/fadeu.urantiacos.cl\/en\/#\/schema\/person\/d203e2e84b1c40275eac77b3061a19a2"},"headline":"Estrategia Regional de Desarrollo formulada con apoyo UC para Los Lagos fue aprobada por unanimidad en el Consejo Regional","datePublished":"2022-03-14T14:07:00+00:00","dateModified":"2023-09-06T14:09:17+00:00","mainEntityOfPage":{"@id":"https:\/\/fadeu.urantiacos.cl\/en\/2022\/03\/14\/estrategia-regional-de-desarrollo-formulada-con-apoyo-uc-para-los-lagos-fue-aprobada-por-unanimidad-en-el-consejo-regional\/"},"wordCount":1111,"commentCount":0,"image":{"@id":"https:\/\/fadeu.urantiacos.cl\/en\/2022\/03\/14\/estrategia-regional-de-desarrollo-formulada-con-apoyo-uc-para-los-lagos-fue-aprobada-por-unanimidad-en-el-consejo-regional\/#primaryimage"},"thumbnailUrl":"https:\/\/fadeu.urantiacos.cl\/wp-content\/uploads\/2023\/09\/maxresdefault-1_WEB.jpg","articleSection":["Sin categorizar"],"inLanguage":"en-US","potentialAction":[{"@type":"CommentAction","name":"Comment","target":["https:\/\/fadeu.urantiacos.cl\/en\/2022\/03\/14\/estrategia-regional-de-desarrollo-formulada-con-apoyo-uc-para-los-lagos-fue-aprobada-por-unanimidad-en-el-consejo-regional\/#respond"]}]},{"@type":"WebPage","@id":"https:\/\/fadeu.urantiacos.cl\/en\/2022\/03\/14\/estrategia-regional-de-desarrollo-formulada-con-apoyo-uc-para-los-lagos-fue-aprobada-por-unanimidad-en-el-consejo-regional\/","url":"https:\/\/fadeu.urantiacos.cl\/en\/2022\/03\/14\/estrategia-regional-de-desarrollo-formulada-con-apoyo-uc-para-los-lagos-fue-aprobada-por-unanimidad-en-el-consejo-regional\/","name":"Estrategia Regional de Desarrollo formulada con apoyo UC para Los Lagos fue aprobada por unanimidad en el Consejo Regional - Facultad de Arquitectura, Dise\u00f1o y Estudios Urbanos","isPartOf":{"@id":"https:\/\/fadeu.urantiacos.cl\/en\/#website"},"primaryImageOfPage":{"@id":"https:\/\/fadeu.urantiacos.cl\/en\/2022\/03\/14\/estrategia-regional-de-desarrollo-formulada-con-apoyo-uc-para-los-lagos-fue-aprobada-por-unanimidad-en-el-consejo-regional\/#primaryimage"},"image":{"@id":"https:\/\/fadeu.urantiacos.cl\/en\/2022\/03\/14\/estrategia-regional-de-desarrollo-formulada-con-apoyo-uc-para-los-lagos-fue-aprobada-por-unanimidad-en-el-consejo-regional\/#primaryimage"},"thumbnailUrl":"https:\/\/fadeu.urantiacos.cl\/wp-content\/uploads\/2023\/09\/maxresdefault-1_WEB.jpg","datePublished":"2022-03-14T14:07:00+00:00","dateModified":"2023-09-06T14:09:17+00:00","author":{"@id":"https:\/\/fadeu.urantiacos.cl\/en\/#\/schema\/person\/d203e2e84b1c40275eac77b3061a19a2"},"description":"Por unanimidad, el pasado 2 de marzo, los 16 Consejeros\/as Regionales del Consejo Regional de la Regi\u00f3n de Los Lagos votaron a favor de la aprobaci\u00f3n de la Estrategia Regional de Desarrollo Los Lagos 2030, instrumento desarrollado con el apoyo de un equipo de acad\u00e9micos\/as y profesionales de la Universidad Cat\u00f3lica, encabezado por los profesores Arturo Orellana (Instituto de Estudios Urbanos y Territoriales, IEUT) y Federico Arenas (Instituto de Geograf\u00eda), codirector y director del estudio, respectivamente.","breadcrumb":{"@id":"https:\/\/fadeu.urantiacos.cl\/en\/2022\/03\/14\/estrategia-regional-de-desarrollo-formulada-con-apoyo-uc-para-los-lagos-fue-aprobada-por-unanimidad-en-el-consejo-regional\/#breadcrumb"},"inLanguage":"en-US","potentialAction":[{"@type":"ReadAction","target":["https:\/\/fadeu.urantiacos.cl\/en\/2022\/03\/14\/estrategia-regional-de-desarrollo-formulada-con-apoyo-uc-para-los-lagos-fue-aprobada-por-unanimidad-en-el-consejo-regional\/"]}]},{"@type":"ImageObject","inLanguage":"en-US","@id":"https:\/\/fadeu.urantiacos.cl\/en\/2022\/03\/14\/estrategia-regional-de-desarrollo-formulada-con-apoyo-uc-para-los-lagos-fue-aprobada-por-unanimidad-en-el-consejo-regional\/#primaryimage","url":"https:\/\/fadeu.urantiacos.cl\/wp-content\/uploads\/2023\/09\/maxresdefault-1_WEB.jpg","contentUrl":"https:\/\/fadeu.urantiacos.cl\/wp-content\/uploads\/2023\/09\/maxresdefault-1_WEB.jpg","width":350,"height":250},{"@type":"BreadcrumbList","@id":"https:\/\/fadeu.urantiacos.cl\/en\/2022\/03\/14\/estrategia-regional-de-desarrollo-formulada-con-apoyo-uc-para-los-lagos-fue-aprobada-por-unanimidad-en-el-consejo-regional\/#breadcrumb","itemListElement":[{"@type":"ListItem","position":1,"name":"Portada","item":"https:\/\/fadeu.urantiacos.cl\/en\/"},{"@type":"ListItem","position":2,"name":"Estrategia Regional de Desarrollo formulada con apoyo UC para Los Lagos fue aprobada por unanimidad en el Consejo Regional"}]},{"@type":"WebSite","@id":"https:\/\/fadeu.urantiacos.cl\/en\/#website","url":"https:\/\/fadeu.urantiacos.cl\/en\/","name":"Facultad de Arquitectura, Dise\u00f1o y Estudios Urbanos","description":"Campus Lo Contador","potentialAction":[{"@type":"SearchAction","target":{"@type":"EntryPoint","urlTemplate":"https:\/\/fadeu.urantiacos.cl\/en\/?s={search_term_string}"},"query-input":{"@type":"PropertyValueSpecification","valueRequired":true,"valueName":"search_term_string"}}],"inLanguage":"en-US"},{"@type":"Person","@id":"https:\/\/fadeu.urantiacos.cl\/en\/#\/schema\/person\/d203e2e84b1c40275eac77b3061a19a2","name":"manadmin","image":{"@type":"ImageObject","inLanguage":"en-US","@id":"https:\/\/fadeu.urantiacos.cl\/en\/#\/schema\/person\/image\/","url":"https:\/\/secure.gravatar.com\/avatar\/4b1d8e3303b4a9d8968ac578947d8bc80d9aea359f388cdd4aac15cadc0e8447?s=96&d=mm&r=g","contentUrl":"https:\/\/secure.gravatar.com\/avatar\/4b1d8e3303b4a9d8968ac578947d8bc80d9aea359f388cdd4aac15cadc0e8447?s=96&d=mm&r=g","caption":"manadmin"},"sameAs":["https:\/\/fadeu.urantiacos.cl"]}]}},"_links":{"self":[{"href":"https:\/\/fadeu.urantiacos.cl\/en\/wp-json\/wp\/v2\/posts\/5380","targetHints":{"allow":["GET"]}}],"collection":[{"href":"https:\/\/fadeu.urantiacos.cl\/en\/wp-json\/wp\/v2\/posts"}],"about":[{"href":"https:\/\/fadeu.urantiacos.cl\/en\/wp-json\/wp\/v2\/types\/post"}],"author":[{"embeddable":true,"href":"https:\/\/fadeu.urantiacos.cl\/en\/wp-json\/wp\/v2\/users\/1"}],"replies":[{"embeddable":true,"href":"https:\/\/fadeu.urantiacos.cl\/en\/wp-json\/wp\/v2\/comments?post=5380"}],"version-history":[{"count":1,"href":"https:\/\/fadeu.urantiacos.cl\/en\/wp-json\/wp\/v2\/posts\/5380\/revisions"}],"predecessor-version":[{"id":5383,"href":"https:\/\/fadeu.urantiacos.cl\/en\/wp-json\/wp\/v2\/posts\/5380\/revisions\/5383"}],"wp:featuredmedia":[{"embeddable":true,"href":"https:\/\/fadeu.urantiacos.cl\/en\/wp-json\/wp\/v2\/media\/5381"}],"wp:attachment":[{"href":"https:\/\/fadeu.urantiacos.cl\/en\/wp-json\/wp\/v2\/media?parent=5380"}],"wp:term":[{"taxonomy":"category","embeddable":true,"href":"https:\/\/fadeu.urantiacos.cl\/en\/wp-json\/wp\/v2\/categories?post=5380"},{"taxonomy":"post_tag","embeddable":true,"href":"https:\/\/fadeu.urantiacos.cl\/en\/wp-json\/wp\/v2\/tags?post=5380"}],"curies":[{"name":"wp","href":"https:\/\/api.w.org\/{rel}","templated":true}]}}