{"id":5365,"date":"2022-03-14T10:59:00","date_gmt":"2022-03-14T13:59:00","guid":{"rendered":"https:\/\/fadeu.urantiacos.cl\/?p=5365"},"modified":"2023-10-24T14:09:09","modified_gmt":"2023-10-24T17:09:09","slug":"unidades-academicas-fadeu-recibieron-presencialmente-a-sus-estudiantes-2022","status":"publish","type":"post","link":"https:\/\/fadeu.urantiacos.cl\/en\/2022\/03\/14\/unidades-academicas-fadeu-recibieron-presencialmente-a-sus-estudiantes-2022\/","title":{"rendered":"Unidades Acad\u00e9micas FADEU recibieron presencialmente a sus estudiantes 2022"},"content":{"rendered":"\n<figure class=\"wp-block-image size-full\"><img decoding=\"async\" width=\"350\" height=\"259\" src=\"https:\/\/fadeu.urantiacos.cl\/wp-content\/uploads\/2023\/09\/WEB_PHOTO-2022-03-03-15-14-29.jpg\" alt=\"\" class=\"wp-image-5366\" srcset=\"https:\/\/fadeu.urantiacos.cl\/wp-content\/uploads\/2023\/09\/WEB_PHOTO-2022-03-03-15-14-29.jpg 350w, https:\/\/fadeu.urantiacos.cl\/wp-content\/uploads\/2023\/09\/WEB_PHOTO-2022-03-03-15-14-29-300x222.jpg 300w\" sizes=\"(max-width: 350px) 100vw, 350px\" \/><\/figure>\n\n\n\n<p>Las unidades realizaron actividades que se concentraron en una recepci\u00f3n con las direcciones respectivas y el cuerpo docente, junto con visitas guiadas por el campus para conocer salas de clases, laboratorios, espacios comunes, biblioteca y otros.<\/p>\n\n\n\n<p><strong>Escuela de Arquitectura<\/strong><\/p>\n\n\n\n<p>En el Patio de Madera del Campus Lo Contador se llev\u00f3 a cabo la ceremonia de recepci\u00f3n oficial de los\/as estudiantes 2022 de la escuela de Arquitectura, instancia que fue encabezada por el Decano de la Facultad de Arquitectura, Dise\u00f1o y Estudios Urbanos (FADEU), Mario Ubilla; el director de la escuela de Arquitectura, Luis Eduardo Bresciani; el subdirector acad\u00e9mico de la escuela, Osvaldo Moreno; autoridades, estudiantes y funcionarios y funcionarias de la escuela y la Facultad.<\/p>\n\n\n\n<p>Se trata de 160 nuevos estudiantes que ingresaron, por primera vez desde el inicio de la pandemia, en una modalidad 100% presencial, con uso de todos los espacios del campus, salas de clase, laboratorios, patios y salas de reuni\u00f3n.<\/p>\n\n\n\n<p>\u201cGracias por confiar en nuestra escuela, en nuestra Facultad, y gracias por incorporarse a una escuela de Arquitectura que va a cumplir 128 a\u00f1os, confiando en una persistente manera de percibir y construir el mundo\u201d, fueron las primeras palabras con las que el Decano FADEU UC, Mario Ubilla abri\u00f3 su discurso.<\/p>\n\n\n\n<p>\u201cLa arquitectura es una profesi\u00f3n y una disciplina sublime, que nos da la posibilidad de dar casa al hombre, de construir el buen habitar, y de la construcci\u00f3n y amplitud de todo espacio imaginable. En este sentido, mi llamado es a no agotar las ganas y enfrentar el rigor de la disciplina siempre con entusiasmo, curiosidad y ganas de atravesar diversos saberes a trav\u00e9s de tantos y tantas profesores y profesoras con quienes tendr\u00e1n la oportunidad de formarse\u201d, agreg\u00f3.<\/p>\n\n\n\n<p>Por su parte, el director de la escuela de Arquitectura, Luis Eduardo Bresciani, sostuvo que \u201custedes llegan en un momento expectante, en una apertura total luego de dos a\u00f1os de muchas restricciones, lo que es muy importante porque no es solamente cambiar la forma de estudiar, sino porque esta es una carrera en la que se aprende mucho de la propia interacci\u00f3n con sus compa\u00f1eros y compa\u00f1eras, de las novedades que vayan descubriendo y de los intereses que cada uno\/a trae a nuestra escuela\u201d.<\/p>\n\n\n\n<p>Bresciani agreg\u00f3, adem\u00e1s, que \u201ca ustedes les va a tocar resolver los grandes problemas que enfrenta la ciudad contempor\u00e1nea en las pr\u00f3ximas d\u00e9cadas. Cambio clim\u00e1tico, crisis social y desigualdades, crisis pol\u00edtica y econ\u00f3mica global, y migraci\u00f3n, situaciones todas que se resuelven o que impactan finalmente en el lugar que habitamos, por ende, la invitaci\u00f3n es a que se hagan preguntas complejas para resolver problemas complejos y contempor\u00e1neos\u201d.<\/p>\n\n\n\n<p><strong>Escuela de Dise\u00f1o<\/strong><\/p>\n\n\n\n<p>Retomando la tradici\u00f3n, este primer semestre se realiz\u00f3 la Bienvenida Novata 2022-1 con todos los estudiantes reunidos en el Auditorio FADEU. En una sencilla y simb\u00f3lica ceremonia, los participantes pudieron conocer a los docentes que los acompa\u00f1ar\u00e1n durante su vida universitaria, adem\u00e1s de interiorizarse sobre aspectos del nuevo plan de estudio que entra en vigencia este semestre junto con la nueva generaci\u00f3n que se integra.<\/p>\n\n\n\n<p>El decano de la Facultad de Arquitectura, Dise\u00f1o y Estudios Urbanos, Mario Ubilla y el Director de Dise\u00f1o, Rodrigo Ram\u00edrez, fueron los encargados de abrir la actividad con palabras de bienvenidas, en las que se hizo \u00e9nfasis justamente en la presencialidad y el nuevo contexto que le tocar\u00e1 asumir a una nueva generaci\u00f3n de dise\u00f1adores.<\/p>\n\n\n\n<p>\u201cEl nuevo contexto interpela al dise\u00f1ador a entregar respuestas oportunas, que de base debiesen incorporar variables de sustentabilidad, g\u00e9nero y localidad. Miradas cr\u00edticas que nos permitan aportar en la construcci\u00f3n de futuro\u201d, sostuvo Rodrigo Ram\u00edrez, director de la escuela de Dise\u00f1o (Fuente: Web oficial escuela de Dise\u00f1o UC).<\/p>\n\n\n\n<p><strong>Instituto de Estudios Urbanos y Territoriales&nbsp;<\/strong><\/p>\n\n\n\n<p>En el caso del IEUT, un total de diecinueve estudiantes ingresaron este 2022 a los programas de Mag\u00edster. Se trata de once estudiantes que ingresan al Mag\u00edster en Desarrollo Urbano (cinco articulados desde el pregrado en Planificaci\u00f3n Urbana y seis que ingresan directamente) y ocho estudiantes que inician sus estudios de postgrado en el Mag\u00edster en Asentamientos Humanos y Medio Ambiente.<\/p>\n\n\n\n<p>La recepci\u00f3n de los nuevos estudiantes se realiz\u00f3 en la terraza del cuarto piso de edificio que alberga al IEUT UC y fue encabezada por la Direcci\u00f3n de la unidad acad\u00e9mica, a trav\u00e9s del director Luis Fuentes; el subdirector Acad\u00e9mico, Felipe Link; y los subdirectores de pre y postgrado, Kay Bergamini y Caroline Stamm, respectivamente, adem\u00e1s de docentes, investigadores\/as y funcionarios de la unidad acad\u00e9mica.<\/p>\n\n\n\n<p>\u201cEstamos muy contentos de recibirlos, sobre todo despu\u00e9s de dos a\u00f1os de clases online, y en ese sentido es muy emocionante volver a la presencialidad, a poder compartir ideas en el d\u00eda a d\u00eda y a poder vernos m\u00e1s cercanamente\u201d, sostuvo el director IEUT UC, Luis Fuentes.<\/p>\n\n\n\n<p>A lo anterior, agreg\u00f3 que \u201cnuestro Instituto carga una historia importante, con dos programas de mag\u00edster de mucho prestigio en Chile y Latinoam\u00e9rica, que se articulan con un quehacer en el que es muy importante la investigaci\u00f3n acad\u00e9mica y tambi\u00e9n la vinculaci\u00f3n con la pol\u00edtica p\u00fablica\u201d.<\/p>\n\n\n\n<p>\u201cToda actividad de extensi\u00f3n, investigaci\u00f3n, encuentros, charlas, visitas y otras instancias son tambi\u00e9n parte importante del proceso de estudio y son esas instancias tambi\u00e9n momentos importantes que deben ser aprovechados para crecer, conversar, dialogar e intercambiar ideas, lo mismo que vincularse con los profesores a trav\u00e9s de sus diversas l\u00edneas de investigaci\u00f3n y nutrirse, finalmente, de un cuerpo de docentes e investigadores interdisciplinario, que ha sido tambi\u00e9n uno de los sellos de nuestra unidad acad\u00e9mica\u201d, agreg\u00f3.<\/p>\n\n\n\n<figure class=\"wp-block-image size-large\"><img decoding=\"async\" width=\"1024\" height=\"766\" src=\"https:\/\/fadeu.urantiacos.cl\/wp-content\/uploads\/2023\/09\/PHOTO-2022-03-03-15-14-29-1024x766.jpg\" alt=\"\" class=\"wp-image-5367\" srcset=\"https:\/\/fadeu.urantiacos.cl\/wp-content\/uploads\/2023\/09\/PHOTO-2022-03-03-15-14-29-1024x766.jpg 1024w, https:\/\/fadeu.urantiacos.cl\/wp-content\/uploads\/2023\/09\/PHOTO-2022-03-03-15-14-29-300x225.jpg 300w, https:\/\/fadeu.urantiacos.cl\/wp-content\/uploads\/2023\/09\/PHOTO-2022-03-03-15-14-29-768x575.jpg 768w, https:\/\/fadeu.urantiacos.cl\/wp-content\/uploads\/2023\/09\/PHOTO-2022-03-03-15-14-29.jpg 1280w\" sizes=\"(max-width: 1024px) 100vw, 1024px\" \/><\/figure>\n\n\n\n<figure class=\"wp-block-image size-full is-resized\"><img decoding=\"async\" width=\"1024\" height=\"784\" src=\"https:\/\/fadeu.urantiacos.cl\/wp-content\/uploads\/2023\/10\/WEB_Captura_de_Pantalla_2022-03-14_a_las_15.46.48-1024x784-1.jpg\" alt=\"\" class=\"wp-image-17834\" style=\"width:1051px;height:784px\" srcset=\"https:\/\/fadeu.urantiacos.cl\/wp-content\/uploads\/2023\/10\/WEB_Captura_de_Pantalla_2022-03-14_a_las_15.46.48-1024x784-1.jpg 1024w, https:\/\/fadeu.urantiacos.cl\/wp-content\/uploads\/2023\/10\/WEB_Captura_de_Pantalla_2022-03-14_a_las_15.46.48-1024x784-1-300x230.jpg 300w, https:\/\/fadeu.urantiacos.cl\/wp-content\/uploads\/2023\/10\/WEB_Captura_de_Pantalla_2022-03-14_a_las_15.46.48-1024x784-1-768x588.jpg 768w\" sizes=\"(max-width: 1024px) 100vw, 1024px\" \/><\/figure>\n\n\n\n<figure class=\"wp-block-image size-large\"><img decoding=\"async\" width=\"1024\" height=\"768\" src=\"https:\/\/fadeu.urantiacos.cl\/wp-content\/uploads\/2023\/09\/IMG_1729-1024x768.jpg\" alt=\"\" class=\"wp-image-5369\" srcset=\"https:\/\/fadeu.urantiacos.cl\/wp-content\/uploads\/2023\/09\/IMG_1729-1024x768.jpg 1024w, https:\/\/fadeu.urantiacos.cl\/wp-content\/uploads\/2023\/09\/IMG_1729-300x225.jpg 300w, https:\/\/fadeu.urantiacos.cl\/wp-content\/uploads\/2023\/09\/IMG_1729-768x576.jpg 768w, https:\/\/fadeu.urantiacos.cl\/wp-content\/uploads\/2023\/09\/IMG_1729-1536x1152.jpg 1536w, https:\/\/fadeu.urantiacos.cl\/wp-content\/uploads\/2023\/09\/IMG_1729.jpg 1600w\" sizes=\"(max-width: 1024px) 100vw, 1024px\" \/><\/figure>\n","protected":false},"excerpt":{"rendered":"<p>Luego de casi dos a\u00f1os de restricciones de movilidad y aforos, producto de la pandemia por COVID-19, las escuelas de Arquitectura y Dise\u00f1o, junto con el Instituto de Estudios Urbanos y Territoriales, recibieron a sus nuevos estudiantes, en actos 100% presenciales.<\/p>\n","protected":false},"author":1,"featured_media":5366,"comment_status":"open","ping_status":"open","sticky":false,"template":"","format":"standard","meta":{"_acf_changed":false,"footnotes":""},"categories":[1],"tags":[],"class_list":["post-5365","post","type-post","status-publish","format-standard","has-post-thumbnail","hentry","category-sin-categorizar"],"acf":[],"yoast_head":"<!-- This site is optimized with the Yoast SEO plugin v27.1.1 - https:\/\/yoast.com\/product\/yoast-seo-wordpress\/ -->\n<title>Unidades Acad\u00e9micas FADEU recibieron presencialmente a sus estudiantes 2022 - Facultad de Arquitectura, Dise\u00f1o y Estudios Urbanos<\/title>\n<meta name=\"description\" content=\"Luego de casi dos a\u00f1os de restricciones de movilidad y aforos, producto de la pandemia por COVID-19, las escuelas de Arquitectura y Dise\u00f1o, junto con el Instituto de Estudios Urbanos y Territoriales, recibieron a sus nuevos estudiantes, en actos 100% presenciales.\" \/>\n<meta name=\"robots\" content=\"index, follow, max-snippet:-1, max-image-preview:large, max-video-preview:-1\" \/>\n<link rel=\"canonical\" href=\"https:\/\/fadeu.urantiacos.cl\/en\/2022\/03\/14\/unidades-academicas-fadeu-recibieron-presencialmente-a-sus-estudiantes-2022\/\" \/>\n<meta property=\"og:locale\" content=\"en_US\" \/>\n<meta property=\"og:type\" content=\"article\" \/>\n<meta property=\"og:title\" content=\"Unidades Acad\u00e9micas FADEU recibieron presencialmente a sus estudiantes 2022 - Facultad de Arquitectura, Dise\u00f1o y Estudios Urbanos\" \/>\n<meta property=\"og:description\" content=\"Luego de casi dos a\u00f1os de restricciones de movilidad y aforos, producto de la pandemia por COVID-19, las escuelas de Arquitectura y Dise\u00f1o, junto con el Instituto de Estudios Urbanos y Territoriales, recibieron a sus nuevos estudiantes, en actos 100% presenciales.\" \/>\n<meta property=\"og:url\" content=\"https:\/\/fadeu.urantiacos.cl\/en\/2022\/03\/14\/unidades-academicas-fadeu-recibieron-presencialmente-a-sus-estudiantes-2022\/\" \/>\n<meta property=\"og:site_name\" content=\"Facultad de Arquitectura, Dise\u00f1o y Estudios Urbanos\" \/>\n<meta property=\"article:published_time\" content=\"2022-03-14T13:59:00+00:00\" \/>\n<meta property=\"article:modified_time\" content=\"2023-10-24T17:09:09+00:00\" \/>\n<meta property=\"og:image\" content=\"https:\/\/fadeu.urantiacos.cl\/wp-content\/uploads\/2023\/09\/WEB_PHOTO-2022-03-03-15-14-29.jpg\" \/>\n\t<meta property=\"og:image:width\" content=\"350\" \/>\n\t<meta property=\"og:image:height\" content=\"259\" \/>\n\t<meta property=\"og:image:type\" content=\"image\/jpeg\" \/>\n<meta name=\"author\" content=\"manadmin\" \/>\n<meta name=\"twitter:card\" content=\"summary_large_image\" \/>\n<meta name=\"twitter:label1\" content=\"Written by\" \/>\n\t<meta name=\"twitter:data1\" content=\"manadmin\" \/>\n\t<meta name=\"twitter:label2\" content=\"Est. reading time\" \/>\n\t<meta name=\"twitter:data2\" content=\"5 minutes\" \/>\n<script type=\"application\/ld+json\" class=\"yoast-schema-graph\">{\"@context\":\"https:\/\/schema.org\",\"@graph\":[{\"@type\":\"Article\",\"@id\":\"https:\/\/fadeu.urantiacos.cl\/en\/2022\/03\/14\/unidades-academicas-fadeu-recibieron-presencialmente-a-sus-estudiantes-2022\/#article\",\"isPartOf\":{\"@id\":\"https:\/\/fadeu.urantiacos.cl\/en\/2022\/03\/14\/unidades-academicas-fadeu-recibieron-presencialmente-a-sus-estudiantes-2022\/\"},\"author\":{\"name\":\"manadmin\",\"@id\":\"https:\/\/fadeu.urantiacos.cl\/en\/#\/schema\/person\/d203e2e84b1c40275eac77b3061a19a2\"},\"headline\":\"Unidades Acad\u00e9micas FADEU recibieron presencialmente a sus estudiantes 2022\",\"datePublished\":\"2022-03-14T13:59:00+00:00\",\"dateModified\":\"2023-10-24T17:09:09+00:00\",\"mainEntityOfPage\":{\"@id\":\"https:\/\/fadeu.urantiacos.cl\/en\/2022\/03\/14\/unidades-academicas-fadeu-recibieron-presencialmente-a-sus-estudiantes-2022\/\"},\"wordCount\":991,\"commentCount\":0,\"image\":{\"@id\":\"https:\/\/fadeu.urantiacos.cl\/en\/2022\/03\/14\/unidades-academicas-fadeu-recibieron-presencialmente-a-sus-estudiantes-2022\/#primaryimage\"},\"thumbnailUrl\":\"https:\/\/fadeu.urantiacos.cl\/wp-content\/uploads\/2023\/09\/WEB_PHOTO-2022-03-03-15-14-29.jpg\",\"articleSection\":[\"Sin categorizar\"],\"inLanguage\":\"en-US\",\"potentialAction\":[{\"@type\":\"CommentAction\",\"name\":\"Comment\",\"target\":[\"https:\/\/fadeu.urantiacos.cl\/en\/2022\/03\/14\/unidades-academicas-fadeu-recibieron-presencialmente-a-sus-estudiantes-2022\/#respond\"]}]},{\"@type\":\"WebPage\",\"@id\":\"https:\/\/fadeu.urantiacos.cl\/en\/2022\/03\/14\/unidades-academicas-fadeu-recibieron-presencialmente-a-sus-estudiantes-2022\/\",\"url\":\"https:\/\/fadeu.urantiacos.cl\/en\/2022\/03\/14\/unidades-academicas-fadeu-recibieron-presencialmente-a-sus-estudiantes-2022\/\",\"name\":\"Unidades Acad\u00e9micas FADEU recibieron presencialmente a sus estudiantes 2022 - Facultad de Arquitectura, Dise\u00f1o y Estudios Urbanos\",\"isPartOf\":{\"@id\":\"https:\/\/fadeu.urantiacos.cl\/en\/#website\"},\"primaryImageOfPage\":{\"@id\":\"https:\/\/fadeu.urantiacos.cl\/en\/2022\/03\/14\/unidades-academicas-fadeu-recibieron-presencialmente-a-sus-estudiantes-2022\/#primaryimage\"},\"image\":{\"@id\":\"https:\/\/fadeu.urantiacos.cl\/en\/2022\/03\/14\/unidades-academicas-fadeu-recibieron-presencialmente-a-sus-estudiantes-2022\/#primaryimage\"},\"thumbnailUrl\":\"https:\/\/fadeu.urantiacos.cl\/wp-content\/uploads\/2023\/09\/WEB_PHOTO-2022-03-03-15-14-29.jpg\",\"datePublished\":\"2022-03-14T13:59:00+00:00\",\"dateModified\":\"2023-10-24T17:09:09+00:00\",\"author\":{\"@id\":\"https:\/\/fadeu.urantiacos.cl\/en\/#\/schema\/person\/d203e2e84b1c40275eac77b3061a19a2\"},\"description\":\"Luego de casi dos a\u00f1os de restricciones de movilidad y aforos, producto de la pandemia por COVID-19, las escuelas de Arquitectura y Dise\u00f1o, junto con el Instituto de Estudios Urbanos y Territoriales, recibieron a sus nuevos estudiantes, en actos 100% presenciales.\",\"breadcrumb\":{\"@id\":\"https:\/\/fadeu.urantiacos.cl\/en\/2022\/03\/14\/unidades-academicas-fadeu-recibieron-presencialmente-a-sus-estudiantes-2022\/#breadcrumb\"},\"inLanguage\":\"en-US\",\"potentialAction\":[{\"@type\":\"ReadAction\",\"target\":[\"https:\/\/fadeu.urantiacos.cl\/en\/2022\/03\/14\/unidades-academicas-fadeu-recibieron-presencialmente-a-sus-estudiantes-2022\/\"]}]},{\"@type\":\"ImageObject\",\"inLanguage\":\"en-US\",\"@id\":\"https:\/\/fadeu.urantiacos.cl\/en\/2022\/03\/14\/unidades-academicas-fadeu-recibieron-presencialmente-a-sus-estudiantes-2022\/#primaryimage\",\"url\":\"https:\/\/fadeu.urantiacos.cl\/wp-content\/uploads\/2023\/09\/WEB_PHOTO-2022-03-03-15-14-29.jpg\",\"contentUrl\":\"https:\/\/fadeu.urantiacos.cl\/wp-content\/uploads\/2023\/09\/WEB_PHOTO-2022-03-03-15-14-29.jpg\",\"width\":350,\"height\":259},{\"@type\":\"BreadcrumbList\",\"@id\":\"https:\/\/fadeu.urantiacos.cl\/en\/2022\/03\/14\/unidades-academicas-fadeu-recibieron-presencialmente-a-sus-estudiantes-2022\/#breadcrumb\",\"itemListElement\":[{\"@type\":\"ListItem\",\"position\":1,\"name\":\"Portada\",\"item\":\"https:\/\/fadeu.urantiacos.cl\/en\/\"},{\"@type\":\"ListItem\",\"position\":2,\"name\":\"Unidades Acad\u00e9micas FADEU recibieron presencialmente a sus estudiantes 2022\"}]},{\"@type\":\"WebSite\",\"@id\":\"https:\/\/fadeu.urantiacos.cl\/en\/#website\",\"url\":\"https:\/\/fadeu.urantiacos.cl\/en\/\",\"name\":\"Facultad de Arquitectura, Dise\u00f1o y Estudios Urbanos\",\"description\":\"Campus Lo Contador\",\"potentialAction\":[{\"@type\":\"SearchAction\",\"target\":{\"@type\":\"EntryPoint\",\"urlTemplate\":\"https:\/\/fadeu.urantiacos.cl\/en\/?s={search_term_string}\"},\"query-input\":{\"@type\":\"PropertyValueSpecification\",\"valueRequired\":true,\"valueName\":\"search_term_string\"}}],\"inLanguage\":\"en-US\"},{\"@type\":\"Person\",\"@id\":\"https:\/\/fadeu.urantiacos.cl\/en\/#\/schema\/person\/d203e2e84b1c40275eac77b3061a19a2\",\"name\":\"manadmin\",\"image\":{\"@type\":\"ImageObject\",\"inLanguage\":\"en-US\",\"@id\":\"https:\/\/fadeu.urantiacos.cl\/en\/#\/schema\/person\/image\/\",\"url\":\"https:\/\/secure.gravatar.com\/avatar\/4b1d8e3303b4a9d8968ac578947d8bc80d9aea359f388cdd4aac15cadc0e8447?s=96&d=mm&r=g\",\"contentUrl\":\"https:\/\/secure.gravatar.com\/avatar\/4b1d8e3303b4a9d8968ac578947d8bc80d9aea359f388cdd4aac15cadc0e8447?s=96&d=mm&r=g\",\"caption\":\"manadmin\"},\"sameAs\":[\"https:\/\/fadeu.urantiacos.cl\"]}]}<\/script>\n<!-- \/ Yoast SEO plugin. -->","yoast_head_json":{"title":"Unidades Acad\u00e9micas FADEU recibieron presencialmente a sus estudiantes 2022 - Facultad de Arquitectura, Dise\u00f1o y Estudios Urbanos","description":"Luego de casi dos a\u00f1os de restricciones de movilidad y aforos, producto de la pandemia por COVID-19, las escuelas de Arquitectura y Dise\u00f1o, junto con el Instituto de Estudios Urbanos y Territoriales, recibieron a sus nuevos estudiantes, en actos 100% presenciales.","robots":{"index":"index","follow":"follow","max-snippet":"max-snippet:-1","max-image-preview":"max-image-preview:large","max-video-preview":"max-video-preview:-1"},"canonical":"https:\/\/fadeu.urantiacos.cl\/en\/2022\/03\/14\/unidades-academicas-fadeu-recibieron-presencialmente-a-sus-estudiantes-2022\/","og_locale":"en_US","og_type":"article","og_title":"Unidades Acad\u00e9micas FADEU recibieron presencialmente a sus estudiantes 2022 - Facultad de Arquitectura, Dise\u00f1o y Estudios Urbanos","og_description":"Luego de casi dos a\u00f1os de restricciones de movilidad y aforos, producto de la pandemia por COVID-19, las escuelas de Arquitectura y Dise\u00f1o, junto con el Instituto de Estudios Urbanos y Territoriales, recibieron a sus nuevos estudiantes, en actos 100% presenciales.","og_url":"https:\/\/fadeu.urantiacos.cl\/en\/2022\/03\/14\/unidades-academicas-fadeu-recibieron-presencialmente-a-sus-estudiantes-2022\/","og_site_name":"Facultad de Arquitectura, Dise\u00f1o y Estudios Urbanos","article_published_time":"2022-03-14T13:59:00+00:00","article_modified_time":"2023-10-24T17:09:09+00:00","og_image":[{"width":350,"height":259,"url":"https:\/\/fadeu.urantiacos.cl\/wp-content\/uploads\/2023\/09\/WEB_PHOTO-2022-03-03-15-14-29.jpg","type":"image\/jpeg"}],"author":"manadmin","twitter_card":"summary_large_image","twitter_misc":{"Written by":"manadmin","Est. reading time":"5 minutes"},"schema":{"@context":"https:\/\/schema.org","@graph":[{"@type":"Article","@id":"https:\/\/fadeu.urantiacos.cl\/en\/2022\/03\/14\/unidades-academicas-fadeu-recibieron-presencialmente-a-sus-estudiantes-2022\/#article","isPartOf":{"@id":"https:\/\/fadeu.urantiacos.cl\/en\/2022\/03\/14\/unidades-academicas-fadeu-recibieron-presencialmente-a-sus-estudiantes-2022\/"},"author":{"name":"manadmin","@id":"https:\/\/fadeu.urantiacos.cl\/en\/#\/schema\/person\/d203e2e84b1c40275eac77b3061a19a2"},"headline":"Unidades Acad\u00e9micas FADEU recibieron presencialmente a sus estudiantes 2022","datePublished":"2022-03-14T13:59:00+00:00","dateModified":"2023-10-24T17:09:09+00:00","mainEntityOfPage":{"@id":"https:\/\/fadeu.urantiacos.cl\/en\/2022\/03\/14\/unidades-academicas-fadeu-recibieron-presencialmente-a-sus-estudiantes-2022\/"},"wordCount":991,"commentCount":0,"image":{"@id":"https:\/\/fadeu.urantiacos.cl\/en\/2022\/03\/14\/unidades-academicas-fadeu-recibieron-presencialmente-a-sus-estudiantes-2022\/#primaryimage"},"thumbnailUrl":"https:\/\/fadeu.urantiacos.cl\/wp-content\/uploads\/2023\/09\/WEB_PHOTO-2022-03-03-15-14-29.jpg","articleSection":["Sin categorizar"],"inLanguage":"en-US","potentialAction":[{"@type":"CommentAction","name":"Comment","target":["https:\/\/fadeu.urantiacos.cl\/en\/2022\/03\/14\/unidades-academicas-fadeu-recibieron-presencialmente-a-sus-estudiantes-2022\/#respond"]}]},{"@type":"WebPage","@id":"https:\/\/fadeu.urantiacos.cl\/en\/2022\/03\/14\/unidades-academicas-fadeu-recibieron-presencialmente-a-sus-estudiantes-2022\/","url":"https:\/\/fadeu.urantiacos.cl\/en\/2022\/03\/14\/unidades-academicas-fadeu-recibieron-presencialmente-a-sus-estudiantes-2022\/","name":"Unidades Acad\u00e9micas FADEU recibieron presencialmente a sus estudiantes 2022 - Facultad de Arquitectura, Dise\u00f1o y Estudios Urbanos","isPartOf":{"@id":"https:\/\/fadeu.urantiacos.cl\/en\/#website"},"primaryImageOfPage":{"@id":"https:\/\/fadeu.urantiacos.cl\/en\/2022\/03\/14\/unidades-academicas-fadeu-recibieron-presencialmente-a-sus-estudiantes-2022\/#primaryimage"},"image":{"@id":"https:\/\/fadeu.urantiacos.cl\/en\/2022\/03\/14\/unidades-academicas-fadeu-recibieron-presencialmente-a-sus-estudiantes-2022\/#primaryimage"},"thumbnailUrl":"https:\/\/fadeu.urantiacos.cl\/wp-content\/uploads\/2023\/09\/WEB_PHOTO-2022-03-03-15-14-29.jpg","datePublished":"2022-03-14T13:59:00+00:00","dateModified":"2023-10-24T17:09:09+00:00","author":{"@id":"https:\/\/fadeu.urantiacos.cl\/en\/#\/schema\/person\/d203e2e84b1c40275eac77b3061a19a2"},"description":"Luego de casi dos a\u00f1os de restricciones de movilidad y aforos, producto de la pandemia por COVID-19, las escuelas de Arquitectura y Dise\u00f1o, junto con el Instituto de Estudios Urbanos y Territoriales, recibieron a sus nuevos estudiantes, en actos 100% presenciales.","breadcrumb":{"@id":"https:\/\/fadeu.urantiacos.cl\/en\/2022\/03\/14\/unidades-academicas-fadeu-recibieron-presencialmente-a-sus-estudiantes-2022\/#breadcrumb"},"inLanguage":"en-US","potentialAction":[{"@type":"ReadAction","target":["https:\/\/fadeu.urantiacos.cl\/en\/2022\/03\/14\/unidades-academicas-fadeu-recibieron-presencialmente-a-sus-estudiantes-2022\/"]}]},{"@type":"ImageObject","inLanguage":"en-US","@id":"https:\/\/fadeu.urantiacos.cl\/en\/2022\/03\/14\/unidades-academicas-fadeu-recibieron-presencialmente-a-sus-estudiantes-2022\/#primaryimage","url":"https:\/\/fadeu.urantiacos.cl\/wp-content\/uploads\/2023\/09\/WEB_PHOTO-2022-03-03-15-14-29.jpg","contentUrl":"https:\/\/fadeu.urantiacos.cl\/wp-content\/uploads\/2023\/09\/WEB_PHOTO-2022-03-03-15-14-29.jpg","width":350,"height":259},{"@type":"BreadcrumbList","@id":"https:\/\/fadeu.urantiacos.cl\/en\/2022\/03\/14\/unidades-academicas-fadeu-recibieron-presencialmente-a-sus-estudiantes-2022\/#breadcrumb","itemListElement":[{"@type":"ListItem","position":1,"name":"Portada","item":"https:\/\/fadeu.urantiacos.cl\/en\/"},{"@type":"ListItem","position":2,"name":"Unidades Acad\u00e9micas FADEU recibieron presencialmente a sus estudiantes 2022"}]},{"@type":"WebSite","@id":"https:\/\/fadeu.urantiacos.cl\/en\/#website","url":"https:\/\/fadeu.urantiacos.cl\/en\/","name":"Facultad de Arquitectura, Dise\u00f1o y Estudios Urbanos","description":"Campus Lo Contador","potentialAction":[{"@type":"SearchAction","target":{"@type":"EntryPoint","urlTemplate":"https:\/\/fadeu.urantiacos.cl\/en\/?s={search_term_string}"},"query-input":{"@type":"PropertyValueSpecification","valueRequired":true,"valueName":"search_term_string"}}],"inLanguage":"en-US"},{"@type":"Person","@id":"https:\/\/fadeu.urantiacos.cl\/en\/#\/schema\/person\/d203e2e84b1c40275eac77b3061a19a2","name":"manadmin","image":{"@type":"ImageObject","inLanguage":"en-US","@id":"https:\/\/fadeu.urantiacos.cl\/en\/#\/schema\/person\/image\/","url":"https:\/\/secure.gravatar.com\/avatar\/4b1d8e3303b4a9d8968ac578947d8bc80d9aea359f388cdd4aac15cadc0e8447?s=96&d=mm&r=g","contentUrl":"https:\/\/secure.gravatar.com\/avatar\/4b1d8e3303b4a9d8968ac578947d8bc80d9aea359f388cdd4aac15cadc0e8447?s=96&d=mm&r=g","caption":"manadmin"},"sameAs":["https:\/\/fadeu.urantiacos.cl"]}]}},"_links":{"self":[{"href":"https:\/\/fadeu.urantiacos.cl\/en\/wp-json\/wp\/v2\/posts\/5365","targetHints":{"allow":["GET"]}}],"collection":[{"href":"https:\/\/fadeu.urantiacos.cl\/en\/wp-json\/wp\/v2\/posts"}],"about":[{"href":"https:\/\/fadeu.urantiacos.cl\/en\/wp-json\/wp\/v2\/types\/post"}],"author":[{"embeddable":true,"href":"https:\/\/fadeu.urantiacos.cl\/en\/wp-json\/wp\/v2\/users\/1"}],"replies":[{"embeddable":true,"href":"https:\/\/fadeu.urantiacos.cl\/en\/wp-json\/wp\/v2\/comments?post=5365"}],"version-history":[{"count":2,"href":"https:\/\/fadeu.urantiacos.cl\/en\/wp-json\/wp\/v2\/posts\/5365\/revisions"}],"predecessor-version":[{"id":17835,"href":"https:\/\/fadeu.urantiacos.cl\/en\/wp-json\/wp\/v2\/posts\/5365\/revisions\/17835"}],"wp:featuredmedia":[{"embeddable":true,"href":"https:\/\/fadeu.urantiacos.cl\/en\/wp-json\/wp\/v2\/media\/5366"}],"wp:attachment":[{"href":"https:\/\/fadeu.urantiacos.cl\/en\/wp-json\/wp\/v2\/media?parent=5365"}],"wp:term":[{"taxonomy":"category","embeddable":true,"href":"https:\/\/fadeu.urantiacos.cl\/en\/wp-json\/wp\/v2\/categories?post=5365"},{"taxonomy":"post_tag","embeddable":true,"href":"https:\/\/fadeu.urantiacos.cl\/en\/wp-json\/wp\/v2\/tags?post=5365"}],"curies":[{"name":"wp","href":"https:\/\/api.w.org\/{rel}","templated":true}]}}